{"id":15749,"date":"2025-06-09T18:00:13","date_gmt":"2025-06-10T00:00:13","guid":{"rendered":"https:\/\/www.nexoinformativo.mx\/?p=15749"},"modified":"2025-06-09T21:37:08","modified_gmt":"2025-06-10T03:37:08","slug":"unidos-contra-la-lluvia-queretaro-y-guanajuato-refuerzan-colaboracion-ante-temporada-de-huracanes","status":"publish","type":"post","link":"https:\/\/www.nexoinformativo.mx\/index.php\/2025\/06\/09\/unidos-contra-la-lluvia-queretaro-y-guanajuato-refuerzan-colaboracion-ante-temporada-de-huracanes\/","title":{"rendered":"Unidos contra la lluvia Quer\u00e9taro y Guanajuato refuerzan colaboraci\u00f3n ante temporada de huracanes"},"content":{"rendered":"<p style=\"text-align: justify;\" data-sourcepos=\"5:1-5:422\">Con el objetivo de proteger a sus ciudadanos ante la inminente temporada de lluvias, autoridades estatales, municipales y de Protecci\u00f3n Civil de Quer\u00e9taro sostuvieron una importante reuni\u00f3n con sus hom\u00f3logos de Guanajuato.<\/p>\n<p>&nbsp;<\/p>\n<p style=\"text-align: justify;\" data-sourcepos=\"7:1-7:391\">Carlos Alcaraz, Secretario de Gobierno de Quer\u00e9taro, agradeci\u00f3 la disposici\u00f3n de Guanajuato para establecer una mesa de trabajo. Esta colaboraci\u00f3n permitir\u00e1 el intercambio de informaci\u00f3n y el seguimiento de acciones para fortalecer las \u00e1reas de oportunidad y responder eficazmente a posibles escenarios de riesgo, con la participaci\u00f3n de todos los \u00f3rdenes de gobierno.<\/p>\n<p>&nbsp;<\/p>\n<p style=\"text-align: justify;\" data-sourcepos=\"7:1-7:391\">Javier Amaya Torres, director general de la Coordinaci\u00f3n Estatal de Protecci\u00f3n Civil de Quer\u00e9taro (CEPCQ), present\u00f3 las condiciones actuales de los cuerpos de agua en la zona metropolitana. Puntualiz\u00f3 que a colaboraci\u00f3n conjunta es fundamental para el beneficio de la poblaci\u00f3n de ambas entidades.<\/p>\n<p>&nbsp;<\/p>\n<p style=\"text-align: justify;\" data-sourcepos=\"7:1-7:391\">Por su parte, Luis Antonio G\u00fcereca, titular de Protecci\u00f3n Civil de Guanajuato, enfatiz\u00f3 la importancia de la participaci\u00f3n activa de la ciudadan\u00eda en las acciones preventivas. Hizo un llamado a evitar tirar basura en las calles<\/p>\n<p>&nbsp;<\/p>\n<p style=\"text-align: justify;\" data-sourcepos=\"7:1-7:391\">Finalmente, Jorge Jim\u00e9nez Lona, Secretario de Gobierno de Guanajuato, reconoci\u00f3 las acciones preventivas realizadas por el gobierno de Quer\u00e9taro para esta temporada y reiter\u00f3 su disposici\u00f3n para trabajar de manera conjunta en favor de la seguridad y el bienestar de la ciudadan\u00eda.<\/p>\n<p>&nbsp;<\/p>\n<p style=\"text-align: justify;\" data-sourcepos=\"7:1-7:391\">Tambi\u00e9n asisti\u00f3 Luis Alberto Vega, Vocal Ejecutivo de la Comisi\u00f3n Estatal de Aguas (CEA), as\u00ed como los secretarios de Gobierno de los municipios de Quer\u00e9taro, Corregidora y El Marqu\u00e9s, y los titulares de Protecci\u00f3n Civil de estos municipios.<\/p>\n<p>&nbsp;<\/p>\n<p style=\"text-align: center;\" data-sourcepos=\"7:1-7:391\"><em><strong>\u00a1Informaci\u00f3n que transforma!<\/strong><\/em><\/p>\n","protected":false},"excerpt":{"rendered":"<p>Con el objetivo de proteger a sus ciudadanos ante la inminente temporada de lluvias, autoridades estatales, municipales y de Protecci\u00f3n Civil de Quer\u00e9taro sostuvieron una importante reuni\u00f3n con sus hom\u00f3logos de Guanajuato.<\/p>\n","protected":false},"author":3,"featured_media":15750,"comment_status":"open","ping_status":"open","sticky":false,"template":"","format":"standard","meta":{"footnotes":""},"categories":[42,58],"tags":[4734,4733,154,242],"class_list":["post-15749","post","type-post","status-publish","format-standard","has-post-thumbnail","hentry","category-estado","category-ultima-hora","tag-guanajuatounido","tag-lluviasqrogto","tag-proteccioncivil","tag-queretaroseguro"],"yoast_head":"<!-- This site is optimized with the Yoast SEO plugin v25.0 - https:\/\/yoast.com\/wordpress\/plugins\/seo\/ -->\n<title>Unidos contra la lluvia Quer\u00e9taro y Guanajuato refuerzan colaboraci\u00f3n ante temporada de huracanes | Nexo Informativo Santiago de Quer\u00e9taro<\/title>\n<meta name=\"description\" content=\"Unidos contra la lluvia Quer\u00e9taro y Guanajuato refuerzan colaboraci\u00f3n ante temporada de huracanes\" \/>\n<meta name=\"robots\" content=\"index, follow, max-snippet:-1, max-image-preview:large, max-video-preview:-1\" \/>\n<link rel=\"canonical\" href=\"https:\/\/www.nexoinformativo.mx\/index.php\/2025\/06\/09\/unidos-contra-la-lluvia-queretaro-y-guanajuato-refuerzan-colaboracion-ante-temporada-de-huracanes\/\" \/>\n<meta property=\"og:locale\" content=\"es_MX\" \/>\n<meta property=\"og:type\" content=\"article\" \/>\n<meta property=\"og:title\" content=\"Unidos contra la lluvia Quer\u00e9taro y Guanajuato refuerzan colaboraci\u00f3n ante temporada de huracanes | Nexo Informativo Santiago de Quer\u00e9taro\" \/>\n<meta property=\"og:description\" content=\"Unidos contra la lluvia Quer\u00e9taro y Guanajuato refuerzan colaboraci\u00f3n ante temporada de huracanes\" \/>\n<meta property=\"og:url\" content=\"https:\/\/www.nexoinformativo.mx\/index.php\/2025\/06\/09\/unidos-contra-la-lluvia-queretaro-y-guanajuato-refuerzan-colaboracion-ante-temporada-de-huracanes\/\" \/>\n<meta property=\"og:site_name\" content=\"Nexo Informativo Santiago de Quer\u00e9taro\" \/>\n<meta property=\"article:publisher\" content=\"https:\/\/www.facebook.com\/people\/Nexo-Informativo\/61564066885511\/\" \/>\n<meta property=\"article:published_time\" content=\"2025-06-10T00:00:13+00:00\" \/>\n<meta property=\"article:modified_time\" content=\"2025-06-10T03:37:08+00:00\" \/>\n<meta property=\"og:image\" content=\"https:\/\/www.nexoinformativo.mx\/wp-content\/uploads\/2025\/06\/71_273_48169_2023120903_09_06_CEPCQ_GUANAJUATO_07-scaled-e1749526533690.jpg\" \/>\n\t<meta property=\"og:image:width\" content=\"800\" \/>\n\t<meta property=\"og:image:height\" content=\"533\" \/>\n\t<meta property=\"og:image:type\" content=\"image\/jpeg\" \/>\n<meta name=\"author\" content=\"Nexo Informativo\" \/>\n<meta name=\"twitter:card\" content=\"summary_large_image\" \/>\n<meta name=\"twitter:label1\" content=\"Escrito por\" \/>\n\t<meta name=\"twitter:data1\" content=\"Nexo Informativo\" \/>\n\t<meta name=\"twitter:label2\" content=\"Tiempo de lectura\" \/>\n\t<meta name=\"twitter:data2\" content=\"2 minutos\" \/>\n<script type=\"application\/ld+json\" class=\"yoast-schema-graph\">{\"@context\":\"https:\/\/schema.org\",\"@graph\":[{\"@type\":\"Article\",\"@id\":\"https:\/\/www.nexoinformativo.mx\/index.php\/2025\/06\/09\/unidos-contra-la-lluvia-queretaro-y-guanajuato-refuerzan-colaboracion-ante-temporada-de-huracanes\/#article\",\"isPartOf\":{\"@id\":\"https:\/\/www.nexoinformativo.mx\/index.php\/2025\/06\/09\/unidos-contra-la-lluvia-queretaro-y-guanajuato-refuerzan-colaboracion-ante-temporada-de-huracanes\/\"},\"author\":{\"name\":\"Nexo Informativo\",\"@id\":\"https:\/\/www.nexoinformativo.mx\/#\/schema\/person\/7749d380ba08c8ca00d7bc76fd907b7d\"},\"headline\":\"Unidos contra la lluvia Quer\u00e9taro y Guanajuato refuerzan colaboraci\u00f3n ante temporada de huracanes\",\"datePublished\":\"2025-06-10T00:00:13+00:00\",\"dateModified\":\"2025-06-10T03:37:08+00:00\",\"mainEntityOfPage\":{\"@id\":\"https:\/\/www.nexoinformativo.mx\/index.php\/2025\/06\/09\/unidos-contra-la-lluvia-queretaro-y-guanajuato-refuerzan-colaboracion-ante-temporada-de-huracanes\/\"},\"wordCount\":297,\"commentCount\":0,\"publisher\":{\"@id\":\"https:\/\/www.nexoinformativo.mx\/#organization\"},\"image\":{\"@id\":\"https:\/\/www.nexoinformativo.mx\/index.php\/2025\/06\/09\/unidos-contra-la-lluvia-queretaro-y-guanajuato-refuerzan-colaboracion-ante-temporada-de-huracanes\/#primaryimage\"},\"thumbnailUrl\":\"https:\/\/www.nexoinformativo.mx\/wp-content\/uploads\/2025\/06\/71_273_48169_2023120903_09_06_CEPCQ_GUANAJUATO_07-scaled-e1749526533690.jpg\",\"keywords\":[\"GuanajuatoUnido\",\"LluviasQroGto\",\"proteccioncivil\",\"QueretaroSeguro\"],\"articleSection\":[\"Estado\",\"\u00daltima Hora\"],\"inLanguage\":\"es\",\"potentialAction\":[{\"@type\":\"CommentAction\",\"name\":\"Comment\",\"target\":[\"https:\/\/www.nexoinformativo.mx\/index.php\/2025\/06\/09\/unidos-contra-la-lluvia-queretaro-y-guanajuato-refuerzan-colaboracion-ante-temporada-de-huracanes\/#respond\"]}]},{\"@type\":\"WebPage\",\"@id\":\"https:\/\/www.nexoinformativo.mx\/index.php\/2025\/06\/09\/unidos-contra-la-lluvia-queretaro-y-guanajuato-refuerzan-colaboracion-ante-temporada-de-huracanes\/\",\"url\":\"https:\/\/www.nexoinformativo.mx\/index.php\/2025\/06\/09\/unidos-contra-la-lluvia-queretaro-y-guanajuato-refuerzan-colaboracion-ante-temporada-de-huracanes\/\",\"name\":\"Unidos contra la lluvia Quer\u00e9taro y Guanajuato refuerzan colaboraci\u00f3n ante temporada de huracanes | Nexo Informativo Santiago de Quer\u00e9taro\",\"isPartOf\":{\"@id\":\"https:\/\/www.nexoinformativo.mx\/#website\"},\"primaryImageOfPage\":{\"@id\":\"https:\/\/www.nexoinformativo.mx\/index.php\/2025\/06\/09\/unidos-contra-la-lluvia-queretaro-y-guanajuato-refuerzan-colaboracion-ante-temporada-de-huracanes\/#primaryimage\"},\"image\":{\"@id\":\"https:\/\/www.nexoinformativo.mx\/index.php\/2025\/06\/09\/unidos-contra-la-lluvia-queretaro-y-guanajuato-refuerzan-colaboracion-ante-temporada-de-huracanes\/#primaryimage\"},\"thumbnailUrl\":\"https:\/\/www.nexoinformativo.mx\/wp-content\/uploads\/2025\/06\/71_273_48169_2023120903_09_06_CEPCQ_GUANAJUATO_07-scaled-e1749526533690.jpg\",\"datePublished\":\"2025-06-10T00:00:13+00:00\",\"dateModified\":\"2025-06-10T03:37:08+00:00\",\"description\":\"Unidos contra la lluvia Quer\u00e9taro y Guanajuato refuerzan colaboraci\u00f3n ante temporada de huracanes\",\"breadcrumb\":{\"@id\":\"https:\/\/www.nexoinformativo.mx\/index.php\/2025\/06\/09\/unidos-contra-la-lluvia-queretaro-y-guanajuato-refuerzan-colaboracion-ante-temporada-de-huracanes\/#breadcrumb\"},\"inLanguage\":\"es\",\"potentialAction\":[{\"@type\":\"ReadAction\",\"target\":[\"https:\/\/www.nexoinformativo.mx\/index.php\/2025\/06\/09\/unidos-contra-la-lluvia-queretaro-y-guanajuato-refuerzan-colaboracion-ante-temporada-de-huracanes\/\"]}]},{\"@type\":\"ImageObject\",\"inLanguage\":\"es\",\"@id\":\"https:\/\/www.nexoinformativo.mx\/index.php\/2025\/06\/09\/unidos-contra-la-lluvia-queretaro-y-guanajuato-refuerzan-colaboracion-ante-temporada-de-huracanes\/#primaryimage\",\"url\":\"https:\/\/www.nexoinformativo.mx\/wp-content\/uploads\/2025\/06\/71_273_48169_2023120903_09_06_CEPCQ_GUANAJUATO_07-scaled-e1749526533690.jpg\",\"contentUrl\":\"https:\/\/www.nexoinformativo.mx\/wp-content\/uploads\/2025\/06\/71_273_48169_2023120903_09_06_CEPCQ_GUANAJUATO_07-scaled-e1749526533690.jpg\",\"width\":800,\"height\":533},{\"@type\":\"BreadcrumbList\",\"@id\":\"https:\/\/www.nexoinformativo.mx\/index.php\/2025\/06\/09\/unidos-contra-la-lluvia-queretaro-y-guanajuato-refuerzan-colaboracion-ante-temporada-de-huracanes\/#breadcrumb\",\"itemListElement\":[{\"@type\":\"ListItem\",\"position\":1,\"name\":\"Inicio\",\"item\":\"https:\/\/www.nexoinformativo.mx\/\"},{\"@type\":\"ListItem\",\"position\":2,\"name\":\"Unidos contra la lluvia Quer\u00e9taro y Guanajuato refuerzan colaboraci\u00f3n ante temporada de huracanes\"}]},{\"@type\":\"WebSite\",\"@id\":\"https:\/\/www.nexoinformativo.mx\/#website\",\"url\":\"https:\/\/www.nexoinformativo.mx\/\",\"name\":\"Nexo Informativo Santiago de Quer\u00e9taro\",\"description\":\"Explora NexoInformativo y convi\u00e9rtete en parte de una comunidad que valora el conocimiento y la verdad. Tu nexoinformativo es tu puente hacia una comprensi\u00f3n m\u00e1s profunda del mundo que te rodea.\",\"publisher\":{\"@id\":\"https:\/\/www.nexoinformativo.mx\/#organization\"},\"potentialAction\":[{\"@type\":\"SearchAction\",\"target\":{\"@type\":\"EntryPoint\",\"urlTemplate\":\"https:\/\/www.nexoinformativo.mx\/?s={search_term_string}\"},\"query-input\":{\"@type\":\"PropertyValueSpecification\",\"valueRequired\":true,\"valueName\":\"search_term_string\"}}],\"inLanguage\":\"es\"},{\"@type\":\"Organization\",\"@id\":\"https:\/\/www.nexoinformativo.mx\/#organization\",\"name\":\"Nexo Informativo Santiago de Quer\u00e9taro\",\"url\":\"https:\/\/www.nexoinformativo.mx\/\",\"logo\":{\"@type\":\"ImageObject\",\"inLanguage\":\"es\",\"@id\":\"https:\/\/www.nexoinformativo.mx\/#\/schema\/logo\/image\/\",\"url\":\"https:\/\/www.nexoinformativo.mx\/wp-content\/uploads\/2024\/07\/nexoi-trasparente-2.png\",\"contentUrl\":\"https:\/\/www.nexoinformativo.mx\/wp-content\/uploads\/2024\/07\/nexoi-trasparente-2.png\",\"width\":816,\"height\":339,\"caption\":\"Nexo Informativo Santiago de Quer\u00e9taro\"},\"image\":{\"@id\":\"https:\/\/www.nexoinformativo.mx\/#\/schema\/logo\/image\/\"},\"sameAs\":[\"https:\/\/www.facebook.com\/people\/Nexo-Informativo\/61564066885511\/\"]},{\"@type\":\"Person\",\"@id\":\"https:\/\/www.nexoinformativo.mx\/#\/schema\/person\/7749d380ba08c8ca00d7bc76fd907b7d\",\"name\":\"Nexo Informativo\",\"image\":{\"@type\":\"ImageObject\",\"inLanguage\":\"es\",\"@id\":\"https:\/\/www.nexoinformativo.mx\/#\/schema\/person\/image\/\",\"url\":\"https:\/\/secure.gravatar.com\/avatar\/dde2928154642a13d95f87ddf1ea9718fe2b46760a005c53e41ff5ad610704e6?s=96&d=mm&r=g\",\"contentUrl\":\"https:\/\/secure.gravatar.com\/avatar\/dde2928154642a13d95f87ddf1ea9718fe2b46760a005c53e41ff5ad610704e6?s=96&d=mm&r=g\",\"caption\":\"Nexo Informativo\"},\"url\":\"https:\/\/www.nexoinformativo.mx\/index.php\/author\/edicion\/\"}]}<\/script>\n<!-- \/ Yoast SEO plugin. -->","yoast_head_json":{"title":"Unidos contra la lluvia Quer\u00e9taro y Guanajuato refuerzan colaboraci\u00f3n ante temporada de huracanes | Nexo Informativo Santiago de Quer\u00e9taro","description":"Unidos contra la lluvia Quer\u00e9taro y Guanajuato refuerzan colaboraci\u00f3n ante temporada de huracanes","robots":{"index":"index","follow":"follow","max-snippet":"max-snippet:-1","max-image-preview":"max-image-preview:large","max-video-preview":"max-video-preview:-1"},"canonical":"https:\/\/www.nexoinformativo.mx\/index.php\/2025\/06\/09\/unidos-contra-la-lluvia-queretaro-y-guanajuato-refuerzan-colaboracion-ante-temporada-de-huracanes\/","og_locale":"es_MX","og_type":"article","og_title":"Unidos contra la lluvia Quer\u00e9taro y Guanajuato refuerzan colaboraci\u00f3n ante temporada de huracanes | Nexo Informativo Santiago de Quer\u00e9taro","og_description":"Unidos contra la lluvia Quer\u00e9taro y Guanajuato refuerzan colaboraci\u00f3n ante temporada de huracanes","og_url":"https:\/\/www.nexoinformativo.mx\/index.php\/2025\/06\/09\/unidos-contra-la-lluvia-queretaro-y-guanajuato-refuerzan-colaboracion-ante-temporada-de-huracanes\/","og_site_name":"Nexo Informativo Santiago de Quer\u00e9taro","article_publisher":"https:\/\/www.facebook.com\/people\/Nexo-Informativo\/61564066885511\/","article_published_time":"2025-06-10T00:00:13+00:00","article_modified_time":"2025-06-10T03:37:08+00:00","og_image":[{"width":800,"height":533,"url":"https:\/\/www.nexoinformativo.mx\/wp-content\/uploads\/2025\/06\/71_273_48169_2023120903_09_06_CEPCQ_GUANAJUATO_07-scaled-e1749526533690.jpg","type":"image\/jpeg"}],"author":"Nexo Informativo","twitter_card":"summary_large_image","twitter_misc":{"Escrito por":"Nexo Informativo","Tiempo de lectura":"2 minutos"},"schema":{"@context":"https:\/\/schema.org","@graph":[{"@type":"Article","@id":"https:\/\/www.nexoinformativo.mx\/index.php\/2025\/06\/09\/unidos-contra-la-lluvia-queretaro-y-guanajuato-refuerzan-colaboracion-ante-temporada-de-huracanes\/#article","isPartOf":{"@id":"https:\/\/www.nexoinformativo.mx\/index.php\/2025\/06\/09\/unidos-contra-la-lluvia-queretaro-y-guanajuato-refuerzan-colaboracion-ante-temporada-de-huracanes\/"},"author":{"name":"Nexo Informativo","@id":"https:\/\/www.nexoinformativo.mx\/#\/schema\/person\/7749d380ba08c8ca00d7bc76fd907b7d"},"headline":"Unidos contra la lluvia Quer\u00e9taro y Guanajuato refuerzan colaboraci\u00f3n ante temporada de huracanes","datePublished":"2025-06-10T00:00:13+00:00","dateModified":"2025-06-10T03:37:08+00:00","mainEntityOfPage":{"@id":"https:\/\/www.nexoinformativo.mx\/index.php\/2025\/06\/09\/unidos-contra-la-lluvia-queretaro-y-guanajuato-refuerzan-colaboracion-ante-temporada-de-huracanes\/"},"wordCount":297,"commentCount":0,"publisher":{"@id":"https:\/\/www.nexoinformativo.mx\/#organization"},"image":{"@id":"https:\/\/www.nexoinformativo.mx\/index.php\/2025\/06\/09\/unidos-contra-la-lluvia-queretaro-y-guanajuato-refuerzan-colaboracion-ante-temporada-de-huracanes\/#primaryimage"},"thumbnailUrl":"https:\/\/www.nexoinformativo.mx\/wp-content\/uploads\/2025\/06\/71_273_48169_2023120903_09_06_CEPCQ_GUANAJUATO_07-scaled-e1749526533690.jpg","keywords":["GuanajuatoUnido","LluviasQroGto","proteccioncivil","QueretaroSeguro"],"articleSection":["Estado","\u00daltima Hora"],"inLanguage":"es","potentialAction":[{"@type":"CommentAction","name":"Comment","target":["https:\/\/www.nexoinformativo.mx\/index.php\/2025\/06\/09\/unidos-contra-la-lluvia-queretaro-y-guanajuato-refuerzan-colaboracion-ante-temporada-de-huracanes\/#respond"]}]},{"@type":"WebPage","@id":"https:\/\/www.nexoinformativo.mx\/index.php\/2025\/06\/09\/unidos-contra-la-lluvia-queretaro-y-guanajuato-refuerzan-colaboracion-ante-temporada-de-huracanes\/","url":"https:\/\/www.nexoinformativo.mx\/index.php\/2025\/06\/09\/unidos-contra-la-lluvia-queretaro-y-guanajuato-refuerzan-colaboracion-ante-temporada-de-huracanes\/","name":"Unidos contra la lluvia Quer\u00e9taro y Guanajuato refuerzan colaboraci\u00f3n ante temporada de huracanes | Nexo Informativo Santiago de Quer\u00e9taro","isPartOf":{"@id":"https:\/\/www.nexoinformativo.mx\/#website"},"primaryImageOfPage":{"@id":"https:\/\/www.nexoinformativo.mx\/index.php\/2025\/06\/09\/unidos-contra-la-lluvia-queretaro-y-guanajuato-refuerzan-colaboracion-ante-temporada-de-huracanes\/#primaryimage"},"image":{"@id":"https:\/\/www.nexoinformativo.mx\/index.php\/2025\/06\/09\/unidos-contra-la-lluvia-queretaro-y-guanajuato-refuerzan-colaboracion-ante-temporada-de-huracanes\/#primaryimage"},"thumbnailUrl":"https:\/\/www.nexoinformativo.mx\/wp-content\/uploads\/2025\/06\/71_273_48169_2023120903_09_06_CEPCQ_GUANAJUATO_07-scaled-e1749526533690.jpg","datePublished":"2025-06-10T00:00:13+00:00","dateModified":"2025-06-10T03:37:08+00:00","description":"Unidos contra la lluvia Quer\u00e9taro y Guanajuato refuerzan colaboraci\u00f3n ante temporada de huracanes","breadcrumb":{"@id":"https:\/\/www.nexoinformativo.mx\/index.php\/2025\/06\/09\/unidos-contra-la-lluvia-queretaro-y-guanajuato-refuerzan-colaboracion-ante-temporada-de-huracanes\/#breadcrumb"},"inLanguage":"es","potentialAction":[{"@type":"ReadAction","target":["https:\/\/www.nexoinformativo.mx\/index.php\/2025\/06\/09\/unidos-contra-la-lluvia-queretaro-y-guanajuato-refuerzan-colaboracion-ante-temporada-de-huracanes\/"]}]},{"@type":"ImageObject","inLanguage":"es","@id":"https:\/\/www.nexoinformativo.mx\/index.php\/2025\/06\/09\/unidos-contra-la-lluvia-queretaro-y-guanajuato-refuerzan-colaboracion-ante-temporada-de-huracanes\/#primaryimage","url":"https:\/\/www.nexoinformativo.mx\/wp-content\/uploads\/2025\/06\/71_273_48169_2023120903_09_06_CEPCQ_GUANAJUATO_07-scaled-e1749526533690.jpg","contentUrl":"https:\/\/www.nexoinformativo.mx\/wp-content\/uploads\/2025\/06\/71_273_48169_2023120903_09_06_CEPCQ_GUANAJUATO_07-scaled-e1749526533690.jpg","width":800,"height":533},{"@type":"BreadcrumbList","@id":"https:\/\/www.nexoinformativo.mx\/index.php\/2025\/06\/09\/unidos-contra-la-lluvia-queretaro-y-guanajuato-refuerzan-colaboracion-ante-temporada-de-huracanes\/#breadcrumb","itemListElement":[{"@type":"ListItem","position":1,"name":"Inicio","item":"https:\/\/www.nexoinformativo.mx\/"},{"@type":"ListItem","position":2,"name":"Unidos contra la lluvia Quer\u00e9taro y Guanajuato refuerzan colaboraci\u00f3n ante temporada de huracanes"}]},{"@type":"WebSite","@id":"https:\/\/www.nexoinformativo.mx\/#website","url":"https:\/\/www.nexoinformativo.mx\/","name":"Nexo Informativo Santiago de Quer\u00e9taro","description":"Explora NexoInformativo y convi\u00e9rtete en parte de una comunidad que valora el conocimiento y la verdad. Tu nexoinformativo es tu puente hacia una comprensi\u00f3n m\u00e1s profunda del mundo que te rodea.","publisher":{"@id":"https:\/\/www.nexoinformativo.mx\/#organization"},"potentialAction":[{"@type":"SearchAction","target":{"@type":"EntryPoint","urlTemplate":"https:\/\/www.nexoinformativo.mx\/?s={search_term_string}"},"query-input":{"@type":"PropertyValueSpecification","valueRequired":true,"valueName":"search_term_string"}}],"inLanguage":"es"},{"@type":"Organization","@id":"https:\/\/www.nexoinformativo.mx\/#organization","name":"Nexo Informativo Santiago de Quer\u00e9taro","url":"https:\/\/www.nexoinformativo.mx\/","logo":{"@type":"ImageObject","inLanguage":"es","@id":"https:\/\/www.nexoinformativo.mx\/#\/schema\/logo\/image\/","url":"https:\/\/www.nexoinformativo.mx\/wp-content\/uploads\/2024\/07\/nexoi-trasparente-2.png","contentUrl":"https:\/\/www.nexoinformativo.mx\/wp-content\/uploads\/2024\/07\/nexoi-trasparente-2.png","width":816,"height":339,"caption":"Nexo Informativo Santiago de Quer\u00e9taro"},"image":{"@id":"https:\/\/www.nexoinformativo.mx\/#\/schema\/logo\/image\/"},"sameAs":["https:\/\/www.facebook.com\/people\/Nexo-Informativo\/61564066885511\/"]},{"@type":"Person","@id":"https:\/\/www.nexoinformativo.mx\/#\/schema\/person\/7749d380ba08c8ca00d7bc76fd907b7d","name":"Nexo Informativo","image":{"@type":"ImageObject","inLanguage":"es","@id":"https:\/\/www.nexoinformativo.mx\/#\/schema\/person\/image\/","url":"https:\/\/secure.gravatar.com\/avatar\/dde2928154642a13d95f87ddf1ea9718fe2b46760a005c53e41ff5ad610704e6?s=96&d=mm&r=g","contentUrl":"https:\/\/secure.gravatar.com\/avatar\/dde2928154642a13d95f87ddf1ea9718fe2b46760a005c53e41ff5ad610704e6?s=96&d=mm&r=g","caption":"Nexo Informativo"},"url":"https:\/\/www.nexoinformativo.mx\/index.php\/author\/edicion\/"}]}},"_links":{"self":[{"href":"https:\/\/www.nexoinformativo.mx\/index.php\/wp-json\/wp\/v2\/posts\/15749","targetHints":{"allow":["GET"]}}],"collection":[{"href":"https:\/\/www.nexoinformativo.mx\/index.php\/wp-json\/wp\/v2\/posts"}],"about":[{"href":"https:\/\/www.nexoinformativo.mx\/index.php\/wp-json\/wp\/v2\/types\/post"}],"author":[{"embeddable":true,"href":"https:\/\/www.nexoinformativo.mx\/index.php\/wp-json\/wp\/v2\/users\/3"}],"replies":[{"embeddable":true,"href":"https:\/\/www.nexoinformativo.mx\/index.php\/wp-json\/wp\/v2\/comments?post=15749"}],"version-history":[{"count":3,"href":"https:\/\/www.nexoinformativo.mx\/index.php\/wp-json\/wp\/v2\/posts\/15749\/revisions"}],"predecessor-version":[{"id":15753,"href":"https:\/\/www.nexoinformativo.mx\/index.php\/wp-json\/wp\/v2\/posts\/15749\/revisions\/15753"}],"wp:featuredmedia":[{"embeddable":true,"href":"https:\/\/www.nexoinformativo.mx\/index.php\/wp-json\/wp\/v2\/media\/15750"}],"wp:attachment":[{"href":"https:\/\/www.nexoinformativo.mx\/index.php\/wp-json\/wp\/v2\/media?parent=15749"}],"wp:term":[{"taxonomy":"category","embeddable":true,"href":"https:\/\/www.nexoinformativo.mx\/index.php\/wp-json\/wp\/v2\/categories?post=15749"},{"taxonomy":"post_tag","embeddable":true,"href":"https:\/\/www.nexoinformativo.mx\/index.php\/wp-json\/wp\/v2\/tags?post=15749"}],"curies":[{"name":"wp","href":"https:\/\/api.w.org\/{rel}","templated":true}]}}