{"id":15755,"date":"2025-06-09T19:00:11","date_gmt":"2025-06-10T01:00:11","guid":{"rendered":"https:\/\/www.nexoinformativo.mx\/?p=15755"},"modified":"2025-06-09T21:43:13","modified_gmt":"2025-06-10T03:43:13","slug":"queretaro-en-canada-marco-del-prete-busca-inversion-sostenible-y-alianzas-culturales-en-montreal","status":"publish","type":"post","link":"https:\/\/www.nexoinformativo.mx\/index.php\/2025\/06\/09\/queretaro-en-canada-marco-del-prete-busca-inversion-sostenible-y-alianzas-culturales-en-montreal\/","title":{"rendered":"Quer\u00e9taro en Canad\u00e1 Marco Del Prete busca inversi\u00f3n sostenible y alianzas culturales en Montreal"},"content":{"rendered":"<p style=\"text-align: justify;\" data-sourcepos=\"5:1-5:376\">El titular de la Secretar\u00eda de Desarrollo Sustentable (SEDESU), Marco Antonio Del Prete, encabeza una importante gira de actividades en Montreal, Canad\u00e1. Su objetivo principal es fortalecer los lazos con aliados estrat\u00e9gicos para impulsar el crecimiento econ\u00f3mico de Quer\u00e9taro a trav\u00e9s del cuidado del medio ambiente.<\/p>\n<\/p>\n<p>&nbsp;<\/p>\n<p style=\"text-align: justify;\" data-sourcepos=\"7:1-7:330\">Como parte de su agenda, Del Prete visit\u00f3 las instalaciones de Bombardier, donde se reuni\u00f3 con David Murray, vicepresidente Ejecutivo de Manufactura, Tecnolog\u00eda de la Informaci\u00f3n y del Sistema de Excelencia Operacional. Durante el encuentro, se dio seguimiento a las operaciones que la compa\u00f1\u00eda tiene en Quer\u00e9taro.<\/p>\n<\/p>\n<p>&nbsp;<\/p>\n<p style=\"text-align: justify;\" data-sourcepos=\"9:1-9:446\">En esta reuni\u00f3n, con la presencia de Paul Simard, vicepresidente de operaciones, y Pierre Pyun, vicepresidente de Asuntos Gubernamentales e Industria, se abordaron temas clave como los programas educativos y centros de entrenamiento especializados en el sector aeroespacial.<\/p>\n<\/p>\n<p>&nbsp;<\/p>\n<p style=\"text-align: justify;\" data-sourcepos=\"9:1-9:446\">Tambi\u00e9n se discuti\u00f3 el desarrollo de proveedores locales para fortalecer la cadena internacional de proveedur\u00eda, lo que beneficiar\u00eda a empresas queretanas.<\/p>\n<\/p>\n<p>&nbsp;<\/p>\n<p style=\"text-align: justify;\" data-sourcepos=\"15:1-15:330\">sostuvo un encuentro con Erandi Motte Cort\u00e9s, representante de la C\u00e1mara de Comercio Mundial de Montreal. Esta reuni\u00f3n busca estrechar v\u00ednculos que impulsen nuevas oportunidades de crecimiento para Quer\u00e9taro en diversos sectores.<\/p>\n<\/p>\n<p>&nbsp;<\/p>\n<p style=\"text-align: justify;\" data-sourcepos=\"15:1-15:330\">Finalmente, y con el fin de fortalecer el sector de las industrias creativas, los funcionarios estatales se reunieron con Erik de Pokomandy, director principal de Alianzas Globales del famoso Cirque du Soleil. En este encuentro, se exploraron posibles esquemas de colaboraci\u00f3n en la producci\u00f3n de sus espect\u00e1culos,<\/p>\n<\/p>\n<p>&nbsp;<\/p>\n<p style=\"text-align: center;\" data-sourcepos=\"15:1-15:330\"><em><strong>\u00a1Informaci\u00f3n que transforma!<\/strong><\/em><\/p>\n","protected":false},"excerpt":{"rendered":"<p>El titular de la Secretar\u00eda de Desarrollo Sustentable (SEDESU), Marco Antonio Del Prete, encabeza una importante gira de actividades en Montreal, Canad\u00e1. Su objetivo principal es fortalecer los lazos con aliados estrat\u00e9gicos para impulsar el crecimiento econ\u00f3mico de Quer\u00e9taro a trav\u00e9s del cuidado del medio ambiente.<\/p>\n","protected":false},"author":3,"featured_media":15758,"comment_status":"open","ping_status":"open","sticky":false,"template":"","format":"standard","meta":{"footnotes":""},"categories":[5,42,58],"tags":[4717,4735,4331,4736],"class_list":["post-15755","post","type-post","status-publish","format-standard","has-post-thumbnail","hentry","category-economia","category-estado","category-ultima-hora","tag-industriascreativas","tag-inversionverde","tag-queretaroglobal","tag-sectoraeroespacial"],"yoast_head":"<!-- This site is optimized with the Yoast SEO plugin v25.0 - https:\/\/yoast.com\/wordpress\/plugins\/seo\/ -->\n<title>Quer\u00e9taro en Canad\u00e1 Marco Del Prete busca inversi\u00f3n sostenible y alianzas culturales en Montreal | Nexo Informativo Santiago de Quer\u00e9taro<\/title>\n<meta name=\"description\" content=\"Quer\u00e9taro en Canad\u00e1 Marco Del Prete busca inversi\u00f3n sostenible y alianzas culturales en Montreal\" \/>\n<meta name=\"robots\" content=\"index, follow, max-snippet:-1, max-image-preview:large, max-video-preview:-1\" \/>\n<link rel=\"canonical\" href=\"https:\/\/www.nexoinformativo.mx\/index.php\/2025\/06\/09\/queretaro-en-canada-marco-del-prete-busca-inversion-sostenible-y-alianzas-culturales-en-montreal\/\" \/>\n<meta property=\"og:locale\" content=\"es_MX\" \/>\n<meta property=\"og:type\" content=\"article\" \/>\n<meta property=\"og:title\" content=\"Quer\u00e9taro en Canad\u00e1 Marco Del Prete busca inversi\u00f3n sostenible y alianzas culturales en Montreal | Nexo Informativo Santiago de Quer\u00e9taro\" \/>\n<meta property=\"og:description\" content=\"Quer\u00e9taro en Canad\u00e1 Marco Del Prete busca inversi\u00f3n sostenible y alianzas culturales en Montreal\" \/>\n<meta property=\"og:url\" content=\"https:\/\/www.nexoinformativo.mx\/index.php\/2025\/06\/09\/queretaro-en-canada-marco-del-prete-busca-inversion-sostenible-y-alianzas-culturales-en-montreal\/\" \/>\n<meta property=\"og:site_name\" content=\"Nexo Informativo Santiago de Quer\u00e9taro\" \/>\n<meta property=\"article:publisher\" content=\"https:\/\/www.facebook.com\/people\/Nexo-Informativo\/61564066885511\/\" \/>\n<meta property=\"article:published_time\" content=\"2025-06-10T01:00:11+00:00\" \/>\n<meta property=\"article:modified_time\" content=\"2025-06-10T03:43:13+00:00\" \/>\n<meta property=\"og:image\" content=\"https:\/\/www.nexoinformativo.mx\/wp-content\/uploads\/2025\/06\/PHOTO-2025-06-09-21-11-48-e1749526944471.jpg\" \/>\n\t<meta property=\"og:image:width\" content=\"800\" \/>\n\t<meta property=\"og:image:height\" content=\"561\" \/>\n\t<meta property=\"og:image:type\" content=\"image\/jpeg\" \/>\n<meta name=\"author\" content=\"Nexo Informativo\" \/>\n<meta name=\"twitter:card\" content=\"summary_large_image\" \/>\n<meta name=\"twitter:label1\" content=\"Escrito por\" \/>\n\t<meta name=\"twitter:data1\" content=\"Nexo Informativo\" \/>\n\t<meta name=\"twitter:label2\" content=\"Tiempo de lectura\" \/>\n\t<meta name=\"twitter:data2\" content=\"2 minutos\" \/>\n<script type=\"application\/ld+json\" class=\"yoast-schema-graph\">{\"@context\":\"https:\/\/schema.org\",\"@graph\":[{\"@type\":\"Article\",\"@id\":\"https:\/\/www.nexoinformativo.mx\/index.php\/2025\/06\/09\/queretaro-en-canada-marco-del-prete-busca-inversion-sostenible-y-alianzas-culturales-en-montreal\/#article\",\"isPartOf\":{\"@id\":\"https:\/\/www.nexoinformativo.mx\/index.php\/2025\/06\/09\/queretaro-en-canada-marco-del-prete-busca-inversion-sostenible-y-alianzas-culturales-en-montreal\/\"},\"author\":{\"name\":\"Nexo Informativo\",\"@id\":\"https:\/\/www.nexoinformativo.mx\/#\/schema\/person\/7749d380ba08c8ca00d7bc76fd907b7d\"},\"headline\":\"Quer\u00e9taro en Canad\u00e1 Marco Del Prete busca inversi\u00f3n sostenible y alianzas culturales en Montreal\",\"datePublished\":\"2025-06-10T01:00:11+00:00\",\"dateModified\":\"2025-06-10T03:43:13+00:00\",\"mainEntityOfPage\":{\"@id\":\"https:\/\/www.nexoinformativo.mx\/index.php\/2025\/06\/09\/queretaro-en-canada-marco-del-prete-busca-inversion-sostenible-y-alianzas-culturales-en-montreal\/\"},\"wordCount\":278,\"commentCount\":0,\"publisher\":{\"@id\":\"https:\/\/www.nexoinformativo.mx\/#organization\"},\"image\":{\"@id\":\"https:\/\/www.nexoinformativo.mx\/index.php\/2025\/06\/09\/queretaro-en-canada-marco-del-prete-busca-inversion-sostenible-y-alianzas-culturales-en-montreal\/#primaryimage\"},\"thumbnailUrl\":\"https:\/\/www.nexoinformativo.mx\/wp-content\/uploads\/2025\/06\/PHOTO-2025-06-09-21-11-48-e1749526944471.jpg\",\"keywords\":[\"IndustriasCreativas\",\"inversi\u00f3nVerde\",\"Quer\u00e9taroGlobal\",\"SectorAeroespacial\"],\"articleSection\":[\"Econom\u00eda\",\"Estado\",\"\u00daltima Hora\"],\"inLanguage\":\"es\",\"potentialAction\":[{\"@type\":\"CommentAction\",\"name\":\"Comment\",\"target\":[\"https:\/\/www.nexoinformativo.mx\/index.php\/2025\/06\/09\/queretaro-en-canada-marco-del-prete-busca-inversion-sostenible-y-alianzas-culturales-en-montreal\/#respond\"]}]},{\"@type\":\"WebPage\",\"@id\":\"https:\/\/www.nexoinformativo.mx\/index.php\/2025\/06\/09\/queretaro-en-canada-marco-del-prete-busca-inversion-sostenible-y-alianzas-culturales-en-montreal\/\",\"url\":\"https:\/\/www.nexoinformativo.mx\/index.php\/2025\/06\/09\/queretaro-en-canada-marco-del-prete-busca-inversion-sostenible-y-alianzas-culturales-en-montreal\/\",\"name\":\"Quer\u00e9taro en Canad\u00e1 Marco Del Prete busca inversi\u00f3n sostenible y alianzas culturales en Montreal | Nexo Informativo Santiago de Quer\u00e9taro\",\"isPartOf\":{\"@id\":\"https:\/\/www.nexoinformativo.mx\/#website\"},\"primaryImageOfPage\":{\"@id\":\"https:\/\/www.nexoinformativo.mx\/index.php\/2025\/06\/09\/queretaro-en-canada-marco-del-prete-busca-inversion-sostenible-y-alianzas-culturales-en-montreal\/#primaryimage\"},\"image\":{\"@id\":\"https:\/\/www.nexoinformativo.mx\/index.php\/2025\/06\/09\/queretaro-en-canada-marco-del-prete-busca-inversion-sostenible-y-alianzas-culturales-en-montreal\/#primaryimage\"},\"thumbnailUrl\":\"https:\/\/www.nexoinformativo.mx\/wp-content\/uploads\/2025\/06\/PHOTO-2025-06-09-21-11-48-e1749526944471.jpg\",\"datePublished\":\"2025-06-10T01:00:11+00:00\",\"dateModified\":\"2025-06-10T03:43:13+00:00\",\"description\":\"Quer\u00e9taro en Canad\u00e1 Marco Del Prete busca inversi\u00f3n sostenible y alianzas culturales en Montreal\",\"breadcrumb\":{\"@id\":\"https:\/\/www.nexoinformativo.mx\/index.php\/2025\/06\/09\/queretaro-en-canada-marco-del-prete-busca-inversion-sostenible-y-alianzas-culturales-en-montreal\/#breadcrumb\"},\"inLanguage\":\"es\",\"potentialAction\":[{\"@type\":\"ReadAction\",\"target\":[\"https:\/\/www.nexoinformativo.mx\/index.php\/2025\/06\/09\/queretaro-en-canada-marco-del-prete-busca-inversion-sostenible-y-alianzas-culturales-en-montreal\/\"]}]},{\"@type\":\"ImageObject\",\"inLanguage\":\"es\",\"@id\":\"https:\/\/www.nexoinformativo.mx\/index.php\/2025\/06\/09\/queretaro-en-canada-marco-del-prete-busca-inversion-sostenible-y-alianzas-culturales-en-montreal\/#primaryimage\",\"url\":\"https:\/\/www.nexoinformativo.mx\/wp-content\/uploads\/2025\/06\/PHOTO-2025-06-09-21-11-48-e1749526944471.jpg\",\"contentUrl\":\"https:\/\/www.nexoinformativo.mx\/wp-content\/uploads\/2025\/06\/PHOTO-2025-06-09-21-11-48-e1749526944471.jpg\",\"width\":800,\"height\":561},{\"@type\":\"BreadcrumbList\",\"@id\":\"https:\/\/www.nexoinformativo.mx\/index.php\/2025\/06\/09\/queretaro-en-canada-marco-del-prete-busca-inversion-sostenible-y-alianzas-culturales-en-montreal\/#breadcrumb\",\"itemListElement\":[{\"@type\":\"ListItem\",\"position\":1,\"name\":\"Inicio\",\"item\":\"https:\/\/www.nexoinformativo.mx\/\"},{\"@type\":\"ListItem\",\"position\":2,\"name\":\"Quer\u00e9taro en Canad\u00e1 Marco Del Prete busca inversi\u00f3n sostenible y alianzas culturales en Montreal\"}]},{\"@type\":\"WebSite\",\"@id\":\"https:\/\/www.nexoinformativo.mx\/#website\",\"url\":\"https:\/\/www.nexoinformativo.mx\/\",\"name\":\"Nexo Informativo Santiago de Quer\u00e9taro\",\"description\":\"Explora NexoInformativo y convi\u00e9rtete en parte de una comunidad que valora el conocimiento y la verdad. Tu nexoinformativo es tu puente hacia una comprensi\u00f3n m\u00e1s profunda del mundo que te rodea.\",\"publisher\":{\"@id\":\"https:\/\/www.nexoinformativo.mx\/#organization\"},\"potentialAction\":[{\"@type\":\"SearchAction\",\"target\":{\"@type\":\"EntryPoint\",\"urlTemplate\":\"https:\/\/www.nexoinformativo.mx\/?s={search_term_string}\"},\"query-input\":{\"@type\":\"PropertyValueSpecification\",\"valueRequired\":true,\"valueName\":\"search_term_string\"}}],\"inLanguage\":\"es\"},{\"@type\":\"Organization\",\"@id\":\"https:\/\/www.nexoinformativo.mx\/#organization\",\"name\":\"Nexo Informativo Santiago de Quer\u00e9taro\",\"url\":\"https:\/\/www.nexoinformativo.mx\/\",\"logo\":{\"@type\":\"ImageObject\",\"inLanguage\":\"es\",\"@id\":\"https:\/\/www.nexoinformativo.mx\/#\/schema\/logo\/image\/\",\"url\":\"https:\/\/www.nexoinformativo.mx\/wp-content\/uploads\/2024\/07\/nexoi-trasparente-2.png\",\"contentUrl\":\"https:\/\/www.nexoinformativo.mx\/wp-content\/uploads\/2024\/07\/nexoi-trasparente-2.png\",\"width\":816,\"height\":339,\"caption\":\"Nexo Informativo Santiago de Quer\u00e9taro\"},\"image\":{\"@id\":\"https:\/\/www.nexoinformativo.mx\/#\/schema\/logo\/image\/\"},\"sameAs\":[\"https:\/\/www.facebook.com\/people\/Nexo-Informativo\/61564066885511\/\"]},{\"@type\":\"Person\",\"@id\":\"https:\/\/www.nexoinformativo.mx\/#\/schema\/person\/7749d380ba08c8ca00d7bc76fd907b7d\",\"name\":\"Nexo Informativo\",\"image\":{\"@type\":\"ImageObject\",\"inLanguage\":\"es\",\"@id\":\"https:\/\/www.nexoinformativo.mx\/#\/schema\/person\/image\/\",\"url\":\"https:\/\/secure.gravatar.com\/avatar\/dde2928154642a13d95f87ddf1ea9718fe2b46760a005c53e41ff5ad610704e6?s=96&d=mm&r=g\",\"contentUrl\":\"https:\/\/secure.gravatar.com\/avatar\/dde2928154642a13d95f87ddf1ea9718fe2b46760a005c53e41ff5ad610704e6?s=96&d=mm&r=g\",\"caption\":\"Nexo Informativo\"},\"url\":\"https:\/\/www.nexoinformativo.mx\/index.php\/author\/edicion\/\"}]}<\/script>\n<!-- \/ Yoast SEO plugin. -->","yoast_head_json":{"title":"Quer\u00e9taro en Canad\u00e1 Marco Del Prete busca inversi\u00f3n sostenible y alianzas culturales en Montreal | Nexo Informativo Santiago de Quer\u00e9taro","description":"Quer\u00e9taro en Canad\u00e1 Marco Del Prete busca inversi\u00f3n sostenible y alianzas culturales en Montreal","robots":{"index":"index","follow":"follow","max-snippet":"max-snippet:-1","max-image-preview":"max-image-preview:large","max-video-preview":"max-video-preview:-1"},"canonical":"https:\/\/www.nexoinformativo.mx\/index.php\/2025\/06\/09\/queretaro-en-canada-marco-del-prete-busca-inversion-sostenible-y-alianzas-culturales-en-montreal\/","og_locale":"es_MX","og_type":"article","og_title":"Quer\u00e9taro en Canad\u00e1 Marco Del Prete busca inversi\u00f3n sostenible y alianzas culturales en Montreal | Nexo Informativo Santiago de Quer\u00e9taro","og_description":"Quer\u00e9taro en Canad\u00e1 Marco Del Prete busca inversi\u00f3n sostenible y alianzas culturales en Montreal","og_url":"https:\/\/www.nexoinformativo.mx\/index.php\/2025\/06\/09\/queretaro-en-canada-marco-del-prete-busca-inversion-sostenible-y-alianzas-culturales-en-montreal\/","og_site_name":"Nexo Informativo Santiago de Quer\u00e9taro","article_publisher":"https:\/\/www.facebook.com\/people\/Nexo-Informativo\/61564066885511\/","article_published_time":"2025-06-10T01:00:11+00:00","article_modified_time":"2025-06-10T03:43:13+00:00","og_image":[{"width":800,"height":561,"url":"https:\/\/www.nexoinformativo.mx\/wp-content\/uploads\/2025\/06\/PHOTO-2025-06-09-21-11-48-e1749526944471.jpg","type":"image\/jpeg"}],"author":"Nexo Informativo","twitter_card":"summary_large_image","twitter_misc":{"Escrito por":"Nexo Informativo","Tiempo de lectura":"2 minutos"},"schema":{"@context":"https:\/\/schema.org","@graph":[{"@type":"Article","@id":"https:\/\/www.nexoinformativo.mx\/index.php\/2025\/06\/09\/queretaro-en-canada-marco-del-prete-busca-inversion-sostenible-y-alianzas-culturales-en-montreal\/#article","isPartOf":{"@id":"https:\/\/www.nexoinformativo.mx\/index.php\/2025\/06\/09\/queretaro-en-canada-marco-del-prete-busca-inversion-sostenible-y-alianzas-culturales-en-montreal\/"},"author":{"name":"Nexo Informativo","@id":"https:\/\/www.nexoinformativo.mx\/#\/schema\/person\/7749d380ba08c8ca00d7bc76fd907b7d"},"headline":"Quer\u00e9taro en Canad\u00e1 Marco Del Prete busca inversi\u00f3n sostenible y alianzas culturales en Montreal","datePublished":"2025-06-10T01:00:11+00:00","dateModified":"2025-06-10T03:43:13+00:00","mainEntityOfPage":{"@id":"https:\/\/www.nexoinformativo.mx\/index.php\/2025\/06\/09\/queretaro-en-canada-marco-del-prete-busca-inversion-sostenible-y-alianzas-culturales-en-montreal\/"},"wordCount":278,"commentCount":0,"publisher":{"@id":"https:\/\/www.nexoinformativo.mx\/#organization"},"image":{"@id":"https:\/\/www.nexoinformativo.mx\/index.php\/2025\/06\/09\/queretaro-en-canada-marco-del-prete-busca-inversion-sostenible-y-alianzas-culturales-en-montreal\/#primaryimage"},"thumbnailUrl":"https:\/\/www.nexoinformativo.mx\/wp-content\/uploads\/2025\/06\/PHOTO-2025-06-09-21-11-48-e1749526944471.jpg","keywords":["IndustriasCreativas","inversi\u00f3nVerde","Quer\u00e9taroGlobal","SectorAeroespacial"],"articleSection":["Econom\u00eda","Estado","\u00daltima Hora"],"inLanguage":"es","potentialAction":[{"@type":"CommentAction","name":"Comment","target":["https:\/\/www.nexoinformativo.mx\/index.php\/2025\/06\/09\/queretaro-en-canada-marco-del-prete-busca-inversion-sostenible-y-alianzas-culturales-en-montreal\/#respond"]}]},{"@type":"WebPage","@id":"https:\/\/www.nexoinformativo.mx\/index.php\/2025\/06\/09\/queretaro-en-canada-marco-del-prete-busca-inversion-sostenible-y-alianzas-culturales-en-montreal\/","url":"https:\/\/www.nexoinformativo.mx\/index.php\/2025\/06\/09\/queretaro-en-canada-marco-del-prete-busca-inversion-sostenible-y-alianzas-culturales-en-montreal\/","name":"Quer\u00e9taro en Canad\u00e1 Marco Del Prete busca inversi\u00f3n sostenible y alianzas culturales en Montreal | Nexo Informativo Santiago de Quer\u00e9taro","isPartOf":{"@id":"https:\/\/www.nexoinformativo.mx\/#website"},"primaryImageOfPage":{"@id":"https:\/\/www.nexoinformativo.mx\/index.php\/2025\/06\/09\/queretaro-en-canada-marco-del-prete-busca-inversion-sostenible-y-alianzas-culturales-en-montreal\/#primaryimage"},"image":{"@id":"https:\/\/www.nexoinformativo.mx\/index.php\/2025\/06\/09\/queretaro-en-canada-marco-del-prete-busca-inversion-sostenible-y-alianzas-culturales-en-montreal\/#primaryimage"},"thumbnailUrl":"https:\/\/www.nexoinformativo.mx\/wp-content\/uploads\/2025\/06\/PHOTO-2025-06-09-21-11-48-e1749526944471.jpg","datePublished":"2025-06-10T01:00:11+00:00","dateModified":"2025-06-10T03:43:13+00:00","description":"Quer\u00e9taro en Canad\u00e1 Marco Del Prete busca inversi\u00f3n sostenible y alianzas culturales en Montreal","breadcrumb":{"@id":"https:\/\/www.nexoinformativo.mx\/index.php\/2025\/06\/09\/queretaro-en-canada-marco-del-prete-busca-inversion-sostenible-y-alianzas-culturales-en-montreal\/#breadcrumb"},"inLanguage":"es","potentialAction":[{"@type":"ReadAction","target":["https:\/\/www.nexoinformativo.mx\/index.php\/2025\/06\/09\/queretaro-en-canada-marco-del-prete-busca-inversion-sostenible-y-alianzas-culturales-en-montreal\/"]}]},{"@type":"ImageObject","inLanguage":"es","@id":"https:\/\/www.nexoinformativo.mx\/index.php\/2025\/06\/09\/queretaro-en-canada-marco-del-prete-busca-inversion-sostenible-y-alianzas-culturales-en-montreal\/#primaryimage","url":"https:\/\/www.nexoinformativo.mx\/wp-content\/uploads\/2025\/06\/PHOTO-2025-06-09-21-11-48-e1749526944471.jpg","contentUrl":"https:\/\/www.nexoinformativo.mx\/wp-content\/uploads\/2025\/06\/PHOTO-2025-06-09-21-11-48-e1749526944471.jpg","width":800,"height":561},{"@type":"BreadcrumbList","@id":"https:\/\/www.nexoinformativo.mx\/index.php\/2025\/06\/09\/queretaro-en-canada-marco-del-prete-busca-inversion-sostenible-y-alianzas-culturales-en-montreal\/#breadcrumb","itemListElement":[{"@type":"ListItem","position":1,"name":"Inicio","item":"https:\/\/www.nexoinformativo.mx\/"},{"@type":"ListItem","position":2,"name":"Quer\u00e9taro en Canad\u00e1 Marco Del Prete busca inversi\u00f3n sostenible y alianzas culturales en Montreal"}]},{"@type":"WebSite","@id":"https:\/\/www.nexoinformativo.mx\/#website","url":"https:\/\/www.nexoinformativo.mx\/","name":"Nexo Informativo Santiago de Quer\u00e9taro","description":"Explora NexoInformativo y convi\u00e9rtete en parte de una comunidad que valora el conocimiento y la verdad. Tu nexoinformativo es tu puente hacia una comprensi\u00f3n m\u00e1s profunda del mundo que te rodea.","publisher":{"@id":"https:\/\/www.nexoinformativo.mx\/#organization"},"potentialAction":[{"@type":"SearchAction","target":{"@type":"EntryPoint","urlTemplate":"https:\/\/www.nexoinformativo.mx\/?s={search_term_string}"},"query-input":{"@type":"PropertyValueSpecification","valueRequired":true,"valueName":"search_term_string"}}],"inLanguage":"es"},{"@type":"Organization","@id":"https:\/\/www.nexoinformativo.mx\/#organization","name":"Nexo Informativo Santiago de Quer\u00e9taro","url":"https:\/\/www.nexoinformativo.mx\/","logo":{"@type":"ImageObject","inLanguage":"es","@id":"https:\/\/www.nexoinformativo.mx\/#\/schema\/logo\/image\/","url":"https:\/\/www.nexoinformativo.mx\/wp-content\/uploads\/2024\/07\/nexoi-trasparente-2.png","contentUrl":"https:\/\/www.nexoinformativo.mx\/wp-content\/uploads\/2024\/07\/nexoi-trasparente-2.png","width":816,"height":339,"caption":"Nexo Informativo Santiago de Quer\u00e9taro"},"image":{"@id":"https:\/\/www.nexoinformativo.mx\/#\/schema\/logo\/image\/"},"sameAs":["https:\/\/www.facebook.com\/people\/Nexo-Informativo\/61564066885511\/"]},{"@type":"Person","@id":"https:\/\/www.nexoinformativo.mx\/#\/schema\/person\/7749d380ba08c8ca00d7bc76fd907b7d","name":"Nexo Informativo","image":{"@type":"ImageObject","inLanguage":"es","@id":"https:\/\/www.nexoinformativo.mx\/#\/schema\/person\/image\/","url":"https:\/\/secure.gravatar.com\/avatar\/dde2928154642a13d95f87ddf1ea9718fe2b46760a005c53e41ff5ad610704e6?s=96&d=mm&r=g","contentUrl":"https:\/\/secure.gravatar.com\/avatar\/dde2928154642a13d95f87ddf1ea9718fe2b46760a005c53e41ff5ad610704e6?s=96&d=mm&r=g","caption":"Nexo Informativo"},"url":"https:\/\/www.nexoinformativo.mx\/index.php\/author\/edicion\/"}]}},"_links":{"self":[{"href":"https:\/\/www.nexoinformativo.mx\/index.php\/wp-json\/wp\/v2\/posts\/15755","targetHints":{"allow":["GET"]}}],"collection":[{"href":"https:\/\/www.nexoinformativo.mx\/index.php\/wp-json\/wp\/v2\/posts"}],"about":[{"href":"https:\/\/www.nexoinformativo.mx\/index.php\/wp-json\/wp\/v2\/types\/post"}],"author":[{"embeddable":true,"href":"https:\/\/www.nexoinformativo.mx\/index.php\/wp-json\/wp\/v2\/users\/3"}],"replies":[{"embeddable":true,"href":"https:\/\/www.nexoinformativo.mx\/index.php\/wp-json\/wp\/v2\/comments?post=15755"}],"version-history":[{"count":4,"href":"https:\/\/www.nexoinformativo.mx\/index.php\/wp-json\/wp\/v2\/posts\/15755\/revisions"}],"predecessor-version":[{"id":15757,"href":"https:\/\/www.nexoinformativo.mx\/index.php\/wp-json\/wp\/v2\/posts\/15755\/revisions\/15757"}],"wp:featuredmedia":[{"embeddable":true,"href":"https:\/\/www.nexoinformativo.mx\/index.php\/wp-json\/wp\/v2\/media\/15758"}],"wp:attachment":[{"href":"https:\/\/www.nexoinformativo.mx\/index.php\/wp-json\/wp\/v2\/media?parent=15755"}],"wp:term":[{"taxonomy":"category","embeddable":true,"href":"https:\/\/www.nexoinformativo.mx\/index.php\/wp-json\/wp\/v2\/categories?post=15755"},{"taxonomy":"post_tag","embeddable":true,"href":"https:\/\/www.nexoinformativo.mx\/index.php\/wp-json\/wp\/v2\/tags?post=15755"}],"curies":[{"name":"wp","href":"https:\/\/api.w.org\/{rel}","templated":true}]}}