{"id":15761,"date":"2025-06-10T07:00:52","date_gmt":"2025-06-10T13:00:52","guid":{"rendered":"https:\/\/www.nexoinformativo.mx\/?p=15761"},"modified":"2025-06-10T14:42:37","modified_gmt":"2025-06-10T20:42:37","slug":"la-sep-publica-calendarios-escolares-2025-2026-con-semana-adicional-de-vacaciones","status":"publish","type":"post","link":"https:\/\/www.nexoinformativo.mx\/index.php\/2025\/06\/10\/la-sep-publica-calendarios-escolares-2025-2026-con-semana-adicional-de-vacaciones\/","title":{"rendered":"La SEP publica calendarios escolares 2025-2026 con semana adicional de vacaciones"},"content":{"rendered":"<p style=\"text-align: justify;\" data-sourcepos=\"5:1-5:451\">El secretario de Educaci\u00f3n P\u00fablica, Mario Delgado, anunci\u00f3 la publicaci\u00f3n oficial de los calendarios escolares 2025-2026 para todo el pa\u00eds.<\/p>\n<p>&nbsp;<\/p>\n<p style=\"text-align: justify;\" data-sourcepos=\"5:1-5:451\">Una de las novedades m\u00e1s importantes es la inclusi\u00f3n de una semana adicional de vacaciones, una instrucci\u00f3n directa de la Presidenta Sheinbaum, con el objetivo de fortalecer el bienestar de la comunidad escolar.<\/p>\n<p>&nbsp;<\/p>\n<p style=\"text-align: justify;\" data-sourcepos=\"7:1-7:105\">El ciclo escolar 2025-2026 dar\u00e1 inicio el 1 de septiembre de 2025 y concluir\u00e1 el 15 de julio de 2026.<\/p>\n<p>&nbsp;<\/p>\n<p style=\"text-align: justify;\" data-sourcepos=\"9:1-9:285\">Delgado \u00a0explic\u00f3 que el nuevo calendario establece 185 d\u00edas de clases para educaci\u00f3n preescolar, primaria y secundaria. Para las Escuelas Normales y otras instituciones dedicadas a la formaci\u00f3n de maestras y maestros de Educaci\u00f3n B\u00e1sica, el calendario ser\u00e1 de 190 d\u00edas.<\/p>\n<p>&nbsp;<\/p>\n<p style=\"text-align: justify;\" data-sourcepos=\"15:1-15:410\">Para los planteles de Educaci\u00f3n B\u00e1sica (185 d\u00edas), se contemplan 8\u00a0sesiones de Consejos T\u00e9cnicos Escolares (CTE). Las fechas ser\u00e1n: 26 de septiembre, 31 de octubre y 28 de noviembre de 2025; y para 2026, el 30 de enero, 27 de febrero, 27 de marzo, 29 de mayo y 26 de junio.<\/p>\n<p>&nbsp;<\/p>\n<p style=\"text-align: justify;\" data-sourcepos=\"17:1-17:205\">Adicionalmente, el 7 de enero de 2026 se llevar\u00e1 a cabo un Taller Intensivo para personal con funciones de direcci\u00f3n, seguido por el Taller Intensivo para personal docente los d\u00edas 8 y 9 del mismo mes.<\/p>\n<p>&nbsp;<\/p>\n<p style=\"text-align: justify;\" data-sourcepos=\"21:1-21:217\">Los d\u00edas de suspensi\u00f3n de actividades docentes ser\u00e1n: 16 de septiembre, 17 de noviembre y 25 de diciembre de 2025; en 2026, las suspensiones ser\u00e1n los d\u00edas 1 de enero, 2 de febrero, 16 de marzo, 1, 5 y 15 de mayo.<\/p>\n<p>&nbsp;<\/p>\n<p style=\"text-align: justify;\" data-sourcepos=\"23:1-23:232\">Las vacaciones de invierno se disfrutar\u00e1n del 22 de diciembre de 2025 al 6 de enero de 2026. Por su parte, las vacaciones de Semana Santa ser\u00e1n del 30 de marzo al 10 de abril, reanudando actividades escolares el 13 de abril.<\/p>\n<p>&nbsp;<\/p>\n<p style=\"text-align: justify;\" data-sourcepos=\"25:1-25:278\">El periodo de preinscripci\u00f3n a preescolar, primer grado de primaria y primer grado de secundaria para el ciclo escolar 2026-2027 ser\u00e1 del 3 al 13 de febrero de 2026. El registro de calificaciones se realizar\u00e1 el 14 de noviembre de 2025, 13 de marzo y 3 de julio de 2026.<\/p>\n<p>&nbsp;<\/p>\n<p style=\"text-align: justify;\" data-sourcepos=\"33:1-33:196\">Los estudiantes en pr\u00e1ctica participar\u00e1n en los CTE de los d\u00edas 26 de septiembre, 31 de octubre y 28 de noviembre de 2025, as\u00ed como el 27 de febrero, 27 de marzo, 29 de mayo y 26 de junio de 2026.<\/p>\n<p>&nbsp;<\/p>\n<p style=\"text-align: justify;\" data-sourcepos=\"35:1-35:180\">Los cursos en Normales iniciar\u00e1n el 1 de septiembre de 2025 y finalizar\u00e1n el 23 de enero de 2026. Las actividades se reanudar\u00e1n el 9 de febrero y concluir\u00e1n el 15 de julio de 2026.<\/p>\n<p>&nbsp;<\/p>\n<p style=\"text-align: center;\" data-sourcepos=\"35:1-35:180\"><em><strong>\u00a1Informaci\u00f3n que transforma!<\/strong><\/em><\/p>\n","protected":false},"excerpt":{"rendered":"<p>El secretario de Educaci\u00f3n P\u00fablica, Mario Delgado, anunci\u00f3 la publicaci\u00f3n oficial de los calendarios escolares 2025-2026 para todo el pa\u00eds.<\/p>\n","protected":false},"author":3,"featured_media":15762,"comment_status":"open","ping_status":"open","sticky":false,"template":"","format":"standard","meta":{"footnotes":""},"categories":[88,58],"tags":[3072,4737,3012,538],"class_list":["post-15761","post","type-post","status-publish","format-standard","has-post-thumbnail","hentry","category-nacional","category-ultima-hora","tag-calendarioescolar","tag-cicloescolar2026","tag-educacionmexico","tag-sep"],"yoast_head":"<!-- This site is optimized with the Yoast SEO plugin v25.0 - https:\/\/yoast.com\/wordpress\/plugins\/seo\/ -->\n<title>La SEP publica calendarios escolares 2025-2026 con semana adicional de vacaciones | Nexo Informativo Santiago de Quer\u00e9taro<\/title>\n<meta name=\"description\" content=\"La SEP publica calendarios Escolares 2025-2026 con semana adicional de vacaciones\" \/>\n<meta name=\"robots\" content=\"index, follow, max-snippet:-1, max-image-preview:large, max-video-preview:-1\" \/>\n<link rel=\"canonical\" href=\"https:\/\/www.nexoinformativo.mx\/index.php\/2025\/06\/10\/la-sep-publica-calendarios-escolares-2025-2026-con-semana-adicional-de-vacaciones\/\" \/>\n<meta property=\"og:locale\" content=\"es_MX\" \/>\n<meta property=\"og:type\" content=\"article\" \/>\n<meta property=\"og:title\" content=\"La SEP publica calendarios escolares 2025-2026 con semana adicional de vacaciones | Nexo Informativo Santiago de Quer\u00e9taro\" \/>\n<meta property=\"og:description\" content=\"La SEP publica calendarios Escolares 2025-2026 con semana adicional de vacaciones\" \/>\n<meta property=\"og:url\" content=\"https:\/\/www.nexoinformativo.mx\/index.php\/2025\/06\/10\/la-sep-publica-calendarios-escolares-2025-2026-con-semana-adicional-de-vacaciones\/\" \/>\n<meta property=\"og:site_name\" content=\"Nexo Informativo Santiago de Quer\u00e9taro\" \/>\n<meta property=\"article:publisher\" content=\"https:\/\/www.facebook.com\/people\/Nexo-Informativo\/61564066885511\/\" \/>\n<meta property=\"article:published_time\" content=\"2025-06-10T13:00:52+00:00\" \/>\n<meta property=\"article:modified_time\" content=\"2025-06-10T20:42:37+00:00\" \/>\n<meta property=\"og:image\" content=\"https:\/\/www.nexoinformativo.mx\/wp-content\/uploads\/2025\/06\/IMG_3806-e1749587985126.jpg\" \/>\n\t<meta property=\"og:image:width\" content=\"800\" \/>\n\t<meta property=\"og:image:height\" content=\"745\" \/>\n\t<meta property=\"og:image:type\" content=\"image\/jpeg\" \/>\n<meta name=\"author\" content=\"Nexo Informativo\" \/>\n<meta name=\"twitter:card\" content=\"summary_large_image\" \/>\n<meta name=\"twitter:label1\" content=\"Escrito por\" \/>\n\t<meta name=\"twitter:data1\" content=\"Nexo Informativo\" \/>\n\t<meta name=\"twitter:label2\" content=\"Tiempo de lectura\" \/>\n\t<meta name=\"twitter:data2\" content=\"3 minutos\" \/>\n<script type=\"application\/ld+json\" class=\"yoast-schema-graph\">{\"@context\":\"https:\/\/schema.org\",\"@graph\":[{\"@type\":\"Article\",\"@id\":\"https:\/\/www.nexoinformativo.mx\/index.php\/2025\/06\/10\/la-sep-publica-calendarios-escolares-2025-2026-con-semana-adicional-de-vacaciones\/#article\",\"isPartOf\":{\"@id\":\"https:\/\/www.nexoinformativo.mx\/index.php\/2025\/06\/10\/la-sep-publica-calendarios-escolares-2025-2026-con-semana-adicional-de-vacaciones\/\"},\"author\":{\"name\":\"Nexo Informativo\",\"@id\":\"https:\/\/www.nexoinformativo.mx\/#\/schema\/person\/7749d380ba08c8ca00d7bc76fd907b7d\"},\"headline\":\"La SEP publica calendarios escolares 2025-2026 con semana adicional de vacaciones\",\"datePublished\":\"2025-06-10T13:00:52+00:00\",\"dateModified\":\"2025-06-10T20:42:37+00:00\",\"mainEntityOfPage\":{\"@id\":\"https:\/\/www.nexoinformativo.mx\/index.php\/2025\/06\/10\/la-sep-publica-calendarios-escolares-2025-2026-con-semana-adicional-de-vacaciones\/\"},\"wordCount\":409,\"commentCount\":0,\"publisher\":{\"@id\":\"https:\/\/www.nexoinformativo.mx\/#organization\"},\"image\":{\"@id\":\"https:\/\/www.nexoinformativo.mx\/index.php\/2025\/06\/10\/la-sep-publica-calendarios-escolares-2025-2026-con-semana-adicional-de-vacaciones\/#primaryimage\"},\"thumbnailUrl\":\"https:\/\/www.nexoinformativo.mx\/wp-content\/uploads\/2025\/06\/IMG_3806-e1749587985126.jpg\",\"keywords\":[\"CalendarioEscolar\",\"CicloEscolar2026\",\"Educaci\u00f3nM\u00e9xico\",\"SEP\"],\"articleSection\":[\"Nacional\",\"\u00daltima Hora\"],\"inLanguage\":\"es\",\"potentialAction\":[{\"@type\":\"CommentAction\",\"name\":\"Comment\",\"target\":[\"https:\/\/www.nexoinformativo.mx\/index.php\/2025\/06\/10\/la-sep-publica-calendarios-escolares-2025-2026-con-semana-adicional-de-vacaciones\/#respond\"]}]},{\"@type\":\"WebPage\",\"@id\":\"https:\/\/www.nexoinformativo.mx\/index.php\/2025\/06\/10\/la-sep-publica-calendarios-escolares-2025-2026-con-semana-adicional-de-vacaciones\/\",\"url\":\"https:\/\/www.nexoinformativo.mx\/index.php\/2025\/06\/10\/la-sep-publica-calendarios-escolares-2025-2026-con-semana-adicional-de-vacaciones\/\",\"name\":\"La SEP publica calendarios escolares 2025-2026 con semana adicional de vacaciones | Nexo Informativo Santiago de Quer\u00e9taro\",\"isPartOf\":{\"@id\":\"https:\/\/www.nexoinformativo.mx\/#website\"},\"primaryImageOfPage\":{\"@id\":\"https:\/\/www.nexoinformativo.mx\/index.php\/2025\/06\/10\/la-sep-publica-calendarios-escolares-2025-2026-con-semana-adicional-de-vacaciones\/#primaryimage\"},\"image\":{\"@id\":\"https:\/\/www.nexoinformativo.mx\/index.php\/2025\/06\/10\/la-sep-publica-calendarios-escolares-2025-2026-con-semana-adicional-de-vacaciones\/#primaryimage\"},\"thumbnailUrl\":\"https:\/\/www.nexoinformativo.mx\/wp-content\/uploads\/2025\/06\/IMG_3806-e1749587985126.jpg\",\"datePublished\":\"2025-06-10T13:00:52+00:00\",\"dateModified\":\"2025-06-10T20:42:37+00:00\",\"description\":\"La SEP publica calendarios Escolares 2025-2026 con semana adicional de vacaciones\",\"breadcrumb\":{\"@id\":\"https:\/\/www.nexoinformativo.mx\/index.php\/2025\/06\/10\/la-sep-publica-calendarios-escolares-2025-2026-con-semana-adicional-de-vacaciones\/#breadcrumb\"},\"inLanguage\":\"es\",\"potentialAction\":[{\"@type\":\"ReadAction\",\"target\":[\"https:\/\/www.nexoinformativo.mx\/index.php\/2025\/06\/10\/la-sep-publica-calendarios-escolares-2025-2026-con-semana-adicional-de-vacaciones\/\"]}]},{\"@type\":\"ImageObject\",\"inLanguage\":\"es\",\"@id\":\"https:\/\/www.nexoinformativo.mx\/index.php\/2025\/06\/10\/la-sep-publica-calendarios-escolares-2025-2026-con-semana-adicional-de-vacaciones\/#primaryimage\",\"url\":\"https:\/\/www.nexoinformativo.mx\/wp-content\/uploads\/2025\/06\/IMG_3806-e1749587985126.jpg\",\"contentUrl\":\"https:\/\/www.nexoinformativo.mx\/wp-content\/uploads\/2025\/06\/IMG_3806-e1749587985126.jpg\",\"width\":800,\"height\":745},{\"@type\":\"BreadcrumbList\",\"@id\":\"https:\/\/www.nexoinformativo.mx\/index.php\/2025\/06\/10\/la-sep-publica-calendarios-escolares-2025-2026-con-semana-adicional-de-vacaciones\/#breadcrumb\",\"itemListElement\":[{\"@type\":\"ListItem\",\"position\":1,\"name\":\"Inicio\",\"item\":\"https:\/\/www.nexoinformativo.mx\/\"},{\"@type\":\"ListItem\",\"position\":2,\"name\":\"La SEP publica calendarios escolares 2025-2026 con semana adicional de vacaciones\"}]},{\"@type\":\"WebSite\",\"@id\":\"https:\/\/www.nexoinformativo.mx\/#website\",\"url\":\"https:\/\/www.nexoinformativo.mx\/\",\"name\":\"Nexo Informativo Santiago de Quer\u00e9taro\",\"description\":\"Explora NexoInformativo y convi\u00e9rtete en parte de una comunidad que valora el conocimiento y la verdad. Tu nexoinformativo es tu puente hacia una comprensi\u00f3n m\u00e1s profunda del mundo que te rodea.\",\"publisher\":{\"@id\":\"https:\/\/www.nexoinformativo.mx\/#organization\"},\"potentialAction\":[{\"@type\":\"SearchAction\",\"target\":{\"@type\":\"EntryPoint\",\"urlTemplate\":\"https:\/\/www.nexoinformativo.mx\/?s={search_term_string}\"},\"query-input\":{\"@type\":\"PropertyValueSpecification\",\"valueRequired\":true,\"valueName\":\"search_term_string\"}}],\"inLanguage\":\"es\"},{\"@type\":\"Organization\",\"@id\":\"https:\/\/www.nexoinformativo.mx\/#organization\",\"name\":\"Nexo Informativo Santiago de Quer\u00e9taro\",\"url\":\"https:\/\/www.nexoinformativo.mx\/\",\"logo\":{\"@type\":\"ImageObject\",\"inLanguage\":\"es\",\"@id\":\"https:\/\/www.nexoinformativo.mx\/#\/schema\/logo\/image\/\",\"url\":\"https:\/\/www.nexoinformativo.mx\/wp-content\/uploads\/2024\/07\/nexoi-trasparente-2.png\",\"contentUrl\":\"https:\/\/www.nexoinformativo.mx\/wp-content\/uploads\/2024\/07\/nexoi-trasparente-2.png\",\"width\":816,\"height\":339,\"caption\":\"Nexo Informativo Santiago de Quer\u00e9taro\"},\"image\":{\"@id\":\"https:\/\/www.nexoinformativo.mx\/#\/schema\/logo\/image\/\"},\"sameAs\":[\"https:\/\/www.facebook.com\/people\/Nexo-Informativo\/61564066885511\/\"]},{\"@type\":\"Person\",\"@id\":\"https:\/\/www.nexoinformativo.mx\/#\/schema\/person\/7749d380ba08c8ca00d7bc76fd907b7d\",\"name\":\"Nexo Informativo\",\"image\":{\"@type\":\"ImageObject\",\"inLanguage\":\"es\",\"@id\":\"https:\/\/www.nexoinformativo.mx\/#\/schema\/person\/image\/\",\"url\":\"https:\/\/secure.gravatar.com\/avatar\/dde2928154642a13d95f87ddf1ea9718fe2b46760a005c53e41ff5ad610704e6?s=96&d=mm&r=g\",\"contentUrl\":\"https:\/\/secure.gravatar.com\/avatar\/dde2928154642a13d95f87ddf1ea9718fe2b46760a005c53e41ff5ad610704e6?s=96&d=mm&r=g\",\"caption\":\"Nexo Informativo\"},\"url\":\"https:\/\/www.nexoinformativo.mx\/index.php\/author\/edicion\/\"}]}<\/script>\n<!-- \/ Yoast SEO plugin. -->","yoast_head_json":{"title":"La SEP publica calendarios escolares 2025-2026 con semana adicional de vacaciones | Nexo Informativo Santiago de Quer\u00e9taro","description":"La SEP publica calendarios Escolares 2025-2026 con semana adicional de vacaciones","robots":{"index":"index","follow":"follow","max-snippet":"max-snippet:-1","max-image-preview":"max-image-preview:large","max-video-preview":"max-video-preview:-1"},"canonical":"https:\/\/www.nexoinformativo.mx\/index.php\/2025\/06\/10\/la-sep-publica-calendarios-escolares-2025-2026-con-semana-adicional-de-vacaciones\/","og_locale":"es_MX","og_type":"article","og_title":"La SEP publica calendarios escolares 2025-2026 con semana adicional de vacaciones | Nexo Informativo Santiago de Quer\u00e9taro","og_description":"La SEP publica calendarios Escolares 2025-2026 con semana adicional de vacaciones","og_url":"https:\/\/www.nexoinformativo.mx\/index.php\/2025\/06\/10\/la-sep-publica-calendarios-escolares-2025-2026-con-semana-adicional-de-vacaciones\/","og_site_name":"Nexo Informativo Santiago de Quer\u00e9taro","article_publisher":"https:\/\/www.facebook.com\/people\/Nexo-Informativo\/61564066885511\/","article_published_time":"2025-06-10T13:00:52+00:00","article_modified_time":"2025-06-10T20:42:37+00:00","og_image":[{"width":800,"height":745,"url":"https:\/\/www.nexoinformativo.mx\/wp-content\/uploads\/2025\/06\/IMG_3806-e1749587985126.jpg","type":"image\/jpeg"}],"author":"Nexo Informativo","twitter_card":"summary_large_image","twitter_misc":{"Escrito por":"Nexo Informativo","Tiempo de lectura":"3 minutos"},"schema":{"@context":"https:\/\/schema.org","@graph":[{"@type":"Article","@id":"https:\/\/www.nexoinformativo.mx\/index.php\/2025\/06\/10\/la-sep-publica-calendarios-escolares-2025-2026-con-semana-adicional-de-vacaciones\/#article","isPartOf":{"@id":"https:\/\/www.nexoinformativo.mx\/index.php\/2025\/06\/10\/la-sep-publica-calendarios-escolares-2025-2026-con-semana-adicional-de-vacaciones\/"},"author":{"name":"Nexo Informativo","@id":"https:\/\/www.nexoinformativo.mx\/#\/schema\/person\/7749d380ba08c8ca00d7bc76fd907b7d"},"headline":"La SEP publica calendarios escolares 2025-2026 con semana adicional de vacaciones","datePublished":"2025-06-10T13:00:52+00:00","dateModified":"2025-06-10T20:42:37+00:00","mainEntityOfPage":{"@id":"https:\/\/www.nexoinformativo.mx\/index.php\/2025\/06\/10\/la-sep-publica-calendarios-escolares-2025-2026-con-semana-adicional-de-vacaciones\/"},"wordCount":409,"commentCount":0,"publisher":{"@id":"https:\/\/www.nexoinformativo.mx\/#organization"},"image":{"@id":"https:\/\/www.nexoinformativo.mx\/index.php\/2025\/06\/10\/la-sep-publica-calendarios-escolares-2025-2026-con-semana-adicional-de-vacaciones\/#primaryimage"},"thumbnailUrl":"https:\/\/www.nexoinformativo.mx\/wp-content\/uploads\/2025\/06\/IMG_3806-e1749587985126.jpg","keywords":["CalendarioEscolar","CicloEscolar2026","Educaci\u00f3nM\u00e9xico","SEP"],"articleSection":["Nacional","\u00daltima Hora"],"inLanguage":"es","potentialAction":[{"@type":"CommentAction","name":"Comment","target":["https:\/\/www.nexoinformativo.mx\/index.php\/2025\/06\/10\/la-sep-publica-calendarios-escolares-2025-2026-con-semana-adicional-de-vacaciones\/#respond"]}]},{"@type":"WebPage","@id":"https:\/\/www.nexoinformativo.mx\/index.php\/2025\/06\/10\/la-sep-publica-calendarios-escolares-2025-2026-con-semana-adicional-de-vacaciones\/","url":"https:\/\/www.nexoinformativo.mx\/index.php\/2025\/06\/10\/la-sep-publica-calendarios-escolares-2025-2026-con-semana-adicional-de-vacaciones\/","name":"La SEP publica calendarios escolares 2025-2026 con semana adicional de vacaciones | Nexo Informativo Santiago de Quer\u00e9taro","isPartOf":{"@id":"https:\/\/www.nexoinformativo.mx\/#website"},"primaryImageOfPage":{"@id":"https:\/\/www.nexoinformativo.mx\/index.php\/2025\/06\/10\/la-sep-publica-calendarios-escolares-2025-2026-con-semana-adicional-de-vacaciones\/#primaryimage"},"image":{"@id":"https:\/\/www.nexoinformativo.mx\/index.php\/2025\/06\/10\/la-sep-publica-calendarios-escolares-2025-2026-con-semana-adicional-de-vacaciones\/#primaryimage"},"thumbnailUrl":"https:\/\/www.nexoinformativo.mx\/wp-content\/uploads\/2025\/06\/IMG_3806-e1749587985126.jpg","datePublished":"2025-06-10T13:00:52+00:00","dateModified":"2025-06-10T20:42:37+00:00","description":"La SEP publica calendarios Escolares 2025-2026 con semana adicional de vacaciones","breadcrumb":{"@id":"https:\/\/www.nexoinformativo.mx\/index.php\/2025\/06\/10\/la-sep-publica-calendarios-escolares-2025-2026-con-semana-adicional-de-vacaciones\/#breadcrumb"},"inLanguage":"es","potentialAction":[{"@type":"ReadAction","target":["https:\/\/www.nexoinformativo.mx\/index.php\/2025\/06\/10\/la-sep-publica-calendarios-escolares-2025-2026-con-semana-adicional-de-vacaciones\/"]}]},{"@type":"ImageObject","inLanguage":"es","@id":"https:\/\/www.nexoinformativo.mx\/index.php\/2025\/06\/10\/la-sep-publica-calendarios-escolares-2025-2026-con-semana-adicional-de-vacaciones\/#primaryimage","url":"https:\/\/www.nexoinformativo.mx\/wp-content\/uploads\/2025\/06\/IMG_3806-e1749587985126.jpg","contentUrl":"https:\/\/www.nexoinformativo.mx\/wp-content\/uploads\/2025\/06\/IMG_3806-e1749587985126.jpg","width":800,"height":745},{"@type":"BreadcrumbList","@id":"https:\/\/www.nexoinformativo.mx\/index.php\/2025\/06\/10\/la-sep-publica-calendarios-escolares-2025-2026-con-semana-adicional-de-vacaciones\/#breadcrumb","itemListElement":[{"@type":"ListItem","position":1,"name":"Inicio","item":"https:\/\/www.nexoinformativo.mx\/"},{"@type":"ListItem","position":2,"name":"La SEP publica calendarios escolares 2025-2026 con semana adicional de vacaciones"}]},{"@type":"WebSite","@id":"https:\/\/www.nexoinformativo.mx\/#website","url":"https:\/\/www.nexoinformativo.mx\/","name":"Nexo Informativo Santiago de Quer\u00e9taro","description":"Explora NexoInformativo y convi\u00e9rtete en parte de una comunidad que valora el conocimiento y la verdad. Tu nexoinformativo es tu puente hacia una comprensi\u00f3n m\u00e1s profunda del mundo que te rodea.","publisher":{"@id":"https:\/\/www.nexoinformativo.mx\/#organization"},"potentialAction":[{"@type":"SearchAction","target":{"@type":"EntryPoint","urlTemplate":"https:\/\/www.nexoinformativo.mx\/?s={search_term_string}"},"query-input":{"@type":"PropertyValueSpecification","valueRequired":true,"valueName":"search_term_string"}}],"inLanguage":"es"},{"@type":"Organization","@id":"https:\/\/www.nexoinformativo.mx\/#organization","name":"Nexo Informativo Santiago de Quer\u00e9taro","url":"https:\/\/www.nexoinformativo.mx\/","logo":{"@type":"ImageObject","inLanguage":"es","@id":"https:\/\/www.nexoinformativo.mx\/#\/schema\/logo\/image\/","url":"https:\/\/www.nexoinformativo.mx\/wp-content\/uploads\/2024\/07\/nexoi-trasparente-2.png","contentUrl":"https:\/\/www.nexoinformativo.mx\/wp-content\/uploads\/2024\/07\/nexoi-trasparente-2.png","width":816,"height":339,"caption":"Nexo Informativo Santiago de Quer\u00e9taro"},"image":{"@id":"https:\/\/www.nexoinformativo.mx\/#\/schema\/logo\/image\/"},"sameAs":["https:\/\/www.facebook.com\/people\/Nexo-Informativo\/61564066885511\/"]},{"@type":"Person","@id":"https:\/\/www.nexoinformativo.mx\/#\/schema\/person\/7749d380ba08c8ca00d7bc76fd907b7d","name":"Nexo Informativo","image":{"@type":"ImageObject","inLanguage":"es","@id":"https:\/\/www.nexoinformativo.mx\/#\/schema\/person\/image\/","url":"https:\/\/secure.gravatar.com\/avatar\/dde2928154642a13d95f87ddf1ea9718fe2b46760a005c53e41ff5ad610704e6?s=96&d=mm&r=g","contentUrl":"https:\/\/secure.gravatar.com\/avatar\/dde2928154642a13d95f87ddf1ea9718fe2b46760a005c53e41ff5ad610704e6?s=96&d=mm&r=g","caption":"Nexo Informativo"},"url":"https:\/\/www.nexoinformativo.mx\/index.php\/author\/edicion\/"}]}},"_links":{"self":[{"href":"https:\/\/www.nexoinformativo.mx\/index.php\/wp-json\/wp\/v2\/posts\/15761","targetHints":{"allow":["GET"]}}],"collection":[{"href":"https:\/\/www.nexoinformativo.mx\/index.php\/wp-json\/wp\/v2\/posts"}],"about":[{"href":"https:\/\/www.nexoinformativo.mx\/index.php\/wp-json\/wp\/v2\/types\/post"}],"author":[{"embeddable":true,"href":"https:\/\/www.nexoinformativo.mx\/index.php\/wp-json\/wp\/v2\/users\/3"}],"replies":[{"embeddable":true,"href":"https:\/\/www.nexoinformativo.mx\/index.php\/wp-json\/wp\/v2\/comments?post=15761"}],"version-history":[{"count":4,"href":"https:\/\/www.nexoinformativo.mx\/index.php\/wp-json\/wp\/v2\/posts\/15761\/revisions"}],"predecessor-version":[{"id":15766,"href":"https:\/\/www.nexoinformativo.mx\/index.php\/wp-json\/wp\/v2\/posts\/15761\/revisions\/15766"}],"wp:featuredmedia":[{"embeddable":true,"href":"https:\/\/www.nexoinformativo.mx\/index.php\/wp-json\/wp\/v2\/media\/15762"}],"wp:attachment":[{"href":"https:\/\/www.nexoinformativo.mx\/index.php\/wp-json\/wp\/v2\/media?parent=15761"}],"wp:term":[{"taxonomy":"category","embeddable":true,"href":"https:\/\/www.nexoinformativo.mx\/index.php\/wp-json\/wp\/v2\/categories?post=15761"},{"taxonomy":"post_tag","embeddable":true,"href":"https:\/\/www.nexoinformativo.mx\/index.php\/wp-json\/wp\/v2\/tags?post=15761"}],"curies":[{"name":"wp","href":"https:\/\/api.w.org\/{rel}","templated":true}]}}