{"id":15772,"date":"2025-06-10T09:00:49","date_gmt":"2025-06-10T15:00:49","guid":{"rendered":"https:\/\/www.nexoinformativo.mx\/?p=15772"},"modified":"2025-06-10T14:51:34","modified_gmt":"2025-06-10T20:51:34","slug":"mexico-lidera-el-combate-a-la-violencia-contra-mujeres-presenta-politicas-de-bienestar-ante-18-paises","status":"publish","type":"post","link":"https:\/\/www.nexoinformativo.mx\/index.php\/2025\/06\/10\/mexico-lidera-el-combate-a-la-violencia-contra-mujeres-presenta-politicas-de-bienestar-ante-18-paises\/","title":{"rendered":"M\u00e9xico lidera el combate a la violencia contra mujeres presenta pol\u00edticas de bienestar ante 18 Pa\u00edses"},"content":{"rendered":"<p style=\"text-align: justify;\" data-sourcepos=\"5:1-5:457\">M\u00e9xico fue sede del Di\u00e1logo Regional de Pol\u00edtica 2025 organizado por el Banco Interamericano de Desarrollo (BID), un foro crucial centrado en la Violencia contra las Mujeres: Hacia un Abordaje Integral y Coordinado.<\/p>\n<\/p>\n<p>&nbsp;<\/p>\n<p style=\"text-align: justify;\" data-sourcepos=\"5:1-5:457\">En este importante evento, la Secretar\u00eda de las Mujeres de M\u00e9xico present\u00f3 sus Pol\u00edticas de Bienestar para las Mujeres ante representantes de 18 gobiernos de Am\u00e9rica Latina y el Caribe.<\/p>\n<\/p>\n<p>&nbsp;<\/p>\n<p style=\"text-align: justify;\" data-sourcepos=\"7:1-7:399\">Ingrid G\u00f3mez Saracibar, subsecretaria para una Vida Libre de Violencias de la Secretar\u00eda de las Mujeres, represent\u00f3 a M\u00e9xico como pa\u00eds anfitri\u00f3n en el acto inaugural.<\/p>\n<\/p>\n<p>&nbsp;<\/p>\n<p style=\"text-align: justify;\" data-sourcepos=\"7:1-7:399\">Saracibar destac\u00f3 la importancia de las pol\u00edticas impulsadas por la Presidenta Claudia Sheinbaum y enfatiz\u00f3 que el combate a las violencias requiere la colaboraci\u00f3n tanto de los gobiernos como de organismos multilaterales.<\/p>\n<\/p>\n<p>&nbsp;<\/p>\n<p style=\"text-align: justify;\" data-sourcepos=\"9:1-9:202\">\u201cNecesitamos generar alianzas estrechas para que en nuestra regi\u00f3n se dejen de vivir y sufrir las violencias hacia las mujeres\u201d, inform\u00f3 la subsecretaria, subrayando la urgencia de trabajar en conjunto.<\/p>\n<\/p>\n<p>&nbsp;<\/p>\n<p style=\"text-align: justify;\" data-sourcepos=\"11:1-11:526\">Por su parte, Laura Ripani, representante del BID en M\u00e9xico, reconoci\u00f3 el compromiso del Gobierno de M\u00e9xico en la prevenci\u00f3n y atenci\u00f3n de la violencia contra las mujeres, particularmente a trav\u00e9s de las iniciativas lideradas por la Secretar\u00eda de las Mujeres.<\/p>\n<\/p>\n<p>&nbsp;<\/p>\n<p style=\"text-align: justify;\" data-sourcepos=\"19:1-19:297\">La subsecretaria G\u00f3mez Saracibar detall\u00f3 las acciones que M\u00e9xico est\u00e1 implementando: se trabaja en la creaci\u00f3n de 678 Centros LIBRE en todo el pa\u00eds y la Red Nacional de Abogadas de las Mujeres ya cuenta con 160 litigantes dedicadas a la defensa estrat\u00e9gica en casos de violencia de g\u00e9nero.<\/p>\n<\/p>\n<p>&nbsp;<\/p>\n<p style=\"text-align: justify;\" data-sourcepos=\"21:1-21:304\">Adem\u00e1s, inform\u00f3 sobre los trabajos en marcha con la Red de Tejedoras de la Patria, las Asambleas de Mujeres \u201cVoces por la Igualdad y contra las Violencias\u201d, y la distribuci\u00f3n y lectura de la Cartilla de Derechos de las Mujeres, todas iniciativas que buscan empoderar y proteger a las mujeres.<\/p>\n<\/p>\n<p>&nbsp;<\/p>\n<p style=\"text-align: center;\" data-sourcepos=\"21:1-21:304\"><em><strong>\u00a1Informaci\u00f3n que transforma!<\/strong><\/em><\/p>\n","protected":false},"excerpt":{"rendered":"<p>M\u00e9xico fue sede del Di\u00e1logo Regional de Pol\u00edtica 2025 organizado por el Banco Interamericano de Desarrollo (BID), un foro crucial centrado en la Violencia contra las Mujeres: Hacia un Abordaje Integral y Coordinado.<\/p>\n","protected":false},"author":3,"featured_media":15773,"comment_status":"open","ping_status":"open","sticky":false,"template":"","format":"standard","meta":{"footnotes":""},"categories":[88,58],"tags":[4741,4740,2914,3705],"class_list":["post-15772","post","type-post","status-publish","format-standard","has-post-thumbnail","hentry","category-nacional","category-ultima-hora","tag-bid","tag-mexicoporlasmujeres","tag-mujeresbienestar","tag-violenciacero"],"yoast_head":"<!-- This site is optimized with the Yoast SEO plugin v25.0 - https:\/\/yoast.com\/wordpress\/plugins\/seo\/ -->\n<title>M\u00e9xico lidera el combate a la violencia contra mujeres presenta pol\u00edticas de bienestar ante 18 Pa\u00edses | Nexo Informativo Santiago de Quer\u00e9taro<\/title>\n<meta name=\"description\" content=\"M\u00e9xico lidera el combate a la violencia contra mujeres presenta pol\u00edticas de bienestar ante 18 Pa\u00edses\" \/>\n<meta name=\"robots\" content=\"index, follow, max-snippet:-1, max-image-preview:large, max-video-preview:-1\" \/>\n<link rel=\"canonical\" href=\"https:\/\/www.nexoinformativo.mx\/index.php\/2025\/06\/10\/mexico-lidera-el-combate-a-la-violencia-contra-mujeres-presenta-politicas-de-bienestar-ante-18-paises\/\" \/>\n<meta property=\"og:locale\" content=\"es_MX\" \/>\n<meta property=\"og:type\" content=\"article\" \/>\n<meta property=\"og:title\" content=\"M\u00e9xico lidera el combate a la violencia contra mujeres presenta pol\u00edticas de bienestar ante 18 Pa\u00edses | Nexo Informativo Santiago de Quer\u00e9taro\" \/>\n<meta property=\"og:description\" content=\"M\u00e9xico lidera el combate a la violencia contra mujeres presenta pol\u00edticas de bienestar ante 18 Pa\u00edses\" \/>\n<meta property=\"og:url\" content=\"https:\/\/www.nexoinformativo.mx\/index.php\/2025\/06\/10\/mexico-lidera-el-combate-a-la-violencia-contra-mujeres-presenta-politicas-de-bienestar-ante-18-paises\/\" \/>\n<meta property=\"og:site_name\" content=\"Nexo Informativo Santiago de Quer\u00e9taro\" \/>\n<meta property=\"article:publisher\" content=\"https:\/\/www.facebook.com\/people\/Nexo-Informativo\/61564066885511\/\" \/>\n<meta property=\"article:published_time\" content=\"2025-06-10T15:00:49+00:00\" \/>\n<meta property=\"article:modified_time\" content=\"2025-06-10T20:51:34+00:00\" \/>\n<meta property=\"og:image\" content=\"https:\/\/www.nexoinformativo.mx\/wp-content\/uploads\/2025\/06\/IMG_3808.jpg\" \/>\n\t<meta property=\"og:image:width\" content=\"650\" \/>\n\t<meta property=\"og:image:height\" content=\"380\" \/>\n\t<meta property=\"og:image:type\" content=\"image\/jpeg\" \/>\n<meta name=\"author\" content=\"Nexo Informativo\" \/>\n<meta name=\"twitter:card\" content=\"summary_large_image\" \/>\n<meta name=\"twitter:label1\" content=\"Escrito por\" \/>\n\t<meta name=\"twitter:data1\" content=\"Nexo Informativo\" \/>\n\t<meta name=\"twitter:label2\" content=\"Tiempo de lectura\" \/>\n\t<meta name=\"twitter:data2\" content=\"2 minutos\" \/>\n<script type=\"application\/ld+json\" class=\"yoast-schema-graph\">{\"@context\":\"https:\/\/schema.org\",\"@graph\":[{\"@type\":\"Article\",\"@id\":\"https:\/\/www.nexoinformativo.mx\/index.php\/2025\/06\/10\/mexico-lidera-el-combate-a-la-violencia-contra-mujeres-presenta-politicas-de-bienestar-ante-18-paises\/#article\",\"isPartOf\":{\"@id\":\"https:\/\/www.nexoinformativo.mx\/index.php\/2025\/06\/10\/mexico-lidera-el-combate-a-la-violencia-contra-mujeres-presenta-politicas-de-bienestar-ante-18-paises\/\"},\"author\":{\"name\":\"Nexo Informativo\",\"@id\":\"https:\/\/www.nexoinformativo.mx\/#\/schema\/person\/7749d380ba08c8ca00d7bc76fd907b7d\"},\"headline\":\"M\u00e9xico lidera el combate a la violencia contra mujeres presenta pol\u00edticas de bienestar ante 18 Pa\u00edses\",\"datePublished\":\"2025-06-10T15:00:49+00:00\",\"dateModified\":\"2025-06-10T20:51:34+00:00\",\"mainEntityOfPage\":{\"@id\":\"https:\/\/www.nexoinformativo.mx\/index.php\/2025\/06\/10\/mexico-lidera-el-combate-a-la-violencia-contra-mujeres-presenta-politicas-de-bienestar-ante-18-paises\/\"},\"wordCount\":346,\"commentCount\":0,\"publisher\":{\"@id\":\"https:\/\/www.nexoinformativo.mx\/#organization\"},\"image\":{\"@id\":\"https:\/\/www.nexoinformativo.mx\/index.php\/2025\/06\/10\/mexico-lidera-el-combate-a-la-violencia-contra-mujeres-presenta-politicas-de-bienestar-ante-18-paises\/#primaryimage\"},\"thumbnailUrl\":\"https:\/\/www.nexoinformativo.mx\/wp-content\/uploads\/2025\/06\/IMG_3808.jpg\",\"keywords\":[\"BID\",\"M\u00e9xicoPorLasMujeres\",\"MujeresBienestar\",\"ViolenciaCero\"],\"articleSection\":[\"Nacional\",\"\u00daltima Hora\"],\"inLanguage\":\"es\",\"potentialAction\":[{\"@type\":\"CommentAction\",\"name\":\"Comment\",\"target\":[\"https:\/\/www.nexoinformativo.mx\/index.php\/2025\/06\/10\/mexico-lidera-el-combate-a-la-violencia-contra-mujeres-presenta-politicas-de-bienestar-ante-18-paises\/#respond\"]}]},{\"@type\":\"WebPage\",\"@id\":\"https:\/\/www.nexoinformativo.mx\/index.php\/2025\/06\/10\/mexico-lidera-el-combate-a-la-violencia-contra-mujeres-presenta-politicas-de-bienestar-ante-18-paises\/\",\"url\":\"https:\/\/www.nexoinformativo.mx\/index.php\/2025\/06\/10\/mexico-lidera-el-combate-a-la-violencia-contra-mujeres-presenta-politicas-de-bienestar-ante-18-paises\/\",\"name\":\"M\u00e9xico lidera el combate a la violencia contra mujeres presenta pol\u00edticas de bienestar ante 18 Pa\u00edses | Nexo Informativo Santiago de Quer\u00e9taro\",\"isPartOf\":{\"@id\":\"https:\/\/www.nexoinformativo.mx\/#website\"},\"primaryImageOfPage\":{\"@id\":\"https:\/\/www.nexoinformativo.mx\/index.php\/2025\/06\/10\/mexico-lidera-el-combate-a-la-violencia-contra-mujeres-presenta-politicas-de-bienestar-ante-18-paises\/#primaryimage\"},\"image\":{\"@id\":\"https:\/\/www.nexoinformativo.mx\/index.php\/2025\/06\/10\/mexico-lidera-el-combate-a-la-violencia-contra-mujeres-presenta-politicas-de-bienestar-ante-18-paises\/#primaryimage\"},\"thumbnailUrl\":\"https:\/\/www.nexoinformativo.mx\/wp-content\/uploads\/2025\/06\/IMG_3808.jpg\",\"datePublished\":\"2025-06-10T15:00:49+00:00\",\"dateModified\":\"2025-06-10T20:51:34+00:00\",\"description\":\"M\u00e9xico lidera el combate a la violencia contra mujeres presenta pol\u00edticas de bienestar ante 18 Pa\u00edses\",\"breadcrumb\":{\"@id\":\"https:\/\/www.nexoinformativo.mx\/index.php\/2025\/06\/10\/mexico-lidera-el-combate-a-la-violencia-contra-mujeres-presenta-politicas-de-bienestar-ante-18-paises\/#breadcrumb\"},\"inLanguage\":\"es\",\"potentialAction\":[{\"@type\":\"ReadAction\",\"target\":[\"https:\/\/www.nexoinformativo.mx\/index.php\/2025\/06\/10\/mexico-lidera-el-combate-a-la-violencia-contra-mujeres-presenta-politicas-de-bienestar-ante-18-paises\/\"]}]},{\"@type\":\"ImageObject\",\"inLanguage\":\"es\",\"@id\":\"https:\/\/www.nexoinformativo.mx\/index.php\/2025\/06\/10\/mexico-lidera-el-combate-a-la-violencia-contra-mujeres-presenta-politicas-de-bienestar-ante-18-paises\/#primaryimage\",\"url\":\"https:\/\/www.nexoinformativo.mx\/wp-content\/uploads\/2025\/06\/IMG_3808.jpg\",\"contentUrl\":\"https:\/\/www.nexoinformativo.mx\/wp-content\/uploads\/2025\/06\/IMG_3808.jpg\",\"width\":650,\"height\":380},{\"@type\":\"BreadcrumbList\",\"@id\":\"https:\/\/www.nexoinformativo.mx\/index.php\/2025\/06\/10\/mexico-lidera-el-combate-a-la-violencia-contra-mujeres-presenta-politicas-de-bienestar-ante-18-paises\/#breadcrumb\",\"itemListElement\":[{\"@type\":\"ListItem\",\"position\":1,\"name\":\"Inicio\",\"item\":\"https:\/\/www.nexoinformativo.mx\/\"},{\"@type\":\"ListItem\",\"position\":2,\"name\":\"M\u00e9xico lidera el combate a la violencia contra mujeres presenta pol\u00edticas de bienestar ante 18 Pa\u00edses\"}]},{\"@type\":\"WebSite\",\"@id\":\"https:\/\/www.nexoinformativo.mx\/#website\",\"url\":\"https:\/\/www.nexoinformativo.mx\/\",\"name\":\"Nexo Informativo Santiago de Quer\u00e9taro\",\"description\":\"Explora NexoInformativo y convi\u00e9rtete en parte de una comunidad que valora el conocimiento y la verdad. Tu nexoinformativo es tu puente hacia una comprensi\u00f3n m\u00e1s profunda del mundo que te rodea.\",\"publisher\":{\"@id\":\"https:\/\/www.nexoinformativo.mx\/#organization\"},\"potentialAction\":[{\"@type\":\"SearchAction\",\"target\":{\"@type\":\"EntryPoint\",\"urlTemplate\":\"https:\/\/www.nexoinformativo.mx\/?s={search_term_string}\"},\"query-input\":{\"@type\":\"PropertyValueSpecification\",\"valueRequired\":true,\"valueName\":\"search_term_string\"}}],\"inLanguage\":\"es\"},{\"@type\":\"Organization\",\"@id\":\"https:\/\/www.nexoinformativo.mx\/#organization\",\"name\":\"Nexo Informativo Santiago de Quer\u00e9taro\",\"url\":\"https:\/\/www.nexoinformativo.mx\/\",\"logo\":{\"@type\":\"ImageObject\",\"inLanguage\":\"es\",\"@id\":\"https:\/\/www.nexoinformativo.mx\/#\/schema\/logo\/image\/\",\"url\":\"https:\/\/www.nexoinformativo.mx\/wp-content\/uploads\/2024\/07\/nexoi-trasparente-2.png\",\"contentUrl\":\"https:\/\/www.nexoinformativo.mx\/wp-content\/uploads\/2024\/07\/nexoi-trasparente-2.png\",\"width\":816,\"height\":339,\"caption\":\"Nexo Informativo Santiago de Quer\u00e9taro\"},\"image\":{\"@id\":\"https:\/\/www.nexoinformativo.mx\/#\/schema\/logo\/image\/\"},\"sameAs\":[\"https:\/\/www.facebook.com\/people\/Nexo-Informativo\/61564066885511\/\"]},{\"@type\":\"Person\",\"@id\":\"https:\/\/www.nexoinformativo.mx\/#\/schema\/person\/7749d380ba08c8ca00d7bc76fd907b7d\",\"name\":\"Nexo Informativo\",\"image\":{\"@type\":\"ImageObject\",\"inLanguage\":\"es\",\"@id\":\"https:\/\/www.nexoinformativo.mx\/#\/schema\/person\/image\/\",\"url\":\"https:\/\/secure.gravatar.com\/avatar\/dde2928154642a13d95f87ddf1ea9718fe2b46760a005c53e41ff5ad610704e6?s=96&d=mm&r=g\",\"contentUrl\":\"https:\/\/secure.gravatar.com\/avatar\/dde2928154642a13d95f87ddf1ea9718fe2b46760a005c53e41ff5ad610704e6?s=96&d=mm&r=g\",\"caption\":\"Nexo Informativo\"},\"url\":\"https:\/\/www.nexoinformativo.mx\/index.php\/author\/edicion\/\"}]}<\/script>\n<!-- \/ Yoast SEO plugin. -->","yoast_head_json":{"title":"M\u00e9xico lidera el combate a la violencia contra mujeres presenta pol\u00edticas de bienestar ante 18 Pa\u00edses | Nexo Informativo Santiago de Quer\u00e9taro","description":"M\u00e9xico lidera el combate a la violencia contra mujeres presenta pol\u00edticas de bienestar ante 18 Pa\u00edses","robots":{"index":"index","follow":"follow","max-snippet":"max-snippet:-1","max-image-preview":"max-image-preview:large","max-video-preview":"max-video-preview:-1"},"canonical":"https:\/\/www.nexoinformativo.mx\/index.php\/2025\/06\/10\/mexico-lidera-el-combate-a-la-violencia-contra-mujeres-presenta-politicas-de-bienestar-ante-18-paises\/","og_locale":"es_MX","og_type":"article","og_title":"M\u00e9xico lidera el combate a la violencia contra mujeres presenta pol\u00edticas de bienestar ante 18 Pa\u00edses | Nexo Informativo Santiago de Quer\u00e9taro","og_description":"M\u00e9xico lidera el combate a la violencia contra mujeres presenta pol\u00edticas de bienestar ante 18 Pa\u00edses","og_url":"https:\/\/www.nexoinformativo.mx\/index.php\/2025\/06\/10\/mexico-lidera-el-combate-a-la-violencia-contra-mujeres-presenta-politicas-de-bienestar-ante-18-paises\/","og_site_name":"Nexo Informativo Santiago de Quer\u00e9taro","article_publisher":"https:\/\/www.facebook.com\/people\/Nexo-Informativo\/61564066885511\/","article_published_time":"2025-06-10T15:00:49+00:00","article_modified_time":"2025-06-10T20:51:34+00:00","og_image":[{"width":650,"height":380,"url":"https:\/\/www.nexoinformativo.mx\/wp-content\/uploads\/2025\/06\/IMG_3808.jpg","type":"image\/jpeg"}],"author":"Nexo Informativo","twitter_card":"summary_large_image","twitter_misc":{"Escrito por":"Nexo Informativo","Tiempo de lectura":"2 minutos"},"schema":{"@context":"https:\/\/schema.org","@graph":[{"@type":"Article","@id":"https:\/\/www.nexoinformativo.mx\/index.php\/2025\/06\/10\/mexico-lidera-el-combate-a-la-violencia-contra-mujeres-presenta-politicas-de-bienestar-ante-18-paises\/#article","isPartOf":{"@id":"https:\/\/www.nexoinformativo.mx\/index.php\/2025\/06\/10\/mexico-lidera-el-combate-a-la-violencia-contra-mujeres-presenta-politicas-de-bienestar-ante-18-paises\/"},"author":{"name":"Nexo Informativo","@id":"https:\/\/www.nexoinformativo.mx\/#\/schema\/person\/7749d380ba08c8ca00d7bc76fd907b7d"},"headline":"M\u00e9xico lidera el combate a la violencia contra mujeres presenta pol\u00edticas de bienestar ante 18 Pa\u00edses","datePublished":"2025-06-10T15:00:49+00:00","dateModified":"2025-06-10T20:51:34+00:00","mainEntityOfPage":{"@id":"https:\/\/www.nexoinformativo.mx\/index.php\/2025\/06\/10\/mexico-lidera-el-combate-a-la-violencia-contra-mujeres-presenta-politicas-de-bienestar-ante-18-paises\/"},"wordCount":346,"commentCount":0,"publisher":{"@id":"https:\/\/www.nexoinformativo.mx\/#organization"},"image":{"@id":"https:\/\/www.nexoinformativo.mx\/index.php\/2025\/06\/10\/mexico-lidera-el-combate-a-la-violencia-contra-mujeres-presenta-politicas-de-bienestar-ante-18-paises\/#primaryimage"},"thumbnailUrl":"https:\/\/www.nexoinformativo.mx\/wp-content\/uploads\/2025\/06\/IMG_3808.jpg","keywords":["BID","M\u00e9xicoPorLasMujeres","MujeresBienestar","ViolenciaCero"],"articleSection":["Nacional","\u00daltima Hora"],"inLanguage":"es","potentialAction":[{"@type":"CommentAction","name":"Comment","target":["https:\/\/www.nexoinformativo.mx\/index.php\/2025\/06\/10\/mexico-lidera-el-combate-a-la-violencia-contra-mujeres-presenta-politicas-de-bienestar-ante-18-paises\/#respond"]}]},{"@type":"WebPage","@id":"https:\/\/www.nexoinformativo.mx\/index.php\/2025\/06\/10\/mexico-lidera-el-combate-a-la-violencia-contra-mujeres-presenta-politicas-de-bienestar-ante-18-paises\/","url":"https:\/\/www.nexoinformativo.mx\/index.php\/2025\/06\/10\/mexico-lidera-el-combate-a-la-violencia-contra-mujeres-presenta-politicas-de-bienestar-ante-18-paises\/","name":"M\u00e9xico lidera el combate a la violencia contra mujeres presenta pol\u00edticas de bienestar ante 18 Pa\u00edses | Nexo Informativo Santiago de Quer\u00e9taro","isPartOf":{"@id":"https:\/\/www.nexoinformativo.mx\/#website"},"primaryImageOfPage":{"@id":"https:\/\/www.nexoinformativo.mx\/index.php\/2025\/06\/10\/mexico-lidera-el-combate-a-la-violencia-contra-mujeres-presenta-politicas-de-bienestar-ante-18-paises\/#primaryimage"},"image":{"@id":"https:\/\/www.nexoinformativo.mx\/index.php\/2025\/06\/10\/mexico-lidera-el-combate-a-la-violencia-contra-mujeres-presenta-politicas-de-bienestar-ante-18-paises\/#primaryimage"},"thumbnailUrl":"https:\/\/www.nexoinformativo.mx\/wp-content\/uploads\/2025\/06\/IMG_3808.jpg","datePublished":"2025-06-10T15:00:49+00:00","dateModified":"2025-06-10T20:51:34+00:00","description":"M\u00e9xico lidera el combate a la violencia contra mujeres presenta pol\u00edticas de bienestar ante 18 Pa\u00edses","breadcrumb":{"@id":"https:\/\/www.nexoinformativo.mx\/index.php\/2025\/06\/10\/mexico-lidera-el-combate-a-la-violencia-contra-mujeres-presenta-politicas-de-bienestar-ante-18-paises\/#breadcrumb"},"inLanguage":"es","potentialAction":[{"@type":"ReadAction","target":["https:\/\/www.nexoinformativo.mx\/index.php\/2025\/06\/10\/mexico-lidera-el-combate-a-la-violencia-contra-mujeres-presenta-politicas-de-bienestar-ante-18-paises\/"]}]},{"@type":"ImageObject","inLanguage":"es","@id":"https:\/\/www.nexoinformativo.mx\/index.php\/2025\/06\/10\/mexico-lidera-el-combate-a-la-violencia-contra-mujeres-presenta-politicas-de-bienestar-ante-18-paises\/#primaryimage","url":"https:\/\/www.nexoinformativo.mx\/wp-content\/uploads\/2025\/06\/IMG_3808.jpg","contentUrl":"https:\/\/www.nexoinformativo.mx\/wp-content\/uploads\/2025\/06\/IMG_3808.jpg","width":650,"height":380},{"@type":"BreadcrumbList","@id":"https:\/\/www.nexoinformativo.mx\/index.php\/2025\/06\/10\/mexico-lidera-el-combate-a-la-violencia-contra-mujeres-presenta-politicas-de-bienestar-ante-18-paises\/#breadcrumb","itemListElement":[{"@type":"ListItem","position":1,"name":"Inicio","item":"https:\/\/www.nexoinformativo.mx\/"},{"@type":"ListItem","position":2,"name":"M\u00e9xico lidera el combate a la violencia contra mujeres presenta pol\u00edticas de bienestar ante 18 Pa\u00edses"}]},{"@type":"WebSite","@id":"https:\/\/www.nexoinformativo.mx\/#website","url":"https:\/\/www.nexoinformativo.mx\/","name":"Nexo Informativo Santiago de Quer\u00e9taro","description":"Explora NexoInformativo y convi\u00e9rtete en parte de una comunidad que valora el conocimiento y la verdad. Tu nexoinformativo es tu puente hacia una comprensi\u00f3n m\u00e1s profunda del mundo que te rodea.","publisher":{"@id":"https:\/\/www.nexoinformativo.mx\/#organization"},"potentialAction":[{"@type":"SearchAction","target":{"@type":"EntryPoint","urlTemplate":"https:\/\/www.nexoinformativo.mx\/?s={search_term_string}"},"query-input":{"@type":"PropertyValueSpecification","valueRequired":true,"valueName":"search_term_string"}}],"inLanguage":"es"},{"@type":"Organization","@id":"https:\/\/www.nexoinformativo.mx\/#organization","name":"Nexo Informativo Santiago de Quer\u00e9taro","url":"https:\/\/www.nexoinformativo.mx\/","logo":{"@type":"ImageObject","inLanguage":"es","@id":"https:\/\/www.nexoinformativo.mx\/#\/schema\/logo\/image\/","url":"https:\/\/www.nexoinformativo.mx\/wp-content\/uploads\/2024\/07\/nexoi-trasparente-2.png","contentUrl":"https:\/\/www.nexoinformativo.mx\/wp-content\/uploads\/2024\/07\/nexoi-trasparente-2.png","width":816,"height":339,"caption":"Nexo Informativo Santiago de Quer\u00e9taro"},"image":{"@id":"https:\/\/www.nexoinformativo.mx\/#\/schema\/logo\/image\/"},"sameAs":["https:\/\/www.facebook.com\/people\/Nexo-Informativo\/61564066885511\/"]},{"@type":"Person","@id":"https:\/\/www.nexoinformativo.mx\/#\/schema\/person\/7749d380ba08c8ca00d7bc76fd907b7d","name":"Nexo Informativo","image":{"@type":"ImageObject","inLanguage":"es","@id":"https:\/\/www.nexoinformativo.mx\/#\/schema\/person\/image\/","url":"https:\/\/secure.gravatar.com\/avatar\/dde2928154642a13d95f87ddf1ea9718fe2b46760a005c53e41ff5ad610704e6?s=96&d=mm&r=g","contentUrl":"https:\/\/secure.gravatar.com\/avatar\/dde2928154642a13d95f87ddf1ea9718fe2b46760a005c53e41ff5ad610704e6?s=96&d=mm&r=g","caption":"Nexo Informativo"},"url":"https:\/\/www.nexoinformativo.mx\/index.php\/author\/edicion\/"}]}},"_links":{"self":[{"href":"https:\/\/www.nexoinformativo.mx\/index.php\/wp-json\/wp\/v2\/posts\/15772","targetHints":{"allow":["GET"]}}],"collection":[{"href":"https:\/\/www.nexoinformativo.mx\/index.php\/wp-json\/wp\/v2\/posts"}],"about":[{"href":"https:\/\/www.nexoinformativo.mx\/index.php\/wp-json\/wp\/v2\/types\/post"}],"author":[{"embeddable":true,"href":"https:\/\/www.nexoinformativo.mx\/index.php\/wp-json\/wp\/v2\/users\/3"}],"replies":[{"embeddable":true,"href":"https:\/\/www.nexoinformativo.mx\/index.php\/wp-json\/wp\/v2\/comments?post=15772"}],"version-history":[{"count":3,"href":"https:\/\/www.nexoinformativo.mx\/index.php\/wp-json\/wp\/v2\/posts\/15772\/revisions"}],"predecessor-version":[{"id":15776,"href":"https:\/\/www.nexoinformativo.mx\/index.php\/wp-json\/wp\/v2\/posts\/15772\/revisions\/15776"}],"wp:featuredmedia":[{"embeddable":true,"href":"https:\/\/www.nexoinformativo.mx\/index.php\/wp-json\/wp\/v2\/media\/15773"}],"wp:attachment":[{"href":"https:\/\/www.nexoinformativo.mx\/index.php\/wp-json\/wp\/v2\/media?parent=15772"}],"wp:term":[{"taxonomy":"category","embeddable":true,"href":"https:\/\/www.nexoinformativo.mx\/index.php\/wp-json\/wp\/v2\/categories?post=15772"},{"taxonomy":"post_tag","embeddable":true,"href":"https:\/\/www.nexoinformativo.mx\/index.php\/wp-json\/wp\/v2\/tags?post=15772"}],"curies":[{"name":"wp","href":"https:\/\/api.w.org\/{rel}","templated":true}]}}