{"id":15777,"date":"2025-06-10T10:00:46","date_gmt":"2025-06-10T16:00:46","guid":{"rendered":"https:\/\/www.nexoinformativo.mx\/?p=15777"},"modified":"2025-06-10T14:57:12","modified_gmt":"2025-06-10T20:57:12","slug":"profeco-anuncia-canasta-basica-mas-barata-y-gasolina-en-descenso-para-las-familias-mexicanas","status":"publish","type":"post","link":"https:\/\/www.nexoinformativo.mx\/index.php\/2025\/06\/10\/profeco-anuncia-canasta-basica-mas-barata-y-gasolina-en-descenso-para-las-familias-mexicanas\/","title":{"rendered":"Profeco anuncia Canasta B\u00e1sica m\u00e1s barata y gasolina en descenso para las familias Mexicanas"},"content":{"rendered":"<p style=\"text-align: justify;\" data-sourcepos=\"5:1-5:454\">La Procuradur\u00eda Federal del Consumidor (Profeco) trae excelentes noticias para las familias mexicanas. Iv\u00e1n Escalante Ruiz, titular de la dependencia, anunci\u00f3 hoy que el precio promedio de la canasta b\u00e1sica en todo el pa\u00eds se mantiene por debajo de la meta de $910 pesos.<\/p>\n<p>&nbsp;<\/p>\n<p style=\"text-align: justify;\" data-sourcepos=\"7:1-7:239\">\u201cSon muy buenas noticias para las personas consumidoras que esta canasta, conformada por 24 elementos, no cuesta m\u00e1s del precio meta establecido en el Paquete Contra la Inflaci\u00f3n y la Carest\u00eda (PACIC) de $910 pesos\u201d, afirm\u00f3 Escalante Ruiz.<\/p>\n<p>&nbsp;<\/p>\n<p style=\"text-align: justify;\" data-sourcepos=\"9:1-9:320\">El procurador detall\u00f3 los precios promedio de la canasta b\u00e1sica por regiones, destacando que en todas ellas el costo es menor a los $910 pesos establecidos. Del 26 al 30 de mayo, la regi\u00f3n Norte registr\u00f3 un promedio de $869.52 pesos; el Sureste, $824.90 pesos; el Centro, $862.58 pesos; y el Centro Norte, $852.65 pesos.<\/p>\n<p>&nbsp;<\/p>\n<p style=\"text-align: justify;\" data-sourcepos=\"11:1-11:244\">En cuanto a los precios espec\u00edficos de productos de primera necesidad, el m\u00e1s barato se encontr\u00f3 en Bodega Aurrera Universidad, en Acapulco, Guerrero, por $708.50 pesos. El precio m\u00e1s alto fue de $992.80 pesos en Walmart Hermosillo, Sonora.<\/p>\n<p>&nbsp;<\/p>\n<p style=\"text-align: justify;\" data-sourcepos=\"11:1-11:244\">En cuanto a los combustibles, el procurador destac\u00f3 una disminuci\u00f3n en el precio del litro de gasolina regular por marca. Al 6 de junio, el precio promedio nacional fue de $23.58 pesos.<\/p>\n<p>&nbsp;<\/p>\n<p style=\"text-align: justify;\" data-sourcepos=\"11:1-11:244\">Marcas como Rendichicas, Oxxo Gas, Petro Seven y Pemex mostraron reducciones significativas en sus precios promedio en comparaci\u00f3n con febrero. El precio m\u00e1s justo para el litro de gasolina regular, del 26 de mayo al 1 de junio, se ubic\u00f3 en $23.19 pesos en Las Mejores Estaciones, de grupo Pemex, en Corregidora, Quer\u00e9taro.<\/p>\n<p>&nbsp;<\/p>\n<p style=\"text-align: center;\" data-sourcepos=\"11:1-11:244\"><em><strong>\u00a1Informaci\u00f3n que transforma!<\/strong><\/em><\/p>\n","protected":false},"excerpt":{"rendered":"<p>La Procuradur\u00eda Federal del Consumidor (Profeco) trae excelentes noticias para las familias mexicanas. Iv\u00e1n Escalante Ruiz, titular de la dependencia, anunci\u00f3 hoy que el precio promedio de la canasta b\u00e1sica en todo el pa\u00eds se mantiene por debajo de la meta de $910 pesos.<\/p>\n","protected":false},"author":3,"featured_media":15778,"comment_status":"open","ping_status":"open","sticky":false,"template":"","format":"standard","meta":{"footnotes":""},"categories":[88,58],"tags":[2026,4555,3958,1834],"class_list":["post-15777","post","type-post","status-publish","format-standard","has-post-thumbnail","hentry","category-nacional","category-ultima-hora","tag-canastabasica","tag-economiafamiliar","tag-preciosjustos","tag-profeco"],"yoast_head":"<!-- This site is optimized with the Yoast SEO plugin v25.0 - https:\/\/yoast.com\/wordpress\/plugins\/seo\/ -->\n<title>Profeco anuncia Canasta B\u00e1sica m\u00e1s barata y gasolina en descenso para las familias Mexicanas | Nexo Informativo Santiago de Quer\u00e9taro<\/title>\n<meta name=\"description\" content=\"Profeco anuncia Canasta B\u00e1sica m\u00e1s barata y gasolina en descenso para las familias Mexicanas\" \/>\n<meta name=\"robots\" content=\"index, follow, max-snippet:-1, max-image-preview:large, max-video-preview:-1\" \/>\n<link rel=\"canonical\" href=\"https:\/\/www.nexoinformativo.mx\/index.php\/2025\/06\/10\/profeco-anuncia-canasta-basica-mas-barata-y-gasolina-en-descenso-para-las-familias-mexicanas\/\" \/>\n<meta property=\"og:locale\" content=\"es_MX\" \/>\n<meta property=\"og:type\" content=\"article\" \/>\n<meta property=\"og:title\" content=\"Profeco anuncia Canasta B\u00e1sica m\u00e1s barata y gasolina en descenso para las familias Mexicanas | Nexo Informativo Santiago de Quer\u00e9taro\" \/>\n<meta property=\"og:description\" content=\"Profeco anuncia Canasta B\u00e1sica m\u00e1s barata y gasolina en descenso para las familias Mexicanas\" \/>\n<meta property=\"og:url\" content=\"https:\/\/www.nexoinformativo.mx\/index.php\/2025\/06\/10\/profeco-anuncia-canasta-basica-mas-barata-y-gasolina-en-descenso-para-las-familias-mexicanas\/\" \/>\n<meta property=\"og:site_name\" content=\"Nexo Informativo Santiago de Quer\u00e9taro\" \/>\n<meta property=\"article:publisher\" content=\"https:\/\/www.facebook.com\/people\/Nexo-Informativo\/61564066885511\/\" \/>\n<meta property=\"article:published_time\" content=\"2025-06-10T16:00:46+00:00\" \/>\n<meta property=\"article:modified_time\" content=\"2025-06-10T20:57:12+00:00\" \/>\n<meta property=\"og:image\" content=\"https:\/\/www.nexoinformativo.mx\/wp-content\/uploads\/2025\/06\/IMG_3809-e1749588974821.jpg\" \/>\n\t<meta property=\"og:image:width\" content=\"800\" \/>\n\t<meta property=\"og:image:height\" content=\"451\" \/>\n\t<meta property=\"og:image:type\" content=\"image\/jpeg\" \/>\n<meta name=\"author\" content=\"Nexo Informativo\" \/>\n<meta name=\"twitter:card\" content=\"summary_large_image\" \/>\n<meta name=\"twitter:label1\" content=\"Escrito por\" \/>\n\t<meta name=\"twitter:data1\" content=\"Nexo Informativo\" \/>\n\t<meta name=\"twitter:label2\" content=\"Tiempo de lectura\" \/>\n\t<meta name=\"twitter:data2\" content=\"2 minutos\" \/>\n<script type=\"application\/ld+json\" class=\"yoast-schema-graph\">{\"@context\":\"https:\/\/schema.org\",\"@graph\":[{\"@type\":\"Article\",\"@id\":\"https:\/\/www.nexoinformativo.mx\/index.php\/2025\/06\/10\/profeco-anuncia-canasta-basica-mas-barata-y-gasolina-en-descenso-para-las-familias-mexicanas\/#article\",\"isPartOf\":{\"@id\":\"https:\/\/www.nexoinformativo.mx\/index.php\/2025\/06\/10\/profeco-anuncia-canasta-basica-mas-barata-y-gasolina-en-descenso-para-las-familias-mexicanas\/\"},\"author\":{\"name\":\"Nexo Informativo\",\"@id\":\"https:\/\/www.nexoinformativo.mx\/#\/schema\/person\/7749d380ba08c8ca00d7bc76fd907b7d\"},\"headline\":\"Profeco anuncia Canasta B\u00e1sica m\u00e1s barata y gasolina en descenso para las familias Mexicanas\",\"datePublished\":\"2025-06-10T16:00:46+00:00\",\"dateModified\":\"2025-06-10T20:57:12+00:00\",\"mainEntityOfPage\":{\"@id\":\"https:\/\/www.nexoinformativo.mx\/index.php\/2025\/06\/10\/profeco-anuncia-canasta-basica-mas-barata-y-gasolina-en-descenso-para-las-familias-mexicanas\/\"},\"wordCount\":285,\"commentCount\":0,\"publisher\":{\"@id\":\"https:\/\/www.nexoinformativo.mx\/#organization\"},\"image\":{\"@id\":\"https:\/\/www.nexoinformativo.mx\/index.php\/2025\/06\/10\/profeco-anuncia-canasta-basica-mas-barata-y-gasolina-en-descenso-para-las-familias-mexicanas\/#primaryimage\"},\"thumbnailUrl\":\"https:\/\/www.nexoinformativo.mx\/wp-content\/uploads\/2025\/06\/IMG_3809-e1749588974821.jpg\",\"keywords\":[\"CanastaB\u00e1sica\",\"Econom\u00edaFamiliar\",\"PreciosJustos\",\"Profeco\"],\"articleSection\":[\"Nacional\",\"\u00daltima Hora\"],\"inLanguage\":\"es\",\"potentialAction\":[{\"@type\":\"CommentAction\",\"name\":\"Comment\",\"target\":[\"https:\/\/www.nexoinformativo.mx\/index.php\/2025\/06\/10\/profeco-anuncia-canasta-basica-mas-barata-y-gasolina-en-descenso-para-las-familias-mexicanas\/#respond\"]}]},{\"@type\":\"WebPage\",\"@id\":\"https:\/\/www.nexoinformativo.mx\/index.php\/2025\/06\/10\/profeco-anuncia-canasta-basica-mas-barata-y-gasolina-en-descenso-para-las-familias-mexicanas\/\",\"url\":\"https:\/\/www.nexoinformativo.mx\/index.php\/2025\/06\/10\/profeco-anuncia-canasta-basica-mas-barata-y-gasolina-en-descenso-para-las-familias-mexicanas\/\",\"name\":\"Profeco anuncia Canasta B\u00e1sica m\u00e1s barata y gasolina en descenso para las familias Mexicanas | Nexo Informativo Santiago de Quer\u00e9taro\",\"isPartOf\":{\"@id\":\"https:\/\/www.nexoinformativo.mx\/#website\"},\"primaryImageOfPage\":{\"@id\":\"https:\/\/www.nexoinformativo.mx\/index.php\/2025\/06\/10\/profeco-anuncia-canasta-basica-mas-barata-y-gasolina-en-descenso-para-las-familias-mexicanas\/#primaryimage\"},\"image\":{\"@id\":\"https:\/\/www.nexoinformativo.mx\/index.php\/2025\/06\/10\/profeco-anuncia-canasta-basica-mas-barata-y-gasolina-en-descenso-para-las-familias-mexicanas\/#primaryimage\"},\"thumbnailUrl\":\"https:\/\/www.nexoinformativo.mx\/wp-content\/uploads\/2025\/06\/IMG_3809-e1749588974821.jpg\",\"datePublished\":\"2025-06-10T16:00:46+00:00\",\"dateModified\":\"2025-06-10T20:57:12+00:00\",\"description\":\"Profeco anuncia Canasta B\u00e1sica m\u00e1s barata y gasolina en descenso para las familias Mexicanas\",\"breadcrumb\":{\"@id\":\"https:\/\/www.nexoinformativo.mx\/index.php\/2025\/06\/10\/profeco-anuncia-canasta-basica-mas-barata-y-gasolina-en-descenso-para-las-familias-mexicanas\/#breadcrumb\"},\"inLanguage\":\"es\",\"potentialAction\":[{\"@type\":\"ReadAction\",\"target\":[\"https:\/\/www.nexoinformativo.mx\/index.php\/2025\/06\/10\/profeco-anuncia-canasta-basica-mas-barata-y-gasolina-en-descenso-para-las-familias-mexicanas\/\"]}]},{\"@type\":\"ImageObject\",\"inLanguage\":\"es\",\"@id\":\"https:\/\/www.nexoinformativo.mx\/index.php\/2025\/06\/10\/profeco-anuncia-canasta-basica-mas-barata-y-gasolina-en-descenso-para-las-familias-mexicanas\/#primaryimage\",\"url\":\"https:\/\/www.nexoinformativo.mx\/wp-content\/uploads\/2025\/06\/IMG_3809-e1749588974821.jpg\",\"contentUrl\":\"https:\/\/www.nexoinformativo.mx\/wp-content\/uploads\/2025\/06\/IMG_3809-e1749588974821.jpg\",\"width\":800,\"height\":451},{\"@type\":\"BreadcrumbList\",\"@id\":\"https:\/\/www.nexoinformativo.mx\/index.php\/2025\/06\/10\/profeco-anuncia-canasta-basica-mas-barata-y-gasolina-en-descenso-para-las-familias-mexicanas\/#breadcrumb\",\"itemListElement\":[{\"@type\":\"ListItem\",\"position\":1,\"name\":\"Inicio\",\"item\":\"https:\/\/www.nexoinformativo.mx\/\"},{\"@type\":\"ListItem\",\"position\":2,\"name\":\"Profeco anuncia Canasta B\u00e1sica m\u00e1s barata y gasolina en descenso para las familias Mexicanas\"}]},{\"@type\":\"WebSite\",\"@id\":\"https:\/\/www.nexoinformativo.mx\/#website\",\"url\":\"https:\/\/www.nexoinformativo.mx\/\",\"name\":\"Nexo Informativo Santiago de Quer\u00e9taro\",\"description\":\"Explora NexoInformativo y convi\u00e9rtete en parte de una comunidad que valora el conocimiento y la verdad. Tu nexoinformativo es tu puente hacia una comprensi\u00f3n m\u00e1s profunda del mundo que te rodea.\",\"publisher\":{\"@id\":\"https:\/\/www.nexoinformativo.mx\/#organization\"},\"potentialAction\":[{\"@type\":\"SearchAction\",\"target\":{\"@type\":\"EntryPoint\",\"urlTemplate\":\"https:\/\/www.nexoinformativo.mx\/?s={search_term_string}\"},\"query-input\":{\"@type\":\"PropertyValueSpecification\",\"valueRequired\":true,\"valueName\":\"search_term_string\"}}],\"inLanguage\":\"es\"},{\"@type\":\"Organization\",\"@id\":\"https:\/\/www.nexoinformativo.mx\/#organization\",\"name\":\"Nexo Informativo Santiago de Quer\u00e9taro\",\"url\":\"https:\/\/www.nexoinformativo.mx\/\",\"logo\":{\"@type\":\"ImageObject\",\"inLanguage\":\"es\",\"@id\":\"https:\/\/www.nexoinformativo.mx\/#\/schema\/logo\/image\/\",\"url\":\"https:\/\/www.nexoinformativo.mx\/wp-content\/uploads\/2024\/07\/nexoi-trasparente-2.png\",\"contentUrl\":\"https:\/\/www.nexoinformativo.mx\/wp-content\/uploads\/2024\/07\/nexoi-trasparente-2.png\",\"width\":816,\"height\":339,\"caption\":\"Nexo Informativo Santiago de Quer\u00e9taro\"},\"image\":{\"@id\":\"https:\/\/www.nexoinformativo.mx\/#\/schema\/logo\/image\/\"},\"sameAs\":[\"https:\/\/www.facebook.com\/people\/Nexo-Informativo\/61564066885511\/\"]},{\"@type\":\"Person\",\"@id\":\"https:\/\/www.nexoinformativo.mx\/#\/schema\/person\/7749d380ba08c8ca00d7bc76fd907b7d\",\"name\":\"Nexo Informativo\",\"image\":{\"@type\":\"ImageObject\",\"inLanguage\":\"es\",\"@id\":\"https:\/\/www.nexoinformativo.mx\/#\/schema\/person\/image\/\",\"url\":\"https:\/\/secure.gravatar.com\/avatar\/dde2928154642a13d95f87ddf1ea9718fe2b46760a005c53e41ff5ad610704e6?s=96&d=mm&r=g\",\"contentUrl\":\"https:\/\/secure.gravatar.com\/avatar\/dde2928154642a13d95f87ddf1ea9718fe2b46760a005c53e41ff5ad610704e6?s=96&d=mm&r=g\",\"caption\":\"Nexo Informativo\"},\"url\":\"https:\/\/www.nexoinformativo.mx\/index.php\/author\/edicion\/\"}]}<\/script>\n<!-- \/ Yoast SEO plugin. -->","yoast_head_json":{"title":"Profeco anuncia Canasta B\u00e1sica m\u00e1s barata y gasolina en descenso para las familias Mexicanas | Nexo Informativo Santiago de Quer\u00e9taro","description":"Profeco anuncia Canasta B\u00e1sica m\u00e1s barata y gasolina en descenso para las familias Mexicanas","robots":{"index":"index","follow":"follow","max-snippet":"max-snippet:-1","max-image-preview":"max-image-preview:large","max-video-preview":"max-video-preview:-1"},"canonical":"https:\/\/www.nexoinformativo.mx\/index.php\/2025\/06\/10\/profeco-anuncia-canasta-basica-mas-barata-y-gasolina-en-descenso-para-las-familias-mexicanas\/","og_locale":"es_MX","og_type":"article","og_title":"Profeco anuncia Canasta B\u00e1sica m\u00e1s barata y gasolina en descenso para las familias Mexicanas | Nexo Informativo Santiago de Quer\u00e9taro","og_description":"Profeco anuncia Canasta B\u00e1sica m\u00e1s barata y gasolina en descenso para las familias Mexicanas","og_url":"https:\/\/www.nexoinformativo.mx\/index.php\/2025\/06\/10\/profeco-anuncia-canasta-basica-mas-barata-y-gasolina-en-descenso-para-las-familias-mexicanas\/","og_site_name":"Nexo Informativo Santiago de Quer\u00e9taro","article_publisher":"https:\/\/www.facebook.com\/people\/Nexo-Informativo\/61564066885511\/","article_published_time":"2025-06-10T16:00:46+00:00","article_modified_time":"2025-06-10T20:57:12+00:00","og_image":[{"width":800,"height":451,"url":"https:\/\/www.nexoinformativo.mx\/wp-content\/uploads\/2025\/06\/IMG_3809-e1749588974821.jpg","type":"image\/jpeg"}],"author":"Nexo Informativo","twitter_card":"summary_large_image","twitter_misc":{"Escrito por":"Nexo Informativo","Tiempo de lectura":"2 minutos"},"schema":{"@context":"https:\/\/schema.org","@graph":[{"@type":"Article","@id":"https:\/\/www.nexoinformativo.mx\/index.php\/2025\/06\/10\/profeco-anuncia-canasta-basica-mas-barata-y-gasolina-en-descenso-para-las-familias-mexicanas\/#article","isPartOf":{"@id":"https:\/\/www.nexoinformativo.mx\/index.php\/2025\/06\/10\/profeco-anuncia-canasta-basica-mas-barata-y-gasolina-en-descenso-para-las-familias-mexicanas\/"},"author":{"name":"Nexo Informativo","@id":"https:\/\/www.nexoinformativo.mx\/#\/schema\/person\/7749d380ba08c8ca00d7bc76fd907b7d"},"headline":"Profeco anuncia Canasta B\u00e1sica m\u00e1s barata y gasolina en descenso para las familias Mexicanas","datePublished":"2025-06-10T16:00:46+00:00","dateModified":"2025-06-10T20:57:12+00:00","mainEntityOfPage":{"@id":"https:\/\/www.nexoinformativo.mx\/index.php\/2025\/06\/10\/profeco-anuncia-canasta-basica-mas-barata-y-gasolina-en-descenso-para-las-familias-mexicanas\/"},"wordCount":285,"commentCount":0,"publisher":{"@id":"https:\/\/www.nexoinformativo.mx\/#organization"},"image":{"@id":"https:\/\/www.nexoinformativo.mx\/index.php\/2025\/06\/10\/profeco-anuncia-canasta-basica-mas-barata-y-gasolina-en-descenso-para-las-familias-mexicanas\/#primaryimage"},"thumbnailUrl":"https:\/\/www.nexoinformativo.mx\/wp-content\/uploads\/2025\/06\/IMG_3809-e1749588974821.jpg","keywords":["CanastaB\u00e1sica","Econom\u00edaFamiliar","PreciosJustos","Profeco"],"articleSection":["Nacional","\u00daltima Hora"],"inLanguage":"es","potentialAction":[{"@type":"CommentAction","name":"Comment","target":["https:\/\/www.nexoinformativo.mx\/index.php\/2025\/06\/10\/profeco-anuncia-canasta-basica-mas-barata-y-gasolina-en-descenso-para-las-familias-mexicanas\/#respond"]}]},{"@type":"WebPage","@id":"https:\/\/www.nexoinformativo.mx\/index.php\/2025\/06\/10\/profeco-anuncia-canasta-basica-mas-barata-y-gasolina-en-descenso-para-las-familias-mexicanas\/","url":"https:\/\/www.nexoinformativo.mx\/index.php\/2025\/06\/10\/profeco-anuncia-canasta-basica-mas-barata-y-gasolina-en-descenso-para-las-familias-mexicanas\/","name":"Profeco anuncia Canasta B\u00e1sica m\u00e1s barata y gasolina en descenso para las familias Mexicanas | Nexo Informativo Santiago de Quer\u00e9taro","isPartOf":{"@id":"https:\/\/www.nexoinformativo.mx\/#website"},"primaryImageOfPage":{"@id":"https:\/\/www.nexoinformativo.mx\/index.php\/2025\/06\/10\/profeco-anuncia-canasta-basica-mas-barata-y-gasolina-en-descenso-para-las-familias-mexicanas\/#primaryimage"},"image":{"@id":"https:\/\/www.nexoinformativo.mx\/index.php\/2025\/06\/10\/profeco-anuncia-canasta-basica-mas-barata-y-gasolina-en-descenso-para-las-familias-mexicanas\/#primaryimage"},"thumbnailUrl":"https:\/\/www.nexoinformativo.mx\/wp-content\/uploads\/2025\/06\/IMG_3809-e1749588974821.jpg","datePublished":"2025-06-10T16:00:46+00:00","dateModified":"2025-06-10T20:57:12+00:00","description":"Profeco anuncia Canasta B\u00e1sica m\u00e1s barata y gasolina en descenso para las familias Mexicanas","breadcrumb":{"@id":"https:\/\/www.nexoinformativo.mx\/index.php\/2025\/06\/10\/profeco-anuncia-canasta-basica-mas-barata-y-gasolina-en-descenso-para-las-familias-mexicanas\/#breadcrumb"},"inLanguage":"es","potentialAction":[{"@type":"ReadAction","target":["https:\/\/www.nexoinformativo.mx\/index.php\/2025\/06\/10\/profeco-anuncia-canasta-basica-mas-barata-y-gasolina-en-descenso-para-las-familias-mexicanas\/"]}]},{"@type":"ImageObject","inLanguage":"es","@id":"https:\/\/www.nexoinformativo.mx\/index.php\/2025\/06\/10\/profeco-anuncia-canasta-basica-mas-barata-y-gasolina-en-descenso-para-las-familias-mexicanas\/#primaryimage","url":"https:\/\/www.nexoinformativo.mx\/wp-content\/uploads\/2025\/06\/IMG_3809-e1749588974821.jpg","contentUrl":"https:\/\/www.nexoinformativo.mx\/wp-content\/uploads\/2025\/06\/IMG_3809-e1749588974821.jpg","width":800,"height":451},{"@type":"BreadcrumbList","@id":"https:\/\/www.nexoinformativo.mx\/index.php\/2025\/06\/10\/profeco-anuncia-canasta-basica-mas-barata-y-gasolina-en-descenso-para-las-familias-mexicanas\/#breadcrumb","itemListElement":[{"@type":"ListItem","position":1,"name":"Inicio","item":"https:\/\/www.nexoinformativo.mx\/"},{"@type":"ListItem","position":2,"name":"Profeco anuncia Canasta B\u00e1sica m\u00e1s barata y gasolina en descenso para las familias Mexicanas"}]},{"@type":"WebSite","@id":"https:\/\/www.nexoinformativo.mx\/#website","url":"https:\/\/www.nexoinformativo.mx\/","name":"Nexo Informativo Santiago de Quer\u00e9taro","description":"Explora NexoInformativo y convi\u00e9rtete en parte de una comunidad que valora el conocimiento y la verdad. Tu nexoinformativo es tu puente hacia una comprensi\u00f3n m\u00e1s profunda del mundo que te rodea.","publisher":{"@id":"https:\/\/www.nexoinformativo.mx\/#organization"},"potentialAction":[{"@type":"SearchAction","target":{"@type":"EntryPoint","urlTemplate":"https:\/\/www.nexoinformativo.mx\/?s={search_term_string}"},"query-input":{"@type":"PropertyValueSpecification","valueRequired":true,"valueName":"search_term_string"}}],"inLanguage":"es"},{"@type":"Organization","@id":"https:\/\/www.nexoinformativo.mx\/#organization","name":"Nexo Informativo Santiago de Quer\u00e9taro","url":"https:\/\/www.nexoinformativo.mx\/","logo":{"@type":"ImageObject","inLanguage":"es","@id":"https:\/\/www.nexoinformativo.mx\/#\/schema\/logo\/image\/","url":"https:\/\/www.nexoinformativo.mx\/wp-content\/uploads\/2024\/07\/nexoi-trasparente-2.png","contentUrl":"https:\/\/www.nexoinformativo.mx\/wp-content\/uploads\/2024\/07\/nexoi-trasparente-2.png","width":816,"height":339,"caption":"Nexo Informativo Santiago de Quer\u00e9taro"},"image":{"@id":"https:\/\/www.nexoinformativo.mx\/#\/schema\/logo\/image\/"},"sameAs":["https:\/\/www.facebook.com\/people\/Nexo-Informativo\/61564066885511\/"]},{"@type":"Person","@id":"https:\/\/www.nexoinformativo.mx\/#\/schema\/person\/7749d380ba08c8ca00d7bc76fd907b7d","name":"Nexo Informativo","image":{"@type":"ImageObject","inLanguage":"es","@id":"https:\/\/www.nexoinformativo.mx\/#\/schema\/person\/image\/","url":"https:\/\/secure.gravatar.com\/avatar\/dde2928154642a13d95f87ddf1ea9718fe2b46760a005c53e41ff5ad610704e6?s=96&d=mm&r=g","contentUrl":"https:\/\/secure.gravatar.com\/avatar\/dde2928154642a13d95f87ddf1ea9718fe2b46760a005c53e41ff5ad610704e6?s=96&d=mm&r=g","caption":"Nexo Informativo"},"url":"https:\/\/www.nexoinformativo.mx\/index.php\/author\/edicion\/"}]}},"_links":{"self":[{"href":"https:\/\/www.nexoinformativo.mx\/index.php\/wp-json\/wp\/v2\/posts\/15777","targetHints":{"allow":["GET"]}}],"collection":[{"href":"https:\/\/www.nexoinformativo.mx\/index.php\/wp-json\/wp\/v2\/posts"}],"about":[{"href":"https:\/\/www.nexoinformativo.mx\/index.php\/wp-json\/wp\/v2\/types\/post"}],"author":[{"embeddable":true,"href":"https:\/\/www.nexoinformativo.mx\/index.php\/wp-json\/wp\/v2\/users\/3"}],"replies":[{"embeddable":true,"href":"https:\/\/www.nexoinformativo.mx\/index.php\/wp-json\/wp\/v2\/comments?post=15777"}],"version-history":[{"count":4,"href":"https:\/\/www.nexoinformativo.mx\/index.php\/wp-json\/wp\/v2\/posts\/15777\/revisions"}],"predecessor-version":[{"id":15782,"href":"https:\/\/www.nexoinformativo.mx\/index.php\/wp-json\/wp\/v2\/posts\/15777\/revisions\/15782"}],"wp:featuredmedia":[{"embeddable":true,"href":"https:\/\/www.nexoinformativo.mx\/index.php\/wp-json\/wp\/v2\/media\/15778"}],"wp:attachment":[{"href":"https:\/\/www.nexoinformativo.mx\/index.php\/wp-json\/wp\/v2\/media?parent=15777"}],"wp:term":[{"taxonomy":"category","embeddable":true,"href":"https:\/\/www.nexoinformativo.mx\/index.php\/wp-json\/wp\/v2\/categories?post=15777"},{"taxonomy":"post_tag","embeddable":true,"href":"https:\/\/www.nexoinformativo.mx\/index.php\/wp-json\/wp\/v2\/tags?post=15777"}],"curies":[{"name":"wp","href":"https:\/\/api.w.org\/{rel}","templated":true}]}}