{"id":15783,"date":"2025-06-10T11:00:22","date_gmt":"2025-06-10T17:00:22","guid":{"rendered":"https:\/\/www.nexoinformativo.mx\/?p=15783"},"modified":"2025-06-10T15:02:27","modified_gmt":"2025-06-10T21:02:27","slug":"historico-la-ley-silla-garantiza-descanso-y-dignidad-para-millones-de-trabajadores-en-mexico","status":"publish","type":"post","link":"https:\/\/www.nexoinformativo.mx\/index.php\/2025\/06\/10\/historico-la-ley-silla-garantiza-descanso-y-dignidad-para-millones-de-trabajadores-en-mexico\/","title":{"rendered":"Hist\u00f3rico la &#8220;Ley Silla&#8221; garantiza descanso y dignidad para millones de trabajadores en M\u00e9xico"},"content":{"rendered":"<p style=\"text-align: justify;\" data-sourcepos=\"5:1-5:492\">A partir del pr\u00f3ximo 17 de junio de 2025, entrar\u00e1 en vigor la &#8220;Ley Silla&#8221;, una importante reforma a la Ley Federal del Trabajo (LFT) que busca garantizar la dignidad y salud de miles de trabajadores que, por la naturaleza de su empleo, permanecen de pie durante extensas jornadas. Esto incluye a cajeros, personal de seguridad, operadores de manufactura y muchos otros.<\/p>\n<\/p>\n<p>&nbsp;<\/p>\n<p style=\"text-align: justify;\" data-sourcepos=\"7:1-7:367\">El prop\u00f3sito central de esta reforma es prevenir y mitigar afecciones comunes como fatiga, dolores musculares, v\u00e1rices, problemas en rodillas y espalda, entre otros padecimientos generados por las largas horas de pie.<\/p>\n<\/p>\n<p>&nbsp;<\/p>\n<p style=\"text-align: justify;\" data-sourcepos=\"7:1-7:367\">La reforma, que fue publicada en el Diario Oficial de la Federaci\u00f3n (DOF) el 19 de diciembre de 2024, modifica y adiciona varios art\u00edculos de la LFT.<\/p>\n<\/p>\n<p>&nbsp;<\/p>\n<p style=\"text-align: justify;\">Ahora es obligatorio que los patrones provean un n\u00famero suficiente de asientos o sillas con respaldo a disposici\u00f3n de todos los trabajadores en sectores como servicios, comercio y centros de trabajo similares. Esto aplica tanto para la ejecuci\u00f3n de sus funciones como para el descanso peri\u00f3dico durante la jornada laboral.<\/p>\n<\/p>\n<p>&nbsp;<\/p>\n<p style=\"text-align: justify;\">Se proh\u00edbe a los patrones obligar a los trabajadores a permanecer de pie durante toda la jornada laboral, as\u00ed como prohibirles tomar asiento peri\u00f3dicamente mientras realizan sus funciones.<\/p>\n<\/p>\n<p>&nbsp;<\/p>\n<p style=\"text-align: justify;\">\u00a0El reglamento interior de trabajo de cada empresa deber\u00e1 ahora incluir normas que regulen el derecho de los trabajadores a usar asientos o sillas con respaldo durante su jornada.<\/p>\n<\/p>\n<p>&nbsp;<\/p>\n<p style=\"text-align: justify;\">La &#8220;Ley Silla&#8221; promete beneficios significativos para las personas trabajadoras, mejorando sus condiciones laborales, salud y calidad de vida. Al reducir la fatiga y el riesgo de enfermedades asociadas a permanecer de pie, se espera un mejor desempe\u00f1o laboral y una disminuci\u00f3n del ausentismo.<\/p>\n<\/p>\n<p>&nbsp;<\/p>\n<p style=\"text-align: justify;\">Para los empleadores, garantizar el bienestar y la salud de sus trabajadores se traduce en una mayor productividad.<\/p>\n<\/p>\n<p>&nbsp;<\/p>\n<p style=\"text-align: center;\"><em><strong>\u00a1Informaci\u00f3n que transforma!<\/strong><\/em><\/p>\n","protected":false},"excerpt":{"rendered":"<p>A partir del pr\u00f3ximo 17 de junio de 2025, entrar\u00e1 en vigor la &#8220;Ley Silla&#8221;, una importante reforma a la Ley Federal del Trabajo (LFT) que busca garantizar la dignidad y salud de miles de trabajadores que, por la naturaleza de su empleo, permanecen de pie durante extensas jornadas. Esto incluye a cajeros, personal de seguridad, operadores de manufactura y muchos otros.<\/p>\n","protected":false},"author":3,"featured_media":15784,"comment_status":"open","ping_status":"open","sticky":false,"template":"","format":"standard","meta":{"footnotes":""},"categories":[88,58],"tags":[4743,1511,4742,4744],"class_list":["post-15783","post","type-post","status-publish","format-standard","has-post-thumbnail","hentry","category-nacional","category-ultima-hora","tag-bienestarlaboral","tag-derechoslaborales","tag-leysilla","tag-saludeneltrabajo"],"yoast_head":"<!-- This site is optimized with the Yoast SEO plugin v25.0 - https:\/\/yoast.com\/wordpress\/plugins\/seo\/ -->\n<title>Hist\u00f3rico la &quot;Ley Silla&quot; garantiza descanso y dignidad para millones de trabajadores en M\u00e9xico | Nexo Informativo Santiago de Quer\u00e9taro<\/title>\n<meta name=\"description\" content=\"Hist\u00f3rico la &quot;Ley Silla&quot; garantiza descanso y dignidad para millones de trabajadores en M\u00e9xico\" \/>\n<meta name=\"robots\" content=\"index, follow, max-snippet:-1, max-image-preview:large, max-video-preview:-1\" \/>\n<link rel=\"canonical\" href=\"https:\/\/www.nexoinformativo.mx\/index.php\/2025\/06\/10\/historico-la-ley-silla-garantiza-descanso-y-dignidad-para-millones-de-trabajadores-en-mexico\/\" \/>\n<meta property=\"og:locale\" content=\"es_MX\" \/>\n<meta property=\"og:type\" content=\"article\" \/>\n<meta property=\"og:title\" content=\"Hist\u00f3rico la &quot;Ley Silla&quot; garantiza descanso y dignidad para millones de trabajadores en M\u00e9xico | Nexo Informativo Santiago de Quer\u00e9taro\" \/>\n<meta property=\"og:description\" content=\"Hist\u00f3rico la &quot;Ley Silla&quot; garantiza descanso y dignidad para millones de trabajadores en M\u00e9xico\" \/>\n<meta property=\"og:url\" content=\"https:\/\/www.nexoinformativo.mx\/index.php\/2025\/06\/10\/historico-la-ley-silla-garantiza-descanso-y-dignidad-para-millones-de-trabajadores-en-mexico\/\" \/>\n<meta property=\"og:site_name\" content=\"Nexo Informativo Santiago de Quer\u00e9taro\" \/>\n<meta property=\"article:publisher\" content=\"https:\/\/www.facebook.com\/people\/Nexo-Informativo\/61564066885511\/\" \/>\n<meta property=\"article:published_time\" content=\"2025-06-10T17:00:22+00:00\" \/>\n<meta property=\"article:modified_time\" content=\"2025-06-10T21:02:27+00:00\" \/>\n<meta property=\"og:image\" content=\"https:\/\/www.nexoinformativo.mx\/wp-content\/uploads\/2025\/06\/IMG_3811.jpg\" \/>\n\t<meta property=\"og:image:width\" content=\"474\" \/>\n\t<meta property=\"og:image:height\" content=\"340\" \/>\n\t<meta property=\"og:image:type\" content=\"image\/jpeg\" \/>\n<meta name=\"author\" content=\"Nexo Informativo\" \/>\n<meta name=\"twitter:card\" content=\"summary_large_image\" \/>\n<meta name=\"twitter:label1\" content=\"Escrito por\" \/>\n\t<meta name=\"twitter:data1\" content=\"Nexo Informativo\" \/>\n\t<meta name=\"twitter:label2\" content=\"Tiempo de lectura\" \/>\n\t<meta name=\"twitter:data2\" content=\"2 minutos\" \/>\n<script type=\"application\/ld+json\" class=\"yoast-schema-graph\">{\"@context\":\"https:\/\/schema.org\",\"@graph\":[{\"@type\":\"Article\",\"@id\":\"https:\/\/www.nexoinformativo.mx\/index.php\/2025\/06\/10\/historico-la-ley-silla-garantiza-descanso-y-dignidad-para-millones-de-trabajadores-en-mexico\/#article\",\"isPartOf\":{\"@id\":\"https:\/\/www.nexoinformativo.mx\/index.php\/2025\/06\/10\/historico-la-ley-silla-garantiza-descanso-y-dignidad-para-millones-de-trabajadores-en-mexico\/\"},\"author\":{\"name\":\"Nexo Informativo\",\"@id\":\"https:\/\/www.nexoinformativo.mx\/#\/schema\/person\/7749d380ba08c8ca00d7bc76fd907b7d\"},\"headline\":\"Hist\u00f3rico la &#8220;Ley Silla&#8221; garantiza descanso y dignidad para millones de trabajadores en M\u00e9xico\",\"datePublished\":\"2025-06-10T17:00:22+00:00\",\"dateModified\":\"2025-06-10T21:02:27+00:00\",\"mainEntityOfPage\":{\"@id\":\"https:\/\/www.nexoinformativo.mx\/index.php\/2025\/06\/10\/historico-la-ley-silla-garantiza-descanso-y-dignidad-para-millones-de-trabajadores-en-mexico\/\"},\"wordCount\":327,\"commentCount\":0,\"publisher\":{\"@id\":\"https:\/\/www.nexoinformativo.mx\/#organization\"},\"image\":{\"@id\":\"https:\/\/www.nexoinformativo.mx\/index.php\/2025\/06\/10\/historico-la-ley-silla-garantiza-descanso-y-dignidad-para-millones-de-trabajadores-en-mexico\/#primaryimage\"},\"thumbnailUrl\":\"https:\/\/www.nexoinformativo.mx\/wp-content\/uploads\/2025\/06\/IMG_3811.jpg\",\"keywords\":[\"BienestarLaboral\",\"DerechosLaborales\",\"LeySilla\",\"SaludEnElTrabajo\"],\"articleSection\":[\"Nacional\",\"\u00daltima Hora\"],\"inLanguage\":\"es\",\"potentialAction\":[{\"@type\":\"CommentAction\",\"name\":\"Comment\",\"target\":[\"https:\/\/www.nexoinformativo.mx\/index.php\/2025\/06\/10\/historico-la-ley-silla-garantiza-descanso-y-dignidad-para-millones-de-trabajadores-en-mexico\/#respond\"]}]},{\"@type\":\"WebPage\",\"@id\":\"https:\/\/www.nexoinformativo.mx\/index.php\/2025\/06\/10\/historico-la-ley-silla-garantiza-descanso-y-dignidad-para-millones-de-trabajadores-en-mexico\/\",\"url\":\"https:\/\/www.nexoinformativo.mx\/index.php\/2025\/06\/10\/historico-la-ley-silla-garantiza-descanso-y-dignidad-para-millones-de-trabajadores-en-mexico\/\",\"name\":\"Hist\u00f3rico la \\\"Ley Silla\\\" garantiza descanso y dignidad para millones de trabajadores en M\u00e9xico | Nexo Informativo Santiago de Quer\u00e9taro\",\"isPartOf\":{\"@id\":\"https:\/\/www.nexoinformativo.mx\/#website\"},\"primaryImageOfPage\":{\"@id\":\"https:\/\/www.nexoinformativo.mx\/index.php\/2025\/06\/10\/historico-la-ley-silla-garantiza-descanso-y-dignidad-para-millones-de-trabajadores-en-mexico\/#primaryimage\"},\"image\":{\"@id\":\"https:\/\/www.nexoinformativo.mx\/index.php\/2025\/06\/10\/historico-la-ley-silla-garantiza-descanso-y-dignidad-para-millones-de-trabajadores-en-mexico\/#primaryimage\"},\"thumbnailUrl\":\"https:\/\/www.nexoinformativo.mx\/wp-content\/uploads\/2025\/06\/IMG_3811.jpg\",\"datePublished\":\"2025-06-10T17:00:22+00:00\",\"dateModified\":\"2025-06-10T21:02:27+00:00\",\"description\":\"Hist\u00f3rico la \\\"Ley Silla\\\" garantiza descanso y dignidad para millones de trabajadores en M\u00e9xico\",\"breadcrumb\":{\"@id\":\"https:\/\/www.nexoinformativo.mx\/index.php\/2025\/06\/10\/historico-la-ley-silla-garantiza-descanso-y-dignidad-para-millones-de-trabajadores-en-mexico\/#breadcrumb\"},\"inLanguage\":\"es\",\"potentialAction\":[{\"@type\":\"ReadAction\",\"target\":[\"https:\/\/www.nexoinformativo.mx\/index.php\/2025\/06\/10\/historico-la-ley-silla-garantiza-descanso-y-dignidad-para-millones-de-trabajadores-en-mexico\/\"]}]},{\"@type\":\"ImageObject\",\"inLanguage\":\"es\",\"@id\":\"https:\/\/www.nexoinformativo.mx\/index.php\/2025\/06\/10\/historico-la-ley-silla-garantiza-descanso-y-dignidad-para-millones-de-trabajadores-en-mexico\/#primaryimage\",\"url\":\"https:\/\/www.nexoinformativo.mx\/wp-content\/uploads\/2025\/06\/IMG_3811.jpg\",\"contentUrl\":\"https:\/\/www.nexoinformativo.mx\/wp-content\/uploads\/2025\/06\/IMG_3811.jpg\",\"width\":474,\"height\":340},{\"@type\":\"BreadcrumbList\",\"@id\":\"https:\/\/www.nexoinformativo.mx\/index.php\/2025\/06\/10\/historico-la-ley-silla-garantiza-descanso-y-dignidad-para-millones-de-trabajadores-en-mexico\/#breadcrumb\",\"itemListElement\":[{\"@type\":\"ListItem\",\"position\":1,\"name\":\"Inicio\",\"item\":\"https:\/\/www.nexoinformativo.mx\/\"},{\"@type\":\"ListItem\",\"position\":2,\"name\":\"Hist\u00f3rico la &#8220;Ley Silla&#8221; garantiza descanso y dignidad para millones de trabajadores en M\u00e9xico\"}]},{\"@type\":\"WebSite\",\"@id\":\"https:\/\/www.nexoinformativo.mx\/#website\",\"url\":\"https:\/\/www.nexoinformativo.mx\/\",\"name\":\"Nexo Informativo Santiago de Quer\u00e9taro\",\"description\":\"Explora NexoInformativo y convi\u00e9rtete en parte de una comunidad que valora el conocimiento y la verdad. Tu nexoinformativo es tu puente hacia una comprensi\u00f3n m\u00e1s profunda del mundo que te rodea.\",\"publisher\":{\"@id\":\"https:\/\/www.nexoinformativo.mx\/#organization\"},\"potentialAction\":[{\"@type\":\"SearchAction\",\"target\":{\"@type\":\"EntryPoint\",\"urlTemplate\":\"https:\/\/www.nexoinformativo.mx\/?s={search_term_string}\"},\"query-input\":{\"@type\":\"PropertyValueSpecification\",\"valueRequired\":true,\"valueName\":\"search_term_string\"}}],\"inLanguage\":\"es\"},{\"@type\":\"Organization\",\"@id\":\"https:\/\/www.nexoinformativo.mx\/#organization\",\"name\":\"Nexo Informativo Santiago de Quer\u00e9taro\",\"url\":\"https:\/\/www.nexoinformativo.mx\/\",\"logo\":{\"@type\":\"ImageObject\",\"inLanguage\":\"es\",\"@id\":\"https:\/\/www.nexoinformativo.mx\/#\/schema\/logo\/image\/\",\"url\":\"https:\/\/www.nexoinformativo.mx\/wp-content\/uploads\/2024\/07\/nexoi-trasparente-2.png\",\"contentUrl\":\"https:\/\/www.nexoinformativo.mx\/wp-content\/uploads\/2024\/07\/nexoi-trasparente-2.png\",\"width\":816,\"height\":339,\"caption\":\"Nexo Informativo Santiago de Quer\u00e9taro\"},\"image\":{\"@id\":\"https:\/\/www.nexoinformativo.mx\/#\/schema\/logo\/image\/\"},\"sameAs\":[\"https:\/\/www.facebook.com\/people\/Nexo-Informativo\/61564066885511\/\"]},{\"@type\":\"Person\",\"@id\":\"https:\/\/www.nexoinformativo.mx\/#\/schema\/person\/7749d380ba08c8ca00d7bc76fd907b7d\",\"name\":\"Nexo Informativo\",\"image\":{\"@type\":\"ImageObject\",\"inLanguage\":\"es\",\"@id\":\"https:\/\/www.nexoinformativo.mx\/#\/schema\/person\/image\/\",\"url\":\"https:\/\/secure.gravatar.com\/avatar\/dde2928154642a13d95f87ddf1ea9718fe2b46760a005c53e41ff5ad610704e6?s=96&d=mm&r=g\",\"contentUrl\":\"https:\/\/secure.gravatar.com\/avatar\/dde2928154642a13d95f87ddf1ea9718fe2b46760a005c53e41ff5ad610704e6?s=96&d=mm&r=g\",\"caption\":\"Nexo Informativo\"},\"url\":\"https:\/\/www.nexoinformativo.mx\/index.php\/author\/edicion\/\"}]}<\/script>\n<!-- \/ Yoast SEO plugin. -->","yoast_head_json":{"title":"Hist\u00f3rico la \"Ley Silla\" garantiza descanso y dignidad para millones de trabajadores en M\u00e9xico | Nexo Informativo Santiago de Quer\u00e9taro","description":"Hist\u00f3rico la \"Ley Silla\" garantiza descanso y dignidad para millones de trabajadores en M\u00e9xico","robots":{"index":"index","follow":"follow","max-snippet":"max-snippet:-1","max-image-preview":"max-image-preview:large","max-video-preview":"max-video-preview:-1"},"canonical":"https:\/\/www.nexoinformativo.mx\/index.php\/2025\/06\/10\/historico-la-ley-silla-garantiza-descanso-y-dignidad-para-millones-de-trabajadores-en-mexico\/","og_locale":"es_MX","og_type":"article","og_title":"Hist\u00f3rico la \"Ley Silla\" garantiza descanso y dignidad para millones de trabajadores en M\u00e9xico | Nexo Informativo Santiago de Quer\u00e9taro","og_description":"Hist\u00f3rico la \"Ley Silla\" garantiza descanso y dignidad para millones de trabajadores en M\u00e9xico","og_url":"https:\/\/www.nexoinformativo.mx\/index.php\/2025\/06\/10\/historico-la-ley-silla-garantiza-descanso-y-dignidad-para-millones-de-trabajadores-en-mexico\/","og_site_name":"Nexo Informativo Santiago de Quer\u00e9taro","article_publisher":"https:\/\/www.facebook.com\/people\/Nexo-Informativo\/61564066885511\/","article_published_time":"2025-06-10T17:00:22+00:00","article_modified_time":"2025-06-10T21:02:27+00:00","og_image":[{"width":474,"height":340,"url":"https:\/\/www.nexoinformativo.mx\/wp-content\/uploads\/2025\/06\/IMG_3811.jpg","type":"image\/jpeg"}],"author":"Nexo Informativo","twitter_card":"summary_large_image","twitter_misc":{"Escrito por":"Nexo Informativo","Tiempo de lectura":"2 minutos"},"schema":{"@context":"https:\/\/schema.org","@graph":[{"@type":"Article","@id":"https:\/\/www.nexoinformativo.mx\/index.php\/2025\/06\/10\/historico-la-ley-silla-garantiza-descanso-y-dignidad-para-millones-de-trabajadores-en-mexico\/#article","isPartOf":{"@id":"https:\/\/www.nexoinformativo.mx\/index.php\/2025\/06\/10\/historico-la-ley-silla-garantiza-descanso-y-dignidad-para-millones-de-trabajadores-en-mexico\/"},"author":{"name":"Nexo Informativo","@id":"https:\/\/www.nexoinformativo.mx\/#\/schema\/person\/7749d380ba08c8ca00d7bc76fd907b7d"},"headline":"Hist\u00f3rico la &#8220;Ley Silla&#8221; garantiza descanso y dignidad para millones de trabajadores en M\u00e9xico","datePublished":"2025-06-10T17:00:22+00:00","dateModified":"2025-06-10T21:02:27+00:00","mainEntityOfPage":{"@id":"https:\/\/www.nexoinformativo.mx\/index.php\/2025\/06\/10\/historico-la-ley-silla-garantiza-descanso-y-dignidad-para-millones-de-trabajadores-en-mexico\/"},"wordCount":327,"commentCount":0,"publisher":{"@id":"https:\/\/www.nexoinformativo.mx\/#organization"},"image":{"@id":"https:\/\/www.nexoinformativo.mx\/index.php\/2025\/06\/10\/historico-la-ley-silla-garantiza-descanso-y-dignidad-para-millones-de-trabajadores-en-mexico\/#primaryimage"},"thumbnailUrl":"https:\/\/www.nexoinformativo.mx\/wp-content\/uploads\/2025\/06\/IMG_3811.jpg","keywords":["BienestarLaboral","DerechosLaborales","LeySilla","SaludEnElTrabajo"],"articleSection":["Nacional","\u00daltima Hora"],"inLanguage":"es","potentialAction":[{"@type":"CommentAction","name":"Comment","target":["https:\/\/www.nexoinformativo.mx\/index.php\/2025\/06\/10\/historico-la-ley-silla-garantiza-descanso-y-dignidad-para-millones-de-trabajadores-en-mexico\/#respond"]}]},{"@type":"WebPage","@id":"https:\/\/www.nexoinformativo.mx\/index.php\/2025\/06\/10\/historico-la-ley-silla-garantiza-descanso-y-dignidad-para-millones-de-trabajadores-en-mexico\/","url":"https:\/\/www.nexoinformativo.mx\/index.php\/2025\/06\/10\/historico-la-ley-silla-garantiza-descanso-y-dignidad-para-millones-de-trabajadores-en-mexico\/","name":"Hist\u00f3rico la \"Ley Silla\" garantiza descanso y dignidad para millones de trabajadores en M\u00e9xico | Nexo Informativo Santiago de Quer\u00e9taro","isPartOf":{"@id":"https:\/\/www.nexoinformativo.mx\/#website"},"primaryImageOfPage":{"@id":"https:\/\/www.nexoinformativo.mx\/index.php\/2025\/06\/10\/historico-la-ley-silla-garantiza-descanso-y-dignidad-para-millones-de-trabajadores-en-mexico\/#primaryimage"},"image":{"@id":"https:\/\/www.nexoinformativo.mx\/index.php\/2025\/06\/10\/historico-la-ley-silla-garantiza-descanso-y-dignidad-para-millones-de-trabajadores-en-mexico\/#primaryimage"},"thumbnailUrl":"https:\/\/www.nexoinformativo.mx\/wp-content\/uploads\/2025\/06\/IMG_3811.jpg","datePublished":"2025-06-10T17:00:22+00:00","dateModified":"2025-06-10T21:02:27+00:00","description":"Hist\u00f3rico la \"Ley Silla\" garantiza descanso y dignidad para millones de trabajadores en M\u00e9xico","breadcrumb":{"@id":"https:\/\/www.nexoinformativo.mx\/index.php\/2025\/06\/10\/historico-la-ley-silla-garantiza-descanso-y-dignidad-para-millones-de-trabajadores-en-mexico\/#breadcrumb"},"inLanguage":"es","potentialAction":[{"@type":"ReadAction","target":["https:\/\/www.nexoinformativo.mx\/index.php\/2025\/06\/10\/historico-la-ley-silla-garantiza-descanso-y-dignidad-para-millones-de-trabajadores-en-mexico\/"]}]},{"@type":"ImageObject","inLanguage":"es","@id":"https:\/\/www.nexoinformativo.mx\/index.php\/2025\/06\/10\/historico-la-ley-silla-garantiza-descanso-y-dignidad-para-millones-de-trabajadores-en-mexico\/#primaryimage","url":"https:\/\/www.nexoinformativo.mx\/wp-content\/uploads\/2025\/06\/IMG_3811.jpg","contentUrl":"https:\/\/www.nexoinformativo.mx\/wp-content\/uploads\/2025\/06\/IMG_3811.jpg","width":474,"height":340},{"@type":"BreadcrumbList","@id":"https:\/\/www.nexoinformativo.mx\/index.php\/2025\/06\/10\/historico-la-ley-silla-garantiza-descanso-y-dignidad-para-millones-de-trabajadores-en-mexico\/#breadcrumb","itemListElement":[{"@type":"ListItem","position":1,"name":"Inicio","item":"https:\/\/www.nexoinformativo.mx\/"},{"@type":"ListItem","position":2,"name":"Hist\u00f3rico la &#8220;Ley Silla&#8221; garantiza descanso y dignidad para millones de trabajadores en M\u00e9xico"}]},{"@type":"WebSite","@id":"https:\/\/www.nexoinformativo.mx\/#website","url":"https:\/\/www.nexoinformativo.mx\/","name":"Nexo Informativo Santiago de Quer\u00e9taro","description":"Explora NexoInformativo y convi\u00e9rtete en parte de una comunidad que valora el conocimiento y la verdad. Tu nexoinformativo es tu puente hacia una comprensi\u00f3n m\u00e1s profunda del mundo que te rodea.","publisher":{"@id":"https:\/\/www.nexoinformativo.mx\/#organization"},"potentialAction":[{"@type":"SearchAction","target":{"@type":"EntryPoint","urlTemplate":"https:\/\/www.nexoinformativo.mx\/?s={search_term_string}"},"query-input":{"@type":"PropertyValueSpecification","valueRequired":true,"valueName":"search_term_string"}}],"inLanguage":"es"},{"@type":"Organization","@id":"https:\/\/www.nexoinformativo.mx\/#organization","name":"Nexo Informativo Santiago de Quer\u00e9taro","url":"https:\/\/www.nexoinformativo.mx\/","logo":{"@type":"ImageObject","inLanguage":"es","@id":"https:\/\/www.nexoinformativo.mx\/#\/schema\/logo\/image\/","url":"https:\/\/www.nexoinformativo.mx\/wp-content\/uploads\/2024\/07\/nexoi-trasparente-2.png","contentUrl":"https:\/\/www.nexoinformativo.mx\/wp-content\/uploads\/2024\/07\/nexoi-trasparente-2.png","width":816,"height":339,"caption":"Nexo Informativo Santiago de Quer\u00e9taro"},"image":{"@id":"https:\/\/www.nexoinformativo.mx\/#\/schema\/logo\/image\/"},"sameAs":["https:\/\/www.facebook.com\/people\/Nexo-Informativo\/61564066885511\/"]},{"@type":"Person","@id":"https:\/\/www.nexoinformativo.mx\/#\/schema\/person\/7749d380ba08c8ca00d7bc76fd907b7d","name":"Nexo Informativo","image":{"@type":"ImageObject","inLanguage":"es","@id":"https:\/\/www.nexoinformativo.mx\/#\/schema\/person\/image\/","url":"https:\/\/secure.gravatar.com\/avatar\/dde2928154642a13d95f87ddf1ea9718fe2b46760a005c53e41ff5ad610704e6?s=96&d=mm&r=g","contentUrl":"https:\/\/secure.gravatar.com\/avatar\/dde2928154642a13d95f87ddf1ea9718fe2b46760a005c53e41ff5ad610704e6?s=96&d=mm&r=g","caption":"Nexo Informativo"},"url":"https:\/\/www.nexoinformativo.mx\/index.php\/author\/edicion\/"}]}},"_links":{"self":[{"href":"https:\/\/www.nexoinformativo.mx\/index.php\/wp-json\/wp\/v2\/posts\/15783","targetHints":{"allow":["GET"]}}],"collection":[{"href":"https:\/\/www.nexoinformativo.mx\/index.php\/wp-json\/wp\/v2\/posts"}],"about":[{"href":"https:\/\/www.nexoinformativo.mx\/index.php\/wp-json\/wp\/v2\/types\/post"}],"author":[{"embeddable":true,"href":"https:\/\/www.nexoinformativo.mx\/index.php\/wp-json\/wp\/v2\/users\/3"}],"replies":[{"embeddable":true,"href":"https:\/\/www.nexoinformativo.mx\/index.php\/wp-json\/wp\/v2\/comments?post=15783"}],"version-history":[{"count":4,"href":"https:\/\/www.nexoinformativo.mx\/index.php\/wp-json\/wp\/v2\/posts\/15783\/revisions"}],"predecessor-version":[{"id":15788,"href":"https:\/\/www.nexoinformativo.mx\/index.php\/wp-json\/wp\/v2\/posts\/15783\/revisions\/15788"}],"wp:featuredmedia":[{"embeddable":true,"href":"https:\/\/www.nexoinformativo.mx\/index.php\/wp-json\/wp\/v2\/media\/15784"}],"wp:attachment":[{"href":"https:\/\/www.nexoinformativo.mx\/index.php\/wp-json\/wp\/v2\/media?parent=15783"}],"wp:term":[{"taxonomy":"category","embeddable":true,"href":"https:\/\/www.nexoinformativo.mx\/index.php\/wp-json\/wp\/v2\/categories?post=15783"},{"taxonomy":"post_tag","embeddable":true,"href":"https:\/\/www.nexoinformativo.mx\/index.php\/wp-json\/wp\/v2\/tags?post=15783"}],"curies":[{"name":"wp","href":"https:\/\/api.w.org\/{rel}","templated":true}]}}