{"id":15795,"date":"2025-06-10T18:00:14","date_gmt":"2025-06-11T00:00:14","guid":{"rendered":"https:\/\/www.nexoinformativo.mx\/?p=15795"},"modified":"2025-06-10T22:56:04","modified_gmt":"2025-06-11T04:56:04","slug":"queretaro-confirma-ningun-queretano-detenido-en-recientes-redadas-migratorias-en-los-angeles","status":"publish","type":"post","link":"https:\/\/www.nexoinformativo.mx\/index.php\/2025\/06\/10\/queretaro-confirma-ningun-queretano-detenido-en-recientes-redadas-migratorias-en-los-angeles\/","title":{"rendered":"Quer\u00e9taro confirma ning\u00fan queretano detenido en recientes redadas migratorias en Los \u00c1ngeles"},"content":{"rendered":"<p style=\"text-align: justify;\" data-sourcepos=\"5:1-5:390\">El secretario de Gobierno del estado, Carlos Alcaraz, inform\u00f3 hoy que, hasta el momento, no se ha identificado a ning\u00fan queretano entre las personas detenidas durante las recientes redadas migratorias llevadas a cabo por autoridades estadounidenses en Los \u00c1ngeles, California.<\/p>\n<p>&nbsp;<\/p>\n<p style=\"text-align: justify;\" data-sourcepos=\"7:1-7:348\">Alcaraz explic\u00f3 que el gobierno estatal mantiene una coordinaci\u00f3n permanente con el Consulado de M\u00e9xico en Los \u00c1ngeles. Este consulado ha estado realizando visitas personales a los 42 connacionales arrestados como parte de estos operativos, y hasta la tarde de ayer, no se hab\u00eda reportado la identificaci\u00f3n de ning\u00fan ciudadano de Quer\u00e9taro.<\/p>\n<p>&nbsp;<\/p>\n<p style=\"text-align: justify;\" data-sourcepos=\"9:1-9:299\">\u201cUn servidor tuvo enlace con el consulado de Los \u00c1ngeles. Ellos est\u00e1n visitando de manera directa y personal a los 42 mexicanos detenidos; no hab\u00eda hasta el d\u00eda de ayer por la tarde la identificaci\u00f3n de un solo queretano en esta redada que se dio en la ciudad de Los \u00c1ngeles\u201d, detall\u00f3 el secretario.<\/p>\n<p>&nbsp;<\/p>\n<p style=\"text-align: justify;\" data-sourcepos=\"11:1-11:250\">El secretario de Gobierno asegur\u00f3 que la administraci\u00f3n estatal continuar\u00e1 atenta a la situaci\u00f3n migratoria y permanecer\u00e1 dispuesta a brindar apoyo a cualquier ciudadano queretano que pudiera requerir asistencia consular o legal en el extranjero.<\/p>\n<p>&nbsp;<\/p>\n<p style=\"text-align: justify;\" data-sourcepos=\"13:1-13:164\">Hasta el momento, las autoridades mexicanas no han dado a conocer mayores detalles sobre los motivos de las detenciones ni sobre el estatus legal de los arrestados.<\/p>\n<p>&nbsp;<\/p>\n<p style=\"text-align: center;\" data-sourcepos=\"13:1-13:164\"><em><strong>\u00a1Informaci\u00f3n que transforma!<\/strong><\/em><\/p>\n","protected":false},"excerpt":{"rendered":"<p>El secretario de Gobierno del estado, Carlos Alcaraz, inform\u00f3 hoy que, hasta el momento, no se ha identificado a ning\u00fan queretano entre las personas detenidas durante las recientes redadas migratorias llevadas a cabo por autoridades estadounidenses en Los \u00c1ngeles, California.<\/p>\n","protected":false},"author":3,"featured_media":15796,"comment_status":"open","ping_status":"open","sticky":false,"template":"","format":"standard","meta":{"footnotes":""},"categories":[42,58],"tags":[2787,4749,4748,4747],"class_list":["post-15795","post","type-post","status-publish","format-standard","has-post-thumbnail","hentry","category-estado","category-ultima-hora","tag-apoyomigrante","tag-consuladomexicano","tag-migracionmx","tag-queretanosseguros"],"yoast_head":"<!-- This site is optimized with the Yoast SEO plugin v25.0 - https:\/\/yoast.com\/wordpress\/plugins\/seo\/ -->\n<title>Quer\u00e9taro confirma ning\u00fan queretano detenido en recientes redadas migratorias en Los \u00c1ngeles | Nexo Informativo Santiago de Quer\u00e9taro<\/title>\n<meta name=\"description\" content=\"Quer\u00e9taro confirma ning\u00fan queretano detenido en recientes redadas migratorias en Los \u00c1ngeles\" \/>\n<meta name=\"robots\" content=\"index, follow, max-snippet:-1, max-image-preview:large, max-video-preview:-1\" \/>\n<link rel=\"canonical\" href=\"https:\/\/www.nexoinformativo.mx\/index.php\/2025\/06\/10\/queretaro-confirma-ningun-queretano-detenido-en-recientes-redadas-migratorias-en-los-angeles\/\" \/>\n<meta property=\"og:locale\" content=\"es_MX\" \/>\n<meta property=\"og:type\" content=\"article\" \/>\n<meta property=\"og:title\" content=\"Quer\u00e9taro confirma ning\u00fan queretano detenido en recientes redadas migratorias en Los \u00c1ngeles | Nexo Informativo Santiago de Quer\u00e9taro\" \/>\n<meta property=\"og:description\" content=\"Quer\u00e9taro confirma ning\u00fan queretano detenido en recientes redadas migratorias en Los \u00c1ngeles\" \/>\n<meta property=\"og:url\" content=\"https:\/\/www.nexoinformativo.mx\/index.php\/2025\/06\/10\/queretaro-confirma-ningun-queretano-detenido-en-recientes-redadas-migratorias-en-los-angeles\/\" \/>\n<meta property=\"og:site_name\" content=\"Nexo Informativo Santiago de Quer\u00e9taro\" \/>\n<meta property=\"article:publisher\" content=\"https:\/\/www.facebook.com\/people\/Nexo-Informativo\/61564066885511\/\" \/>\n<meta property=\"article:published_time\" content=\"2025-06-11T00:00:14+00:00\" \/>\n<meta property=\"article:modified_time\" content=\"2025-06-11T04:56:04+00:00\" \/>\n<meta property=\"og:image\" content=\"https:\/\/www.nexoinformativo.mx\/wp-content\/uploads\/2025\/06\/d70e0f5f-fc44-4e38-9391-4d09f917d4c9-e1749617711664.jpg\" \/>\n\t<meta property=\"og:image:width\" content=\"800\" \/>\n\t<meta property=\"og:image:height\" content=\"655\" \/>\n\t<meta property=\"og:image:type\" content=\"image\/jpeg\" \/>\n<meta name=\"author\" content=\"Nexo Informativo\" \/>\n<meta name=\"twitter:card\" content=\"summary_large_image\" \/>\n<meta name=\"twitter:label1\" content=\"Escrito por\" \/>\n\t<meta name=\"twitter:data1\" content=\"Nexo Informativo\" \/>\n\t<meta name=\"twitter:label2\" content=\"Tiempo de lectura\" \/>\n\t<meta name=\"twitter:data2\" content=\"2 minutos\" \/>\n<script type=\"application\/ld+json\" class=\"yoast-schema-graph\">{\"@context\":\"https:\/\/schema.org\",\"@graph\":[{\"@type\":\"Article\",\"@id\":\"https:\/\/www.nexoinformativo.mx\/index.php\/2025\/06\/10\/queretaro-confirma-ningun-queretano-detenido-en-recientes-redadas-migratorias-en-los-angeles\/#article\",\"isPartOf\":{\"@id\":\"https:\/\/www.nexoinformativo.mx\/index.php\/2025\/06\/10\/queretaro-confirma-ningun-queretano-detenido-en-recientes-redadas-migratorias-en-los-angeles\/\"},\"author\":{\"name\":\"Nexo Informativo\",\"@id\":\"https:\/\/www.nexoinformativo.mx\/#\/schema\/person\/7749d380ba08c8ca00d7bc76fd907b7d\"},\"headline\":\"Quer\u00e9taro confirma ning\u00fan queretano detenido en recientes redadas migratorias en Los \u00c1ngeles\",\"datePublished\":\"2025-06-11T00:00:14+00:00\",\"dateModified\":\"2025-06-11T04:56:04+00:00\",\"mainEntityOfPage\":{\"@id\":\"https:\/\/www.nexoinformativo.mx\/index.php\/2025\/06\/10\/queretaro-confirma-ningun-queretano-detenido-en-recientes-redadas-migratorias-en-los-angeles\/\"},\"wordCount\":242,\"commentCount\":0,\"publisher\":{\"@id\":\"https:\/\/www.nexoinformativo.mx\/#organization\"},\"image\":{\"@id\":\"https:\/\/www.nexoinformativo.mx\/index.php\/2025\/06\/10\/queretaro-confirma-ningun-queretano-detenido-en-recientes-redadas-migratorias-en-los-angeles\/#primaryimage\"},\"thumbnailUrl\":\"https:\/\/www.nexoinformativo.mx\/wp-content\/uploads\/2025\/06\/d70e0f5f-fc44-4e38-9391-4d09f917d4c9-e1749617711664.jpg\",\"keywords\":[\"ApoyoMigrante\",\"ConsuladoMexicano\",\"Migraci\u00f3nMX\",\"QueretanosSeguros\"],\"articleSection\":[\"Estado\",\"\u00daltima Hora\"],\"inLanguage\":\"es\",\"potentialAction\":[{\"@type\":\"CommentAction\",\"name\":\"Comment\",\"target\":[\"https:\/\/www.nexoinformativo.mx\/index.php\/2025\/06\/10\/queretaro-confirma-ningun-queretano-detenido-en-recientes-redadas-migratorias-en-los-angeles\/#respond\"]}]},{\"@type\":\"WebPage\",\"@id\":\"https:\/\/www.nexoinformativo.mx\/index.php\/2025\/06\/10\/queretaro-confirma-ningun-queretano-detenido-en-recientes-redadas-migratorias-en-los-angeles\/\",\"url\":\"https:\/\/www.nexoinformativo.mx\/index.php\/2025\/06\/10\/queretaro-confirma-ningun-queretano-detenido-en-recientes-redadas-migratorias-en-los-angeles\/\",\"name\":\"Quer\u00e9taro confirma ning\u00fan queretano detenido en recientes redadas migratorias en Los \u00c1ngeles | Nexo Informativo Santiago de Quer\u00e9taro\",\"isPartOf\":{\"@id\":\"https:\/\/www.nexoinformativo.mx\/#website\"},\"primaryImageOfPage\":{\"@id\":\"https:\/\/www.nexoinformativo.mx\/index.php\/2025\/06\/10\/queretaro-confirma-ningun-queretano-detenido-en-recientes-redadas-migratorias-en-los-angeles\/#primaryimage\"},\"image\":{\"@id\":\"https:\/\/www.nexoinformativo.mx\/index.php\/2025\/06\/10\/queretaro-confirma-ningun-queretano-detenido-en-recientes-redadas-migratorias-en-los-angeles\/#primaryimage\"},\"thumbnailUrl\":\"https:\/\/www.nexoinformativo.mx\/wp-content\/uploads\/2025\/06\/d70e0f5f-fc44-4e38-9391-4d09f917d4c9-e1749617711664.jpg\",\"datePublished\":\"2025-06-11T00:00:14+00:00\",\"dateModified\":\"2025-06-11T04:56:04+00:00\",\"description\":\"Quer\u00e9taro confirma ning\u00fan queretano detenido en recientes redadas migratorias en Los \u00c1ngeles\",\"breadcrumb\":{\"@id\":\"https:\/\/www.nexoinformativo.mx\/index.php\/2025\/06\/10\/queretaro-confirma-ningun-queretano-detenido-en-recientes-redadas-migratorias-en-los-angeles\/#breadcrumb\"},\"inLanguage\":\"es\",\"potentialAction\":[{\"@type\":\"ReadAction\",\"target\":[\"https:\/\/www.nexoinformativo.mx\/index.php\/2025\/06\/10\/queretaro-confirma-ningun-queretano-detenido-en-recientes-redadas-migratorias-en-los-angeles\/\"]}]},{\"@type\":\"ImageObject\",\"inLanguage\":\"es\",\"@id\":\"https:\/\/www.nexoinformativo.mx\/index.php\/2025\/06\/10\/queretaro-confirma-ningun-queretano-detenido-en-recientes-redadas-migratorias-en-los-angeles\/#primaryimage\",\"url\":\"https:\/\/www.nexoinformativo.mx\/wp-content\/uploads\/2025\/06\/d70e0f5f-fc44-4e38-9391-4d09f917d4c9-e1749617711664.jpg\",\"contentUrl\":\"https:\/\/www.nexoinformativo.mx\/wp-content\/uploads\/2025\/06\/d70e0f5f-fc44-4e38-9391-4d09f917d4c9-e1749617711664.jpg\",\"width\":800,\"height\":655},{\"@type\":\"BreadcrumbList\",\"@id\":\"https:\/\/www.nexoinformativo.mx\/index.php\/2025\/06\/10\/queretaro-confirma-ningun-queretano-detenido-en-recientes-redadas-migratorias-en-los-angeles\/#breadcrumb\",\"itemListElement\":[{\"@type\":\"ListItem\",\"position\":1,\"name\":\"Inicio\",\"item\":\"https:\/\/www.nexoinformativo.mx\/\"},{\"@type\":\"ListItem\",\"position\":2,\"name\":\"Quer\u00e9taro confirma ning\u00fan queretano detenido en recientes redadas migratorias en Los \u00c1ngeles\"}]},{\"@type\":\"WebSite\",\"@id\":\"https:\/\/www.nexoinformativo.mx\/#website\",\"url\":\"https:\/\/www.nexoinformativo.mx\/\",\"name\":\"Nexo Informativo Santiago de Quer\u00e9taro\",\"description\":\"Explora NexoInformativo y convi\u00e9rtete en parte de una comunidad que valora el conocimiento y la verdad. Tu nexoinformativo es tu puente hacia una comprensi\u00f3n m\u00e1s profunda del mundo que te rodea.\",\"publisher\":{\"@id\":\"https:\/\/www.nexoinformativo.mx\/#organization\"},\"potentialAction\":[{\"@type\":\"SearchAction\",\"target\":{\"@type\":\"EntryPoint\",\"urlTemplate\":\"https:\/\/www.nexoinformativo.mx\/?s={search_term_string}\"},\"query-input\":{\"@type\":\"PropertyValueSpecification\",\"valueRequired\":true,\"valueName\":\"search_term_string\"}}],\"inLanguage\":\"es\"},{\"@type\":\"Organization\",\"@id\":\"https:\/\/www.nexoinformativo.mx\/#organization\",\"name\":\"Nexo Informativo Santiago de Quer\u00e9taro\",\"url\":\"https:\/\/www.nexoinformativo.mx\/\",\"logo\":{\"@type\":\"ImageObject\",\"inLanguage\":\"es\",\"@id\":\"https:\/\/www.nexoinformativo.mx\/#\/schema\/logo\/image\/\",\"url\":\"https:\/\/www.nexoinformativo.mx\/wp-content\/uploads\/2024\/07\/nexoi-trasparente-2.png\",\"contentUrl\":\"https:\/\/www.nexoinformativo.mx\/wp-content\/uploads\/2024\/07\/nexoi-trasparente-2.png\",\"width\":816,\"height\":339,\"caption\":\"Nexo Informativo Santiago de Quer\u00e9taro\"},\"image\":{\"@id\":\"https:\/\/www.nexoinformativo.mx\/#\/schema\/logo\/image\/\"},\"sameAs\":[\"https:\/\/www.facebook.com\/people\/Nexo-Informativo\/61564066885511\/\"]},{\"@type\":\"Person\",\"@id\":\"https:\/\/www.nexoinformativo.mx\/#\/schema\/person\/7749d380ba08c8ca00d7bc76fd907b7d\",\"name\":\"Nexo Informativo\",\"image\":{\"@type\":\"ImageObject\",\"inLanguage\":\"es\",\"@id\":\"https:\/\/www.nexoinformativo.mx\/#\/schema\/person\/image\/\",\"url\":\"https:\/\/secure.gravatar.com\/avatar\/dde2928154642a13d95f87ddf1ea9718fe2b46760a005c53e41ff5ad610704e6?s=96&d=mm&r=g\",\"contentUrl\":\"https:\/\/secure.gravatar.com\/avatar\/dde2928154642a13d95f87ddf1ea9718fe2b46760a005c53e41ff5ad610704e6?s=96&d=mm&r=g\",\"caption\":\"Nexo Informativo\"},\"url\":\"https:\/\/www.nexoinformativo.mx\/index.php\/author\/edicion\/\"}]}<\/script>\n<!-- \/ Yoast SEO plugin. -->","yoast_head_json":{"title":"Quer\u00e9taro confirma ning\u00fan queretano detenido en recientes redadas migratorias en Los \u00c1ngeles | Nexo Informativo Santiago de Quer\u00e9taro","description":"Quer\u00e9taro confirma ning\u00fan queretano detenido en recientes redadas migratorias en Los \u00c1ngeles","robots":{"index":"index","follow":"follow","max-snippet":"max-snippet:-1","max-image-preview":"max-image-preview:large","max-video-preview":"max-video-preview:-1"},"canonical":"https:\/\/www.nexoinformativo.mx\/index.php\/2025\/06\/10\/queretaro-confirma-ningun-queretano-detenido-en-recientes-redadas-migratorias-en-los-angeles\/","og_locale":"es_MX","og_type":"article","og_title":"Quer\u00e9taro confirma ning\u00fan queretano detenido en recientes redadas migratorias en Los \u00c1ngeles | Nexo Informativo Santiago de Quer\u00e9taro","og_description":"Quer\u00e9taro confirma ning\u00fan queretano detenido en recientes redadas migratorias en Los \u00c1ngeles","og_url":"https:\/\/www.nexoinformativo.mx\/index.php\/2025\/06\/10\/queretaro-confirma-ningun-queretano-detenido-en-recientes-redadas-migratorias-en-los-angeles\/","og_site_name":"Nexo Informativo Santiago de Quer\u00e9taro","article_publisher":"https:\/\/www.facebook.com\/people\/Nexo-Informativo\/61564066885511\/","article_published_time":"2025-06-11T00:00:14+00:00","article_modified_time":"2025-06-11T04:56:04+00:00","og_image":[{"width":800,"height":655,"url":"https:\/\/www.nexoinformativo.mx\/wp-content\/uploads\/2025\/06\/d70e0f5f-fc44-4e38-9391-4d09f917d4c9-e1749617711664.jpg","type":"image\/jpeg"}],"author":"Nexo Informativo","twitter_card":"summary_large_image","twitter_misc":{"Escrito por":"Nexo Informativo","Tiempo de lectura":"2 minutos"},"schema":{"@context":"https:\/\/schema.org","@graph":[{"@type":"Article","@id":"https:\/\/www.nexoinformativo.mx\/index.php\/2025\/06\/10\/queretaro-confirma-ningun-queretano-detenido-en-recientes-redadas-migratorias-en-los-angeles\/#article","isPartOf":{"@id":"https:\/\/www.nexoinformativo.mx\/index.php\/2025\/06\/10\/queretaro-confirma-ningun-queretano-detenido-en-recientes-redadas-migratorias-en-los-angeles\/"},"author":{"name":"Nexo Informativo","@id":"https:\/\/www.nexoinformativo.mx\/#\/schema\/person\/7749d380ba08c8ca00d7bc76fd907b7d"},"headline":"Quer\u00e9taro confirma ning\u00fan queretano detenido en recientes redadas migratorias en Los \u00c1ngeles","datePublished":"2025-06-11T00:00:14+00:00","dateModified":"2025-06-11T04:56:04+00:00","mainEntityOfPage":{"@id":"https:\/\/www.nexoinformativo.mx\/index.php\/2025\/06\/10\/queretaro-confirma-ningun-queretano-detenido-en-recientes-redadas-migratorias-en-los-angeles\/"},"wordCount":242,"commentCount":0,"publisher":{"@id":"https:\/\/www.nexoinformativo.mx\/#organization"},"image":{"@id":"https:\/\/www.nexoinformativo.mx\/index.php\/2025\/06\/10\/queretaro-confirma-ningun-queretano-detenido-en-recientes-redadas-migratorias-en-los-angeles\/#primaryimage"},"thumbnailUrl":"https:\/\/www.nexoinformativo.mx\/wp-content\/uploads\/2025\/06\/d70e0f5f-fc44-4e38-9391-4d09f917d4c9-e1749617711664.jpg","keywords":["ApoyoMigrante","ConsuladoMexicano","Migraci\u00f3nMX","QueretanosSeguros"],"articleSection":["Estado","\u00daltima Hora"],"inLanguage":"es","potentialAction":[{"@type":"CommentAction","name":"Comment","target":["https:\/\/www.nexoinformativo.mx\/index.php\/2025\/06\/10\/queretaro-confirma-ningun-queretano-detenido-en-recientes-redadas-migratorias-en-los-angeles\/#respond"]}]},{"@type":"WebPage","@id":"https:\/\/www.nexoinformativo.mx\/index.php\/2025\/06\/10\/queretaro-confirma-ningun-queretano-detenido-en-recientes-redadas-migratorias-en-los-angeles\/","url":"https:\/\/www.nexoinformativo.mx\/index.php\/2025\/06\/10\/queretaro-confirma-ningun-queretano-detenido-en-recientes-redadas-migratorias-en-los-angeles\/","name":"Quer\u00e9taro confirma ning\u00fan queretano detenido en recientes redadas migratorias en Los \u00c1ngeles | Nexo Informativo Santiago de Quer\u00e9taro","isPartOf":{"@id":"https:\/\/www.nexoinformativo.mx\/#website"},"primaryImageOfPage":{"@id":"https:\/\/www.nexoinformativo.mx\/index.php\/2025\/06\/10\/queretaro-confirma-ningun-queretano-detenido-en-recientes-redadas-migratorias-en-los-angeles\/#primaryimage"},"image":{"@id":"https:\/\/www.nexoinformativo.mx\/index.php\/2025\/06\/10\/queretaro-confirma-ningun-queretano-detenido-en-recientes-redadas-migratorias-en-los-angeles\/#primaryimage"},"thumbnailUrl":"https:\/\/www.nexoinformativo.mx\/wp-content\/uploads\/2025\/06\/d70e0f5f-fc44-4e38-9391-4d09f917d4c9-e1749617711664.jpg","datePublished":"2025-06-11T00:00:14+00:00","dateModified":"2025-06-11T04:56:04+00:00","description":"Quer\u00e9taro confirma ning\u00fan queretano detenido en recientes redadas migratorias en Los \u00c1ngeles","breadcrumb":{"@id":"https:\/\/www.nexoinformativo.mx\/index.php\/2025\/06\/10\/queretaro-confirma-ningun-queretano-detenido-en-recientes-redadas-migratorias-en-los-angeles\/#breadcrumb"},"inLanguage":"es","potentialAction":[{"@type":"ReadAction","target":["https:\/\/www.nexoinformativo.mx\/index.php\/2025\/06\/10\/queretaro-confirma-ningun-queretano-detenido-en-recientes-redadas-migratorias-en-los-angeles\/"]}]},{"@type":"ImageObject","inLanguage":"es","@id":"https:\/\/www.nexoinformativo.mx\/index.php\/2025\/06\/10\/queretaro-confirma-ningun-queretano-detenido-en-recientes-redadas-migratorias-en-los-angeles\/#primaryimage","url":"https:\/\/www.nexoinformativo.mx\/wp-content\/uploads\/2025\/06\/d70e0f5f-fc44-4e38-9391-4d09f917d4c9-e1749617711664.jpg","contentUrl":"https:\/\/www.nexoinformativo.mx\/wp-content\/uploads\/2025\/06\/d70e0f5f-fc44-4e38-9391-4d09f917d4c9-e1749617711664.jpg","width":800,"height":655},{"@type":"BreadcrumbList","@id":"https:\/\/www.nexoinformativo.mx\/index.php\/2025\/06\/10\/queretaro-confirma-ningun-queretano-detenido-en-recientes-redadas-migratorias-en-los-angeles\/#breadcrumb","itemListElement":[{"@type":"ListItem","position":1,"name":"Inicio","item":"https:\/\/www.nexoinformativo.mx\/"},{"@type":"ListItem","position":2,"name":"Quer\u00e9taro confirma ning\u00fan queretano detenido en recientes redadas migratorias en Los \u00c1ngeles"}]},{"@type":"WebSite","@id":"https:\/\/www.nexoinformativo.mx\/#website","url":"https:\/\/www.nexoinformativo.mx\/","name":"Nexo Informativo Santiago de Quer\u00e9taro","description":"Explora NexoInformativo y convi\u00e9rtete en parte de una comunidad que valora el conocimiento y la verdad. Tu nexoinformativo es tu puente hacia una comprensi\u00f3n m\u00e1s profunda del mundo que te rodea.","publisher":{"@id":"https:\/\/www.nexoinformativo.mx\/#organization"},"potentialAction":[{"@type":"SearchAction","target":{"@type":"EntryPoint","urlTemplate":"https:\/\/www.nexoinformativo.mx\/?s={search_term_string}"},"query-input":{"@type":"PropertyValueSpecification","valueRequired":true,"valueName":"search_term_string"}}],"inLanguage":"es"},{"@type":"Organization","@id":"https:\/\/www.nexoinformativo.mx\/#organization","name":"Nexo Informativo Santiago de Quer\u00e9taro","url":"https:\/\/www.nexoinformativo.mx\/","logo":{"@type":"ImageObject","inLanguage":"es","@id":"https:\/\/www.nexoinformativo.mx\/#\/schema\/logo\/image\/","url":"https:\/\/www.nexoinformativo.mx\/wp-content\/uploads\/2024\/07\/nexoi-trasparente-2.png","contentUrl":"https:\/\/www.nexoinformativo.mx\/wp-content\/uploads\/2024\/07\/nexoi-trasparente-2.png","width":816,"height":339,"caption":"Nexo Informativo Santiago de Quer\u00e9taro"},"image":{"@id":"https:\/\/www.nexoinformativo.mx\/#\/schema\/logo\/image\/"},"sameAs":["https:\/\/www.facebook.com\/people\/Nexo-Informativo\/61564066885511\/"]},{"@type":"Person","@id":"https:\/\/www.nexoinformativo.mx\/#\/schema\/person\/7749d380ba08c8ca00d7bc76fd907b7d","name":"Nexo Informativo","image":{"@type":"ImageObject","inLanguage":"es","@id":"https:\/\/www.nexoinformativo.mx\/#\/schema\/person\/image\/","url":"https:\/\/secure.gravatar.com\/avatar\/dde2928154642a13d95f87ddf1ea9718fe2b46760a005c53e41ff5ad610704e6?s=96&d=mm&r=g","contentUrl":"https:\/\/secure.gravatar.com\/avatar\/dde2928154642a13d95f87ddf1ea9718fe2b46760a005c53e41ff5ad610704e6?s=96&d=mm&r=g","caption":"Nexo Informativo"},"url":"https:\/\/www.nexoinformativo.mx\/index.php\/author\/edicion\/"}]}},"_links":{"self":[{"href":"https:\/\/www.nexoinformativo.mx\/index.php\/wp-json\/wp\/v2\/posts\/15795","targetHints":{"allow":["GET"]}}],"collection":[{"href":"https:\/\/www.nexoinformativo.mx\/index.php\/wp-json\/wp\/v2\/posts"}],"about":[{"href":"https:\/\/www.nexoinformativo.mx\/index.php\/wp-json\/wp\/v2\/types\/post"}],"author":[{"embeddable":true,"href":"https:\/\/www.nexoinformativo.mx\/index.php\/wp-json\/wp\/v2\/users\/3"}],"replies":[{"embeddable":true,"href":"https:\/\/www.nexoinformativo.mx\/index.php\/wp-json\/wp\/v2\/comments?post=15795"}],"version-history":[{"count":4,"href":"https:\/\/www.nexoinformativo.mx\/index.php\/wp-json\/wp\/v2\/posts\/15795\/revisions"}],"predecessor-version":[{"id":15800,"href":"https:\/\/www.nexoinformativo.mx\/index.php\/wp-json\/wp\/v2\/posts\/15795\/revisions\/15800"}],"wp:featuredmedia":[{"embeddable":true,"href":"https:\/\/www.nexoinformativo.mx\/index.php\/wp-json\/wp\/v2\/media\/15796"}],"wp:attachment":[{"href":"https:\/\/www.nexoinformativo.mx\/index.php\/wp-json\/wp\/v2\/media?parent=15795"}],"wp:term":[{"taxonomy":"category","embeddable":true,"href":"https:\/\/www.nexoinformativo.mx\/index.php\/wp-json\/wp\/v2\/categories?post=15795"},{"taxonomy":"post_tag","embeddable":true,"href":"https:\/\/www.nexoinformativo.mx\/index.php\/wp-json\/wp\/v2\/tags?post=15795"}],"curies":[{"name":"wp","href":"https:\/\/api.w.org\/{rel}","templated":true}]}}