{"id":15806,"date":"2025-06-11T06:00:15","date_gmt":"2025-06-11T12:00:15","guid":{"rendered":"https:\/\/www.nexoinformativo.mx\/?p=15806"},"modified":"2025-06-11T08:38:52","modified_gmt":"2025-06-11T14:38:52","slug":"homicidios-dolosos-en-mexico-caen-25-8-y-registran-su-nivel-mas-bajo-desde-2016","status":"publish","type":"post","link":"https:\/\/www.nexoinformativo.mx\/index.php\/2025\/06\/11\/homicidios-dolosos-en-mexico-caen-25-8-y-registran-su-nivel-mas-bajo-desde-2016\/","title":{"rendered":"Homicidios dolosos en M\u00e9xico caen 25.8% y registran su nivel m\u00e1s bajo desde 2016"},"content":{"rendered":"<p style=\"text-align: justify;\" data-sourcepos=\"5:1-5:412\">La Presidenta de M\u00e9xico, Claudia Sheinbaum, anunci\u00f3 hoy una importante victoria en la lucha contra la delincuencia: el homicidio doloso disminuy\u00f3 un 25.8% de septiembre de 2024 a mayo de 2025.<\/p>\n<p>&nbsp;<\/p>\n<p style=\"text-align: justify;\" data-sourcepos=\"5:1-5:412\">Esto significa que se han evitado, en promedio, 22 homicidios diarios en comparaci\u00f3n con septiembre del a\u00f1o pasado, lo que representa un resultado hist\u00f3rico.<\/p>\n<p>&nbsp;<\/p>\n<p style=\"text-align: justify;\" data-sourcepos=\"7:1-7:257\">En su conferencia matutina, la Presidenta destac\u00f3 que mayo de 2025 se posiciona como el mayo con el promedio m\u00e1s bajo de homicidios dolosos desde 2016, evidenciando una clara tendencia a la baja en este delito de alto impacto.<\/p>\n<p>&nbsp;<\/p>\n<p style=\"text-align: justify;\" data-sourcepos=\"9:1-9:219\">\u201cEs un resultado muy importante del Gabinete de Seguridad y muestra de que la Estrategia Nacional de Seguridad est\u00e1 funcionando\u201d, afirm\u00f3 Sheinbaum Pardo. Explic\u00f3 que esta estrategia se basa en cuatro ejes fundamentales:<\/p>\n<\/p>\n<p>&nbsp;<\/p>\n<p>*Atenci\u00f3n a las Causas: Con programas sociales y acciones directas en municipios prioritarios.<\/p>\n<p>*Fortalecimiento de la Guardia Nacional y polic\u00edas estatales.<\/p>\n<p>*Fortalecimiento de la Inteligencia y la Investigaci\u00f3n: Para apoyar al Ministerio P\u00fablico.<\/p>\n<p>*Coordinaci\u00f3n: Entre todas las fuerzas de seguridad y dependencias.<\/p>\n<p>&nbsp;<\/p>\n<p style=\"text-align: justify;\" data-sourcepos=\"20:1-20:205\">Marcela Figueroa, secretaria ejecutiva del Sistema Nacional de Seguridad P\u00fablica, detall\u00f3 que el promedio mensual de homicidios diarios pas\u00f3 de 86.9 en septiembre de 2024 a 64.5 en mayo de 2025.<\/p>\n<p>&nbsp;<\/p>\n<p style=\"text-align: justify;\" data-sourcepos=\"24:1-24:221\">Omar Garc\u00eda Harfuch, secretario de Seguridad y Protecci\u00f3n Ciudadana, revel\u00f3 que, gracias a la coordinaci\u00f3n del Gabinete de Seguridad, del 1 de octubre de 2024 al 8 de junio de 2025, se han logrado cifras contundentes.<\/p>\n<p>&nbsp;<\/p>\n<p style=\"text-align: justify;\" data-sourcepos=\"31:1-31:206\">Adem\u00e1s, como parte del Operativo Frontera Norte, se han detenido a 4 mil 180 personas, asegurado 3 mil 426 armas de fuego, m\u00e1s de medio mill\u00f3n de cartuchos, 16 mil cargadores y m\u00e1s de 38 toneladas de droga.<\/p>\n<p>&nbsp;<\/p>\n<p style=\"text-align: center;\" data-sourcepos=\"31:1-31:206\"><em><strong>\u00a1Informaci\u00f3n que transforma!<\/strong><\/em><\/p>\n","protected":false},"excerpt":{"rendered":"<p>La Presidenta de M\u00e9xico, Claudia Sheinbaum, anunci\u00f3 hoy una importante victoria en la lucha contra la delincuencia: el homicidio doloso disminuy\u00f3 un 25.8% de septiembre de 2024 a mayo de 2025.<\/p>\n","protected":false},"author":3,"featured_media":15807,"comment_status":"open","ping_status":"open","sticky":false,"template":"","format":"standard","meta":{"footnotes":""},"categories":[88,58],"tags":[4755,4754,4753,4752],"class_list":["post-15806","post","type-post","status-publish","format-standard","has-post-thumbnail","hentry","category-nacional","category-ultima-hora","tag-estrategianacionaldeseguridad","tag-homicidiobaja","tag-mexicoenpaz","tag-seguridadmx"],"yoast_head":"<!-- This site is optimized with the Yoast SEO plugin v25.0 - https:\/\/yoast.com\/wordpress\/plugins\/seo\/ -->\n<title>Homicidios dolosos en M\u00e9xico caen 25.8% y registran su nivel m\u00e1s bajo desde 2016 | Nexo Informativo Santiago de Quer\u00e9taro<\/title>\n<meta name=\"description\" content=\"Homicidios dolosos en M\u00e9xico caen 25.8% y registran su nivel m\u00e1s bajo desde 2016\" \/>\n<meta name=\"robots\" content=\"index, follow, max-snippet:-1, max-image-preview:large, max-video-preview:-1\" \/>\n<link rel=\"canonical\" href=\"https:\/\/www.nexoinformativo.mx\/index.php\/2025\/06\/11\/homicidios-dolosos-en-mexico-caen-25-8-y-registran-su-nivel-mas-bajo-desde-2016\/\" \/>\n<meta property=\"og:locale\" content=\"es_MX\" \/>\n<meta property=\"og:type\" content=\"article\" \/>\n<meta property=\"og:title\" content=\"Homicidios dolosos en M\u00e9xico caen 25.8% y registran su nivel m\u00e1s bajo desde 2016 | Nexo Informativo Santiago de Quer\u00e9taro\" \/>\n<meta property=\"og:description\" content=\"Homicidios dolosos en M\u00e9xico caen 25.8% y registran su nivel m\u00e1s bajo desde 2016\" \/>\n<meta property=\"og:url\" content=\"https:\/\/www.nexoinformativo.mx\/index.php\/2025\/06\/11\/homicidios-dolosos-en-mexico-caen-25-8-y-registran-su-nivel-mas-bajo-desde-2016\/\" \/>\n<meta property=\"og:site_name\" content=\"Nexo Informativo Santiago de Quer\u00e9taro\" \/>\n<meta property=\"article:publisher\" content=\"https:\/\/www.facebook.com\/people\/Nexo-Informativo\/61564066885511\/\" \/>\n<meta property=\"article:published_time\" content=\"2025-06-11T12:00:15+00:00\" \/>\n<meta property=\"article:modified_time\" content=\"2025-06-11T14:38:52+00:00\" \/>\n<meta property=\"og:image\" content=\"https:\/\/www.nexoinformativo.mx\/wp-content\/uploads\/2025\/06\/IMG_3819.jpg\" \/>\n\t<meta property=\"og:image:width\" content=\"650\" \/>\n\t<meta property=\"og:image:height\" content=\"380\" \/>\n\t<meta property=\"og:image:type\" content=\"image\/jpeg\" \/>\n<meta name=\"author\" content=\"Nexo Informativo\" \/>\n<meta name=\"twitter:card\" content=\"summary_large_image\" \/>\n<meta name=\"twitter:label1\" content=\"Escrito por\" \/>\n\t<meta name=\"twitter:data1\" content=\"Nexo Informativo\" \/>\n\t<meta name=\"twitter:label2\" content=\"Tiempo de lectura\" \/>\n\t<meta name=\"twitter:data2\" content=\"2 minutos\" \/>\n<script type=\"application\/ld+json\" class=\"yoast-schema-graph\">{\"@context\":\"https:\/\/schema.org\",\"@graph\":[{\"@type\":\"Article\",\"@id\":\"https:\/\/www.nexoinformativo.mx\/index.php\/2025\/06\/11\/homicidios-dolosos-en-mexico-caen-25-8-y-registran-su-nivel-mas-bajo-desde-2016\/#article\",\"isPartOf\":{\"@id\":\"https:\/\/www.nexoinformativo.mx\/index.php\/2025\/06\/11\/homicidios-dolosos-en-mexico-caen-25-8-y-registran-su-nivel-mas-bajo-desde-2016\/\"},\"author\":{\"name\":\"Nexo Informativo\",\"@id\":\"https:\/\/www.nexoinformativo.mx\/#\/schema\/person\/7749d380ba08c8ca00d7bc76fd907b7d\"},\"headline\":\"Homicidios dolosos en M\u00e9xico caen 25.8% y registran su nivel m\u00e1s bajo desde 2016\",\"datePublished\":\"2025-06-11T12:00:15+00:00\",\"dateModified\":\"2025-06-11T14:38:52+00:00\",\"mainEntityOfPage\":{\"@id\":\"https:\/\/www.nexoinformativo.mx\/index.php\/2025\/06\/11\/homicidios-dolosos-en-mexico-caen-25-8-y-registran-su-nivel-mas-bajo-desde-2016\/\"},\"wordCount\":298,\"commentCount\":0,\"publisher\":{\"@id\":\"https:\/\/www.nexoinformativo.mx\/#organization\"},\"image\":{\"@id\":\"https:\/\/www.nexoinformativo.mx\/index.php\/2025\/06\/11\/homicidios-dolosos-en-mexico-caen-25-8-y-registran-su-nivel-mas-bajo-desde-2016\/#primaryimage\"},\"thumbnailUrl\":\"https:\/\/www.nexoinformativo.mx\/wp-content\/uploads\/2025\/06\/IMG_3819.jpg\",\"keywords\":[\"EstrategiaNacionalDeSeguridad\",\"HomicidioBaja\",\"M\u00e9xicoEnPaz\",\"SeguridadMX\"],\"articleSection\":[\"Nacional\",\"\u00daltima Hora\"],\"inLanguage\":\"es\",\"potentialAction\":[{\"@type\":\"CommentAction\",\"name\":\"Comment\",\"target\":[\"https:\/\/www.nexoinformativo.mx\/index.php\/2025\/06\/11\/homicidios-dolosos-en-mexico-caen-25-8-y-registran-su-nivel-mas-bajo-desde-2016\/#respond\"]}]},{\"@type\":\"WebPage\",\"@id\":\"https:\/\/www.nexoinformativo.mx\/index.php\/2025\/06\/11\/homicidios-dolosos-en-mexico-caen-25-8-y-registran-su-nivel-mas-bajo-desde-2016\/\",\"url\":\"https:\/\/www.nexoinformativo.mx\/index.php\/2025\/06\/11\/homicidios-dolosos-en-mexico-caen-25-8-y-registran-su-nivel-mas-bajo-desde-2016\/\",\"name\":\"Homicidios dolosos en M\u00e9xico caen 25.8% y registran su nivel m\u00e1s bajo desde 2016 | Nexo Informativo Santiago de Quer\u00e9taro\",\"isPartOf\":{\"@id\":\"https:\/\/www.nexoinformativo.mx\/#website\"},\"primaryImageOfPage\":{\"@id\":\"https:\/\/www.nexoinformativo.mx\/index.php\/2025\/06\/11\/homicidios-dolosos-en-mexico-caen-25-8-y-registran-su-nivel-mas-bajo-desde-2016\/#primaryimage\"},\"image\":{\"@id\":\"https:\/\/www.nexoinformativo.mx\/index.php\/2025\/06\/11\/homicidios-dolosos-en-mexico-caen-25-8-y-registran-su-nivel-mas-bajo-desde-2016\/#primaryimage\"},\"thumbnailUrl\":\"https:\/\/www.nexoinformativo.mx\/wp-content\/uploads\/2025\/06\/IMG_3819.jpg\",\"datePublished\":\"2025-06-11T12:00:15+00:00\",\"dateModified\":\"2025-06-11T14:38:52+00:00\",\"description\":\"Homicidios dolosos en M\u00e9xico caen 25.8% y registran su nivel m\u00e1s bajo desde 2016\",\"breadcrumb\":{\"@id\":\"https:\/\/www.nexoinformativo.mx\/index.php\/2025\/06\/11\/homicidios-dolosos-en-mexico-caen-25-8-y-registran-su-nivel-mas-bajo-desde-2016\/#breadcrumb\"},\"inLanguage\":\"es\",\"potentialAction\":[{\"@type\":\"ReadAction\",\"target\":[\"https:\/\/www.nexoinformativo.mx\/index.php\/2025\/06\/11\/homicidios-dolosos-en-mexico-caen-25-8-y-registran-su-nivel-mas-bajo-desde-2016\/\"]}]},{\"@type\":\"ImageObject\",\"inLanguage\":\"es\",\"@id\":\"https:\/\/www.nexoinformativo.mx\/index.php\/2025\/06\/11\/homicidios-dolosos-en-mexico-caen-25-8-y-registran-su-nivel-mas-bajo-desde-2016\/#primaryimage\",\"url\":\"https:\/\/www.nexoinformativo.mx\/wp-content\/uploads\/2025\/06\/IMG_3819.jpg\",\"contentUrl\":\"https:\/\/www.nexoinformativo.mx\/wp-content\/uploads\/2025\/06\/IMG_3819.jpg\",\"width\":650,\"height\":380,\"caption\":\"Cuauht\u00e9moc, Ciudad de M\u00e9xico. 10 de junio 2025. La presidenta constitucional de los Estados Unidos Mexicanos, la Doctora Claudia Sheinbaum Pardo en conferencia de prensa matutina en el sal\u00f3n de la Tesorer\u00eda de Palacio Nacional. Acompa\u00f1an a la presidenta: Rosa Icela Rodr\u00edguez Vel\u00e1zquez, secretaria de Gobernaci\u00f3n; Omar Garc\u00eda Harfuch, secretario de Seguridad y Protecci\u00f3n Ciudadana; Ricardo Trevilla Trejo, secretario de la Defensa Nacional; Raymundo Pedro Morales, secretario de Marina; Hern\u00e1n Cort\u00e9s Hern\u00e1ndez, comandante de la Guardia Nacional; Marcela Figueroa Franco, secretaria ejecutiva del Sistema Nacional de Seguridad P\u00fablica (SESNSP). Foto: Sa\u00fal L\u00f3pez Escorcia\/Presidencia\"},{\"@type\":\"BreadcrumbList\",\"@id\":\"https:\/\/www.nexoinformativo.mx\/index.php\/2025\/06\/11\/homicidios-dolosos-en-mexico-caen-25-8-y-registran-su-nivel-mas-bajo-desde-2016\/#breadcrumb\",\"itemListElement\":[{\"@type\":\"ListItem\",\"position\":1,\"name\":\"Inicio\",\"item\":\"https:\/\/www.nexoinformativo.mx\/\"},{\"@type\":\"ListItem\",\"position\":2,\"name\":\"Homicidios dolosos en M\u00e9xico caen 25.8% y registran su nivel m\u00e1s bajo desde 2016\"}]},{\"@type\":\"WebSite\",\"@id\":\"https:\/\/www.nexoinformativo.mx\/#website\",\"url\":\"https:\/\/www.nexoinformativo.mx\/\",\"name\":\"Nexo Informativo Santiago de Quer\u00e9taro\",\"description\":\"Explora NexoInformativo y convi\u00e9rtete en parte de una comunidad que valora el conocimiento y la verdad. Tu nexoinformativo es tu puente hacia una comprensi\u00f3n m\u00e1s profunda del mundo que te rodea.\",\"publisher\":{\"@id\":\"https:\/\/www.nexoinformativo.mx\/#organization\"},\"potentialAction\":[{\"@type\":\"SearchAction\",\"target\":{\"@type\":\"EntryPoint\",\"urlTemplate\":\"https:\/\/www.nexoinformativo.mx\/?s={search_term_string}\"},\"query-input\":{\"@type\":\"PropertyValueSpecification\",\"valueRequired\":true,\"valueName\":\"search_term_string\"}}],\"inLanguage\":\"es\"},{\"@type\":\"Organization\",\"@id\":\"https:\/\/www.nexoinformativo.mx\/#organization\",\"name\":\"Nexo Informativo Santiago de Quer\u00e9taro\",\"url\":\"https:\/\/www.nexoinformativo.mx\/\",\"logo\":{\"@type\":\"ImageObject\",\"inLanguage\":\"es\",\"@id\":\"https:\/\/www.nexoinformativo.mx\/#\/schema\/logo\/image\/\",\"url\":\"https:\/\/www.nexoinformativo.mx\/wp-content\/uploads\/2024\/07\/nexoi-trasparente-2.png\",\"contentUrl\":\"https:\/\/www.nexoinformativo.mx\/wp-content\/uploads\/2024\/07\/nexoi-trasparente-2.png\",\"width\":816,\"height\":339,\"caption\":\"Nexo Informativo Santiago de Quer\u00e9taro\"},\"image\":{\"@id\":\"https:\/\/www.nexoinformativo.mx\/#\/schema\/logo\/image\/\"},\"sameAs\":[\"https:\/\/www.facebook.com\/people\/Nexo-Informativo\/61564066885511\/\"]},{\"@type\":\"Person\",\"@id\":\"https:\/\/www.nexoinformativo.mx\/#\/schema\/person\/7749d380ba08c8ca00d7bc76fd907b7d\",\"name\":\"Nexo Informativo\",\"image\":{\"@type\":\"ImageObject\",\"inLanguage\":\"es\",\"@id\":\"https:\/\/www.nexoinformativo.mx\/#\/schema\/person\/image\/\",\"url\":\"https:\/\/secure.gravatar.com\/avatar\/dde2928154642a13d95f87ddf1ea9718fe2b46760a005c53e41ff5ad610704e6?s=96&d=mm&r=g\",\"contentUrl\":\"https:\/\/secure.gravatar.com\/avatar\/dde2928154642a13d95f87ddf1ea9718fe2b46760a005c53e41ff5ad610704e6?s=96&d=mm&r=g\",\"caption\":\"Nexo Informativo\"},\"url\":\"https:\/\/www.nexoinformativo.mx\/index.php\/author\/edicion\/\"}]}<\/script>\n<!-- \/ Yoast SEO plugin. -->","yoast_head_json":{"title":"Homicidios dolosos en M\u00e9xico caen 25.8% y registran su nivel m\u00e1s bajo desde 2016 | Nexo Informativo Santiago de Quer\u00e9taro","description":"Homicidios dolosos en M\u00e9xico caen 25.8% y registran su nivel m\u00e1s bajo desde 2016","robots":{"index":"index","follow":"follow","max-snippet":"max-snippet:-1","max-image-preview":"max-image-preview:large","max-video-preview":"max-video-preview:-1"},"canonical":"https:\/\/www.nexoinformativo.mx\/index.php\/2025\/06\/11\/homicidios-dolosos-en-mexico-caen-25-8-y-registran-su-nivel-mas-bajo-desde-2016\/","og_locale":"es_MX","og_type":"article","og_title":"Homicidios dolosos en M\u00e9xico caen 25.8% y registran su nivel m\u00e1s bajo desde 2016 | Nexo Informativo Santiago de Quer\u00e9taro","og_description":"Homicidios dolosos en M\u00e9xico caen 25.8% y registran su nivel m\u00e1s bajo desde 2016","og_url":"https:\/\/www.nexoinformativo.mx\/index.php\/2025\/06\/11\/homicidios-dolosos-en-mexico-caen-25-8-y-registran-su-nivel-mas-bajo-desde-2016\/","og_site_name":"Nexo Informativo Santiago de Quer\u00e9taro","article_publisher":"https:\/\/www.facebook.com\/people\/Nexo-Informativo\/61564066885511\/","article_published_time":"2025-06-11T12:00:15+00:00","article_modified_time":"2025-06-11T14:38:52+00:00","og_image":[{"width":650,"height":380,"url":"https:\/\/www.nexoinformativo.mx\/wp-content\/uploads\/2025\/06\/IMG_3819.jpg","type":"image\/jpeg"}],"author":"Nexo Informativo","twitter_card":"summary_large_image","twitter_misc":{"Escrito por":"Nexo Informativo","Tiempo de lectura":"2 minutos"},"schema":{"@context":"https:\/\/schema.org","@graph":[{"@type":"Article","@id":"https:\/\/www.nexoinformativo.mx\/index.php\/2025\/06\/11\/homicidios-dolosos-en-mexico-caen-25-8-y-registran-su-nivel-mas-bajo-desde-2016\/#article","isPartOf":{"@id":"https:\/\/www.nexoinformativo.mx\/index.php\/2025\/06\/11\/homicidios-dolosos-en-mexico-caen-25-8-y-registran-su-nivel-mas-bajo-desde-2016\/"},"author":{"name":"Nexo Informativo","@id":"https:\/\/www.nexoinformativo.mx\/#\/schema\/person\/7749d380ba08c8ca00d7bc76fd907b7d"},"headline":"Homicidios dolosos en M\u00e9xico caen 25.8% y registran su nivel m\u00e1s bajo desde 2016","datePublished":"2025-06-11T12:00:15+00:00","dateModified":"2025-06-11T14:38:52+00:00","mainEntityOfPage":{"@id":"https:\/\/www.nexoinformativo.mx\/index.php\/2025\/06\/11\/homicidios-dolosos-en-mexico-caen-25-8-y-registran-su-nivel-mas-bajo-desde-2016\/"},"wordCount":298,"commentCount":0,"publisher":{"@id":"https:\/\/www.nexoinformativo.mx\/#organization"},"image":{"@id":"https:\/\/www.nexoinformativo.mx\/index.php\/2025\/06\/11\/homicidios-dolosos-en-mexico-caen-25-8-y-registran-su-nivel-mas-bajo-desde-2016\/#primaryimage"},"thumbnailUrl":"https:\/\/www.nexoinformativo.mx\/wp-content\/uploads\/2025\/06\/IMG_3819.jpg","keywords":["EstrategiaNacionalDeSeguridad","HomicidioBaja","M\u00e9xicoEnPaz","SeguridadMX"],"articleSection":["Nacional","\u00daltima Hora"],"inLanguage":"es","potentialAction":[{"@type":"CommentAction","name":"Comment","target":["https:\/\/www.nexoinformativo.mx\/index.php\/2025\/06\/11\/homicidios-dolosos-en-mexico-caen-25-8-y-registran-su-nivel-mas-bajo-desde-2016\/#respond"]}]},{"@type":"WebPage","@id":"https:\/\/www.nexoinformativo.mx\/index.php\/2025\/06\/11\/homicidios-dolosos-en-mexico-caen-25-8-y-registran-su-nivel-mas-bajo-desde-2016\/","url":"https:\/\/www.nexoinformativo.mx\/index.php\/2025\/06\/11\/homicidios-dolosos-en-mexico-caen-25-8-y-registran-su-nivel-mas-bajo-desde-2016\/","name":"Homicidios dolosos en M\u00e9xico caen 25.8% y registran su nivel m\u00e1s bajo desde 2016 | Nexo Informativo Santiago de Quer\u00e9taro","isPartOf":{"@id":"https:\/\/www.nexoinformativo.mx\/#website"},"primaryImageOfPage":{"@id":"https:\/\/www.nexoinformativo.mx\/index.php\/2025\/06\/11\/homicidios-dolosos-en-mexico-caen-25-8-y-registran-su-nivel-mas-bajo-desde-2016\/#primaryimage"},"image":{"@id":"https:\/\/www.nexoinformativo.mx\/index.php\/2025\/06\/11\/homicidios-dolosos-en-mexico-caen-25-8-y-registran-su-nivel-mas-bajo-desde-2016\/#primaryimage"},"thumbnailUrl":"https:\/\/www.nexoinformativo.mx\/wp-content\/uploads\/2025\/06\/IMG_3819.jpg","datePublished":"2025-06-11T12:00:15+00:00","dateModified":"2025-06-11T14:38:52+00:00","description":"Homicidios dolosos en M\u00e9xico caen 25.8% y registran su nivel m\u00e1s bajo desde 2016","breadcrumb":{"@id":"https:\/\/www.nexoinformativo.mx\/index.php\/2025\/06\/11\/homicidios-dolosos-en-mexico-caen-25-8-y-registran-su-nivel-mas-bajo-desde-2016\/#breadcrumb"},"inLanguage":"es","potentialAction":[{"@type":"ReadAction","target":["https:\/\/www.nexoinformativo.mx\/index.php\/2025\/06\/11\/homicidios-dolosos-en-mexico-caen-25-8-y-registran-su-nivel-mas-bajo-desde-2016\/"]}]},{"@type":"ImageObject","inLanguage":"es","@id":"https:\/\/www.nexoinformativo.mx\/index.php\/2025\/06\/11\/homicidios-dolosos-en-mexico-caen-25-8-y-registran-su-nivel-mas-bajo-desde-2016\/#primaryimage","url":"https:\/\/www.nexoinformativo.mx\/wp-content\/uploads\/2025\/06\/IMG_3819.jpg","contentUrl":"https:\/\/www.nexoinformativo.mx\/wp-content\/uploads\/2025\/06\/IMG_3819.jpg","width":650,"height":380,"caption":"Cuauht\u00e9moc, Ciudad de M\u00e9xico. 10 de junio 2025. La presidenta constitucional de los Estados Unidos Mexicanos, la Doctora Claudia Sheinbaum Pardo en conferencia de prensa matutina en el sal\u00f3n de la Tesorer\u00eda de Palacio Nacional. Acompa\u00f1an a la presidenta: Rosa Icela Rodr\u00edguez Vel\u00e1zquez, secretaria de Gobernaci\u00f3n; Omar Garc\u00eda Harfuch, secretario de Seguridad y Protecci\u00f3n Ciudadana; Ricardo Trevilla Trejo, secretario de la Defensa Nacional; Raymundo Pedro Morales, secretario de Marina; Hern\u00e1n Cort\u00e9s Hern\u00e1ndez, comandante de la Guardia Nacional; Marcela Figueroa Franco, secretaria ejecutiva del Sistema Nacional de Seguridad P\u00fablica (SESNSP). Foto: Sa\u00fal L\u00f3pez Escorcia\/Presidencia"},{"@type":"BreadcrumbList","@id":"https:\/\/www.nexoinformativo.mx\/index.php\/2025\/06\/11\/homicidios-dolosos-en-mexico-caen-25-8-y-registran-su-nivel-mas-bajo-desde-2016\/#breadcrumb","itemListElement":[{"@type":"ListItem","position":1,"name":"Inicio","item":"https:\/\/www.nexoinformativo.mx\/"},{"@type":"ListItem","position":2,"name":"Homicidios dolosos en M\u00e9xico caen 25.8% y registran su nivel m\u00e1s bajo desde 2016"}]},{"@type":"WebSite","@id":"https:\/\/www.nexoinformativo.mx\/#website","url":"https:\/\/www.nexoinformativo.mx\/","name":"Nexo Informativo Santiago de Quer\u00e9taro","description":"Explora NexoInformativo y convi\u00e9rtete en parte de una comunidad que valora el conocimiento y la verdad. Tu nexoinformativo es tu puente hacia una comprensi\u00f3n m\u00e1s profunda del mundo que te rodea.","publisher":{"@id":"https:\/\/www.nexoinformativo.mx\/#organization"},"potentialAction":[{"@type":"SearchAction","target":{"@type":"EntryPoint","urlTemplate":"https:\/\/www.nexoinformativo.mx\/?s={search_term_string}"},"query-input":{"@type":"PropertyValueSpecification","valueRequired":true,"valueName":"search_term_string"}}],"inLanguage":"es"},{"@type":"Organization","@id":"https:\/\/www.nexoinformativo.mx\/#organization","name":"Nexo Informativo Santiago de Quer\u00e9taro","url":"https:\/\/www.nexoinformativo.mx\/","logo":{"@type":"ImageObject","inLanguage":"es","@id":"https:\/\/www.nexoinformativo.mx\/#\/schema\/logo\/image\/","url":"https:\/\/www.nexoinformativo.mx\/wp-content\/uploads\/2024\/07\/nexoi-trasparente-2.png","contentUrl":"https:\/\/www.nexoinformativo.mx\/wp-content\/uploads\/2024\/07\/nexoi-trasparente-2.png","width":816,"height":339,"caption":"Nexo Informativo Santiago de Quer\u00e9taro"},"image":{"@id":"https:\/\/www.nexoinformativo.mx\/#\/schema\/logo\/image\/"},"sameAs":["https:\/\/www.facebook.com\/people\/Nexo-Informativo\/61564066885511\/"]},{"@type":"Person","@id":"https:\/\/www.nexoinformativo.mx\/#\/schema\/person\/7749d380ba08c8ca00d7bc76fd907b7d","name":"Nexo Informativo","image":{"@type":"ImageObject","inLanguage":"es","@id":"https:\/\/www.nexoinformativo.mx\/#\/schema\/person\/image\/","url":"https:\/\/secure.gravatar.com\/avatar\/dde2928154642a13d95f87ddf1ea9718fe2b46760a005c53e41ff5ad610704e6?s=96&d=mm&r=g","contentUrl":"https:\/\/secure.gravatar.com\/avatar\/dde2928154642a13d95f87ddf1ea9718fe2b46760a005c53e41ff5ad610704e6?s=96&d=mm&r=g","caption":"Nexo Informativo"},"url":"https:\/\/www.nexoinformativo.mx\/index.php\/author\/edicion\/"}]}},"_links":{"self":[{"href":"https:\/\/www.nexoinformativo.mx\/index.php\/wp-json\/wp\/v2\/posts\/15806","targetHints":{"allow":["GET"]}}],"collection":[{"href":"https:\/\/www.nexoinformativo.mx\/index.php\/wp-json\/wp\/v2\/posts"}],"about":[{"href":"https:\/\/www.nexoinformativo.mx\/index.php\/wp-json\/wp\/v2\/types\/post"}],"author":[{"embeddable":true,"href":"https:\/\/www.nexoinformativo.mx\/index.php\/wp-json\/wp\/v2\/users\/3"}],"replies":[{"embeddable":true,"href":"https:\/\/www.nexoinformativo.mx\/index.php\/wp-json\/wp\/v2\/comments?post=15806"}],"version-history":[{"count":3,"href":"https:\/\/www.nexoinformativo.mx\/index.php\/wp-json\/wp\/v2\/posts\/15806\/revisions"}],"predecessor-version":[{"id":15811,"href":"https:\/\/www.nexoinformativo.mx\/index.php\/wp-json\/wp\/v2\/posts\/15806\/revisions\/15811"}],"wp:featuredmedia":[{"embeddable":true,"href":"https:\/\/www.nexoinformativo.mx\/index.php\/wp-json\/wp\/v2\/media\/15807"}],"wp:attachment":[{"href":"https:\/\/www.nexoinformativo.mx\/index.php\/wp-json\/wp\/v2\/media?parent=15806"}],"wp:term":[{"taxonomy":"category","embeddable":true,"href":"https:\/\/www.nexoinformativo.mx\/index.php\/wp-json\/wp\/v2\/categories?post=15806"},{"taxonomy":"post_tag","embeddable":true,"href":"https:\/\/www.nexoinformativo.mx\/index.php\/wp-json\/wp\/v2\/tags?post=15806"}],"curies":[{"name":"wp","href":"https:\/\/api.w.org\/{rel}","templated":true}]}}