{"id":15817,"date":"2025-06-11T07:00:16","date_gmt":"2025-06-11T13:00:16","guid":{"rendered":"https:\/\/www.nexoinformativo.mx\/?p=15817"},"modified":"2025-06-11T08:57:30","modified_gmt":"2025-06-11T14:57:30","slug":"maneja-seguro-secretaria-de-salud-lanza-estrategia-nacional-para-reducir-accidentes-viales","status":"publish","type":"post","link":"https:\/\/www.nexoinformativo.mx\/index.php\/2025\/06\/11\/maneja-seguro-secretaria-de-salud-lanza-estrategia-nacional-para-reducir-accidentes-viales\/","title":{"rendered":"Maneja seguro Secretaria de Salud lanza estrategia Nacional para reducir accidentes viales"},"content":{"rendered":"<p style=\"text-align: justify;\" data-sourcepos=\"5:1-5:446\">En el marco del D\u00eda Mundial de la Seguridad Vial, la Secretar\u00eda de Salud, a trav\u00e9s del Secretariado T\u00e9cnico del Consejo Nacional para la Prevenci\u00f3n de Accidentes (STCONAPRA), ha lanzado una importante iniciativa: la estrategia nacional \u201cPiensa, lleguemos A SALVO\u201d.<\/p>\n<p>&nbsp;<\/p>\n<p style=\"text-align: justify;\" data-sourcepos=\"5:1-5:446\">El objetivo principal es claro: reducir significativamente las lesiones y muertes causadas por siniestros viales en todo el pa\u00eds.<\/p>\n<p>&nbsp;<\/p>\n<p style=\"text-align: justify;\" data-sourcepos=\"7:1-7:432\">Esta estrategia busca sensibilizar a la poblaci\u00f3n sobre la importancia de adoptar h\u00e1bitos seguros al conducir. Entre las acciones clave se incluyen: respetar los l\u00edmites de velocidad, no usar dispositivos m\u00f3viles al volante y evitar el consumo de alcohol y drogas al conducir.<\/p>\n<p>&nbsp;<\/p>\n<p style=\"text-align: justify;\" data-sourcepos=\"7:1-7:432\">Adem\u00e1s, se promueve el uso obligatorio del cintur\u00f3n de seguridad, los sistemas de retenci\u00f3n infantil y el casco para motociclistas.<\/p>\n<p>&nbsp;<\/p>\n<p style=\"text-align: justify;\" data-sourcepos=\"13:1-13:467\">La Dra. Estrella Albarr\u00e1n Su\u00e1rez, encargada de los asuntos del Secretariado T\u00e9cnico del Consejo Nacional para la Prevenci\u00f3n de Accidentes, enfatiz\u00f3 que \u201ctodas las muertes por accidentes viales son prevenibles si se adoptan acciones multisectoriales con un enfoque de sistemas seguros\u201d.<\/p>\n<p>&nbsp;<\/p>\n<p style=\"text-align: justify;\" data-sourcepos=\"15:1-15:115\">La estrategia \u201cPiensa, lleguemos A SALVO\u201d tambi\u00e9n contempla diversas acciones para mejorar la seguridad vial, como:<\/p>\n<p style=\"text-align: justify;\">*Auditor\u00edas de seguridad vial con expertos acreditados.<\/p>\n<p style=\"text-align: justify;\">*Evaluaciones de infraestructura carretera.<\/p>\n<p style=\"text-align: justify;\">*Fortalecimiento de la atenci\u00f3n m\u00e9dica pre hospitalaria, hospitalaria y de rehabilitaci\u00f3n.<\/p>\n<p style=\"text-align: justify;\">*Campa\u00f1as permanentes de comunicaci\u00f3n para la prevenci\u00f3n de riesgos.<\/p>\n<p>&nbsp;<\/p>\n<p style=\"text-align: justify;\" data-sourcepos=\"22:1-22:467\">Esta iniciativa se alinea con la Estrategia Nacional de Movilidad y Seguridad Vial (ENAMOV) 2023\u20132042, una hoja de ruta que garantiza el derecho a una movilidad segura, accesible y sostenible en M\u00e9xico.<\/p>\n<p>&nbsp;<\/p>\n<p style=\"text-align: justify;\" data-sourcepos=\"24:1-24:226\">La Secretar\u00eda de Salud reitera su compromiso con la salud y la vida de la poblaci\u00f3n, invitando a todos los sectores, gobiernos, instituciones, sociedad civil y ciudadan\u00eda\u2014 a sumarse a la estrategia \u201cPiensa, lleguemos A SALVO\u201d.<\/p>\n<p>&nbsp;<\/p>\n<p style=\"text-align: justify;\" data-sourcepos=\"26:1-26:246\">Puedes consultar el documento completo de la estrategia aqu\u00ed: <a href=\"https:\/\/www.gob.mx\/cms\/uploads\/attachment\/file\/986978\/Estrategia_Nacional_A_SALV0__15_.pdf\" target=\"_blank\" rel=\"noopener\">https:\/\/www.gob.mx\/cms\/uploads\/attachment\/file\/986978\/Estrategia_Nacional_A_SALV0__15_.pdf<\/a><\/p>\n<p>&nbsp;<\/p>\n<p style=\"text-align: center;\" data-sourcepos=\"26:1-26:246\"><em><strong>\u00a1Informaci\u00f3n que transforma!<\/strong><\/em><\/p>\n","protected":false},"excerpt":{"rendered":"<p>En el marco del D\u00eda Mundial de la Seguridad Vial, la Secretar\u00eda de Salud, a trav\u00e9s del Secretariado T\u00e9cnico del Consejo Nacional para la Prevenci\u00f3n de Accidentes (STCONAPRA), ha lanzado una importante iniciativa: la estrategia nacional \u201cPiensa, lleguemos A SALVO\u201d.<\/p>\n","protected":false},"author":3,"featured_media":15819,"comment_status":"open","ping_status":"open","sticky":false,"template":"","format":"standard","meta":{"footnotes":""},"categories":[88,58],"tags":[4757,4758,319,151],"class_list":["post-15817","post","type-post","status-publish","format-standard","has-post-thumbnail","hentry","category-nacional","category-ultima-hora","tag-asalvo","tag-manejaconcuidado","tag-saludpublica","tag-seguridadvial"],"yoast_head":"<!-- This site is optimized with the Yoast SEO plugin v25.0 - https:\/\/yoast.com\/wordpress\/plugins\/seo\/ -->\n<title>Maneja seguro Secretaria de Salud lanza estrategia Nacional para reducir accidentes viales | Nexo Informativo Santiago de Quer\u00e9taro<\/title>\n<meta name=\"description\" content=\"Maneja seguro Secretaria de Salud lanza estrategia Nacional para reducir accidentes viales\" \/>\n<meta name=\"robots\" content=\"index, follow, max-snippet:-1, max-image-preview:large, max-video-preview:-1\" \/>\n<link rel=\"canonical\" href=\"https:\/\/www.nexoinformativo.mx\/index.php\/2025\/06\/11\/maneja-seguro-secretaria-de-salud-lanza-estrategia-nacional-para-reducir-accidentes-viales\/\" \/>\n<meta property=\"og:locale\" content=\"es_MX\" \/>\n<meta property=\"og:type\" content=\"article\" \/>\n<meta property=\"og:title\" content=\"Maneja seguro Secretaria de Salud lanza estrategia Nacional para reducir accidentes viales | Nexo Informativo Santiago de Quer\u00e9taro\" \/>\n<meta property=\"og:description\" content=\"Maneja seguro Secretaria de Salud lanza estrategia Nacional para reducir accidentes viales\" \/>\n<meta property=\"og:url\" content=\"https:\/\/www.nexoinformativo.mx\/index.php\/2025\/06\/11\/maneja-seguro-secretaria-de-salud-lanza-estrategia-nacional-para-reducir-accidentes-viales\/\" \/>\n<meta property=\"og:site_name\" content=\"Nexo Informativo Santiago de Quer\u00e9taro\" \/>\n<meta property=\"article:publisher\" content=\"https:\/\/www.facebook.com\/people\/Nexo-Informativo\/61564066885511\/\" \/>\n<meta property=\"article:published_time\" content=\"2025-06-11T13:00:16+00:00\" \/>\n<meta property=\"article:modified_time\" content=\"2025-06-11T14:57:30+00:00\" \/>\n<meta property=\"og:image\" content=\"https:\/\/www.nexoinformativo.mx\/wp-content\/uploads\/2025\/06\/IMG_3822.jpg\" \/>\n\t<meta property=\"og:image:width\" content=\"650\" \/>\n\t<meta property=\"og:image:height\" content=\"380\" \/>\n\t<meta property=\"og:image:type\" content=\"image\/jpeg\" \/>\n<meta name=\"author\" content=\"Nexo Informativo\" \/>\n<meta name=\"twitter:card\" content=\"summary_large_image\" \/>\n<meta name=\"twitter:label1\" content=\"Escrito por\" \/>\n\t<meta name=\"twitter:data1\" content=\"Nexo Informativo\" \/>\n\t<meta name=\"twitter:label2\" content=\"Tiempo de lectura\" \/>\n\t<meta name=\"twitter:data2\" content=\"2 minutos\" \/>\n<script type=\"application\/ld+json\" class=\"yoast-schema-graph\">{\"@context\":\"https:\/\/schema.org\",\"@graph\":[{\"@type\":\"Article\",\"@id\":\"https:\/\/www.nexoinformativo.mx\/index.php\/2025\/06\/11\/maneja-seguro-secretaria-de-salud-lanza-estrategia-nacional-para-reducir-accidentes-viales\/#article\",\"isPartOf\":{\"@id\":\"https:\/\/www.nexoinformativo.mx\/index.php\/2025\/06\/11\/maneja-seguro-secretaria-de-salud-lanza-estrategia-nacional-para-reducir-accidentes-viales\/\"},\"author\":{\"name\":\"Nexo Informativo\",\"@id\":\"https:\/\/www.nexoinformativo.mx\/#\/schema\/person\/7749d380ba08c8ca00d7bc76fd907b7d\"},\"headline\":\"Maneja seguro Secretaria de Salud lanza estrategia Nacional para reducir accidentes viales\",\"datePublished\":\"2025-06-11T13:00:16+00:00\",\"dateModified\":\"2025-06-11T14:57:30+00:00\",\"mainEntityOfPage\":{\"@id\":\"https:\/\/www.nexoinformativo.mx\/index.php\/2025\/06\/11\/maneja-seguro-secretaria-de-salud-lanza-estrategia-nacional-para-reducir-accidentes-viales\/\"},\"wordCount\":353,\"commentCount\":0,\"publisher\":{\"@id\":\"https:\/\/www.nexoinformativo.mx\/#organization\"},\"image\":{\"@id\":\"https:\/\/www.nexoinformativo.mx\/index.php\/2025\/06\/11\/maneja-seguro-secretaria-de-salud-lanza-estrategia-nacional-para-reducir-accidentes-viales\/#primaryimage\"},\"thumbnailUrl\":\"https:\/\/www.nexoinformativo.mx\/wp-content\/uploads\/2025\/06\/IMG_3822.jpg\",\"keywords\":[\"ASALVO\",\"ManejaConCuidado\",\"SaludP\u00fablica\",\"seguridadvial\"],\"articleSection\":[\"Nacional\",\"\u00daltima Hora\"],\"inLanguage\":\"es\",\"potentialAction\":[{\"@type\":\"CommentAction\",\"name\":\"Comment\",\"target\":[\"https:\/\/www.nexoinformativo.mx\/index.php\/2025\/06\/11\/maneja-seguro-secretaria-de-salud-lanza-estrategia-nacional-para-reducir-accidentes-viales\/#respond\"]}]},{\"@type\":\"WebPage\",\"@id\":\"https:\/\/www.nexoinformativo.mx\/index.php\/2025\/06\/11\/maneja-seguro-secretaria-de-salud-lanza-estrategia-nacional-para-reducir-accidentes-viales\/\",\"url\":\"https:\/\/www.nexoinformativo.mx\/index.php\/2025\/06\/11\/maneja-seguro-secretaria-de-salud-lanza-estrategia-nacional-para-reducir-accidentes-viales\/\",\"name\":\"Maneja seguro Secretaria de Salud lanza estrategia Nacional para reducir accidentes viales | Nexo Informativo Santiago de Quer\u00e9taro\",\"isPartOf\":{\"@id\":\"https:\/\/www.nexoinformativo.mx\/#website\"},\"primaryImageOfPage\":{\"@id\":\"https:\/\/www.nexoinformativo.mx\/index.php\/2025\/06\/11\/maneja-seguro-secretaria-de-salud-lanza-estrategia-nacional-para-reducir-accidentes-viales\/#primaryimage\"},\"image\":{\"@id\":\"https:\/\/www.nexoinformativo.mx\/index.php\/2025\/06\/11\/maneja-seguro-secretaria-de-salud-lanza-estrategia-nacional-para-reducir-accidentes-viales\/#primaryimage\"},\"thumbnailUrl\":\"https:\/\/www.nexoinformativo.mx\/wp-content\/uploads\/2025\/06\/IMG_3822.jpg\",\"datePublished\":\"2025-06-11T13:00:16+00:00\",\"dateModified\":\"2025-06-11T14:57:30+00:00\",\"description\":\"Maneja seguro Secretaria de Salud lanza estrategia Nacional para reducir accidentes viales\",\"breadcrumb\":{\"@id\":\"https:\/\/www.nexoinformativo.mx\/index.php\/2025\/06\/11\/maneja-seguro-secretaria-de-salud-lanza-estrategia-nacional-para-reducir-accidentes-viales\/#breadcrumb\"},\"inLanguage\":\"es\",\"potentialAction\":[{\"@type\":\"ReadAction\",\"target\":[\"https:\/\/www.nexoinformativo.mx\/index.php\/2025\/06\/11\/maneja-seguro-secretaria-de-salud-lanza-estrategia-nacional-para-reducir-accidentes-viales\/\"]}]},{\"@type\":\"ImageObject\",\"inLanguage\":\"es\",\"@id\":\"https:\/\/www.nexoinformativo.mx\/index.php\/2025\/06\/11\/maneja-seguro-secretaria-de-salud-lanza-estrategia-nacional-para-reducir-accidentes-viales\/#primaryimage\",\"url\":\"https:\/\/www.nexoinformativo.mx\/wp-content\/uploads\/2025\/06\/IMG_3822.jpg\",\"contentUrl\":\"https:\/\/www.nexoinformativo.mx\/wp-content\/uploads\/2025\/06\/IMG_3822.jpg\",\"width\":650,\"height\":380},{\"@type\":\"BreadcrumbList\",\"@id\":\"https:\/\/www.nexoinformativo.mx\/index.php\/2025\/06\/11\/maneja-seguro-secretaria-de-salud-lanza-estrategia-nacional-para-reducir-accidentes-viales\/#breadcrumb\",\"itemListElement\":[{\"@type\":\"ListItem\",\"position\":1,\"name\":\"Inicio\",\"item\":\"https:\/\/www.nexoinformativo.mx\/\"},{\"@type\":\"ListItem\",\"position\":2,\"name\":\"Maneja seguro Secretaria de Salud lanza estrategia Nacional para reducir accidentes viales\"}]},{\"@type\":\"WebSite\",\"@id\":\"https:\/\/www.nexoinformativo.mx\/#website\",\"url\":\"https:\/\/www.nexoinformativo.mx\/\",\"name\":\"Nexo Informativo Santiago de Quer\u00e9taro\",\"description\":\"Explora NexoInformativo y convi\u00e9rtete en parte de una comunidad que valora el conocimiento y la verdad. Tu nexoinformativo es tu puente hacia una comprensi\u00f3n m\u00e1s profunda del mundo que te rodea.\",\"publisher\":{\"@id\":\"https:\/\/www.nexoinformativo.mx\/#organization\"},\"potentialAction\":[{\"@type\":\"SearchAction\",\"target\":{\"@type\":\"EntryPoint\",\"urlTemplate\":\"https:\/\/www.nexoinformativo.mx\/?s={search_term_string}\"},\"query-input\":{\"@type\":\"PropertyValueSpecification\",\"valueRequired\":true,\"valueName\":\"search_term_string\"}}],\"inLanguage\":\"es\"},{\"@type\":\"Organization\",\"@id\":\"https:\/\/www.nexoinformativo.mx\/#organization\",\"name\":\"Nexo Informativo Santiago de Quer\u00e9taro\",\"url\":\"https:\/\/www.nexoinformativo.mx\/\",\"logo\":{\"@type\":\"ImageObject\",\"inLanguage\":\"es\",\"@id\":\"https:\/\/www.nexoinformativo.mx\/#\/schema\/logo\/image\/\",\"url\":\"https:\/\/www.nexoinformativo.mx\/wp-content\/uploads\/2024\/07\/nexoi-trasparente-2.png\",\"contentUrl\":\"https:\/\/www.nexoinformativo.mx\/wp-content\/uploads\/2024\/07\/nexoi-trasparente-2.png\",\"width\":816,\"height\":339,\"caption\":\"Nexo Informativo Santiago de Quer\u00e9taro\"},\"image\":{\"@id\":\"https:\/\/www.nexoinformativo.mx\/#\/schema\/logo\/image\/\"},\"sameAs\":[\"https:\/\/www.facebook.com\/people\/Nexo-Informativo\/61564066885511\/\"]},{\"@type\":\"Person\",\"@id\":\"https:\/\/www.nexoinformativo.mx\/#\/schema\/person\/7749d380ba08c8ca00d7bc76fd907b7d\",\"name\":\"Nexo Informativo\",\"image\":{\"@type\":\"ImageObject\",\"inLanguage\":\"es\",\"@id\":\"https:\/\/www.nexoinformativo.mx\/#\/schema\/person\/image\/\",\"url\":\"https:\/\/secure.gravatar.com\/avatar\/dde2928154642a13d95f87ddf1ea9718fe2b46760a005c53e41ff5ad610704e6?s=96&d=mm&r=g\",\"contentUrl\":\"https:\/\/secure.gravatar.com\/avatar\/dde2928154642a13d95f87ddf1ea9718fe2b46760a005c53e41ff5ad610704e6?s=96&d=mm&r=g\",\"caption\":\"Nexo Informativo\"},\"url\":\"https:\/\/www.nexoinformativo.mx\/index.php\/author\/edicion\/\"}]}<\/script>\n<!-- \/ Yoast SEO plugin. -->","yoast_head_json":{"title":"Maneja seguro Secretaria de Salud lanza estrategia Nacional para reducir accidentes viales | Nexo Informativo Santiago de Quer\u00e9taro","description":"Maneja seguro Secretaria de Salud lanza estrategia Nacional para reducir accidentes viales","robots":{"index":"index","follow":"follow","max-snippet":"max-snippet:-1","max-image-preview":"max-image-preview:large","max-video-preview":"max-video-preview:-1"},"canonical":"https:\/\/www.nexoinformativo.mx\/index.php\/2025\/06\/11\/maneja-seguro-secretaria-de-salud-lanza-estrategia-nacional-para-reducir-accidentes-viales\/","og_locale":"es_MX","og_type":"article","og_title":"Maneja seguro Secretaria de Salud lanza estrategia Nacional para reducir accidentes viales | Nexo Informativo Santiago de Quer\u00e9taro","og_description":"Maneja seguro Secretaria de Salud lanza estrategia Nacional para reducir accidentes viales","og_url":"https:\/\/www.nexoinformativo.mx\/index.php\/2025\/06\/11\/maneja-seguro-secretaria-de-salud-lanza-estrategia-nacional-para-reducir-accidentes-viales\/","og_site_name":"Nexo Informativo Santiago de Quer\u00e9taro","article_publisher":"https:\/\/www.facebook.com\/people\/Nexo-Informativo\/61564066885511\/","article_published_time":"2025-06-11T13:00:16+00:00","article_modified_time":"2025-06-11T14:57:30+00:00","og_image":[{"width":650,"height":380,"url":"https:\/\/www.nexoinformativo.mx\/wp-content\/uploads\/2025\/06\/IMG_3822.jpg","type":"image\/jpeg"}],"author":"Nexo Informativo","twitter_card":"summary_large_image","twitter_misc":{"Escrito por":"Nexo Informativo","Tiempo de lectura":"2 minutos"},"schema":{"@context":"https:\/\/schema.org","@graph":[{"@type":"Article","@id":"https:\/\/www.nexoinformativo.mx\/index.php\/2025\/06\/11\/maneja-seguro-secretaria-de-salud-lanza-estrategia-nacional-para-reducir-accidentes-viales\/#article","isPartOf":{"@id":"https:\/\/www.nexoinformativo.mx\/index.php\/2025\/06\/11\/maneja-seguro-secretaria-de-salud-lanza-estrategia-nacional-para-reducir-accidentes-viales\/"},"author":{"name":"Nexo Informativo","@id":"https:\/\/www.nexoinformativo.mx\/#\/schema\/person\/7749d380ba08c8ca00d7bc76fd907b7d"},"headline":"Maneja seguro Secretaria de Salud lanza estrategia Nacional para reducir accidentes viales","datePublished":"2025-06-11T13:00:16+00:00","dateModified":"2025-06-11T14:57:30+00:00","mainEntityOfPage":{"@id":"https:\/\/www.nexoinformativo.mx\/index.php\/2025\/06\/11\/maneja-seguro-secretaria-de-salud-lanza-estrategia-nacional-para-reducir-accidentes-viales\/"},"wordCount":353,"commentCount":0,"publisher":{"@id":"https:\/\/www.nexoinformativo.mx\/#organization"},"image":{"@id":"https:\/\/www.nexoinformativo.mx\/index.php\/2025\/06\/11\/maneja-seguro-secretaria-de-salud-lanza-estrategia-nacional-para-reducir-accidentes-viales\/#primaryimage"},"thumbnailUrl":"https:\/\/www.nexoinformativo.mx\/wp-content\/uploads\/2025\/06\/IMG_3822.jpg","keywords":["ASALVO","ManejaConCuidado","SaludP\u00fablica","seguridadvial"],"articleSection":["Nacional","\u00daltima Hora"],"inLanguage":"es","potentialAction":[{"@type":"CommentAction","name":"Comment","target":["https:\/\/www.nexoinformativo.mx\/index.php\/2025\/06\/11\/maneja-seguro-secretaria-de-salud-lanza-estrategia-nacional-para-reducir-accidentes-viales\/#respond"]}]},{"@type":"WebPage","@id":"https:\/\/www.nexoinformativo.mx\/index.php\/2025\/06\/11\/maneja-seguro-secretaria-de-salud-lanza-estrategia-nacional-para-reducir-accidentes-viales\/","url":"https:\/\/www.nexoinformativo.mx\/index.php\/2025\/06\/11\/maneja-seguro-secretaria-de-salud-lanza-estrategia-nacional-para-reducir-accidentes-viales\/","name":"Maneja seguro Secretaria de Salud lanza estrategia Nacional para reducir accidentes viales | Nexo Informativo Santiago de Quer\u00e9taro","isPartOf":{"@id":"https:\/\/www.nexoinformativo.mx\/#website"},"primaryImageOfPage":{"@id":"https:\/\/www.nexoinformativo.mx\/index.php\/2025\/06\/11\/maneja-seguro-secretaria-de-salud-lanza-estrategia-nacional-para-reducir-accidentes-viales\/#primaryimage"},"image":{"@id":"https:\/\/www.nexoinformativo.mx\/index.php\/2025\/06\/11\/maneja-seguro-secretaria-de-salud-lanza-estrategia-nacional-para-reducir-accidentes-viales\/#primaryimage"},"thumbnailUrl":"https:\/\/www.nexoinformativo.mx\/wp-content\/uploads\/2025\/06\/IMG_3822.jpg","datePublished":"2025-06-11T13:00:16+00:00","dateModified":"2025-06-11T14:57:30+00:00","description":"Maneja seguro Secretaria de Salud lanza estrategia Nacional para reducir accidentes viales","breadcrumb":{"@id":"https:\/\/www.nexoinformativo.mx\/index.php\/2025\/06\/11\/maneja-seguro-secretaria-de-salud-lanza-estrategia-nacional-para-reducir-accidentes-viales\/#breadcrumb"},"inLanguage":"es","potentialAction":[{"@type":"ReadAction","target":["https:\/\/www.nexoinformativo.mx\/index.php\/2025\/06\/11\/maneja-seguro-secretaria-de-salud-lanza-estrategia-nacional-para-reducir-accidentes-viales\/"]}]},{"@type":"ImageObject","inLanguage":"es","@id":"https:\/\/www.nexoinformativo.mx\/index.php\/2025\/06\/11\/maneja-seguro-secretaria-de-salud-lanza-estrategia-nacional-para-reducir-accidentes-viales\/#primaryimage","url":"https:\/\/www.nexoinformativo.mx\/wp-content\/uploads\/2025\/06\/IMG_3822.jpg","contentUrl":"https:\/\/www.nexoinformativo.mx\/wp-content\/uploads\/2025\/06\/IMG_3822.jpg","width":650,"height":380},{"@type":"BreadcrumbList","@id":"https:\/\/www.nexoinformativo.mx\/index.php\/2025\/06\/11\/maneja-seguro-secretaria-de-salud-lanza-estrategia-nacional-para-reducir-accidentes-viales\/#breadcrumb","itemListElement":[{"@type":"ListItem","position":1,"name":"Inicio","item":"https:\/\/www.nexoinformativo.mx\/"},{"@type":"ListItem","position":2,"name":"Maneja seguro Secretaria de Salud lanza estrategia Nacional para reducir accidentes viales"}]},{"@type":"WebSite","@id":"https:\/\/www.nexoinformativo.mx\/#website","url":"https:\/\/www.nexoinformativo.mx\/","name":"Nexo Informativo Santiago de Quer\u00e9taro","description":"Explora NexoInformativo y convi\u00e9rtete en parte de una comunidad que valora el conocimiento y la verdad. Tu nexoinformativo es tu puente hacia una comprensi\u00f3n m\u00e1s profunda del mundo que te rodea.","publisher":{"@id":"https:\/\/www.nexoinformativo.mx\/#organization"},"potentialAction":[{"@type":"SearchAction","target":{"@type":"EntryPoint","urlTemplate":"https:\/\/www.nexoinformativo.mx\/?s={search_term_string}"},"query-input":{"@type":"PropertyValueSpecification","valueRequired":true,"valueName":"search_term_string"}}],"inLanguage":"es"},{"@type":"Organization","@id":"https:\/\/www.nexoinformativo.mx\/#organization","name":"Nexo Informativo Santiago de Quer\u00e9taro","url":"https:\/\/www.nexoinformativo.mx\/","logo":{"@type":"ImageObject","inLanguage":"es","@id":"https:\/\/www.nexoinformativo.mx\/#\/schema\/logo\/image\/","url":"https:\/\/www.nexoinformativo.mx\/wp-content\/uploads\/2024\/07\/nexoi-trasparente-2.png","contentUrl":"https:\/\/www.nexoinformativo.mx\/wp-content\/uploads\/2024\/07\/nexoi-trasparente-2.png","width":816,"height":339,"caption":"Nexo Informativo Santiago de Quer\u00e9taro"},"image":{"@id":"https:\/\/www.nexoinformativo.mx\/#\/schema\/logo\/image\/"},"sameAs":["https:\/\/www.facebook.com\/people\/Nexo-Informativo\/61564066885511\/"]},{"@type":"Person","@id":"https:\/\/www.nexoinformativo.mx\/#\/schema\/person\/7749d380ba08c8ca00d7bc76fd907b7d","name":"Nexo Informativo","image":{"@type":"ImageObject","inLanguage":"es","@id":"https:\/\/www.nexoinformativo.mx\/#\/schema\/person\/image\/","url":"https:\/\/secure.gravatar.com\/avatar\/dde2928154642a13d95f87ddf1ea9718fe2b46760a005c53e41ff5ad610704e6?s=96&d=mm&r=g","contentUrl":"https:\/\/secure.gravatar.com\/avatar\/dde2928154642a13d95f87ddf1ea9718fe2b46760a005c53e41ff5ad610704e6?s=96&d=mm&r=g","caption":"Nexo Informativo"},"url":"https:\/\/www.nexoinformativo.mx\/index.php\/author\/edicion\/"}]}},"_links":{"self":[{"href":"https:\/\/www.nexoinformativo.mx\/index.php\/wp-json\/wp\/v2\/posts\/15817","targetHints":{"allow":["GET"]}}],"collection":[{"href":"https:\/\/www.nexoinformativo.mx\/index.php\/wp-json\/wp\/v2\/posts"}],"about":[{"href":"https:\/\/www.nexoinformativo.mx\/index.php\/wp-json\/wp\/v2\/types\/post"}],"author":[{"embeddable":true,"href":"https:\/\/www.nexoinformativo.mx\/index.php\/wp-json\/wp\/v2\/users\/3"}],"replies":[{"embeddable":true,"href":"https:\/\/www.nexoinformativo.mx\/index.php\/wp-json\/wp\/v2\/comments?post=15817"}],"version-history":[{"count":7,"href":"https:\/\/www.nexoinformativo.mx\/index.php\/wp-json\/wp\/v2\/posts\/15817\/revisions"}],"predecessor-version":[{"id":15825,"href":"https:\/\/www.nexoinformativo.mx\/index.php\/wp-json\/wp\/v2\/posts\/15817\/revisions\/15825"}],"wp:featuredmedia":[{"embeddable":true,"href":"https:\/\/www.nexoinformativo.mx\/index.php\/wp-json\/wp\/v2\/media\/15819"}],"wp:attachment":[{"href":"https:\/\/www.nexoinformativo.mx\/index.php\/wp-json\/wp\/v2\/media?parent=15817"}],"wp:term":[{"taxonomy":"category","embeddable":true,"href":"https:\/\/www.nexoinformativo.mx\/index.php\/wp-json\/wp\/v2\/categories?post=15817"},{"taxonomy":"post_tag","embeddable":true,"href":"https:\/\/www.nexoinformativo.mx\/index.php\/wp-json\/wp\/v2\/tags?post=15817"}],"curies":[{"name":"wp","href":"https:\/\/api.w.org\/{rel}","templated":true}]}}