{"id":15826,"date":"2025-06-11T07:30:36","date_gmt":"2025-06-11T13:30:36","guid":{"rendered":"https:\/\/www.nexoinformativo.mx\/?p=15826"},"modified":"2025-06-11T09:02:05","modified_gmt":"2025-06-11T15:02:05","slug":"queretaro-y-aws-consolidan-alianza-para-impulsar-la-tecnologia-y-el-futuro-digital-en-el-estado","status":"publish","type":"post","link":"https:\/\/www.nexoinformativo.mx\/index.php\/2025\/06\/11\/queretaro-y-aws-consolidan-alianza-para-impulsar-la-tecnologia-y-el-futuro-digital-en-el-estado\/","title":{"rendered":"Quer\u00e9taro y AWS consolidan alianza para impulsar la tecnolog\u00eda y el futuro digital en el estado"},"content":{"rendered":"<p style=\"text-align: justify;\" data-sourcepos=\"5:1-5:493\">El gobernador Mauricio Kuri recibi\u00f3 en el Palacio de la Corregidora a una comitiva de Amazon Web Services (AWS), encabezada por Sergio Loureiro, vicepresidente global de operaciones de los Centros de Datos.<\/p>\n<p>&nbsp;<\/p>\n<p style=\"text-align: justify;\" data-sourcepos=\"5:1-5:493\">El objetivo de la reuni\u00f3n fue fortalecer los lazos y asegurar una sinergia a futuro que posicione al estado a la vanguardia tecnol\u00f3gica.<\/p>\n<p>&nbsp;<\/p>\n<p style=\"text-align: justify;\" data-sourcepos=\"7:1-7:410\">Durante el encuentro, el gobernador Kuri reiter\u00f3 la total disposici\u00f3n de su administraci\u00f3n para apoyar en la cimentaci\u00f3n y operatividad de AWS en la regi\u00f3n. Su meta es clara: llevar a Quer\u00e9taro al siguiente nivel en materia tecnol\u00f3gica.<\/p>\n<p>&nbsp;<\/p>\n<p style=\"text-align: justify;\" data-sourcepos=\"13:1-13:413\">Por su parte, Sergio Loureiro, acompa\u00f1ado por Ana Paola Barbosa, directora de Pol\u00edticas P\u00fablicas de AWS; Nandy Verma, director regional de Operaciones; Alfredo Mej\u00eda, gerente de la regi\u00f3n M\u00e9xico; y Aurea Pati\u00f1o, gerente de Pol\u00edtica P\u00fablica, reconoci\u00f3 el dinamismo que caracteriza a Quer\u00e9taro.<\/p>\n<p>&nbsp;<\/p>\n<p style=\"text-align: justify;\" data-sourcepos=\"13:1-13:413\">Subray\u00f3 la importancia de trabajar en conjunto para el desarrollo de nuevos proyectos que beneficien a ambas partes.<\/p>\n<p style=\"text-align: justify;\" data-sourcepos=\"15:1-15:423\">Es importante recordar que, a inicios de este a\u00f1o, AWS comenz\u00f3 la operaci\u00f3n de sus centros de datos en Quer\u00e9taro con una inversi\u00f3n de cinco mil millones de d\u00f3lares.<\/p>\n<p>&nbsp;<\/p>\n<p style=\"text-align: justify;\" data-sourcepos=\"15:1-15:423\">Esta regi\u00f3n, conocida como &#8220;Regi\u00f3n AWS M\u00e9xico (Central)&#8221;, permitir\u00e1 a clientes de todas las industrias beneficiarse de una infraestructura en la nube segura, escalable y confiable, impulsando as\u00ed la transformaci\u00f3n digital y la innovaci\u00f3n en todo el pa\u00eds.<\/p>\n<p>&nbsp;<\/p>\n<p style=\"text-align: justify;\" data-sourcepos=\"17:1-17:186\">La colaboraci\u00f3n entre Quer\u00e9taro y AWS es un paso estrat\u00e9gico para el desarrollo tecnol\u00f3gico y econ\u00f3mico de la regi\u00f3n, atrayendo inversiones y creando oportunidades para el talento local.<\/p>\n<p>&nbsp;<\/p>\n<p style=\"text-align: center;\" data-sourcepos=\"17:1-17:186\"><em><strong>\u00a1Informaci\u00f3n que transforma!<\/strong><\/em><\/p>\n","protected":false},"excerpt":{"rendered":"<p>El gobernador Mauricio Kuri Gonz\u00e1lez recibi\u00f3 en el Palacio de la Corregidora a una comitiva de Amazon Web Services (AWS), encabezada por Sergio Loureiro, vicepresidente global de operaciones de los Centros de Datos.<\/p>\n","protected":false},"author":3,"featured_media":15830,"comment_status":"open","ping_status":"open","sticky":false,"template":"","format":"standard","meta":{"footnotes":""},"categories":[5,42,58],"tags":[4759,4760,511,2618],"class_list":["post-15826","post","type-post","status-publish","format-standard","has-post-thumbnail","hentry","category-economia","category-estado","category-ultima-hora","tag-awssinversion","tag-datacentersmx","tag-innovaciondigital","tag-queretarotech"],"yoast_head":"<!-- This site is optimized with the Yoast SEO plugin v25.0 - https:\/\/yoast.com\/wordpress\/plugins\/seo\/ -->\n<title>Quer\u00e9taro y AWS consolidan alianza para impulsar la tecnolog\u00eda y el futuro digital en el estado | Nexo Informativo Santiago de Quer\u00e9taro<\/title>\n<meta name=\"description\" content=\"Quer\u00e9taro y AWS consolidan alianza para impulsar la tecnolog\u00eda y el futuro digital en el estado\" \/>\n<meta name=\"robots\" content=\"index, follow, max-snippet:-1, max-image-preview:large, max-video-preview:-1\" \/>\n<link rel=\"canonical\" href=\"https:\/\/www.nexoinformativo.mx\/index.php\/2025\/06\/11\/queretaro-y-aws-consolidan-alianza-para-impulsar-la-tecnologia-y-el-futuro-digital-en-el-estado\/\" \/>\n<meta property=\"og:locale\" content=\"es_MX\" \/>\n<meta property=\"og:type\" content=\"article\" \/>\n<meta property=\"og:title\" content=\"Quer\u00e9taro y AWS consolidan alianza para impulsar la tecnolog\u00eda y el futuro digital en el estado | Nexo Informativo Santiago de Quer\u00e9taro\" \/>\n<meta property=\"og:description\" content=\"Quer\u00e9taro y AWS consolidan alianza para impulsar la tecnolog\u00eda y el futuro digital en el estado\" \/>\n<meta property=\"og:url\" content=\"https:\/\/www.nexoinformativo.mx\/index.php\/2025\/06\/11\/queretaro-y-aws-consolidan-alianza-para-impulsar-la-tecnologia-y-el-futuro-digital-en-el-estado\/\" \/>\n<meta property=\"og:site_name\" content=\"Nexo Informativo Santiago de Quer\u00e9taro\" \/>\n<meta property=\"article:publisher\" content=\"https:\/\/www.facebook.com\/people\/Nexo-Informativo\/61564066885511\/\" \/>\n<meta property=\"article:published_time\" content=\"2025-06-11T13:30:36+00:00\" \/>\n<meta property=\"article:modified_time\" content=\"2025-06-11T15:02:05+00:00\" \/>\n<meta property=\"og:image\" content=\"https:\/\/www.nexoinformativo.mx\/wp-content\/uploads\/2025\/06\/PHOTO-2025-06-11-08-25-39-e1749654121936.jpg\" \/>\n\t<meta property=\"og:image:width\" content=\"800\" \/>\n\t<meta property=\"og:image:height\" content=\"533\" \/>\n\t<meta property=\"og:image:type\" content=\"image\/jpeg\" \/>\n<meta name=\"author\" content=\"Nexo Informativo\" \/>\n<meta name=\"twitter:card\" content=\"summary_large_image\" \/>\n<meta name=\"twitter:label1\" content=\"Escrito por\" \/>\n\t<meta name=\"twitter:data1\" content=\"Nexo Informativo\" \/>\n\t<meta name=\"twitter:label2\" content=\"Tiempo de lectura\" \/>\n\t<meta name=\"twitter:data2\" content=\"2 minutos\" \/>\n<script type=\"application\/ld+json\" class=\"yoast-schema-graph\">{\"@context\":\"https:\/\/schema.org\",\"@graph\":[{\"@type\":\"Article\",\"@id\":\"https:\/\/www.nexoinformativo.mx\/index.php\/2025\/06\/11\/queretaro-y-aws-consolidan-alianza-para-impulsar-la-tecnologia-y-el-futuro-digital-en-el-estado\/#article\",\"isPartOf\":{\"@id\":\"https:\/\/www.nexoinformativo.mx\/index.php\/2025\/06\/11\/queretaro-y-aws-consolidan-alianza-para-impulsar-la-tecnologia-y-el-futuro-digital-en-el-estado\/\"},\"author\":{\"name\":\"Nexo Informativo\",\"@id\":\"https:\/\/www.nexoinformativo.mx\/#\/schema\/person\/7749d380ba08c8ca00d7bc76fd907b7d\"},\"headline\":\"Quer\u00e9taro y AWS consolidan alianza para impulsar la tecnolog\u00eda y el futuro digital en el estado\",\"datePublished\":\"2025-06-11T13:30:36+00:00\",\"dateModified\":\"2025-06-11T15:02:05+00:00\",\"mainEntityOfPage\":{\"@id\":\"https:\/\/www.nexoinformativo.mx\/index.php\/2025\/06\/11\/queretaro-y-aws-consolidan-alianza-para-impulsar-la-tecnologia-y-el-futuro-digital-en-el-estado\/\"},\"wordCount\":313,\"commentCount\":0,\"publisher\":{\"@id\":\"https:\/\/www.nexoinformativo.mx\/#organization\"},\"image\":{\"@id\":\"https:\/\/www.nexoinformativo.mx\/index.php\/2025\/06\/11\/queretaro-y-aws-consolidan-alianza-para-impulsar-la-tecnologia-y-el-futuro-digital-en-el-estado\/#primaryimage\"},\"thumbnailUrl\":\"https:\/\/www.nexoinformativo.mx\/wp-content\/uploads\/2025\/06\/PHOTO-2025-06-11-08-25-39-e1749654121936.jpg\",\"keywords\":[\"AWSSinversi\u00f3n\",\"DataCentersMX\",\"Innovaci\u00f3nDigital\",\"Quer\u00e9taroTech\"],\"articleSection\":[\"Econom\u00eda\",\"Estado\",\"\u00daltima Hora\"],\"inLanguage\":\"es\",\"potentialAction\":[{\"@type\":\"CommentAction\",\"name\":\"Comment\",\"target\":[\"https:\/\/www.nexoinformativo.mx\/index.php\/2025\/06\/11\/queretaro-y-aws-consolidan-alianza-para-impulsar-la-tecnologia-y-el-futuro-digital-en-el-estado\/#respond\"]}]},{\"@type\":\"WebPage\",\"@id\":\"https:\/\/www.nexoinformativo.mx\/index.php\/2025\/06\/11\/queretaro-y-aws-consolidan-alianza-para-impulsar-la-tecnologia-y-el-futuro-digital-en-el-estado\/\",\"url\":\"https:\/\/www.nexoinformativo.mx\/index.php\/2025\/06\/11\/queretaro-y-aws-consolidan-alianza-para-impulsar-la-tecnologia-y-el-futuro-digital-en-el-estado\/\",\"name\":\"Quer\u00e9taro y AWS consolidan alianza para impulsar la tecnolog\u00eda y el futuro digital en el estado | Nexo Informativo Santiago de Quer\u00e9taro\",\"isPartOf\":{\"@id\":\"https:\/\/www.nexoinformativo.mx\/#website\"},\"primaryImageOfPage\":{\"@id\":\"https:\/\/www.nexoinformativo.mx\/index.php\/2025\/06\/11\/queretaro-y-aws-consolidan-alianza-para-impulsar-la-tecnologia-y-el-futuro-digital-en-el-estado\/#primaryimage\"},\"image\":{\"@id\":\"https:\/\/www.nexoinformativo.mx\/index.php\/2025\/06\/11\/queretaro-y-aws-consolidan-alianza-para-impulsar-la-tecnologia-y-el-futuro-digital-en-el-estado\/#primaryimage\"},\"thumbnailUrl\":\"https:\/\/www.nexoinformativo.mx\/wp-content\/uploads\/2025\/06\/PHOTO-2025-06-11-08-25-39-e1749654121936.jpg\",\"datePublished\":\"2025-06-11T13:30:36+00:00\",\"dateModified\":\"2025-06-11T15:02:05+00:00\",\"description\":\"Quer\u00e9taro y AWS consolidan alianza para impulsar la tecnolog\u00eda y el futuro digital en el estado\",\"breadcrumb\":{\"@id\":\"https:\/\/www.nexoinformativo.mx\/index.php\/2025\/06\/11\/queretaro-y-aws-consolidan-alianza-para-impulsar-la-tecnologia-y-el-futuro-digital-en-el-estado\/#breadcrumb\"},\"inLanguage\":\"es\",\"potentialAction\":[{\"@type\":\"ReadAction\",\"target\":[\"https:\/\/www.nexoinformativo.mx\/index.php\/2025\/06\/11\/queretaro-y-aws-consolidan-alianza-para-impulsar-la-tecnologia-y-el-futuro-digital-en-el-estado\/\"]}]},{\"@type\":\"ImageObject\",\"inLanguage\":\"es\",\"@id\":\"https:\/\/www.nexoinformativo.mx\/index.php\/2025\/06\/11\/queretaro-y-aws-consolidan-alianza-para-impulsar-la-tecnologia-y-el-futuro-digital-en-el-estado\/#primaryimage\",\"url\":\"https:\/\/www.nexoinformativo.mx\/wp-content\/uploads\/2025\/06\/PHOTO-2025-06-11-08-25-39-e1749654121936.jpg\",\"contentUrl\":\"https:\/\/www.nexoinformativo.mx\/wp-content\/uploads\/2025\/06\/PHOTO-2025-06-11-08-25-39-e1749654121936.jpg\",\"width\":800,\"height\":533},{\"@type\":\"BreadcrumbList\",\"@id\":\"https:\/\/www.nexoinformativo.mx\/index.php\/2025\/06\/11\/queretaro-y-aws-consolidan-alianza-para-impulsar-la-tecnologia-y-el-futuro-digital-en-el-estado\/#breadcrumb\",\"itemListElement\":[{\"@type\":\"ListItem\",\"position\":1,\"name\":\"Inicio\",\"item\":\"https:\/\/www.nexoinformativo.mx\/\"},{\"@type\":\"ListItem\",\"position\":2,\"name\":\"Quer\u00e9taro y AWS consolidan alianza para impulsar la tecnolog\u00eda y el futuro digital en el estado\"}]},{\"@type\":\"WebSite\",\"@id\":\"https:\/\/www.nexoinformativo.mx\/#website\",\"url\":\"https:\/\/www.nexoinformativo.mx\/\",\"name\":\"Nexo Informativo Santiago de Quer\u00e9taro\",\"description\":\"Explora NexoInformativo y convi\u00e9rtete en parte de una comunidad que valora el conocimiento y la verdad. Tu nexoinformativo es tu puente hacia una comprensi\u00f3n m\u00e1s profunda del mundo que te rodea.\",\"publisher\":{\"@id\":\"https:\/\/www.nexoinformativo.mx\/#organization\"},\"potentialAction\":[{\"@type\":\"SearchAction\",\"target\":{\"@type\":\"EntryPoint\",\"urlTemplate\":\"https:\/\/www.nexoinformativo.mx\/?s={search_term_string}\"},\"query-input\":{\"@type\":\"PropertyValueSpecification\",\"valueRequired\":true,\"valueName\":\"search_term_string\"}}],\"inLanguage\":\"es\"},{\"@type\":\"Organization\",\"@id\":\"https:\/\/www.nexoinformativo.mx\/#organization\",\"name\":\"Nexo Informativo Santiago de Quer\u00e9taro\",\"url\":\"https:\/\/www.nexoinformativo.mx\/\",\"logo\":{\"@type\":\"ImageObject\",\"inLanguage\":\"es\",\"@id\":\"https:\/\/www.nexoinformativo.mx\/#\/schema\/logo\/image\/\",\"url\":\"https:\/\/www.nexoinformativo.mx\/wp-content\/uploads\/2024\/07\/nexoi-trasparente-2.png\",\"contentUrl\":\"https:\/\/www.nexoinformativo.mx\/wp-content\/uploads\/2024\/07\/nexoi-trasparente-2.png\",\"width\":816,\"height\":339,\"caption\":\"Nexo Informativo Santiago de Quer\u00e9taro\"},\"image\":{\"@id\":\"https:\/\/www.nexoinformativo.mx\/#\/schema\/logo\/image\/\"},\"sameAs\":[\"https:\/\/www.facebook.com\/people\/Nexo-Informativo\/61564066885511\/\"]},{\"@type\":\"Person\",\"@id\":\"https:\/\/www.nexoinformativo.mx\/#\/schema\/person\/7749d380ba08c8ca00d7bc76fd907b7d\",\"name\":\"Nexo Informativo\",\"image\":{\"@type\":\"ImageObject\",\"inLanguage\":\"es\",\"@id\":\"https:\/\/www.nexoinformativo.mx\/#\/schema\/person\/image\/\",\"url\":\"https:\/\/secure.gravatar.com\/avatar\/dde2928154642a13d95f87ddf1ea9718fe2b46760a005c53e41ff5ad610704e6?s=96&d=mm&r=g\",\"contentUrl\":\"https:\/\/secure.gravatar.com\/avatar\/dde2928154642a13d95f87ddf1ea9718fe2b46760a005c53e41ff5ad610704e6?s=96&d=mm&r=g\",\"caption\":\"Nexo Informativo\"},\"url\":\"https:\/\/www.nexoinformativo.mx\/index.php\/author\/edicion\/\"}]}<\/script>\n<!-- \/ Yoast SEO plugin. -->","yoast_head_json":{"title":"Quer\u00e9taro y AWS consolidan alianza para impulsar la tecnolog\u00eda y el futuro digital en el estado | Nexo Informativo Santiago de Quer\u00e9taro","description":"Quer\u00e9taro y AWS consolidan alianza para impulsar la tecnolog\u00eda y el futuro digital en el estado","robots":{"index":"index","follow":"follow","max-snippet":"max-snippet:-1","max-image-preview":"max-image-preview:large","max-video-preview":"max-video-preview:-1"},"canonical":"https:\/\/www.nexoinformativo.mx\/index.php\/2025\/06\/11\/queretaro-y-aws-consolidan-alianza-para-impulsar-la-tecnologia-y-el-futuro-digital-en-el-estado\/","og_locale":"es_MX","og_type":"article","og_title":"Quer\u00e9taro y AWS consolidan alianza para impulsar la tecnolog\u00eda y el futuro digital en el estado | Nexo Informativo Santiago de Quer\u00e9taro","og_description":"Quer\u00e9taro y AWS consolidan alianza para impulsar la tecnolog\u00eda y el futuro digital en el estado","og_url":"https:\/\/www.nexoinformativo.mx\/index.php\/2025\/06\/11\/queretaro-y-aws-consolidan-alianza-para-impulsar-la-tecnologia-y-el-futuro-digital-en-el-estado\/","og_site_name":"Nexo Informativo Santiago de Quer\u00e9taro","article_publisher":"https:\/\/www.facebook.com\/people\/Nexo-Informativo\/61564066885511\/","article_published_time":"2025-06-11T13:30:36+00:00","article_modified_time":"2025-06-11T15:02:05+00:00","og_image":[{"width":800,"height":533,"url":"https:\/\/www.nexoinformativo.mx\/wp-content\/uploads\/2025\/06\/PHOTO-2025-06-11-08-25-39-e1749654121936.jpg","type":"image\/jpeg"}],"author":"Nexo Informativo","twitter_card":"summary_large_image","twitter_misc":{"Escrito por":"Nexo Informativo","Tiempo de lectura":"2 minutos"},"schema":{"@context":"https:\/\/schema.org","@graph":[{"@type":"Article","@id":"https:\/\/www.nexoinformativo.mx\/index.php\/2025\/06\/11\/queretaro-y-aws-consolidan-alianza-para-impulsar-la-tecnologia-y-el-futuro-digital-en-el-estado\/#article","isPartOf":{"@id":"https:\/\/www.nexoinformativo.mx\/index.php\/2025\/06\/11\/queretaro-y-aws-consolidan-alianza-para-impulsar-la-tecnologia-y-el-futuro-digital-en-el-estado\/"},"author":{"name":"Nexo Informativo","@id":"https:\/\/www.nexoinformativo.mx\/#\/schema\/person\/7749d380ba08c8ca00d7bc76fd907b7d"},"headline":"Quer\u00e9taro y AWS consolidan alianza para impulsar la tecnolog\u00eda y el futuro digital en el estado","datePublished":"2025-06-11T13:30:36+00:00","dateModified":"2025-06-11T15:02:05+00:00","mainEntityOfPage":{"@id":"https:\/\/www.nexoinformativo.mx\/index.php\/2025\/06\/11\/queretaro-y-aws-consolidan-alianza-para-impulsar-la-tecnologia-y-el-futuro-digital-en-el-estado\/"},"wordCount":313,"commentCount":0,"publisher":{"@id":"https:\/\/www.nexoinformativo.mx\/#organization"},"image":{"@id":"https:\/\/www.nexoinformativo.mx\/index.php\/2025\/06\/11\/queretaro-y-aws-consolidan-alianza-para-impulsar-la-tecnologia-y-el-futuro-digital-en-el-estado\/#primaryimage"},"thumbnailUrl":"https:\/\/www.nexoinformativo.mx\/wp-content\/uploads\/2025\/06\/PHOTO-2025-06-11-08-25-39-e1749654121936.jpg","keywords":["AWSSinversi\u00f3n","DataCentersMX","Innovaci\u00f3nDigital","Quer\u00e9taroTech"],"articleSection":["Econom\u00eda","Estado","\u00daltima Hora"],"inLanguage":"es","potentialAction":[{"@type":"CommentAction","name":"Comment","target":["https:\/\/www.nexoinformativo.mx\/index.php\/2025\/06\/11\/queretaro-y-aws-consolidan-alianza-para-impulsar-la-tecnologia-y-el-futuro-digital-en-el-estado\/#respond"]}]},{"@type":"WebPage","@id":"https:\/\/www.nexoinformativo.mx\/index.php\/2025\/06\/11\/queretaro-y-aws-consolidan-alianza-para-impulsar-la-tecnologia-y-el-futuro-digital-en-el-estado\/","url":"https:\/\/www.nexoinformativo.mx\/index.php\/2025\/06\/11\/queretaro-y-aws-consolidan-alianza-para-impulsar-la-tecnologia-y-el-futuro-digital-en-el-estado\/","name":"Quer\u00e9taro y AWS consolidan alianza para impulsar la tecnolog\u00eda y el futuro digital en el estado | Nexo Informativo Santiago de Quer\u00e9taro","isPartOf":{"@id":"https:\/\/www.nexoinformativo.mx\/#website"},"primaryImageOfPage":{"@id":"https:\/\/www.nexoinformativo.mx\/index.php\/2025\/06\/11\/queretaro-y-aws-consolidan-alianza-para-impulsar-la-tecnologia-y-el-futuro-digital-en-el-estado\/#primaryimage"},"image":{"@id":"https:\/\/www.nexoinformativo.mx\/index.php\/2025\/06\/11\/queretaro-y-aws-consolidan-alianza-para-impulsar-la-tecnologia-y-el-futuro-digital-en-el-estado\/#primaryimage"},"thumbnailUrl":"https:\/\/www.nexoinformativo.mx\/wp-content\/uploads\/2025\/06\/PHOTO-2025-06-11-08-25-39-e1749654121936.jpg","datePublished":"2025-06-11T13:30:36+00:00","dateModified":"2025-06-11T15:02:05+00:00","description":"Quer\u00e9taro y AWS consolidan alianza para impulsar la tecnolog\u00eda y el futuro digital en el estado","breadcrumb":{"@id":"https:\/\/www.nexoinformativo.mx\/index.php\/2025\/06\/11\/queretaro-y-aws-consolidan-alianza-para-impulsar-la-tecnologia-y-el-futuro-digital-en-el-estado\/#breadcrumb"},"inLanguage":"es","potentialAction":[{"@type":"ReadAction","target":["https:\/\/www.nexoinformativo.mx\/index.php\/2025\/06\/11\/queretaro-y-aws-consolidan-alianza-para-impulsar-la-tecnologia-y-el-futuro-digital-en-el-estado\/"]}]},{"@type":"ImageObject","inLanguage":"es","@id":"https:\/\/www.nexoinformativo.mx\/index.php\/2025\/06\/11\/queretaro-y-aws-consolidan-alianza-para-impulsar-la-tecnologia-y-el-futuro-digital-en-el-estado\/#primaryimage","url":"https:\/\/www.nexoinformativo.mx\/wp-content\/uploads\/2025\/06\/PHOTO-2025-06-11-08-25-39-e1749654121936.jpg","contentUrl":"https:\/\/www.nexoinformativo.mx\/wp-content\/uploads\/2025\/06\/PHOTO-2025-06-11-08-25-39-e1749654121936.jpg","width":800,"height":533},{"@type":"BreadcrumbList","@id":"https:\/\/www.nexoinformativo.mx\/index.php\/2025\/06\/11\/queretaro-y-aws-consolidan-alianza-para-impulsar-la-tecnologia-y-el-futuro-digital-en-el-estado\/#breadcrumb","itemListElement":[{"@type":"ListItem","position":1,"name":"Inicio","item":"https:\/\/www.nexoinformativo.mx\/"},{"@type":"ListItem","position":2,"name":"Quer\u00e9taro y AWS consolidan alianza para impulsar la tecnolog\u00eda y el futuro digital en el estado"}]},{"@type":"WebSite","@id":"https:\/\/www.nexoinformativo.mx\/#website","url":"https:\/\/www.nexoinformativo.mx\/","name":"Nexo Informativo Santiago de Quer\u00e9taro","description":"Explora NexoInformativo y convi\u00e9rtete en parte de una comunidad que valora el conocimiento y la verdad. Tu nexoinformativo es tu puente hacia una comprensi\u00f3n m\u00e1s profunda del mundo que te rodea.","publisher":{"@id":"https:\/\/www.nexoinformativo.mx\/#organization"},"potentialAction":[{"@type":"SearchAction","target":{"@type":"EntryPoint","urlTemplate":"https:\/\/www.nexoinformativo.mx\/?s={search_term_string}"},"query-input":{"@type":"PropertyValueSpecification","valueRequired":true,"valueName":"search_term_string"}}],"inLanguage":"es"},{"@type":"Organization","@id":"https:\/\/www.nexoinformativo.mx\/#organization","name":"Nexo Informativo Santiago de Quer\u00e9taro","url":"https:\/\/www.nexoinformativo.mx\/","logo":{"@type":"ImageObject","inLanguage":"es","@id":"https:\/\/www.nexoinformativo.mx\/#\/schema\/logo\/image\/","url":"https:\/\/www.nexoinformativo.mx\/wp-content\/uploads\/2024\/07\/nexoi-trasparente-2.png","contentUrl":"https:\/\/www.nexoinformativo.mx\/wp-content\/uploads\/2024\/07\/nexoi-trasparente-2.png","width":816,"height":339,"caption":"Nexo Informativo Santiago de Quer\u00e9taro"},"image":{"@id":"https:\/\/www.nexoinformativo.mx\/#\/schema\/logo\/image\/"},"sameAs":["https:\/\/www.facebook.com\/people\/Nexo-Informativo\/61564066885511\/"]},{"@type":"Person","@id":"https:\/\/www.nexoinformativo.mx\/#\/schema\/person\/7749d380ba08c8ca00d7bc76fd907b7d","name":"Nexo Informativo","image":{"@type":"ImageObject","inLanguage":"es","@id":"https:\/\/www.nexoinformativo.mx\/#\/schema\/person\/image\/","url":"https:\/\/secure.gravatar.com\/avatar\/dde2928154642a13d95f87ddf1ea9718fe2b46760a005c53e41ff5ad610704e6?s=96&d=mm&r=g","contentUrl":"https:\/\/secure.gravatar.com\/avatar\/dde2928154642a13d95f87ddf1ea9718fe2b46760a005c53e41ff5ad610704e6?s=96&d=mm&r=g","caption":"Nexo Informativo"},"url":"https:\/\/www.nexoinformativo.mx\/index.php\/author\/edicion\/"}]}},"_links":{"self":[{"href":"https:\/\/www.nexoinformativo.mx\/index.php\/wp-json\/wp\/v2\/posts\/15826","targetHints":{"allow":["GET"]}}],"collection":[{"href":"https:\/\/www.nexoinformativo.mx\/index.php\/wp-json\/wp\/v2\/posts"}],"about":[{"href":"https:\/\/www.nexoinformativo.mx\/index.php\/wp-json\/wp\/v2\/types\/post"}],"author":[{"embeddable":true,"href":"https:\/\/www.nexoinformativo.mx\/index.php\/wp-json\/wp\/v2\/users\/3"}],"replies":[{"embeddable":true,"href":"https:\/\/www.nexoinformativo.mx\/index.php\/wp-json\/wp\/v2\/comments?post=15826"}],"version-history":[{"count":4,"href":"https:\/\/www.nexoinformativo.mx\/index.php\/wp-json\/wp\/v2\/posts\/15826\/revisions"}],"predecessor-version":[{"id":15831,"href":"https:\/\/www.nexoinformativo.mx\/index.php\/wp-json\/wp\/v2\/posts\/15826\/revisions\/15831"}],"wp:featuredmedia":[{"embeddable":true,"href":"https:\/\/www.nexoinformativo.mx\/index.php\/wp-json\/wp\/v2\/media\/15830"}],"wp:attachment":[{"href":"https:\/\/www.nexoinformativo.mx\/index.php\/wp-json\/wp\/v2\/media?parent=15826"}],"wp:term":[{"taxonomy":"category","embeddable":true,"href":"https:\/\/www.nexoinformativo.mx\/index.php\/wp-json\/wp\/v2\/categories?post=15826"},{"taxonomy":"post_tag","embeddable":true,"href":"https:\/\/www.nexoinformativo.mx\/index.php\/wp-json\/wp\/v2\/tags?post=15826"}],"curies":[{"name":"wp","href":"https:\/\/api.w.org\/{rel}","templated":true}]}}