{"id":15832,"date":"2025-06-11T08:00:09","date_gmt":"2025-06-11T14:00:09","guid":{"rendered":"https:\/\/www.nexoinformativo.mx\/?p=15832"},"modified":"2025-06-11T09:05:50","modified_gmt":"2025-06-11T15:05:50","slug":"queretaro-fortalece-atencion-medica-sesa-capacita-a-personal-en-electrocardiografia","status":"publish","type":"post","link":"https:\/\/www.nexoinformativo.mx\/index.php\/2025\/06\/11\/queretaro-fortalece-atencion-medica-sesa-capacita-a-personal-en-electrocardiografia\/","title":{"rendered":"Quer\u00e9taro fortalece atenci\u00f3n m\u00e9dica SESA capacita a personal en Electrocardiograf\u00eda"},"content":{"rendered":"<p style=\"text-align: justify;\" data-sourcepos=\"5:1-5:416\">La Secretar\u00eda de Salud (SESA) del estado de Quer\u00e9taro ha dado un paso importante para mejorar la calidad de la atenci\u00f3n m\u00e9dica.<\/p>\n<\/p>\n<p>&nbsp;<\/p>\n<p style=\"text-align: justify;\" data-sourcepos=\"5:1-5:416\">Se clausur\u00f3 con \u00e9xito la Jornada de Capacitaci\u00f3n en Electrocardiograf\u00eda B\u00e1sica, un curso intensivo dirigido a 34 profesionales de la medicina y enfermer\u00eda de las unidades de primer nivel de la Jurisdicci\u00f3n Sanitaria n\u00famero 1.<\/p>\n<\/p>\n<p>&nbsp;<\/p>\n<p style=\"text-align: justify;\" data-sourcepos=\"7:1-7:336\">El objetivo principal de esta capacitaci\u00f3n es fortalecer los conocimientos en electrocardiograf\u00eda para que el personal m\u00e9dico pueda ofrecer una atenci\u00f3n de mayor calidad a los pacientes.<\/p>\n<\/p>\n<p>&nbsp;<\/p>\n<p style=\"text-align: justify;\" data-sourcepos=\"7:1-7:336\">El curso, que const\u00f3 de ocho sesiones, fue impartido por el cardi\u00f3logo con subespecialidad en Electrofisiolog\u00eda, Gerzain Gonz\u00e1lez Villarreal.<\/p>\n<\/p>\n<p>&nbsp;<\/p>\n<p style=\"text-align: justify;\" data-sourcepos=\"9:1-9:329\">En la ceremonia de clausura estuvieron presentes importantes figuras como el director de la Jurisdicci\u00f3n No. 1, Pedro Mu\u00f1iz Ugalde, y la responsable Jurisdiccional del Programa de Atenci\u00f3n al Adulto y el Anciano, Marypaz Herrera, quienes destacaron la relevancia de esta iniciativa para la salud de los queretanos.<\/p>\n<\/p>\n<p>&nbsp;<\/p>\n<p style=\"text-align: center;\" data-sourcepos=\"9:1-9:329\"><em><strong>\u00a1Informaci\u00f3n que transforma!<\/strong><\/em><\/p>\n","protected":false},"excerpt":{"rendered":"<p>La Secretar\u00eda de Salud (SESA) del estado de Quer\u00e9taro ha dado un paso importante para mejorar la calidad de la atenci\u00f3n m\u00e9dica.<\/p>\n","protected":false},"author":3,"featured_media":15833,"comment_status":"open","ping_status":"open","sticky":false,"template":"","format":"standard","meta":{"footnotes":""},"categories":[42,58],"tags":[4761,4762,4448,2104],"class_list":["post-15832","post","type-post","status-publish","format-standard","has-post-thumbnail","hentry","category-estado","category-ultima-hora","tag-capacitacionmedica","tag-electrocardiografia","tag-saludqro","tag-sesaqueretaro"],"yoast_head":"<!-- This site is optimized with the Yoast SEO plugin v25.0 - https:\/\/yoast.com\/wordpress\/plugins\/seo\/ -->\n<title>Quer\u00e9taro fortalece atenci\u00f3n m\u00e9dica SESA capacita a personal en Electrocardiograf\u00eda | Nexo Informativo Santiago de Quer\u00e9taro<\/title>\n<meta name=\"description\" content=\"Quer\u00e9taro fortalece atenci\u00f3n m\u00e9dica SESA capacita a personal en Electrocardiograf\u00eda\" \/>\n<meta name=\"robots\" content=\"index, follow, max-snippet:-1, max-image-preview:large, max-video-preview:-1\" \/>\n<link rel=\"canonical\" href=\"https:\/\/www.nexoinformativo.mx\/index.php\/2025\/06\/11\/queretaro-fortalece-atencion-medica-sesa-capacita-a-personal-en-electrocardiografia\/\" \/>\n<meta property=\"og:locale\" content=\"es_MX\" \/>\n<meta property=\"og:type\" content=\"article\" \/>\n<meta property=\"og:title\" content=\"Quer\u00e9taro fortalece atenci\u00f3n m\u00e9dica SESA capacita a personal en Electrocardiograf\u00eda | Nexo Informativo Santiago de Quer\u00e9taro\" \/>\n<meta property=\"og:description\" content=\"Quer\u00e9taro fortalece atenci\u00f3n m\u00e9dica SESA capacita a personal en Electrocardiograf\u00eda\" \/>\n<meta property=\"og:url\" content=\"https:\/\/www.nexoinformativo.mx\/index.php\/2025\/06\/11\/queretaro-fortalece-atencion-medica-sesa-capacita-a-personal-en-electrocardiografia\/\" \/>\n<meta property=\"og:site_name\" content=\"Nexo Informativo Santiago de Quer\u00e9taro\" \/>\n<meta property=\"article:publisher\" content=\"https:\/\/www.facebook.com\/people\/Nexo-Informativo\/61564066885511\/\" \/>\n<meta property=\"article:published_time\" content=\"2025-06-11T14:00:09+00:00\" \/>\n<meta property=\"article:modified_time\" content=\"2025-06-11T15:05:50+00:00\" \/>\n<meta property=\"og:image\" content=\"https:\/\/www.nexoinformativo.mx\/wp-content\/uploads\/2025\/06\/PHOTO-2025-06-11-08-28-38-e1749654304648.jpg\" \/>\n\t<meta property=\"og:image:width\" content=\"800\" \/>\n\t<meta property=\"og:image:height\" content=\"568\" \/>\n\t<meta property=\"og:image:type\" content=\"image\/jpeg\" \/>\n<meta name=\"author\" content=\"Nexo Informativo\" \/>\n<meta name=\"twitter:card\" content=\"summary_large_image\" \/>\n<meta name=\"twitter:label1\" content=\"Escrito por\" \/>\n\t<meta name=\"twitter:data1\" content=\"Nexo Informativo\" \/>\n\t<meta name=\"twitter:label2\" content=\"Tiempo de lectura\" \/>\n\t<meta name=\"twitter:data2\" content=\"1 minuto\" \/>\n<script type=\"application\/ld+json\" class=\"yoast-schema-graph\">{\"@context\":\"https:\/\/schema.org\",\"@graph\":[{\"@type\":\"Article\",\"@id\":\"https:\/\/www.nexoinformativo.mx\/index.php\/2025\/06\/11\/queretaro-fortalece-atencion-medica-sesa-capacita-a-personal-en-electrocardiografia\/#article\",\"isPartOf\":{\"@id\":\"https:\/\/www.nexoinformativo.mx\/index.php\/2025\/06\/11\/queretaro-fortalece-atencion-medica-sesa-capacita-a-personal-en-electrocardiografia\/\"},\"author\":{\"name\":\"Nexo Informativo\",\"@id\":\"https:\/\/www.nexoinformativo.mx\/#\/schema\/person\/7749d380ba08c8ca00d7bc76fd907b7d\"},\"headline\":\"Quer\u00e9taro fortalece atenci\u00f3n m\u00e9dica SESA capacita a personal en Electrocardiograf\u00eda\",\"datePublished\":\"2025-06-11T14:00:09+00:00\",\"dateModified\":\"2025-06-11T15:05:50+00:00\",\"mainEntityOfPage\":{\"@id\":\"https:\/\/www.nexoinformativo.mx\/index.php\/2025\/06\/11\/queretaro-fortalece-atencion-medica-sesa-capacita-a-personal-en-electrocardiografia\/\"},\"wordCount\":191,\"commentCount\":0,\"publisher\":{\"@id\":\"https:\/\/www.nexoinformativo.mx\/#organization\"},\"image\":{\"@id\":\"https:\/\/www.nexoinformativo.mx\/index.php\/2025\/06\/11\/queretaro-fortalece-atencion-medica-sesa-capacita-a-personal-en-electrocardiografia\/#primaryimage\"},\"thumbnailUrl\":\"https:\/\/www.nexoinformativo.mx\/wp-content\/uploads\/2025\/06\/PHOTO-2025-06-11-08-28-38-e1749654304648.jpg\",\"keywords\":[\"Capacitaci\u00f3nM\u00e9dica\",\"Electrocardiograf\u00eda\",\"SaludQro\",\"SESAQuer\u00e9taro\"],\"articleSection\":[\"Estado\",\"\u00daltima Hora\"],\"inLanguage\":\"es\",\"potentialAction\":[{\"@type\":\"CommentAction\",\"name\":\"Comment\",\"target\":[\"https:\/\/www.nexoinformativo.mx\/index.php\/2025\/06\/11\/queretaro-fortalece-atencion-medica-sesa-capacita-a-personal-en-electrocardiografia\/#respond\"]}]},{\"@type\":\"WebPage\",\"@id\":\"https:\/\/www.nexoinformativo.mx\/index.php\/2025\/06\/11\/queretaro-fortalece-atencion-medica-sesa-capacita-a-personal-en-electrocardiografia\/\",\"url\":\"https:\/\/www.nexoinformativo.mx\/index.php\/2025\/06\/11\/queretaro-fortalece-atencion-medica-sesa-capacita-a-personal-en-electrocardiografia\/\",\"name\":\"Quer\u00e9taro fortalece atenci\u00f3n m\u00e9dica SESA capacita a personal en Electrocardiograf\u00eda | Nexo Informativo Santiago de Quer\u00e9taro\",\"isPartOf\":{\"@id\":\"https:\/\/www.nexoinformativo.mx\/#website\"},\"primaryImageOfPage\":{\"@id\":\"https:\/\/www.nexoinformativo.mx\/index.php\/2025\/06\/11\/queretaro-fortalece-atencion-medica-sesa-capacita-a-personal-en-electrocardiografia\/#primaryimage\"},\"image\":{\"@id\":\"https:\/\/www.nexoinformativo.mx\/index.php\/2025\/06\/11\/queretaro-fortalece-atencion-medica-sesa-capacita-a-personal-en-electrocardiografia\/#primaryimage\"},\"thumbnailUrl\":\"https:\/\/www.nexoinformativo.mx\/wp-content\/uploads\/2025\/06\/PHOTO-2025-06-11-08-28-38-e1749654304648.jpg\",\"datePublished\":\"2025-06-11T14:00:09+00:00\",\"dateModified\":\"2025-06-11T15:05:50+00:00\",\"description\":\"Quer\u00e9taro fortalece atenci\u00f3n m\u00e9dica SESA capacita a personal en Electrocardiograf\u00eda\",\"breadcrumb\":{\"@id\":\"https:\/\/www.nexoinformativo.mx\/index.php\/2025\/06\/11\/queretaro-fortalece-atencion-medica-sesa-capacita-a-personal-en-electrocardiografia\/#breadcrumb\"},\"inLanguage\":\"es\",\"potentialAction\":[{\"@type\":\"ReadAction\",\"target\":[\"https:\/\/www.nexoinformativo.mx\/index.php\/2025\/06\/11\/queretaro-fortalece-atencion-medica-sesa-capacita-a-personal-en-electrocardiografia\/\"]}]},{\"@type\":\"ImageObject\",\"inLanguage\":\"es\",\"@id\":\"https:\/\/www.nexoinformativo.mx\/index.php\/2025\/06\/11\/queretaro-fortalece-atencion-medica-sesa-capacita-a-personal-en-electrocardiografia\/#primaryimage\",\"url\":\"https:\/\/www.nexoinformativo.mx\/wp-content\/uploads\/2025\/06\/PHOTO-2025-06-11-08-28-38-e1749654304648.jpg\",\"contentUrl\":\"https:\/\/www.nexoinformativo.mx\/wp-content\/uploads\/2025\/06\/PHOTO-2025-06-11-08-28-38-e1749654304648.jpg\",\"width\":800,\"height\":568},{\"@type\":\"BreadcrumbList\",\"@id\":\"https:\/\/www.nexoinformativo.mx\/index.php\/2025\/06\/11\/queretaro-fortalece-atencion-medica-sesa-capacita-a-personal-en-electrocardiografia\/#breadcrumb\",\"itemListElement\":[{\"@type\":\"ListItem\",\"position\":1,\"name\":\"Inicio\",\"item\":\"https:\/\/www.nexoinformativo.mx\/\"},{\"@type\":\"ListItem\",\"position\":2,\"name\":\"Quer\u00e9taro fortalece atenci\u00f3n m\u00e9dica SESA capacita a personal en Electrocardiograf\u00eda\"}]},{\"@type\":\"WebSite\",\"@id\":\"https:\/\/www.nexoinformativo.mx\/#website\",\"url\":\"https:\/\/www.nexoinformativo.mx\/\",\"name\":\"Nexo Informativo Santiago de Quer\u00e9taro\",\"description\":\"Explora NexoInformativo y convi\u00e9rtete en parte de una comunidad que valora el conocimiento y la verdad. Tu nexoinformativo es tu puente hacia una comprensi\u00f3n m\u00e1s profunda del mundo que te rodea.\",\"publisher\":{\"@id\":\"https:\/\/www.nexoinformativo.mx\/#organization\"},\"potentialAction\":[{\"@type\":\"SearchAction\",\"target\":{\"@type\":\"EntryPoint\",\"urlTemplate\":\"https:\/\/www.nexoinformativo.mx\/?s={search_term_string}\"},\"query-input\":{\"@type\":\"PropertyValueSpecification\",\"valueRequired\":true,\"valueName\":\"search_term_string\"}}],\"inLanguage\":\"es\"},{\"@type\":\"Organization\",\"@id\":\"https:\/\/www.nexoinformativo.mx\/#organization\",\"name\":\"Nexo Informativo Santiago de Quer\u00e9taro\",\"url\":\"https:\/\/www.nexoinformativo.mx\/\",\"logo\":{\"@type\":\"ImageObject\",\"inLanguage\":\"es\",\"@id\":\"https:\/\/www.nexoinformativo.mx\/#\/schema\/logo\/image\/\",\"url\":\"https:\/\/www.nexoinformativo.mx\/wp-content\/uploads\/2024\/07\/nexoi-trasparente-2.png\",\"contentUrl\":\"https:\/\/www.nexoinformativo.mx\/wp-content\/uploads\/2024\/07\/nexoi-trasparente-2.png\",\"width\":816,\"height\":339,\"caption\":\"Nexo Informativo Santiago de Quer\u00e9taro\"},\"image\":{\"@id\":\"https:\/\/www.nexoinformativo.mx\/#\/schema\/logo\/image\/\"},\"sameAs\":[\"https:\/\/www.facebook.com\/people\/Nexo-Informativo\/61564066885511\/\"]},{\"@type\":\"Person\",\"@id\":\"https:\/\/www.nexoinformativo.mx\/#\/schema\/person\/7749d380ba08c8ca00d7bc76fd907b7d\",\"name\":\"Nexo Informativo\",\"image\":{\"@type\":\"ImageObject\",\"inLanguage\":\"es\",\"@id\":\"https:\/\/www.nexoinformativo.mx\/#\/schema\/person\/image\/\",\"url\":\"https:\/\/secure.gravatar.com\/avatar\/dde2928154642a13d95f87ddf1ea9718fe2b46760a005c53e41ff5ad610704e6?s=96&d=mm&r=g\",\"contentUrl\":\"https:\/\/secure.gravatar.com\/avatar\/dde2928154642a13d95f87ddf1ea9718fe2b46760a005c53e41ff5ad610704e6?s=96&d=mm&r=g\",\"caption\":\"Nexo Informativo\"},\"url\":\"https:\/\/www.nexoinformativo.mx\/index.php\/author\/edicion\/\"}]}<\/script>\n<!-- \/ Yoast SEO plugin. -->","yoast_head_json":{"title":"Quer\u00e9taro fortalece atenci\u00f3n m\u00e9dica SESA capacita a personal en Electrocardiograf\u00eda | Nexo Informativo Santiago de Quer\u00e9taro","description":"Quer\u00e9taro fortalece atenci\u00f3n m\u00e9dica SESA capacita a personal en Electrocardiograf\u00eda","robots":{"index":"index","follow":"follow","max-snippet":"max-snippet:-1","max-image-preview":"max-image-preview:large","max-video-preview":"max-video-preview:-1"},"canonical":"https:\/\/www.nexoinformativo.mx\/index.php\/2025\/06\/11\/queretaro-fortalece-atencion-medica-sesa-capacita-a-personal-en-electrocardiografia\/","og_locale":"es_MX","og_type":"article","og_title":"Quer\u00e9taro fortalece atenci\u00f3n m\u00e9dica SESA capacita a personal en Electrocardiograf\u00eda | Nexo Informativo Santiago de Quer\u00e9taro","og_description":"Quer\u00e9taro fortalece atenci\u00f3n m\u00e9dica SESA capacita a personal en Electrocardiograf\u00eda","og_url":"https:\/\/www.nexoinformativo.mx\/index.php\/2025\/06\/11\/queretaro-fortalece-atencion-medica-sesa-capacita-a-personal-en-electrocardiografia\/","og_site_name":"Nexo Informativo Santiago de Quer\u00e9taro","article_publisher":"https:\/\/www.facebook.com\/people\/Nexo-Informativo\/61564066885511\/","article_published_time":"2025-06-11T14:00:09+00:00","article_modified_time":"2025-06-11T15:05:50+00:00","og_image":[{"width":800,"height":568,"url":"https:\/\/www.nexoinformativo.mx\/wp-content\/uploads\/2025\/06\/PHOTO-2025-06-11-08-28-38-e1749654304648.jpg","type":"image\/jpeg"}],"author":"Nexo Informativo","twitter_card":"summary_large_image","twitter_misc":{"Escrito por":"Nexo Informativo","Tiempo de lectura":"1 minuto"},"schema":{"@context":"https:\/\/schema.org","@graph":[{"@type":"Article","@id":"https:\/\/www.nexoinformativo.mx\/index.php\/2025\/06\/11\/queretaro-fortalece-atencion-medica-sesa-capacita-a-personal-en-electrocardiografia\/#article","isPartOf":{"@id":"https:\/\/www.nexoinformativo.mx\/index.php\/2025\/06\/11\/queretaro-fortalece-atencion-medica-sesa-capacita-a-personal-en-electrocardiografia\/"},"author":{"name":"Nexo Informativo","@id":"https:\/\/www.nexoinformativo.mx\/#\/schema\/person\/7749d380ba08c8ca00d7bc76fd907b7d"},"headline":"Quer\u00e9taro fortalece atenci\u00f3n m\u00e9dica SESA capacita a personal en Electrocardiograf\u00eda","datePublished":"2025-06-11T14:00:09+00:00","dateModified":"2025-06-11T15:05:50+00:00","mainEntityOfPage":{"@id":"https:\/\/www.nexoinformativo.mx\/index.php\/2025\/06\/11\/queretaro-fortalece-atencion-medica-sesa-capacita-a-personal-en-electrocardiografia\/"},"wordCount":191,"commentCount":0,"publisher":{"@id":"https:\/\/www.nexoinformativo.mx\/#organization"},"image":{"@id":"https:\/\/www.nexoinformativo.mx\/index.php\/2025\/06\/11\/queretaro-fortalece-atencion-medica-sesa-capacita-a-personal-en-electrocardiografia\/#primaryimage"},"thumbnailUrl":"https:\/\/www.nexoinformativo.mx\/wp-content\/uploads\/2025\/06\/PHOTO-2025-06-11-08-28-38-e1749654304648.jpg","keywords":["Capacitaci\u00f3nM\u00e9dica","Electrocardiograf\u00eda","SaludQro","SESAQuer\u00e9taro"],"articleSection":["Estado","\u00daltima Hora"],"inLanguage":"es","potentialAction":[{"@type":"CommentAction","name":"Comment","target":["https:\/\/www.nexoinformativo.mx\/index.php\/2025\/06\/11\/queretaro-fortalece-atencion-medica-sesa-capacita-a-personal-en-electrocardiografia\/#respond"]}]},{"@type":"WebPage","@id":"https:\/\/www.nexoinformativo.mx\/index.php\/2025\/06\/11\/queretaro-fortalece-atencion-medica-sesa-capacita-a-personal-en-electrocardiografia\/","url":"https:\/\/www.nexoinformativo.mx\/index.php\/2025\/06\/11\/queretaro-fortalece-atencion-medica-sesa-capacita-a-personal-en-electrocardiografia\/","name":"Quer\u00e9taro fortalece atenci\u00f3n m\u00e9dica SESA capacita a personal en Electrocardiograf\u00eda | Nexo Informativo Santiago de Quer\u00e9taro","isPartOf":{"@id":"https:\/\/www.nexoinformativo.mx\/#website"},"primaryImageOfPage":{"@id":"https:\/\/www.nexoinformativo.mx\/index.php\/2025\/06\/11\/queretaro-fortalece-atencion-medica-sesa-capacita-a-personal-en-electrocardiografia\/#primaryimage"},"image":{"@id":"https:\/\/www.nexoinformativo.mx\/index.php\/2025\/06\/11\/queretaro-fortalece-atencion-medica-sesa-capacita-a-personal-en-electrocardiografia\/#primaryimage"},"thumbnailUrl":"https:\/\/www.nexoinformativo.mx\/wp-content\/uploads\/2025\/06\/PHOTO-2025-06-11-08-28-38-e1749654304648.jpg","datePublished":"2025-06-11T14:00:09+00:00","dateModified":"2025-06-11T15:05:50+00:00","description":"Quer\u00e9taro fortalece atenci\u00f3n m\u00e9dica SESA capacita a personal en Electrocardiograf\u00eda","breadcrumb":{"@id":"https:\/\/www.nexoinformativo.mx\/index.php\/2025\/06\/11\/queretaro-fortalece-atencion-medica-sesa-capacita-a-personal-en-electrocardiografia\/#breadcrumb"},"inLanguage":"es","potentialAction":[{"@type":"ReadAction","target":["https:\/\/www.nexoinformativo.mx\/index.php\/2025\/06\/11\/queretaro-fortalece-atencion-medica-sesa-capacita-a-personal-en-electrocardiografia\/"]}]},{"@type":"ImageObject","inLanguage":"es","@id":"https:\/\/www.nexoinformativo.mx\/index.php\/2025\/06\/11\/queretaro-fortalece-atencion-medica-sesa-capacita-a-personal-en-electrocardiografia\/#primaryimage","url":"https:\/\/www.nexoinformativo.mx\/wp-content\/uploads\/2025\/06\/PHOTO-2025-06-11-08-28-38-e1749654304648.jpg","contentUrl":"https:\/\/www.nexoinformativo.mx\/wp-content\/uploads\/2025\/06\/PHOTO-2025-06-11-08-28-38-e1749654304648.jpg","width":800,"height":568},{"@type":"BreadcrumbList","@id":"https:\/\/www.nexoinformativo.mx\/index.php\/2025\/06\/11\/queretaro-fortalece-atencion-medica-sesa-capacita-a-personal-en-electrocardiografia\/#breadcrumb","itemListElement":[{"@type":"ListItem","position":1,"name":"Inicio","item":"https:\/\/www.nexoinformativo.mx\/"},{"@type":"ListItem","position":2,"name":"Quer\u00e9taro fortalece atenci\u00f3n m\u00e9dica SESA capacita a personal en Electrocardiograf\u00eda"}]},{"@type":"WebSite","@id":"https:\/\/www.nexoinformativo.mx\/#website","url":"https:\/\/www.nexoinformativo.mx\/","name":"Nexo Informativo Santiago de Quer\u00e9taro","description":"Explora NexoInformativo y convi\u00e9rtete en parte de una comunidad que valora el conocimiento y la verdad. Tu nexoinformativo es tu puente hacia una comprensi\u00f3n m\u00e1s profunda del mundo que te rodea.","publisher":{"@id":"https:\/\/www.nexoinformativo.mx\/#organization"},"potentialAction":[{"@type":"SearchAction","target":{"@type":"EntryPoint","urlTemplate":"https:\/\/www.nexoinformativo.mx\/?s={search_term_string}"},"query-input":{"@type":"PropertyValueSpecification","valueRequired":true,"valueName":"search_term_string"}}],"inLanguage":"es"},{"@type":"Organization","@id":"https:\/\/www.nexoinformativo.mx\/#organization","name":"Nexo Informativo Santiago de Quer\u00e9taro","url":"https:\/\/www.nexoinformativo.mx\/","logo":{"@type":"ImageObject","inLanguage":"es","@id":"https:\/\/www.nexoinformativo.mx\/#\/schema\/logo\/image\/","url":"https:\/\/www.nexoinformativo.mx\/wp-content\/uploads\/2024\/07\/nexoi-trasparente-2.png","contentUrl":"https:\/\/www.nexoinformativo.mx\/wp-content\/uploads\/2024\/07\/nexoi-trasparente-2.png","width":816,"height":339,"caption":"Nexo Informativo Santiago de Quer\u00e9taro"},"image":{"@id":"https:\/\/www.nexoinformativo.mx\/#\/schema\/logo\/image\/"},"sameAs":["https:\/\/www.facebook.com\/people\/Nexo-Informativo\/61564066885511\/"]},{"@type":"Person","@id":"https:\/\/www.nexoinformativo.mx\/#\/schema\/person\/7749d380ba08c8ca00d7bc76fd907b7d","name":"Nexo Informativo","image":{"@type":"ImageObject","inLanguage":"es","@id":"https:\/\/www.nexoinformativo.mx\/#\/schema\/person\/image\/","url":"https:\/\/secure.gravatar.com\/avatar\/dde2928154642a13d95f87ddf1ea9718fe2b46760a005c53e41ff5ad610704e6?s=96&d=mm&r=g","contentUrl":"https:\/\/secure.gravatar.com\/avatar\/dde2928154642a13d95f87ddf1ea9718fe2b46760a005c53e41ff5ad610704e6?s=96&d=mm&r=g","caption":"Nexo Informativo"},"url":"https:\/\/www.nexoinformativo.mx\/index.php\/author\/edicion\/"}]}},"_links":{"self":[{"href":"https:\/\/www.nexoinformativo.mx\/index.php\/wp-json\/wp\/v2\/posts\/15832","targetHints":{"allow":["GET"]}}],"collection":[{"href":"https:\/\/www.nexoinformativo.mx\/index.php\/wp-json\/wp\/v2\/posts"}],"about":[{"href":"https:\/\/www.nexoinformativo.mx\/index.php\/wp-json\/wp\/v2\/types\/post"}],"author":[{"embeddable":true,"href":"https:\/\/www.nexoinformativo.mx\/index.php\/wp-json\/wp\/v2\/users\/3"}],"replies":[{"embeddable":true,"href":"https:\/\/www.nexoinformativo.mx\/index.php\/wp-json\/wp\/v2\/comments?post=15832"}],"version-history":[{"count":3,"href":"https:\/\/www.nexoinformativo.mx\/index.php\/wp-json\/wp\/v2\/posts\/15832\/revisions"}],"predecessor-version":[{"id":15836,"href":"https:\/\/www.nexoinformativo.mx\/index.php\/wp-json\/wp\/v2\/posts\/15832\/revisions\/15836"}],"wp:featuredmedia":[{"embeddable":true,"href":"https:\/\/www.nexoinformativo.mx\/index.php\/wp-json\/wp\/v2\/media\/15833"}],"wp:attachment":[{"href":"https:\/\/www.nexoinformativo.mx\/index.php\/wp-json\/wp\/v2\/media?parent=15832"}],"wp:term":[{"taxonomy":"category","embeddable":true,"href":"https:\/\/www.nexoinformativo.mx\/index.php\/wp-json\/wp\/v2\/categories?post=15832"},{"taxonomy":"post_tag","embeddable":true,"href":"https:\/\/www.nexoinformativo.mx\/index.php\/wp-json\/wp\/v2\/tags?post=15832"}],"curies":[{"name":"wp","href":"https:\/\/api.w.org\/{rel}","templated":true}]}}