{"id":1584,"date":"2024-09-04T21:29:04","date_gmt":"2024-09-05T03:29:04","guid":{"rendered":"https:\/\/www.nexoinformativo.mx\/?p=1584"},"modified":"2024-09-04T21:29:04","modified_gmt":"2024-09-05T03:29:04","slug":"corregidora-gana-premio-u-gob-por-la-plataforma-digital-identificate","status":"publish","type":"post","link":"https:\/\/www.nexoinformativo.mx\/index.php\/2024\/09\/04\/corregidora-gana-premio-u-gob-por-la-plataforma-digital-identificate\/","title":{"rendered":"Corregidora gana Premio u-GOB por la plataforma digital &#8220;IDENTIF\u00cdCATE&#8221;"},"content":{"rendered":"<p style=\"text-align: justify;\">El Municipio de Corregidora ha sido reconocido con el Premio u-GOB a la Innovaci\u00f3n P\u00fablica 2024 por su plataforma digital <em>IDENTIF\u00cdCATE<\/em>, en la categor\u00eda de Innovaci\u00f3n en Servicios y Procesos para la Educaci\u00f3n. Este galard\u00f3n, entregado por el Laboratorio de Innovaci\u00f3n en Gobierno, destaca el avance en la digitalizaci\u00f3n de tr\u00e1mites municipales, facilitando la vida de los ciudadanos.<\/p>\n<p>&nbsp;<\/p>\n<p style=\"text-align: justify;\">El presidente municipal, Adolfo Col\u00edn S\u00e1nchez, elogi\u00f3 el esfuerzo de la Secretar\u00eda de Administraci\u00f3n para reducir tiempos en procesos como la solicitud de becas, apoyos para calentadores solares y el pago de predial, ahora disponibles de manera digital. La plataforma <em>IDENTIF\u00cdCATE<\/em>, que ya hab\u00eda sido premiada en 2019, ha beneficiado a miles de ciudadanos a trav\u00e9s de programas como Movivan y becas acad\u00e9micas.<\/p>\n<p>&nbsp;<\/p>\n<p style=\"text-align: justify;\">Adri\u00e1n Gonz\u00e1lez Chaparro, secretario de Administraci\u00f3n, destac\u00f3 que este reconocimiento reafirma el compromiso de Corregidora con la innovaci\u00f3n tecnol\u00f3gica y la eficiencia en los servicios p\u00fablicos, mejorando la calidad de vida de los habitantes.<\/p>\n","protected":false},"excerpt":{"rendered":"<p>El Municipio de Corregidora ha sido reconocido con el Premio u-GOB a la Innovaci\u00f3n P\u00fablica 2024 por su plataforma digital IDENTIF\u00cdCATE, en la categor\u00eda de Innovaci\u00f3n en Servicios y Procesos para la Educaci\u00f3n. Este galard\u00f3n, entregado por el Laboratorio de Innovaci\u00f3n en Gobierno, destaca el avance en la digitalizaci\u00f3n de tr\u00e1mites municipales, facilitando la vida de los ciudadanos.<\/p>\n","protected":false},"author":3,"featured_media":1585,"comment_status":"open","ping_status":"open","sticky":false,"template":"","format":"standard","meta":{"footnotes":""},"categories":[65],"tags":[513,511,512,514],"class_list":["post-1584","post","type-post","status-publish","format-standard","has-post-thumbnail","hentry","category-municipios","tag-corregidoraavanza","tag-innovaciondigital","tag-premiougob2024","tag-servicioseficientes"],"yoast_head":"<!-- This site is optimized with the Yoast SEO plugin v25.0 - https:\/\/yoast.com\/wordpress\/plugins\/seo\/ -->\n<title>Corregidora gana Premio u-GOB por la plataforma digital &quot;IDENTIF\u00cdCATE&quot; | Nexo Informativo Santiago de Quer\u00e9taro<\/title>\n<meta name=\"description\" content=\"Corregidora gana Premio u-GOB por la plataforma digital &quot;IDENTIF\u00cdCATE&quot;\" \/>\n<meta name=\"robots\" content=\"index, follow, max-snippet:-1, max-image-preview:large, max-video-preview:-1\" \/>\n<link rel=\"canonical\" href=\"https:\/\/www.nexoinformativo.mx\/index.php\/2024\/09\/04\/corregidora-gana-premio-u-gob-por-la-plataforma-digital-identificate\/\" \/>\n<meta property=\"og:locale\" content=\"es_MX\" \/>\n<meta property=\"og:type\" content=\"article\" \/>\n<meta property=\"og:title\" content=\"Corregidora gana Premio u-GOB por la plataforma digital &quot;IDENTIF\u00cdCATE&quot; | Nexo Informativo Santiago de Quer\u00e9taro\" \/>\n<meta property=\"og:description\" content=\"Corregidora gana Premio u-GOB por la plataforma digital &quot;IDENTIF\u00cdCATE&quot;\" \/>\n<meta property=\"og:url\" content=\"https:\/\/www.nexoinformativo.mx\/index.php\/2024\/09\/04\/corregidora-gana-premio-u-gob-por-la-plataforma-digital-identificate\/\" \/>\n<meta property=\"og:site_name\" content=\"Nexo Informativo Santiago de Quer\u00e9taro\" \/>\n<meta property=\"article:publisher\" content=\"https:\/\/www.facebook.com\/people\/Nexo-Informativo\/61564066885511\/\" \/>\n<meta property=\"article:published_time\" content=\"2024-09-05T03:29:04+00:00\" \/>\n<meta property=\"og:image\" content=\"https:\/\/www.nexoinformativo.mx\/wp-content\/uploads\/2024\/09\/unnamed-16-e1725506664687.jpg\" \/>\n\t<meta property=\"og:image:width\" content=\"800\" \/>\n\t<meta property=\"og:image:height\" content=\"529\" \/>\n\t<meta property=\"og:image:type\" content=\"image\/jpeg\" \/>\n<meta name=\"author\" content=\"Nexo Informativo\" \/>\n<meta name=\"twitter:card\" content=\"summary_large_image\" \/>\n<meta name=\"twitter:label1\" content=\"Escrito por\" \/>\n\t<meta name=\"twitter:data1\" content=\"Nexo Informativo\" \/>\n\t<meta name=\"twitter:label2\" content=\"Tiempo de lectura\" \/>\n\t<meta name=\"twitter:data2\" content=\"1 minuto\" \/>\n<script type=\"application\/ld+json\" class=\"yoast-schema-graph\">{\"@context\":\"https:\/\/schema.org\",\"@graph\":[{\"@type\":\"Article\",\"@id\":\"https:\/\/www.nexoinformativo.mx\/index.php\/2024\/09\/04\/corregidora-gana-premio-u-gob-por-la-plataforma-digital-identificate\/#article\",\"isPartOf\":{\"@id\":\"https:\/\/www.nexoinformativo.mx\/index.php\/2024\/09\/04\/corregidora-gana-premio-u-gob-por-la-plataforma-digital-identificate\/\"},\"author\":{\"name\":\"Nexo Informativo\",\"@id\":\"https:\/\/www.nexoinformativo.mx\/#\/schema\/person\/7749d380ba08c8ca00d7bc76fd907b7d\"},\"headline\":\"Corregidora gana Premio u-GOB por la plataforma digital &#8220;IDENTIF\u00cdCATE&#8221;\",\"datePublished\":\"2024-09-05T03:29:04+00:00\",\"mainEntityOfPage\":{\"@id\":\"https:\/\/www.nexoinformativo.mx\/index.php\/2024\/09\/04\/corregidora-gana-premio-u-gob-por-la-plataforma-digital-identificate\/\"},\"wordCount\":189,\"commentCount\":0,\"publisher\":{\"@id\":\"https:\/\/www.nexoinformativo.mx\/#organization\"},\"image\":{\"@id\":\"https:\/\/www.nexoinformativo.mx\/index.php\/2024\/09\/04\/corregidora-gana-premio-u-gob-por-la-plataforma-digital-identificate\/#primaryimage\"},\"thumbnailUrl\":\"https:\/\/www.nexoinformativo.mx\/wp-content\/uploads\/2024\/09\/unnamed-16-e1725506664687.jpg\",\"keywords\":[\"CorregidoraAvanza\",\"Innovaci\u00f3nDigital\",\"PremioUGOB2024\",\"ServiciosEficientes\"],\"articleSection\":[\"Municipios\"],\"inLanguage\":\"es\",\"potentialAction\":[{\"@type\":\"CommentAction\",\"name\":\"Comment\",\"target\":[\"https:\/\/www.nexoinformativo.mx\/index.php\/2024\/09\/04\/corregidora-gana-premio-u-gob-por-la-plataforma-digital-identificate\/#respond\"]}]},{\"@type\":\"WebPage\",\"@id\":\"https:\/\/www.nexoinformativo.mx\/index.php\/2024\/09\/04\/corregidora-gana-premio-u-gob-por-la-plataforma-digital-identificate\/\",\"url\":\"https:\/\/www.nexoinformativo.mx\/index.php\/2024\/09\/04\/corregidora-gana-premio-u-gob-por-la-plataforma-digital-identificate\/\",\"name\":\"Corregidora gana Premio u-GOB por la plataforma digital \\\"IDENTIF\u00cdCATE\\\" | Nexo Informativo Santiago de Quer\u00e9taro\",\"isPartOf\":{\"@id\":\"https:\/\/www.nexoinformativo.mx\/#website\"},\"primaryImageOfPage\":{\"@id\":\"https:\/\/www.nexoinformativo.mx\/index.php\/2024\/09\/04\/corregidora-gana-premio-u-gob-por-la-plataforma-digital-identificate\/#primaryimage\"},\"image\":{\"@id\":\"https:\/\/www.nexoinformativo.mx\/index.php\/2024\/09\/04\/corregidora-gana-premio-u-gob-por-la-plataforma-digital-identificate\/#primaryimage\"},\"thumbnailUrl\":\"https:\/\/www.nexoinformativo.mx\/wp-content\/uploads\/2024\/09\/unnamed-16-e1725506664687.jpg\",\"datePublished\":\"2024-09-05T03:29:04+00:00\",\"description\":\"Corregidora gana Premio u-GOB por la plataforma digital \\\"IDENTIF\u00cdCATE\\\"\",\"breadcrumb\":{\"@id\":\"https:\/\/www.nexoinformativo.mx\/index.php\/2024\/09\/04\/corregidora-gana-premio-u-gob-por-la-plataforma-digital-identificate\/#breadcrumb\"},\"inLanguage\":\"es\",\"potentialAction\":[{\"@type\":\"ReadAction\",\"target\":[\"https:\/\/www.nexoinformativo.mx\/index.php\/2024\/09\/04\/corregidora-gana-premio-u-gob-por-la-plataforma-digital-identificate\/\"]}]},{\"@type\":\"ImageObject\",\"inLanguage\":\"es\",\"@id\":\"https:\/\/www.nexoinformativo.mx\/index.php\/2024\/09\/04\/corregidora-gana-premio-u-gob-por-la-plataforma-digital-identificate\/#primaryimage\",\"url\":\"https:\/\/www.nexoinformativo.mx\/wp-content\/uploads\/2024\/09\/unnamed-16-e1725506664687.jpg\",\"contentUrl\":\"https:\/\/www.nexoinformativo.mx\/wp-content\/uploads\/2024\/09\/unnamed-16-e1725506664687.jpg\",\"width\":800,\"height\":529,\"caption\":\"Screenshot\"},{\"@type\":\"BreadcrumbList\",\"@id\":\"https:\/\/www.nexoinformativo.mx\/index.php\/2024\/09\/04\/corregidora-gana-premio-u-gob-por-la-plataforma-digital-identificate\/#breadcrumb\",\"itemListElement\":[{\"@type\":\"ListItem\",\"position\":1,\"name\":\"Inicio\",\"item\":\"https:\/\/www.nexoinformativo.mx\/\"},{\"@type\":\"ListItem\",\"position\":2,\"name\":\"Corregidora gana Premio u-GOB por la plataforma digital &#8220;IDENTIF\u00cdCATE&#8221;\"}]},{\"@type\":\"WebSite\",\"@id\":\"https:\/\/www.nexoinformativo.mx\/#website\",\"url\":\"https:\/\/www.nexoinformativo.mx\/\",\"name\":\"Nexo Informativo Santiago de Quer\u00e9taro\",\"description\":\"Explora NexoInformativo y convi\u00e9rtete en parte de una comunidad que valora el conocimiento y la verdad. Tu nexoinformativo es tu puente hacia una comprensi\u00f3n m\u00e1s profunda del mundo que te rodea.\",\"publisher\":{\"@id\":\"https:\/\/www.nexoinformativo.mx\/#organization\"},\"potentialAction\":[{\"@type\":\"SearchAction\",\"target\":{\"@type\":\"EntryPoint\",\"urlTemplate\":\"https:\/\/www.nexoinformativo.mx\/?s={search_term_string}\"},\"query-input\":{\"@type\":\"PropertyValueSpecification\",\"valueRequired\":true,\"valueName\":\"search_term_string\"}}],\"inLanguage\":\"es\"},{\"@type\":\"Organization\",\"@id\":\"https:\/\/www.nexoinformativo.mx\/#organization\",\"name\":\"Nexo Informativo Santiago de Quer\u00e9taro\",\"url\":\"https:\/\/www.nexoinformativo.mx\/\",\"logo\":{\"@type\":\"ImageObject\",\"inLanguage\":\"es\",\"@id\":\"https:\/\/www.nexoinformativo.mx\/#\/schema\/logo\/image\/\",\"url\":\"https:\/\/www.nexoinformativo.mx\/wp-content\/uploads\/2024\/07\/nexoi-trasparente-2.png\",\"contentUrl\":\"https:\/\/www.nexoinformativo.mx\/wp-content\/uploads\/2024\/07\/nexoi-trasparente-2.png\",\"width\":816,\"height\":339,\"caption\":\"Nexo Informativo Santiago de Quer\u00e9taro\"},\"image\":{\"@id\":\"https:\/\/www.nexoinformativo.mx\/#\/schema\/logo\/image\/\"},\"sameAs\":[\"https:\/\/www.facebook.com\/people\/Nexo-Informativo\/61564066885511\/\"]},{\"@type\":\"Person\",\"@id\":\"https:\/\/www.nexoinformativo.mx\/#\/schema\/person\/7749d380ba08c8ca00d7bc76fd907b7d\",\"name\":\"Nexo Informativo\",\"image\":{\"@type\":\"ImageObject\",\"inLanguage\":\"es\",\"@id\":\"https:\/\/www.nexoinformativo.mx\/#\/schema\/person\/image\/\",\"url\":\"https:\/\/secure.gravatar.com\/avatar\/dde2928154642a13d95f87ddf1ea9718fe2b46760a005c53e41ff5ad610704e6?s=96&d=mm&r=g\",\"contentUrl\":\"https:\/\/secure.gravatar.com\/avatar\/dde2928154642a13d95f87ddf1ea9718fe2b46760a005c53e41ff5ad610704e6?s=96&d=mm&r=g\",\"caption\":\"Nexo Informativo\"},\"url\":\"https:\/\/www.nexoinformativo.mx\/index.php\/author\/edicion\/\"}]}<\/script>\n<!-- \/ Yoast SEO plugin. -->","yoast_head_json":{"title":"Corregidora gana Premio u-GOB por la plataforma digital \"IDENTIF\u00cdCATE\" | Nexo Informativo Santiago de Quer\u00e9taro","description":"Corregidora gana Premio u-GOB por la plataforma digital \"IDENTIF\u00cdCATE\"","robots":{"index":"index","follow":"follow","max-snippet":"max-snippet:-1","max-image-preview":"max-image-preview:large","max-video-preview":"max-video-preview:-1"},"canonical":"https:\/\/www.nexoinformativo.mx\/index.php\/2024\/09\/04\/corregidora-gana-premio-u-gob-por-la-plataforma-digital-identificate\/","og_locale":"es_MX","og_type":"article","og_title":"Corregidora gana Premio u-GOB por la plataforma digital \"IDENTIF\u00cdCATE\" | Nexo Informativo Santiago de Quer\u00e9taro","og_description":"Corregidora gana Premio u-GOB por la plataforma digital \"IDENTIF\u00cdCATE\"","og_url":"https:\/\/www.nexoinformativo.mx\/index.php\/2024\/09\/04\/corregidora-gana-premio-u-gob-por-la-plataforma-digital-identificate\/","og_site_name":"Nexo Informativo Santiago de Quer\u00e9taro","article_publisher":"https:\/\/www.facebook.com\/people\/Nexo-Informativo\/61564066885511\/","article_published_time":"2024-09-05T03:29:04+00:00","og_image":[{"width":800,"height":529,"url":"https:\/\/www.nexoinformativo.mx\/wp-content\/uploads\/2024\/09\/unnamed-16-e1725506664687.jpg","type":"image\/jpeg"}],"author":"Nexo Informativo","twitter_card":"summary_large_image","twitter_misc":{"Escrito por":"Nexo Informativo","Tiempo de lectura":"1 minuto"},"schema":{"@context":"https:\/\/schema.org","@graph":[{"@type":"Article","@id":"https:\/\/www.nexoinformativo.mx\/index.php\/2024\/09\/04\/corregidora-gana-premio-u-gob-por-la-plataforma-digital-identificate\/#article","isPartOf":{"@id":"https:\/\/www.nexoinformativo.mx\/index.php\/2024\/09\/04\/corregidora-gana-premio-u-gob-por-la-plataforma-digital-identificate\/"},"author":{"name":"Nexo Informativo","@id":"https:\/\/www.nexoinformativo.mx\/#\/schema\/person\/7749d380ba08c8ca00d7bc76fd907b7d"},"headline":"Corregidora gana Premio u-GOB por la plataforma digital &#8220;IDENTIF\u00cdCATE&#8221;","datePublished":"2024-09-05T03:29:04+00:00","mainEntityOfPage":{"@id":"https:\/\/www.nexoinformativo.mx\/index.php\/2024\/09\/04\/corregidora-gana-premio-u-gob-por-la-plataforma-digital-identificate\/"},"wordCount":189,"commentCount":0,"publisher":{"@id":"https:\/\/www.nexoinformativo.mx\/#organization"},"image":{"@id":"https:\/\/www.nexoinformativo.mx\/index.php\/2024\/09\/04\/corregidora-gana-premio-u-gob-por-la-plataforma-digital-identificate\/#primaryimage"},"thumbnailUrl":"https:\/\/www.nexoinformativo.mx\/wp-content\/uploads\/2024\/09\/unnamed-16-e1725506664687.jpg","keywords":["CorregidoraAvanza","Innovaci\u00f3nDigital","PremioUGOB2024","ServiciosEficientes"],"articleSection":["Municipios"],"inLanguage":"es","potentialAction":[{"@type":"CommentAction","name":"Comment","target":["https:\/\/www.nexoinformativo.mx\/index.php\/2024\/09\/04\/corregidora-gana-premio-u-gob-por-la-plataforma-digital-identificate\/#respond"]}]},{"@type":"WebPage","@id":"https:\/\/www.nexoinformativo.mx\/index.php\/2024\/09\/04\/corregidora-gana-premio-u-gob-por-la-plataforma-digital-identificate\/","url":"https:\/\/www.nexoinformativo.mx\/index.php\/2024\/09\/04\/corregidora-gana-premio-u-gob-por-la-plataforma-digital-identificate\/","name":"Corregidora gana Premio u-GOB por la plataforma digital \"IDENTIF\u00cdCATE\" | Nexo Informativo Santiago de Quer\u00e9taro","isPartOf":{"@id":"https:\/\/www.nexoinformativo.mx\/#website"},"primaryImageOfPage":{"@id":"https:\/\/www.nexoinformativo.mx\/index.php\/2024\/09\/04\/corregidora-gana-premio-u-gob-por-la-plataforma-digital-identificate\/#primaryimage"},"image":{"@id":"https:\/\/www.nexoinformativo.mx\/index.php\/2024\/09\/04\/corregidora-gana-premio-u-gob-por-la-plataforma-digital-identificate\/#primaryimage"},"thumbnailUrl":"https:\/\/www.nexoinformativo.mx\/wp-content\/uploads\/2024\/09\/unnamed-16-e1725506664687.jpg","datePublished":"2024-09-05T03:29:04+00:00","description":"Corregidora gana Premio u-GOB por la plataforma digital \"IDENTIF\u00cdCATE\"","breadcrumb":{"@id":"https:\/\/www.nexoinformativo.mx\/index.php\/2024\/09\/04\/corregidora-gana-premio-u-gob-por-la-plataforma-digital-identificate\/#breadcrumb"},"inLanguage":"es","potentialAction":[{"@type":"ReadAction","target":["https:\/\/www.nexoinformativo.mx\/index.php\/2024\/09\/04\/corregidora-gana-premio-u-gob-por-la-plataforma-digital-identificate\/"]}]},{"@type":"ImageObject","inLanguage":"es","@id":"https:\/\/www.nexoinformativo.mx\/index.php\/2024\/09\/04\/corregidora-gana-premio-u-gob-por-la-plataforma-digital-identificate\/#primaryimage","url":"https:\/\/www.nexoinformativo.mx\/wp-content\/uploads\/2024\/09\/unnamed-16-e1725506664687.jpg","contentUrl":"https:\/\/www.nexoinformativo.mx\/wp-content\/uploads\/2024\/09\/unnamed-16-e1725506664687.jpg","width":800,"height":529,"caption":"Screenshot"},{"@type":"BreadcrumbList","@id":"https:\/\/www.nexoinformativo.mx\/index.php\/2024\/09\/04\/corregidora-gana-premio-u-gob-por-la-plataforma-digital-identificate\/#breadcrumb","itemListElement":[{"@type":"ListItem","position":1,"name":"Inicio","item":"https:\/\/www.nexoinformativo.mx\/"},{"@type":"ListItem","position":2,"name":"Corregidora gana Premio u-GOB por la plataforma digital &#8220;IDENTIF\u00cdCATE&#8221;"}]},{"@type":"WebSite","@id":"https:\/\/www.nexoinformativo.mx\/#website","url":"https:\/\/www.nexoinformativo.mx\/","name":"Nexo Informativo Santiago de Quer\u00e9taro","description":"Explora NexoInformativo y convi\u00e9rtete en parte de una comunidad que valora el conocimiento y la verdad. Tu nexoinformativo es tu puente hacia una comprensi\u00f3n m\u00e1s profunda del mundo que te rodea.","publisher":{"@id":"https:\/\/www.nexoinformativo.mx\/#organization"},"potentialAction":[{"@type":"SearchAction","target":{"@type":"EntryPoint","urlTemplate":"https:\/\/www.nexoinformativo.mx\/?s={search_term_string}"},"query-input":{"@type":"PropertyValueSpecification","valueRequired":true,"valueName":"search_term_string"}}],"inLanguage":"es"},{"@type":"Organization","@id":"https:\/\/www.nexoinformativo.mx\/#organization","name":"Nexo Informativo Santiago de Quer\u00e9taro","url":"https:\/\/www.nexoinformativo.mx\/","logo":{"@type":"ImageObject","inLanguage":"es","@id":"https:\/\/www.nexoinformativo.mx\/#\/schema\/logo\/image\/","url":"https:\/\/www.nexoinformativo.mx\/wp-content\/uploads\/2024\/07\/nexoi-trasparente-2.png","contentUrl":"https:\/\/www.nexoinformativo.mx\/wp-content\/uploads\/2024\/07\/nexoi-trasparente-2.png","width":816,"height":339,"caption":"Nexo Informativo Santiago de Quer\u00e9taro"},"image":{"@id":"https:\/\/www.nexoinformativo.mx\/#\/schema\/logo\/image\/"},"sameAs":["https:\/\/www.facebook.com\/people\/Nexo-Informativo\/61564066885511\/"]},{"@type":"Person","@id":"https:\/\/www.nexoinformativo.mx\/#\/schema\/person\/7749d380ba08c8ca00d7bc76fd907b7d","name":"Nexo Informativo","image":{"@type":"ImageObject","inLanguage":"es","@id":"https:\/\/www.nexoinformativo.mx\/#\/schema\/person\/image\/","url":"https:\/\/secure.gravatar.com\/avatar\/dde2928154642a13d95f87ddf1ea9718fe2b46760a005c53e41ff5ad610704e6?s=96&d=mm&r=g","contentUrl":"https:\/\/secure.gravatar.com\/avatar\/dde2928154642a13d95f87ddf1ea9718fe2b46760a005c53e41ff5ad610704e6?s=96&d=mm&r=g","caption":"Nexo Informativo"},"url":"https:\/\/www.nexoinformativo.mx\/index.php\/author\/edicion\/"}]}},"_links":{"self":[{"href":"https:\/\/www.nexoinformativo.mx\/index.php\/wp-json\/wp\/v2\/posts\/1584","targetHints":{"allow":["GET"]}}],"collection":[{"href":"https:\/\/www.nexoinformativo.mx\/index.php\/wp-json\/wp\/v2\/posts"}],"about":[{"href":"https:\/\/www.nexoinformativo.mx\/index.php\/wp-json\/wp\/v2\/types\/post"}],"author":[{"embeddable":true,"href":"https:\/\/www.nexoinformativo.mx\/index.php\/wp-json\/wp\/v2\/users\/3"}],"replies":[{"embeddable":true,"href":"https:\/\/www.nexoinformativo.mx\/index.php\/wp-json\/wp\/v2\/comments?post=1584"}],"version-history":[{"count":1,"href":"https:\/\/www.nexoinformativo.mx\/index.php\/wp-json\/wp\/v2\/posts\/1584\/revisions"}],"predecessor-version":[{"id":1586,"href":"https:\/\/www.nexoinformativo.mx\/index.php\/wp-json\/wp\/v2\/posts\/1584\/revisions\/1586"}],"wp:featuredmedia":[{"embeddable":true,"href":"https:\/\/www.nexoinformativo.mx\/index.php\/wp-json\/wp\/v2\/media\/1585"}],"wp:attachment":[{"href":"https:\/\/www.nexoinformativo.mx\/index.php\/wp-json\/wp\/v2\/media?parent=1584"}],"wp:term":[{"taxonomy":"category","embeddable":true,"href":"https:\/\/www.nexoinformativo.mx\/index.php\/wp-json\/wp\/v2\/categories?post=1584"},{"taxonomy":"post_tag","embeddable":true,"href":"https:\/\/www.nexoinformativo.mx\/index.php\/wp-json\/wp\/v2\/tags?post=1584"}],"curies":[{"name":"wp","href":"https:\/\/api.w.org\/{rel}","templated":true}]}}