{"id":15842,"date":"2025-06-12T10:00:51","date_gmt":"2025-06-12T16:00:51","guid":{"rendered":"https:\/\/www.nexoinformativo.mx\/?p=15842"},"modified":"2025-06-12T17:07:20","modified_gmt":"2025-06-12T23:07:20","slug":"salud-en-tu-puerta-presidenta-sheinbaum-arranca-programa-nacional-salud-casa-por-casa","status":"publish","type":"post","link":"https:\/\/www.nexoinformativo.mx\/index.php\/2025\/06\/12\/salud-en-tu-puerta-presidenta-sheinbaum-arranca-programa-nacional-salud-casa-por-casa\/","title":{"rendered":"\u00a1Salud en tu Puerta! Presidenta Sheinbaum arranca programa Nacional &#8220;Salud Casa por Casa&#8221;"},"content":{"rendered":"<p style=\"text-align: justify;\" data-sourcepos=\"5:1-5:483\">Con el objetivo de llevar atenci\u00f3n m\u00e9dica gratuita y bienestar a millones de personas, la Presidenta de M\u00e9xico, Claudia Sheinbaum, encabez\u00f3 hoy desde Palacio Nacional el arranque nacional del programa &#8220;Salud Casa por Casa&#8221;.<\/p>\n<p>&nbsp;<\/p>\n<p style=\"text-align: justify;\" data-sourcepos=\"5:1-5:483\">Esta ambiciosa iniciativa busca beneficiar a 14 millones de adultos mayores y personas con discapacidad en los 32 estados de la Rep\u00fablica, con una inversi\u00f3n de 5 mil millones de pesos.<\/p>\n<p>&nbsp;<\/p>\n<p style=\"text-align: justify;\" data-sourcepos=\"7:1-7:398\">&#8220;Es un programa muy noble. He dicho que se va a convertir en el programa m\u00e1s importante de prevenci\u00f3n de la salud del mundo. Son 20 mil profesionales de la salud, enfermeras, enfermeros, m\u00e9dicas, m\u00e9dicos, alrededor de 20 mil en todo el pa\u00eds que van a recorrer todas las casas de los adultos mayores y las personas con discapacidad&#8221;, destac\u00f3 la Presidenta.<\/p>\n<p>&nbsp;<\/p>\n<p style=\"text-align: justify;\" data-sourcepos=\"9:1-9:351\">Sheinbaum enfatiz\u00f3 que &#8220;Salud Casa por Casa&#8221; es un programa de cercan\u00eda, atenci\u00f3n, amor, salud, bienestar y prevenci\u00f3n. Adem\u00e1s, permitir\u00e1 crear historiales cl\u00ednicos completos de todos los beneficiarios, facilitando una mejor atenci\u00f3n en los Centros de Salud al conocer sus enfermedades, antecedentes y tratamientos.<\/p>\n<p>&nbsp;<\/p>\n<p style=\"text-align: justify;\" data-sourcepos=\"15:1-15:417\">La Presidenta anunci\u00f3 que la segunda etapa de &#8220;Salud Casa por Casa&#8221; iniciar\u00e1 en agosto con la puesta en marcha de las Farmacias del Bienestar.<\/p>\n<p>&nbsp;<\/p>\n<p style=\"text-align: justify;\" data-sourcepos=\"15:1-15:417\">En ellas, adultos mayores y personas con discapacidad podr\u00e1n surtir de manera gratuita sus medicamentos. Este programa se complementar\u00e1 con las Pensiones para el Bienestar de las Personas Adultas Mayores y Personas con Discapacidad.<\/p>\n<p>&nbsp;<\/p>\n<p style=\"text-align: justify;\" data-sourcepos=\"17:1-17:440\">El secretario de Salud, David Kershenobich, explic\u00f3 que &#8220;Salud Casa por Casa&#8221; es un programa preventivo y de atenci\u00f3n primaria que busca mejorar la salud de los beneficiarios y facilitar el acceso a medicamentos.<\/p>\n<p>&nbsp;<\/p>\n<p style=\"text-align: justify;\" data-sourcepos=\"17:1-17:440\">Los facilitadores de la salud evaluar\u00e1n el nivel de independencia, tomar\u00e1n signos vitales (presi\u00f3n arterial, frecuencia cardiaca, glucosa, colesterol, etc.), y realizar\u00e1n pruebas de vista, movilidad y audici\u00f3n.<\/p>\n<p>&nbsp;<\/p>\n<p style=\"text-align: justify;\" data-sourcepos=\"19:1-19:380\">Adem\u00e1s, el personal de salud, capacitado en Protocolos Nacionales de Atenci\u00f3n M\u00e9dica, podr\u00e1 realizar procedimientos b\u00e1sicos en el hogar, como curaciones, y brindar orientaci\u00f3n sobre cuidados para padecimientos cr\u00f3nicos como hipertensi\u00f3n y diabetes.<\/p>\n<p>&nbsp;<\/p>\n<p style=\"text-align: justify;\" data-sourcepos=\"21:1-21:401\">La secretaria de Bienestar, Ariadna Montiel Reyes, inform\u00f3 que ya se han censado a 8.7 millones de personas. De los cerca de 20 mil facilitadores de la salud, 17 mil 655 son enfermeras y 2 mil 260 son m\u00e9dicos.<\/p>\n<p>&nbsp;<\/p>\n<p style=\"text-align: justify;\" data-sourcepos=\"23:1-23:214\">Durante la primera visita, los facilitadores crear\u00e1n un historial cl\u00ednico y clasificar\u00e1n a los pacientes en cuatro grupos de riesgo, desde aquellos sin enfermedades hasta quienes requieren apoyo total.<\/p>\n<p>&nbsp;<\/p>\n<p style=\"text-align: justify;\" data-sourcepos=\"25:1-25:317\">El banderazo de salida del programa, desde Palacio Nacional, incluy\u00f3 enlaces con gobernadores de 19 estados.<\/p>\n<p>&nbsp;<\/p>\n<p style=\"text-align: center;\" data-sourcepos=\"25:1-25:317\"><em><strong>\u00a1Informaci\u00f3n que transforma!<\/strong><\/em><\/p>\n","protected":false},"excerpt":{"rendered":"<p>Con el objetivo de llevar atenci\u00f3n m\u00e9dica gratuita y bienestar a millones de personas, la Presidenta de M\u00e9xico, Claudia Sheinbaum, encabez\u00f3 hoy desde Palacio Nacional el arranque nacional del programa &#8220;Salud Casa por Casa&#8221;.<\/p>\n","protected":false},"author":3,"featured_media":15843,"comment_status":"open","ping_status":"open","sticky":false,"template":"","format":"standard","meta":{"footnotes":""},"categories":[88,58],"tags":[4763,4764,1468,1079],"class_list":["post-15842","post","type-post","status-publish","format-standard","has-post-thumbnail","hentry","category-nacional","category-ultima-hora","tag-bienestaradultosmayores","tag-programassocialesmx","tag-saludcasaporcasa","tag-saludparatodos"],"yoast_head":"<!-- This site is optimized with the Yoast SEO plugin v25.0 - https:\/\/yoast.com\/wordpress\/plugins\/seo\/ -->\n<title>\u00a1Salud en tu Puerta! Presidenta Sheinbaum arranca programa Nacional &quot;Salud Casa por Casa&quot; | Nexo Informativo Santiago de Quer\u00e9taro<\/title>\n<meta name=\"description\" content=\"\u00a1Salud en tu Puerta! Presidenta Sheinbaum arranca programa Nacional &quot;Salud Casa por Casa&quot;\" \/>\n<meta name=\"robots\" content=\"index, follow, max-snippet:-1, max-image-preview:large, max-video-preview:-1\" \/>\n<link rel=\"canonical\" href=\"https:\/\/www.nexoinformativo.mx\/index.php\/2025\/06\/12\/salud-en-tu-puerta-presidenta-sheinbaum-arranca-programa-nacional-salud-casa-por-casa\/\" \/>\n<meta property=\"og:locale\" content=\"es_MX\" \/>\n<meta property=\"og:type\" content=\"article\" \/>\n<meta property=\"og:title\" content=\"\u00a1Salud en tu Puerta! Presidenta Sheinbaum arranca programa Nacional &quot;Salud Casa por Casa&quot; | Nexo Informativo Santiago de Quer\u00e9taro\" \/>\n<meta property=\"og:description\" content=\"\u00a1Salud en tu Puerta! Presidenta Sheinbaum arranca programa Nacional &quot;Salud Casa por Casa&quot;\" \/>\n<meta property=\"og:url\" content=\"https:\/\/www.nexoinformativo.mx\/index.php\/2025\/06\/12\/salud-en-tu-puerta-presidenta-sheinbaum-arranca-programa-nacional-salud-casa-por-casa\/\" \/>\n<meta property=\"og:site_name\" content=\"Nexo Informativo Santiago de Quer\u00e9taro\" \/>\n<meta property=\"article:publisher\" content=\"https:\/\/www.facebook.com\/people\/Nexo-Informativo\/61564066885511\/\" \/>\n<meta property=\"article:published_time\" content=\"2025-06-12T16:00:51+00:00\" \/>\n<meta property=\"article:modified_time\" content=\"2025-06-12T23:07:20+00:00\" \/>\n<meta property=\"og:image\" content=\"https:\/\/www.nexoinformativo.mx\/wp-content\/uploads\/2025\/06\/IMG_3857.jpg\" \/>\n\t<meta property=\"og:image:width\" content=\"650\" \/>\n\t<meta property=\"og:image:height\" content=\"380\" \/>\n\t<meta property=\"og:image:type\" content=\"image\/jpeg\" \/>\n<meta name=\"author\" content=\"Nexo Informativo\" \/>\n<meta name=\"twitter:card\" content=\"summary_large_image\" \/>\n<meta name=\"twitter:label1\" content=\"Escrito por\" \/>\n\t<meta name=\"twitter:data1\" content=\"Nexo Informativo\" \/>\n\t<meta name=\"twitter:label2\" content=\"Tiempo de lectura\" \/>\n\t<meta name=\"twitter:data2\" content=\"3 minutos\" \/>\n<script type=\"application\/ld+json\" class=\"yoast-schema-graph\">{\"@context\":\"https:\/\/schema.org\",\"@graph\":[{\"@type\":\"Article\",\"@id\":\"https:\/\/www.nexoinformativo.mx\/index.php\/2025\/06\/12\/salud-en-tu-puerta-presidenta-sheinbaum-arranca-programa-nacional-salud-casa-por-casa\/#article\",\"isPartOf\":{\"@id\":\"https:\/\/www.nexoinformativo.mx\/index.php\/2025\/06\/12\/salud-en-tu-puerta-presidenta-sheinbaum-arranca-programa-nacional-salud-casa-por-casa\/\"},\"author\":{\"name\":\"Nexo Informativo\",\"@id\":\"https:\/\/www.nexoinformativo.mx\/#\/schema\/person\/7749d380ba08c8ca00d7bc76fd907b7d\"},\"headline\":\"\u00a1Salud en tu Puerta! Presidenta Sheinbaum arranca programa Nacional &#8220;Salud Casa por Casa&#8221;\",\"datePublished\":\"2025-06-12T16:00:51+00:00\",\"dateModified\":\"2025-06-12T23:07:20+00:00\",\"mainEntityOfPage\":{\"@id\":\"https:\/\/www.nexoinformativo.mx\/index.php\/2025\/06\/12\/salud-en-tu-puerta-presidenta-sheinbaum-arranca-programa-nacional-salud-casa-por-casa\/\"},\"wordCount\":460,\"commentCount\":0,\"publisher\":{\"@id\":\"https:\/\/www.nexoinformativo.mx\/#organization\"},\"image\":{\"@id\":\"https:\/\/www.nexoinformativo.mx\/index.php\/2025\/06\/12\/salud-en-tu-puerta-presidenta-sheinbaum-arranca-programa-nacional-salud-casa-por-casa\/#primaryimage\"},\"thumbnailUrl\":\"https:\/\/www.nexoinformativo.mx\/wp-content\/uploads\/2025\/06\/IMG_3857.jpg\",\"keywords\":[\"BienestarAdultosMayores\",\"ProgramasSocialesMX\",\"SaludCasaPorCasa\",\"SaludParaTodos\"],\"articleSection\":[\"Nacional\",\"\u00daltima Hora\"],\"inLanguage\":\"es\",\"potentialAction\":[{\"@type\":\"CommentAction\",\"name\":\"Comment\",\"target\":[\"https:\/\/www.nexoinformativo.mx\/index.php\/2025\/06\/12\/salud-en-tu-puerta-presidenta-sheinbaum-arranca-programa-nacional-salud-casa-por-casa\/#respond\"]}]},{\"@type\":\"WebPage\",\"@id\":\"https:\/\/www.nexoinformativo.mx\/index.php\/2025\/06\/12\/salud-en-tu-puerta-presidenta-sheinbaum-arranca-programa-nacional-salud-casa-por-casa\/\",\"url\":\"https:\/\/www.nexoinformativo.mx\/index.php\/2025\/06\/12\/salud-en-tu-puerta-presidenta-sheinbaum-arranca-programa-nacional-salud-casa-por-casa\/\",\"name\":\"\u00a1Salud en tu Puerta! Presidenta Sheinbaum arranca programa Nacional \\\"Salud Casa por Casa\\\" | Nexo Informativo Santiago de Quer\u00e9taro\",\"isPartOf\":{\"@id\":\"https:\/\/www.nexoinformativo.mx\/#website\"},\"primaryImageOfPage\":{\"@id\":\"https:\/\/www.nexoinformativo.mx\/index.php\/2025\/06\/12\/salud-en-tu-puerta-presidenta-sheinbaum-arranca-programa-nacional-salud-casa-por-casa\/#primaryimage\"},\"image\":{\"@id\":\"https:\/\/www.nexoinformativo.mx\/index.php\/2025\/06\/12\/salud-en-tu-puerta-presidenta-sheinbaum-arranca-programa-nacional-salud-casa-por-casa\/#primaryimage\"},\"thumbnailUrl\":\"https:\/\/www.nexoinformativo.mx\/wp-content\/uploads\/2025\/06\/IMG_3857.jpg\",\"datePublished\":\"2025-06-12T16:00:51+00:00\",\"dateModified\":\"2025-06-12T23:07:20+00:00\",\"description\":\"\u00a1Salud en tu Puerta! Presidenta Sheinbaum arranca programa Nacional \\\"Salud Casa por Casa\\\"\",\"breadcrumb\":{\"@id\":\"https:\/\/www.nexoinformativo.mx\/index.php\/2025\/06\/12\/salud-en-tu-puerta-presidenta-sheinbaum-arranca-programa-nacional-salud-casa-por-casa\/#breadcrumb\"},\"inLanguage\":\"es\",\"potentialAction\":[{\"@type\":\"ReadAction\",\"target\":[\"https:\/\/www.nexoinformativo.mx\/index.php\/2025\/06\/12\/salud-en-tu-puerta-presidenta-sheinbaum-arranca-programa-nacional-salud-casa-por-casa\/\"]}]},{\"@type\":\"ImageObject\",\"inLanguage\":\"es\",\"@id\":\"https:\/\/www.nexoinformativo.mx\/index.php\/2025\/06\/12\/salud-en-tu-puerta-presidenta-sheinbaum-arranca-programa-nacional-salud-casa-por-casa\/#primaryimage\",\"url\":\"https:\/\/www.nexoinformativo.mx\/wp-content\/uploads\/2025\/06\/IMG_3857.jpg\",\"contentUrl\":\"https:\/\/www.nexoinformativo.mx\/wp-content\/uploads\/2025\/06\/IMG_3857.jpg\",\"width\":650,\"height\":380,\"caption\":\"Cuauht\u00e9moc, Ciudad de M\u00e9xico. 12 de junio 2025. La presidenta constitucional de los Estados Unidos Mexicanos, la Doctora Claudia Sheinbaum Pardo en conferencia de prensa matutina en el sal\u00f3n de la Tesorer\u00eda de Palacio Nacional. Acompa\u00f1an a la presidenta: Ariadna Montiel, secretaria de Bienestar; David Kershenobich, secretario de salud; Zo\u00e9 Alejandro Robledo Aburto, director general del Instituto Mexicano del Seguro Social (IMSS); Mart\u00ed Batres Guadarrama, director general del Instituto de Seguridad y Servicios Sociales de los Trabajadores del Estado (ISSSTE); Alejandro Svarch P\u00e9rez, director general de IMSS-Bienestar; Jes\u00fas Valencia, subsecretario de Bienestar y Blanca Cristhell Tosca Guzm\u00e1n. Foto: Sa\u00fal L\u00f3pez Escorcia\/Presidencia\"},{\"@type\":\"BreadcrumbList\",\"@id\":\"https:\/\/www.nexoinformativo.mx\/index.php\/2025\/06\/12\/salud-en-tu-puerta-presidenta-sheinbaum-arranca-programa-nacional-salud-casa-por-casa\/#breadcrumb\",\"itemListElement\":[{\"@type\":\"ListItem\",\"position\":1,\"name\":\"Inicio\",\"item\":\"https:\/\/www.nexoinformativo.mx\/\"},{\"@type\":\"ListItem\",\"position\":2,\"name\":\"\u00a1Salud en tu Puerta! Presidenta Sheinbaum arranca programa Nacional &#8220;Salud Casa por Casa&#8221;\"}]},{\"@type\":\"WebSite\",\"@id\":\"https:\/\/www.nexoinformativo.mx\/#website\",\"url\":\"https:\/\/www.nexoinformativo.mx\/\",\"name\":\"Nexo Informativo Santiago de Quer\u00e9taro\",\"description\":\"Explora NexoInformativo y convi\u00e9rtete en parte de una comunidad que valora el conocimiento y la verdad. Tu nexoinformativo es tu puente hacia una comprensi\u00f3n m\u00e1s profunda del mundo que te rodea.\",\"publisher\":{\"@id\":\"https:\/\/www.nexoinformativo.mx\/#organization\"},\"potentialAction\":[{\"@type\":\"SearchAction\",\"target\":{\"@type\":\"EntryPoint\",\"urlTemplate\":\"https:\/\/www.nexoinformativo.mx\/?s={search_term_string}\"},\"query-input\":{\"@type\":\"PropertyValueSpecification\",\"valueRequired\":true,\"valueName\":\"search_term_string\"}}],\"inLanguage\":\"es\"},{\"@type\":\"Organization\",\"@id\":\"https:\/\/www.nexoinformativo.mx\/#organization\",\"name\":\"Nexo Informativo Santiago de Quer\u00e9taro\",\"url\":\"https:\/\/www.nexoinformativo.mx\/\",\"logo\":{\"@type\":\"ImageObject\",\"inLanguage\":\"es\",\"@id\":\"https:\/\/www.nexoinformativo.mx\/#\/schema\/logo\/image\/\",\"url\":\"https:\/\/www.nexoinformativo.mx\/wp-content\/uploads\/2024\/07\/nexoi-trasparente-2.png\",\"contentUrl\":\"https:\/\/www.nexoinformativo.mx\/wp-content\/uploads\/2024\/07\/nexoi-trasparente-2.png\",\"width\":816,\"height\":339,\"caption\":\"Nexo Informativo Santiago de Quer\u00e9taro\"},\"image\":{\"@id\":\"https:\/\/www.nexoinformativo.mx\/#\/schema\/logo\/image\/\"},\"sameAs\":[\"https:\/\/www.facebook.com\/people\/Nexo-Informativo\/61564066885511\/\"]},{\"@type\":\"Person\",\"@id\":\"https:\/\/www.nexoinformativo.mx\/#\/schema\/person\/7749d380ba08c8ca00d7bc76fd907b7d\",\"name\":\"Nexo Informativo\",\"image\":{\"@type\":\"ImageObject\",\"inLanguage\":\"es\",\"@id\":\"https:\/\/www.nexoinformativo.mx\/#\/schema\/person\/image\/\",\"url\":\"https:\/\/secure.gravatar.com\/avatar\/dde2928154642a13d95f87ddf1ea9718fe2b46760a005c53e41ff5ad610704e6?s=96&d=mm&r=g\",\"contentUrl\":\"https:\/\/secure.gravatar.com\/avatar\/dde2928154642a13d95f87ddf1ea9718fe2b46760a005c53e41ff5ad610704e6?s=96&d=mm&r=g\",\"caption\":\"Nexo Informativo\"},\"url\":\"https:\/\/www.nexoinformativo.mx\/index.php\/author\/edicion\/\"}]}<\/script>\n<!-- \/ Yoast SEO plugin. -->","yoast_head_json":{"title":"\u00a1Salud en tu Puerta! Presidenta Sheinbaum arranca programa Nacional \"Salud Casa por Casa\" | Nexo Informativo Santiago de Quer\u00e9taro","description":"\u00a1Salud en tu Puerta! Presidenta Sheinbaum arranca programa Nacional \"Salud Casa por Casa\"","robots":{"index":"index","follow":"follow","max-snippet":"max-snippet:-1","max-image-preview":"max-image-preview:large","max-video-preview":"max-video-preview:-1"},"canonical":"https:\/\/www.nexoinformativo.mx\/index.php\/2025\/06\/12\/salud-en-tu-puerta-presidenta-sheinbaum-arranca-programa-nacional-salud-casa-por-casa\/","og_locale":"es_MX","og_type":"article","og_title":"\u00a1Salud en tu Puerta! Presidenta Sheinbaum arranca programa Nacional \"Salud Casa por Casa\" | Nexo Informativo Santiago de Quer\u00e9taro","og_description":"\u00a1Salud en tu Puerta! Presidenta Sheinbaum arranca programa Nacional \"Salud Casa por Casa\"","og_url":"https:\/\/www.nexoinformativo.mx\/index.php\/2025\/06\/12\/salud-en-tu-puerta-presidenta-sheinbaum-arranca-programa-nacional-salud-casa-por-casa\/","og_site_name":"Nexo Informativo Santiago de Quer\u00e9taro","article_publisher":"https:\/\/www.facebook.com\/people\/Nexo-Informativo\/61564066885511\/","article_published_time":"2025-06-12T16:00:51+00:00","article_modified_time":"2025-06-12T23:07:20+00:00","og_image":[{"width":650,"height":380,"url":"https:\/\/www.nexoinformativo.mx\/wp-content\/uploads\/2025\/06\/IMG_3857.jpg","type":"image\/jpeg"}],"author":"Nexo Informativo","twitter_card":"summary_large_image","twitter_misc":{"Escrito por":"Nexo Informativo","Tiempo de lectura":"3 minutos"},"schema":{"@context":"https:\/\/schema.org","@graph":[{"@type":"Article","@id":"https:\/\/www.nexoinformativo.mx\/index.php\/2025\/06\/12\/salud-en-tu-puerta-presidenta-sheinbaum-arranca-programa-nacional-salud-casa-por-casa\/#article","isPartOf":{"@id":"https:\/\/www.nexoinformativo.mx\/index.php\/2025\/06\/12\/salud-en-tu-puerta-presidenta-sheinbaum-arranca-programa-nacional-salud-casa-por-casa\/"},"author":{"name":"Nexo Informativo","@id":"https:\/\/www.nexoinformativo.mx\/#\/schema\/person\/7749d380ba08c8ca00d7bc76fd907b7d"},"headline":"\u00a1Salud en tu Puerta! Presidenta Sheinbaum arranca programa Nacional &#8220;Salud Casa por Casa&#8221;","datePublished":"2025-06-12T16:00:51+00:00","dateModified":"2025-06-12T23:07:20+00:00","mainEntityOfPage":{"@id":"https:\/\/www.nexoinformativo.mx\/index.php\/2025\/06\/12\/salud-en-tu-puerta-presidenta-sheinbaum-arranca-programa-nacional-salud-casa-por-casa\/"},"wordCount":460,"commentCount":0,"publisher":{"@id":"https:\/\/www.nexoinformativo.mx\/#organization"},"image":{"@id":"https:\/\/www.nexoinformativo.mx\/index.php\/2025\/06\/12\/salud-en-tu-puerta-presidenta-sheinbaum-arranca-programa-nacional-salud-casa-por-casa\/#primaryimage"},"thumbnailUrl":"https:\/\/www.nexoinformativo.mx\/wp-content\/uploads\/2025\/06\/IMG_3857.jpg","keywords":["BienestarAdultosMayores","ProgramasSocialesMX","SaludCasaPorCasa","SaludParaTodos"],"articleSection":["Nacional","\u00daltima Hora"],"inLanguage":"es","potentialAction":[{"@type":"CommentAction","name":"Comment","target":["https:\/\/www.nexoinformativo.mx\/index.php\/2025\/06\/12\/salud-en-tu-puerta-presidenta-sheinbaum-arranca-programa-nacional-salud-casa-por-casa\/#respond"]}]},{"@type":"WebPage","@id":"https:\/\/www.nexoinformativo.mx\/index.php\/2025\/06\/12\/salud-en-tu-puerta-presidenta-sheinbaum-arranca-programa-nacional-salud-casa-por-casa\/","url":"https:\/\/www.nexoinformativo.mx\/index.php\/2025\/06\/12\/salud-en-tu-puerta-presidenta-sheinbaum-arranca-programa-nacional-salud-casa-por-casa\/","name":"\u00a1Salud en tu Puerta! Presidenta Sheinbaum arranca programa Nacional \"Salud Casa por Casa\" | Nexo Informativo Santiago de Quer\u00e9taro","isPartOf":{"@id":"https:\/\/www.nexoinformativo.mx\/#website"},"primaryImageOfPage":{"@id":"https:\/\/www.nexoinformativo.mx\/index.php\/2025\/06\/12\/salud-en-tu-puerta-presidenta-sheinbaum-arranca-programa-nacional-salud-casa-por-casa\/#primaryimage"},"image":{"@id":"https:\/\/www.nexoinformativo.mx\/index.php\/2025\/06\/12\/salud-en-tu-puerta-presidenta-sheinbaum-arranca-programa-nacional-salud-casa-por-casa\/#primaryimage"},"thumbnailUrl":"https:\/\/www.nexoinformativo.mx\/wp-content\/uploads\/2025\/06\/IMG_3857.jpg","datePublished":"2025-06-12T16:00:51+00:00","dateModified":"2025-06-12T23:07:20+00:00","description":"\u00a1Salud en tu Puerta! Presidenta Sheinbaum arranca programa Nacional \"Salud Casa por Casa\"","breadcrumb":{"@id":"https:\/\/www.nexoinformativo.mx\/index.php\/2025\/06\/12\/salud-en-tu-puerta-presidenta-sheinbaum-arranca-programa-nacional-salud-casa-por-casa\/#breadcrumb"},"inLanguage":"es","potentialAction":[{"@type":"ReadAction","target":["https:\/\/www.nexoinformativo.mx\/index.php\/2025\/06\/12\/salud-en-tu-puerta-presidenta-sheinbaum-arranca-programa-nacional-salud-casa-por-casa\/"]}]},{"@type":"ImageObject","inLanguage":"es","@id":"https:\/\/www.nexoinformativo.mx\/index.php\/2025\/06\/12\/salud-en-tu-puerta-presidenta-sheinbaum-arranca-programa-nacional-salud-casa-por-casa\/#primaryimage","url":"https:\/\/www.nexoinformativo.mx\/wp-content\/uploads\/2025\/06\/IMG_3857.jpg","contentUrl":"https:\/\/www.nexoinformativo.mx\/wp-content\/uploads\/2025\/06\/IMG_3857.jpg","width":650,"height":380,"caption":"Cuauht\u00e9moc, Ciudad de M\u00e9xico. 12 de junio 2025. La presidenta constitucional de los Estados Unidos Mexicanos, la Doctora Claudia Sheinbaum Pardo en conferencia de prensa matutina en el sal\u00f3n de la Tesorer\u00eda de Palacio Nacional. Acompa\u00f1an a la presidenta: Ariadna Montiel, secretaria de Bienestar; David Kershenobich, secretario de salud; Zo\u00e9 Alejandro Robledo Aburto, director general del Instituto Mexicano del Seguro Social (IMSS); Mart\u00ed Batres Guadarrama, director general del Instituto de Seguridad y Servicios Sociales de los Trabajadores del Estado (ISSSTE); Alejandro Svarch P\u00e9rez, director general de IMSS-Bienestar; Jes\u00fas Valencia, subsecretario de Bienestar y Blanca Cristhell Tosca Guzm\u00e1n. Foto: Sa\u00fal L\u00f3pez Escorcia\/Presidencia"},{"@type":"BreadcrumbList","@id":"https:\/\/www.nexoinformativo.mx\/index.php\/2025\/06\/12\/salud-en-tu-puerta-presidenta-sheinbaum-arranca-programa-nacional-salud-casa-por-casa\/#breadcrumb","itemListElement":[{"@type":"ListItem","position":1,"name":"Inicio","item":"https:\/\/www.nexoinformativo.mx\/"},{"@type":"ListItem","position":2,"name":"\u00a1Salud en tu Puerta! Presidenta Sheinbaum arranca programa Nacional &#8220;Salud Casa por Casa&#8221;"}]},{"@type":"WebSite","@id":"https:\/\/www.nexoinformativo.mx\/#website","url":"https:\/\/www.nexoinformativo.mx\/","name":"Nexo Informativo Santiago de Quer\u00e9taro","description":"Explora NexoInformativo y convi\u00e9rtete en parte de una comunidad que valora el conocimiento y la verdad. Tu nexoinformativo es tu puente hacia una comprensi\u00f3n m\u00e1s profunda del mundo que te rodea.","publisher":{"@id":"https:\/\/www.nexoinformativo.mx\/#organization"},"potentialAction":[{"@type":"SearchAction","target":{"@type":"EntryPoint","urlTemplate":"https:\/\/www.nexoinformativo.mx\/?s={search_term_string}"},"query-input":{"@type":"PropertyValueSpecification","valueRequired":true,"valueName":"search_term_string"}}],"inLanguage":"es"},{"@type":"Organization","@id":"https:\/\/www.nexoinformativo.mx\/#organization","name":"Nexo Informativo Santiago de Quer\u00e9taro","url":"https:\/\/www.nexoinformativo.mx\/","logo":{"@type":"ImageObject","inLanguage":"es","@id":"https:\/\/www.nexoinformativo.mx\/#\/schema\/logo\/image\/","url":"https:\/\/www.nexoinformativo.mx\/wp-content\/uploads\/2024\/07\/nexoi-trasparente-2.png","contentUrl":"https:\/\/www.nexoinformativo.mx\/wp-content\/uploads\/2024\/07\/nexoi-trasparente-2.png","width":816,"height":339,"caption":"Nexo Informativo Santiago de Quer\u00e9taro"},"image":{"@id":"https:\/\/www.nexoinformativo.mx\/#\/schema\/logo\/image\/"},"sameAs":["https:\/\/www.facebook.com\/people\/Nexo-Informativo\/61564066885511\/"]},{"@type":"Person","@id":"https:\/\/www.nexoinformativo.mx\/#\/schema\/person\/7749d380ba08c8ca00d7bc76fd907b7d","name":"Nexo Informativo","image":{"@type":"ImageObject","inLanguage":"es","@id":"https:\/\/www.nexoinformativo.mx\/#\/schema\/person\/image\/","url":"https:\/\/secure.gravatar.com\/avatar\/dde2928154642a13d95f87ddf1ea9718fe2b46760a005c53e41ff5ad610704e6?s=96&d=mm&r=g","contentUrl":"https:\/\/secure.gravatar.com\/avatar\/dde2928154642a13d95f87ddf1ea9718fe2b46760a005c53e41ff5ad610704e6?s=96&d=mm&r=g","caption":"Nexo Informativo"},"url":"https:\/\/www.nexoinformativo.mx\/index.php\/author\/edicion\/"}]}},"_links":{"self":[{"href":"https:\/\/www.nexoinformativo.mx\/index.php\/wp-json\/wp\/v2\/posts\/15842","targetHints":{"allow":["GET"]}}],"collection":[{"href":"https:\/\/www.nexoinformativo.mx\/index.php\/wp-json\/wp\/v2\/posts"}],"about":[{"href":"https:\/\/www.nexoinformativo.mx\/index.php\/wp-json\/wp\/v2\/types\/post"}],"author":[{"embeddable":true,"href":"https:\/\/www.nexoinformativo.mx\/index.php\/wp-json\/wp\/v2\/users\/3"}],"replies":[{"embeddable":true,"href":"https:\/\/www.nexoinformativo.mx\/index.php\/wp-json\/wp\/v2\/comments?post=15842"}],"version-history":[{"count":4,"href":"https:\/\/www.nexoinformativo.mx\/index.php\/wp-json\/wp\/v2\/posts\/15842\/revisions"}],"predecessor-version":[{"id":15847,"href":"https:\/\/www.nexoinformativo.mx\/index.php\/wp-json\/wp\/v2\/posts\/15842\/revisions\/15847"}],"wp:featuredmedia":[{"embeddable":true,"href":"https:\/\/www.nexoinformativo.mx\/index.php\/wp-json\/wp\/v2\/media\/15843"}],"wp:attachment":[{"href":"https:\/\/www.nexoinformativo.mx\/index.php\/wp-json\/wp\/v2\/media?parent=15842"}],"wp:term":[{"taxonomy":"category","embeddable":true,"href":"https:\/\/www.nexoinformativo.mx\/index.php\/wp-json\/wp\/v2\/categories?post=15842"},{"taxonomy":"post_tag","embeddable":true,"href":"https:\/\/www.nexoinformativo.mx\/index.php\/wp-json\/wp\/v2\/tags?post=15842"}],"curies":[{"name":"wp","href":"https:\/\/api.w.org\/{rel}","templated":true}]}}