{"id":15848,"date":"2025-06-12T11:00:22","date_gmt":"2025-06-12T17:00:22","guid":{"rendered":"https:\/\/www.nexoinformativo.mx\/?p=15848"},"modified":"2025-06-12T17:54:13","modified_gmt":"2025-06-12T23:54:13","slug":"reconocimiento-al-talento-agricultura-convoca-a-postular-para-el-premio-nacional-de-sanidad-animal-2025","status":"publish","type":"post","link":"https:\/\/www.nexoinformativo.mx\/index.php\/2025\/06\/12\/reconocimiento-al-talento-agricultura-convoca-a-postular-para-el-premio-nacional-de-sanidad-animal-2025\/","title":{"rendered":"Reconocimiento al talento Agricultura convoca a postular para el Premio Nacional de sanidad animal 2025"},"content":{"rendered":"<p style=\"text-align: justify;\" data-sourcepos=\"5:1-5:399\">La Secretar\u00eda de Agricultura y Desarrollo Rural (AGRICULTURA) ha abierto la convocatoria para el Premio Nacional de Sanidad Animal 2025, el m\u00e1ximo galard\u00f3n que otorga el Gobierno de M\u00e9xico a los m\u00e9dicos veterinarios y profesionales destacados en la prevenci\u00f3n, control y erradicaci\u00f3n de enfermedades y plagas que afectan a los animales en el pa\u00eds.<\/p>\n<p>&nbsp;<\/p>\n<p style=\"text-align: justify;\" data-sourcepos=\"7:1-7:280\">La convocatoria, publicada en el Diario Oficial de la Federaci\u00f3n (DOF), invita a diversas instituciones, colegios de profesionales, asociaciones de especialistas, investigadores, productores, y acad\u00e9micos a postular candidaturas con m\u00e9ritos verificables en el sector pecuario.<\/p>\n<p>&nbsp;<\/p>\n<p style=\"text-align: justify;\" data-sourcepos=\"9:1-9:278\">La persona ganadora de este prestigioso premio recibir\u00e1 una medalla, un diploma y una gratificaci\u00f3n econ\u00f3micacomo un merecido reconocimiento a su trayectoria en sanidad animal. La ceremonia de premiaci\u00f3n se llevar\u00e1 a cabo el 9 de octubre de 2025 en la Ciudad de M\u00e9xico.<\/p>\n<p>&nbsp;<\/p>\n<p style=\"text-align: justify;\" data-sourcepos=\"15:1-15:263\">El Servicio Nacional de Sanidad, Inocuidad y Calidad Agroalimentaria (Senasica) establece en la convocatoria que las y los postulantes deben ser de nacionalidad mexicana y contar con un t\u00edtulo profesional en disciplinas relacionadas con la sanidad animal.<\/p>\n<p>&nbsp;<\/p>\n<p style=\"text-align: justify;\" data-sourcepos=\"17:1-17:41\">La propuesta debe incluir:<\/p>\n<p style=\"text-align: justify;\" data-sourcepos=\"17:1-17:41\">*Una descripci\u00f3n detallada de los m\u00e9ritos del candidato o candidata.<\/p>\n<p>*Informaci\u00f3n sobre premios y reconocimientos previos.<\/p>\n<p>*Publicaciones relevantes.<\/p>\n<p>*Un curr\u00edculum vitae (con un m\u00e1ximo de cinco cuartillas).<\/p>\n<p>*Una s\u00edntesis de su trayectoria en el \u00e1mbito de la sanidad pecuaria nacional.<\/p>\n<p>&nbsp;<\/p>\n<p style=\"text-align: justify;\" data-sourcepos=\"25:1-25:473\">La documentaci\u00f3n debe dirigirse a la Direcci\u00f3n General de Salud Animal del Senasica y enviarse, a m\u00e1s tardar el 5 de septiembre de 2025, a las oficinas centrales del organismo, ubicadas en avenida de los Insurgentes Sur No. 489, Piso 10, colonia Hip\u00f3dromo, alcald\u00eda Cuauht\u00e9moc, C.P. 06100, CDMX.<\/p>\n<p>&nbsp;<\/p>\n<p style=\"text-align: justify;\" data-sourcepos=\"27:1-27:361\">El dictamen del jurado ser\u00e1 irrevocable. La persona ganadora ser\u00e1 notificada directamente y el resultado se publicar\u00e1 en el sitio web del Senasica.<\/p>\n<p>&nbsp;<\/p>\n<p style=\"text-align: justify;\" data-sourcepos=\"29:1-29:253\">Para consultar la convocatoria completa y conocer todos los detalles, visita el siguiente enlace: <a href=\"https:\/\/www.dof.gob.mx\/nota_detalle.php?codigo=5759271&amp;fecha=05\/06\/2025\" target=\"_blank\" rel=\"noopener\">https:\/\/www.dof.gob.mx\/nota_detalle.php?codigo=5759271&amp;fecha=05\/06\/2025<\/a>.<\/p>\n<\/p>\n<p>&nbsp;<\/p>\n<p style=\"text-align: center;\" data-sourcepos=\"29:1-29:253\"><em><strong>\u00a1Informaci\u00f3n que transforma!<\/strong><\/em><\/p>\n","protected":false},"excerpt":{"rendered":"<p>La Secretar\u00eda de Agricultura y Desarrollo Rural (AGRICULTURA) ha abierto la convocatoria para el Premio Nacional de Sanidad Animal 2025, el m\u00e1ximo galard\u00f3n que otorga el Gobierno de M\u00e9xico a los m\u00e9dicos veterinarios y profesionales destacados en la prevenci\u00f3n, control y erradicaci\u00f3n de enfermedades y plagas que afectan a los animales en el pa\u00eds.<\/p>\n","protected":false},"author":3,"featured_media":15854,"comment_status":"open","ping_status":"open","sticky":false,"template":"","format":"standard","meta":{"footnotes":""},"categories":[88,58],"tags":[4337,4765,4452,4766],"class_list":["post-15848","post","type-post","status-publish","format-standard","has-post-thumbnail","hentry","category-nacional","category-ultima-hora","tag-agriculturamx","tag-premionacional","tag-sanidadanimal","tag-veterinariosmx"],"yoast_head":"<!-- This site is optimized with the Yoast SEO plugin v25.0 - https:\/\/yoast.com\/wordpress\/plugins\/seo\/ -->\n<title>Reconocimiento al talento Agricultura convoca a postular para el Premio Nacional de sanidad animal 2025 | Nexo Informativo Santiago de Quer\u00e9taro<\/title>\n<meta name=\"description\" content=\"Reconocimiento al talento Agricultura convoca a postular para el Premio Nacional de sanidad animal 2025\" \/>\n<meta name=\"robots\" content=\"index, follow, max-snippet:-1, max-image-preview:large, max-video-preview:-1\" \/>\n<link rel=\"canonical\" href=\"https:\/\/www.nexoinformativo.mx\/index.php\/2025\/06\/12\/reconocimiento-al-talento-agricultura-convoca-a-postular-para-el-premio-nacional-de-sanidad-animal-2025\/\" \/>\n<meta property=\"og:locale\" content=\"es_MX\" \/>\n<meta property=\"og:type\" content=\"article\" \/>\n<meta property=\"og:title\" content=\"Reconocimiento al talento Agricultura convoca a postular para el Premio Nacional de sanidad animal 2025 | Nexo Informativo Santiago de Quer\u00e9taro\" \/>\n<meta property=\"og:description\" content=\"Reconocimiento al talento Agricultura convoca a postular para el Premio Nacional de sanidad animal 2025\" \/>\n<meta property=\"og:url\" content=\"https:\/\/www.nexoinformativo.mx\/index.php\/2025\/06\/12\/reconocimiento-al-talento-agricultura-convoca-a-postular-para-el-premio-nacional-de-sanidad-animal-2025\/\" \/>\n<meta property=\"og:site_name\" content=\"Nexo Informativo Santiago de Quer\u00e9taro\" \/>\n<meta property=\"article:publisher\" content=\"https:\/\/www.facebook.com\/people\/Nexo-Informativo\/61564066885511\/\" \/>\n<meta property=\"article:published_time\" content=\"2025-06-12T17:00:22+00:00\" \/>\n<meta property=\"article:modified_time\" content=\"2025-06-12T23:54:13+00:00\" \/>\n<meta property=\"og:image\" content=\"https:\/\/www.nexoinformativo.mx\/wp-content\/uploads\/2025\/06\/IMG_3858.jpg\" \/>\n\t<meta property=\"og:image:width\" content=\"650\" \/>\n\t<meta property=\"og:image:height\" content=\"380\" \/>\n\t<meta property=\"og:image:type\" content=\"image\/jpeg\" \/>\n<meta name=\"author\" content=\"Nexo Informativo\" \/>\n<meta name=\"twitter:card\" content=\"summary_large_image\" \/>\n<meta name=\"twitter:label1\" content=\"Escrito por\" \/>\n\t<meta name=\"twitter:data1\" content=\"Nexo Informativo\" \/>\n\t<meta name=\"twitter:label2\" content=\"Tiempo de lectura\" \/>\n\t<meta name=\"twitter:data2\" content=\"2 minutos\" \/>\n<script type=\"application\/ld+json\" class=\"yoast-schema-graph\">{\"@context\":\"https:\/\/schema.org\",\"@graph\":[{\"@type\":\"Article\",\"@id\":\"https:\/\/www.nexoinformativo.mx\/index.php\/2025\/06\/12\/reconocimiento-al-talento-agricultura-convoca-a-postular-para-el-premio-nacional-de-sanidad-animal-2025\/#article\",\"isPartOf\":{\"@id\":\"https:\/\/www.nexoinformativo.mx\/index.php\/2025\/06\/12\/reconocimiento-al-talento-agricultura-convoca-a-postular-para-el-premio-nacional-de-sanidad-animal-2025\/\"},\"author\":{\"name\":\"Nexo Informativo\",\"@id\":\"https:\/\/www.nexoinformativo.mx\/#\/schema\/person\/7749d380ba08c8ca00d7bc76fd907b7d\"},\"headline\":\"Reconocimiento al talento Agricultura convoca a postular para el Premio Nacional de sanidad animal 2025\",\"datePublished\":\"2025-06-12T17:00:22+00:00\",\"dateModified\":\"2025-06-12T23:54:13+00:00\",\"mainEntityOfPage\":{\"@id\":\"https:\/\/www.nexoinformativo.mx\/index.php\/2025\/06\/12\/reconocimiento-al-talento-agricultura-convoca-a-postular-para-el-premio-nacional-de-sanidad-animal-2025\/\"},\"wordCount\":357,\"commentCount\":0,\"publisher\":{\"@id\":\"https:\/\/www.nexoinformativo.mx\/#organization\"},\"image\":{\"@id\":\"https:\/\/www.nexoinformativo.mx\/index.php\/2025\/06\/12\/reconocimiento-al-talento-agricultura-convoca-a-postular-para-el-premio-nacional-de-sanidad-animal-2025\/#primaryimage\"},\"thumbnailUrl\":\"https:\/\/www.nexoinformativo.mx\/wp-content\/uploads\/2025\/06\/IMG_3858.jpg\",\"keywords\":[\"AgriculturaMX\",\"PremioNacional\",\"SanidadAnimal\",\"VeterinariosMX\"],\"articleSection\":[\"Nacional\",\"\u00daltima Hora\"],\"inLanguage\":\"es\",\"potentialAction\":[{\"@type\":\"CommentAction\",\"name\":\"Comment\",\"target\":[\"https:\/\/www.nexoinformativo.mx\/index.php\/2025\/06\/12\/reconocimiento-al-talento-agricultura-convoca-a-postular-para-el-premio-nacional-de-sanidad-animal-2025\/#respond\"]}]},{\"@type\":\"WebPage\",\"@id\":\"https:\/\/www.nexoinformativo.mx\/index.php\/2025\/06\/12\/reconocimiento-al-talento-agricultura-convoca-a-postular-para-el-premio-nacional-de-sanidad-animal-2025\/\",\"url\":\"https:\/\/www.nexoinformativo.mx\/index.php\/2025\/06\/12\/reconocimiento-al-talento-agricultura-convoca-a-postular-para-el-premio-nacional-de-sanidad-animal-2025\/\",\"name\":\"Reconocimiento al talento Agricultura convoca a postular para el Premio Nacional de sanidad animal 2025 | Nexo Informativo Santiago de Quer\u00e9taro\",\"isPartOf\":{\"@id\":\"https:\/\/www.nexoinformativo.mx\/#website\"},\"primaryImageOfPage\":{\"@id\":\"https:\/\/www.nexoinformativo.mx\/index.php\/2025\/06\/12\/reconocimiento-al-talento-agricultura-convoca-a-postular-para-el-premio-nacional-de-sanidad-animal-2025\/#primaryimage\"},\"image\":{\"@id\":\"https:\/\/www.nexoinformativo.mx\/index.php\/2025\/06\/12\/reconocimiento-al-talento-agricultura-convoca-a-postular-para-el-premio-nacional-de-sanidad-animal-2025\/#primaryimage\"},\"thumbnailUrl\":\"https:\/\/www.nexoinformativo.mx\/wp-content\/uploads\/2025\/06\/IMG_3858.jpg\",\"datePublished\":\"2025-06-12T17:00:22+00:00\",\"dateModified\":\"2025-06-12T23:54:13+00:00\",\"description\":\"Reconocimiento al talento Agricultura convoca a postular para el Premio Nacional de sanidad animal 2025\",\"breadcrumb\":{\"@id\":\"https:\/\/www.nexoinformativo.mx\/index.php\/2025\/06\/12\/reconocimiento-al-talento-agricultura-convoca-a-postular-para-el-premio-nacional-de-sanidad-animal-2025\/#breadcrumb\"},\"inLanguage\":\"es\",\"potentialAction\":[{\"@type\":\"ReadAction\",\"target\":[\"https:\/\/www.nexoinformativo.mx\/index.php\/2025\/06\/12\/reconocimiento-al-talento-agricultura-convoca-a-postular-para-el-premio-nacional-de-sanidad-animal-2025\/\"]}]},{\"@type\":\"ImageObject\",\"inLanguage\":\"es\",\"@id\":\"https:\/\/www.nexoinformativo.mx\/index.php\/2025\/06\/12\/reconocimiento-al-talento-agricultura-convoca-a-postular-para-el-premio-nacional-de-sanidad-animal-2025\/#primaryimage\",\"url\":\"https:\/\/www.nexoinformativo.mx\/wp-content\/uploads\/2025\/06\/IMG_3858.jpg\",\"contentUrl\":\"https:\/\/www.nexoinformativo.mx\/wp-content\/uploads\/2025\/06\/IMG_3858.jpg\",\"width\":650,\"height\":380},{\"@type\":\"BreadcrumbList\",\"@id\":\"https:\/\/www.nexoinformativo.mx\/index.php\/2025\/06\/12\/reconocimiento-al-talento-agricultura-convoca-a-postular-para-el-premio-nacional-de-sanidad-animal-2025\/#breadcrumb\",\"itemListElement\":[{\"@type\":\"ListItem\",\"position\":1,\"name\":\"Inicio\",\"item\":\"https:\/\/www.nexoinformativo.mx\/\"},{\"@type\":\"ListItem\",\"position\":2,\"name\":\"Reconocimiento al talento Agricultura convoca a postular para el Premio Nacional de sanidad animal 2025\"}]},{\"@type\":\"WebSite\",\"@id\":\"https:\/\/www.nexoinformativo.mx\/#website\",\"url\":\"https:\/\/www.nexoinformativo.mx\/\",\"name\":\"Nexo Informativo Santiago de Quer\u00e9taro\",\"description\":\"Explora NexoInformativo y convi\u00e9rtete en parte de una comunidad que valora el conocimiento y la verdad. Tu nexoinformativo es tu puente hacia una comprensi\u00f3n m\u00e1s profunda del mundo que te rodea.\",\"publisher\":{\"@id\":\"https:\/\/www.nexoinformativo.mx\/#organization\"},\"potentialAction\":[{\"@type\":\"SearchAction\",\"target\":{\"@type\":\"EntryPoint\",\"urlTemplate\":\"https:\/\/www.nexoinformativo.mx\/?s={search_term_string}\"},\"query-input\":{\"@type\":\"PropertyValueSpecification\",\"valueRequired\":true,\"valueName\":\"search_term_string\"}}],\"inLanguage\":\"es\"},{\"@type\":\"Organization\",\"@id\":\"https:\/\/www.nexoinformativo.mx\/#organization\",\"name\":\"Nexo Informativo Santiago de Quer\u00e9taro\",\"url\":\"https:\/\/www.nexoinformativo.mx\/\",\"logo\":{\"@type\":\"ImageObject\",\"inLanguage\":\"es\",\"@id\":\"https:\/\/www.nexoinformativo.mx\/#\/schema\/logo\/image\/\",\"url\":\"https:\/\/www.nexoinformativo.mx\/wp-content\/uploads\/2024\/07\/nexoi-trasparente-2.png\",\"contentUrl\":\"https:\/\/www.nexoinformativo.mx\/wp-content\/uploads\/2024\/07\/nexoi-trasparente-2.png\",\"width\":816,\"height\":339,\"caption\":\"Nexo Informativo Santiago de Quer\u00e9taro\"},\"image\":{\"@id\":\"https:\/\/www.nexoinformativo.mx\/#\/schema\/logo\/image\/\"},\"sameAs\":[\"https:\/\/www.facebook.com\/people\/Nexo-Informativo\/61564066885511\/\"]},{\"@type\":\"Person\",\"@id\":\"https:\/\/www.nexoinformativo.mx\/#\/schema\/person\/7749d380ba08c8ca00d7bc76fd907b7d\",\"name\":\"Nexo Informativo\",\"image\":{\"@type\":\"ImageObject\",\"inLanguage\":\"es\",\"@id\":\"https:\/\/www.nexoinformativo.mx\/#\/schema\/person\/image\/\",\"url\":\"https:\/\/secure.gravatar.com\/avatar\/dde2928154642a13d95f87ddf1ea9718fe2b46760a005c53e41ff5ad610704e6?s=96&d=mm&r=g\",\"contentUrl\":\"https:\/\/secure.gravatar.com\/avatar\/dde2928154642a13d95f87ddf1ea9718fe2b46760a005c53e41ff5ad610704e6?s=96&d=mm&r=g\",\"caption\":\"Nexo Informativo\"},\"url\":\"https:\/\/www.nexoinformativo.mx\/index.php\/author\/edicion\/\"}]}<\/script>\n<!-- \/ Yoast SEO plugin. -->","yoast_head_json":{"title":"Reconocimiento al talento Agricultura convoca a postular para el Premio Nacional de sanidad animal 2025 | Nexo Informativo Santiago de Quer\u00e9taro","description":"Reconocimiento al talento Agricultura convoca a postular para el Premio Nacional de sanidad animal 2025","robots":{"index":"index","follow":"follow","max-snippet":"max-snippet:-1","max-image-preview":"max-image-preview:large","max-video-preview":"max-video-preview:-1"},"canonical":"https:\/\/www.nexoinformativo.mx\/index.php\/2025\/06\/12\/reconocimiento-al-talento-agricultura-convoca-a-postular-para-el-premio-nacional-de-sanidad-animal-2025\/","og_locale":"es_MX","og_type":"article","og_title":"Reconocimiento al talento Agricultura convoca a postular para el Premio Nacional de sanidad animal 2025 | Nexo Informativo Santiago de Quer\u00e9taro","og_description":"Reconocimiento al talento Agricultura convoca a postular para el Premio Nacional de sanidad animal 2025","og_url":"https:\/\/www.nexoinformativo.mx\/index.php\/2025\/06\/12\/reconocimiento-al-talento-agricultura-convoca-a-postular-para-el-premio-nacional-de-sanidad-animal-2025\/","og_site_name":"Nexo Informativo Santiago de Quer\u00e9taro","article_publisher":"https:\/\/www.facebook.com\/people\/Nexo-Informativo\/61564066885511\/","article_published_time":"2025-06-12T17:00:22+00:00","article_modified_time":"2025-06-12T23:54:13+00:00","og_image":[{"width":650,"height":380,"url":"https:\/\/www.nexoinformativo.mx\/wp-content\/uploads\/2025\/06\/IMG_3858.jpg","type":"image\/jpeg"}],"author":"Nexo Informativo","twitter_card":"summary_large_image","twitter_misc":{"Escrito por":"Nexo Informativo","Tiempo de lectura":"2 minutos"},"schema":{"@context":"https:\/\/schema.org","@graph":[{"@type":"Article","@id":"https:\/\/www.nexoinformativo.mx\/index.php\/2025\/06\/12\/reconocimiento-al-talento-agricultura-convoca-a-postular-para-el-premio-nacional-de-sanidad-animal-2025\/#article","isPartOf":{"@id":"https:\/\/www.nexoinformativo.mx\/index.php\/2025\/06\/12\/reconocimiento-al-talento-agricultura-convoca-a-postular-para-el-premio-nacional-de-sanidad-animal-2025\/"},"author":{"name":"Nexo Informativo","@id":"https:\/\/www.nexoinformativo.mx\/#\/schema\/person\/7749d380ba08c8ca00d7bc76fd907b7d"},"headline":"Reconocimiento al talento Agricultura convoca a postular para el Premio Nacional de sanidad animal 2025","datePublished":"2025-06-12T17:00:22+00:00","dateModified":"2025-06-12T23:54:13+00:00","mainEntityOfPage":{"@id":"https:\/\/www.nexoinformativo.mx\/index.php\/2025\/06\/12\/reconocimiento-al-talento-agricultura-convoca-a-postular-para-el-premio-nacional-de-sanidad-animal-2025\/"},"wordCount":357,"commentCount":0,"publisher":{"@id":"https:\/\/www.nexoinformativo.mx\/#organization"},"image":{"@id":"https:\/\/www.nexoinformativo.mx\/index.php\/2025\/06\/12\/reconocimiento-al-talento-agricultura-convoca-a-postular-para-el-premio-nacional-de-sanidad-animal-2025\/#primaryimage"},"thumbnailUrl":"https:\/\/www.nexoinformativo.mx\/wp-content\/uploads\/2025\/06\/IMG_3858.jpg","keywords":["AgriculturaMX","PremioNacional","SanidadAnimal","VeterinariosMX"],"articleSection":["Nacional","\u00daltima Hora"],"inLanguage":"es","potentialAction":[{"@type":"CommentAction","name":"Comment","target":["https:\/\/www.nexoinformativo.mx\/index.php\/2025\/06\/12\/reconocimiento-al-talento-agricultura-convoca-a-postular-para-el-premio-nacional-de-sanidad-animal-2025\/#respond"]}]},{"@type":"WebPage","@id":"https:\/\/www.nexoinformativo.mx\/index.php\/2025\/06\/12\/reconocimiento-al-talento-agricultura-convoca-a-postular-para-el-premio-nacional-de-sanidad-animal-2025\/","url":"https:\/\/www.nexoinformativo.mx\/index.php\/2025\/06\/12\/reconocimiento-al-talento-agricultura-convoca-a-postular-para-el-premio-nacional-de-sanidad-animal-2025\/","name":"Reconocimiento al talento Agricultura convoca a postular para el Premio Nacional de sanidad animal 2025 | Nexo Informativo Santiago de Quer\u00e9taro","isPartOf":{"@id":"https:\/\/www.nexoinformativo.mx\/#website"},"primaryImageOfPage":{"@id":"https:\/\/www.nexoinformativo.mx\/index.php\/2025\/06\/12\/reconocimiento-al-talento-agricultura-convoca-a-postular-para-el-premio-nacional-de-sanidad-animal-2025\/#primaryimage"},"image":{"@id":"https:\/\/www.nexoinformativo.mx\/index.php\/2025\/06\/12\/reconocimiento-al-talento-agricultura-convoca-a-postular-para-el-premio-nacional-de-sanidad-animal-2025\/#primaryimage"},"thumbnailUrl":"https:\/\/www.nexoinformativo.mx\/wp-content\/uploads\/2025\/06\/IMG_3858.jpg","datePublished":"2025-06-12T17:00:22+00:00","dateModified":"2025-06-12T23:54:13+00:00","description":"Reconocimiento al talento Agricultura convoca a postular para el Premio Nacional de sanidad animal 2025","breadcrumb":{"@id":"https:\/\/www.nexoinformativo.mx\/index.php\/2025\/06\/12\/reconocimiento-al-talento-agricultura-convoca-a-postular-para-el-premio-nacional-de-sanidad-animal-2025\/#breadcrumb"},"inLanguage":"es","potentialAction":[{"@type":"ReadAction","target":["https:\/\/www.nexoinformativo.mx\/index.php\/2025\/06\/12\/reconocimiento-al-talento-agricultura-convoca-a-postular-para-el-premio-nacional-de-sanidad-animal-2025\/"]}]},{"@type":"ImageObject","inLanguage":"es","@id":"https:\/\/www.nexoinformativo.mx\/index.php\/2025\/06\/12\/reconocimiento-al-talento-agricultura-convoca-a-postular-para-el-premio-nacional-de-sanidad-animal-2025\/#primaryimage","url":"https:\/\/www.nexoinformativo.mx\/wp-content\/uploads\/2025\/06\/IMG_3858.jpg","contentUrl":"https:\/\/www.nexoinformativo.mx\/wp-content\/uploads\/2025\/06\/IMG_3858.jpg","width":650,"height":380},{"@type":"BreadcrumbList","@id":"https:\/\/www.nexoinformativo.mx\/index.php\/2025\/06\/12\/reconocimiento-al-talento-agricultura-convoca-a-postular-para-el-premio-nacional-de-sanidad-animal-2025\/#breadcrumb","itemListElement":[{"@type":"ListItem","position":1,"name":"Inicio","item":"https:\/\/www.nexoinformativo.mx\/"},{"@type":"ListItem","position":2,"name":"Reconocimiento al talento Agricultura convoca a postular para el Premio Nacional de sanidad animal 2025"}]},{"@type":"WebSite","@id":"https:\/\/www.nexoinformativo.mx\/#website","url":"https:\/\/www.nexoinformativo.mx\/","name":"Nexo Informativo Santiago de Quer\u00e9taro","description":"Explora NexoInformativo y convi\u00e9rtete en parte de una comunidad que valora el conocimiento y la verdad. Tu nexoinformativo es tu puente hacia una comprensi\u00f3n m\u00e1s profunda del mundo que te rodea.","publisher":{"@id":"https:\/\/www.nexoinformativo.mx\/#organization"},"potentialAction":[{"@type":"SearchAction","target":{"@type":"EntryPoint","urlTemplate":"https:\/\/www.nexoinformativo.mx\/?s={search_term_string}"},"query-input":{"@type":"PropertyValueSpecification","valueRequired":true,"valueName":"search_term_string"}}],"inLanguage":"es"},{"@type":"Organization","@id":"https:\/\/www.nexoinformativo.mx\/#organization","name":"Nexo Informativo Santiago de Quer\u00e9taro","url":"https:\/\/www.nexoinformativo.mx\/","logo":{"@type":"ImageObject","inLanguage":"es","@id":"https:\/\/www.nexoinformativo.mx\/#\/schema\/logo\/image\/","url":"https:\/\/www.nexoinformativo.mx\/wp-content\/uploads\/2024\/07\/nexoi-trasparente-2.png","contentUrl":"https:\/\/www.nexoinformativo.mx\/wp-content\/uploads\/2024\/07\/nexoi-trasparente-2.png","width":816,"height":339,"caption":"Nexo Informativo Santiago de Quer\u00e9taro"},"image":{"@id":"https:\/\/www.nexoinformativo.mx\/#\/schema\/logo\/image\/"},"sameAs":["https:\/\/www.facebook.com\/people\/Nexo-Informativo\/61564066885511\/"]},{"@type":"Person","@id":"https:\/\/www.nexoinformativo.mx\/#\/schema\/person\/7749d380ba08c8ca00d7bc76fd907b7d","name":"Nexo Informativo","image":{"@type":"ImageObject","inLanguage":"es","@id":"https:\/\/www.nexoinformativo.mx\/#\/schema\/person\/image\/","url":"https:\/\/secure.gravatar.com\/avatar\/dde2928154642a13d95f87ddf1ea9718fe2b46760a005c53e41ff5ad610704e6?s=96&d=mm&r=g","contentUrl":"https:\/\/secure.gravatar.com\/avatar\/dde2928154642a13d95f87ddf1ea9718fe2b46760a005c53e41ff5ad610704e6?s=96&d=mm&r=g","caption":"Nexo Informativo"},"url":"https:\/\/www.nexoinformativo.mx\/index.php\/author\/edicion\/"}]}},"_links":{"self":[{"href":"https:\/\/www.nexoinformativo.mx\/index.php\/wp-json\/wp\/v2\/posts\/15848","targetHints":{"allow":["GET"]}}],"collection":[{"href":"https:\/\/www.nexoinformativo.mx\/index.php\/wp-json\/wp\/v2\/posts"}],"about":[{"href":"https:\/\/www.nexoinformativo.mx\/index.php\/wp-json\/wp\/v2\/types\/post"}],"author":[{"embeddable":true,"href":"https:\/\/www.nexoinformativo.mx\/index.php\/wp-json\/wp\/v2\/users\/3"}],"replies":[{"embeddable":true,"href":"https:\/\/www.nexoinformativo.mx\/index.php\/wp-json\/wp\/v2\/comments?post=15848"}],"version-history":[{"count":7,"href":"https:\/\/www.nexoinformativo.mx\/index.php\/wp-json\/wp\/v2\/posts\/15848\/revisions"}],"predecessor-version":[{"id":15852,"href":"https:\/\/www.nexoinformativo.mx\/index.php\/wp-json\/wp\/v2\/posts\/15848\/revisions\/15852"}],"wp:featuredmedia":[{"embeddable":true,"href":"https:\/\/www.nexoinformativo.mx\/index.php\/wp-json\/wp\/v2\/media\/15854"}],"wp:attachment":[{"href":"https:\/\/www.nexoinformativo.mx\/index.php\/wp-json\/wp\/v2\/media?parent=15848"}],"wp:term":[{"taxonomy":"category","embeddable":true,"href":"https:\/\/www.nexoinformativo.mx\/index.php\/wp-json\/wp\/v2\/categories?post=15848"},{"taxonomy":"post_tag","embeddable":true,"href":"https:\/\/www.nexoinformativo.mx\/index.php\/wp-json\/wp\/v2\/tags?post=15848"}],"curies":[{"name":"wp","href":"https:\/\/api.w.org\/{rel}","templated":true}]}}