{"id":15868,"date":"2025-06-12T13:00:21","date_gmt":"2025-06-12T19:00:21","guid":{"rendered":"https:\/\/www.nexoinformativo.mx\/?p=15868"},"modified":"2025-06-12T18:20:52","modified_gmt":"2025-06-13T00:20:52","slug":"kellanova-apuesta-por-queretaro-la-planta-de-pringles-mas-grande-de-mexico-y-generara-1300-nuevos-empleos","status":"publish","type":"post","link":"https:\/\/www.nexoinformativo.mx\/index.php\/2025\/06\/12\/kellanova-apuesta-por-queretaro-la-planta-de-pringles-mas-grande-de-mexico-y-generara-1300-nuevos-empleos\/","title":{"rendered":"Kellanova apuesta por Quer\u00e9taro la planta de Pringles m\u00e1s grande de M\u00e9xico y generar\u00e1 1300 nuevos empleos"},"content":{"rendered":"<p style=\"text-align: justify;\" data-sourcepos=\"5:1-5:594\">Quer\u00e9taro celebr\u00f3 un hito importante en su desarrollo econ\u00f3mico con la inauguraci\u00f3n de la primera planta de producci\u00f3n de Pringles en M\u00e9xico, a cargo de la multinacional agroalimentaria Kellanova.<\/p>\n<p>&nbsp;<\/p>\n<p style=\"text-align: justify;\" data-sourcepos=\"5:1-5:594\">El gobernador Mauricio Kuri encabez\u00f3 la ceremonia de apertura de esta instalaci\u00f3n, que representa una inversi\u00f3n significativa dentro de los 660 millones de d\u00f3lares que Kellanova ha inyectado en M\u00e9xico en los \u00faltimos tres a\u00f1os. La nueva planta generar\u00e1 1300 nuevos empleos directos e indirectos para los queretanos.<\/p>\n<p>&nbsp;<\/p>\n<p style=\"text-align: justify;\" data-sourcepos=\"7:1-7:509\">Marco \u00a0Del Prete, secretario de Desarrollo Sustentable, afirm\u00f3 que estas nuevas instalaciones posicionan a Quer\u00e9taro como un referente no solo en crecimiento econ\u00f3mico, sino tambi\u00e9n en bienestar.<\/p>\n<p>&nbsp;<\/p>\n<p style=\"text-align: justify;\" data-sourcepos=\"7:1-7:509\">Reconoci\u00f3 la confianza de los directivos, recordando que ahora Kellanova fue la primera empresa norteamericana de capital extranjero en instalarse en el estado hace 50 a\u00f1os. Su presencia y la de m\u00e1s de 500 empresas americanas han contribuido al crecimiento de la entidad, dijo.<\/p>\n<p>&nbsp;<\/p>\n<p style=\"text-align: justify;\" data-sourcepos=\"21:1-21:420\">Arturo Anguiano, vicepresidente de Cadena de Suministro para Am\u00e9rica Latina de Kellanova, calific\u00f3 la inauguraci\u00f3n como hist\u00f3rica, afirmando que esta nueva operaci\u00f3n cambiar\u00e1 el futuro del negocio.<\/p>\n<p>&nbsp;<\/p>\n<p style=\"text-align: justify;\" data-sourcepos=\"23:1-23:257\">V\u00edctor Marroqu\u00edn, presidente de Kellogg&#8217;s Latinoam\u00e9rica, reconoci\u00f3 la visi\u00f3n estrat\u00e9gica del gobernador Kuri como un factor determinante para la expansi\u00f3n en el estado, lo que convierte a Quer\u00e9taro en un lugar excepcional para el crecimiento sostenible.<\/p>\n<p>&nbsp;<\/p>\n<p style=\"text-align: justify;\" data-sourcepos=\"25:1-25:378\">Finalmente, Felifer Mac\u00edas, presidente municipal de Quer\u00e9taro, subray\u00f3 que la inauguraci\u00f3n de esta planta refleja c\u00f3mo Quer\u00e9taro avanza hacia un futuro de prosperidad con la llegada de empleo e inversiones. o.<\/p>\n<p>&nbsp;<\/p>\n<p style=\"text-align: justify;\" data-sourcepos=\"27:1-27:234\">Kellanova, l\u00edder en alimentos con m\u00e1s de 70 a\u00f1os de presencia en M\u00e9xico y m\u00e1s de 100 a\u00f1os de historia global, es reconocida por marcas como Zucaritas, Choco Krispis, Special K, All-Bran, Corn Flakes, Pringles y Pop-Tarts.<\/p>\n<p>&nbsp;<\/p>\n<p style=\"text-align: center;\" data-sourcepos=\"27:1-27:234\"><em><strong>\u00a1Informaci\u00f3n que transforma!<\/strong><\/em><\/p>\n<p data-sourcepos=\"27:1-27:234\">\n","protected":false},"excerpt":{"rendered":"<p>Quer\u00e9taro celebr\u00f3 un hito importante en su desarrollo econ\u00f3mico con la inauguraci\u00f3n de la primera planta de producci\u00f3n de Pringles en M\u00e9xico, a cargo de la multinacional agroalimentaria Kellanova.<\/p>\n","protected":false},"author":3,"featured_media":15869,"comment_status":"open","ping_status":"open","sticky":false,"template":"","format":"standard","meta":{"footnotes":""},"categories":[5,42,58],"tags":[3689,343,4770,4769],"class_list":["post-15868","post","type-post","status-publish","format-standard","has-post-thumbnail","hentry","category-economia","category-estado","category-ultima-hora","tag-empleoqro","tag-inversionextranjera","tag-kellanovaqueretaro","tag-pringlesmexico"],"yoast_head":"<!-- This site is optimized with the Yoast SEO plugin v25.0 - https:\/\/yoast.com\/wordpress\/plugins\/seo\/ -->\n<title>Kellanova apuesta por Quer\u00e9taro la planta de Pringles m\u00e1s grande de M\u00e9xico y generar\u00e1 1300 nuevos empleos | Nexo Informativo Santiago de Quer\u00e9taro<\/title>\n<meta name=\"description\" content=\"Kellanova apuesta por Quer\u00e9taro la planta de Pringles m\u00e1s grande de M\u00e9xico y generar\u00e1 1300 nuevos empleos\" \/>\n<meta name=\"robots\" content=\"index, follow, max-snippet:-1, max-image-preview:large, max-video-preview:-1\" \/>\n<link rel=\"canonical\" href=\"https:\/\/www.nexoinformativo.mx\/index.php\/2025\/06\/12\/kellanova-apuesta-por-queretaro-la-planta-de-pringles-mas-grande-de-mexico-y-generara-1300-nuevos-empleos\/\" \/>\n<meta property=\"og:locale\" content=\"es_MX\" \/>\n<meta property=\"og:type\" content=\"article\" \/>\n<meta property=\"og:title\" content=\"Kellanova apuesta por Quer\u00e9taro la planta de Pringles m\u00e1s grande de M\u00e9xico y generar\u00e1 1300 nuevos empleos | Nexo Informativo Santiago de Quer\u00e9taro\" \/>\n<meta property=\"og:description\" content=\"Kellanova apuesta por Quer\u00e9taro la planta de Pringles m\u00e1s grande de M\u00e9xico y generar\u00e1 1300 nuevos empleos\" \/>\n<meta property=\"og:url\" content=\"https:\/\/www.nexoinformativo.mx\/index.php\/2025\/06\/12\/kellanova-apuesta-por-queretaro-la-planta-de-pringles-mas-grande-de-mexico-y-generara-1300-nuevos-empleos\/\" \/>\n<meta property=\"og:site_name\" content=\"Nexo Informativo Santiago de Quer\u00e9taro\" \/>\n<meta property=\"article:publisher\" content=\"https:\/\/www.facebook.com\/people\/Nexo-Informativo\/61564066885511\/\" \/>\n<meta property=\"article:published_time\" content=\"2025-06-12T19:00:21+00:00\" \/>\n<meta property=\"article:modified_time\" content=\"2025-06-13T00:20:52+00:00\" \/>\n<meta property=\"og:image\" content=\"https:\/\/www.nexoinformativo.mx\/wp-content\/uploads\/2025\/06\/PHOTO-2025-06-12-16-35-46-e1749773983737.jpg\" \/>\n\t<meta property=\"og:image:width\" content=\"800\" \/>\n\t<meta property=\"og:image:height\" content=\"533\" \/>\n\t<meta property=\"og:image:type\" content=\"image\/jpeg\" \/>\n<meta name=\"author\" content=\"Nexo Informativo\" \/>\n<meta name=\"twitter:card\" content=\"summary_large_image\" \/>\n<meta name=\"twitter:label1\" content=\"Escrito por\" \/>\n\t<meta name=\"twitter:data1\" content=\"Nexo Informativo\" \/>\n\t<meta name=\"twitter:label2\" content=\"Tiempo de lectura\" \/>\n\t<meta name=\"twitter:data2\" content=\"2 minutos\" \/>\n<script type=\"application\/ld+json\" class=\"yoast-schema-graph\">{\"@context\":\"https:\/\/schema.org\",\"@graph\":[{\"@type\":\"Article\",\"@id\":\"https:\/\/www.nexoinformativo.mx\/index.php\/2025\/06\/12\/kellanova-apuesta-por-queretaro-la-planta-de-pringles-mas-grande-de-mexico-y-generara-1300-nuevos-empleos\/#article\",\"isPartOf\":{\"@id\":\"https:\/\/www.nexoinformativo.mx\/index.php\/2025\/06\/12\/kellanova-apuesta-por-queretaro-la-planta-de-pringles-mas-grande-de-mexico-y-generara-1300-nuevos-empleos\/\"},\"author\":{\"name\":\"Nexo Informativo\",\"@id\":\"https:\/\/www.nexoinformativo.mx\/#\/schema\/person\/7749d380ba08c8ca00d7bc76fd907b7d\"},\"headline\":\"Kellanova apuesta por Quer\u00e9taro la planta de Pringles m\u00e1s grande de M\u00e9xico y generar\u00e1 1300 nuevos empleos\",\"datePublished\":\"2025-06-12T19:00:21+00:00\",\"dateModified\":\"2025-06-13T00:20:52+00:00\",\"mainEntityOfPage\":{\"@id\":\"https:\/\/www.nexoinformativo.mx\/index.php\/2025\/06\/12\/kellanova-apuesta-por-queretaro-la-planta-de-pringles-mas-grande-de-mexico-y-generara-1300-nuevos-empleos\/\"},\"wordCount\":342,\"commentCount\":0,\"publisher\":{\"@id\":\"https:\/\/www.nexoinformativo.mx\/#organization\"},\"image\":{\"@id\":\"https:\/\/www.nexoinformativo.mx\/index.php\/2025\/06\/12\/kellanova-apuesta-por-queretaro-la-planta-de-pringles-mas-grande-de-mexico-y-generara-1300-nuevos-empleos\/#primaryimage\"},\"thumbnailUrl\":\"https:\/\/www.nexoinformativo.mx\/wp-content\/uploads\/2025\/06\/PHOTO-2025-06-12-16-35-46-e1749773983737.jpg\",\"keywords\":[\"EmpleoQro\",\"Inversi\u00f3nExtranjera\",\"KellanovaQuer\u00e9taro\",\"PringlesM\u00e9xico\"],\"articleSection\":[\"Econom\u00eda\",\"Estado\",\"\u00daltima Hora\"],\"inLanguage\":\"es\",\"potentialAction\":[{\"@type\":\"CommentAction\",\"name\":\"Comment\",\"target\":[\"https:\/\/www.nexoinformativo.mx\/index.php\/2025\/06\/12\/kellanova-apuesta-por-queretaro-la-planta-de-pringles-mas-grande-de-mexico-y-generara-1300-nuevos-empleos\/#respond\"]}]},{\"@type\":\"WebPage\",\"@id\":\"https:\/\/www.nexoinformativo.mx\/index.php\/2025\/06\/12\/kellanova-apuesta-por-queretaro-la-planta-de-pringles-mas-grande-de-mexico-y-generara-1300-nuevos-empleos\/\",\"url\":\"https:\/\/www.nexoinformativo.mx\/index.php\/2025\/06\/12\/kellanova-apuesta-por-queretaro-la-planta-de-pringles-mas-grande-de-mexico-y-generara-1300-nuevos-empleos\/\",\"name\":\"Kellanova apuesta por Quer\u00e9taro la planta de Pringles m\u00e1s grande de M\u00e9xico y generar\u00e1 1300 nuevos empleos | Nexo Informativo Santiago de Quer\u00e9taro\",\"isPartOf\":{\"@id\":\"https:\/\/www.nexoinformativo.mx\/#website\"},\"primaryImageOfPage\":{\"@id\":\"https:\/\/www.nexoinformativo.mx\/index.php\/2025\/06\/12\/kellanova-apuesta-por-queretaro-la-planta-de-pringles-mas-grande-de-mexico-y-generara-1300-nuevos-empleos\/#primaryimage\"},\"image\":{\"@id\":\"https:\/\/www.nexoinformativo.mx\/index.php\/2025\/06\/12\/kellanova-apuesta-por-queretaro-la-planta-de-pringles-mas-grande-de-mexico-y-generara-1300-nuevos-empleos\/#primaryimage\"},\"thumbnailUrl\":\"https:\/\/www.nexoinformativo.mx\/wp-content\/uploads\/2025\/06\/PHOTO-2025-06-12-16-35-46-e1749773983737.jpg\",\"datePublished\":\"2025-06-12T19:00:21+00:00\",\"dateModified\":\"2025-06-13T00:20:52+00:00\",\"description\":\"Kellanova apuesta por Quer\u00e9taro la planta de Pringles m\u00e1s grande de M\u00e9xico y generar\u00e1 1300 nuevos empleos\",\"breadcrumb\":{\"@id\":\"https:\/\/www.nexoinformativo.mx\/index.php\/2025\/06\/12\/kellanova-apuesta-por-queretaro-la-planta-de-pringles-mas-grande-de-mexico-y-generara-1300-nuevos-empleos\/#breadcrumb\"},\"inLanguage\":\"es\",\"potentialAction\":[{\"@type\":\"ReadAction\",\"target\":[\"https:\/\/www.nexoinformativo.mx\/index.php\/2025\/06\/12\/kellanova-apuesta-por-queretaro-la-planta-de-pringles-mas-grande-de-mexico-y-generara-1300-nuevos-empleos\/\"]}]},{\"@type\":\"ImageObject\",\"inLanguage\":\"es\",\"@id\":\"https:\/\/www.nexoinformativo.mx\/index.php\/2025\/06\/12\/kellanova-apuesta-por-queretaro-la-planta-de-pringles-mas-grande-de-mexico-y-generara-1300-nuevos-empleos\/#primaryimage\",\"url\":\"https:\/\/www.nexoinformativo.mx\/wp-content\/uploads\/2025\/06\/PHOTO-2025-06-12-16-35-46-e1749773983737.jpg\",\"contentUrl\":\"https:\/\/www.nexoinformativo.mx\/wp-content\/uploads\/2025\/06\/PHOTO-2025-06-12-16-35-46-e1749773983737.jpg\",\"width\":800,\"height\":533},{\"@type\":\"BreadcrumbList\",\"@id\":\"https:\/\/www.nexoinformativo.mx\/index.php\/2025\/06\/12\/kellanova-apuesta-por-queretaro-la-planta-de-pringles-mas-grande-de-mexico-y-generara-1300-nuevos-empleos\/#breadcrumb\",\"itemListElement\":[{\"@type\":\"ListItem\",\"position\":1,\"name\":\"Inicio\",\"item\":\"https:\/\/www.nexoinformativo.mx\/\"},{\"@type\":\"ListItem\",\"position\":2,\"name\":\"Kellanova apuesta por Quer\u00e9taro la planta de Pringles m\u00e1s grande de M\u00e9xico y generar\u00e1 1300 nuevos empleos\"}]},{\"@type\":\"WebSite\",\"@id\":\"https:\/\/www.nexoinformativo.mx\/#website\",\"url\":\"https:\/\/www.nexoinformativo.mx\/\",\"name\":\"Nexo Informativo Santiago de Quer\u00e9taro\",\"description\":\"Explora NexoInformativo y convi\u00e9rtete en parte de una comunidad que valora el conocimiento y la verdad. Tu nexoinformativo es tu puente hacia una comprensi\u00f3n m\u00e1s profunda del mundo que te rodea.\",\"publisher\":{\"@id\":\"https:\/\/www.nexoinformativo.mx\/#organization\"},\"potentialAction\":[{\"@type\":\"SearchAction\",\"target\":{\"@type\":\"EntryPoint\",\"urlTemplate\":\"https:\/\/www.nexoinformativo.mx\/?s={search_term_string}\"},\"query-input\":{\"@type\":\"PropertyValueSpecification\",\"valueRequired\":true,\"valueName\":\"search_term_string\"}}],\"inLanguage\":\"es\"},{\"@type\":\"Organization\",\"@id\":\"https:\/\/www.nexoinformativo.mx\/#organization\",\"name\":\"Nexo Informativo Santiago de Quer\u00e9taro\",\"url\":\"https:\/\/www.nexoinformativo.mx\/\",\"logo\":{\"@type\":\"ImageObject\",\"inLanguage\":\"es\",\"@id\":\"https:\/\/www.nexoinformativo.mx\/#\/schema\/logo\/image\/\",\"url\":\"https:\/\/www.nexoinformativo.mx\/wp-content\/uploads\/2024\/07\/nexoi-trasparente-2.png\",\"contentUrl\":\"https:\/\/www.nexoinformativo.mx\/wp-content\/uploads\/2024\/07\/nexoi-trasparente-2.png\",\"width\":816,\"height\":339,\"caption\":\"Nexo Informativo Santiago de Quer\u00e9taro\"},\"image\":{\"@id\":\"https:\/\/www.nexoinformativo.mx\/#\/schema\/logo\/image\/\"},\"sameAs\":[\"https:\/\/www.facebook.com\/people\/Nexo-Informativo\/61564066885511\/\"]},{\"@type\":\"Person\",\"@id\":\"https:\/\/www.nexoinformativo.mx\/#\/schema\/person\/7749d380ba08c8ca00d7bc76fd907b7d\",\"name\":\"Nexo Informativo\",\"image\":{\"@type\":\"ImageObject\",\"inLanguage\":\"es\",\"@id\":\"https:\/\/www.nexoinformativo.mx\/#\/schema\/person\/image\/\",\"url\":\"https:\/\/secure.gravatar.com\/avatar\/dde2928154642a13d95f87ddf1ea9718fe2b46760a005c53e41ff5ad610704e6?s=96&d=mm&r=g\",\"contentUrl\":\"https:\/\/secure.gravatar.com\/avatar\/dde2928154642a13d95f87ddf1ea9718fe2b46760a005c53e41ff5ad610704e6?s=96&d=mm&r=g\",\"caption\":\"Nexo Informativo\"},\"url\":\"https:\/\/www.nexoinformativo.mx\/index.php\/author\/edicion\/\"}]}<\/script>\n<!-- \/ Yoast SEO plugin. -->","yoast_head_json":{"title":"Kellanova apuesta por Quer\u00e9taro la planta de Pringles m\u00e1s grande de M\u00e9xico y generar\u00e1 1300 nuevos empleos | Nexo Informativo Santiago de Quer\u00e9taro","description":"Kellanova apuesta por Quer\u00e9taro la planta de Pringles m\u00e1s grande de M\u00e9xico y generar\u00e1 1300 nuevos empleos","robots":{"index":"index","follow":"follow","max-snippet":"max-snippet:-1","max-image-preview":"max-image-preview:large","max-video-preview":"max-video-preview:-1"},"canonical":"https:\/\/www.nexoinformativo.mx\/index.php\/2025\/06\/12\/kellanova-apuesta-por-queretaro-la-planta-de-pringles-mas-grande-de-mexico-y-generara-1300-nuevos-empleos\/","og_locale":"es_MX","og_type":"article","og_title":"Kellanova apuesta por Quer\u00e9taro la planta de Pringles m\u00e1s grande de M\u00e9xico y generar\u00e1 1300 nuevos empleos | Nexo Informativo Santiago de Quer\u00e9taro","og_description":"Kellanova apuesta por Quer\u00e9taro la planta de Pringles m\u00e1s grande de M\u00e9xico y generar\u00e1 1300 nuevos empleos","og_url":"https:\/\/www.nexoinformativo.mx\/index.php\/2025\/06\/12\/kellanova-apuesta-por-queretaro-la-planta-de-pringles-mas-grande-de-mexico-y-generara-1300-nuevos-empleos\/","og_site_name":"Nexo Informativo Santiago de Quer\u00e9taro","article_publisher":"https:\/\/www.facebook.com\/people\/Nexo-Informativo\/61564066885511\/","article_published_time":"2025-06-12T19:00:21+00:00","article_modified_time":"2025-06-13T00:20:52+00:00","og_image":[{"width":800,"height":533,"url":"https:\/\/www.nexoinformativo.mx\/wp-content\/uploads\/2025\/06\/PHOTO-2025-06-12-16-35-46-e1749773983737.jpg","type":"image\/jpeg"}],"author":"Nexo Informativo","twitter_card":"summary_large_image","twitter_misc":{"Escrito por":"Nexo Informativo","Tiempo de lectura":"2 minutos"},"schema":{"@context":"https:\/\/schema.org","@graph":[{"@type":"Article","@id":"https:\/\/www.nexoinformativo.mx\/index.php\/2025\/06\/12\/kellanova-apuesta-por-queretaro-la-planta-de-pringles-mas-grande-de-mexico-y-generara-1300-nuevos-empleos\/#article","isPartOf":{"@id":"https:\/\/www.nexoinformativo.mx\/index.php\/2025\/06\/12\/kellanova-apuesta-por-queretaro-la-planta-de-pringles-mas-grande-de-mexico-y-generara-1300-nuevos-empleos\/"},"author":{"name":"Nexo Informativo","@id":"https:\/\/www.nexoinformativo.mx\/#\/schema\/person\/7749d380ba08c8ca00d7bc76fd907b7d"},"headline":"Kellanova apuesta por Quer\u00e9taro la planta de Pringles m\u00e1s grande de M\u00e9xico y generar\u00e1 1300 nuevos empleos","datePublished":"2025-06-12T19:00:21+00:00","dateModified":"2025-06-13T00:20:52+00:00","mainEntityOfPage":{"@id":"https:\/\/www.nexoinformativo.mx\/index.php\/2025\/06\/12\/kellanova-apuesta-por-queretaro-la-planta-de-pringles-mas-grande-de-mexico-y-generara-1300-nuevos-empleos\/"},"wordCount":342,"commentCount":0,"publisher":{"@id":"https:\/\/www.nexoinformativo.mx\/#organization"},"image":{"@id":"https:\/\/www.nexoinformativo.mx\/index.php\/2025\/06\/12\/kellanova-apuesta-por-queretaro-la-planta-de-pringles-mas-grande-de-mexico-y-generara-1300-nuevos-empleos\/#primaryimage"},"thumbnailUrl":"https:\/\/www.nexoinformativo.mx\/wp-content\/uploads\/2025\/06\/PHOTO-2025-06-12-16-35-46-e1749773983737.jpg","keywords":["EmpleoQro","Inversi\u00f3nExtranjera","KellanovaQuer\u00e9taro","PringlesM\u00e9xico"],"articleSection":["Econom\u00eda","Estado","\u00daltima Hora"],"inLanguage":"es","potentialAction":[{"@type":"CommentAction","name":"Comment","target":["https:\/\/www.nexoinformativo.mx\/index.php\/2025\/06\/12\/kellanova-apuesta-por-queretaro-la-planta-de-pringles-mas-grande-de-mexico-y-generara-1300-nuevos-empleos\/#respond"]}]},{"@type":"WebPage","@id":"https:\/\/www.nexoinformativo.mx\/index.php\/2025\/06\/12\/kellanova-apuesta-por-queretaro-la-planta-de-pringles-mas-grande-de-mexico-y-generara-1300-nuevos-empleos\/","url":"https:\/\/www.nexoinformativo.mx\/index.php\/2025\/06\/12\/kellanova-apuesta-por-queretaro-la-planta-de-pringles-mas-grande-de-mexico-y-generara-1300-nuevos-empleos\/","name":"Kellanova apuesta por Quer\u00e9taro la planta de Pringles m\u00e1s grande de M\u00e9xico y generar\u00e1 1300 nuevos empleos | Nexo Informativo Santiago de Quer\u00e9taro","isPartOf":{"@id":"https:\/\/www.nexoinformativo.mx\/#website"},"primaryImageOfPage":{"@id":"https:\/\/www.nexoinformativo.mx\/index.php\/2025\/06\/12\/kellanova-apuesta-por-queretaro-la-planta-de-pringles-mas-grande-de-mexico-y-generara-1300-nuevos-empleos\/#primaryimage"},"image":{"@id":"https:\/\/www.nexoinformativo.mx\/index.php\/2025\/06\/12\/kellanova-apuesta-por-queretaro-la-planta-de-pringles-mas-grande-de-mexico-y-generara-1300-nuevos-empleos\/#primaryimage"},"thumbnailUrl":"https:\/\/www.nexoinformativo.mx\/wp-content\/uploads\/2025\/06\/PHOTO-2025-06-12-16-35-46-e1749773983737.jpg","datePublished":"2025-06-12T19:00:21+00:00","dateModified":"2025-06-13T00:20:52+00:00","description":"Kellanova apuesta por Quer\u00e9taro la planta de Pringles m\u00e1s grande de M\u00e9xico y generar\u00e1 1300 nuevos empleos","breadcrumb":{"@id":"https:\/\/www.nexoinformativo.mx\/index.php\/2025\/06\/12\/kellanova-apuesta-por-queretaro-la-planta-de-pringles-mas-grande-de-mexico-y-generara-1300-nuevos-empleos\/#breadcrumb"},"inLanguage":"es","potentialAction":[{"@type":"ReadAction","target":["https:\/\/www.nexoinformativo.mx\/index.php\/2025\/06\/12\/kellanova-apuesta-por-queretaro-la-planta-de-pringles-mas-grande-de-mexico-y-generara-1300-nuevos-empleos\/"]}]},{"@type":"ImageObject","inLanguage":"es","@id":"https:\/\/www.nexoinformativo.mx\/index.php\/2025\/06\/12\/kellanova-apuesta-por-queretaro-la-planta-de-pringles-mas-grande-de-mexico-y-generara-1300-nuevos-empleos\/#primaryimage","url":"https:\/\/www.nexoinformativo.mx\/wp-content\/uploads\/2025\/06\/PHOTO-2025-06-12-16-35-46-e1749773983737.jpg","contentUrl":"https:\/\/www.nexoinformativo.mx\/wp-content\/uploads\/2025\/06\/PHOTO-2025-06-12-16-35-46-e1749773983737.jpg","width":800,"height":533},{"@type":"BreadcrumbList","@id":"https:\/\/www.nexoinformativo.mx\/index.php\/2025\/06\/12\/kellanova-apuesta-por-queretaro-la-planta-de-pringles-mas-grande-de-mexico-y-generara-1300-nuevos-empleos\/#breadcrumb","itemListElement":[{"@type":"ListItem","position":1,"name":"Inicio","item":"https:\/\/www.nexoinformativo.mx\/"},{"@type":"ListItem","position":2,"name":"Kellanova apuesta por Quer\u00e9taro la planta de Pringles m\u00e1s grande de M\u00e9xico y generar\u00e1 1300 nuevos empleos"}]},{"@type":"WebSite","@id":"https:\/\/www.nexoinformativo.mx\/#website","url":"https:\/\/www.nexoinformativo.mx\/","name":"Nexo Informativo Santiago de Quer\u00e9taro","description":"Explora NexoInformativo y convi\u00e9rtete en parte de una comunidad que valora el conocimiento y la verdad. Tu nexoinformativo es tu puente hacia una comprensi\u00f3n m\u00e1s profunda del mundo que te rodea.","publisher":{"@id":"https:\/\/www.nexoinformativo.mx\/#organization"},"potentialAction":[{"@type":"SearchAction","target":{"@type":"EntryPoint","urlTemplate":"https:\/\/www.nexoinformativo.mx\/?s={search_term_string}"},"query-input":{"@type":"PropertyValueSpecification","valueRequired":true,"valueName":"search_term_string"}}],"inLanguage":"es"},{"@type":"Organization","@id":"https:\/\/www.nexoinformativo.mx\/#organization","name":"Nexo Informativo Santiago de Quer\u00e9taro","url":"https:\/\/www.nexoinformativo.mx\/","logo":{"@type":"ImageObject","inLanguage":"es","@id":"https:\/\/www.nexoinformativo.mx\/#\/schema\/logo\/image\/","url":"https:\/\/www.nexoinformativo.mx\/wp-content\/uploads\/2024\/07\/nexoi-trasparente-2.png","contentUrl":"https:\/\/www.nexoinformativo.mx\/wp-content\/uploads\/2024\/07\/nexoi-trasparente-2.png","width":816,"height":339,"caption":"Nexo Informativo Santiago de Quer\u00e9taro"},"image":{"@id":"https:\/\/www.nexoinformativo.mx\/#\/schema\/logo\/image\/"},"sameAs":["https:\/\/www.facebook.com\/people\/Nexo-Informativo\/61564066885511\/"]},{"@type":"Person","@id":"https:\/\/www.nexoinformativo.mx\/#\/schema\/person\/7749d380ba08c8ca00d7bc76fd907b7d","name":"Nexo Informativo","image":{"@type":"ImageObject","inLanguage":"es","@id":"https:\/\/www.nexoinformativo.mx\/#\/schema\/person\/image\/","url":"https:\/\/secure.gravatar.com\/avatar\/dde2928154642a13d95f87ddf1ea9718fe2b46760a005c53e41ff5ad610704e6?s=96&d=mm&r=g","contentUrl":"https:\/\/secure.gravatar.com\/avatar\/dde2928154642a13d95f87ddf1ea9718fe2b46760a005c53e41ff5ad610704e6?s=96&d=mm&r=g","caption":"Nexo Informativo"},"url":"https:\/\/www.nexoinformativo.mx\/index.php\/author\/edicion\/"}]}},"_links":{"self":[{"href":"https:\/\/www.nexoinformativo.mx\/index.php\/wp-json\/wp\/v2\/posts\/15868","targetHints":{"allow":["GET"]}}],"collection":[{"href":"https:\/\/www.nexoinformativo.mx\/index.php\/wp-json\/wp\/v2\/posts"}],"about":[{"href":"https:\/\/www.nexoinformativo.mx\/index.php\/wp-json\/wp\/v2\/types\/post"}],"author":[{"embeddable":true,"href":"https:\/\/www.nexoinformativo.mx\/index.php\/wp-json\/wp\/v2\/users\/3"}],"replies":[{"embeddable":true,"href":"https:\/\/www.nexoinformativo.mx\/index.php\/wp-json\/wp\/v2\/comments?post=15868"}],"version-history":[{"count":3,"href":"https:\/\/www.nexoinformativo.mx\/index.php\/wp-json\/wp\/v2\/posts\/15868\/revisions"}],"predecessor-version":[{"id":15872,"href":"https:\/\/www.nexoinformativo.mx\/index.php\/wp-json\/wp\/v2\/posts\/15868\/revisions\/15872"}],"wp:featuredmedia":[{"embeddable":true,"href":"https:\/\/www.nexoinformativo.mx\/index.php\/wp-json\/wp\/v2\/media\/15869"}],"wp:attachment":[{"href":"https:\/\/www.nexoinformativo.mx\/index.php\/wp-json\/wp\/v2\/media?parent=15868"}],"wp:term":[{"taxonomy":"category","embeddable":true,"href":"https:\/\/www.nexoinformativo.mx\/index.php\/wp-json\/wp\/v2\/categories?post=15868"},{"taxonomy":"post_tag","embeddable":true,"href":"https:\/\/www.nexoinformativo.mx\/index.php\/wp-json\/wp\/v2\/tags?post=15868"}],"curies":[{"name":"wp","href":"https:\/\/api.w.org\/{rel}","templated":true}]}}