{"id":15873,"date":"2025-06-12T15:00:07","date_gmt":"2025-06-12T21:00:07","guid":{"rendered":"https:\/\/www.nexoinformativo.mx\/?p=15873"},"modified":"2025-06-12T18:34:23","modified_gmt":"2025-06-13T00:34:23","slug":"detienen-a-mujer-por-robo-en-tienda-de-autoservicio-en-juriquilla","status":"publish","type":"post","link":"https:\/\/www.nexoinformativo.mx\/index.php\/2025\/06\/12\/detienen-a-mujer-por-robo-en-tienda-de-autoservicio-en-juriquilla\/","title":{"rendered":"Detienen a mujer por robo en tienda de autoservicio en Juriquilla"},"content":{"rendered":"<p style=\"text-align: justify;\" data-sourcepos=\"5:1-5:310\">Agentes de la Guardia Municipal de Quer\u00e9taro lograron la detenci\u00f3n de una mujer en la colonia Juriquilla, acusada de robo en modalidad de farder\u00eda. La intervenci\u00f3n se dio tras una alerta recibida desde el Centro de Atenci\u00f3n de Emergencias (CAE) 9-1-1.<\/p>\n<p>&nbsp;<\/p>\n<p style=\"text-align: justify;\" data-sourcepos=\"7:1-7:286\">Al llegar al lugar, los elementos municipales contactaron al encargado de seguridad privada de una tienda de autoservicio, quien explic\u00f3 que una mujer hab\u00eda cruzado el \u00e1rea de cajas sin pagar diversos art\u00edculos con un valor de mil 300 pesos, intentando abandonar el establecimiento.<\/p>\n<p>&nbsp;<\/p>\n<p style=\"text-align: justify;\" data-sourcepos=\"9:1-9:231\">Dado que la mujer no pudo comprobar el pago de la mercanc\u00eda sustra\u00edda, fue detenida de inmediato. Posteriormente, fue puesta a disposici\u00f3n de la Fiscal\u00eda General del Estado de Quer\u00e9taro, donde se determinar\u00e1 su situaci\u00f3n legal.<\/p>\n<p>&nbsp;<\/p>\n<p style=\"text-align: center;\" data-sourcepos=\"9:1-9:231\"><em><strong>\u00a1Informaci\u00f3n que transforma!<\/strong><\/em><\/p>\n","protected":false},"excerpt":{"rendered":"<p>Agentes de la Guardia Municipal de Quer\u00e9taro lograron la detenci\u00f3n de una mujer en la colonia Juriquilla, acusada de robo en modalidad de farder\u00eda. La intervenci\u00f3n se dio tras una alerta recibida desde el Centro de Atenci\u00f3n de Emergencias (CAE) 9-1-1.<\/p>\n","protected":false},"author":3,"featured_media":15874,"comment_status":"open","ping_status":"open","sticky":false,"template":"","format":"standard","meta":{"footnotes":""},"categories":[137,58],"tags":[874,1822,4771,266],"class_list":["post-15873","post","type-post","status-publish","format-standard","has-post-thumbnail","hentry","category-sucesos","category-ultima-hora","tag-guardiamunicipal","tag-juriquilla","tag-robofarderia","tag-seguridadqueretaro"],"yoast_head":"<!-- This site is optimized with the Yoast SEO plugin v25.0 - https:\/\/yoast.com\/wordpress\/plugins\/seo\/ -->\n<title>Detienen a mujer por robo en tienda de autoservicio en Juriquilla | Nexo Informativo Santiago de Quer\u00e9taro<\/title>\n<meta name=\"description\" content=\"Detienen a mujer por robo en tienda de autoservicio en Juriquilla\" \/>\n<meta name=\"robots\" content=\"index, follow, max-snippet:-1, max-image-preview:large, max-video-preview:-1\" \/>\n<link rel=\"canonical\" href=\"https:\/\/www.nexoinformativo.mx\/index.php\/2025\/06\/12\/detienen-a-mujer-por-robo-en-tienda-de-autoservicio-en-juriquilla\/\" \/>\n<meta property=\"og:locale\" content=\"es_MX\" \/>\n<meta property=\"og:type\" content=\"article\" \/>\n<meta property=\"og:title\" content=\"Detienen a mujer por robo en tienda de autoservicio en Juriquilla | Nexo Informativo Santiago de Quer\u00e9taro\" \/>\n<meta property=\"og:description\" content=\"Detienen a mujer por robo en tienda de autoservicio en Juriquilla\" \/>\n<meta property=\"og:url\" content=\"https:\/\/www.nexoinformativo.mx\/index.php\/2025\/06\/12\/detienen-a-mujer-por-robo-en-tienda-de-autoservicio-en-juriquilla\/\" \/>\n<meta property=\"og:site_name\" content=\"Nexo Informativo Santiago de Quer\u00e9taro\" \/>\n<meta property=\"article:publisher\" content=\"https:\/\/www.facebook.com\/people\/Nexo-Informativo\/61564066885511\/\" \/>\n<meta property=\"article:published_time\" content=\"2025-06-12T21:00:07+00:00\" \/>\n<meta property=\"article:modified_time\" content=\"2025-06-13T00:34:23+00:00\" \/>\n<meta property=\"og:image\" content=\"https:\/\/www.nexoinformativo.mx\/wp-content\/uploads\/2025\/06\/IMG_3864-e1749774785211.jpg\" \/>\n\t<meta property=\"og:image:width\" content=\"800\" \/>\n\t<meta property=\"og:image:height\" content=\"378\" \/>\n\t<meta property=\"og:image:type\" content=\"image\/jpeg\" \/>\n<meta name=\"author\" content=\"Nexo Informativo\" \/>\n<meta name=\"twitter:card\" content=\"summary_large_image\" \/>\n<meta name=\"twitter:label1\" content=\"Escrito por\" \/>\n\t<meta name=\"twitter:data1\" content=\"Nexo Informativo\" \/>\n\t<meta name=\"twitter:label2\" content=\"Tiempo de lectura\" \/>\n\t<meta name=\"twitter:data2\" content=\"1 minuto\" \/>\n<script type=\"application\/ld+json\" class=\"yoast-schema-graph\">{\"@context\":\"https:\/\/schema.org\",\"@graph\":[{\"@type\":\"Article\",\"@id\":\"https:\/\/www.nexoinformativo.mx\/index.php\/2025\/06\/12\/detienen-a-mujer-por-robo-en-tienda-de-autoservicio-en-juriquilla\/#article\",\"isPartOf\":{\"@id\":\"https:\/\/www.nexoinformativo.mx\/index.php\/2025\/06\/12\/detienen-a-mujer-por-robo-en-tienda-de-autoservicio-en-juriquilla\/\"},\"author\":{\"name\":\"Nexo Informativo\",\"@id\":\"https:\/\/www.nexoinformativo.mx\/#\/schema\/person\/7749d380ba08c8ca00d7bc76fd907b7d\"},\"headline\":\"Detienen a mujer por robo en tienda de autoservicio en Juriquilla\",\"datePublished\":\"2025-06-12T21:00:07+00:00\",\"dateModified\":\"2025-06-13T00:34:23+00:00\",\"mainEntityOfPage\":{\"@id\":\"https:\/\/www.nexoinformativo.mx\/index.php\/2025\/06\/12\/detienen-a-mujer-por-robo-en-tienda-de-autoservicio-en-juriquilla\/\"},\"wordCount\":152,\"commentCount\":0,\"publisher\":{\"@id\":\"https:\/\/www.nexoinformativo.mx\/#organization\"},\"image\":{\"@id\":\"https:\/\/www.nexoinformativo.mx\/index.php\/2025\/06\/12\/detienen-a-mujer-por-robo-en-tienda-de-autoservicio-en-juriquilla\/#primaryimage\"},\"thumbnailUrl\":\"https:\/\/www.nexoinformativo.mx\/wp-content\/uploads\/2025\/06\/IMG_3864-e1749774785211.jpg\",\"keywords\":[\"GuardiaMunicipal\",\"Juriquilla\",\"RoboFarder\u00eda\",\"SeguridadQueretaro\"],\"articleSection\":[\"Sucesos\",\"\u00daltima Hora\"],\"inLanguage\":\"es\",\"potentialAction\":[{\"@type\":\"CommentAction\",\"name\":\"Comment\",\"target\":[\"https:\/\/www.nexoinformativo.mx\/index.php\/2025\/06\/12\/detienen-a-mujer-por-robo-en-tienda-de-autoservicio-en-juriquilla\/#respond\"]}]},{\"@type\":\"WebPage\",\"@id\":\"https:\/\/www.nexoinformativo.mx\/index.php\/2025\/06\/12\/detienen-a-mujer-por-robo-en-tienda-de-autoservicio-en-juriquilla\/\",\"url\":\"https:\/\/www.nexoinformativo.mx\/index.php\/2025\/06\/12\/detienen-a-mujer-por-robo-en-tienda-de-autoservicio-en-juriquilla\/\",\"name\":\"Detienen a mujer por robo en tienda de autoservicio en Juriquilla | Nexo Informativo Santiago de Quer\u00e9taro\",\"isPartOf\":{\"@id\":\"https:\/\/www.nexoinformativo.mx\/#website\"},\"primaryImageOfPage\":{\"@id\":\"https:\/\/www.nexoinformativo.mx\/index.php\/2025\/06\/12\/detienen-a-mujer-por-robo-en-tienda-de-autoservicio-en-juriquilla\/#primaryimage\"},\"image\":{\"@id\":\"https:\/\/www.nexoinformativo.mx\/index.php\/2025\/06\/12\/detienen-a-mujer-por-robo-en-tienda-de-autoservicio-en-juriquilla\/#primaryimage\"},\"thumbnailUrl\":\"https:\/\/www.nexoinformativo.mx\/wp-content\/uploads\/2025\/06\/IMG_3864-e1749774785211.jpg\",\"datePublished\":\"2025-06-12T21:00:07+00:00\",\"dateModified\":\"2025-06-13T00:34:23+00:00\",\"description\":\"Detienen a mujer por robo en tienda de autoservicio en Juriquilla\",\"breadcrumb\":{\"@id\":\"https:\/\/www.nexoinformativo.mx\/index.php\/2025\/06\/12\/detienen-a-mujer-por-robo-en-tienda-de-autoservicio-en-juriquilla\/#breadcrumb\"},\"inLanguage\":\"es\",\"potentialAction\":[{\"@type\":\"ReadAction\",\"target\":[\"https:\/\/www.nexoinformativo.mx\/index.php\/2025\/06\/12\/detienen-a-mujer-por-robo-en-tienda-de-autoservicio-en-juriquilla\/\"]}]},{\"@type\":\"ImageObject\",\"inLanguage\":\"es\",\"@id\":\"https:\/\/www.nexoinformativo.mx\/index.php\/2025\/06\/12\/detienen-a-mujer-por-robo-en-tienda-de-autoservicio-en-juriquilla\/#primaryimage\",\"url\":\"https:\/\/www.nexoinformativo.mx\/wp-content\/uploads\/2025\/06\/IMG_3864-e1749774785211.jpg\",\"contentUrl\":\"https:\/\/www.nexoinformativo.mx\/wp-content\/uploads\/2025\/06\/IMG_3864-e1749774785211.jpg\",\"width\":800,\"height\":378},{\"@type\":\"BreadcrumbList\",\"@id\":\"https:\/\/www.nexoinformativo.mx\/index.php\/2025\/06\/12\/detienen-a-mujer-por-robo-en-tienda-de-autoservicio-en-juriquilla\/#breadcrumb\",\"itemListElement\":[{\"@type\":\"ListItem\",\"position\":1,\"name\":\"Inicio\",\"item\":\"https:\/\/www.nexoinformativo.mx\/\"},{\"@type\":\"ListItem\",\"position\":2,\"name\":\"Detienen a mujer por robo en tienda de autoservicio en Juriquilla\"}]},{\"@type\":\"WebSite\",\"@id\":\"https:\/\/www.nexoinformativo.mx\/#website\",\"url\":\"https:\/\/www.nexoinformativo.mx\/\",\"name\":\"Nexo Informativo Santiago de Quer\u00e9taro\",\"description\":\"Explora NexoInformativo y convi\u00e9rtete en parte de una comunidad que valora el conocimiento y la verdad. Tu nexoinformativo es tu puente hacia una comprensi\u00f3n m\u00e1s profunda del mundo que te rodea.\",\"publisher\":{\"@id\":\"https:\/\/www.nexoinformativo.mx\/#organization\"},\"potentialAction\":[{\"@type\":\"SearchAction\",\"target\":{\"@type\":\"EntryPoint\",\"urlTemplate\":\"https:\/\/www.nexoinformativo.mx\/?s={search_term_string}\"},\"query-input\":{\"@type\":\"PropertyValueSpecification\",\"valueRequired\":true,\"valueName\":\"search_term_string\"}}],\"inLanguage\":\"es\"},{\"@type\":\"Organization\",\"@id\":\"https:\/\/www.nexoinformativo.mx\/#organization\",\"name\":\"Nexo Informativo Santiago de Quer\u00e9taro\",\"url\":\"https:\/\/www.nexoinformativo.mx\/\",\"logo\":{\"@type\":\"ImageObject\",\"inLanguage\":\"es\",\"@id\":\"https:\/\/www.nexoinformativo.mx\/#\/schema\/logo\/image\/\",\"url\":\"https:\/\/www.nexoinformativo.mx\/wp-content\/uploads\/2024\/07\/nexoi-trasparente-2.png\",\"contentUrl\":\"https:\/\/www.nexoinformativo.mx\/wp-content\/uploads\/2024\/07\/nexoi-trasparente-2.png\",\"width\":816,\"height\":339,\"caption\":\"Nexo Informativo Santiago de Quer\u00e9taro\"},\"image\":{\"@id\":\"https:\/\/www.nexoinformativo.mx\/#\/schema\/logo\/image\/\"},\"sameAs\":[\"https:\/\/www.facebook.com\/people\/Nexo-Informativo\/61564066885511\/\"]},{\"@type\":\"Person\",\"@id\":\"https:\/\/www.nexoinformativo.mx\/#\/schema\/person\/7749d380ba08c8ca00d7bc76fd907b7d\",\"name\":\"Nexo Informativo\",\"image\":{\"@type\":\"ImageObject\",\"inLanguage\":\"es\",\"@id\":\"https:\/\/www.nexoinformativo.mx\/#\/schema\/person\/image\/\",\"url\":\"https:\/\/secure.gravatar.com\/avatar\/dde2928154642a13d95f87ddf1ea9718fe2b46760a005c53e41ff5ad610704e6?s=96&d=mm&r=g\",\"contentUrl\":\"https:\/\/secure.gravatar.com\/avatar\/dde2928154642a13d95f87ddf1ea9718fe2b46760a005c53e41ff5ad610704e6?s=96&d=mm&r=g\",\"caption\":\"Nexo Informativo\"},\"url\":\"https:\/\/www.nexoinformativo.mx\/index.php\/author\/edicion\/\"}]}<\/script>\n<!-- \/ Yoast SEO plugin. -->","yoast_head_json":{"title":"Detienen a mujer por robo en tienda de autoservicio en Juriquilla | Nexo Informativo Santiago de Quer\u00e9taro","description":"Detienen a mujer por robo en tienda de autoservicio en Juriquilla","robots":{"index":"index","follow":"follow","max-snippet":"max-snippet:-1","max-image-preview":"max-image-preview:large","max-video-preview":"max-video-preview:-1"},"canonical":"https:\/\/www.nexoinformativo.mx\/index.php\/2025\/06\/12\/detienen-a-mujer-por-robo-en-tienda-de-autoservicio-en-juriquilla\/","og_locale":"es_MX","og_type":"article","og_title":"Detienen a mujer por robo en tienda de autoservicio en Juriquilla | Nexo Informativo Santiago de Quer\u00e9taro","og_description":"Detienen a mujer por robo en tienda de autoservicio en Juriquilla","og_url":"https:\/\/www.nexoinformativo.mx\/index.php\/2025\/06\/12\/detienen-a-mujer-por-robo-en-tienda-de-autoservicio-en-juriquilla\/","og_site_name":"Nexo Informativo Santiago de Quer\u00e9taro","article_publisher":"https:\/\/www.facebook.com\/people\/Nexo-Informativo\/61564066885511\/","article_published_time":"2025-06-12T21:00:07+00:00","article_modified_time":"2025-06-13T00:34:23+00:00","og_image":[{"width":800,"height":378,"url":"https:\/\/www.nexoinformativo.mx\/wp-content\/uploads\/2025\/06\/IMG_3864-e1749774785211.jpg","type":"image\/jpeg"}],"author":"Nexo Informativo","twitter_card":"summary_large_image","twitter_misc":{"Escrito por":"Nexo Informativo","Tiempo de lectura":"1 minuto"},"schema":{"@context":"https:\/\/schema.org","@graph":[{"@type":"Article","@id":"https:\/\/www.nexoinformativo.mx\/index.php\/2025\/06\/12\/detienen-a-mujer-por-robo-en-tienda-de-autoservicio-en-juriquilla\/#article","isPartOf":{"@id":"https:\/\/www.nexoinformativo.mx\/index.php\/2025\/06\/12\/detienen-a-mujer-por-robo-en-tienda-de-autoservicio-en-juriquilla\/"},"author":{"name":"Nexo Informativo","@id":"https:\/\/www.nexoinformativo.mx\/#\/schema\/person\/7749d380ba08c8ca00d7bc76fd907b7d"},"headline":"Detienen a mujer por robo en tienda de autoservicio en Juriquilla","datePublished":"2025-06-12T21:00:07+00:00","dateModified":"2025-06-13T00:34:23+00:00","mainEntityOfPage":{"@id":"https:\/\/www.nexoinformativo.mx\/index.php\/2025\/06\/12\/detienen-a-mujer-por-robo-en-tienda-de-autoservicio-en-juriquilla\/"},"wordCount":152,"commentCount":0,"publisher":{"@id":"https:\/\/www.nexoinformativo.mx\/#organization"},"image":{"@id":"https:\/\/www.nexoinformativo.mx\/index.php\/2025\/06\/12\/detienen-a-mujer-por-robo-en-tienda-de-autoservicio-en-juriquilla\/#primaryimage"},"thumbnailUrl":"https:\/\/www.nexoinformativo.mx\/wp-content\/uploads\/2025\/06\/IMG_3864-e1749774785211.jpg","keywords":["GuardiaMunicipal","Juriquilla","RoboFarder\u00eda","SeguridadQueretaro"],"articleSection":["Sucesos","\u00daltima Hora"],"inLanguage":"es","potentialAction":[{"@type":"CommentAction","name":"Comment","target":["https:\/\/www.nexoinformativo.mx\/index.php\/2025\/06\/12\/detienen-a-mujer-por-robo-en-tienda-de-autoservicio-en-juriquilla\/#respond"]}]},{"@type":"WebPage","@id":"https:\/\/www.nexoinformativo.mx\/index.php\/2025\/06\/12\/detienen-a-mujer-por-robo-en-tienda-de-autoservicio-en-juriquilla\/","url":"https:\/\/www.nexoinformativo.mx\/index.php\/2025\/06\/12\/detienen-a-mujer-por-robo-en-tienda-de-autoservicio-en-juriquilla\/","name":"Detienen a mujer por robo en tienda de autoservicio en Juriquilla | Nexo Informativo Santiago de Quer\u00e9taro","isPartOf":{"@id":"https:\/\/www.nexoinformativo.mx\/#website"},"primaryImageOfPage":{"@id":"https:\/\/www.nexoinformativo.mx\/index.php\/2025\/06\/12\/detienen-a-mujer-por-robo-en-tienda-de-autoservicio-en-juriquilla\/#primaryimage"},"image":{"@id":"https:\/\/www.nexoinformativo.mx\/index.php\/2025\/06\/12\/detienen-a-mujer-por-robo-en-tienda-de-autoservicio-en-juriquilla\/#primaryimage"},"thumbnailUrl":"https:\/\/www.nexoinformativo.mx\/wp-content\/uploads\/2025\/06\/IMG_3864-e1749774785211.jpg","datePublished":"2025-06-12T21:00:07+00:00","dateModified":"2025-06-13T00:34:23+00:00","description":"Detienen a mujer por robo en tienda de autoservicio en Juriquilla","breadcrumb":{"@id":"https:\/\/www.nexoinformativo.mx\/index.php\/2025\/06\/12\/detienen-a-mujer-por-robo-en-tienda-de-autoservicio-en-juriquilla\/#breadcrumb"},"inLanguage":"es","potentialAction":[{"@type":"ReadAction","target":["https:\/\/www.nexoinformativo.mx\/index.php\/2025\/06\/12\/detienen-a-mujer-por-robo-en-tienda-de-autoservicio-en-juriquilla\/"]}]},{"@type":"ImageObject","inLanguage":"es","@id":"https:\/\/www.nexoinformativo.mx\/index.php\/2025\/06\/12\/detienen-a-mujer-por-robo-en-tienda-de-autoservicio-en-juriquilla\/#primaryimage","url":"https:\/\/www.nexoinformativo.mx\/wp-content\/uploads\/2025\/06\/IMG_3864-e1749774785211.jpg","contentUrl":"https:\/\/www.nexoinformativo.mx\/wp-content\/uploads\/2025\/06\/IMG_3864-e1749774785211.jpg","width":800,"height":378},{"@type":"BreadcrumbList","@id":"https:\/\/www.nexoinformativo.mx\/index.php\/2025\/06\/12\/detienen-a-mujer-por-robo-en-tienda-de-autoservicio-en-juriquilla\/#breadcrumb","itemListElement":[{"@type":"ListItem","position":1,"name":"Inicio","item":"https:\/\/www.nexoinformativo.mx\/"},{"@type":"ListItem","position":2,"name":"Detienen a mujer por robo en tienda de autoservicio en Juriquilla"}]},{"@type":"WebSite","@id":"https:\/\/www.nexoinformativo.mx\/#website","url":"https:\/\/www.nexoinformativo.mx\/","name":"Nexo Informativo Santiago de Quer\u00e9taro","description":"Explora NexoInformativo y convi\u00e9rtete en parte de una comunidad que valora el conocimiento y la verdad. Tu nexoinformativo es tu puente hacia una comprensi\u00f3n m\u00e1s profunda del mundo que te rodea.","publisher":{"@id":"https:\/\/www.nexoinformativo.mx\/#organization"},"potentialAction":[{"@type":"SearchAction","target":{"@type":"EntryPoint","urlTemplate":"https:\/\/www.nexoinformativo.mx\/?s={search_term_string}"},"query-input":{"@type":"PropertyValueSpecification","valueRequired":true,"valueName":"search_term_string"}}],"inLanguage":"es"},{"@type":"Organization","@id":"https:\/\/www.nexoinformativo.mx\/#organization","name":"Nexo Informativo Santiago de Quer\u00e9taro","url":"https:\/\/www.nexoinformativo.mx\/","logo":{"@type":"ImageObject","inLanguage":"es","@id":"https:\/\/www.nexoinformativo.mx\/#\/schema\/logo\/image\/","url":"https:\/\/www.nexoinformativo.mx\/wp-content\/uploads\/2024\/07\/nexoi-trasparente-2.png","contentUrl":"https:\/\/www.nexoinformativo.mx\/wp-content\/uploads\/2024\/07\/nexoi-trasparente-2.png","width":816,"height":339,"caption":"Nexo Informativo Santiago de Quer\u00e9taro"},"image":{"@id":"https:\/\/www.nexoinformativo.mx\/#\/schema\/logo\/image\/"},"sameAs":["https:\/\/www.facebook.com\/people\/Nexo-Informativo\/61564066885511\/"]},{"@type":"Person","@id":"https:\/\/www.nexoinformativo.mx\/#\/schema\/person\/7749d380ba08c8ca00d7bc76fd907b7d","name":"Nexo Informativo","image":{"@type":"ImageObject","inLanguage":"es","@id":"https:\/\/www.nexoinformativo.mx\/#\/schema\/person\/image\/","url":"https:\/\/secure.gravatar.com\/avatar\/dde2928154642a13d95f87ddf1ea9718fe2b46760a005c53e41ff5ad610704e6?s=96&d=mm&r=g","contentUrl":"https:\/\/secure.gravatar.com\/avatar\/dde2928154642a13d95f87ddf1ea9718fe2b46760a005c53e41ff5ad610704e6?s=96&d=mm&r=g","caption":"Nexo Informativo"},"url":"https:\/\/www.nexoinformativo.mx\/index.php\/author\/edicion\/"}]}},"_links":{"self":[{"href":"https:\/\/www.nexoinformativo.mx\/index.php\/wp-json\/wp\/v2\/posts\/15873","targetHints":{"allow":["GET"]}}],"collection":[{"href":"https:\/\/www.nexoinformativo.mx\/index.php\/wp-json\/wp\/v2\/posts"}],"about":[{"href":"https:\/\/www.nexoinformativo.mx\/index.php\/wp-json\/wp\/v2\/types\/post"}],"author":[{"embeddable":true,"href":"https:\/\/www.nexoinformativo.mx\/index.php\/wp-json\/wp\/v2\/users\/3"}],"replies":[{"embeddable":true,"href":"https:\/\/www.nexoinformativo.mx\/index.php\/wp-json\/wp\/v2\/comments?post=15873"}],"version-history":[{"count":4,"href":"https:\/\/www.nexoinformativo.mx\/index.php\/wp-json\/wp\/v2\/posts\/15873\/revisions"}],"predecessor-version":[{"id":15878,"href":"https:\/\/www.nexoinformativo.mx\/index.php\/wp-json\/wp\/v2\/posts\/15873\/revisions\/15878"}],"wp:featuredmedia":[{"embeddable":true,"href":"https:\/\/www.nexoinformativo.mx\/index.php\/wp-json\/wp\/v2\/media\/15874"}],"wp:attachment":[{"href":"https:\/\/www.nexoinformativo.mx\/index.php\/wp-json\/wp\/v2\/media?parent=15873"}],"wp:term":[{"taxonomy":"category","embeddable":true,"href":"https:\/\/www.nexoinformativo.mx\/index.php\/wp-json\/wp\/v2\/categories?post=15873"},{"taxonomy":"post_tag","embeddable":true,"href":"https:\/\/www.nexoinformativo.mx\/index.php\/wp-json\/wp\/v2\/tags?post=15873"}],"curies":[{"name":"wp","href":"https:\/\/api.w.org\/{rel}","templated":true}]}}