{"id":15880,"date":"2025-06-16T12:00:15","date_gmt":"2025-06-16T18:00:15","guid":{"rendered":"https:\/\/www.nexoinformativo.mx\/?p=15880"},"modified":"2025-06-16T20:05:52","modified_gmt":"2025-06-17T02:05:52","slug":"infonavit-al-rescate-censadas-168-mil-viviendas-con-problemas-y-se-busca-regularizar-a-ocupantes","status":"publish","type":"post","link":"https:\/\/www.nexoinformativo.mx\/index.php\/2025\/06\/16\/infonavit-al-rescate-censadas-168-mil-viviendas-con-problemas-y-se-busca-regularizar-a-ocupantes\/","title":{"rendered":"Infonavit al rescate censadas 168 mil viviendas con problemas y se busca regularizar a ocupantes"},"content":{"rendered":"<p style=\"text-align: justify;\" data-sourcepos=\"5:1-5:377\">El Gobierno de M\u00e9xico, a trav\u00e9s del Infonavit, est\u00e1 realizando un censo de las 843 mil viviendas identificadas con problem\u00e1ticas en el pa\u00eds.<\/p>\n<\/p>\n<p>&nbsp;<\/p>\n<p style=\"text-align: justify;\" data-sourcepos=\"5:1-5:377\">Al 13 de junio, ya se han visitado 168 mil viviendas, lo que representa un avance del 20%. De estas, 145 mil est\u00e1n habitadas y 23 mil se encuentran deshabitadas o vandalizadas.<\/p>\n<\/p>\n<p>&nbsp;<\/p>\n<p style=\"text-align: justify;\" data-sourcepos=\"7:1-7:443\">En la conferencia matutina, encabezada por la secretaria de Gobernaci\u00f3n, Rosa Icela Rodr\u00edguez Vel\u00e1zquez, el director del Infonavit, Octavio Romero, precis\u00f3 que las viviendas abandonadas ser\u00e1n rehabilitadas.<\/p>\n<\/p>\n<p>&nbsp;<\/p>\n<p style=\"text-align: justify;\" data-sourcepos=\"7:1-7:443\">El objetivo, por instrucciones de la Presidenta, es regularizar a las personas que actualmente las ocupan, aunque no sean derechohabientes, ofreci\u00e9ndoles un esquema de arrendamiento con opci\u00f3n a compra.<\/p>\n<\/p>\n<p>&nbsp;<\/p>\n<p style=\"text-align: justify;\" data-sourcepos=\"9:1-9:235\">Adem\u00e1s, Romero Oropeza inform\u00f3 sobre las acciones contra la corrupci\u00f3n dentro del Infonavit: se han presentado 150 denuncias ante la Fiscal\u00eda General de la Rep\u00fablica (FGR) y se ha rescindido a 22 trabajadores por actos irregulares.<\/p>\n<\/p>\n<p>&nbsp;<\/p>\n<p style=\"text-align: justify;\" data-sourcepos=\"17:1-17:262\">Rodrigo Ch\u00e1vez Contreras, director general de la Conavi, explic\u00f3 que la comisi\u00f3n cuenta con 222 predios que suman 688 hect\u00e1reas para una proyecci\u00f3n de 90 mil 140 viviendas. La convocatoria y el registro de solicitudes se abrir\u00e1n en julio, agosto y diciembre.<\/p>\n<\/p>\n<p>&nbsp;<\/p>\n<p style=\"text-align: justify;\" data-sourcepos=\"19:1-19:281\">El director del Infonavit, Octavio Romero, a\u00f1adi\u00f3 que se han liberado 133 mil escrituras de una meta de 333 mil. Respecto al programa Vivienda para el Bienestar, el objetivo es tener 111 mil 592 viviendas para el 31 de agosto, con contratos ya firmados para 61 mil 958.<\/p>\n<\/p>\n<p>&nbsp;<\/p>\n<p style=\"text-align: justify;\" data-sourcepos=\"21:1-21:210\">En un esfuerzo por apoyar a los derechohabientes, ya se han beneficiado a 915 mil de los 4 millones 155 mil con cr\u00e9ditos impagables, a quienes se les ha aplicado disminuci\u00f3n de tasa, mensualidades y saldos.<\/p>\n<\/p>\n<p>&nbsp;<\/p>\n<p style=\"text-align: justify;\" data-sourcepos=\"23:1-23:318\">Por su parte, Jos\u00e9 Alfonso Iracheta Carroll, director general del Instituto Nacional del Suelo Sustentable (INSUS), destac\u00f3 que ya se rebas\u00f3 la meta anual de regularizar 120 mil escrituras, alcanzando las 168 mil regularizaciones (10 mil del INSUS, 25 mil del FOVISSSTE y 133 mil del Infonavit).<\/p>\n<\/p>\n<p>&nbsp;<\/p>\n<p style=\"text-align: justify;\" data-sourcepos=\"25:1-25:572\">Finalmente, Jabnely Maldonado, vocal ejecutiva del FOVISSSTE, detall\u00f3 los apoyos a trabajadores del estado: se ha beneficiado al 100% de los pensionados y jubilados con liquidaciones, condonaci\u00f3n de intereses y ajustes.<\/p>\n<\/p>\n<p>&nbsp;<\/p>\n<p style=\"text-align: center;\" data-sourcepos=\"25:1-25:572\"><em><strong>\u00a1Informaci\u00f3n que transforma!<\/strong><\/em><\/p>\n","protected":false},"excerpt":{"rendered":"<p>El Gobierno de M\u00e9xico, a trav\u00e9s del Infonavit, est\u00e1 realizando un censo de las 843 mil viviendas identificadas con problem\u00e1ticas en el pa\u00eds.<\/p>\n","protected":false},"author":3,"featured_media":15881,"comment_status":"open","ping_status":"open","sticky":false,"template":"","format":"standard","meta":{"footnotes":""},"categories":[88,58],"tags":[4772,176,1854,2045],"class_list":["post-15880","post","type-post","status-publish","format-standard","has-post-thumbnail","hentry","category-nacional","category-ultima-hora","tag-casasmexico","tag-infonavit","tag-programassociales","tag-viviendaparaelbienestar"],"yoast_head":"<!-- This site is optimized with the Yoast SEO plugin v25.0 - https:\/\/yoast.com\/wordpress\/plugins\/seo\/ -->\n<title>Infonavit al rescate censadas 168 mil viviendas con problemas y se busca regularizar a ocupantes | Nexo Informativo Santiago de Quer\u00e9taro<\/title>\n<meta name=\"description\" content=\"Infonavit al rescate censadas 168 mil viviendas con problemas y se busca regularizar a ocupantes\" \/>\n<meta name=\"robots\" content=\"index, follow, max-snippet:-1, max-image-preview:large, max-video-preview:-1\" \/>\n<link rel=\"canonical\" href=\"https:\/\/www.nexoinformativo.mx\/index.php\/2025\/06\/16\/infonavit-al-rescate-censadas-168-mil-viviendas-con-problemas-y-se-busca-regularizar-a-ocupantes\/\" \/>\n<meta property=\"og:locale\" content=\"es_MX\" \/>\n<meta property=\"og:type\" content=\"article\" \/>\n<meta property=\"og:title\" content=\"Infonavit al rescate censadas 168 mil viviendas con problemas y se busca regularizar a ocupantes | Nexo Informativo Santiago de Quer\u00e9taro\" \/>\n<meta property=\"og:description\" content=\"Infonavit al rescate censadas 168 mil viviendas con problemas y se busca regularizar a ocupantes\" \/>\n<meta property=\"og:url\" content=\"https:\/\/www.nexoinformativo.mx\/index.php\/2025\/06\/16\/infonavit-al-rescate-censadas-168-mil-viviendas-con-problemas-y-se-busca-regularizar-a-ocupantes\/\" \/>\n<meta property=\"og:site_name\" content=\"Nexo Informativo Santiago de Quer\u00e9taro\" \/>\n<meta property=\"article:publisher\" content=\"https:\/\/www.facebook.com\/people\/Nexo-Informativo\/61564066885511\/\" \/>\n<meta property=\"article:published_time\" content=\"2025-06-16T18:00:15+00:00\" \/>\n<meta property=\"article:modified_time\" content=\"2025-06-17T02:05:52+00:00\" \/>\n<meta property=\"og:image\" content=\"https:\/\/www.nexoinformativo.mx\/wp-content\/uploads\/2025\/06\/IMG_4034.jpg\" \/>\n\t<meta property=\"og:image:width\" content=\"650\" \/>\n\t<meta property=\"og:image:height\" content=\"380\" \/>\n\t<meta property=\"og:image:type\" content=\"image\/jpeg\" \/>\n<meta name=\"author\" content=\"Nexo Informativo\" \/>\n<meta name=\"twitter:card\" content=\"summary_large_image\" \/>\n<meta name=\"twitter:label1\" content=\"Escrito por\" \/>\n\t<meta name=\"twitter:data1\" content=\"Nexo Informativo\" \/>\n\t<meta name=\"twitter:label2\" content=\"Tiempo de lectura\" \/>\n\t<meta name=\"twitter:data2\" content=\"2 minutos\" \/>\n<script type=\"application\/ld+json\" class=\"yoast-schema-graph\">{\"@context\":\"https:\/\/schema.org\",\"@graph\":[{\"@type\":\"Article\",\"@id\":\"https:\/\/www.nexoinformativo.mx\/index.php\/2025\/06\/16\/infonavit-al-rescate-censadas-168-mil-viviendas-con-problemas-y-se-busca-regularizar-a-ocupantes\/#article\",\"isPartOf\":{\"@id\":\"https:\/\/www.nexoinformativo.mx\/index.php\/2025\/06\/16\/infonavit-al-rescate-censadas-168-mil-viviendas-con-problemas-y-se-busca-regularizar-a-ocupantes\/\"},\"author\":{\"name\":\"Nexo Informativo\",\"@id\":\"https:\/\/www.nexoinformativo.mx\/#\/schema\/person\/7749d380ba08c8ca00d7bc76fd907b7d\"},\"headline\":\"Infonavit al rescate censadas 168 mil viviendas con problemas y se busca regularizar a ocupantes\",\"datePublished\":\"2025-06-16T18:00:15+00:00\",\"dateModified\":\"2025-06-17T02:05:52+00:00\",\"mainEntityOfPage\":{\"@id\":\"https:\/\/www.nexoinformativo.mx\/index.php\/2025\/06\/16\/infonavit-al-rescate-censadas-168-mil-viviendas-con-problemas-y-se-busca-regularizar-a-ocupantes\/\"},\"wordCount\":375,\"commentCount\":0,\"publisher\":{\"@id\":\"https:\/\/www.nexoinformativo.mx\/#organization\"},\"image\":{\"@id\":\"https:\/\/www.nexoinformativo.mx\/index.php\/2025\/06\/16\/infonavit-al-rescate-censadas-168-mil-viviendas-con-problemas-y-se-busca-regularizar-a-ocupantes\/#primaryimage\"},\"thumbnailUrl\":\"https:\/\/www.nexoinformativo.mx\/wp-content\/uploads\/2025\/06\/IMG_4034.jpg\",\"keywords\":[\"CasasM\u00e9xico\",\"Infonavit\",\"ProgramasSociales\",\"ViviendaParaElBienestar\"],\"articleSection\":[\"Nacional\",\"\u00daltima Hora\"],\"inLanguage\":\"es\",\"potentialAction\":[{\"@type\":\"CommentAction\",\"name\":\"Comment\",\"target\":[\"https:\/\/www.nexoinformativo.mx\/index.php\/2025\/06\/16\/infonavit-al-rescate-censadas-168-mil-viviendas-con-problemas-y-se-busca-regularizar-a-ocupantes\/#respond\"]}]},{\"@type\":\"WebPage\",\"@id\":\"https:\/\/www.nexoinformativo.mx\/index.php\/2025\/06\/16\/infonavit-al-rescate-censadas-168-mil-viviendas-con-problemas-y-se-busca-regularizar-a-ocupantes\/\",\"url\":\"https:\/\/www.nexoinformativo.mx\/index.php\/2025\/06\/16\/infonavit-al-rescate-censadas-168-mil-viviendas-con-problemas-y-se-busca-regularizar-a-ocupantes\/\",\"name\":\"Infonavit al rescate censadas 168 mil viviendas con problemas y se busca regularizar a ocupantes | Nexo Informativo Santiago de Quer\u00e9taro\",\"isPartOf\":{\"@id\":\"https:\/\/www.nexoinformativo.mx\/#website\"},\"primaryImageOfPage\":{\"@id\":\"https:\/\/www.nexoinformativo.mx\/index.php\/2025\/06\/16\/infonavit-al-rescate-censadas-168-mil-viviendas-con-problemas-y-se-busca-regularizar-a-ocupantes\/#primaryimage\"},\"image\":{\"@id\":\"https:\/\/www.nexoinformativo.mx\/index.php\/2025\/06\/16\/infonavit-al-rescate-censadas-168-mil-viviendas-con-problemas-y-se-busca-regularizar-a-ocupantes\/#primaryimage\"},\"thumbnailUrl\":\"https:\/\/www.nexoinformativo.mx\/wp-content\/uploads\/2025\/06\/IMG_4034.jpg\",\"datePublished\":\"2025-06-16T18:00:15+00:00\",\"dateModified\":\"2025-06-17T02:05:52+00:00\",\"description\":\"Infonavit al rescate censadas 168 mil viviendas con problemas y se busca regularizar a ocupantes\",\"breadcrumb\":{\"@id\":\"https:\/\/www.nexoinformativo.mx\/index.php\/2025\/06\/16\/infonavit-al-rescate-censadas-168-mil-viviendas-con-problemas-y-se-busca-regularizar-a-ocupantes\/#breadcrumb\"},\"inLanguage\":\"es\",\"potentialAction\":[{\"@type\":\"ReadAction\",\"target\":[\"https:\/\/www.nexoinformativo.mx\/index.php\/2025\/06\/16\/infonavit-al-rescate-censadas-168-mil-viviendas-con-problemas-y-se-busca-regularizar-a-ocupantes\/\"]}]},{\"@type\":\"ImageObject\",\"inLanguage\":\"es\",\"@id\":\"https:\/\/www.nexoinformativo.mx\/index.php\/2025\/06\/16\/infonavit-al-rescate-censadas-168-mil-viviendas-con-problemas-y-se-busca-regularizar-a-ocupantes\/#primaryimage\",\"url\":\"https:\/\/www.nexoinformativo.mx\/wp-content\/uploads\/2025\/06\/IMG_4034.jpg\",\"contentUrl\":\"https:\/\/www.nexoinformativo.mx\/wp-content\/uploads\/2025\/06\/IMG_4034.jpg\",\"width\":650,\"height\":380},{\"@type\":\"BreadcrumbList\",\"@id\":\"https:\/\/www.nexoinformativo.mx\/index.php\/2025\/06\/16\/infonavit-al-rescate-censadas-168-mil-viviendas-con-problemas-y-se-busca-regularizar-a-ocupantes\/#breadcrumb\",\"itemListElement\":[{\"@type\":\"ListItem\",\"position\":1,\"name\":\"Inicio\",\"item\":\"https:\/\/www.nexoinformativo.mx\/\"},{\"@type\":\"ListItem\",\"position\":2,\"name\":\"Infonavit al rescate censadas 168 mil viviendas con problemas y se busca regularizar a ocupantes\"}]},{\"@type\":\"WebSite\",\"@id\":\"https:\/\/www.nexoinformativo.mx\/#website\",\"url\":\"https:\/\/www.nexoinformativo.mx\/\",\"name\":\"Nexo Informativo Santiago de Quer\u00e9taro\",\"description\":\"Explora NexoInformativo y convi\u00e9rtete en parte de una comunidad que valora el conocimiento y la verdad. Tu nexoinformativo es tu puente hacia una comprensi\u00f3n m\u00e1s profunda del mundo que te rodea.\",\"publisher\":{\"@id\":\"https:\/\/www.nexoinformativo.mx\/#organization\"},\"potentialAction\":[{\"@type\":\"SearchAction\",\"target\":{\"@type\":\"EntryPoint\",\"urlTemplate\":\"https:\/\/www.nexoinformativo.mx\/?s={search_term_string}\"},\"query-input\":{\"@type\":\"PropertyValueSpecification\",\"valueRequired\":true,\"valueName\":\"search_term_string\"}}],\"inLanguage\":\"es\"},{\"@type\":\"Organization\",\"@id\":\"https:\/\/www.nexoinformativo.mx\/#organization\",\"name\":\"Nexo Informativo Santiago de Quer\u00e9taro\",\"url\":\"https:\/\/www.nexoinformativo.mx\/\",\"logo\":{\"@type\":\"ImageObject\",\"inLanguage\":\"es\",\"@id\":\"https:\/\/www.nexoinformativo.mx\/#\/schema\/logo\/image\/\",\"url\":\"https:\/\/www.nexoinformativo.mx\/wp-content\/uploads\/2024\/07\/nexoi-trasparente-2.png\",\"contentUrl\":\"https:\/\/www.nexoinformativo.mx\/wp-content\/uploads\/2024\/07\/nexoi-trasparente-2.png\",\"width\":816,\"height\":339,\"caption\":\"Nexo Informativo Santiago de Quer\u00e9taro\"},\"image\":{\"@id\":\"https:\/\/www.nexoinformativo.mx\/#\/schema\/logo\/image\/\"},\"sameAs\":[\"https:\/\/www.facebook.com\/people\/Nexo-Informativo\/61564066885511\/\"]},{\"@type\":\"Person\",\"@id\":\"https:\/\/www.nexoinformativo.mx\/#\/schema\/person\/7749d380ba08c8ca00d7bc76fd907b7d\",\"name\":\"Nexo Informativo\",\"image\":{\"@type\":\"ImageObject\",\"inLanguage\":\"es\",\"@id\":\"https:\/\/www.nexoinformativo.mx\/#\/schema\/person\/image\/\",\"url\":\"https:\/\/secure.gravatar.com\/avatar\/dde2928154642a13d95f87ddf1ea9718fe2b46760a005c53e41ff5ad610704e6?s=96&d=mm&r=g\",\"contentUrl\":\"https:\/\/secure.gravatar.com\/avatar\/dde2928154642a13d95f87ddf1ea9718fe2b46760a005c53e41ff5ad610704e6?s=96&d=mm&r=g\",\"caption\":\"Nexo Informativo\"},\"url\":\"https:\/\/www.nexoinformativo.mx\/index.php\/author\/edicion\/\"}]}<\/script>\n<!-- \/ Yoast SEO plugin. -->","yoast_head_json":{"title":"Infonavit al rescate censadas 168 mil viviendas con problemas y se busca regularizar a ocupantes | Nexo Informativo Santiago de Quer\u00e9taro","description":"Infonavit al rescate censadas 168 mil viviendas con problemas y se busca regularizar a ocupantes","robots":{"index":"index","follow":"follow","max-snippet":"max-snippet:-1","max-image-preview":"max-image-preview:large","max-video-preview":"max-video-preview:-1"},"canonical":"https:\/\/www.nexoinformativo.mx\/index.php\/2025\/06\/16\/infonavit-al-rescate-censadas-168-mil-viviendas-con-problemas-y-se-busca-regularizar-a-ocupantes\/","og_locale":"es_MX","og_type":"article","og_title":"Infonavit al rescate censadas 168 mil viviendas con problemas y se busca regularizar a ocupantes | Nexo Informativo Santiago de Quer\u00e9taro","og_description":"Infonavit al rescate censadas 168 mil viviendas con problemas y se busca regularizar a ocupantes","og_url":"https:\/\/www.nexoinformativo.mx\/index.php\/2025\/06\/16\/infonavit-al-rescate-censadas-168-mil-viviendas-con-problemas-y-se-busca-regularizar-a-ocupantes\/","og_site_name":"Nexo Informativo Santiago de Quer\u00e9taro","article_publisher":"https:\/\/www.facebook.com\/people\/Nexo-Informativo\/61564066885511\/","article_published_time":"2025-06-16T18:00:15+00:00","article_modified_time":"2025-06-17T02:05:52+00:00","og_image":[{"width":650,"height":380,"url":"https:\/\/www.nexoinformativo.mx\/wp-content\/uploads\/2025\/06\/IMG_4034.jpg","type":"image\/jpeg"}],"author":"Nexo Informativo","twitter_card":"summary_large_image","twitter_misc":{"Escrito por":"Nexo Informativo","Tiempo de lectura":"2 minutos"},"schema":{"@context":"https:\/\/schema.org","@graph":[{"@type":"Article","@id":"https:\/\/www.nexoinformativo.mx\/index.php\/2025\/06\/16\/infonavit-al-rescate-censadas-168-mil-viviendas-con-problemas-y-se-busca-regularizar-a-ocupantes\/#article","isPartOf":{"@id":"https:\/\/www.nexoinformativo.mx\/index.php\/2025\/06\/16\/infonavit-al-rescate-censadas-168-mil-viviendas-con-problemas-y-se-busca-regularizar-a-ocupantes\/"},"author":{"name":"Nexo Informativo","@id":"https:\/\/www.nexoinformativo.mx\/#\/schema\/person\/7749d380ba08c8ca00d7bc76fd907b7d"},"headline":"Infonavit al rescate censadas 168 mil viviendas con problemas y se busca regularizar a ocupantes","datePublished":"2025-06-16T18:00:15+00:00","dateModified":"2025-06-17T02:05:52+00:00","mainEntityOfPage":{"@id":"https:\/\/www.nexoinformativo.mx\/index.php\/2025\/06\/16\/infonavit-al-rescate-censadas-168-mil-viviendas-con-problemas-y-se-busca-regularizar-a-ocupantes\/"},"wordCount":375,"commentCount":0,"publisher":{"@id":"https:\/\/www.nexoinformativo.mx\/#organization"},"image":{"@id":"https:\/\/www.nexoinformativo.mx\/index.php\/2025\/06\/16\/infonavit-al-rescate-censadas-168-mil-viviendas-con-problemas-y-se-busca-regularizar-a-ocupantes\/#primaryimage"},"thumbnailUrl":"https:\/\/www.nexoinformativo.mx\/wp-content\/uploads\/2025\/06\/IMG_4034.jpg","keywords":["CasasM\u00e9xico","Infonavit","ProgramasSociales","ViviendaParaElBienestar"],"articleSection":["Nacional","\u00daltima Hora"],"inLanguage":"es","potentialAction":[{"@type":"CommentAction","name":"Comment","target":["https:\/\/www.nexoinformativo.mx\/index.php\/2025\/06\/16\/infonavit-al-rescate-censadas-168-mil-viviendas-con-problemas-y-se-busca-regularizar-a-ocupantes\/#respond"]}]},{"@type":"WebPage","@id":"https:\/\/www.nexoinformativo.mx\/index.php\/2025\/06\/16\/infonavit-al-rescate-censadas-168-mil-viviendas-con-problemas-y-se-busca-regularizar-a-ocupantes\/","url":"https:\/\/www.nexoinformativo.mx\/index.php\/2025\/06\/16\/infonavit-al-rescate-censadas-168-mil-viviendas-con-problemas-y-se-busca-regularizar-a-ocupantes\/","name":"Infonavit al rescate censadas 168 mil viviendas con problemas y se busca regularizar a ocupantes | Nexo Informativo Santiago de Quer\u00e9taro","isPartOf":{"@id":"https:\/\/www.nexoinformativo.mx\/#website"},"primaryImageOfPage":{"@id":"https:\/\/www.nexoinformativo.mx\/index.php\/2025\/06\/16\/infonavit-al-rescate-censadas-168-mil-viviendas-con-problemas-y-se-busca-regularizar-a-ocupantes\/#primaryimage"},"image":{"@id":"https:\/\/www.nexoinformativo.mx\/index.php\/2025\/06\/16\/infonavit-al-rescate-censadas-168-mil-viviendas-con-problemas-y-se-busca-regularizar-a-ocupantes\/#primaryimage"},"thumbnailUrl":"https:\/\/www.nexoinformativo.mx\/wp-content\/uploads\/2025\/06\/IMG_4034.jpg","datePublished":"2025-06-16T18:00:15+00:00","dateModified":"2025-06-17T02:05:52+00:00","description":"Infonavit al rescate censadas 168 mil viviendas con problemas y se busca regularizar a ocupantes","breadcrumb":{"@id":"https:\/\/www.nexoinformativo.mx\/index.php\/2025\/06\/16\/infonavit-al-rescate-censadas-168-mil-viviendas-con-problemas-y-se-busca-regularizar-a-ocupantes\/#breadcrumb"},"inLanguage":"es","potentialAction":[{"@type":"ReadAction","target":["https:\/\/www.nexoinformativo.mx\/index.php\/2025\/06\/16\/infonavit-al-rescate-censadas-168-mil-viviendas-con-problemas-y-se-busca-regularizar-a-ocupantes\/"]}]},{"@type":"ImageObject","inLanguage":"es","@id":"https:\/\/www.nexoinformativo.mx\/index.php\/2025\/06\/16\/infonavit-al-rescate-censadas-168-mil-viviendas-con-problemas-y-se-busca-regularizar-a-ocupantes\/#primaryimage","url":"https:\/\/www.nexoinformativo.mx\/wp-content\/uploads\/2025\/06\/IMG_4034.jpg","contentUrl":"https:\/\/www.nexoinformativo.mx\/wp-content\/uploads\/2025\/06\/IMG_4034.jpg","width":650,"height":380},{"@type":"BreadcrumbList","@id":"https:\/\/www.nexoinformativo.mx\/index.php\/2025\/06\/16\/infonavit-al-rescate-censadas-168-mil-viviendas-con-problemas-y-se-busca-regularizar-a-ocupantes\/#breadcrumb","itemListElement":[{"@type":"ListItem","position":1,"name":"Inicio","item":"https:\/\/www.nexoinformativo.mx\/"},{"@type":"ListItem","position":2,"name":"Infonavit al rescate censadas 168 mil viviendas con problemas y se busca regularizar a ocupantes"}]},{"@type":"WebSite","@id":"https:\/\/www.nexoinformativo.mx\/#website","url":"https:\/\/www.nexoinformativo.mx\/","name":"Nexo Informativo Santiago de Quer\u00e9taro","description":"Explora NexoInformativo y convi\u00e9rtete en parte de una comunidad que valora el conocimiento y la verdad. Tu nexoinformativo es tu puente hacia una comprensi\u00f3n m\u00e1s profunda del mundo que te rodea.","publisher":{"@id":"https:\/\/www.nexoinformativo.mx\/#organization"},"potentialAction":[{"@type":"SearchAction","target":{"@type":"EntryPoint","urlTemplate":"https:\/\/www.nexoinformativo.mx\/?s={search_term_string}"},"query-input":{"@type":"PropertyValueSpecification","valueRequired":true,"valueName":"search_term_string"}}],"inLanguage":"es"},{"@type":"Organization","@id":"https:\/\/www.nexoinformativo.mx\/#organization","name":"Nexo Informativo Santiago de Quer\u00e9taro","url":"https:\/\/www.nexoinformativo.mx\/","logo":{"@type":"ImageObject","inLanguage":"es","@id":"https:\/\/www.nexoinformativo.mx\/#\/schema\/logo\/image\/","url":"https:\/\/www.nexoinformativo.mx\/wp-content\/uploads\/2024\/07\/nexoi-trasparente-2.png","contentUrl":"https:\/\/www.nexoinformativo.mx\/wp-content\/uploads\/2024\/07\/nexoi-trasparente-2.png","width":816,"height":339,"caption":"Nexo Informativo Santiago de Quer\u00e9taro"},"image":{"@id":"https:\/\/www.nexoinformativo.mx\/#\/schema\/logo\/image\/"},"sameAs":["https:\/\/www.facebook.com\/people\/Nexo-Informativo\/61564066885511\/"]},{"@type":"Person","@id":"https:\/\/www.nexoinformativo.mx\/#\/schema\/person\/7749d380ba08c8ca00d7bc76fd907b7d","name":"Nexo Informativo","image":{"@type":"ImageObject","inLanguage":"es","@id":"https:\/\/www.nexoinformativo.mx\/#\/schema\/person\/image\/","url":"https:\/\/secure.gravatar.com\/avatar\/dde2928154642a13d95f87ddf1ea9718fe2b46760a005c53e41ff5ad610704e6?s=96&d=mm&r=g","contentUrl":"https:\/\/secure.gravatar.com\/avatar\/dde2928154642a13d95f87ddf1ea9718fe2b46760a005c53e41ff5ad610704e6?s=96&d=mm&r=g","caption":"Nexo Informativo"},"url":"https:\/\/www.nexoinformativo.mx\/index.php\/author\/edicion\/"}]}},"_links":{"self":[{"href":"https:\/\/www.nexoinformativo.mx\/index.php\/wp-json\/wp\/v2\/posts\/15880","targetHints":{"allow":["GET"]}}],"collection":[{"href":"https:\/\/www.nexoinformativo.mx\/index.php\/wp-json\/wp\/v2\/posts"}],"about":[{"href":"https:\/\/www.nexoinformativo.mx\/index.php\/wp-json\/wp\/v2\/types\/post"}],"author":[{"embeddable":true,"href":"https:\/\/www.nexoinformativo.mx\/index.php\/wp-json\/wp\/v2\/users\/3"}],"replies":[{"embeddable":true,"href":"https:\/\/www.nexoinformativo.mx\/index.php\/wp-json\/wp\/v2\/comments?post=15880"}],"version-history":[{"count":3,"href":"https:\/\/www.nexoinformativo.mx\/index.php\/wp-json\/wp\/v2\/posts\/15880\/revisions"}],"predecessor-version":[{"id":15884,"href":"https:\/\/www.nexoinformativo.mx\/index.php\/wp-json\/wp\/v2\/posts\/15880\/revisions\/15884"}],"wp:featuredmedia":[{"embeddable":true,"href":"https:\/\/www.nexoinformativo.mx\/index.php\/wp-json\/wp\/v2\/media\/15881"}],"wp:attachment":[{"href":"https:\/\/www.nexoinformativo.mx\/index.php\/wp-json\/wp\/v2\/media?parent=15880"}],"wp:term":[{"taxonomy":"category","embeddable":true,"href":"https:\/\/www.nexoinformativo.mx\/index.php\/wp-json\/wp\/v2\/categories?post=15880"},{"taxonomy":"post_tag","embeddable":true,"href":"https:\/\/www.nexoinformativo.mx\/index.php\/wp-json\/wp\/v2\/tags?post=15880"}],"curies":[{"name":"wp","href":"https:\/\/api.w.org\/{rel}","templated":true}]}}