{"id":15890,"date":"2025-06-16T14:00:40","date_gmt":"2025-06-16T20:00:40","guid":{"rendered":"https:\/\/www.nexoinformativo.mx\/?p=15890"},"modified":"2025-06-16T20:25:43","modified_gmt":"2025-06-17T02:25:43","slug":"mexico-te-abraza-concreta-mas-de-236-mil-servicios-a-connacionales-repatriados","status":"publish","type":"post","link":"https:\/\/www.nexoinformativo.mx\/index.php\/2025\/06\/16\/mexico-te-abraza-concreta-mas-de-236-mil-servicios-a-connacionales-repatriados\/","title":{"rendered":"\u201cM\u00e9xico te abraza\u201d concreta m\u00e1s de 236 mil servicios a connacionales repatriados"},"content":{"rendered":"<p style=\"text-align: justify;\" data-sourcepos=\"5:1-5:471\">La estrategia \u201cM\u00e9xico te Abraza\u201d ha brindado un apoyo fundamental a miles de connacionales repatriados, sumando un total de 236 mil 818 servicios desde el 21 de enero a la fecha.<\/p>\n<\/p>\n<p>&nbsp;<\/p>\n<p style=\"text-align: justify;\" data-sourcepos=\"5:1-5:471\">As\u00ed lo inform\u00f3 Arturo Medina, subsecretario de Derechos Humanos, Poblaci\u00f3n y Migraci\u00f3n, durante la Conferencia del Pueblo de la Presidenta Sheinbaum, en esta ocasi\u00f3n a cargo de la secretaria de Gobernaci\u00f3n, Rosa Icela Rodr\u00edguez.<\/p>\n<\/p>\n<p>&nbsp;<\/p>\n<p style=\"text-align: justify;\" data-sourcepos=\"7:1-7:440\">Medina detall\u00f3 que m\u00e1s de 24 mil 082 paisanas y paisanos han sido recibidos en los diez centros de atenci\u00f3n fronterizos, donde pueden encontrar alojamiento si as\u00ed lo deciden. Desde el 20 de enero, un total de 56 mil 298 connacionales han regresado a M\u00e9xico desde Estados Unidos, con 12 mil 183 de ellos llegando por v\u00eda a\u00e9rea a los aeropuertos de Santa Luc\u00eda (AIFA), Villahermosa y Tapachula. Todos reciben su carta de repatriaci\u00f3n.<\/p>\n<\/p>\n<p>&nbsp;<\/p>\n<p style=\"text-align: justify;\" data-sourcepos=\"9:1-9:185\">El subsecretario anunci\u00f3 que los centros de atenci\u00f3n de Nuevo Laredo y Nuevo Le\u00f3n se encuentran en proceso de reubicaci\u00f3n a Tapachula, Chiapas, y Villahermosa, Tabasco, respectivamente.<\/p>\n<\/p>\n<p>&nbsp;<\/p>\n<p style=\"text-align: justify;\" data-sourcepos=\"17:1-17:318\">Adem\u00e1s, m\u00e1s de 19 mil 282 personas recibieron una Tarjeta Bienestar Paisano con 2 mil pesos para sus gastos de traslado. Tambi\u00e9n se ha logrado la afiliaci\u00f3n de m\u00e1s de 34 mil 918 personas al Instituto Mexicano del Seguro Social (IMSS), gracias a un decreto que extiende esta prestaci\u00f3n por razones humanitarias.<\/p>\n<\/p>\n<p>&nbsp;<\/p>\n<p style=\"text-align: justify;\" data-sourcepos=\"25:1-25:419\">El subsecretario Medina destac\u00f3 que, hasta el momento, no se ha registrado ning\u00fan incidente de riesgo en los centros de atenci\u00f3n, los cuales son monitoreados las 24 horas, los siete d\u00edas de la semana.<\/p>\n<\/p>\n<p>&nbsp;<\/p>\n<p style=\"text-align: justify;\" data-sourcepos=\"27:1-27:279\">Las personas repatriadas v\u00eda terrestre que deciden no acudir a los centros de atenci\u00f3n tambi\u00e9n son recibidas con calidez y humanismo, recibiendo su carta de repatriaci\u00f3n, alimentos, acceso a llamadas telef\u00f3nicas, orientaci\u00f3n jur\u00eddica y boletos de autob\u00fas a sus lugares de origen.<\/p>\n<\/p>\n<p>&nbsp;<\/p>\n<p style=\"text-align: center;\" data-sourcepos=\"27:1-27:279\"><em><strong>\u00a1Informaci\u00f3n que transforma!<\/strong><\/em><\/p>\n","protected":false},"excerpt":{"rendered":"<p>La estrategia \u201cM\u00e9xico te Abraza\u201d ha brindado un apoyo fundamental a miles de connacionales repatriados, sumando un total de 236 mil 818 servicios desde el 21 de enero a la fecha.<\/p>\n","protected":false},"author":3,"featured_media":15891,"comment_status":"open","ping_status":"open","sticky":false,"template":"","format":"standard","meta":{"footnotes":""},"categories":[88,58],"tags":[4774,4432,3181,4748],"class_list":["post-15890","post","type-post","status-publish","format-standard","has-post-thumbnail","hentry","category-nacional","category-ultima-hora","tag-apoyoacoacionales","tag-bienestarmigrante","tag-mexicoteabraza","tag-migracionmx"],"yoast_head":"<!-- This site is optimized with the Yoast SEO plugin v25.0 - https:\/\/yoast.com\/wordpress\/plugins\/seo\/ -->\n<title>\u201cM\u00e9xico te abraza\u201d concreta m\u00e1s de 236 mil servicios a connacionales repatriados | Nexo Informativo Santiago de Quer\u00e9taro<\/title>\n<meta name=\"description\" content=\"\u201cM\u00e9xico te abraza\u201d concreta m\u00e1s de 236 mil servicios a connacionales repatriados\" \/>\n<meta name=\"robots\" content=\"index, follow, max-snippet:-1, max-image-preview:large, max-video-preview:-1\" \/>\n<link rel=\"canonical\" href=\"https:\/\/www.nexoinformativo.mx\/index.php\/2025\/06\/16\/mexico-te-abraza-concreta-mas-de-236-mil-servicios-a-connacionales-repatriados\/\" \/>\n<meta property=\"og:locale\" content=\"es_MX\" \/>\n<meta property=\"og:type\" content=\"article\" \/>\n<meta property=\"og:title\" content=\"\u201cM\u00e9xico te abraza\u201d concreta m\u00e1s de 236 mil servicios a connacionales repatriados | Nexo Informativo Santiago de Quer\u00e9taro\" \/>\n<meta property=\"og:description\" content=\"\u201cM\u00e9xico te abraza\u201d concreta m\u00e1s de 236 mil servicios a connacionales repatriados\" \/>\n<meta property=\"og:url\" content=\"https:\/\/www.nexoinformativo.mx\/index.php\/2025\/06\/16\/mexico-te-abraza-concreta-mas-de-236-mil-servicios-a-connacionales-repatriados\/\" \/>\n<meta property=\"og:site_name\" content=\"Nexo Informativo Santiago de Quer\u00e9taro\" \/>\n<meta property=\"article:publisher\" content=\"https:\/\/www.facebook.com\/people\/Nexo-Informativo\/61564066885511\/\" \/>\n<meta property=\"article:published_time\" content=\"2025-06-16T20:00:40+00:00\" \/>\n<meta property=\"article:modified_time\" content=\"2025-06-17T02:25:43+00:00\" \/>\n<meta property=\"og:image\" content=\"https:\/\/www.nexoinformativo.mx\/wp-content\/uploads\/2025\/06\/IMG_4036.jpg\" \/>\n\t<meta property=\"og:image:width\" content=\"650\" \/>\n\t<meta property=\"og:image:height\" content=\"380\" \/>\n\t<meta property=\"og:image:type\" content=\"image\/jpeg\" \/>\n<meta name=\"author\" content=\"Nexo Informativo\" \/>\n<meta name=\"twitter:card\" content=\"summary_large_image\" \/>\n<meta name=\"twitter:label1\" content=\"Escrito por\" \/>\n\t<meta name=\"twitter:data1\" content=\"Nexo Informativo\" \/>\n\t<meta name=\"twitter:label2\" content=\"Tiempo de lectura\" \/>\n\t<meta name=\"twitter:data2\" content=\"2 minutos\" \/>\n<script type=\"application\/ld+json\" class=\"yoast-schema-graph\">{\"@context\":\"https:\/\/schema.org\",\"@graph\":[{\"@type\":\"Article\",\"@id\":\"https:\/\/www.nexoinformativo.mx\/index.php\/2025\/06\/16\/mexico-te-abraza-concreta-mas-de-236-mil-servicios-a-connacionales-repatriados\/#article\",\"isPartOf\":{\"@id\":\"https:\/\/www.nexoinformativo.mx\/index.php\/2025\/06\/16\/mexico-te-abraza-concreta-mas-de-236-mil-servicios-a-connacionales-repatriados\/\"},\"author\":{\"name\":\"Nexo Informativo\",\"@id\":\"https:\/\/www.nexoinformativo.mx\/#\/schema\/person\/7749d380ba08c8ca00d7bc76fd907b7d\"},\"headline\":\"\u201cM\u00e9xico te abraza\u201d concreta m\u00e1s de 236 mil servicios a connacionales repatriados\",\"datePublished\":\"2025-06-16T20:00:40+00:00\",\"dateModified\":\"2025-06-17T02:25:43+00:00\",\"mainEntityOfPage\":{\"@id\":\"https:\/\/www.nexoinformativo.mx\/index.php\/2025\/06\/16\/mexico-te-abraza-concreta-mas-de-236-mil-servicios-a-connacionales-repatriados\/\"},\"wordCount\":335,\"commentCount\":0,\"publisher\":{\"@id\":\"https:\/\/www.nexoinformativo.mx\/#organization\"},\"image\":{\"@id\":\"https:\/\/www.nexoinformativo.mx\/index.php\/2025\/06\/16\/mexico-te-abraza-concreta-mas-de-236-mil-servicios-a-connacionales-repatriados\/#primaryimage\"},\"thumbnailUrl\":\"https:\/\/www.nexoinformativo.mx\/wp-content\/uploads\/2025\/06\/IMG_4036.jpg\",\"keywords\":[\"ApoyoACoacionales\",\"BienestarMigrante\",\"M\u00e9xicoTeAbraza\",\"Migraci\u00f3nMX\"],\"articleSection\":[\"Nacional\",\"\u00daltima Hora\"],\"inLanguage\":\"es\",\"potentialAction\":[{\"@type\":\"CommentAction\",\"name\":\"Comment\",\"target\":[\"https:\/\/www.nexoinformativo.mx\/index.php\/2025\/06\/16\/mexico-te-abraza-concreta-mas-de-236-mil-servicios-a-connacionales-repatriados\/#respond\"]}]},{\"@type\":\"WebPage\",\"@id\":\"https:\/\/www.nexoinformativo.mx\/index.php\/2025\/06\/16\/mexico-te-abraza-concreta-mas-de-236-mil-servicios-a-connacionales-repatriados\/\",\"url\":\"https:\/\/www.nexoinformativo.mx\/index.php\/2025\/06\/16\/mexico-te-abraza-concreta-mas-de-236-mil-servicios-a-connacionales-repatriados\/\",\"name\":\"\u201cM\u00e9xico te abraza\u201d concreta m\u00e1s de 236 mil servicios a connacionales repatriados | Nexo Informativo Santiago de Quer\u00e9taro\",\"isPartOf\":{\"@id\":\"https:\/\/www.nexoinformativo.mx\/#website\"},\"primaryImageOfPage\":{\"@id\":\"https:\/\/www.nexoinformativo.mx\/index.php\/2025\/06\/16\/mexico-te-abraza-concreta-mas-de-236-mil-servicios-a-connacionales-repatriados\/#primaryimage\"},\"image\":{\"@id\":\"https:\/\/www.nexoinformativo.mx\/index.php\/2025\/06\/16\/mexico-te-abraza-concreta-mas-de-236-mil-servicios-a-connacionales-repatriados\/#primaryimage\"},\"thumbnailUrl\":\"https:\/\/www.nexoinformativo.mx\/wp-content\/uploads\/2025\/06\/IMG_4036.jpg\",\"datePublished\":\"2025-06-16T20:00:40+00:00\",\"dateModified\":\"2025-06-17T02:25:43+00:00\",\"description\":\"\u201cM\u00e9xico te abraza\u201d concreta m\u00e1s de 236 mil servicios a connacionales repatriados\",\"breadcrumb\":{\"@id\":\"https:\/\/www.nexoinformativo.mx\/index.php\/2025\/06\/16\/mexico-te-abraza-concreta-mas-de-236-mil-servicios-a-connacionales-repatriados\/#breadcrumb\"},\"inLanguage\":\"es\",\"potentialAction\":[{\"@type\":\"ReadAction\",\"target\":[\"https:\/\/www.nexoinformativo.mx\/index.php\/2025\/06\/16\/mexico-te-abraza-concreta-mas-de-236-mil-servicios-a-connacionales-repatriados\/\"]}]},{\"@type\":\"ImageObject\",\"inLanguage\":\"es\",\"@id\":\"https:\/\/www.nexoinformativo.mx\/index.php\/2025\/06\/16\/mexico-te-abraza-concreta-mas-de-236-mil-servicios-a-connacionales-repatriados\/#primaryimage\",\"url\":\"https:\/\/www.nexoinformativo.mx\/wp-content\/uploads\/2025\/06\/IMG_4036.jpg\",\"contentUrl\":\"https:\/\/www.nexoinformativo.mx\/wp-content\/uploads\/2025\/06\/IMG_4036.jpg\",\"width\":650,\"height\":380},{\"@type\":\"BreadcrumbList\",\"@id\":\"https:\/\/www.nexoinformativo.mx\/index.php\/2025\/06\/16\/mexico-te-abraza-concreta-mas-de-236-mil-servicios-a-connacionales-repatriados\/#breadcrumb\",\"itemListElement\":[{\"@type\":\"ListItem\",\"position\":1,\"name\":\"Inicio\",\"item\":\"https:\/\/www.nexoinformativo.mx\/\"},{\"@type\":\"ListItem\",\"position\":2,\"name\":\"\u201cM\u00e9xico te abraza\u201d concreta m\u00e1s de 236 mil servicios a connacionales repatriados\"}]},{\"@type\":\"WebSite\",\"@id\":\"https:\/\/www.nexoinformativo.mx\/#website\",\"url\":\"https:\/\/www.nexoinformativo.mx\/\",\"name\":\"Nexo Informativo Santiago de Quer\u00e9taro\",\"description\":\"Explora NexoInformativo y convi\u00e9rtete en parte de una comunidad que valora el conocimiento y la verdad. Tu nexoinformativo es tu puente hacia una comprensi\u00f3n m\u00e1s profunda del mundo que te rodea.\",\"publisher\":{\"@id\":\"https:\/\/www.nexoinformativo.mx\/#organization\"},\"potentialAction\":[{\"@type\":\"SearchAction\",\"target\":{\"@type\":\"EntryPoint\",\"urlTemplate\":\"https:\/\/www.nexoinformativo.mx\/?s={search_term_string}\"},\"query-input\":{\"@type\":\"PropertyValueSpecification\",\"valueRequired\":true,\"valueName\":\"search_term_string\"}}],\"inLanguage\":\"es\"},{\"@type\":\"Organization\",\"@id\":\"https:\/\/www.nexoinformativo.mx\/#organization\",\"name\":\"Nexo Informativo Santiago de Quer\u00e9taro\",\"url\":\"https:\/\/www.nexoinformativo.mx\/\",\"logo\":{\"@type\":\"ImageObject\",\"inLanguage\":\"es\",\"@id\":\"https:\/\/www.nexoinformativo.mx\/#\/schema\/logo\/image\/\",\"url\":\"https:\/\/www.nexoinformativo.mx\/wp-content\/uploads\/2024\/07\/nexoi-trasparente-2.png\",\"contentUrl\":\"https:\/\/www.nexoinformativo.mx\/wp-content\/uploads\/2024\/07\/nexoi-trasparente-2.png\",\"width\":816,\"height\":339,\"caption\":\"Nexo Informativo Santiago de Quer\u00e9taro\"},\"image\":{\"@id\":\"https:\/\/www.nexoinformativo.mx\/#\/schema\/logo\/image\/\"},\"sameAs\":[\"https:\/\/www.facebook.com\/people\/Nexo-Informativo\/61564066885511\/\"]},{\"@type\":\"Person\",\"@id\":\"https:\/\/www.nexoinformativo.mx\/#\/schema\/person\/7749d380ba08c8ca00d7bc76fd907b7d\",\"name\":\"Nexo Informativo\",\"image\":{\"@type\":\"ImageObject\",\"inLanguage\":\"es\",\"@id\":\"https:\/\/www.nexoinformativo.mx\/#\/schema\/person\/image\/\",\"url\":\"https:\/\/secure.gravatar.com\/avatar\/dde2928154642a13d95f87ddf1ea9718fe2b46760a005c53e41ff5ad610704e6?s=96&d=mm&r=g\",\"contentUrl\":\"https:\/\/secure.gravatar.com\/avatar\/dde2928154642a13d95f87ddf1ea9718fe2b46760a005c53e41ff5ad610704e6?s=96&d=mm&r=g\",\"caption\":\"Nexo Informativo\"},\"url\":\"https:\/\/www.nexoinformativo.mx\/index.php\/author\/edicion\/\"}]}<\/script>\n<!-- \/ Yoast SEO plugin. -->","yoast_head_json":{"title":"\u201cM\u00e9xico te abraza\u201d concreta m\u00e1s de 236 mil servicios a connacionales repatriados | Nexo Informativo Santiago de Quer\u00e9taro","description":"\u201cM\u00e9xico te abraza\u201d concreta m\u00e1s de 236 mil servicios a connacionales repatriados","robots":{"index":"index","follow":"follow","max-snippet":"max-snippet:-1","max-image-preview":"max-image-preview:large","max-video-preview":"max-video-preview:-1"},"canonical":"https:\/\/www.nexoinformativo.mx\/index.php\/2025\/06\/16\/mexico-te-abraza-concreta-mas-de-236-mil-servicios-a-connacionales-repatriados\/","og_locale":"es_MX","og_type":"article","og_title":"\u201cM\u00e9xico te abraza\u201d concreta m\u00e1s de 236 mil servicios a connacionales repatriados | Nexo Informativo Santiago de Quer\u00e9taro","og_description":"\u201cM\u00e9xico te abraza\u201d concreta m\u00e1s de 236 mil servicios a connacionales repatriados","og_url":"https:\/\/www.nexoinformativo.mx\/index.php\/2025\/06\/16\/mexico-te-abraza-concreta-mas-de-236-mil-servicios-a-connacionales-repatriados\/","og_site_name":"Nexo Informativo Santiago de Quer\u00e9taro","article_publisher":"https:\/\/www.facebook.com\/people\/Nexo-Informativo\/61564066885511\/","article_published_time":"2025-06-16T20:00:40+00:00","article_modified_time":"2025-06-17T02:25:43+00:00","og_image":[{"width":650,"height":380,"url":"https:\/\/www.nexoinformativo.mx\/wp-content\/uploads\/2025\/06\/IMG_4036.jpg","type":"image\/jpeg"}],"author":"Nexo Informativo","twitter_card":"summary_large_image","twitter_misc":{"Escrito por":"Nexo Informativo","Tiempo de lectura":"2 minutos"},"schema":{"@context":"https:\/\/schema.org","@graph":[{"@type":"Article","@id":"https:\/\/www.nexoinformativo.mx\/index.php\/2025\/06\/16\/mexico-te-abraza-concreta-mas-de-236-mil-servicios-a-connacionales-repatriados\/#article","isPartOf":{"@id":"https:\/\/www.nexoinformativo.mx\/index.php\/2025\/06\/16\/mexico-te-abraza-concreta-mas-de-236-mil-servicios-a-connacionales-repatriados\/"},"author":{"name":"Nexo Informativo","@id":"https:\/\/www.nexoinformativo.mx\/#\/schema\/person\/7749d380ba08c8ca00d7bc76fd907b7d"},"headline":"\u201cM\u00e9xico te abraza\u201d concreta m\u00e1s de 236 mil servicios a connacionales repatriados","datePublished":"2025-06-16T20:00:40+00:00","dateModified":"2025-06-17T02:25:43+00:00","mainEntityOfPage":{"@id":"https:\/\/www.nexoinformativo.mx\/index.php\/2025\/06\/16\/mexico-te-abraza-concreta-mas-de-236-mil-servicios-a-connacionales-repatriados\/"},"wordCount":335,"commentCount":0,"publisher":{"@id":"https:\/\/www.nexoinformativo.mx\/#organization"},"image":{"@id":"https:\/\/www.nexoinformativo.mx\/index.php\/2025\/06\/16\/mexico-te-abraza-concreta-mas-de-236-mil-servicios-a-connacionales-repatriados\/#primaryimage"},"thumbnailUrl":"https:\/\/www.nexoinformativo.mx\/wp-content\/uploads\/2025\/06\/IMG_4036.jpg","keywords":["ApoyoACoacionales","BienestarMigrante","M\u00e9xicoTeAbraza","Migraci\u00f3nMX"],"articleSection":["Nacional","\u00daltima Hora"],"inLanguage":"es","potentialAction":[{"@type":"CommentAction","name":"Comment","target":["https:\/\/www.nexoinformativo.mx\/index.php\/2025\/06\/16\/mexico-te-abraza-concreta-mas-de-236-mil-servicios-a-connacionales-repatriados\/#respond"]}]},{"@type":"WebPage","@id":"https:\/\/www.nexoinformativo.mx\/index.php\/2025\/06\/16\/mexico-te-abraza-concreta-mas-de-236-mil-servicios-a-connacionales-repatriados\/","url":"https:\/\/www.nexoinformativo.mx\/index.php\/2025\/06\/16\/mexico-te-abraza-concreta-mas-de-236-mil-servicios-a-connacionales-repatriados\/","name":"\u201cM\u00e9xico te abraza\u201d concreta m\u00e1s de 236 mil servicios a connacionales repatriados | Nexo Informativo Santiago de Quer\u00e9taro","isPartOf":{"@id":"https:\/\/www.nexoinformativo.mx\/#website"},"primaryImageOfPage":{"@id":"https:\/\/www.nexoinformativo.mx\/index.php\/2025\/06\/16\/mexico-te-abraza-concreta-mas-de-236-mil-servicios-a-connacionales-repatriados\/#primaryimage"},"image":{"@id":"https:\/\/www.nexoinformativo.mx\/index.php\/2025\/06\/16\/mexico-te-abraza-concreta-mas-de-236-mil-servicios-a-connacionales-repatriados\/#primaryimage"},"thumbnailUrl":"https:\/\/www.nexoinformativo.mx\/wp-content\/uploads\/2025\/06\/IMG_4036.jpg","datePublished":"2025-06-16T20:00:40+00:00","dateModified":"2025-06-17T02:25:43+00:00","description":"\u201cM\u00e9xico te abraza\u201d concreta m\u00e1s de 236 mil servicios a connacionales repatriados","breadcrumb":{"@id":"https:\/\/www.nexoinformativo.mx\/index.php\/2025\/06\/16\/mexico-te-abraza-concreta-mas-de-236-mil-servicios-a-connacionales-repatriados\/#breadcrumb"},"inLanguage":"es","potentialAction":[{"@type":"ReadAction","target":["https:\/\/www.nexoinformativo.mx\/index.php\/2025\/06\/16\/mexico-te-abraza-concreta-mas-de-236-mil-servicios-a-connacionales-repatriados\/"]}]},{"@type":"ImageObject","inLanguage":"es","@id":"https:\/\/www.nexoinformativo.mx\/index.php\/2025\/06\/16\/mexico-te-abraza-concreta-mas-de-236-mil-servicios-a-connacionales-repatriados\/#primaryimage","url":"https:\/\/www.nexoinformativo.mx\/wp-content\/uploads\/2025\/06\/IMG_4036.jpg","contentUrl":"https:\/\/www.nexoinformativo.mx\/wp-content\/uploads\/2025\/06\/IMG_4036.jpg","width":650,"height":380},{"@type":"BreadcrumbList","@id":"https:\/\/www.nexoinformativo.mx\/index.php\/2025\/06\/16\/mexico-te-abraza-concreta-mas-de-236-mil-servicios-a-connacionales-repatriados\/#breadcrumb","itemListElement":[{"@type":"ListItem","position":1,"name":"Inicio","item":"https:\/\/www.nexoinformativo.mx\/"},{"@type":"ListItem","position":2,"name":"\u201cM\u00e9xico te abraza\u201d concreta m\u00e1s de 236 mil servicios a connacionales repatriados"}]},{"@type":"WebSite","@id":"https:\/\/www.nexoinformativo.mx\/#website","url":"https:\/\/www.nexoinformativo.mx\/","name":"Nexo Informativo Santiago de Quer\u00e9taro","description":"Explora NexoInformativo y convi\u00e9rtete en parte de una comunidad que valora el conocimiento y la verdad. Tu nexoinformativo es tu puente hacia una comprensi\u00f3n m\u00e1s profunda del mundo que te rodea.","publisher":{"@id":"https:\/\/www.nexoinformativo.mx\/#organization"},"potentialAction":[{"@type":"SearchAction","target":{"@type":"EntryPoint","urlTemplate":"https:\/\/www.nexoinformativo.mx\/?s={search_term_string}"},"query-input":{"@type":"PropertyValueSpecification","valueRequired":true,"valueName":"search_term_string"}}],"inLanguage":"es"},{"@type":"Organization","@id":"https:\/\/www.nexoinformativo.mx\/#organization","name":"Nexo Informativo Santiago de Quer\u00e9taro","url":"https:\/\/www.nexoinformativo.mx\/","logo":{"@type":"ImageObject","inLanguage":"es","@id":"https:\/\/www.nexoinformativo.mx\/#\/schema\/logo\/image\/","url":"https:\/\/www.nexoinformativo.mx\/wp-content\/uploads\/2024\/07\/nexoi-trasparente-2.png","contentUrl":"https:\/\/www.nexoinformativo.mx\/wp-content\/uploads\/2024\/07\/nexoi-trasparente-2.png","width":816,"height":339,"caption":"Nexo Informativo Santiago de Quer\u00e9taro"},"image":{"@id":"https:\/\/www.nexoinformativo.mx\/#\/schema\/logo\/image\/"},"sameAs":["https:\/\/www.facebook.com\/people\/Nexo-Informativo\/61564066885511\/"]},{"@type":"Person","@id":"https:\/\/www.nexoinformativo.mx\/#\/schema\/person\/7749d380ba08c8ca00d7bc76fd907b7d","name":"Nexo Informativo","image":{"@type":"ImageObject","inLanguage":"es","@id":"https:\/\/www.nexoinformativo.mx\/#\/schema\/person\/image\/","url":"https:\/\/secure.gravatar.com\/avatar\/dde2928154642a13d95f87ddf1ea9718fe2b46760a005c53e41ff5ad610704e6?s=96&d=mm&r=g","contentUrl":"https:\/\/secure.gravatar.com\/avatar\/dde2928154642a13d95f87ddf1ea9718fe2b46760a005c53e41ff5ad610704e6?s=96&d=mm&r=g","caption":"Nexo Informativo"},"url":"https:\/\/www.nexoinformativo.mx\/index.php\/author\/edicion\/"}]}},"_links":{"self":[{"href":"https:\/\/www.nexoinformativo.mx\/index.php\/wp-json\/wp\/v2\/posts\/15890","targetHints":{"allow":["GET"]}}],"collection":[{"href":"https:\/\/www.nexoinformativo.mx\/index.php\/wp-json\/wp\/v2\/posts"}],"about":[{"href":"https:\/\/www.nexoinformativo.mx\/index.php\/wp-json\/wp\/v2\/types\/post"}],"author":[{"embeddable":true,"href":"https:\/\/www.nexoinformativo.mx\/index.php\/wp-json\/wp\/v2\/users\/3"}],"replies":[{"embeddable":true,"href":"https:\/\/www.nexoinformativo.mx\/index.php\/wp-json\/wp\/v2\/comments?post=15890"}],"version-history":[{"count":3,"href":"https:\/\/www.nexoinformativo.mx\/index.php\/wp-json\/wp\/v2\/posts\/15890\/revisions"}],"predecessor-version":[{"id":15894,"href":"https:\/\/www.nexoinformativo.mx\/index.php\/wp-json\/wp\/v2\/posts\/15890\/revisions\/15894"}],"wp:featuredmedia":[{"embeddable":true,"href":"https:\/\/www.nexoinformativo.mx\/index.php\/wp-json\/wp\/v2\/media\/15891"}],"wp:attachment":[{"href":"https:\/\/www.nexoinformativo.mx\/index.php\/wp-json\/wp\/v2\/media?parent=15890"}],"wp:term":[{"taxonomy":"category","embeddable":true,"href":"https:\/\/www.nexoinformativo.mx\/index.php\/wp-json\/wp\/v2\/categories?post=15890"},{"taxonomy":"post_tag","embeddable":true,"href":"https:\/\/www.nexoinformativo.mx\/index.php\/wp-json\/wp\/v2\/tags?post=15890"}],"curies":[{"name":"wp","href":"https:\/\/api.w.org\/{rel}","templated":true}]}}