{"id":15895,"date":"2025-06-16T15:00:59","date_gmt":"2025-06-16T21:00:59","guid":{"rendered":"https:\/\/www.nexoinformativo.mx\/?p=15895"},"modified":"2025-06-16T20:38:21","modified_gmt":"2025-06-17T02:38:21","slug":"trump-abandona-cumbre-del-g7-y-cancela-reunion-con-sheinbaum-por-crisis-en-oriente-medio-y-llama-a-evacuar-teheran","status":"publish","type":"post","link":"https:\/\/www.nexoinformativo.mx\/index.php\/2025\/06\/16\/trump-abandona-cumbre-del-g7-y-cancela-reunion-con-sheinbaum-por-crisis-en-oriente-medio-y-llama-a-evacuar-teheran\/","title":{"rendered":"Trump abandona Cumbre del G7 y cancela reuni\u00f3n con Sheinbaum por crisis en Oriente Medio y llama a evacuar Teher\u00e1n"},"content":{"rendered":"<p style=\"text-align: justify;\" data-sourcepos=\"5:1-5:410\">El presidente de EU, Donald Trump, ha decidido abandonar prematuramente la cumbre del Grupo de los Siete (G7) que se celebra en las Rocosas de Kananaskis, Canad\u00e1.<\/p>\n<p>&nbsp;<\/p>\n<p style=\"text-align: justify;\" data-sourcepos=\"5:1-5:410\">La Casa Blanca inform\u00f3 que el mandatario partir\u00e1 este mismo lunes por la noche, un d\u00eda antes de lo previsto, debido a la creciente tensi\u00f3n entre Israel e Ir\u00e1n.<\/p>\n<p>&nbsp;<\/p>\n<p style=\"text-align: justify;\" data-sourcepos=\"7:1-7:356\">La secretaria de prensa, Karoline Leavitt, anunci\u00f3 en la red social X: &#8220;Debido a los acontecimientos en Oriente Medio, el presidente Trump partir\u00e1 esta noche tras la cena con los jefes de Estado&#8221;.<\/p>\n<p>&nbsp;<\/p>\n<p style=\"text-align: justify;\" data-sourcepos=\"9:1-9:443\">Trump, que ten\u00eda programadas reuni\u00f3n con la Presidenta de M\u00e9xico se ha mostrado cada vez m\u00e1s involucrado en el conflicto.<\/p>\n<p>&nbsp;<\/p>\n<p style=\"text-align: justify;\" data-sourcepos=\"9:1-9:443\">Tras un d\u00eda de encuentros con los l\u00edderes del G7, recurri\u00f3 a su red Truth Social para expresar su apoyo a Israel y lanzar la inusual alerta de evacuaci\u00f3n para la capital iran\u00ed, que cuenta con aproximadamente 10 millones de habitantes. &#8220;\u00a1Todos deber\u00edan evacuar inmediatamente Teher\u00e1n!&#8221;, escribi\u00f3.<\/p>\n<p>&nbsp;<\/p>\n<p style=\"text-align: justify;\" data-sourcepos=\"13:1-13:352\">Antes del anuncio de su partida anticipada, Trump insinu\u00f3 que se firmar\u00e1 un &#8220;acuerdo&#8221; sobre el conflicto entre Ir\u00e1n e Israel. &#8220;Pienso que es idiota de parte de Ir\u00e1n no firmar&#8221;, dijo Trump. &#8220;En realidad Ir\u00e1n ya est\u00e1 en la mesa de negociaciones, quieren llegar a un acuerdo, en cuanto me vaya de aqu\u00ed haremos algo&#8221;, a\u00f1adi\u00f3 enigm\u00e1ticamente.<\/p>\n<p>&nbsp;<\/p>\n<p style=\"text-align: justify;\" data-sourcepos=\"15:1-15:522\">Canad\u00e1, el pa\u00eds anfitri\u00f3n, hab\u00eda dise\u00f1ado la cumbre en un resort para disimular las diferencias internas entre las principales democracias industriales.<\/p>\n<p>&nbsp;<\/p>\n<p style=\"text-align: center;\" data-sourcepos=\"15:1-15:522\"><em><strong>\u00a1Informaci\u00f3n que transforma!<\/strong><\/em><\/p>\n","protected":false},"excerpt":{"rendered":"<p>El presidente de EU, Donald Trump, ha decidido abandonar prematuramente la cumbre del Grupo de los Siete (G7) que se celebra en las Rocosas de Kananaskis, Canad\u00e1.<\/p>\n","protected":false},"author":3,"featured_media":15897,"comment_status":"open","ping_status":"open","sticky":false,"template":"","format":"standard","meta":{"footnotes":""},"categories":[88,21,58],"tags":[4776,2057,4775,4777],"class_list":["post-15895","post","type-post","status-publish","format-standard","has-post-thumbnail","hentry","category-nacional","category-politica","category-ultima-hora","tag-conflictoisraeliran","tag-donaldtrump","tag-g7","tag-orientemedio"],"yoast_head":"<!-- This site is optimized with the Yoast SEO plugin v25.0 - https:\/\/yoast.com\/wordpress\/plugins\/seo\/ -->\n<title>Trump abandona Cumbre del G7 y cancela reuni\u00f3n con Sheinbaum por crisis en Oriente Medio y llama a evacuar Teher\u00e1n | Nexo Informativo Santiago de Quer\u00e9taro<\/title>\n<meta name=\"description\" content=\"Trump abandona Cumbre del G7 y cancela reuni\u00f3n con Sheinbaum por crisis en Oriente Medio y llama a evacuar Teher\u00e1n\" \/>\n<meta name=\"robots\" content=\"index, follow, max-snippet:-1, max-image-preview:large, max-video-preview:-1\" \/>\n<link rel=\"canonical\" href=\"https:\/\/www.nexoinformativo.mx\/index.php\/2025\/06\/16\/trump-abandona-cumbre-del-g7-y-cancela-reunion-con-sheinbaum-por-crisis-en-oriente-medio-y-llama-a-evacuar-teheran\/\" \/>\n<meta property=\"og:locale\" content=\"es_MX\" \/>\n<meta property=\"og:type\" content=\"article\" \/>\n<meta property=\"og:title\" content=\"Trump abandona Cumbre del G7 y cancela reuni\u00f3n con Sheinbaum por crisis en Oriente Medio y llama a evacuar Teher\u00e1n | Nexo Informativo Santiago de Quer\u00e9taro\" \/>\n<meta property=\"og:description\" content=\"Trump abandona Cumbre del G7 y cancela reuni\u00f3n con Sheinbaum por crisis en Oriente Medio y llama a evacuar Teher\u00e1n\" \/>\n<meta property=\"og:url\" content=\"https:\/\/www.nexoinformativo.mx\/index.php\/2025\/06\/16\/trump-abandona-cumbre-del-g7-y-cancela-reunion-con-sheinbaum-por-crisis-en-oriente-medio-y-llama-a-evacuar-teheran\/\" \/>\n<meta property=\"og:site_name\" content=\"Nexo Informativo Santiago de Quer\u00e9taro\" \/>\n<meta property=\"article:publisher\" content=\"https:\/\/www.facebook.com\/people\/Nexo-Informativo\/61564066885511\/\" \/>\n<meta property=\"article:published_time\" content=\"2025-06-16T21:00:59+00:00\" \/>\n<meta property=\"article:modified_time\" content=\"2025-06-17T02:38:21+00:00\" \/>\n<meta property=\"og:image\" content=\"https:\/\/www.nexoinformativo.mx\/wp-content\/uploads\/2025\/06\/IMG_4037.jpg\" \/>\n\t<meta property=\"og:image:width\" content=\"739\" \/>\n\t<meta property=\"og:image:height\" content=\"415\" \/>\n\t<meta property=\"og:image:type\" content=\"image\/jpeg\" \/>\n<meta name=\"author\" content=\"Nexo Informativo\" \/>\n<meta name=\"twitter:card\" content=\"summary_large_image\" \/>\n<meta name=\"twitter:label1\" content=\"Escrito por\" \/>\n\t<meta name=\"twitter:data1\" content=\"Nexo Informativo\" \/>\n\t<meta name=\"twitter:label2\" content=\"Tiempo de lectura\" \/>\n\t<meta name=\"twitter:data2\" content=\"2 minutos\" \/>\n<script type=\"application\/ld+json\" class=\"yoast-schema-graph\">{\"@context\":\"https:\/\/schema.org\",\"@graph\":[{\"@type\":\"Article\",\"@id\":\"https:\/\/www.nexoinformativo.mx\/index.php\/2025\/06\/16\/trump-abandona-cumbre-del-g7-y-cancela-reunion-con-sheinbaum-por-crisis-en-oriente-medio-y-llama-a-evacuar-teheran\/#article\",\"isPartOf\":{\"@id\":\"https:\/\/www.nexoinformativo.mx\/index.php\/2025\/06\/16\/trump-abandona-cumbre-del-g7-y-cancela-reunion-con-sheinbaum-por-crisis-en-oriente-medio-y-llama-a-evacuar-teheran\/\"},\"author\":{\"name\":\"Nexo Informativo\",\"@id\":\"https:\/\/www.nexoinformativo.mx\/#\/schema\/person\/7749d380ba08c8ca00d7bc76fd907b7d\"},\"headline\":\"Trump abandona Cumbre del G7 y cancela reuni\u00f3n con Sheinbaum por crisis en Oriente Medio y llama a evacuar Teher\u00e1n\",\"datePublished\":\"2025-06-16T21:00:59+00:00\",\"dateModified\":\"2025-06-17T02:38:21+00:00\",\"mainEntityOfPage\":{\"@id\":\"https:\/\/www.nexoinformativo.mx\/index.php\/2025\/06\/16\/trump-abandona-cumbre-del-g7-y-cancela-reunion-con-sheinbaum-por-crisis-en-oriente-medio-y-llama-a-evacuar-teheran\/\"},\"wordCount\":288,\"commentCount\":0,\"publisher\":{\"@id\":\"https:\/\/www.nexoinformativo.mx\/#organization\"},\"image\":{\"@id\":\"https:\/\/www.nexoinformativo.mx\/index.php\/2025\/06\/16\/trump-abandona-cumbre-del-g7-y-cancela-reunion-con-sheinbaum-por-crisis-en-oriente-medio-y-llama-a-evacuar-teheran\/#primaryimage\"},\"thumbnailUrl\":\"https:\/\/www.nexoinformativo.mx\/wp-content\/uploads\/2025\/06\/IMG_4037.jpg\",\"keywords\":[\"ConflictoIsraelIran\",\"DonaldTrump\",\"G7\",\"OrienteMedio\"],\"articleSection\":[\"Nacional\",\"Pol\u00edtica\",\"\u00daltima Hora\"],\"inLanguage\":\"es\",\"potentialAction\":[{\"@type\":\"CommentAction\",\"name\":\"Comment\",\"target\":[\"https:\/\/www.nexoinformativo.mx\/index.php\/2025\/06\/16\/trump-abandona-cumbre-del-g7-y-cancela-reunion-con-sheinbaum-por-crisis-en-oriente-medio-y-llama-a-evacuar-teheran\/#respond\"]}]},{\"@type\":\"WebPage\",\"@id\":\"https:\/\/www.nexoinformativo.mx\/index.php\/2025\/06\/16\/trump-abandona-cumbre-del-g7-y-cancela-reunion-con-sheinbaum-por-crisis-en-oriente-medio-y-llama-a-evacuar-teheran\/\",\"url\":\"https:\/\/www.nexoinformativo.mx\/index.php\/2025\/06\/16\/trump-abandona-cumbre-del-g7-y-cancela-reunion-con-sheinbaum-por-crisis-en-oriente-medio-y-llama-a-evacuar-teheran\/\",\"name\":\"Trump abandona Cumbre del G7 y cancela reuni\u00f3n con Sheinbaum por crisis en Oriente Medio y llama a evacuar Teher\u00e1n | Nexo Informativo Santiago de Quer\u00e9taro\",\"isPartOf\":{\"@id\":\"https:\/\/www.nexoinformativo.mx\/#website\"},\"primaryImageOfPage\":{\"@id\":\"https:\/\/www.nexoinformativo.mx\/index.php\/2025\/06\/16\/trump-abandona-cumbre-del-g7-y-cancela-reunion-con-sheinbaum-por-crisis-en-oriente-medio-y-llama-a-evacuar-teheran\/#primaryimage\"},\"image\":{\"@id\":\"https:\/\/www.nexoinformativo.mx\/index.php\/2025\/06\/16\/trump-abandona-cumbre-del-g7-y-cancela-reunion-con-sheinbaum-por-crisis-en-oriente-medio-y-llama-a-evacuar-teheran\/#primaryimage\"},\"thumbnailUrl\":\"https:\/\/www.nexoinformativo.mx\/wp-content\/uploads\/2025\/06\/IMG_4037.jpg\",\"datePublished\":\"2025-06-16T21:00:59+00:00\",\"dateModified\":\"2025-06-17T02:38:21+00:00\",\"description\":\"Trump abandona Cumbre del G7 y cancela reuni\u00f3n con Sheinbaum por crisis en Oriente Medio y llama a evacuar Teher\u00e1n\",\"breadcrumb\":{\"@id\":\"https:\/\/www.nexoinformativo.mx\/index.php\/2025\/06\/16\/trump-abandona-cumbre-del-g7-y-cancela-reunion-con-sheinbaum-por-crisis-en-oriente-medio-y-llama-a-evacuar-teheran\/#breadcrumb\"},\"inLanguage\":\"es\",\"potentialAction\":[{\"@type\":\"ReadAction\",\"target\":[\"https:\/\/www.nexoinformativo.mx\/index.php\/2025\/06\/16\/trump-abandona-cumbre-del-g7-y-cancela-reunion-con-sheinbaum-por-crisis-en-oriente-medio-y-llama-a-evacuar-teheran\/\"]}]},{\"@type\":\"ImageObject\",\"inLanguage\":\"es\",\"@id\":\"https:\/\/www.nexoinformativo.mx\/index.php\/2025\/06\/16\/trump-abandona-cumbre-del-g7-y-cancela-reunion-con-sheinbaum-por-crisis-en-oriente-medio-y-llama-a-evacuar-teheran\/#primaryimage\",\"url\":\"https:\/\/www.nexoinformativo.mx\/wp-content\/uploads\/2025\/06\/IMG_4037.jpg\",\"contentUrl\":\"https:\/\/www.nexoinformativo.mx\/wp-content\/uploads\/2025\/06\/IMG_4037.jpg\",\"width\":739,\"height\":415},{\"@type\":\"BreadcrumbList\",\"@id\":\"https:\/\/www.nexoinformativo.mx\/index.php\/2025\/06\/16\/trump-abandona-cumbre-del-g7-y-cancela-reunion-con-sheinbaum-por-crisis-en-oriente-medio-y-llama-a-evacuar-teheran\/#breadcrumb\",\"itemListElement\":[{\"@type\":\"ListItem\",\"position\":1,\"name\":\"Inicio\",\"item\":\"https:\/\/www.nexoinformativo.mx\/\"},{\"@type\":\"ListItem\",\"position\":2,\"name\":\"Trump abandona Cumbre del G7 y cancela reuni\u00f3n con Sheinbaum por crisis en Oriente Medio y llama a evacuar Teher\u00e1n\"}]},{\"@type\":\"WebSite\",\"@id\":\"https:\/\/www.nexoinformativo.mx\/#website\",\"url\":\"https:\/\/www.nexoinformativo.mx\/\",\"name\":\"Nexo Informativo Santiago de Quer\u00e9taro\",\"description\":\"Explora NexoInformativo y convi\u00e9rtete en parte de una comunidad que valora el conocimiento y la verdad. Tu nexoinformativo es tu puente hacia una comprensi\u00f3n m\u00e1s profunda del mundo que te rodea.\",\"publisher\":{\"@id\":\"https:\/\/www.nexoinformativo.mx\/#organization\"},\"potentialAction\":[{\"@type\":\"SearchAction\",\"target\":{\"@type\":\"EntryPoint\",\"urlTemplate\":\"https:\/\/www.nexoinformativo.mx\/?s={search_term_string}\"},\"query-input\":{\"@type\":\"PropertyValueSpecification\",\"valueRequired\":true,\"valueName\":\"search_term_string\"}}],\"inLanguage\":\"es\"},{\"@type\":\"Organization\",\"@id\":\"https:\/\/www.nexoinformativo.mx\/#organization\",\"name\":\"Nexo Informativo Santiago de Quer\u00e9taro\",\"url\":\"https:\/\/www.nexoinformativo.mx\/\",\"logo\":{\"@type\":\"ImageObject\",\"inLanguage\":\"es\",\"@id\":\"https:\/\/www.nexoinformativo.mx\/#\/schema\/logo\/image\/\",\"url\":\"https:\/\/www.nexoinformativo.mx\/wp-content\/uploads\/2024\/07\/nexoi-trasparente-2.png\",\"contentUrl\":\"https:\/\/www.nexoinformativo.mx\/wp-content\/uploads\/2024\/07\/nexoi-trasparente-2.png\",\"width\":816,\"height\":339,\"caption\":\"Nexo Informativo Santiago de Quer\u00e9taro\"},\"image\":{\"@id\":\"https:\/\/www.nexoinformativo.mx\/#\/schema\/logo\/image\/\"},\"sameAs\":[\"https:\/\/www.facebook.com\/people\/Nexo-Informativo\/61564066885511\/\"]},{\"@type\":\"Person\",\"@id\":\"https:\/\/www.nexoinformativo.mx\/#\/schema\/person\/7749d380ba08c8ca00d7bc76fd907b7d\",\"name\":\"Nexo Informativo\",\"image\":{\"@type\":\"ImageObject\",\"inLanguage\":\"es\",\"@id\":\"https:\/\/www.nexoinformativo.mx\/#\/schema\/person\/image\/\",\"url\":\"https:\/\/secure.gravatar.com\/avatar\/dde2928154642a13d95f87ddf1ea9718fe2b46760a005c53e41ff5ad610704e6?s=96&d=mm&r=g\",\"contentUrl\":\"https:\/\/secure.gravatar.com\/avatar\/dde2928154642a13d95f87ddf1ea9718fe2b46760a005c53e41ff5ad610704e6?s=96&d=mm&r=g\",\"caption\":\"Nexo Informativo\"},\"url\":\"https:\/\/www.nexoinformativo.mx\/index.php\/author\/edicion\/\"}]}<\/script>\n<!-- \/ Yoast SEO plugin. -->","yoast_head_json":{"title":"Trump abandona Cumbre del G7 y cancela reuni\u00f3n con Sheinbaum por crisis en Oriente Medio y llama a evacuar Teher\u00e1n | Nexo Informativo Santiago de Quer\u00e9taro","description":"Trump abandona Cumbre del G7 y cancela reuni\u00f3n con Sheinbaum por crisis en Oriente Medio y llama a evacuar Teher\u00e1n","robots":{"index":"index","follow":"follow","max-snippet":"max-snippet:-1","max-image-preview":"max-image-preview:large","max-video-preview":"max-video-preview:-1"},"canonical":"https:\/\/www.nexoinformativo.mx\/index.php\/2025\/06\/16\/trump-abandona-cumbre-del-g7-y-cancela-reunion-con-sheinbaum-por-crisis-en-oriente-medio-y-llama-a-evacuar-teheran\/","og_locale":"es_MX","og_type":"article","og_title":"Trump abandona Cumbre del G7 y cancela reuni\u00f3n con Sheinbaum por crisis en Oriente Medio y llama a evacuar Teher\u00e1n | Nexo Informativo Santiago de Quer\u00e9taro","og_description":"Trump abandona Cumbre del G7 y cancela reuni\u00f3n con Sheinbaum por crisis en Oriente Medio y llama a evacuar Teher\u00e1n","og_url":"https:\/\/www.nexoinformativo.mx\/index.php\/2025\/06\/16\/trump-abandona-cumbre-del-g7-y-cancela-reunion-con-sheinbaum-por-crisis-en-oriente-medio-y-llama-a-evacuar-teheran\/","og_site_name":"Nexo Informativo Santiago de Quer\u00e9taro","article_publisher":"https:\/\/www.facebook.com\/people\/Nexo-Informativo\/61564066885511\/","article_published_time":"2025-06-16T21:00:59+00:00","article_modified_time":"2025-06-17T02:38:21+00:00","og_image":[{"width":739,"height":415,"url":"https:\/\/www.nexoinformativo.mx\/wp-content\/uploads\/2025\/06\/IMG_4037.jpg","type":"image\/jpeg"}],"author":"Nexo Informativo","twitter_card":"summary_large_image","twitter_misc":{"Escrito por":"Nexo Informativo","Tiempo de lectura":"2 minutos"},"schema":{"@context":"https:\/\/schema.org","@graph":[{"@type":"Article","@id":"https:\/\/www.nexoinformativo.mx\/index.php\/2025\/06\/16\/trump-abandona-cumbre-del-g7-y-cancela-reunion-con-sheinbaum-por-crisis-en-oriente-medio-y-llama-a-evacuar-teheran\/#article","isPartOf":{"@id":"https:\/\/www.nexoinformativo.mx\/index.php\/2025\/06\/16\/trump-abandona-cumbre-del-g7-y-cancela-reunion-con-sheinbaum-por-crisis-en-oriente-medio-y-llama-a-evacuar-teheran\/"},"author":{"name":"Nexo Informativo","@id":"https:\/\/www.nexoinformativo.mx\/#\/schema\/person\/7749d380ba08c8ca00d7bc76fd907b7d"},"headline":"Trump abandona Cumbre del G7 y cancela reuni\u00f3n con Sheinbaum por crisis en Oriente Medio y llama a evacuar Teher\u00e1n","datePublished":"2025-06-16T21:00:59+00:00","dateModified":"2025-06-17T02:38:21+00:00","mainEntityOfPage":{"@id":"https:\/\/www.nexoinformativo.mx\/index.php\/2025\/06\/16\/trump-abandona-cumbre-del-g7-y-cancela-reunion-con-sheinbaum-por-crisis-en-oriente-medio-y-llama-a-evacuar-teheran\/"},"wordCount":288,"commentCount":0,"publisher":{"@id":"https:\/\/www.nexoinformativo.mx\/#organization"},"image":{"@id":"https:\/\/www.nexoinformativo.mx\/index.php\/2025\/06\/16\/trump-abandona-cumbre-del-g7-y-cancela-reunion-con-sheinbaum-por-crisis-en-oriente-medio-y-llama-a-evacuar-teheran\/#primaryimage"},"thumbnailUrl":"https:\/\/www.nexoinformativo.mx\/wp-content\/uploads\/2025\/06\/IMG_4037.jpg","keywords":["ConflictoIsraelIran","DonaldTrump","G7","OrienteMedio"],"articleSection":["Nacional","Pol\u00edtica","\u00daltima Hora"],"inLanguage":"es","potentialAction":[{"@type":"CommentAction","name":"Comment","target":["https:\/\/www.nexoinformativo.mx\/index.php\/2025\/06\/16\/trump-abandona-cumbre-del-g7-y-cancela-reunion-con-sheinbaum-por-crisis-en-oriente-medio-y-llama-a-evacuar-teheran\/#respond"]}]},{"@type":"WebPage","@id":"https:\/\/www.nexoinformativo.mx\/index.php\/2025\/06\/16\/trump-abandona-cumbre-del-g7-y-cancela-reunion-con-sheinbaum-por-crisis-en-oriente-medio-y-llama-a-evacuar-teheran\/","url":"https:\/\/www.nexoinformativo.mx\/index.php\/2025\/06\/16\/trump-abandona-cumbre-del-g7-y-cancela-reunion-con-sheinbaum-por-crisis-en-oriente-medio-y-llama-a-evacuar-teheran\/","name":"Trump abandona Cumbre del G7 y cancela reuni\u00f3n con Sheinbaum por crisis en Oriente Medio y llama a evacuar Teher\u00e1n | Nexo Informativo Santiago de Quer\u00e9taro","isPartOf":{"@id":"https:\/\/www.nexoinformativo.mx\/#website"},"primaryImageOfPage":{"@id":"https:\/\/www.nexoinformativo.mx\/index.php\/2025\/06\/16\/trump-abandona-cumbre-del-g7-y-cancela-reunion-con-sheinbaum-por-crisis-en-oriente-medio-y-llama-a-evacuar-teheran\/#primaryimage"},"image":{"@id":"https:\/\/www.nexoinformativo.mx\/index.php\/2025\/06\/16\/trump-abandona-cumbre-del-g7-y-cancela-reunion-con-sheinbaum-por-crisis-en-oriente-medio-y-llama-a-evacuar-teheran\/#primaryimage"},"thumbnailUrl":"https:\/\/www.nexoinformativo.mx\/wp-content\/uploads\/2025\/06\/IMG_4037.jpg","datePublished":"2025-06-16T21:00:59+00:00","dateModified":"2025-06-17T02:38:21+00:00","description":"Trump abandona Cumbre del G7 y cancela reuni\u00f3n con Sheinbaum por crisis en Oriente Medio y llama a evacuar Teher\u00e1n","breadcrumb":{"@id":"https:\/\/www.nexoinformativo.mx\/index.php\/2025\/06\/16\/trump-abandona-cumbre-del-g7-y-cancela-reunion-con-sheinbaum-por-crisis-en-oriente-medio-y-llama-a-evacuar-teheran\/#breadcrumb"},"inLanguage":"es","potentialAction":[{"@type":"ReadAction","target":["https:\/\/www.nexoinformativo.mx\/index.php\/2025\/06\/16\/trump-abandona-cumbre-del-g7-y-cancela-reunion-con-sheinbaum-por-crisis-en-oriente-medio-y-llama-a-evacuar-teheran\/"]}]},{"@type":"ImageObject","inLanguage":"es","@id":"https:\/\/www.nexoinformativo.mx\/index.php\/2025\/06\/16\/trump-abandona-cumbre-del-g7-y-cancela-reunion-con-sheinbaum-por-crisis-en-oriente-medio-y-llama-a-evacuar-teheran\/#primaryimage","url":"https:\/\/www.nexoinformativo.mx\/wp-content\/uploads\/2025\/06\/IMG_4037.jpg","contentUrl":"https:\/\/www.nexoinformativo.mx\/wp-content\/uploads\/2025\/06\/IMG_4037.jpg","width":739,"height":415},{"@type":"BreadcrumbList","@id":"https:\/\/www.nexoinformativo.mx\/index.php\/2025\/06\/16\/trump-abandona-cumbre-del-g7-y-cancela-reunion-con-sheinbaum-por-crisis-en-oriente-medio-y-llama-a-evacuar-teheran\/#breadcrumb","itemListElement":[{"@type":"ListItem","position":1,"name":"Inicio","item":"https:\/\/www.nexoinformativo.mx\/"},{"@type":"ListItem","position":2,"name":"Trump abandona Cumbre del G7 y cancela reuni\u00f3n con Sheinbaum por crisis en Oriente Medio y llama a evacuar Teher\u00e1n"}]},{"@type":"WebSite","@id":"https:\/\/www.nexoinformativo.mx\/#website","url":"https:\/\/www.nexoinformativo.mx\/","name":"Nexo Informativo Santiago de Quer\u00e9taro","description":"Explora NexoInformativo y convi\u00e9rtete en parte de una comunidad que valora el conocimiento y la verdad. Tu nexoinformativo es tu puente hacia una comprensi\u00f3n m\u00e1s profunda del mundo que te rodea.","publisher":{"@id":"https:\/\/www.nexoinformativo.mx\/#organization"},"potentialAction":[{"@type":"SearchAction","target":{"@type":"EntryPoint","urlTemplate":"https:\/\/www.nexoinformativo.mx\/?s={search_term_string}"},"query-input":{"@type":"PropertyValueSpecification","valueRequired":true,"valueName":"search_term_string"}}],"inLanguage":"es"},{"@type":"Organization","@id":"https:\/\/www.nexoinformativo.mx\/#organization","name":"Nexo Informativo Santiago de Quer\u00e9taro","url":"https:\/\/www.nexoinformativo.mx\/","logo":{"@type":"ImageObject","inLanguage":"es","@id":"https:\/\/www.nexoinformativo.mx\/#\/schema\/logo\/image\/","url":"https:\/\/www.nexoinformativo.mx\/wp-content\/uploads\/2024\/07\/nexoi-trasparente-2.png","contentUrl":"https:\/\/www.nexoinformativo.mx\/wp-content\/uploads\/2024\/07\/nexoi-trasparente-2.png","width":816,"height":339,"caption":"Nexo Informativo Santiago de Quer\u00e9taro"},"image":{"@id":"https:\/\/www.nexoinformativo.mx\/#\/schema\/logo\/image\/"},"sameAs":["https:\/\/www.facebook.com\/people\/Nexo-Informativo\/61564066885511\/"]},{"@type":"Person","@id":"https:\/\/www.nexoinformativo.mx\/#\/schema\/person\/7749d380ba08c8ca00d7bc76fd907b7d","name":"Nexo Informativo","image":{"@type":"ImageObject","inLanguage":"es","@id":"https:\/\/www.nexoinformativo.mx\/#\/schema\/person\/image\/","url":"https:\/\/secure.gravatar.com\/avatar\/dde2928154642a13d95f87ddf1ea9718fe2b46760a005c53e41ff5ad610704e6?s=96&d=mm&r=g","contentUrl":"https:\/\/secure.gravatar.com\/avatar\/dde2928154642a13d95f87ddf1ea9718fe2b46760a005c53e41ff5ad610704e6?s=96&d=mm&r=g","caption":"Nexo Informativo"},"url":"https:\/\/www.nexoinformativo.mx\/index.php\/author\/edicion\/"}]}},"_links":{"self":[{"href":"https:\/\/www.nexoinformativo.mx\/index.php\/wp-json\/wp\/v2\/posts\/15895","targetHints":{"allow":["GET"]}}],"collection":[{"href":"https:\/\/www.nexoinformativo.mx\/index.php\/wp-json\/wp\/v2\/posts"}],"about":[{"href":"https:\/\/www.nexoinformativo.mx\/index.php\/wp-json\/wp\/v2\/types\/post"}],"author":[{"embeddable":true,"href":"https:\/\/www.nexoinformativo.mx\/index.php\/wp-json\/wp\/v2\/users\/3"}],"replies":[{"embeddable":true,"href":"https:\/\/www.nexoinformativo.mx\/index.php\/wp-json\/wp\/v2\/comments?post=15895"}],"version-history":[{"count":4,"href":"https:\/\/www.nexoinformativo.mx\/index.php\/wp-json\/wp\/v2\/posts\/15895\/revisions"}],"predecessor-version":[{"id":15901,"href":"https:\/\/www.nexoinformativo.mx\/index.php\/wp-json\/wp\/v2\/posts\/15895\/revisions\/15901"}],"wp:featuredmedia":[{"embeddable":true,"href":"https:\/\/www.nexoinformativo.mx\/index.php\/wp-json\/wp\/v2\/media\/15897"}],"wp:attachment":[{"href":"https:\/\/www.nexoinformativo.mx\/index.php\/wp-json\/wp\/v2\/media?parent=15895"}],"wp:term":[{"taxonomy":"category","embeddable":true,"href":"https:\/\/www.nexoinformativo.mx\/index.php\/wp-json\/wp\/v2\/categories?post=15895"},{"taxonomy":"post_tag","embeddable":true,"href":"https:\/\/www.nexoinformativo.mx\/index.php\/wp-json\/wp\/v2\/tags?post=15895"}],"curies":[{"name":"wp","href":"https:\/\/api.w.org\/{rel}","templated":true}]}}