{"id":15902,"date":"2025-06-16T16:00:25","date_gmt":"2025-06-16T22:00:25","guid":{"rendered":"https:\/\/www.nexoinformativo.mx\/?p=15902"},"modified":"2025-06-16T20:55:12","modified_gmt":"2025-06-17T02:55:12","slug":"apoyo-vital-al-campo-kuri-entrega-forraje-a-productores-de-san-juan-del-rio-afectados-por-sequia","status":"publish","type":"post","link":"https:\/\/www.nexoinformativo.mx\/index.php\/2025\/06\/16\/apoyo-vital-al-campo-kuri-entrega-forraje-a-productores-de-san-juan-del-rio-afectados-por-sequia\/","title":{"rendered":"Apoyo vital al campo Kuri entrega forraje a productores de San Juan del R\u00edo afectados por sequ\u00eda"},"content":{"rendered":"<p style=\"text-align: justify;\" data-sourcepos=\"5:1-5:418\">El gobernador de Quer\u00e9taro, Mauricio Kuri, encabez\u00f3 hoy en San Juan del R\u00edo la entrega de apoyos vitales para 219 productores afectados por la sequ\u00eda de los \u00faltimos meses.<\/p>\n<p>&nbsp;<\/p>\n<p style=\"text-align: justify;\" data-sourcepos=\"5:1-5:418\">Esta acci\u00f3n, enmarcada en la Estrategia para la Atenci\u00f3n de Contingencias Agropecuarias 2025, reafirma el compromiso del gobierno con el sector primario del estado.<\/p>\n<p>&nbsp;<\/p>\n<p style=\"text-align: justify;\" data-sourcepos=\"7:1-7:337\">En un evento realizado en la Unidad Deportiva Maqu\u00edo, se entregaron 192 toneladas de forraje. El mandatario estatal subray\u00f3 la importancia del trabajo en equipo, destacando la suma de esfuerzos entre el Gobierno del Estado, las autoridades municipales y la Uni\u00f3n Ganadera Regional para llevar a San Juan del R\u00edo &#8220;al siguiente nivel&#8221;.<\/p>\n<p>&nbsp;<\/p>\n<p style=\"text-align: justify;\" data-sourcepos=\"15:1-15:379\">Rosendo Anaya Aguilar, titular de la Secretar\u00eda de Desarrollo Agropecuario (SEDEA), explic\u00f3 que, aunque ya comenz\u00f3 la temporada de lluvias, los productores de forraje y ganado a\u00fan resienten los efectos de la sequ\u00eda.<\/p>\n<p>&nbsp;<\/p>\n<p style=\"text-align: justify;\" data-sourcepos=\"17:1-17:259\">Anaya Aguilar record\u00f3 que, a lo largo de la administraci\u00f3n, se ha brindado un acompa\u00f1amiento permanente a quienes hacen posible que los alimentos lleguen a la mesa de los queretanos, a trav\u00e9s de diversos programas y la entrega de ma\u00edz e implementos agr\u00edcolas.<\/p>\n<p>&nbsp;<\/p>\n<p style=\"text-align: justify;\" data-sourcepos=\"21:1-21:498\">Eduardo Osornio Miranda, representante de los beneficiarios, agradeci\u00f3 el respaldo de las autoridades, se\u00f1alando que las condiciones clim\u00e1ticas han generado importantes p\u00e9rdidas para el sector.<\/p>\n<p>&nbsp;<\/p>\n<p style=\"text-align: justify;\" data-sourcepos=\"21:1-21:498\">Reconoci\u00f3 que, a pesar de las dificultades, no se han sentido solos, gracias al apoyo de las autoridades municipales, el Gobierno del Estado y la Uni\u00f3n Ganadera de Quer\u00e9taro. En esta ocasi\u00f3n, se entregaron cinco mil 475 pacas de avena para la alimentaci\u00f3n de ganado.<\/p>\n<p>&nbsp;<\/p>\n<p style=\"text-align: justify;\" data-sourcepos=\"23:1-23:248\">Finalmente, Roberto Carlos Cabrera, presidente municipal de San Juan del R\u00edo, agradeci\u00f3 a las autoridades por estar pendientes de las necesidades y desaf\u00edos del sector primario, lo que demuestra un gobierno sensible a las adversidades.<\/p>\n<p>&nbsp;<\/p>\n<p style=\"text-align: center;\" data-sourcepos=\"23:1-23:248\"><em><strong>\u00a1Informaci\u00f3n que transforma!<\/strong><\/em><\/p>\n","protected":false},"excerpt":{"rendered":"<p>El gobernador de Quer\u00e9taro, Mauricio Kuri, encabez\u00f3 hoy en San Juan del R\u00edo la entrega de apoyos vitales para 219 productores afectados por la sequ\u00eda de los \u00faltimos meses.<\/p>\n","protected":false},"author":3,"featured_media":15904,"comment_status":"open","ping_status":"open","sticky":false,"template":"","format":"standard","meta":{"footnotes":""},"categories":[65,58],"tags":[4778,820,382,4468],"class_list":["post-15902","post","type-post","status-publish","format-standard","has-post-thumbnail","hentry","category-municipios","category-ultima-hora","tag-apoyoganadero","tag-campoqueretano","tag-sanjuandelrio","tag-sequiaqro"],"yoast_head":"<!-- This site is optimized with the Yoast SEO plugin v25.0 - https:\/\/yoast.com\/wordpress\/plugins\/seo\/ -->\n<title>Apoyo vital al campo Kuri entrega forraje a productores de San Juan del R\u00edo afectados por sequ\u00eda | Nexo Informativo Santiago de Quer\u00e9taro<\/title>\n<meta name=\"description\" content=\"Apoyo vital al campo Kuri entrega forraje a productores de San Juan del R\u00edo afectados por sequ\u00eda\" \/>\n<meta name=\"robots\" content=\"index, follow, max-snippet:-1, max-image-preview:large, max-video-preview:-1\" \/>\n<link rel=\"canonical\" href=\"https:\/\/www.nexoinformativo.mx\/index.php\/2025\/06\/16\/apoyo-vital-al-campo-kuri-entrega-forraje-a-productores-de-san-juan-del-rio-afectados-por-sequia\/\" \/>\n<meta property=\"og:locale\" content=\"es_MX\" \/>\n<meta property=\"og:type\" content=\"article\" \/>\n<meta property=\"og:title\" content=\"Apoyo vital al campo Kuri entrega forraje a productores de San Juan del R\u00edo afectados por sequ\u00eda | Nexo Informativo Santiago de Quer\u00e9taro\" \/>\n<meta property=\"og:description\" content=\"Apoyo vital al campo Kuri entrega forraje a productores de San Juan del R\u00edo afectados por sequ\u00eda\" \/>\n<meta property=\"og:url\" content=\"https:\/\/www.nexoinformativo.mx\/index.php\/2025\/06\/16\/apoyo-vital-al-campo-kuri-entrega-forraje-a-productores-de-san-juan-del-rio-afectados-por-sequia\/\" \/>\n<meta property=\"og:site_name\" content=\"Nexo Informativo Santiago de Quer\u00e9taro\" \/>\n<meta property=\"article:publisher\" content=\"https:\/\/www.facebook.com\/people\/Nexo-Informativo\/61564066885511\/\" \/>\n<meta property=\"article:published_time\" content=\"2025-06-16T22:00:25+00:00\" \/>\n<meta property=\"article:modified_time\" content=\"2025-06-17T02:55:12+00:00\" \/>\n<meta property=\"og:image\" content=\"https:\/\/www.nexoinformativo.mx\/wp-content\/uploads\/2025\/06\/PHOTO-2025-06-16-19-36-47-e1750128276953.jpg\" \/>\n\t<meta property=\"og:image:width\" content=\"800\" \/>\n\t<meta property=\"og:image:height\" content=\"534\" \/>\n\t<meta property=\"og:image:type\" content=\"image\/jpeg\" \/>\n<meta name=\"author\" content=\"Nexo Informativo\" \/>\n<meta name=\"twitter:card\" content=\"summary_large_image\" \/>\n<meta name=\"twitter:label1\" content=\"Escrito por\" \/>\n\t<meta name=\"twitter:data1\" content=\"Nexo Informativo\" \/>\n\t<meta name=\"twitter:label2\" content=\"Tiempo de lectura\" \/>\n\t<meta name=\"twitter:data2\" content=\"2 minutos\" \/>\n<script type=\"application\/ld+json\" class=\"yoast-schema-graph\">{\"@context\":\"https:\/\/schema.org\",\"@graph\":[{\"@type\":\"Article\",\"@id\":\"https:\/\/www.nexoinformativo.mx\/index.php\/2025\/06\/16\/apoyo-vital-al-campo-kuri-entrega-forraje-a-productores-de-san-juan-del-rio-afectados-por-sequia\/#article\",\"isPartOf\":{\"@id\":\"https:\/\/www.nexoinformativo.mx\/index.php\/2025\/06\/16\/apoyo-vital-al-campo-kuri-entrega-forraje-a-productores-de-san-juan-del-rio-afectados-por-sequia\/\"},\"author\":{\"name\":\"Nexo Informativo\",\"@id\":\"https:\/\/www.nexoinformativo.mx\/#\/schema\/person\/7749d380ba08c8ca00d7bc76fd907b7d\"},\"headline\":\"Apoyo vital al campo Kuri entrega forraje a productores de San Juan del R\u00edo afectados por sequ\u00eda\",\"datePublished\":\"2025-06-16T22:00:25+00:00\",\"dateModified\":\"2025-06-17T02:55:12+00:00\",\"mainEntityOfPage\":{\"@id\":\"https:\/\/www.nexoinformativo.mx\/index.php\/2025\/06\/16\/apoyo-vital-al-campo-kuri-entrega-forraje-a-productores-de-san-juan-del-rio-afectados-por-sequia\/\"},\"wordCount\":339,\"commentCount\":0,\"publisher\":{\"@id\":\"https:\/\/www.nexoinformativo.mx\/#organization\"},\"image\":{\"@id\":\"https:\/\/www.nexoinformativo.mx\/index.php\/2025\/06\/16\/apoyo-vital-al-campo-kuri-entrega-forraje-a-productores-de-san-juan-del-rio-afectados-por-sequia\/#primaryimage\"},\"thumbnailUrl\":\"https:\/\/www.nexoinformativo.mx\/wp-content\/uploads\/2025\/06\/PHOTO-2025-06-16-19-36-47-e1750128276953.jpg\",\"keywords\":[\"ApoyoGanadero\",\"CampoQueretano\",\"SanJuanDelR\u00edo\",\"Sequ\u00edaQro\"],\"articleSection\":[\"Municipios\",\"\u00daltima Hora\"],\"inLanguage\":\"es\",\"potentialAction\":[{\"@type\":\"CommentAction\",\"name\":\"Comment\",\"target\":[\"https:\/\/www.nexoinformativo.mx\/index.php\/2025\/06\/16\/apoyo-vital-al-campo-kuri-entrega-forraje-a-productores-de-san-juan-del-rio-afectados-por-sequia\/#respond\"]}]},{\"@type\":\"WebPage\",\"@id\":\"https:\/\/www.nexoinformativo.mx\/index.php\/2025\/06\/16\/apoyo-vital-al-campo-kuri-entrega-forraje-a-productores-de-san-juan-del-rio-afectados-por-sequia\/\",\"url\":\"https:\/\/www.nexoinformativo.mx\/index.php\/2025\/06\/16\/apoyo-vital-al-campo-kuri-entrega-forraje-a-productores-de-san-juan-del-rio-afectados-por-sequia\/\",\"name\":\"Apoyo vital al campo Kuri entrega forraje a productores de San Juan del R\u00edo afectados por sequ\u00eda | Nexo Informativo Santiago de Quer\u00e9taro\",\"isPartOf\":{\"@id\":\"https:\/\/www.nexoinformativo.mx\/#website\"},\"primaryImageOfPage\":{\"@id\":\"https:\/\/www.nexoinformativo.mx\/index.php\/2025\/06\/16\/apoyo-vital-al-campo-kuri-entrega-forraje-a-productores-de-san-juan-del-rio-afectados-por-sequia\/#primaryimage\"},\"image\":{\"@id\":\"https:\/\/www.nexoinformativo.mx\/index.php\/2025\/06\/16\/apoyo-vital-al-campo-kuri-entrega-forraje-a-productores-de-san-juan-del-rio-afectados-por-sequia\/#primaryimage\"},\"thumbnailUrl\":\"https:\/\/www.nexoinformativo.mx\/wp-content\/uploads\/2025\/06\/PHOTO-2025-06-16-19-36-47-e1750128276953.jpg\",\"datePublished\":\"2025-06-16T22:00:25+00:00\",\"dateModified\":\"2025-06-17T02:55:12+00:00\",\"description\":\"Apoyo vital al campo Kuri entrega forraje a productores de San Juan del R\u00edo afectados por sequ\u00eda\",\"breadcrumb\":{\"@id\":\"https:\/\/www.nexoinformativo.mx\/index.php\/2025\/06\/16\/apoyo-vital-al-campo-kuri-entrega-forraje-a-productores-de-san-juan-del-rio-afectados-por-sequia\/#breadcrumb\"},\"inLanguage\":\"es\",\"potentialAction\":[{\"@type\":\"ReadAction\",\"target\":[\"https:\/\/www.nexoinformativo.mx\/index.php\/2025\/06\/16\/apoyo-vital-al-campo-kuri-entrega-forraje-a-productores-de-san-juan-del-rio-afectados-por-sequia\/\"]}]},{\"@type\":\"ImageObject\",\"inLanguage\":\"es\",\"@id\":\"https:\/\/www.nexoinformativo.mx\/index.php\/2025\/06\/16\/apoyo-vital-al-campo-kuri-entrega-forraje-a-productores-de-san-juan-del-rio-afectados-por-sequia\/#primaryimage\",\"url\":\"https:\/\/www.nexoinformativo.mx\/wp-content\/uploads\/2025\/06\/PHOTO-2025-06-16-19-36-47-e1750128276953.jpg\",\"contentUrl\":\"https:\/\/www.nexoinformativo.mx\/wp-content\/uploads\/2025\/06\/PHOTO-2025-06-16-19-36-47-e1750128276953.jpg\",\"width\":800,\"height\":534},{\"@type\":\"BreadcrumbList\",\"@id\":\"https:\/\/www.nexoinformativo.mx\/index.php\/2025\/06\/16\/apoyo-vital-al-campo-kuri-entrega-forraje-a-productores-de-san-juan-del-rio-afectados-por-sequia\/#breadcrumb\",\"itemListElement\":[{\"@type\":\"ListItem\",\"position\":1,\"name\":\"Inicio\",\"item\":\"https:\/\/www.nexoinformativo.mx\/\"},{\"@type\":\"ListItem\",\"position\":2,\"name\":\"Apoyo vital al campo Kuri entrega forraje a productores de San Juan del R\u00edo afectados por sequ\u00eda\"}]},{\"@type\":\"WebSite\",\"@id\":\"https:\/\/www.nexoinformativo.mx\/#website\",\"url\":\"https:\/\/www.nexoinformativo.mx\/\",\"name\":\"Nexo Informativo Santiago de Quer\u00e9taro\",\"description\":\"Explora NexoInformativo y convi\u00e9rtete en parte de una comunidad que valora el conocimiento y la verdad. Tu nexoinformativo es tu puente hacia una comprensi\u00f3n m\u00e1s profunda del mundo que te rodea.\",\"publisher\":{\"@id\":\"https:\/\/www.nexoinformativo.mx\/#organization\"},\"potentialAction\":[{\"@type\":\"SearchAction\",\"target\":{\"@type\":\"EntryPoint\",\"urlTemplate\":\"https:\/\/www.nexoinformativo.mx\/?s={search_term_string}\"},\"query-input\":{\"@type\":\"PropertyValueSpecification\",\"valueRequired\":true,\"valueName\":\"search_term_string\"}}],\"inLanguage\":\"es\"},{\"@type\":\"Organization\",\"@id\":\"https:\/\/www.nexoinformativo.mx\/#organization\",\"name\":\"Nexo Informativo Santiago de Quer\u00e9taro\",\"url\":\"https:\/\/www.nexoinformativo.mx\/\",\"logo\":{\"@type\":\"ImageObject\",\"inLanguage\":\"es\",\"@id\":\"https:\/\/www.nexoinformativo.mx\/#\/schema\/logo\/image\/\",\"url\":\"https:\/\/www.nexoinformativo.mx\/wp-content\/uploads\/2024\/07\/nexoi-trasparente-2.png\",\"contentUrl\":\"https:\/\/www.nexoinformativo.mx\/wp-content\/uploads\/2024\/07\/nexoi-trasparente-2.png\",\"width\":816,\"height\":339,\"caption\":\"Nexo Informativo Santiago de Quer\u00e9taro\"},\"image\":{\"@id\":\"https:\/\/www.nexoinformativo.mx\/#\/schema\/logo\/image\/\"},\"sameAs\":[\"https:\/\/www.facebook.com\/people\/Nexo-Informativo\/61564066885511\/\"]},{\"@type\":\"Person\",\"@id\":\"https:\/\/www.nexoinformativo.mx\/#\/schema\/person\/7749d380ba08c8ca00d7bc76fd907b7d\",\"name\":\"Nexo Informativo\",\"image\":{\"@type\":\"ImageObject\",\"inLanguage\":\"es\",\"@id\":\"https:\/\/www.nexoinformativo.mx\/#\/schema\/person\/image\/\",\"url\":\"https:\/\/secure.gravatar.com\/avatar\/dde2928154642a13d95f87ddf1ea9718fe2b46760a005c53e41ff5ad610704e6?s=96&d=mm&r=g\",\"contentUrl\":\"https:\/\/secure.gravatar.com\/avatar\/dde2928154642a13d95f87ddf1ea9718fe2b46760a005c53e41ff5ad610704e6?s=96&d=mm&r=g\",\"caption\":\"Nexo Informativo\"},\"url\":\"https:\/\/www.nexoinformativo.mx\/index.php\/author\/edicion\/\"}]}<\/script>\n<!-- \/ Yoast SEO plugin. -->","yoast_head_json":{"title":"Apoyo vital al campo Kuri entrega forraje a productores de San Juan del R\u00edo afectados por sequ\u00eda | Nexo Informativo Santiago de Quer\u00e9taro","description":"Apoyo vital al campo Kuri entrega forraje a productores de San Juan del R\u00edo afectados por sequ\u00eda","robots":{"index":"index","follow":"follow","max-snippet":"max-snippet:-1","max-image-preview":"max-image-preview:large","max-video-preview":"max-video-preview:-1"},"canonical":"https:\/\/www.nexoinformativo.mx\/index.php\/2025\/06\/16\/apoyo-vital-al-campo-kuri-entrega-forraje-a-productores-de-san-juan-del-rio-afectados-por-sequia\/","og_locale":"es_MX","og_type":"article","og_title":"Apoyo vital al campo Kuri entrega forraje a productores de San Juan del R\u00edo afectados por sequ\u00eda | Nexo Informativo Santiago de Quer\u00e9taro","og_description":"Apoyo vital al campo Kuri entrega forraje a productores de San Juan del R\u00edo afectados por sequ\u00eda","og_url":"https:\/\/www.nexoinformativo.mx\/index.php\/2025\/06\/16\/apoyo-vital-al-campo-kuri-entrega-forraje-a-productores-de-san-juan-del-rio-afectados-por-sequia\/","og_site_name":"Nexo Informativo Santiago de Quer\u00e9taro","article_publisher":"https:\/\/www.facebook.com\/people\/Nexo-Informativo\/61564066885511\/","article_published_time":"2025-06-16T22:00:25+00:00","article_modified_time":"2025-06-17T02:55:12+00:00","og_image":[{"width":800,"height":534,"url":"https:\/\/www.nexoinformativo.mx\/wp-content\/uploads\/2025\/06\/PHOTO-2025-06-16-19-36-47-e1750128276953.jpg","type":"image\/jpeg"}],"author":"Nexo Informativo","twitter_card":"summary_large_image","twitter_misc":{"Escrito por":"Nexo Informativo","Tiempo de lectura":"2 minutos"},"schema":{"@context":"https:\/\/schema.org","@graph":[{"@type":"Article","@id":"https:\/\/www.nexoinformativo.mx\/index.php\/2025\/06\/16\/apoyo-vital-al-campo-kuri-entrega-forraje-a-productores-de-san-juan-del-rio-afectados-por-sequia\/#article","isPartOf":{"@id":"https:\/\/www.nexoinformativo.mx\/index.php\/2025\/06\/16\/apoyo-vital-al-campo-kuri-entrega-forraje-a-productores-de-san-juan-del-rio-afectados-por-sequia\/"},"author":{"name":"Nexo Informativo","@id":"https:\/\/www.nexoinformativo.mx\/#\/schema\/person\/7749d380ba08c8ca00d7bc76fd907b7d"},"headline":"Apoyo vital al campo Kuri entrega forraje a productores de San Juan del R\u00edo afectados por sequ\u00eda","datePublished":"2025-06-16T22:00:25+00:00","dateModified":"2025-06-17T02:55:12+00:00","mainEntityOfPage":{"@id":"https:\/\/www.nexoinformativo.mx\/index.php\/2025\/06\/16\/apoyo-vital-al-campo-kuri-entrega-forraje-a-productores-de-san-juan-del-rio-afectados-por-sequia\/"},"wordCount":339,"commentCount":0,"publisher":{"@id":"https:\/\/www.nexoinformativo.mx\/#organization"},"image":{"@id":"https:\/\/www.nexoinformativo.mx\/index.php\/2025\/06\/16\/apoyo-vital-al-campo-kuri-entrega-forraje-a-productores-de-san-juan-del-rio-afectados-por-sequia\/#primaryimage"},"thumbnailUrl":"https:\/\/www.nexoinformativo.mx\/wp-content\/uploads\/2025\/06\/PHOTO-2025-06-16-19-36-47-e1750128276953.jpg","keywords":["ApoyoGanadero","CampoQueretano","SanJuanDelR\u00edo","Sequ\u00edaQro"],"articleSection":["Municipios","\u00daltima Hora"],"inLanguage":"es","potentialAction":[{"@type":"CommentAction","name":"Comment","target":["https:\/\/www.nexoinformativo.mx\/index.php\/2025\/06\/16\/apoyo-vital-al-campo-kuri-entrega-forraje-a-productores-de-san-juan-del-rio-afectados-por-sequia\/#respond"]}]},{"@type":"WebPage","@id":"https:\/\/www.nexoinformativo.mx\/index.php\/2025\/06\/16\/apoyo-vital-al-campo-kuri-entrega-forraje-a-productores-de-san-juan-del-rio-afectados-por-sequia\/","url":"https:\/\/www.nexoinformativo.mx\/index.php\/2025\/06\/16\/apoyo-vital-al-campo-kuri-entrega-forraje-a-productores-de-san-juan-del-rio-afectados-por-sequia\/","name":"Apoyo vital al campo Kuri entrega forraje a productores de San Juan del R\u00edo afectados por sequ\u00eda | Nexo Informativo Santiago de Quer\u00e9taro","isPartOf":{"@id":"https:\/\/www.nexoinformativo.mx\/#website"},"primaryImageOfPage":{"@id":"https:\/\/www.nexoinformativo.mx\/index.php\/2025\/06\/16\/apoyo-vital-al-campo-kuri-entrega-forraje-a-productores-de-san-juan-del-rio-afectados-por-sequia\/#primaryimage"},"image":{"@id":"https:\/\/www.nexoinformativo.mx\/index.php\/2025\/06\/16\/apoyo-vital-al-campo-kuri-entrega-forraje-a-productores-de-san-juan-del-rio-afectados-por-sequia\/#primaryimage"},"thumbnailUrl":"https:\/\/www.nexoinformativo.mx\/wp-content\/uploads\/2025\/06\/PHOTO-2025-06-16-19-36-47-e1750128276953.jpg","datePublished":"2025-06-16T22:00:25+00:00","dateModified":"2025-06-17T02:55:12+00:00","description":"Apoyo vital al campo Kuri entrega forraje a productores de San Juan del R\u00edo afectados por sequ\u00eda","breadcrumb":{"@id":"https:\/\/www.nexoinformativo.mx\/index.php\/2025\/06\/16\/apoyo-vital-al-campo-kuri-entrega-forraje-a-productores-de-san-juan-del-rio-afectados-por-sequia\/#breadcrumb"},"inLanguage":"es","potentialAction":[{"@type":"ReadAction","target":["https:\/\/www.nexoinformativo.mx\/index.php\/2025\/06\/16\/apoyo-vital-al-campo-kuri-entrega-forraje-a-productores-de-san-juan-del-rio-afectados-por-sequia\/"]}]},{"@type":"ImageObject","inLanguage":"es","@id":"https:\/\/www.nexoinformativo.mx\/index.php\/2025\/06\/16\/apoyo-vital-al-campo-kuri-entrega-forraje-a-productores-de-san-juan-del-rio-afectados-por-sequia\/#primaryimage","url":"https:\/\/www.nexoinformativo.mx\/wp-content\/uploads\/2025\/06\/PHOTO-2025-06-16-19-36-47-e1750128276953.jpg","contentUrl":"https:\/\/www.nexoinformativo.mx\/wp-content\/uploads\/2025\/06\/PHOTO-2025-06-16-19-36-47-e1750128276953.jpg","width":800,"height":534},{"@type":"BreadcrumbList","@id":"https:\/\/www.nexoinformativo.mx\/index.php\/2025\/06\/16\/apoyo-vital-al-campo-kuri-entrega-forraje-a-productores-de-san-juan-del-rio-afectados-por-sequia\/#breadcrumb","itemListElement":[{"@type":"ListItem","position":1,"name":"Inicio","item":"https:\/\/www.nexoinformativo.mx\/"},{"@type":"ListItem","position":2,"name":"Apoyo vital al campo Kuri entrega forraje a productores de San Juan del R\u00edo afectados por sequ\u00eda"}]},{"@type":"WebSite","@id":"https:\/\/www.nexoinformativo.mx\/#website","url":"https:\/\/www.nexoinformativo.mx\/","name":"Nexo Informativo Santiago de Quer\u00e9taro","description":"Explora NexoInformativo y convi\u00e9rtete en parte de una comunidad que valora el conocimiento y la verdad. Tu nexoinformativo es tu puente hacia una comprensi\u00f3n m\u00e1s profunda del mundo que te rodea.","publisher":{"@id":"https:\/\/www.nexoinformativo.mx\/#organization"},"potentialAction":[{"@type":"SearchAction","target":{"@type":"EntryPoint","urlTemplate":"https:\/\/www.nexoinformativo.mx\/?s={search_term_string}"},"query-input":{"@type":"PropertyValueSpecification","valueRequired":true,"valueName":"search_term_string"}}],"inLanguage":"es"},{"@type":"Organization","@id":"https:\/\/www.nexoinformativo.mx\/#organization","name":"Nexo Informativo Santiago de Quer\u00e9taro","url":"https:\/\/www.nexoinformativo.mx\/","logo":{"@type":"ImageObject","inLanguage":"es","@id":"https:\/\/www.nexoinformativo.mx\/#\/schema\/logo\/image\/","url":"https:\/\/www.nexoinformativo.mx\/wp-content\/uploads\/2024\/07\/nexoi-trasparente-2.png","contentUrl":"https:\/\/www.nexoinformativo.mx\/wp-content\/uploads\/2024\/07\/nexoi-trasparente-2.png","width":816,"height":339,"caption":"Nexo Informativo Santiago de Quer\u00e9taro"},"image":{"@id":"https:\/\/www.nexoinformativo.mx\/#\/schema\/logo\/image\/"},"sameAs":["https:\/\/www.facebook.com\/people\/Nexo-Informativo\/61564066885511\/"]},{"@type":"Person","@id":"https:\/\/www.nexoinformativo.mx\/#\/schema\/person\/7749d380ba08c8ca00d7bc76fd907b7d","name":"Nexo Informativo","image":{"@type":"ImageObject","inLanguage":"es","@id":"https:\/\/www.nexoinformativo.mx\/#\/schema\/person\/image\/","url":"https:\/\/secure.gravatar.com\/avatar\/dde2928154642a13d95f87ddf1ea9718fe2b46760a005c53e41ff5ad610704e6?s=96&d=mm&r=g","contentUrl":"https:\/\/secure.gravatar.com\/avatar\/dde2928154642a13d95f87ddf1ea9718fe2b46760a005c53e41ff5ad610704e6?s=96&d=mm&r=g","caption":"Nexo Informativo"},"url":"https:\/\/www.nexoinformativo.mx\/index.php\/author\/edicion\/"}]}},"_links":{"self":[{"href":"https:\/\/www.nexoinformativo.mx\/index.php\/wp-json\/wp\/v2\/posts\/15902","targetHints":{"allow":["GET"]}}],"collection":[{"href":"https:\/\/www.nexoinformativo.mx\/index.php\/wp-json\/wp\/v2\/posts"}],"about":[{"href":"https:\/\/www.nexoinformativo.mx\/index.php\/wp-json\/wp\/v2\/types\/post"}],"author":[{"embeddable":true,"href":"https:\/\/www.nexoinformativo.mx\/index.php\/wp-json\/wp\/v2\/users\/3"}],"replies":[{"embeddable":true,"href":"https:\/\/www.nexoinformativo.mx\/index.php\/wp-json\/wp\/v2\/comments?post=15902"}],"version-history":[{"count":4,"href":"https:\/\/www.nexoinformativo.mx\/index.php\/wp-json\/wp\/v2\/posts\/15902\/revisions"}],"predecessor-version":[{"id":15906,"href":"https:\/\/www.nexoinformativo.mx\/index.php\/wp-json\/wp\/v2\/posts\/15902\/revisions\/15906"}],"wp:featuredmedia":[{"embeddable":true,"href":"https:\/\/www.nexoinformativo.mx\/index.php\/wp-json\/wp\/v2\/media\/15904"}],"wp:attachment":[{"href":"https:\/\/www.nexoinformativo.mx\/index.php\/wp-json\/wp\/v2\/media?parent=15902"}],"wp:term":[{"taxonomy":"category","embeddable":true,"href":"https:\/\/www.nexoinformativo.mx\/index.php\/wp-json\/wp\/v2\/categories?post=15902"},{"taxonomy":"post_tag","embeddable":true,"href":"https:\/\/www.nexoinformativo.mx\/index.php\/wp-json\/wp\/v2\/tags?post=15902"}],"curies":[{"name":"wp","href":"https:\/\/api.w.org\/{rel}","templated":true}]}}