{"id":15908,"date":"2025-06-16T17:00:22","date_gmt":"2025-06-16T23:00:22","guid":{"rendered":"https:\/\/www.nexoinformativo.mx\/?p=15908"},"modified":"2025-06-16T21:10:08","modified_gmt":"2025-06-17T03:10:08","slug":"oportunidad-unica-uteq-lanza-convocatoria-para-ingenieria-en-microelectronica-y-semiconductores","status":"publish","type":"post","link":"https:\/\/www.nexoinformativo.mx\/index.php\/2025\/06\/16\/oportunidad-unica-uteq-lanza-convocatoria-para-ingenieria-en-microelectronica-y-semiconductores\/","title":{"rendered":"\u00a1Oportunidad \u00fanica! UTEQ lanza convocatoria para Ingenier\u00eda en Microelectr\u00f3nica y Semiconductores"},"content":{"rendered":"<p style=\"text-align: justify;\" data-sourcepos=\"5:1-5:301\">La Universidad Tecnol\u00f3gica de Quer\u00e9taro (UTEQ) tiene una excelente noticia para ti: \u00a1mantiene abierta la convocatoria para su innovadora carrera de Ingenier\u00eda en Microelectr\u00f3nica y Semiconductores.<\/p>\n<p>&nbsp;<\/p>\n<p style=\"text-align: justify;\" data-sourcepos=\"7:1-7:432\">El objetivo de este programa es formar a profesionales altamente capacitados para insertarse r\u00e1pidamente en la industria.<\/p>\n<p>&nbsp;<\/p>\n<p style=\"text-align: justify;\" data-sourcepos=\"7:1-7:432\">Los egresados adquirir\u00e1n conocimientos especializados en la fabricaci\u00f3n de dispositivos de microelectr\u00f3nica y semiconductores, esenciales para sectores clave como el automotriz, instrumental m\u00e9dico, telecomunicaciones y electr\u00f3nica de consumo (computadoras, tabletas, tel\u00e9fonos celulares, entre otros).<\/p>\n<p>&nbsp;<\/p>\n<p style=\"text-align: justify;\" data-sourcepos=\"9:1-9:108\">Esta carrera es una oportunidad \u00fanica, ya que pocas universidades en M\u00e9xico y Am\u00e9rica Latina la ofrecen.<\/p>\n<p>&nbsp;<\/p>\n<p style=\"text-align: justify;\" data-sourcepos=\"15:1-15:171\">Si est\u00e1s interesado en formar parte de la pr\u00f3xima generaci\u00f3n de ingenieros en esta \u00e1rea de alta demanda, tienes hasta el 17 de julio pr\u00f3ximo para registrarte en l\u00ednea.<\/p>\n<p>&nbsp;<\/p>\n<p style=\"text-align: justify;\" data-sourcepos=\"17:1-17:205\">Puedes hacerlo a trav\u00e9s de la direcci\u00f3n de internet: admisiones.uteq.edu.mx. Si necesitas m\u00e1s informaci\u00f3n sobre este programa espec\u00edfico, puedes comunicarte v\u00eda mensaje de WhatsApp al 446 139 1769.<\/p>\n<p>&nbsp;<\/p>\n<p style=\"text-align: center;\" data-sourcepos=\"17:1-17:205\"><em><strong>\u00a1Informaci\u00f3n que transforma!<\/strong><\/em><\/p>\n","protected":false},"excerpt":{"rendered":"<p>La Universidad Tecnol\u00f3gica de Quer\u00e9taro (UTEQ) tiene una excelente noticia para ti: \u00a1mantiene abierta la convocatoria para su innovadora carrera de Ingenier\u00eda en Microelectr\u00f3nica y Semiconductores.<\/p>\n","protected":false},"author":3,"featured_media":15909,"comment_status":"open","ping_status":"open","sticky":false,"template":"","format":"standard","meta":{"footnotes":""},"categories":[42,58],"tags":[4780,4779,616,2264],"class_list":["post-15908","post","type-post","status-publish","format-standard","has-post-thumbnail","hentry","category-estado","category-ultima-hora","tag-carrerastecnologicas","tag-microelectronica","tag-semiconductores","tag-uteq"],"yoast_head":"<!-- This site is optimized with the Yoast SEO plugin v25.0 - https:\/\/yoast.com\/wordpress\/plugins\/seo\/ -->\n<title>\u00a1Oportunidad \u00fanica! UTEQ lanza convocatoria para Ingenier\u00eda en Microelectr\u00f3nica y Semiconductores | Nexo Informativo Santiago de Quer\u00e9taro<\/title>\n<meta name=\"description\" content=\"\u00a1Oportunidad \u00fanica! UTEQ lanza convocatoria para Ingenier\u00eda en Microelectr\u00f3nica y Semiconductores\" \/>\n<meta name=\"robots\" content=\"index, follow, max-snippet:-1, max-image-preview:large, max-video-preview:-1\" \/>\n<link rel=\"canonical\" href=\"https:\/\/www.nexoinformativo.mx\/index.php\/2025\/06\/16\/oportunidad-unica-uteq-lanza-convocatoria-para-ingenieria-en-microelectronica-y-semiconductores\/\" \/>\n<meta property=\"og:locale\" content=\"es_MX\" \/>\n<meta property=\"og:type\" content=\"article\" \/>\n<meta property=\"og:title\" content=\"\u00a1Oportunidad \u00fanica! UTEQ lanza convocatoria para Ingenier\u00eda en Microelectr\u00f3nica y Semiconductores | Nexo Informativo Santiago de Quer\u00e9taro\" \/>\n<meta property=\"og:description\" content=\"\u00a1Oportunidad \u00fanica! UTEQ lanza convocatoria para Ingenier\u00eda en Microelectr\u00f3nica y Semiconductores\" \/>\n<meta property=\"og:url\" content=\"https:\/\/www.nexoinformativo.mx\/index.php\/2025\/06\/16\/oportunidad-unica-uteq-lanza-convocatoria-para-ingenieria-en-microelectronica-y-semiconductores\/\" \/>\n<meta property=\"og:site_name\" content=\"Nexo Informativo Santiago de Quer\u00e9taro\" \/>\n<meta property=\"article:publisher\" content=\"https:\/\/www.facebook.com\/people\/Nexo-Informativo\/61564066885511\/\" \/>\n<meta property=\"article:published_time\" content=\"2025-06-16T23:00:22+00:00\" \/>\n<meta property=\"article:modified_time\" content=\"2025-06-17T03:10:08+00:00\" \/>\n<meta property=\"og:image\" content=\"https:\/\/www.nexoinformativo.mx\/wp-content\/uploads\/2025\/06\/PHOTO-2025-06-16-19-38-52-e1750129127798.jpg\" \/>\n\t<meta property=\"og:image:width\" content=\"800\" \/>\n\t<meta property=\"og:image:height\" content=\"534\" \/>\n\t<meta property=\"og:image:type\" content=\"image\/jpeg\" \/>\n<meta name=\"author\" content=\"Nexo Informativo\" \/>\n<meta name=\"twitter:card\" content=\"summary_large_image\" \/>\n<meta name=\"twitter:label1\" content=\"Escrito por\" \/>\n\t<meta name=\"twitter:data1\" content=\"Nexo Informativo\" \/>\n\t<meta name=\"twitter:label2\" content=\"Tiempo de lectura\" \/>\n\t<meta name=\"twitter:data2\" content=\"1 minuto\" \/>\n<script type=\"application\/ld+json\" class=\"yoast-schema-graph\">{\"@context\":\"https:\/\/schema.org\",\"@graph\":[{\"@type\":\"Article\",\"@id\":\"https:\/\/www.nexoinformativo.mx\/index.php\/2025\/06\/16\/oportunidad-unica-uteq-lanza-convocatoria-para-ingenieria-en-microelectronica-y-semiconductores\/#article\",\"isPartOf\":{\"@id\":\"https:\/\/www.nexoinformativo.mx\/index.php\/2025\/06\/16\/oportunidad-unica-uteq-lanza-convocatoria-para-ingenieria-en-microelectronica-y-semiconductores\/\"},\"author\":{\"name\":\"Nexo Informativo\",\"@id\":\"https:\/\/www.nexoinformativo.mx\/#\/schema\/person\/7749d380ba08c8ca00d7bc76fd907b7d\"},\"headline\":\"\u00a1Oportunidad \u00fanica! UTEQ lanza convocatoria para Ingenier\u00eda en Microelectr\u00f3nica y Semiconductores\",\"datePublished\":\"2025-06-16T23:00:22+00:00\",\"dateModified\":\"2025-06-17T03:10:08+00:00\",\"mainEntityOfPage\":{\"@id\":\"https:\/\/www.nexoinformativo.mx\/index.php\/2025\/06\/16\/oportunidad-unica-uteq-lanza-convocatoria-para-ingenieria-en-microelectronica-y-semiconductores\/\"},\"wordCount\":197,\"commentCount\":0,\"publisher\":{\"@id\":\"https:\/\/www.nexoinformativo.mx\/#organization\"},\"image\":{\"@id\":\"https:\/\/www.nexoinformativo.mx\/index.php\/2025\/06\/16\/oportunidad-unica-uteq-lanza-convocatoria-para-ingenieria-en-microelectronica-y-semiconductores\/#primaryimage\"},\"thumbnailUrl\":\"https:\/\/www.nexoinformativo.mx\/wp-content\/uploads\/2025\/06\/PHOTO-2025-06-16-19-38-52-e1750129127798.jpg\",\"keywords\":[\"CarrerasTecnol\u00f3gicas\",\"Microelectr\u00f3nica\",\"Semiconductores\",\"UTEQ\"],\"articleSection\":[\"Estado\",\"\u00daltima Hora\"],\"inLanguage\":\"es\",\"potentialAction\":[{\"@type\":\"CommentAction\",\"name\":\"Comment\",\"target\":[\"https:\/\/www.nexoinformativo.mx\/index.php\/2025\/06\/16\/oportunidad-unica-uteq-lanza-convocatoria-para-ingenieria-en-microelectronica-y-semiconductores\/#respond\"]}]},{\"@type\":\"WebPage\",\"@id\":\"https:\/\/www.nexoinformativo.mx\/index.php\/2025\/06\/16\/oportunidad-unica-uteq-lanza-convocatoria-para-ingenieria-en-microelectronica-y-semiconductores\/\",\"url\":\"https:\/\/www.nexoinformativo.mx\/index.php\/2025\/06\/16\/oportunidad-unica-uteq-lanza-convocatoria-para-ingenieria-en-microelectronica-y-semiconductores\/\",\"name\":\"\u00a1Oportunidad \u00fanica! UTEQ lanza convocatoria para Ingenier\u00eda en Microelectr\u00f3nica y Semiconductores | Nexo Informativo Santiago de Quer\u00e9taro\",\"isPartOf\":{\"@id\":\"https:\/\/www.nexoinformativo.mx\/#website\"},\"primaryImageOfPage\":{\"@id\":\"https:\/\/www.nexoinformativo.mx\/index.php\/2025\/06\/16\/oportunidad-unica-uteq-lanza-convocatoria-para-ingenieria-en-microelectronica-y-semiconductores\/#primaryimage\"},\"image\":{\"@id\":\"https:\/\/www.nexoinformativo.mx\/index.php\/2025\/06\/16\/oportunidad-unica-uteq-lanza-convocatoria-para-ingenieria-en-microelectronica-y-semiconductores\/#primaryimage\"},\"thumbnailUrl\":\"https:\/\/www.nexoinformativo.mx\/wp-content\/uploads\/2025\/06\/PHOTO-2025-06-16-19-38-52-e1750129127798.jpg\",\"datePublished\":\"2025-06-16T23:00:22+00:00\",\"dateModified\":\"2025-06-17T03:10:08+00:00\",\"description\":\"\u00a1Oportunidad \u00fanica! UTEQ lanza convocatoria para Ingenier\u00eda en Microelectr\u00f3nica y Semiconductores\",\"breadcrumb\":{\"@id\":\"https:\/\/www.nexoinformativo.mx\/index.php\/2025\/06\/16\/oportunidad-unica-uteq-lanza-convocatoria-para-ingenieria-en-microelectronica-y-semiconductores\/#breadcrumb\"},\"inLanguage\":\"es\",\"potentialAction\":[{\"@type\":\"ReadAction\",\"target\":[\"https:\/\/www.nexoinformativo.mx\/index.php\/2025\/06\/16\/oportunidad-unica-uteq-lanza-convocatoria-para-ingenieria-en-microelectronica-y-semiconductores\/\"]}]},{\"@type\":\"ImageObject\",\"inLanguage\":\"es\",\"@id\":\"https:\/\/www.nexoinformativo.mx\/index.php\/2025\/06\/16\/oportunidad-unica-uteq-lanza-convocatoria-para-ingenieria-en-microelectronica-y-semiconductores\/#primaryimage\",\"url\":\"https:\/\/www.nexoinformativo.mx\/wp-content\/uploads\/2025\/06\/PHOTO-2025-06-16-19-38-52-e1750129127798.jpg\",\"contentUrl\":\"https:\/\/www.nexoinformativo.mx\/wp-content\/uploads\/2025\/06\/PHOTO-2025-06-16-19-38-52-e1750129127798.jpg\",\"width\":800,\"height\":534},{\"@type\":\"BreadcrumbList\",\"@id\":\"https:\/\/www.nexoinformativo.mx\/index.php\/2025\/06\/16\/oportunidad-unica-uteq-lanza-convocatoria-para-ingenieria-en-microelectronica-y-semiconductores\/#breadcrumb\",\"itemListElement\":[{\"@type\":\"ListItem\",\"position\":1,\"name\":\"Inicio\",\"item\":\"https:\/\/www.nexoinformativo.mx\/\"},{\"@type\":\"ListItem\",\"position\":2,\"name\":\"\u00a1Oportunidad \u00fanica! UTEQ lanza convocatoria para Ingenier\u00eda en Microelectr\u00f3nica y Semiconductores\"}]},{\"@type\":\"WebSite\",\"@id\":\"https:\/\/www.nexoinformativo.mx\/#website\",\"url\":\"https:\/\/www.nexoinformativo.mx\/\",\"name\":\"Nexo Informativo Santiago de Quer\u00e9taro\",\"description\":\"Explora NexoInformativo y convi\u00e9rtete en parte de una comunidad que valora el conocimiento y la verdad. Tu nexoinformativo es tu puente hacia una comprensi\u00f3n m\u00e1s profunda del mundo que te rodea.\",\"publisher\":{\"@id\":\"https:\/\/www.nexoinformativo.mx\/#organization\"},\"potentialAction\":[{\"@type\":\"SearchAction\",\"target\":{\"@type\":\"EntryPoint\",\"urlTemplate\":\"https:\/\/www.nexoinformativo.mx\/?s={search_term_string}\"},\"query-input\":{\"@type\":\"PropertyValueSpecification\",\"valueRequired\":true,\"valueName\":\"search_term_string\"}}],\"inLanguage\":\"es\"},{\"@type\":\"Organization\",\"@id\":\"https:\/\/www.nexoinformativo.mx\/#organization\",\"name\":\"Nexo Informativo Santiago de Quer\u00e9taro\",\"url\":\"https:\/\/www.nexoinformativo.mx\/\",\"logo\":{\"@type\":\"ImageObject\",\"inLanguage\":\"es\",\"@id\":\"https:\/\/www.nexoinformativo.mx\/#\/schema\/logo\/image\/\",\"url\":\"https:\/\/www.nexoinformativo.mx\/wp-content\/uploads\/2024\/07\/nexoi-trasparente-2.png\",\"contentUrl\":\"https:\/\/www.nexoinformativo.mx\/wp-content\/uploads\/2024\/07\/nexoi-trasparente-2.png\",\"width\":816,\"height\":339,\"caption\":\"Nexo Informativo Santiago de Quer\u00e9taro\"},\"image\":{\"@id\":\"https:\/\/www.nexoinformativo.mx\/#\/schema\/logo\/image\/\"},\"sameAs\":[\"https:\/\/www.facebook.com\/people\/Nexo-Informativo\/61564066885511\/\"]},{\"@type\":\"Person\",\"@id\":\"https:\/\/www.nexoinformativo.mx\/#\/schema\/person\/7749d380ba08c8ca00d7bc76fd907b7d\",\"name\":\"Nexo Informativo\",\"image\":{\"@type\":\"ImageObject\",\"inLanguage\":\"es\",\"@id\":\"https:\/\/www.nexoinformativo.mx\/#\/schema\/person\/image\/\",\"url\":\"https:\/\/secure.gravatar.com\/avatar\/dde2928154642a13d95f87ddf1ea9718fe2b46760a005c53e41ff5ad610704e6?s=96&d=mm&r=g\",\"contentUrl\":\"https:\/\/secure.gravatar.com\/avatar\/dde2928154642a13d95f87ddf1ea9718fe2b46760a005c53e41ff5ad610704e6?s=96&d=mm&r=g\",\"caption\":\"Nexo Informativo\"},\"url\":\"https:\/\/www.nexoinformativo.mx\/index.php\/author\/edicion\/\"}]}<\/script>\n<!-- \/ Yoast SEO plugin. -->","yoast_head_json":{"title":"\u00a1Oportunidad \u00fanica! UTEQ lanza convocatoria para Ingenier\u00eda en Microelectr\u00f3nica y Semiconductores | Nexo Informativo Santiago de Quer\u00e9taro","description":"\u00a1Oportunidad \u00fanica! UTEQ lanza convocatoria para Ingenier\u00eda en Microelectr\u00f3nica y Semiconductores","robots":{"index":"index","follow":"follow","max-snippet":"max-snippet:-1","max-image-preview":"max-image-preview:large","max-video-preview":"max-video-preview:-1"},"canonical":"https:\/\/www.nexoinformativo.mx\/index.php\/2025\/06\/16\/oportunidad-unica-uteq-lanza-convocatoria-para-ingenieria-en-microelectronica-y-semiconductores\/","og_locale":"es_MX","og_type":"article","og_title":"\u00a1Oportunidad \u00fanica! UTEQ lanza convocatoria para Ingenier\u00eda en Microelectr\u00f3nica y Semiconductores | Nexo Informativo Santiago de Quer\u00e9taro","og_description":"\u00a1Oportunidad \u00fanica! UTEQ lanza convocatoria para Ingenier\u00eda en Microelectr\u00f3nica y Semiconductores","og_url":"https:\/\/www.nexoinformativo.mx\/index.php\/2025\/06\/16\/oportunidad-unica-uteq-lanza-convocatoria-para-ingenieria-en-microelectronica-y-semiconductores\/","og_site_name":"Nexo Informativo Santiago de Quer\u00e9taro","article_publisher":"https:\/\/www.facebook.com\/people\/Nexo-Informativo\/61564066885511\/","article_published_time":"2025-06-16T23:00:22+00:00","article_modified_time":"2025-06-17T03:10:08+00:00","og_image":[{"width":800,"height":534,"url":"https:\/\/www.nexoinformativo.mx\/wp-content\/uploads\/2025\/06\/PHOTO-2025-06-16-19-38-52-e1750129127798.jpg","type":"image\/jpeg"}],"author":"Nexo Informativo","twitter_card":"summary_large_image","twitter_misc":{"Escrito por":"Nexo Informativo","Tiempo de lectura":"1 minuto"},"schema":{"@context":"https:\/\/schema.org","@graph":[{"@type":"Article","@id":"https:\/\/www.nexoinformativo.mx\/index.php\/2025\/06\/16\/oportunidad-unica-uteq-lanza-convocatoria-para-ingenieria-en-microelectronica-y-semiconductores\/#article","isPartOf":{"@id":"https:\/\/www.nexoinformativo.mx\/index.php\/2025\/06\/16\/oportunidad-unica-uteq-lanza-convocatoria-para-ingenieria-en-microelectronica-y-semiconductores\/"},"author":{"name":"Nexo Informativo","@id":"https:\/\/www.nexoinformativo.mx\/#\/schema\/person\/7749d380ba08c8ca00d7bc76fd907b7d"},"headline":"\u00a1Oportunidad \u00fanica! UTEQ lanza convocatoria para Ingenier\u00eda en Microelectr\u00f3nica y Semiconductores","datePublished":"2025-06-16T23:00:22+00:00","dateModified":"2025-06-17T03:10:08+00:00","mainEntityOfPage":{"@id":"https:\/\/www.nexoinformativo.mx\/index.php\/2025\/06\/16\/oportunidad-unica-uteq-lanza-convocatoria-para-ingenieria-en-microelectronica-y-semiconductores\/"},"wordCount":197,"commentCount":0,"publisher":{"@id":"https:\/\/www.nexoinformativo.mx\/#organization"},"image":{"@id":"https:\/\/www.nexoinformativo.mx\/index.php\/2025\/06\/16\/oportunidad-unica-uteq-lanza-convocatoria-para-ingenieria-en-microelectronica-y-semiconductores\/#primaryimage"},"thumbnailUrl":"https:\/\/www.nexoinformativo.mx\/wp-content\/uploads\/2025\/06\/PHOTO-2025-06-16-19-38-52-e1750129127798.jpg","keywords":["CarrerasTecnol\u00f3gicas","Microelectr\u00f3nica","Semiconductores","UTEQ"],"articleSection":["Estado","\u00daltima Hora"],"inLanguage":"es","potentialAction":[{"@type":"CommentAction","name":"Comment","target":["https:\/\/www.nexoinformativo.mx\/index.php\/2025\/06\/16\/oportunidad-unica-uteq-lanza-convocatoria-para-ingenieria-en-microelectronica-y-semiconductores\/#respond"]}]},{"@type":"WebPage","@id":"https:\/\/www.nexoinformativo.mx\/index.php\/2025\/06\/16\/oportunidad-unica-uteq-lanza-convocatoria-para-ingenieria-en-microelectronica-y-semiconductores\/","url":"https:\/\/www.nexoinformativo.mx\/index.php\/2025\/06\/16\/oportunidad-unica-uteq-lanza-convocatoria-para-ingenieria-en-microelectronica-y-semiconductores\/","name":"\u00a1Oportunidad \u00fanica! UTEQ lanza convocatoria para Ingenier\u00eda en Microelectr\u00f3nica y Semiconductores | Nexo Informativo Santiago de Quer\u00e9taro","isPartOf":{"@id":"https:\/\/www.nexoinformativo.mx\/#website"},"primaryImageOfPage":{"@id":"https:\/\/www.nexoinformativo.mx\/index.php\/2025\/06\/16\/oportunidad-unica-uteq-lanza-convocatoria-para-ingenieria-en-microelectronica-y-semiconductores\/#primaryimage"},"image":{"@id":"https:\/\/www.nexoinformativo.mx\/index.php\/2025\/06\/16\/oportunidad-unica-uteq-lanza-convocatoria-para-ingenieria-en-microelectronica-y-semiconductores\/#primaryimage"},"thumbnailUrl":"https:\/\/www.nexoinformativo.mx\/wp-content\/uploads\/2025\/06\/PHOTO-2025-06-16-19-38-52-e1750129127798.jpg","datePublished":"2025-06-16T23:00:22+00:00","dateModified":"2025-06-17T03:10:08+00:00","description":"\u00a1Oportunidad \u00fanica! UTEQ lanza convocatoria para Ingenier\u00eda en Microelectr\u00f3nica y Semiconductores","breadcrumb":{"@id":"https:\/\/www.nexoinformativo.mx\/index.php\/2025\/06\/16\/oportunidad-unica-uteq-lanza-convocatoria-para-ingenieria-en-microelectronica-y-semiconductores\/#breadcrumb"},"inLanguage":"es","potentialAction":[{"@type":"ReadAction","target":["https:\/\/www.nexoinformativo.mx\/index.php\/2025\/06\/16\/oportunidad-unica-uteq-lanza-convocatoria-para-ingenieria-en-microelectronica-y-semiconductores\/"]}]},{"@type":"ImageObject","inLanguage":"es","@id":"https:\/\/www.nexoinformativo.mx\/index.php\/2025\/06\/16\/oportunidad-unica-uteq-lanza-convocatoria-para-ingenieria-en-microelectronica-y-semiconductores\/#primaryimage","url":"https:\/\/www.nexoinformativo.mx\/wp-content\/uploads\/2025\/06\/PHOTO-2025-06-16-19-38-52-e1750129127798.jpg","contentUrl":"https:\/\/www.nexoinformativo.mx\/wp-content\/uploads\/2025\/06\/PHOTO-2025-06-16-19-38-52-e1750129127798.jpg","width":800,"height":534},{"@type":"BreadcrumbList","@id":"https:\/\/www.nexoinformativo.mx\/index.php\/2025\/06\/16\/oportunidad-unica-uteq-lanza-convocatoria-para-ingenieria-en-microelectronica-y-semiconductores\/#breadcrumb","itemListElement":[{"@type":"ListItem","position":1,"name":"Inicio","item":"https:\/\/www.nexoinformativo.mx\/"},{"@type":"ListItem","position":2,"name":"\u00a1Oportunidad \u00fanica! UTEQ lanza convocatoria para Ingenier\u00eda en Microelectr\u00f3nica y Semiconductores"}]},{"@type":"WebSite","@id":"https:\/\/www.nexoinformativo.mx\/#website","url":"https:\/\/www.nexoinformativo.mx\/","name":"Nexo Informativo Santiago de Quer\u00e9taro","description":"Explora NexoInformativo y convi\u00e9rtete en parte de una comunidad que valora el conocimiento y la verdad. Tu nexoinformativo es tu puente hacia una comprensi\u00f3n m\u00e1s profunda del mundo que te rodea.","publisher":{"@id":"https:\/\/www.nexoinformativo.mx\/#organization"},"potentialAction":[{"@type":"SearchAction","target":{"@type":"EntryPoint","urlTemplate":"https:\/\/www.nexoinformativo.mx\/?s={search_term_string}"},"query-input":{"@type":"PropertyValueSpecification","valueRequired":true,"valueName":"search_term_string"}}],"inLanguage":"es"},{"@type":"Organization","@id":"https:\/\/www.nexoinformativo.mx\/#organization","name":"Nexo Informativo Santiago de Quer\u00e9taro","url":"https:\/\/www.nexoinformativo.mx\/","logo":{"@type":"ImageObject","inLanguage":"es","@id":"https:\/\/www.nexoinformativo.mx\/#\/schema\/logo\/image\/","url":"https:\/\/www.nexoinformativo.mx\/wp-content\/uploads\/2024\/07\/nexoi-trasparente-2.png","contentUrl":"https:\/\/www.nexoinformativo.mx\/wp-content\/uploads\/2024\/07\/nexoi-trasparente-2.png","width":816,"height":339,"caption":"Nexo Informativo Santiago de Quer\u00e9taro"},"image":{"@id":"https:\/\/www.nexoinformativo.mx\/#\/schema\/logo\/image\/"},"sameAs":["https:\/\/www.facebook.com\/people\/Nexo-Informativo\/61564066885511\/"]},{"@type":"Person","@id":"https:\/\/www.nexoinformativo.mx\/#\/schema\/person\/7749d380ba08c8ca00d7bc76fd907b7d","name":"Nexo Informativo","image":{"@type":"ImageObject","inLanguage":"es","@id":"https:\/\/www.nexoinformativo.mx\/#\/schema\/person\/image\/","url":"https:\/\/secure.gravatar.com\/avatar\/dde2928154642a13d95f87ddf1ea9718fe2b46760a005c53e41ff5ad610704e6?s=96&d=mm&r=g","contentUrl":"https:\/\/secure.gravatar.com\/avatar\/dde2928154642a13d95f87ddf1ea9718fe2b46760a005c53e41ff5ad610704e6?s=96&d=mm&r=g","caption":"Nexo Informativo"},"url":"https:\/\/www.nexoinformativo.mx\/index.php\/author\/edicion\/"}]}},"_links":{"self":[{"href":"https:\/\/www.nexoinformativo.mx\/index.php\/wp-json\/wp\/v2\/posts\/15908","targetHints":{"allow":["GET"]}}],"collection":[{"href":"https:\/\/www.nexoinformativo.mx\/index.php\/wp-json\/wp\/v2\/posts"}],"about":[{"href":"https:\/\/www.nexoinformativo.mx\/index.php\/wp-json\/wp\/v2\/types\/post"}],"author":[{"embeddable":true,"href":"https:\/\/www.nexoinformativo.mx\/index.php\/wp-json\/wp\/v2\/users\/3"}],"replies":[{"embeddable":true,"href":"https:\/\/www.nexoinformativo.mx\/index.php\/wp-json\/wp\/v2\/comments?post=15908"}],"version-history":[{"count":4,"href":"https:\/\/www.nexoinformativo.mx\/index.php\/wp-json\/wp\/v2\/posts\/15908\/revisions"}],"predecessor-version":[{"id":15912,"href":"https:\/\/www.nexoinformativo.mx\/index.php\/wp-json\/wp\/v2\/posts\/15908\/revisions\/15912"}],"wp:featuredmedia":[{"embeddable":true,"href":"https:\/\/www.nexoinformativo.mx\/index.php\/wp-json\/wp\/v2\/media\/15909"}],"wp:attachment":[{"href":"https:\/\/www.nexoinformativo.mx\/index.php\/wp-json\/wp\/v2\/media?parent=15908"}],"wp:term":[{"taxonomy":"category","embeddable":true,"href":"https:\/\/www.nexoinformativo.mx\/index.php\/wp-json\/wp\/v2\/categories?post=15908"},{"taxonomy":"post_tag","embeddable":true,"href":"https:\/\/www.nexoinformativo.mx\/index.php\/wp-json\/wp\/v2\/tags?post=15908"}],"curies":[{"name":"wp","href":"https:\/\/api.w.org\/{rel}","templated":true}]}}