{"id":15915,"date":"2025-06-17T08:00:21","date_gmt":"2025-06-17T14:00:21","guid":{"rendered":"https:\/\/www.nexoinformativo.mx\/?p=15915"},"modified":"2025-06-17T13:00:44","modified_gmt":"2025-06-17T19:00:44","slug":"queretaro-en-auge-con-mas-de-85000-empleos-impulsan-el-crecimiento-economico","status":"publish","type":"post","link":"https:\/\/www.nexoinformativo.mx\/index.php\/2025\/06\/17\/queretaro-en-auge-con-mas-de-85000-empleos-impulsan-el-crecimiento-economico\/","title":{"rendered":"Quer\u00e9taro en auge con m\u00e1s de 85,000 empleos impulsan el crecimiento econ\u00f3mico"},"content":{"rendered":"<p style=\"text-align: justify;\" data-sourcepos=\"7:1-7:374\">Quer\u00e9taro se consolida como un referente nacional en la generaci\u00f3n de empleo y la atracci\u00f3n de inversiones. El gobernador Mauricio Kuri anunci\u00f3 la creaci\u00f3n de m\u00e1s de 85,000 nuevos empleos en lo que va de su administraci\u00f3n, destacando la llegada de 34 proyectos de inversi\u00f3n privada, con un enfoque especial en centros de datos.<\/p>\n<\/p>\n<p>&nbsp;<\/p>\n<p style=\"text-align: justify;\" data-sourcepos=\"9:1-9:492\">El mandatario estatal subray\u00f3 el dinamismo econ\u00f3mico de Quer\u00e9taro a pesar de los desaf\u00edos energ\u00e9ticos. Como ejemplo, mencion\u00f3 una inversi\u00f3n de 5,500 millones de d\u00f3lares de Amazon, que se traducir\u00e1 en 7,000 nuevos empleos.<\/p>\n<\/p>\n<p>&nbsp;<\/p>\n<p style=\"text-align: justify;\" data-sourcepos=\"9:1-9:492\">&#8220;En un momento donde M\u00e9xico enfrenta una posible desaceleraci\u00f3n o incluso estanflaci\u00f3n, en Quer\u00e9taro seguimos creciendo por encima de la media nacional. Eso se traduce en mejores ingresos, m\u00e1s empleos y mejores servicios para la poblaci\u00f3n&#8221;, afirm\u00f3 Kuri.<\/p>\n<\/p>\n<p>&nbsp;<\/p>\n<p style=\"text-align: justify;\" data-sourcepos=\"11:1-11:266\">La secretaria del Trabajo, Liliana San Mart\u00edn, detall\u00f3 que solo en el primer trimestre de este a\u00f1o se generaron 717,289 empleos, y se espera un segundo semestre igualmente positivo gracias a nuevas inversiones y la expansi\u00f3n de empresas ya establecidas.<\/p>\n<\/p>\n<p>&nbsp;<\/p>\n<p style=\"text-align: justify;\" data-sourcepos=\"13:1-13:373\">Quer\u00e9taro cuenta con una Poblaci\u00f3n Econ\u00f3micamente Activa (PEA) de 1.2 millones de personas y una tasa de desocupaci\u00f3n del 2%, significativamente por debajo del promedio nacional.<\/p>\n<\/p>\n<p>&nbsp;<\/p>\n<p style=\"text-align: justify;\" data-sourcepos=\"13:1-13:373\">La entidad se mantiene como el 5to estado con el salario promedio m\u00e1s alto del pa\u00eds y ocupa el s\u00e9ptimo lugar nacional en competitividad. Adem\u00e1s, ha logrado m\u00e1s de dos d\u00e9cadas sin huelgas, lo que refuerza la paz laboral y la confianza para la inversi\u00f3n.<\/p>\n<\/p>\n<p>&nbsp;<\/p>\n<p style=\"text-align: justify;\" data-sourcepos=\"17:1-17:578\">En San Juan del R\u00edo, se ha impulsado el Seguro de Desempleo, beneficiando a 1,558 personas. Tambi\u00e9n se han impartido talleres de oficios, como reposter\u00eda y carpinter\u00eda, donde han participado 329 mujeres.<\/p>\n<\/p>\n<p>&nbsp;<\/p>\n<p style=\"text-align: justify;\" data-sourcepos=\"17:1-17:578\">El gobierno estatal apoya la capacitaci\u00f3n en empresas con vacantes, cubriendo los costos con la condici\u00f3n de que al menos el 60% de los capacitados sean contratados.<\/p>\n<\/p>\n<p>&nbsp;<\/p>\n<p style=\"text-align: justify;\" data-sourcepos=\"17:1-17:578\">Se han fortalecido los esquemas de autoempleo para mujeres y personas con discapacidad, con 86 personas en San Juan del R\u00edo iniciando negocios formales con acompa\u00f1amiento y asesor\u00eda especializada.<\/p>\n<\/p>\n<p>&nbsp;<\/p>\n<p style=\"text-align: center;\" data-sourcepos=\"17:1-17:578\"><em><strong>\u00a1Informaci\u00f3n que transforma!<\/strong><\/em><\/p>\n","protected":false},"excerpt":{"rendered":"<p>Quer\u00e9taro se consolida como un referente nacional en la generaci\u00f3n de empleo y la atracci\u00f3n de inversiones. El gobernador Mauricio Kuri anunci\u00f3 la creaci\u00f3n de m\u00e1s de 85,000 nuevos empleos en lo que va de su administraci\u00f3n, destacando la llegada de 34 proyectos de inversi\u00f3n privada, con un enfoque especial en centros de datos.<\/p>\n","protected":false},"author":3,"featured_media":15916,"comment_status":"open","ping_status":"open","sticky":false,"template":"","format":"standard","meta":{"footnotes":""},"categories":[5,42,58],"tags":[352,374,3761,1154],"class_list":["post-15915","post","type-post","status-publish","format-standard","has-post-thumbnail","hentry","category-economia","category-estado","category-ultima-hora","tag-desarrolloeconomico","tag-empleoqueretaro","tag-inversionqro","tag-queretarocrece"],"yoast_head":"<!-- This site is optimized with the Yoast SEO plugin v25.0 - https:\/\/yoast.com\/wordpress\/plugins\/seo\/ -->\n<title>Quer\u00e9taro en auge con m\u00e1s de 85,000 empleos impulsan el crecimiento econ\u00f3mico | Nexo Informativo Santiago de Quer\u00e9taro<\/title>\n<meta name=\"description\" content=\"Quer\u00e9taro en auge con m\u00e1s de 85,000 empleos impulsan el crecimiento econ\u00f3mico\" \/>\n<meta name=\"robots\" content=\"index, follow, max-snippet:-1, max-image-preview:large, max-video-preview:-1\" \/>\n<link rel=\"canonical\" href=\"https:\/\/www.nexoinformativo.mx\/index.php\/2025\/06\/17\/queretaro-en-auge-con-mas-de-85000-empleos-impulsan-el-crecimiento-economico\/\" \/>\n<meta property=\"og:locale\" content=\"es_MX\" \/>\n<meta property=\"og:type\" content=\"article\" \/>\n<meta property=\"og:title\" content=\"Quer\u00e9taro en auge con m\u00e1s de 85,000 empleos impulsan el crecimiento econ\u00f3mico | Nexo Informativo Santiago de Quer\u00e9taro\" \/>\n<meta property=\"og:description\" content=\"Quer\u00e9taro en auge con m\u00e1s de 85,000 empleos impulsan el crecimiento econ\u00f3mico\" \/>\n<meta property=\"og:url\" content=\"https:\/\/www.nexoinformativo.mx\/index.php\/2025\/06\/17\/queretaro-en-auge-con-mas-de-85000-empleos-impulsan-el-crecimiento-economico\/\" \/>\n<meta property=\"og:site_name\" content=\"Nexo Informativo Santiago de Quer\u00e9taro\" \/>\n<meta property=\"article:publisher\" content=\"https:\/\/www.facebook.com\/people\/Nexo-Informativo\/61564066885511\/\" \/>\n<meta property=\"article:published_time\" content=\"2025-06-17T14:00:21+00:00\" \/>\n<meta property=\"article:modified_time\" content=\"2025-06-17T19:00:44+00:00\" \/>\n<meta property=\"og:image\" content=\"https:\/\/www.nexoinformativo.mx\/wp-content\/uploads\/2025\/06\/PHOTO-2025-06-17-08-26-13.jpg\" \/>\n\t<meta property=\"og:image:width\" content=\"600\" \/>\n\t<meta property=\"og:image:height\" content=\"400\" \/>\n\t<meta property=\"og:image:type\" content=\"image\/jpeg\" \/>\n<meta name=\"author\" content=\"Nexo Informativo\" \/>\n<meta name=\"twitter:card\" content=\"summary_large_image\" \/>\n<meta name=\"twitter:label1\" content=\"Escrito por\" \/>\n\t<meta name=\"twitter:data1\" content=\"Nexo Informativo\" \/>\n\t<meta name=\"twitter:label2\" content=\"Tiempo de lectura\" \/>\n\t<meta name=\"twitter:data2\" content=\"2 minutos\" \/>\n<script type=\"application\/ld+json\" class=\"yoast-schema-graph\">{\"@context\":\"https:\/\/schema.org\",\"@graph\":[{\"@type\":\"Article\",\"@id\":\"https:\/\/www.nexoinformativo.mx\/index.php\/2025\/06\/17\/queretaro-en-auge-con-mas-de-85000-empleos-impulsan-el-crecimiento-economico\/#article\",\"isPartOf\":{\"@id\":\"https:\/\/www.nexoinformativo.mx\/index.php\/2025\/06\/17\/queretaro-en-auge-con-mas-de-85000-empleos-impulsan-el-crecimiento-economico\/\"},\"author\":{\"name\":\"Nexo Informativo\",\"@id\":\"https:\/\/www.nexoinformativo.mx\/#\/schema\/person\/7749d380ba08c8ca00d7bc76fd907b7d\"},\"headline\":\"Quer\u00e9taro en auge con m\u00e1s de 85,000 empleos impulsan el crecimiento econ\u00f3mico\",\"datePublished\":\"2025-06-17T14:00:21+00:00\",\"dateModified\":\"2025-06-17T19:00:44+00:00\",\"mainEntityOfPage\":{\"@id\":\"https:\/\/www.nexoinformativo.mx\/index.php\/2025\/06\/17\/queretaro-en-auge-con-mas-de-85000-empleos-impulsan-el-crecimiento-economico\/\"},\"wordCount\":383,\"commentCount\":0,\"publisher\":{\"@id\":\"https:\/\/www.nexoinformativo.mx\/#organization\"},\"image\":{\"@id\":\"https:\/\/www.nexoinformativo.mx\/index.php\/2025\/06\/17\/queretaro-en-auge-con-mas-de-85000-empleos-impulsan-el-crecimiento-economico\/#primaryimage\"},\"thumbnailUrl\":\"https:\/\/www.nexoinformativo.mx\/wp-content\/uploads\/2025\/06\/PHOTO-2025-06-17-08-26-13.jpg\",\"keywords\":[\"DesarrolloEcon\u00f3mico\",\"EmpleoQuer\u00e9taro\",\"Inversi\u00f3nQro\",\"Quer\u00e9taroCrece\"],\"articleSection\":[\"Econom\u00eda\",\"Estado\",\"\u00daltima Hora\"],\"inLanguage\":\"es\",\"potentialAction\":[{\"@type\":\"CommentAction\",\"name\":\"Comment\",\"target\":[\"https:\/\/www.nexoinformativo.mx\/index.php\/2025\/06\/17\/queretaro-en-auge-con-mas-de-85000-empleos-impulsan-el-crecimiento-economico\/#respond\"]}]},{\"@type\":\"WebPage\",\"@id\":\"https:\/\/www.nexoinformativo.mx\/index.php\/2025\/06\/17\/queretaro-en-auge-con-mas-de-85000-empleos-impulsan-el-crecimiento-economico\/\",\"url\":\"https:\/\/www.nexoinformativo.mx\/index.php\/2025\/06\/17\/queretaro-en-auge-con-mas-de-85000-empleos-impulsan-el-crecimiento-economico\/\",\"name\":\"Quer\u00e9taro en auge con m\u00e1s de 85,000 empleos impulsan el crecimiento econ\u00f3mico | Nexo Informativo Santiago de Quer\u00e9taro\",\"isPartOf\":{\"@id\":\"https:\/\/www.nexoinformativo.mx\/#website\"},\"primaryImageOfPage\":{\"@id\":\"https:\/\/www.nexoinformativo.mx\/index.php\/2025\/06\/17\/queretaro-en-auge-con-mas-de-85000-empleos-impulsan-el-crecimiento-economico\/#primaryimage\"},\"image\":{\"@id\":\"https:\/\/www.nexoinformativo.mx\/index.php\/2025\/06\/17\/queretaro-en-auge-con-mas-de-85000-empleos-impulsan-el-crecimiento-economico\/#primaryimage\"},\"thumbnailUrl\":\"https:\/\/www.nexoinformativo.mx\/wp-content\/uploads\/2025\/06\/PHOTO-2025-06-17-08-26-13.jpg\",\"datePublished\":\"2025-06-17T14:00:21+00:00\",\"dateModified\":\"2025-06-17T19:00:44+00:00\",\"description\":\"Quer\u00e9taro en auge con m\u00e1s de 85,000 empleos impulsan el crecimiento econ\u00f3mico\",\"breadcrumb\":{\"@id\":\"https:\/\/www.nexoinformativo.mx\/index.php\/2025\/06\/17\/queretaro-en-auge-con-mas-de-85000-empleos-impulsan-el-crecimiento-economico\/#breadcrumb\"},\"inLanguage\":\"es\",\"potentialAction\":[{\"@type\":\"ReadAction\",\"target\":[\"https:\/\/www.nexoinformativo.mx\/index.php\/2025\/06\/17\/queretaro-en-auge-con-mas-de-85000-empleos-impulsan-el-crecimiento-economico\/\"]}]},{\"@type\":\"ImageObject\",\"inLanguage\":\"es\",\"@id\":\"https:\/\/www.nexoinformativo.mx\/index.php\/2025\/06\/17\/queretaro-en-auge-con-mas-de-85000-empleos-impulsan-el-crecimiento-economico\/#primaryimage\",\"url\":\"https:\/\/www.nexoinformativo.mx\/wp-content\/uploads\/2025\/06\/PHOTO-2025-06-17-08-26-13.jpg\",\"contentUrl\":\"https:\/\/www.nexoinformativo.mx\/wp-content\/uploads\/2025\/06\/PHOTO-2025-06-17-08-26-13.jpg\",\"width\":600,\"height\":400},{\"@type\":\"BreadcrumbList\",\"@id\":\"https:\/\/www.nexoinformativo.mx\/index.php\/2025\/06\/17\/queretaro-en-auge-con-mas-de-85000-empleos-impulsan-el-crecimiento-economico\/#breadcrumb\",\"itemListElement\":[{\"@type\":\"ListItem\",\"position\":1,\"name\":\"Inicio\",\"item\":\"https:\/\/www.nexoinformativo.mx\/\"},{\"@type\":\"ListItem\",\"position\":2,\"name\":\"Quer\u00e9taro en auge con m\u00e1s de 85,000 empleos impulsan el crecimiento econ\u00f3mico\"}]},{\"@type\":\"WebSite\",\"@id\":\"https:\/\/www.nexoinformativo.mx\/#website\",\"url\":\"https:\/\/www.nexoinformativo.mx\/\",\"name\":\"Nexo Informativo Santiago de Quer\u00e9taro\",\"description\":\"Explora NexoInformativo y convi\u00e9rtete en parte de una comunidad que valora el conocimiento y la verdad. Tu nexoinformativo es tu puente hacia una comprensi\u00f3n m\u00e1s profunda del mundo que te rodea.\",\"publisher\":{\"@id\":\"https:\/\/www.nexoinformativo.mx\/#organization\"},\"potentialAction\":[{\"@type\":\"SearchAction\",\"target\":{\"@type\":\"EntryPoint\",\"urlTemplate\":\"https:\/\/www.nexoinformativo.mx\/?s={search_term_string}\"},\"query-input\":{\"@type\":\"PropertyValueSpecification\",\"valueRequired\":true,\"valueName\":\"search_term_string\"}}],\"inLanguage\":\"es\"},{\"@type\":\"Organization\",\"@id\":\"https:\/\/www.nexoinformativo.mx\/#organization\",\"name\":\"Nexo Informativo Santiago de Quer\u00e9taro\",\"url\":\"https:\/\/www.nexoinformativo.mx\/\",\"logo\":{\"@type\":\"ImageObject\",\"inLanguage\":\"es\",\"@id\":\"https:\/\/www.nexoinformativo.mx\/#\/schema\/logo\/image\/\",\"url\":\"https:\/\/www.nexoinformativo.mx\/wp-content\/uploads\/2024\/07\/nexoi-trasparente-2.png\",\"contentUrl\":\"https:\/\/www.nexoinformativo.mx\/wp-content\/uploads\/2024\/07\/nexoi-trasparente-2.png\",\"width\":816,\"height\":339,\"caption\":\"Nexo Informativo Santiago de Quer\u00e9taro\"},\"image\":{\"@id\":\"https:\/\/www.nexoinformativo.mx\/#\/schema\/logo\/image\/\"},\"sameAs\":[\"https:\/\/www.facebook.com\/people\/Nexo-Informativo\/61564066885511\/\"]},{\"@type\":\"Person\",\"@id\":\"https:\/\/www.nexoinformativo.mx\/#\/schema\/person\/7749d380ba08c8ca00d7bc76fd907b7d\",\"name\":\"Nexo Informativo\",\"image\":{\"@type\":\"ImageObject\",\"inLanguage\":\"es\",\"@id\":\"https:\/\/www.nexoinformativo.mx\/#\/schema\/person\/image\/\",\"url\":\"https:\/\/secure.gravatar.com\/avatar\/dde2928154642a13d95f87ddf1ea9718fe2b46760a005c53e41ff5ad610704e6?s=96&d=mm&r=g\",\"contentUrl\":\"https:\/\/secure.gravatar.com\/avatar\/dde2928154642a13d95f87ddf1ea9718fe2b46760a005c53e41ff5ad610704e6?s=96&d=mm&r=g\",\"caption\":\"Nexo Informativo\"},\"url\":\"https:\/\/www.nexoinformativo.mx\/index.php\/author\/edicion\/\"}]}<\/script>\n<!-- \/ Yoast SEO plugin. -->","yoast_head_json":{"title":"Quer\u00e9taro en auge con m\u00e1s de 85,000 empleos impulsan el crecimiento econ\u00f3mico | Nexo Informativo Santiago de Quer\u00e9taro","description":"Quer\u00e9taro en auge con m\u00e1s de 85,000 empleos impulsan el crecimiento econ\u00f3mico","robots":{"index":"index","follow":"follow","max-snippet":"max-snippet:-1","max-image-preview":"max-image-preview:large","max-video-preview":"max-video-preview:-1"},"canonical":"https:\/\/www.nexoinformativo.mx\/index.php\/2025\/06\/17\/queretaro-en-auge-con-mas-de-85000-empleos-impulsan-el-crecimiento-economico\/","og_locale":"es_MX","og_type":"article","og_title":"Quer\u00e9taro en auge con m\u00e1s de 85,000 empleos impulsan el crecimiento econ\u00f3mico | Nexo Informativo Santiago de Quer\u00e9taro","og_description":"Quer\u00e9taro en auge con m\u00e1s de 85,000 empleos impulsan el crecimiento econ\u00f3mico","og_url":"https:\/\/www.nexoinformativo.mx\/index.php\/2025\/06\/17\/queretaro-en-auge-con-mas-de-85000-empleos-impulsan-el-crecimiento-economico\/","og_site_name":"Nexo Informativo Santiago de Quer\u00e9taro","article_publisher":"https:\/\/www.facebook.com\/people\/Nexo-Informativo\/61564066885511\/","article_published_time":"2025-06-17T14:00:21+00:00","article_modified_time":"2025-06-17T19:00:44+00:00","og_image":[{"width":600,"height":400,"url":"https:\/\/www.nexoinformativo.mx\/wp-content\/uploads\/2025\/06\/PHOTO-2025-06-17-08-26-13.jpg","type":"image\/jpeg"}],"author":"Nexo Informativo","twitter_card":"summary_large_image","twitter_misc":{"Escrito por":"Nexo Informativo","Tiempo de lectura":"2 minutos"},"schema":{"@context":"https:\/\/schema.org","@graph":[{"@type":"Article","@id":"https:\/\/www.nexoinformativo.mx\/index.php\/2025\/06\/17\/queretaro-en-auge-con-mas-de-85000-empleos-impulsan-el-crecimiento-economico\/#article","isPartOf":{"@id":"https:\/\/www.nexoinformativo.mx\/index.php\/2025\/06\/17\/queretaro-en-auge-con-mas-de-85000-empleos-impulsan-el-crecimiento-economico\/"},"author":{"name":"Nexo Informativo","@id":"https:\/\/www.nexoinformativo.mx\/#\/schema\/person\/7749d380ba08c8ca00d7bc76fd907b7d"},"headline":"Quer\u00e9taro en auge con m\u00e1s de 85,000 empleos impulsan el crecimiento econ\u00f3mico","datePublished":"2025-06-17T14:00:21+00:00","dateModified":"2025-06-17T19:00:44+00:00","mainEntityOfPage":{"@id":"https:\/\/www.nexoinformativo.mx\/index.php\/2025\/06\/17\/queretaro-en-auge-con-mas-de-85000-empleos-impulsan-el-crecimiento-economico\/"},"wordCount":383,"commentCount":0,"publisher":{"@id":"https:\/\/www.nexoinformativo.mx\/#organization"},"image":{"@id":"https:\/\/www.nexoinformativo.mx\/index.php\/2025\/06\/17\/queretaro-en-auge-con-mas-de-85000-empleos-impulsan-el-crecimiento-economico\/#primaryimage"},"thumbnailUrl":"https:\/\/www.nexoinformativo.mx\/wp-content\/uploads\/2025\/06\/PHOTO-2025-06-17-08-26-13.jpg","keywords":["DesarrolloEcon\u00f3mico","EmpleoQuer\u00e9taro","Inversi\u00f3nQro","Quer\u00e9taroCrece"],"articleSection":["Econom\u00eda","Estado","\u00daltima Hora"],"inLanguage":"es","potentialAction":[{"@type":"CommentAction","name":"Comment","target":["https:\/\/www.nexoinformativo.mx\/index.php\/2025\/06\/17\/queretaro-en-auge-con-mas-de-85000-empleos-impulsan-el-crecimiento-economico\/#respond"]}]},{"@type":"WebPage","@id":"https:\/\/www.nexoinformativo.mx\/index.php\/2025\/06\/17\/queretaro-en-auge-con-mas-de-85000-empleos-impulsan-el-crecimiento-economico\/","url":"https:\/\/www.nexoinformativo.mx\/index.php\/2025\/06\/17\/queretaro-en-auge-con-mas-de-85000-empleos-impulsan-el-crecimiento-economico\/","name":"Quer\u00e9taro en auge con m\u00e1s de 85,000 empleos impulsan el crecimiento econ\u00f3mico | Nexo Informativo Santiago de Quer\u00e9taro","isPartOf":{"@id":"https:\/\/www.nexoinformativo.mx\/#website"},"primaryImageOfPage":{"@id":"https:\/\/www.nexoinformativo.mx\/index.php\/2025\/06\/17\/queretaro-en-auge-con-mas-de-85000-empleos-impulsan-el-crecimiento-economico\/#primaryimage"},"image":{"@id":"https:\/\/www.nexoinformativo.mx\/index.php\/2025\/06\/17\/queretaro-en-auge-con-mas-de-85000-empleos-impulsan-el-crecimiento-economico\/#primaryimage"},"thumbnailUrl":"https:\/\/www.nexoinformativo.mx\/wp-content\/uploads\/2025\/06\/PHOTO-2025-06-17-08-26-13.jpg","datePublished":"2025-06-17T14:00:21+00:00","dateModified":"2025-06-17T19:00:44+00:00","description":"Quer\u00e9taro en auge con m\u00e1s de 85,000 empleos impulsan el crecimiento econ\u00f3mico","breadcrumb":{"@id":"https:\/\/www.nexoinformativo.mx\/index.php\/2025\/06\/17\/queretaro-en-auge-con-mas-de-85000-empleos-impulsan-el-crecimiento-economico\/#breadcrumb"},"inLanguage":"es","potentialAction":[{"@type":"ReadAction","target":["https:\/\/www.nexoinformativo.mx\/index.php\/2025\/06\/17\/queretaro-en-auge-con-mas-de-85000-empleos-impulsan-el-crecimiento-economico\/"]}]},{"@type":"ImageObject","inLanguage":"es","@id":"https:\/\/www.nexoinformativo.mx\/index.php\/2025\/06\/17\/queretaro-en-auge-con-mas-de-85000-empleos-impulsan-el-crecimiento-economico\/#primaryimage","url":"https:\/\/www.nexoinformativo.mx\/wp-content\/uploads\/2025\/06\/PHOTO-2025-06-17-08-26-13.jpg","contentUrl":"https:\/\/www.nexoinformativo.mx\/wp-content\/uploads\/2025\/06\/PHOTO-2025-06-17-08-26-13.jpg","width":600,"height":400},{"@type":"BreadcrumbList","@id":"https:\/\/www.nexoinformativo.mx\/index.php\/2025\/06\/17\/queretaro-en-auge-con-mas-de-85000-empleos-impulsan-el-crecimiento-economico\/#breadcrumb","itemListElement":[{"@type":"ListItem","position":1,"name":"Inicio","item":"https:\/\/www.nexoinformativo.mx\/"},{"@type":"ListItem","position":2,"name":"Quer\u00e9taro en auge con m\u00e1s de 85,000 empleos impulsan el crecimiento econ\u00f3mico"}]},{"@type":"WebSite","@id":"https:\/\/www.nexoinformativo.mx\/#website","url":"https:\/\/www.nexoinformativo.mx\/","name":"Nexo Informativo Santiago de Quer\u00e9taro","description":"Explora NexoInformativo y convi\u00e9rtete en parte de una comunidad que valora el conocimiento y la verdad. Tu nexoinformativo es tu puente hacia una comprensi\u00f3n m\u00e1s profunda del mundo que te rodea.","publisher":{"@id":"https:\/\/www.nexoinformativo.mx\/#organization"},"potentialAction":[{"@type":"SearchAction","target":{"@type":"EntryPoint","urlTemplate":"https:\/\/www.nexoinformativo.mx\/?s={search_term_string}"},"query-input":{"@type":"PropertyValueSpecification","valueRequired":true,"valueName":"search_term_string"}}],"inLanguage":"es"},{"@type":"Organization","@id":"https:\/\/www.nexoinformativo.mx\/#organization","name":"Nexo Informativo Santiago de Quer\u00e9taro","url":"https:\/\/www.nexoinformativo.mx\/","logo":{"@type":"ImageObject","inLanguage":"es","@id":"https:\/\/www.nexoinformativo.mx\/#\/schema\/logo\/image\/","url":"https:\/\/www.nexoinformativo.mx\/wp-content\/uploads\/2024\/07\/nexoi-trasparente-2.png","contentUrl":"https:\/\/www.nexoinformativo.mx\/wp-content\/uploads\/2024\/07\/nexoi-trasparente-2.png","width":816,"height":339,"caption":"Nexo Informativo Santiago de Quer\u00e9taro"},"image":{"@id":"https:\/\/www.nexoinformativo.mx\/#\/schema\/logo\/image\/"},"sameAs":["https:\/\/www.facebook.com\/people\/Nexo-Informativo\/61564066885511\/"]},{"@type":"Person","@id":"https:\/\/www.nexoinformativo.mx\/#\/schema\/person\/7749d380ba08c8ca00d7bc76fd907b7d","name":"Nexo Informativo","image":{"@type":"ImageObject","inLanguage":"es","@id":"https:\/\/www.nexoinformativo.mx\/#\/schema\/person\/image\/","url":"https:\/\/secure.gravatar.com\/avatar\/dde2928154642a13d95f87ddf1ea9718fe2b46760a005c53e41ff5ad610704e6?s=96&d=mm&r=g","contentUrl":"https:\/\/secure.gravatar.com\/avatar\/dde2928154642a13d95f87ddf1ea9718fe2b46760a005c53e41ff5ad610704e6?s=96&d=mm&r=g","caption":"Nexo Informativo"},"url":"https:\/\/www.nexoinformativo.mx\/index.php\/author\/edicion\/"}]}},"_links":{"self":[{"href":"https:\/\/www.nexoinformativo.mx\/index.php\/wp-json\/wp\/v2\/posts\/15915","targetHints":{"allow":["GET"]}}],"collection":[{"href":"https:\/\/www.nexoinformativo.mx\/index.php\/wp-json\/wp\/v2\/posts"}],"about":[{"href":"https:\/\/www.nexoinformativo.mx\/index.php\/wp-json\/wp\/v2\/types\/post"}],"author":[{"embeddable":true,"href":"https:\/\/www.nexoinformativo.mx\/index.php\/wp-json\/wp\/v2\/users\/3"}],"replies":[{"embeddable":true,"href":"https:\/\/www.nexoinformativo.mx\/index.php\/wp-json\/wp\/v2\/comments?post=15915"}],"version-history":[{"count":3,"href":"https:\/\/www.nexoinformativo.mx\/index.php\/wp-json\/wp\/v2\/posts\/15915\/revisions"}],"predecessor-version":[{"id":15919,"href":"https:\/\/www.nexoinformativo.mx\/index.php\/wp-json\/wp\/v2\/posts\/15915\/revisions\/15919"}],"wp:featuredmedia":[{"embeddable":true,"href":"https:\/\/www.nexoinformativo.mx\/index.php\/wp-json\/wp\/v2\/media\/15916"}],"wp:attachment":[{"href":"https:\/\/www.nexoinformativo.mx\/index.php\/wp-json\/wp\/v2\/media?parent=15915"}],"wp:term":[{"taxonomy":"category","embeddable":true,"href":"https:\/\/www.nexoinformativo.mx\/index.php\/wp-json\/wp\/v2\/categories?post=15915"},{"taxonomy":"post_tag","embeddable":true,"href":"https:\/\/www.nexoinformativo.mx\/index.php\/wp-json\/wp\/v2\/tags?post=15915"}],"curies":[{"name":"wp","href":"https:\/\/api.w.org\/{rel}","templated":true}]}}