{"id":15920,"date":"2025-06-17T09:00:59","date_gmt":"2025-06-17T15:00:59","guid":{"rendered":"https:\/\/www.nexoinformativo.mx\/?p=15920"},"modified":"2025-06-17T13:06:22","modified_gmt":"2025-06-17T19:06:22","slug":"g7-mexico-atrae-inversion-canadiense-sheinbaum-presenta-oportunidades-del-plan-mexico","status":"publish","type":"post","link":"https:\/\/www.nexoinformativo.mx\/index.php\/2025\/06\/17\/g7-mexico-atrae-inversion-canadiense-sheinbaum-presenta-oportunidades-del-plan-mexico\/","title":{"rendered":"G7 M\u00e9xico atrae inversi\u00f3n Canadiense Sheinbaum presenta oportunidades del &#8216;Plan M\u00e9xico&#8217;"},"content":{"rendered":"<p style=\"text-align: justify;\" data-sourcepos=\"7:1-7:344\">En el marco de la Cumbre de L\u00edderes del G7, la Presidenta de M\u00e9xico, Claudia Sheinbaum, sostuvo una importante reuni\u00f3n con el Consejo Empresarial de Canad\u00e1 (BCC). En este encuentro, la mandataria destac\u00f3 el gran inter\u00e9s de los l\u00edderes empresariales canadienses por aumentar sus inversiones en M\u00e9xico.<\/p>\n<p>&nbsp;<\/p>\n<p style=\"text-align: justify;\" data-sourcepos=\"9:1-9:482\">Acompa\u00f1ada por los secretarios de Econom\u00eda, Marcelo Ebrard; Hacienda y Cr\u00e9dito P\u00fablico, Edgar Amador Zamora; y Relaciones Exteriores, Juan Ram\u00f3n de la Fuente, la Presidenta convers\u00f3 sobre las oportunidades y beneficios que ofrece el &#8220;Plan M\u00e9xico&#8221; para la inversi\u00f3n extranjera.<\/p>\n<p>&nbsp;<\/p>\n<p style=\"text-align: justify;\" data-sourcepos=\"9:1-9:482\">&#8220;Conversamos con integrantes del Consejo Empresarial de Canad\u00e1 interesados en invertir en nuestro pa\u00eds, sobre beneficios y oportunidades del Plan M\u00e9xico&#8221;, comparti\u00f3 Sheinbaum en sus redes sociales.<\/p>\n<p>&nbsp;<\/p>\n<p style=\"text-align: justify;\" data-sourcepos=\"11:1-11:339\">El BCC, que re\u00fane a 170 importantes l\u00edderes empresariales que emplean a 2.1 millones de canadienses, ha mantenido un di\u00e1logo econ\u00f3mico activo con M\u00e9xico desde 2023. Su participaci\u00f3n incluye la Cumbre Empresarial M\u00e9xico-Canad\u00e1 y mecanismos de inversi\u00f3n en sectores clave como energ\u00eda, transporte y manufactura.<\/p>\n<p>&nbsp;<\/p>\n<p style=\"text-align: justify;\" data-sourcepos=\"13:1-13:505\">La reuni\u00f3n, de car\u00e1cter privado, cont\u00f3 con la presencia de destacadas figuras del sector empresarial canadiense. Entre ellos, Goldy Hyder, presidente del BCC; Fran\u00e7ois Poirier, de TC Energy (operador de gasoductos con la CFE); Alexis von Hoensbroech, de WestJet Airlines (con m\u00e1s de 200 vuelos semanales entre ambos pa\u00edses).<\/p>\n<p>&nbsp;<\/p>\n<p style=\"text-align: justify;\" data-sourcepos=\"15:1-15:203\">Este di\u00e1logo estrat\u00e9gico subraya el compromiso de M\u00e9xico por fortalecer sus lazos econ\u00f3micos con Canad\u00e1, buscando atraer m\u00e1s inversi\u00f3n extranjera que impulse el desarrollo y crecimiento del pa\u00eds.<\/p>\n<p>&nbsp;<\/p>\n<p style=\"text-align: center;\" data-sourcepos=\"15:1-15:203\"><em><strong>\u00a1Informaci\u00f3n que transforma!<\/strong><\/em><\/p>\n","protected":false},"excerpt":{"rendered":"<p>En el marco de la Cumbre de L\u00edderes del G7, la Presidenta de M\u00e9xico, Claudia Sheinbaum, sostuvo una importante reuni\u00f3n con el Consejo Empresarial de Canad\u00e1 (BCC). En este encuentro, la mandataria destac\u00f3 el gran inter\u00e9s de los l\u00edderes empresariales canadienses por aumentar sus inversiones en M\u00e9xico.<\/p>\n","protected":false},"author":3,"featured_media":15921,"comment_status":"open","ping_status":"open","sticky":false,"template":"","format":"standard","meta":{"footnotes":""},"categories":[5,88,58],"tags":[1314,4781,4782,4783],"class_list":["post-15920","post","type-post","status-publish","format-standard","has-post-thumbnail","hentry","category-economia","category-nacional","category-ultima-hora","tag-economiamexico","tag-inversioncanada","tag-mexicocrece","tag-sheinbaumg7"],"yoast_head":"<!-- This site is optimized with the Yoast SEO plugin v25.0 - https:\/\/yoast.com\/wordpress\/plugins\/seo\/ -->\n<title>G7 M\u00e9xico atrae inversi\u00f3n Canadiense Sheinbaum presenta oportunidades del &#039;Plan M\u00e9xico&#039; | Nexo Informativo Santiago de Quer\u00e9taro<\/title>\n<meta name=\"description\" content=\"G7 M\u00e9xico atrae inversi\u00f3n Canadiense Sheinbaum presenta oportunidades del &#039;Plan M\u00e9xico&#039;\" \/>\n<meta name=\"robots\" content=\"index, follow, max-snippet:-1, max-image-preview:large, max-video-preview:-1\" \/>\n<link rel=\"canonical\" href=\"https:\/\/www.nexoinformativo.mx\/index.php\/2025\/06\/17\/g7-mexico-atrae-inversion-canadiense-sheinbaum-presenta-oportunidades-del-plan-mexico\/\" \/>\n<meta property=\"og:locale\" content=\"es_MX\" \/>\n<meta property=\"og:type\" content=\"article\" \/>\n<meta property=\"og:title\" content=\"G7 M\u00e9xico atrae inversi\u00f3n Canadiense Sheinbaum presenta oportunidades del &#039;Plan M\u00e9xico&#039; | Nexo Informativo Santiago de Quer\u00e9taro\" \/>\n<meta property=\"og:description\" content=\"G7 M\u00e9xico atrae inversi\u00f3n Canadiense Sheinbaum presenta oportunidades del &#039;Plan M\u00e9xico&#039;\" \/>\n<meta property=\"og:url\" content=\"https:\/\/www.nexoinformativo.mx\/index.php\/2025\/06\/17\/g7-mexico-atrae-inversion-canadiense-sheinbaum-presenta-oportunidades-del-plan-mexico\/\" \/>\n<meta property=\"og:site_name\" content=\"Nexo Informativo Santiago de Quer\u00e9taro\" \/>\n<meta property=\"article:publisher\" content=\"https:\/\/www.facebook.com\/people\/Nexo-Informativo\/61564066885511\/\" \/>\n<meta property=\"article:published_time\" content=\"2025-06-17T15:00:59+00:00\" \/>\n<meta property=\"article:modified_time\" content=\"2025-06-17T19:06:22+00:00\" \/>\n<meta property=\"og:image\" content=\"https:\/\/www.nexoinformativo.mx\/wp-content\/uploads\/2025\/06\/IMG_4064.jpeg\" \/>\n\t<meta property=\"og:image:width\" content=\"650\" \/>\n\t<meta property=\"og:image:height\" content=\"380\" \/>\n\t<meta property=\"og:image:type\" content=\"image\/jpeg\" \/>\n<meta name=\"author\" content=\"Nexo Informativo\" \/>\n<meta name=\"twitter:card\" content=\"summary_large_image\" \/>\n<meta name=\"twitter:label1\" content=\"Escrito por\" \/>\n\t<meta name=\"twitter:data1\" content=\"Nexo Informativo\" \/>\n\t<meta name=\"twitter:label2\" content=\"Tiempo de lectura\" \/>\n\t<meta name=\"twitter:data2\" content=\"2 minutos\" \/>\n<script type=\"application\/ld+json\" class=\"yoast-schema-graph\">{\"@context\":\"https:\/\/schema.org\",\"@graph\":[{\"@type\":\"Article\",\"@id\":\"https:\/\/www.nexoinformativo.mx\/index.php\/2025\/06\/17\/g7-mexico-atrae-inversion-canadiense-sheinbaum-presenta-oportunidades-del-plan-mexico\/#article\",\"isPartOf\":{\"@id\":\"https:\/\/www.nexoinformativo.mx\/index.php\/2025\/06\/17\/g7-mexico-atrae-inversion-canadiense-sheinbaum-presenta-oportunidades-del-plan-mexico\/\"},\"author\":{\"name\":\"Nexo Informativo\",\"@id\":\"https:\/\/www.nexoinformativo.mx\/#\/schema\/person\/7749d380ba08c8ca00d7bc76fd907b7d\"},\"headline\":\"G7 M\u00e9xico atrae inversi\u00f3n Canadiense Sheinbaum presenta oportunidades del &#8216;Plan M\u00e9xico&#8217;\",\"datePublished\":\"2025-06-17T15:00:59+00:00\",\"dateModified\":\"2025-06-17T19:06:22+00:00\",\"mainEntityOfPage\":{\"@id\":\"https:\/\/www.nexoinformativo.mx\/index.php\/2025\/06\/17\/g7-mexico-atrae-inversion-canadiense-sheinbaum-presenta-oportunidades-del-plan-mexico\/\"},\"wordCount\":292,\"commentCount\":0,\"publisher\":{\"@id\":\"https:\/\/www.nexoinformativo.mx\/#organization\"},\"image\":{\"@id\":\"https:\/\/www.nexoinformativo.mx\/index.php\/2025\/06\/17\/g7-mexico-atrae-inversion-canadiense-sheinbaum-presenta-oportunidades-del-plan-mexico\/#primaryimage\"},\"thumbnailUrl\":\"https:\/\/www.nexoinformativo.mx\/wp-content\/uploads\/2025\/06\/IMG_4064.jpeg\",\"keywords\":[\"Econom\u00edaM\u00e9xico\",\"Inversi\u00f3nCanad\u00e1\",\"M\u00e9xicoCrece\",\"SheinbaumG7\"],\"articleSection\":[\"Econom\u00eda\",\"Nacional\",\"\u00daltima Hora\"],\"inLanguage\":\"es\",\"potentialAction\":[{\"@type\":\"CommentAction\",\"name\":\"Comment\",\"target\":[\"https:\/\/www.nexoinformativo.mx\/index.php\/2025\/06\/17\/g7-mexico-atrae-inversion-canadiense-sheinbaum-presenta-oportunidades-del-plan-mexico\/#respond\"]}]},{\"@type\":\"WebPage\",\"@id\":\"https:\/\/www.nexoinformativo.mx\/index.php\/2025\/06\/17\/g7-mexico-atrae-inversion-canadiense-sheinbaum-presenta-oportunidades-del-plan-mexico\/\",\"url\":\"https:\/\/www.nexoinformativo.mx\/index.php\/2025\/06\/17\/g7-mexico-atrae-inversion-canadiense-sheinbaum-presenta-oportunidades-del-plan-mexico\/\",\"name\":\"G7 M\u00e9xico atrae inversi\u00f3n Canadiense Sheinbaum presenta oportunidades del 'Plan M\u00e9xico' | Nexo Informativo Santiago de Quer\u00e9taro\",\"isPartOf\":{\"@id\":\"https:\/\/www.nexoinformativo.mx\/#website\"},\"primaryImageOfPage\":{\"@id\":\"https:\/\/www.nexoinformativo.mx\/index.php\/2025\/06\/17\/g7-mexico-atrae-inversion-canadiense-sheinbaum-presenta-oportunidades-del-plan-mexico\/#primaryimage\"},\"image\":{\"@id\":\"https:\/\/www.nexoinformativo.mx\/index.php\/2025\/06\/17\/g7-mexico-atrae-inversion-canadiense-sheinbaum-presenta-oportunidades-del-plan-mexico\/#primaryimage\"},\"thumbnailUrl\":\"https:\/\/www.nexoinformativo.mx\/wp-content\/uploads\/2025\/06\/IMG_4064.jpeg\",\"datePublished\":\"2025-06-17T15:00:59+00:00\",\"dateModified\":\"2025-06-17T19:06:22+00:00\",\"description\":\"G7 M\u00e9xico atrae inversi\u00f3n Canadiense Sheinbaum presenta oportunidades del 'Plan M\u00e9xico'\",\"breadcrumb\":{\"@id\":\"https:\/\/www.nexoinformativo.mx\/index.php\/2025\/06\/17\/g7-mexico-atrae-inversion-canadiense-sheinbaum-presenta-oportunidades-del-plan-mexico\/#breadcrumb\"},\"inLanguage\":\"es\",\"potentialAction\":[{\"@type\":\"ReadAction\",\"target\":[\"https:\/\/www.nexoinformativo.mx\/index.php\/2025\/06\/17\/g7-mexico-atrae-inversion-canadiense-sheinbaum-presenta-oportunidades-del-plan-mexico\/\"]}]},{\"@type\":\"ImageObject\",\"inLanguage\":\"es\",\"@id\":\"https:\/\/www.nexoinformativo.mx\/index.php\/2025\/06\/17\/g7-mexico-atrae-inversion-canadiense-sheinbaum-presenta-oportunidades-del-plan-mexico\/#primaryimage\",\"url\":\"https:\/\/www.nexoinformativo.mx\/wp-content\/uploads\/2025\/06\/IMG_4064.jpeg\",\"contentUrl\":\"https:\/\/www.nexoinformativo.mx\/wp-content\/uploads\/2025\/06\/IMG_4064.jpeg\",\"width\":650,\"height\":380},{\"@type\":\"BreadcrumbList\",\"@id\":\"https:\/\/www.nexoinformativo.mx\/index.php\/2025\/06\/17\/g7-mexico-atrae-inversion-canadiense-sheinbaum-presenta-oportunidades-del-plan-mexico\/#breadcrumb\",\"itemListElement\":[{\"@type\":\"ListItem\",\"position\":1,\"name\":\"Inicio\",\"item\":\"https:\/\/www.nexoinformativo.mx\/\"},{\"@type\":\"ListItem\",\"position\":2,\"name\":\"G7 M\u00e9xico atrae inversi\u00f3n Canadiense Sheinbaum presenta oportunidades del &#8216;Plan M\u00e9xico&#8217;\"}]},{\"@type\":\"WebSite\",\"@id\":\"https:\/\/www.nexoinformativo.mx\/#website\",\"url\":\"https:\/\/www.nexoinformativo.mx\/\",\"name\":\"Nexo Informativo Santiago de Quer\u00e9taro\",\"description\":\"Explora NexoInformativo y convi\u00e9rtete en parte de una comunidad que valora el conocimiento y la verdad. Tu nexoinformativo es tu puente hacia una comprensi\u00f3n m\u00e1s profunda del mundo que te rodea.\",\"publisher\":{\"@id\":\"https:\/\/www.nexoinformativo.mx\/#organization\"},\"potentialAction\":[{\"@type\":\"SearchAction\",\"target\":{\"@type\":\"EntryPoint\",\"urlTemplate\":\"https:\/\/www.nexoinformativo.mx\/?s={search_term_string}\"},\"query-input\":{\"@type\":\"PropertyValueSpecification\",\"valueRequired\":true,\"valueName\":\"search_term_string\"}}],\"inLanguage\":\"es\"},{\"@type\":\"Organization\",\"@id\":\"https:\/\/www.nexoinformativo.mx\/#organization\",\"name\":\"Nexo Informativo Santiago de Quer\u00e9taro\",\"url\":\"https:\/\/www.nexoinformativo.mx\/\",\"logo\":{\"@type\":\"ImageObject\",\"inLanguage\":\"es\",\"@id\":\"https:\/\/www.nexoinformativo.mx\/#\/schema\/logo\/image\/\",\"url\":\"https:\/\/www.nexoinformativo.mx\/wp-content\/uploads\/2024\/07\/nexoi-trasparente-2.png\",\"contentUrl\":\"https:\/\/www.nexoinformativo.mx\/wp-content\/uploads\/2024\/07\/nexoi-trasparente-2.png\",\"width\":816,\"height\":339,\"caption\":\"Nexo Informativo Santiago de Quer\u00e9taro\"},\"image\":{\"@id\":\"https:\/\/www.nexoinformativo.mx\/#\/schema\/logo\/image\/\"},\"sameAs\":[\"https:\/\/www.facebook.com\/people\/Nexo-Informativo\/61564066885511\/\"]},{\"@type\":\"Person\",\"@id\":\"https:\/\/www.nexoinformativo.mx\/#\/schema\/person\/7749d380ba08c8ca00d7bc76fd907b7d\",\"name\":\"Nexo Informativo\",\"image\":{\"@type\":\"ImageObject\",\"inLanguage\":\"es\",\"@id\":\"https:\/\/www.nexoinformativo.mx\/#\/schema\/person\/image\/\",\"url\":\"https:\/\/secure.gravatar.com\/avatar\/dde2928154642a13d95f87ddf1ea9718fe2b46760a005c53e41ff5ad610704e6?s=96&d=mm&r=g\",\"contentUrl\":\"https:\/\/secure.gravatar.com\/avatar\/dde2928154642a13d95f87ddf1ea9718fe2b46760a005c53e41ff5ad610704e6?s=96&d=mm&r=g\",\"caption\":\"Nexo Informativo\"},\"url\":\"https:\/\/www.nexoinformativo.mx\/index.php\/author\/edicion\/\"}]}<\/script>\n<!-- \/ Yoast SEO plugin. -->","yoast_head_json":{"title":"G7 M\u00e9xico atrae inversi\u00f3n Canadiense Sheinbaum presenta oportunidades del 'Plan M\u00e9xico' | Nexo Informativo Santiago de Quer\u00e9taro","description":"G7 M\u00e9xico atrae inversi\u00f3n Canadiense Sheinbaum presenta oportunidades del 'Plan M\u00e9xico'","robots":{"index":"index","follow":"follow","max-snippet":"max-snippet:-1","max-image-preview":"max-image-preview:large","max-video-preview":"max-video-preview:-1"},"canonical":"https:\/\/www.nexoinformativo.mx\/index.php\/2025\/06\/17\/g7-mexico-atrae-inversion-canadiense-sheinbaum-presenta-oportunidades-del-plan-mexico\/","og_locale":"es_MX","og_type":"article","og_title":"G7 M\u00e9xico atrae inversi\u00f3n Canadiense Sheinbaum presenta oportunidades del 'Plan M\u00e9xico' | Nexo Informativo Santiago de Quer\u00e9taro","og_description":"G7 M\u00e9xico atrae inversi\u00f3n Canadiense Sheinbaum presenta oportunidades del 'Plan M\u00e9xico'","og_url":"https:\/\/www.nexoinformativo.mx\/index.php\/2025\/06\/17\/g7-mexico-atrae-inversion-canadiense-sheinbaum-presenta-oportunidades-del-plan-mexico\/","og_site_name":"Nexo Informativo Santiago de Quer\u00e9taro","article_publisher":"https:\/\/www.facebook.com\/people\/Nexo-Informativo\/61564066885511\/","article_published_time":"2025-06-17T15:00:59+00:00","article_modified_time":"2025-06-17T19:06:22+00:00","og_image":[{"width":650,"height":380,"url":"https:\/\/www.nexoinformativo.mx\/wp-content\/uploads\/2025\/06\/IMG_4064.jpeg","type":"image\/jpeg"}],"author":"Nexo Informativo","twitter_card":"summary_large_image","twitter_misc":{"Escrito por":"Nexo Informativo","Tiempo de lectura":"2 minutos"},"schema":{"@context":"https:\/\/schema.org","@graph":[{"@type":"Article","@id":"https:\/\/www.nexoinformativo.mx\/index.php\/2025\/06\/17\/g7-mexico-atrae-inversion-canadiense-sheinbaum-presenta-oportunidades-del-plan-mexico\/#article","isPartOf":{"@id":"https:\/\/www.nexoinformativo.mx\/index.php\/2025\/06\/17\/g7-mexico-atrae-inversion-canadiense-sheinbaum-presenta-oportunidades-del-plan-mexico\/"},"author":{"name":"Nexo Informativo","@id":"https:\/\/www.nexoinformativo.mx\/#\/schema\/person\/7749d380ba08c8ca00d7bc76fd907b7d"},"headline":"G7 M\u00e9xico atrae inversi\u00f3n Canadiense Sheinbaum presenta oportunidades del &#8216;Plan M\u00e9xico&#8217;","datePublished":"2025-06-17T15:00:59+00:00","dateModified":"2025-06-17T19:06:22+00:00","mainEntityOfPage":{"@id":"https:\/\/www.nexoinformativo.mx\/index.php\/2025\/06\/17\/g7-mexico-atrae-inversion-canadiense-sheinbaum-presenta-oportunidades-del-plan-mexico\/"},"wordCount":292,"commentCount":0,"publisher":{"@id":"https:\/\/www.nexoinformativo.mx\/#organization"},"image":{"@id":"https:\/\/www.nexoinformativo.mx\/index.php\/2025\/06\/17\/g7-mexico-atrae-inversion-canadiense-sheinbaum-presenta-oportunidades-del-plan-mexico\/#primaryimage"},"thumbnailUrl":"https:\/\/www.nexoinformativo.mx\/wp-content\/uploads\/2025\/06\/IMG_4064.jpeg","keywords":["Econom\u00edaM\u00e9xico","Inversi\u00f3nCanad\u00e1","M\u00e9xicoCrece","SheinbaumG7"],"articleSection":["Econom\u00eda","Nacional","\u00daltima Hora"],"inLanguage":"es","potentialAction":[{"@type":"CommentAction","name":"Comment","target":["https:\/\/www.nexoinformativo.mx\/index.php\/2025\/06\/17\/g7-mexico-atrae-inversion-canadiense-sheinbaum-presenta-oportunidades-del-plan-mexico\/#respond"]}]},{"@type":"WebPage","@id":"https:\/\/www.nexoinformativo.mx\/index.php\/2025\/06\/17\/g7-mexico-atrae-inversion-canadiense-sheinbaum-presenta-oportunidades-del-plan-mexico\/","url":"https:\/\/www.nexoinformativo.mx\/index.php\/2025\/06\/17\/g7-mexico-atrae-inversion-canadiense-sheinbaum-presenta-oportunidades-del-plan-mexico\/","name":"G7 M\u00e9xico atrae inversi\u00f3n Canadiense Sheinbaum presenta oportunidades del 'Plan M\u00e9xico' | Nexo Informativo Santiago de Quer\u00e9taro","isPartOf":{"@id":"https:\/\/www.nexoinformativo.mx\/#website"},"primaryImageOfPage":{"@id":"https:\/\/www.nexoinformativo.mx\/index.php\/2025\/06\/17\/g7-mexico-atrae-inversion-canadiense-sheinbaum-presenta-oportunidades-del-plan-mexico\/#primaryimage"},"image":{"@id":"https:\/\/www.nexoinformativo.mx\/index.php\/2025\/06\/17\/g7-mexico-atrae-inversion-canadiense-sheinbaum-presenta-oportunidades-del-plan-mexico\/#primaryimage"},"thumbnailUrl":"https:\/\/www.nexoinformativo.mx\/wp-content\/uploads\/2025\/06\/IMG_4064.jpeg","datePublished":"2025-06-17T15:00:59+00:00","dateModified":"2025-06-17T19:06:22+00:00","description":"G7 M\u00e9xico atrae inversi\u00f3n Canadiense Sheinbaum presenta oportunidades del 'Plan M\u00e9xico'","breadcrumb":{"@id":"https:\/\/www.nexoinformativo.mx\/index.php\/2025\/06\/17\/g7-mexico-atrae-inversion-canadiense-sheinbaum-presenta-oportunidades-del-plan-mexico\/#breadcrumb"},"inLanguage":"es","potentialAction":[{"@type":"ReadAction","target":["https:\/\/www.nexoinformativo.mx\/index.php\/2025\/06\/17\/g7-mexico-atrae-inversion-canadiense-sheinbaum-presenta-oportunidades-del-plan-mexico\/"]}]},{"@type":"ImageObject","inLanguage":"es","@id":"https:\/\/www.nexoinformativo.mx\/index.php\/2025\/06\/17\/g7-mexico-atrae-inversion-canadiense-sheinbaum-presenta-oportunidades-del-plan-mexico\/#primaryimage","url":"https:\/\/www.nexoinformativo.mx\/wp-content\/uploads\/2025\/06\/IMG_4064.jpeg","contentUrl":"https:\/\/www.nexoinformativo.mx\/wp-content\/uploads\/2025\/06\/IMG_4064.jpeg","width":650,"height":380},{"@type":"BreadcrumbList","@id":"https:\/\/www.nexoinformativo.mx\/index.php\/2025\/06\/17\/g7-mexico-atrae-inversion-canadiense-sheinbaum-presenta-oportunidades-del-plan-mexico\/#breadcrumb","itemListElement":[{"@type":"ListItem","position":1,"name":"Inicio","item":"https:\/\/www.nexoinformativo.mx\/"},{"@type":"ListItem","position":2,"name":"G7 M\u00e9xico atrae inversi\u00f3n Canadiense Sheinbaum presenta oportunidades del &#8216;Plan M\u00e9xico&#8217;"}]},{"@type":"WebSite","@id":"https:\/\/www.nexoinformativo.mx\/#website","url":"https:\/\/www.nexoinformativo.mx\/","name":"Nexo Informativo Santiago de Quer\u00e9taro","description":"Explora NexoInformativo y convi\u00e9rtete en parte de una comunidad que valora el conocimiento y la verdad. Tu nexoinformativo es tu puente hacia una comprensi\u00f3n m\u00e1s profunda del mundo que te rodea.","publisher":{"@id":"https:\/\/www.nexoinformativo.mx\/#organization"},"potentialAction":[{"@type":"SearchAction","target":{"@type":"EntryPoint","urlTemplate":"https:\/\/www.nexoinformativo.mx\/?s={search_term_string}"},"query-input":{"@type":"PropertyValueSpecification","valueRequired":true,"valueName":"search_term_string"}}],"inLanguage":"es"},{"@type":"Organization","@id":"https:\/\/www.nexoinformativo.mx\/#organization","name":"Nexo Informativo Santiago de Quer\u00e9taro","url":"https:\/\/www.nexoinformativo.mx\/","logo":{"@type":"ImageObject","inLanguage":"es","@id":"https:\/\/www.nexoinformativo.mx\/#\/schema\/logo\/image\/","url":"https:\/\/www.nexoinformativo.mx\/wp-content\/uploads\/2024\/07\/nexoi-trasparente-2.png","contentUrl":"https:\/\/www.nexoinformativo.mx\/wp-content\/uploads\/2024\/07\/nexoi-trasparente-2.png","width":816,"height":339,"caption":"Nexo Informativo Santiago de Quer\u00e9taro"},"image":{"@id":"https:\/\/www.nexoinformativo.mx\/#\/schema\/logo\/image\/"},"sameAs":["https:\/\/www.facebook.com\/people\/Nexo-Informativo\/61564066885511\/"]},{"@type":"Person","@id":"https:\/\/www.nexoinformativo.mx\/#\/schema\/person\/7749d380ba08c8ca00d7bc76fd907b7d","name":"Nexo Informativo","image":{"@type":"ImageObject","inLanguage":"es","@id":"https:\/\/www.nexoinformativo.mx\/#\/schema\/person\/image\/","url":"https:\/\/secure.gravatar.com\/avatar\/dde2928154642a13d95f87ddf1ea9718fe2b46760a005c53e41ff5ad610704e6?s=96&d=mm&r=g","contentUrl":"https:\/\/secure.gravatar.com\/avatar\/dde2928154642a13d95f87ddf1ea9718fe2b46760a005c53e41ff5ad610704e6?s=96&d=mm&r=g","caption":"Nexo Informativo"},"url":"https:\/\/www.nexoinformativo.mx\/index.php\/author\/edicion\/"}]}},"_links":{"self":[{"href":"https:\/\/www.nexoinformativo.mx\/index.php\/wp-json\/wp\/v2\/posts\/15920","targetHints":{"allow":["GET"]}}],"collection":[{"href":"https:\/\/www.nexoinformativo.mx\/index.php\/wp-json\/wp\/v2\/posts"}],"about":[{"href":"https:\/\/www.nexoinformativo.mx\/index.php\/wp-json\/wp\/v2\/types\/post"}],"author":[{"embeddable":true,"href":"https:\/\/www.nexoinformativo.mx\/index.php\/wp-json\/wp\/v2\/users\/3"}],"replies":[{"embeddable":true,"href":"https:\/\/www.nexoinformativo.mx\/index.php\/wp-json\/wp\/v2\/comments?post=15920"}],"version-history":[{"count":4,"href":"https:\/\/www.nexoinformativo.mx\/index.php\/wp-json\/wp\/v2\/posts\/15920\/revisions"}],"predecessor-version":[{"id":15925,"href":"https:\/\/www.nexoinformativo.mx\/index.php\/wp-json\/wp\/v2\/posts\/15920\/revisions\/15925"}],"wp:featuredmedia":[{"embeddable":true,"href":"https:\/\/www.nexoinformativo.mx\/index.php\/wp-json\/wp\/v2\/media\/15921"}],"wp:attachment":[{"href":"https:\/\/www.nexoinformativo.mx\/index.php\/wp-json\/wp\/v2\/media?parent=15920"}],"wp:term":[{"taxonomy":"category","embeddable":true,"href":"https:\/\/www.nexoinformativo.mx\/index.php\/wp-json\/wp\/v2\/categories?post=15920"},{"taxonomy":"post_tag","embeddable":true,"href":"https:\/\/www.nexoinformativo.mx\/index.php\/wp-json\/wp\/v2\/tags?post=15920"}],"curies":[{"name":"wp","href":"https:\/\/api.w.org\/{rel}","templated":true}]}}