{"id":1593,"date":"2024-09-05T07:00:32","date_gmt":"2024-09-05T13:00:32","guid":{"rendered":"https:\/\/www.nexoinformativo.mx\/?p=1593"},"modified":"2024-09-05T10:26:33","modified_gmt":"2024-09-05T16:26:33","slug":"insitu-piano-extiende-su-segunda-temporada-en-el-centro-historico-de-queretaro","status":"publish","type":"post","link":"https:\/\/www.nexoinformativo.mx\/index.php\/2024\/09\/05\/insitu-piano-extiende-su-segunda-temporada-en-el-centro-historico-de-queretaro\/","title":{"rendered":"Insitu Piano extiende su segunda temporada en el Centro Hist\u00f3rico de Quer\u00e9taro"},"content":{"rendered":"<p style=\"text-align: justify;\">El proyecto cultural <strong><em>Insitu Piano<\/em><\/strong>, organizado por Siguientescena y respaldado por la Secretar\u00eda de Cultura del Municipio de Quer\u00e9taro, extiende su segunda temporada del 2 al 22 de septiembre en las plazas p\u00fablicas del Centro Hist\u00f3rico de Quer\u00e9taro. Este evento tiene como objetivo fomentar la cultura y el arte en espacios abiertos, ofreciendo una experiencia \u00fanica e interactiva para la comunidad.<\/p>\n<p>&nbsp;<\/p>\n<p style=\"text-align: justify;\">Durante este periodo, los ciudadanos y turistas podr\u00e1n disfrutar de la m\u00fasica en tres locaciones emblem\u00e1ticas del Centro Hist\u00f3rico: Plaza Fundadores, Andador Madero y Alameda Hidalgo. En estos espacios, se instalar\u00e1n pianos intervenidos art\u00edsticamente por los reconocidos artistas pl\u00e1sticos Adriana Br\u00edo, Walter Cruz y Luis S\u00e1nchez. Cada piano estar\u00e1 disponible para que los asistentes interact\u00faen con ellos, creando una conexi\u00f3n directa entre el arte y el p\u00fablico.<\/p>\n<p>&nbsp;<\/p>\n<p style=\"text-align: justify;\">El evento tambi\u00e9n contar\u00e1 con la colaboraci\u00f3n de j\u00f3venes del Conservatorio de M\u00fasica de Quer\u00e9taro, quienes actuar\u00e1n como facilitadores del conocimiento musical, enriqueciendo la experiencia de los visitantes. Adem\u00e1s, se llevar\u00e1n a cabo tres recitales gratuitos los s\u00e1bados de septiembre en el Andador Madero a las 19:00 horas:<\/p>\n<p>&nbsp;<\/p>\n<ul style=\"text-align: justify;\">\n<li><strong>7 de septiembre<\/strong>: Mtro. Jorge Estrada, reconocido jazzista.<\/li>\n<li><strong>14 de septiembre<\/strong>: Mtra. Andrea Lascurain, con repertorios diversos.<\/li>\n<li><strong>21 de septiembre<\/strong>: Mtra. Marta Garc\u00eda Renart, presentando piezas cl\u00e1sicas.<\/li>\n<\/ul>\n<p>&nbsp;<\/p>\n<p style=\"text-align: justify;\">La Secretar\u00eda de Cultura del Municipio de Quer\u00e9taro y la Secretar\u00eda de Turismo del Estado impulsan esta iniciativa cultural, destacando la importancia de enriquecer la oferta cultural y tur\u00edstica de la ciudad. <strong><em>Insitu Piano<\/em> <\/strong>no solo acerca la m\u00fasica a los espacios urbanos, tambi\u00e9n transforma la interacci\u00f3n entre los ciudadanos, creando momentos memorables y experiencias enriquecedoras para todos los presentes.<\/p>\n","protected":false},"excerpt":{"rendered":"<p>El proyecto cultural Insitu Piano, organizado por Siguientescena y respaldado por la Secretar\u00eda de Cultura del Municipio de Quer\u00e9taro, extiende su segunda temporada del 2 al 22 de septiembre en las plazas p\u00fablicas del Centro Hist\u00f3rico de Quer\u00e9taro. Este evento tiene como objetivo fomentar la cultura y el arte en espacios abiertos, ofreciendo una experiencia \u00fanica e interactiva para la comunidad.<\/p>\n","protected":false},"author":3,"featured_media":1594,"comment_status":"open","ping_status":"open","sticky":false,"template":"","format":"standard","meta":{"footnotes":""},"categories":[42],"tags":[520,417,518,519],"class_list":["post-1593","post","type-post","status-publish","format-standard","has-post-thumbnail","hentry","category-estado","tag-arteurbano","tag-culturaqueretaro","tag-insitupiano","tag-musicaenelcentro"],"yoast_head":"<!-- This site is optimized with the Yoast SEO plugin v25.0 - https:\/\/yoast.com\/wordpress\/plugins\/seo\/ -->\n<title>Insitu Piano extiende su segunda temporada en el Centro Hist\u00f3rico de Quer\u00e9taro | Nexo Informativo Santiago de Quer\u00e9taro<\/title>\n<meta name=\"description\" content=\"Insitu Piano extiende su segunda temporada en el Centro Hist\u00f3rico de Quer\u00e9taro\" \/>\n<meta name=\"robots\" content=\"index, follow, max-snippet:-1, max-image-preview:large, max-video-preview:-1\" \/>\n<link rel=\"canonical\" href=\"https:\/\/www.nexoinformativo.mx\/index.php\/2024\/09\/05\/insitu-piano-extiende-su-segunda-temporada-en-el-centro-historico-de-queretaro\/\" \/>\n<meta property=\"og:locale\" content=\"es_MX\" \/>\n<meta property=\"og:type\" content=\"article\" \/>\n<meta property=\"og:title\" content=\"Insitu Piano extiende su segunda temporada en el Centro Hist\u00f3rico de Quer\u00e9taro | Nexo Informativo Santiago de Quer\u00e9taro\" \/>\n<meta property=\"og:description\" content=\"Insitu Piano extiende su segunda temporada en el Centro Hist\u00f3rico de Quer\u00e9taro\" \/>\n<meta property=\"og:url\" content=\"https:\/\/www.nexoinformativo.mx\/index.php\/2024\/09\/05\/insitu-piano-extiende-su-segunda-temporada-en-el-centro-historico-de-queretaro\/\" \/>\n<meta property=\"og:site_name\" content=\"Nexo Informativo Santiago de Quer\u00e9taro\" \/>\n<meta property=\"article:publisher\" content=\"https:\/\/www.facebook.com\/people\/Nexo-Informativo\/61564066885511\/\" \/>\n<meta property=\"article:published_time\" content=\"2024-09-05T13:00:32+00:00\" \/>\n<meta property=\"article:modified_time\" content=\"2024-09-05T16:26:33+00:00\" \/>\n<meta property=\"og:image\" content=\"https:\/\/www.nexoinformativo.mx\/wp-content\/uploads\/2024\/09\/PHOTO-2024-09-05-08-28-54-e1725553486682.jpg\" \/>\n\t<meta property=\"og:image:width\" content=\"800\" \/>\n\t<meta property=\"og:image:height\" content=\"1201\" \/>\n\t<meta property=\"og:image:type\" content=\"image\/jpeg\" \/>\n<meta name=\"author\" content=\"Nexo Informativo\" \/>\n<meta name=\"twitter:card\" content=\"summary_large_image\" \/>\n<meta name=\"twitter:label1\" content=\"Escrito por\" \/>\n\t<meta name=\"twitter:data1\" content=\"Nexo Informativo\" \/>\n\t<meta name=\"twitter:label2\" content=\"Tiempo de lectura\" \/>\n\t<meta name=\"twitter:data2\" content=\"2 minutos\" \/>\n<script type=\"application\/ld+json\" class=\"yoast-schema-graph\">{\"@context\":\"https:\/\/schema.org\",\"@graph\":[{\"@type\":\"Article\",\"@id\":\"https:\/\/www.nexoinformativo.mx\/index.php\/2024\/09\/05\/insitu-piano-extiende-su-segunda-temporada-en-el-centro-historico-de-queretaro\/#article\",\"isPartOf\":{\"@id\":\"https:\/\/www.nexoinformativo.mx\/index.php\/2024\/09\/05\/insitu-piano-extiende-su-segunda-temporada-en-el-centro-historico-de-queretaro\/\"},\"author\":{\"name\":\"Nexo Informativo\",\"@id\":\"https:\/\/www.nexoinformativo.mx\/#\/schema\/person\/7749d380ba08c8ca00d7bc76fd907b7d\"},\"headline\":\"Insitu Piano extiende su segunda temporada en el Centro Hist\u00f3rico de Quer\u00e9taro\",\"datePublished\":\"2024-09-05T13:00:32+00:00\",\"dateModified\":\"2024-09-05T16:26:33+00:00\",\"mainEntityOfPage\":{\"@id\":\"https:\/\/www.nexoinformativo.mx\/index.php\/2024\/09\/05\/insitu-piano-extiende-su-segunda-temporada-en-el-centro-historico-de-queretaro\/\"},\"wordCount\":310,\"commentCount\":0,\"publisher\":{\"@id\":\"https:\/\/www.nexoinformativo.mx\/#organization\"},\"image\":{\"@id\":\"https:\/\/www.nexoinformativo.mx\/index.php\/2024\/09\/05\/insitu-piano-extiende-su-segunda-temporada-en-el-centro-historico-de-queretaro\/#primaryimage\"},\"thumbnailUrl\":\"https:\/\/www.nexoinformativo.mx\/wp-content\/uploads\/2024\/09\/PHOTO-2024-09-05-08-28-54-e1725553486682.jpg\",\"keywords\":[\"ArteUrbano\",\"CulturaQuer\u00e9taro\",\"InsituPiano\",\"M\u00fasicaEnElCentro\"],\"articleSection\":[\"Estado\"],\"inLanguage\":\"es\",\"potentialAction\":[{\"@type\":\"CommentAction\",\"name\":\"Comment\",\"target\":[\"https:\/\/www.nexoinformativo.mx\/index.php\/2024\/09\/05\/insitu-piano-extiende-su-segunda-temporada-en-el-centro-historico-de-queretaro\/#respond\"]}]},{\"@type\":\"WebPage\",\"@id\":\"https:\/\/www.nexoinformativo.mx\/index.php\/2024\/09\/05\/insitu-piano-extiende-su-segunda-temporada-en-el-centro-historico-de-queretaro\/\",\"url\":\"https:\/\/www.nexoinformativo.mx\/index.php\/2024\/09\/05\/insitu-piano-extiende-su-segunda-temporada-en-el-centro-historico-de-queretaro\/\",\"name\":\"Insitu Piano extiende su segunda temporada en el Centro Hist\u00f3rico de Quer\u00e9taro | Nexo Informativo Santiago de Quer\u00e9taro\",\"isPartOf\":{\"@id\":\"https:\/\/www.nexoinformativo.mx\/#website\"},\"primaryImageOfPage\":{\"@id\":\"https:\/\/www.nexoinformativo.mx\/index.php\/2024\/09\/05\/insitu-piano-extiende-su-segunda-temporada-en-el-centro-historico-de-queretaro\/#primaryimage\"},\"image\":{\"@id\":\"https:\/\/www.nexoinformativo.mx\/index.php\/2024\/09\/05\/insitu-piano-extiende-su-segunda-temporada-en-el-centro-historico-de-queretaro\/#primaryimage\"},\"thumbnailUrl\":\"https:\/\/www.nexoinformativo.mx\/wp-content\/uploads\/2024\/09\/PHOTO-2024-09-05-08-28-54-e1725553486682.jpg\",\"datePublished\":\"2024-09-05T13:00:32+00:00\",\"dateModified\":\"2024-09-05T16:26:33+00:00\",\"description\":\"Insitu Piano extiende su segunda temporada en el Centro Hist\u00f3rico de Quer\u00e9taro\",\"breadcrumb\":{\"@id\":\"https:\/\/www.nexoinformativo.mx\/index.php\/2024\/09\/05\/insitu-piano-extiende-su-segunda-temporada-en-el-centro-historico-de-queretaro\/#breadcrumb\"},\"inLanguage\":\"es\",\"potentialAction\":[{\"@type\":\"ReadAction\",\"target\":[\"https:\/\/www.nexoinformativo.mx\/index.php\/2024\/09\/05\/insitu-piano-extiende-su-segunda-temporada-en-el-centro-historico-de-queretaro\/\"]}]},{\"@type\":\"ImageObject\",\"inLanguage\":\"es\",\"@id\":\"https:\/\/www.nexoinformativo.mx\/index.php\/2024\/09\/05\/insitu-piano-extiende-su-segunda-temporada-en-el-centro-historico-de-queretaro\/#primaryimage\",\"url\":\"https:\/\/www.nexoinformativo.mx\/wp-content\/uploads\/2024\/09\/PHOTO-2024-09-05-08-28-54-e1725553486682.jpg\",\"contentUrl\":\"https:\/\/www.nexoinformativo.mx\/wp-content\/uploads\/2024\/09\/PHOTO-2024-09-05-08-28-54-e1725553486682.jpg\",\"width\":800,\"height\":1201},{\"@type\":\"BreadcrumbList\",\"@id\":\"https:\/\/www.nexoinformativo.mx\/index.php\/2024\/09\/05\/insitu-piano-extiende-su-segunda-temporada-en-el-centro-historico-de-queretaro\/#breadcrumb\",\"itemListElement\":[{\"@type\":\"ListItem\",\"position\":1,\"name\":\"Inicio\",\"item\":\"https:\/\/www.nexoinformativo.mx\/\"},{\"@type\":\"ListItem\",\"position\":2,\"name\":\"Insitu Piano extiende su segunda temporada en el Centro Hist\u00f3rico de Quer\u00e9taro\"}]},{\"@type\":\"WebSite\",\"@id\":\"https:\/\/www.nexoinformativo.mx\/#website\",\"url\":\"https:\/\/www.nexoinformativo.mx\/\",\"name\":\"Nexo Informativo Santiago de Quer\u00e9taro\",\"description\":\"Explora NexoInformativo y convi\u00e9rtete en parte de una comunidad que valora el conocimiento y la verdad. Tu nexoinformativo es tu puente hacia una comprensi\u00f3n m\u00e1s profunda del mundo que te rodea.\",\"publisher\":{\"@id\":\"https:\/\/www.nexoinformativo.mx\/#organization\"},\"potentialAction\":[{\"@type\":\"SearchAction\",\"target\":{\"@type\":\"EntryPoint\",\"urlTemplate\":\"https:\/\/www.nexoinformativo.mx\/?s={search_term_string}\"},\"query-input\":{\"@type\":\"PropertyValueSpecification\",\"valueRequired\":true,\"valueName\":\"search_term_string\"}}],\"inLanguage\":\"es\"},{\"@type\":\"Organization\",\"@id\":\"https:\/\/www.nexoinformativo.mx\/#organization\",\"name\":\"Nexo Informativo Santiago de Quer\u00e9taro\",\"url\":\"https:\/\/www.nexoinformativo.mx\/\",\"logo\":{\"@type\":\"ImageObject\",\"inLanguage\":\"es\",\"@id\":\"https:\/\/www.nexoinformativo.mx\/#\/schema\/logo\/image\/\",\"url\":\"https:\/\/www.nexoinformativo.mx\/wp-content\/uploads\/2024\/07\/nexoi-trasparente-2.png\",\"contentUrl\":\"https:\/\/www.nexoinformativo.mx\/wp-content\/uploads\/2024\/07\/nexoi-trasparente-2.png\",\"width\":816,\"height\":339,\"caption\":\"Nexo Informativo Santiago de Quer\u00e9taro\"},\"image\":{\"@id\":\"https:\/\/www.nexoinformativo.mx\/#\/schema\/logo\/image\/\"},\"sameAs\":[\"https:\/\/www.facebook.com\/people\/Nexo-Informativo\/61564066885511\/\"]},{\"@type\":\"Person\",\"@id\":\"https:\/\/www.nexoinformativo.mx\/#\/schema\/person\/7749d380ba08c8ca00d7bc76fd907b7d\",\"name\":\"Nexo Informativo\",\"image\":{\"@type\":\"ImageObject\",\"inLanguage\":\"es\",\"@id\":\"https:\/\/www.nexoinformativo.mx\/#\/schema\/person\/image\/\",\"url\":\"https:\/\/secure.gravatar.com\/avatar\/dde2928154642a13d95f87ddf1ea9718fe2b46760a005c53e41ff5ad610704e6?s=96&d=mm&r=g\",\"contentUrl\":\"https:\/\/secure.gravatar.com\/avatar\/dde2928154642a13d95f87ddf1ea9718fe2b46760a005c53e41ff5ad610704e6?s=96&d=mm&r=g\",\"caption\":\"Nexo Informativo\"},\"url\":\"https:\/\/www.nexoinformativo.mx\/index.php\/author\/edicion\/\"}]}<\/script>\n<!-- \/ Yoast SEO plugin. -->","yoast_head_json":{"title":"Insitu Piano extiende su segunda temporada en el Centro Hist\u00f3rico de Quer\u00e9taro | Nexo Informativo Santiago de Quer\u00e9taro","description":"Insitu Piano extiende su segunda temporada en el Centro Hist\u00f3rico de Quer\u00e9taro","robots":{"index":"index","follow":"follow","max-snippet":"max-snippet:-1","max-image-preview":"max-image-preview:large","max-video-preview":"max-video-preview:-1"},"canonical":"https:\/\/www.nexoinformativo.mx\/index.php\/2024\/09\/05\/insitu-piano-extiende-su-segunda-temporada-en-el-centro-historico-de-queretaro\/","og_locale":"es_MX","og_type":"article","og_title":"Insitu Piano extiende su segunda temporada en el Centro Hist\u00f3rico de Quer\u00e9taro | Nexo Informativo Santiago de Quer\u00e9taro","og_description":"Insitu Piano extiende su segunda temporada en el Centro Hist\u00f3rico de Quer\u00e9taro","og_url":"https:\/\/www.nexoinformativo.mx\/index.php\/2024\/09\/05\/insitu-piano-extiende-su-segunda-temporada-en-el-centro-historico-de-queretaro\/","og_site_name":"Nexo Informativo Santiago de Quer\u00e9taro","article_publisher":"https:\/\/www.facebook.com\/people\/Nexo-Informativo\/61564066885511\/","article_published_time":"2024-09-05T13:00:32+00:00","article_modified_time":"2024-09-05T16:26:33+00:00","og_image":[{"width":800,"height":1201,"url":"https:\/\/www.nexoinformativo.mx\/wp-content\/uploads\/2024\/09\/PHOTO-2024-09-05-08-28-54-e1725553486682.jpg","type":"image\/jpeg"}],"author":"Nexo Informativo","twitter_card":"summary_large_image","twitter_misc":{"Escrito por":"Nexo Informativo","Tiempo de lectura":"2 minutos"},"schema":{"@context":"https:\/\/schema.org","@graph":[{"@type":"Article","@id":"https:\/\/www.nexoinformativo.mx\/index.php\/2024\/09\/05\/insitu-piano-extiende-su-segunda-temporada-en-el-centro-historico-de-queretaro\/#article","isPartOf":{"@id":"https:\/\/www.nexoinformativo.mx\/index.php\/2024\/09\/05\/insitu-piano-extiende-su-segunda-temporada-en-el-centro-historico-de-queretaro\/"},"author":{"name":"Nexo Informativo","@id":"https:\/\/www.nexoinformativo.mx\/#\/schema\/person\/7749d380ba08c8ca00d7bc76fd907b7d"},"headline":"Insitu Piano extiende su segunda temporada en el Centro Hist\u00f3rico de Quer\u00e9taro","datePublished":"2024-09-05T13:00:32+00:00","dateModified":"2024-09-05T16:26:33+00:00","mainEntityOfPage":{"@id":"https:\/\/www.nexoinformativo.mx\/index.php\/2024\/09\/05\/insitu-piano-extiende-su-segunda-temporada-en-el-centro-historico-de-queretaro\/"},"wordCount":310,"commentCount":0,"publisher":{"@id":"https:\/\/www.nexoinformativo.mx\/#organization"},"image":{"@id":"https:\/\/www.nexoinformativo.mx\/index.php\/2024\/09\/05\/insitu-piano-extiende-su-segunda-temporada-en-el-centro-historico-de-queretaro\/#primaryimage"},"thumbnailUrl":"https:\/\/www.nexoinformativo.mx\/wp-content\/uploads\/2024\/09\/PHOTO-2024-09-05-08-28-54-e1725553486682.jpg","keywords":["ArteUrbano","CulturaQuer\u00e9taro","InsituPiano","M\u00fasicaEnElCentro"],"articleSection":["Estado"],"inLanguage":"es","potentialAction":[{"@type":"CommentAction","name":"Comment","target":["https:\/\/www.nexoinformativo.mx\/index.php\/2024\/09\/05\/insitu-piano-extiende-su-segunda-temporada-en-el-centro-historico-de-queretaro\/#respond"]}]},{"@type":"WebPage","@id":"https:\/\/www.nexoinformativo.mx\/index.php\/2024\/09\/05\/insitu-piano-extiende-su-segunda-temporada-en-el-centro-historico-de-queretaro\/","url":"https:\/\/www.nexoinformativo.mx\/index.php\/2024\/09\/05\/insitu-piano-extiende-su-segunda-temporada-en-el-centro-historico-de-queretaro\/","name":"Insitu Piano extiende su segunda temporada en el Centro Hist\u00f3rico de Quer\u00e9taro | Nexo Informativo Santiago de Quer\u00e9taro","isPartOf":{"@id":"https:\/\/www.nexoinformativo.mx\/#website"},"primaryImageOfPage":{"@id":"https:\/\/www.nexoinformativo.mx\/index.php\/2024\/09\/05\/insitu-piano-extiende-su-segunda-temporada-en-el-centro-historico-de-queretaro\/#primaryimage"},"image":{"@id":"https:\/\/www.nexoinformativo.mx\/index.php\/2024\/09\/05\/insitu-piano-extiende-su-segunda-temporada-en-el-centro-historico-de-queretaro\/#primaryimage"},"thumbnailUrl":"https:\/\/www.nexoinformativo.mx\/wp-content\/uploads\/2024\/09\/PHOTO-2024-09-05-08-28-54-e1725553486682.jpg","datePublished":"2024-09-05T13:00:32+00:00","dateModified":"2024-09-05T16:26:33+00:00","description":"Insitu Piano extiende su segunda temporada en el Centro Hist\u00f3rico de Quer\u00e9taro","breadcrumb":{"@id":"https:\/\/www.nexoinformativo.mx\/index.php\/2024\/09\/05\/insitu-piano-extiende-su-segunda-temporada-en-el-centro-historico-de-queretaro\/#breadcrumb"},"inLanguage":"es","potentialAction":[{"@type":"ReadAction","target":["https:\/\/www.nexoinformativo.mx\/index.php\/2024\/09\/05\/insitu-piano-extiende-su-segunda-temporada-en-el-centro-historico-de-queretaro\/"]}]},{"@type":"ImageObject","inLanguage":"es","@id":"https:\/\/www.nexoinformativo.mx\/index.php\/2024\/09\/05\/insitu-piano-extiende-su-segunda-temporada-en-el-centro-historico-de-queretaro\/#primaryimage","url":"https:\/\/www.nexoinformativo.mx\/wp-content\/uploads\/2024\/09\/PHOTO-2024-09-05-08-28-54-e1725553486682.jpg","contentUrl":"https:\/\/www.nexoinformativo.mx\/wp-content\/uploads\/2024\/09\/PHOTO-2024-09-05-08-28-54-e1725553486682.jpg","width":800,"height":1201},{"@type":"BreadcrumbList","@id":"https:\/\/www.nexoinformativo.mx\/index.php\/2024\/09\/05\/insitu-piano-extiende-su-segunda-temporada-en-el-centro-historico-de-queretaro\/#breadcrumb","itemListElement":[{"@type":"ListItem","position":1,"name":"Inicio","item":"https:\/\/www.nexoinformativo.mx\/"},{"@type":"ListItem","position":2,"name":"Insitu Piano extiende su segunda temporada en el Centro Hist\u00f3rico de Quer\u00e9taro"}]},{"@type":"WebSite","@id":"https:\/\/www.nexoinformativo.mx\/#website","url":"https:\/\/www.nexoinformativo.mx\/","name":"Nexo Informativo Santiago de Quer\u00e9taro","description":"Explora NexoInformativo y convi\u00e9rtete en parte de una comunidad que valora el conocimiento y la verdad. Tu nexoinformativo es tu puente hacia una comprensi\u00f3n m\u00e1s profunda del mundo que te rodea.","publisher":{"@id":"https:\/\/www.nexoinformativo.mx\/#organization"},"potentialAction":[{"@type":"SearchAction","target":{"@type":"EntryPoint","urlTemplate":"https:\/\/www.nexoinformativo.mx\/?s={search_term_string}"},"query-input":{"@type":"PropertyValueSpecification","valueRequired":true,"valueName":"search_term_string"}}],"inLanguage":"es"},{"@type":"Organization","@id":"https:\/\/www.nexoinformativo.mx\/#organization","name":"Nexo Informativo Santiago de Quer\u00e9taro","url":"https:\/\/www.nexoinformativo.mx\/","logo":{"@type":"ImageObject","inLanguage":"es","@id":"https:\/\/www.nexoinformativo.mx\/#\/schema\/logo\/image\/","url":"https:\/\/www.nexoinformativo.mx\/wp-content\/uploads\/2024\/07\/nexoi-trasparente-2.png","contentUrl":"https:\/\/www.nexoinformativo.mx\/wp-content\/uploads\/2024\/07\/nexoi-trasparente-2.png","width":816,"height":339,"caption":"Nexo Informativo Santiago de Quer\u00e9taro"},"image":{"@id":"https:\/\/www.nexoinformativo.mx\/#\/schema\/logo\/image\/"},"sameAs":["https:\/\/www.facebook.com\/people\/Nexo-Informativo\/61564066885511\/"]},{"@type":"Person","@id":"https:\/\/www.nexoinformativo.mx\/#\/schema\/person\/7749d380ba08c8ca00d7bc76fd907b7d","name":"Nexo Informativo","image":{"@type":"ImageObject","inLanguage":"es","@id":"https:\/\/www.nexoinformativo.mx\/#\/schema\/person\/image\/","url":"https:\/\/secure.gravatar.com\/avatar\/dde2928154642a13d95f87ddf1ea9718fe2b46760a005c53e41ff5ad610704e6?s=96&d=mm&r=g","contentUrl":"https:\/\/secure.gravatar.com\/avatar\/dde2928154642a13d95f87ddf1ea9718fe2b46760a005c53e41ff5ad610704e6?s=96&d=mm&r=g","caption":"Nexo Informativo"},"url":"https:\/\/www.nexoinformativo.mx\/index.php\/author\/edicion\/"}]}},"_links":{"self":[{"href":"https:\/\/www.nexoinformativo.mx\/index.php\/wp-json\/wp\/v2\/posts\/1593","targetHints":{"allow":["GET"]}}],"collection":[{"href":"https:\/\/www.nexoinformativo.mx\/index.php\/wp-json\/wp\/v2\/posts"}],"about":[{"href":"https:\/\/www.nexoinformativo.mx\/index.php\/wp-json\/wp\/v2\/types\/post"}],"author":[{"embeddable":true,"href":"https:\/\/www.nexoinformativo.mx\/index.php\/wp-json\/wp\/v2\/users\/3"}],"replies":[{"embeddable":true,"href":"https:\/\/www.nexoinformativo.mx\/index.php\/wp-json\/wp\/v2\/comments?post=1593"}],"version-history":[{"count":3,"href":"https:\/\/www.nexoinformativo.mx\/index.php\/wp-json\/wp\/v2\/posts\/1593\/revisions"}],"predecessor-version":[{"id":1596,"href":"https:\/\/www.nexoinformativo.mx\/index.php\/wp-json\/wp\/v2\/posts\/1593\/revisions\/1596"}],"wp:featuredmedia":[{"embeddable":true,"href":"https:\/\/www.nexoinformativo.mx\/index.php\/wp-json\/wp\/v2\/media\/1594"}],"wp:attachment":[{"href":"https:\/\/www.nexoinformativo.mx\/index.php\/wp-json\/wp\/v2\/media?parent=1593"}],"wp:term":[{"taxonomy":"category","embeddable":true,"href":"https:\/\/www.nexoinformativo.mx\/index.php\/wp-json\/wp\/v2\/categories?post=1593"},{"taxonomy":"post_tag","embeddable":true,"href":"https:\/\/www.nexoinformativo.mx\/index.php\/wp-json\/wp\/v2\/tags?post=1593"}],"curies":[{"name":"wp","href":"https:\/\/api.w.org\/{rel}","templated":true}]}}