{"id":15933,"date":"2025-06-17T11:00:08","date_gmt":"2025-06-17T17:00:08","guid":{"rendered":"https:\/\/www.nexoinformativo.mx\/?p=15933"},"modified":"2025-06-17T13:20:09","modified_gmt":"2025-06-17T19:20:09","slug":"profeco-y-eticket-se-unen-soluciones-express-para-tus-boletos-de-eventos","status":"publish","type":"post","link":"https:\/\/www.nexoinformativo.mx\/index.php\/2025\/06\/17\/profeco-y-eticket-se-unen-soluciones-express-para-tus-boletos-de-eventos\/","title":{"rendered":"Profeco y eTicket se unen soluciones expr\u00e9ss para tus boletos de eventos"},"content":{"rendered":"<p style=\"text-align: justify;\" data-sourcepos=\"5:1-5:363\">Buenas noticias! eTicket M\u00e9xico se ha sumado a Conciliaexpr\u00e9s, el programa de la Procuradur\u00eda Federal del Consumidor (Profeco) que busca resolver tus quejas de forma r\u00e1pida y sencilla. Ahora, si algo sale mal al comprar tus entradas, tendr\u00e1s un camino m\u00e1s directo para encontrar una soluci\u00f3n.<\/p>\n<p>&nbsp;<\/p>\n<p style=\"text-align: justify;\" data-sourcepos=\"7:1-7:302\">El procurador Federal del Consumidor, Iv\u00e1n Escalante, y el representante legal de eTicket M\u00e9xico, Pablo L\u00f3pez Vargas, firmaron este importante acuerdo. \u00bfEl objetivo? Que los problemas que surjan con la compra de boletos se resuelvan en el momento, fomentando el di\u00e1logo y evitando largos tr\u00e1mites.<\/p>\n<p>&nbsp;<\/p>\n<p style=\"text-align: justify;\" data-sourcepos=\"9:1-9:430\">&#8220;Para nosotros es simplificaci\u00f3n, pues no se trata de un proceso administrativo ni un deber jur\u00eddico, que nos permite cumplir nuestro mandato de defender a las personas\u201d, destac\u00f3 Escalante Ruiz.<\/p>\n<p>&nbsp;<\/p>\n<p style=\"text-align: justify;\" data-sourcepos=\"9:1-9:430\">Explic\u00f3 que Conciliaexpr\u00e9s permite a los funcionarios de Profeco contactar directamente a la empresa para que t\u00fa, como consumidor, expongas tu problema y se busque una soluci\u00f3n inmediata por tel\u00e9fono, videollamada o correo electr\u00f3nico.<\/p>\n<p>&nbsp;<\/p>\n<p style=\"text-align: justify;\" data-sourcepos=\"11:1-11:239\">Por su parte, Pablo L\u00f3pez de eTicket M\u00e9xico afirm\u00f3: \u201cTrabajamos constantemente en brindar una mejor experiencia a los fans\u2026 Este convenio con Profeco nos acerca a\u00fan m\u00e1s a este objetivo, permiti\u00e9ndonos brindar respuestas inmediatas\u201d.<\/p>\n<p>&nbsp;<\/p>\n<p style=\"text-align: justify;\" data-sourcepos=\"13:1-13:49\"><strong>Con este acuerdo, eTicket M\u00e9xico se compromete a:<\/strong><\/p>\n<p>*Resolver las reclamaciones en un m\u00e1ximo de 21 d\u00edas naturales.<\/p>\n<p>*Ofrecer atenci\u00f3n los siete d\u00edas de la semana, de 9:00 a 17:00 horas.<\/p>\n<p>*Responder notificaciones por correo y tel\u00e9fono en tiempo real.<\/p>\n<p>*Garantizar la confidencialidad de tus datos personales.<\/p>\n<p>&nbsp;<\/p>\n<p style=\"text-align: justify;\" data-sourcepos=\"20:1-20:327\">Si necesitas una conciliaci\u00f3n inmediata, puedes comunicarte al Tel\u00e9fono del Consumidor: 55 55 68 87 22, o desde cualquier parte del pa\u00eds al 800 468 87 22, en un horario de 9:00 a 21:00 horas.<\/p>\n<p>&nbsp;<\/p>\n<p style=\"text-align: justify;\" data-sourcepos=\"20:1-20:327\">Un representante de Profeco se encargar\u00e1 de contactar a eTicket para encontrar un acuerdo que proteja tus derechos como consumidor.<\/p>\n<p>&nbsp;<\/p>\n<p style=\"text-align: center;\" data-sourcepos=\"20:1-20:327\"><em><strong>\u00a1Informaci\u00f3n que transforma!<\/strong><\/em><\/p>\n","protected":false},"excerpt":{"rendered":"<p>Buenas noticias! eTicket M\u00e9xico se ha sumado a Conciliaexpr\u00e9s, el programa de la Procuradur\u00eda Federal del Consumidor (Profeco) que busca resolver tus quejas de forma r\u00e1pida y sencilla. Ahora, si algo sale mal al comprar tus entradas, tendr\u00e1s un camino m\u00e1s directo para encontrar una soluci\u00f3n.<\/p>\n","protected":false},"author":3,"featured_media":15935,"comment_status":"open","ping_status":"open","sticky":false,"template":"","format":"standard","meta":{"footnotes":""},"categories":[5,88,58],"tags":[4786,4787,4785,1834],"class_list":["post-15933","post","type-post","status-publish","format-standard","has-post-thumbnail","hentry","category-economia","category-nacional","category-ultima-hora","tag-conciliaexpres","tag-consumidorprotegido","tag-eticket","tag-profeco"],"yoast_head":"<!-- This site is optimized with the Yoast SEO plugin v25.0 - https:\/\/yoast.com\/wordpress\/plugins\/seo\/ -->\n<title>Profeco y eTicket se unen soluciones expr\u00e9ss para tus boletos de eventos | Nexo Informativo Santiago de Quer\u00e9taro<\/title>\n<meta name=\"description\" content=\"Profeco y eTicket se unen soluciones expr\u00e9ss para tus boletos de eventos\" \/>\n<meta name=\"robots\" content=\"index, follow, max-snippet:-1, max-image-preview:large, max-video-preview:-1\" \/>\n<link rel=\"canonical\" href=\"https:\/\/www.nexoinformativo.mx\/index.php\/2025\/06\/17\/profeco-y-eticket-se-unen-soluciones-express-para-tus-boletos-de-eventos\/\" \/>\n<meta property=\"og:locale\" content=\"es_MX\" \/>\n<meta property=\"og:type\" content=\"article\" \/>\n<meta property=\"og:title\" content=\"Profeco y eTicket se unen soluciones expr\u00e9ss para tus boletos de eventos | Nexo Informativo Santiago de Quer\u00e9taro\" \/>\n<meta property=\"og:description\" content=\"Profeco y eTicket se unen soluciones expr\u00e9ss para tus boletos de eventos\" \/>\n<meta property=\"og:url\" content=\"https:\/\/www.nexoinformativo.mx\/index.php\/2025\/06\/17\/profeco-y-eticket-se-unen-soluciones-express-para-tus-boletos-de-eventos\/\" \/>\n<meta property=\"og:site_name\" content=\"Nexo Informativo Santiago de Quer\u00e9taro\" \/>\n<meta property=\"article:publisher\" content=\"https:\/\/www.facebook.com\/people\/Nexo-Informativo\/61564066885511\/\" \/>\n<meta property=\"article:published_time\" content=\"2025-06-17T17:00:08+00:00\" \/>\n<meta property=\"article:modified_time\" content=\"2025-06-17T19:20:09+00:00\" \/>\n<meta property=\"og:image\" content=\"https:\/\/www.nexoinformativo.mx\/wp-content\/uploads\/2025\/06\/IMG_4067-e1750187943586.jpeg\" \/>\n\t<meta property=\"og:image:width\" content=\"800\" \/>\n\t<meta property=\"og:image:height\" content=\"533\" \/>\n\t<meta property=\"og:image:type\" content=\"image\/jpeg\" \/>\n<meta name=\"author\" content=\"Nexo Informativo\" \/>\n<meta name=\"twitter:card\" content=\"summary_large_image\" \/>\n<meta name=\"twitter:label1\" content=\"Escrito por\" \/>\n\t<meta name=\"twitter:data1\" content=\"Nexo Informativo\" \/>\n\t<meta name=\"twitter:label2\" content=\"Tiempo de lectura\" \/>\n\t<meta name=\"twitter:data2\" content=\"2 minutos\" \/>\n<script type=\"application\/ld+json\" class=\"yoast-schema-graph\">{\"@context\":\"https:\/\/schema.org\",\"@graph\":[{\"@type\":\"Article\",\"@id\":\"https:\/\/www.nexoinformativo.mx\/index.php\/2025\/06\/17\/profeco-y-eticket-se-unen-soluciones-express-para-tus-boletos-de-eventos\/#article\",\"isPartOf\":{\"@id\":\"https:\/\/www.nexoinformativo.mx\/index.php\/2025\/06\/17\/profeco-y-eticket-se-unen-soluciones-express-para-tus-boletos-de-eventos\/\"},\"author\":{\"name\":\"Nexo Informativo\",\"@id\":\"https:\/\/www.nexoinformativo.mx\/#\/schema\/person\/7749d380ba08c8ca00d7bc76fd907b7d\"},\"headline\":\"Profeco y eTicket se unen soluciones expr\u00e9ss para tus boletos de eventos\",\"datePublished\":\"2025-06-17T17:00:08+00:00\",\"dateModified\":\"2025-06-17T19:20:09+00:00\",\"mainEntityOfPage\":{\"@id\":\"https:\/\/www.nexoinformativo.mx\/index.php\/2025\/06\/17\/profeco-y-eticket-se-unen-soluciones-express-para-tus-boletos-de-eventos\/\"},\"wordCount\":334,\"commentCount\":0,\"publisher\":{\"@id\":\"https:\/\/www.nexoinformativo.mx\/#organization\"},\"image\":{\"@id\":\"https:\/\/www.nexoinformativo.mx\/index.php\/2025\/06\/17\/profeco-y-eticket-se-unen-soluciones-express-para-tus-boletos-de-eventos\/#primaryimage\"},\"thumbnailUrl\":\"https:\/\/www.nexoinformativo.mx\/wp-content\/uploads\/2025\/06\/IMG_4067-e1750187943586.jpeg\",\"keywords\":[\"Conciliaexpr\u00e9s\",\"ConsumidorProtegido\",\"eTicket\",\"Profeco\"],\"articleSection\":[\"Econom\u00eda\",\"Nacional\",\"\u00daltima Hora\"],\"inLanguage\":\"es\",\"potentialAction\":[{\"@type\":\"CommentAction\",\"name\":\"Comment\",\"target\":[\"https:\/\/www.nexoinformativo.mx\/index.php\/2025\/06\/17\/profeco-y-eticket-se-unen-soluciones-express-para-tus-boletos-de-eventos\/#respond\"]}]},{\"@type\":\"WebPage\",\"@id\":\"https:\/\/www.nexoinformativo.mx\/index.php\/2025\/06\/17\/profeco-y-eticket-se-unen-soluciones-express-para-tus-boletos-de-eventos\/\",\"url\":\"https:\/\/www.nexoinformativo.mx\/index.php\/2025\/06\/17\/profeco-y-eticket-se-unen-soluciones-express-para-tus-boletos-de-eventos\/\",\"name\":\"Profeco y eTicket se unen soluciones expr\u00e9ss para tus boletos de eventos | Nexo Informativo Santiago de Quer\u00e9taro\",\"isPartOf\":{\"@id\":\"https:\/\/www.nexoinformativo.mx\/#website\"},\"primaryImageOfPage\":{\"@id\":\"https:\/\/www.nexoinformativo.mx\/index.php\/2025\/06\/17\/profeco-y-eticket-se-unen-soluciones-express-para-tus-boletos-de-eventos\/#primaryimage\"},\"image\":{\"@id\":\"https:\/\/www.nexoinformativo.mx\/index.php\/2025\/06\/17\/profeco-y-eticket-se-unen-soluciones-express-para-tus-boletos-de-eventos\/#primaryimage\"},\"thumbnailUrl\":\"https:\/\/www.nexoinformativo.mx\/wp-content\/uploads\/2025\/06\/IMG_4067-e1750187943586.jpeg\",\"datePublished\":\"2025-06-17T17:00:08+00:00\",\"dateModified\":\"2025-06-17T19:20:09+00:00\",\"description\":\"Profeco y eTicket se unen soluciones expr\u00e9ss para tus boletos de eventos\",\"breadcrumb\":{\"@id\":\"https:\/\/www.nexoinformativo.mx\/index.php\/2025\/06\/17\/profeco-y-eticket-se-unen-soluciones-express-para-tus-boletos-de-eventos\/#breadcrumb\"},\"inLanguage\":\"es\",\"potentialAction\":[{\"@type\":\"ReadAction\",\"target\":[\"https:\/\/www.nexoinformativo.mx\/index.php\/2025\/06\/17\/profeco-y-eticket-se-unen-soluciones-express-para-tus-boletos-de-eventos\/\"]}]},{\"@type\":\"ImageObject\",\"inLanguage\":\"es\",\"@id\":\"https:\/\/www.nexoinformativo.mx\/index.php\/2025\/06\/17\/profeco-y-eticket-se-unen-soluciones-express-para-tus-boletos-de-eventos\/#primaryimage\",\"url\":\"https:\/\/www.nexoinformativo.mx\/wp-content\/uploads\/2025\/06\/IMG_4067-e1750187943586.jpeg\",\"contentUrl\":\"https:\/\/www.nexoinformativo.mx\/wp-content\/uploads\/2025\/06\/IMG_4067-e1750187943586.jpeg\",\"width\":800,\"height\":533},{\"@type\":\"BreadcrumbList\",\"@id\":\"https:\/\/www.nexoinformativo.mx\/index.php\/2025\/06\/17\/profeco-y-eticket-se-unen-soluciones-express-para-tus-boletos-de-eventos\/#breadcrumb\",\"itemListElement\":[{\"@type\":\"ListItem\",\"position\":1,\"name\":\"Inicio\",\"item\":\"https:\/\/www.nexoinformativo.mx\/\"},{\"@type\":\"ListItem\",\"position\":2,\"name\":\"Profeco y eTicket se unen soluciones expr\u00e9ss para tus boletos de eventos\"}]},{\"@type\":\"WebSite\",\"@id\":\"https:\/\/www.nexoinformativo.mx\/#website\",\"url\":\"https:\/\/www.nexoinformativo.mx\/\",\"name\":\"Nexo Informativo Santiago de Quer\u00e9taro\",\"description\":\"Explora NexoInformativo y convi\u00e9rtete en parte de una comunidad que valora el conocimiento y la verdad. Tu nexoinformativo es tu puente hacia una comprensi\u00f3n m\u00e1s profunda del mundo que te rodea.\",\"publisher\":{\"@id\":\"https:\/\/www.nexoinformativo.mx\/#organization\"},\"potentialAction\":[{\"@type\":\"SearchAction\",\"target\":{\"@type\":\"EntryPoint\",\"urlTemplate\":\"https:\/\/www.nexoinformativo.mx\/?s={search_term_string}\"},\"query-input\":{\"@type\":\"PropertyValueSpecification\",\"valueRequired\":true,\"valueName\":\"search_term_string\"}}],\"inLanguage\":\"es\"},{\"@type\":\"Organization\",\"@id\":\"https:\/\/www.nexoinformativo.mx\/#organization\",\"name\":\"Nexo Informativo Santiago de Quer\u00e9taro\",\"url\":\"https:\/\/www.nexoinformativo.mx\/\",\"logo\":{\"@type\":\"ImageObject\",\"inLanguage\":\"es\",\"@id\":\"https:\/\/www.nexoinformativo.mx\/#\/schema\/logo\/image\/\",\"url\":\"https:\/\/www.nexoinformativo.mx\/wp-content\/uploads\/2024\/07\/nexoi-trasparente-2.png\",\"contentUrl\":\"https:\/\/www.nexoinformativo.mx\/wp-content\/uploads\/2024\/07\/nexoi-trasparente-2.png\",\"width\":816,\"height\":339,\"caption\":\"Nexo Informativo Santiago de Quer\u00e9taro\"},\"image\":{\"@id\":\"https:\/\/www.nexoinformativo.mx\/#\/schema\/logo\/image\/\"},\"sameAs\":[\"https:\/\/www.facebook.com\/people\/Nexo-Informativo\/61564066885511\/\"]},{\"@type\":\"Person\",\"@id\":\"https:\/\/www.nexoinformativo.mx\/#\/schema\/person\/7749d380ba08c8ca00d7bc76fd907b7d\",\"name\":\"Nexo Informativo\",\"image\":{\"@type\":\"ImageObject\",\"inLanguage\":\"es\",\"@id\":\"https:\/\/www.nexoinformativo.mx\/#\/schema\/person\/image\/\",\"url\":\"https:\/\/secure.gravatar.com\/avatar\/dde2928154642a13d95f87ddf1ea9718fe2b46760a005c53e41ff5ad610704e6?s=96&d=mm&r=g\",\"contentUrl\":\"https:\/\/secure.gravatar.com\/avatar\/dde2928154642a13d95f87ddf1ea9718fe2b46760a005c53e41ff5ad610704e6?s=96&d=mm&r=g\",\"caption\":\"Nexo Informativo\"},\"url\":\"https:\/\/www.nexoinformativo.mx\/index.php\/author\/edicion\/\"}]}<\/script>\n<!-- \/ Yoast SEO plugin. -->","yoast_head_json":{"title":"Profeco y eTicket se unen soluciones expr\u00e9ss para tus boletos de eventos | Nexo Informativo Santiago de Quer\u00e9taro","description":"Profeco y eTicket se unen soluciones expr\u00e9ss para tus boletos de eventos","robots":{"index":"index","follow":"follow","max-snippet":"max-snippet:-1","max-image-preview":"max-image-preview:large","max-video-preview":"max-video-preview:-1"},"canonical":"https:\/\/www.nexoinformativo.mx\/index.php\/2025\/06\/17\/profeco-y-eticket-se-unen-soluciones-express-para-tus-boletos-de-eventos\/","og_locale":"es_MX","og_type":"article","og_title":"Profeco y eTicket se unen soluciones expr\u00e9ss para tus boletos de eventos | Nexo Informativo Santiago de Quer\u00e9taro","og_description":"Profeco y eTicket se unen soluciones expr\u00e9ss para tus boletos de eventos","og_url":"https:\/\/www.nexoinformativo.mx\/index.php\/2025\/06\/17\/profeco-y-eticket-se-unen-soluciones-express-para-tus-boletos-de-eventos\/","og_site_name":"Nexo Informativo Santiago de Quer\u00e9taro","article_publisher":"https:\/\/www.facebook.com\/people\/Nexo-Informativo\/61564066885511\/","article_published_time":"2025-06-17T17:00:08+00:00","article_modified_time":"2025-06-17T19:20:09+00:00","og_image":[{"width":800,"height":533,"url":"https:\/\/www.nexoinformativo.mx\/wp-content\/uploads\/2025\/06\/IMG_4067-e1750187943586.jpeg","type":"image\/jpeg"}],"author":"Nexo Informativo","twitter_card":"summary_large_image","twitter_misc":{"Escrito por":"Nexo Informativo","Tiempo de lectura":"2 minutos"},"schema":{"@context":"https:\/\/schema.org","@graph":[{"@type":"Article","@id":"https:\/\/www.nexoinformativo.mx\/index.php\/2025\/06\/17\/profeco-y-eticket-se-unen-soluciones-express-para-tus-boletos-de-eventos\/#article","isPartOf":{"@id":"https:\/\/www.nexoinformativo.mx\/index.php\/2025\/06\/17\/profeco-y-eticket-se-unen-soluciones-express-para-tus-boletos-de-eventos\/"},"author":{"name":"Nexo Informativo","@id":"https:\/\/www.nexoinformativo.mx\/#\/schema\/person\/7749d380ba08c8ca00d7bc76fd907b7d"},"headline":"Profeco y eTicket se unen soluciones expr\u00e9ss para tus boletos de eventos","datePublished":"2025-06-17T17:00:08+00:00","dateModified":"2025-06-17T19:20:09+00:00","mainEntityOfPage":{"@id":"https:\/\/www.nexoinformativo.mx\/index.php\/2025\/06\/17\/profeco-y-eticket-se-unen-soluciones-express-para-tus-boletos-de-eventos\/"},"wordCount":334,"commentCount":0,"publisher":{"@id":"https:\/\/www.nexoinformativo.mx\/#organization"},"image":{"@id":"https:\/\/www.nexoinformativo.mx\/index.php\/2025\/06\/17\/profeco-y-eticket-se-unen-soluciones-express-para-tus-boletos-de-eventos\/#primaryimage"},"thumbnailUrl":"https:\/\/www.nexoinformativo.mx\/wp-content\/uploads\/2025\/06\/IMG_4067-e1750187943586.jpeg","keywords":["Conciliaexpr\u00e9s","ConsumidorProtegido","eTicket","Profeco"],"articleSection":["Econom\u00eda","Nacional","\u00daltima Hora"],"inLanguage":"es","potentialAction":[{"@type":"CommentAction","name":"Comment","target":["https:\/\/www.nexoinformativo.mx\/index.php\/2025\/06\/17\/profeco-y-eticket-se-unen-soluciones-express-para-tus-boletos-de-eventos\/#respond"]}]},{"@type":"WebPage","@id":"https:\/\/www.nexoinformativo.mx\/index.php\/2025\/06\/17\/profeco-y-eticket-se-unen-soluciones-express-para-tus-boletos-de-eventos\/","url":"https:\/\/www.nexoinformativo.mx\/index.php\/2025\/06\/17\/profeco-y-eticket-se-unen-soluciones-express-para-tus-boletos-de-eventos\/","name":"Profeco y eTicket se unen soluciones expr\u00e9ss para tus boletos de eventos | Nexo Informativo Santiago de Quer\u00e9taro","isPartOf":{"@id":"https:\/\/www.nexoinformativo.mx\/#website"},"primaryImageOfPage":{"@id":"https:\/\/www.nexoinformativo.mx\/index.php\/2025\/06\/17\/profeco-y-eticket-se-unen-soluciones-express-para-tus-boletos-de-eventos\/#primaryimage"},"image":{"@id":"https:\/\/www.nexoinformativo.mx\/index.php\/2025\/06\/17\/profeco-y-eticket-se-unen-soluciones-express-para-tus-boletos-de-eventos\/#primaryimage"},"thumbnailUrl":"https:\/\/www.nexoinformativo.mx\/wp-content\/uploads\/2025\/06\/IMG_4067-e1750187943586.jpeg","datePublished":"2025-06-17T17:00:08+00:00","dateModified":"2025-06-17T19:20:09+00:00","description":"Profeco y eTicket se unen soluciones expr\u00e9ss para tus boletos de eventos","breadcrumb":{"@id":"https:\/\/www.nexoinformativo.mx\/index.php\/2025\/06\/17\/profeco-y-eticket-se-unen-soluciones-express-para-tus-boletos-de-eventos\/#breadcrumb"},"inLanguage":"es","potentialAction":[{"@type":"ReadAction","target":["https:\/\/www.nexoinformativo.mx\/index.php\/2025\/06\/17\/profeco-y-eticket-se-unen-soluciones-express-para-tus-boletos-de-eventos\/"]}]},{"@type":"ImageObject","inLanguage":"es","@id":"https:\/\/www.nexoinformativo.mx\/index.php\/2025\/06\/17\/profeco-y-eticket-se-unen-soluciones-express-para-tus-boletos-de-eventos\/#primaryimage","url":"https:\/\/www.nexoinformativo.mx\/wp-content\/uploads\/2025\/06\/IMG_4067-e1750187943586.jpeg","contentUrl":"https:\/\/www.nexoinformativo.mx\/wp-content\/uploads\/2025\/06\/IMG_4067-e1750187943586.jpeg","width":800,"height":533},{"@type":"BreadcrumbList","@id":"https:\/\/www.nexoinformativo.mx\/index.php\/2025\/06\/17\/profeco-y-eticket-se-unen-soluciones-express-para-tus-boletos-de-eventos\/#breadcrumb","itemListElement":[{"@type":"ListItem","position":1,"name":"Inicio","item":"https:\/\/www.nexoinformativo.mx\/"},{"@type":"ListItem","position":2,"name":"Profeco y eTicket se unen soluciones expr\u00e9ss para tus boletos de eventos"}]},{"@type":"WebSite","@id":"https:\/\/www.nexoinformativo.mx\/#website","url":"https:\/\/www.nexoinformativo.mx\/","name":"Nexo Informativo Santiago de Quer\u00e9taro","description":"Explora NexoInformativo y convi\u00e9rtete en parte de una comunidad que valora el conocimiento y la verdad. Tu nexoinformativo es tu puente hacia una comprensi\u00f3n m\u00e1s profunda del mundo que te rodea.","publisher":{"@id":"https:\/\/www.nexoinformativo.mx\/#organization"},"potentialAction":[{"@type":"SearchAction","target":{"@type":"EntryPoint","urlTemplate":"https:\/\/www.nexoinformativo.mx\/?s={search_term_string}"},"query-input":{"@type":"PropertyValueSpecification","valueRequired":true,"valueName":"search_term_string"}}],"inLanguage":"es"},{"@type":"Organization","@id":"https:\/\/www.nexoinformativo.mx\/#organization","name":"Nexo Informativo Santiago de Quer\u00e9taro","url":"https:\/\/www.nexoinformativo.mx\/","logo":{"@type":"ImageObject","inLanguage":"es","@id":"https:\/\/www.nexoinformativo.mx\/#\/schema\/logo\/image\/","url":"https:\/\/www.nexoinformativo.mx\/wp-content\/uploads\/2024\/07\/nexoi-trasparente-2.png","contentUrl":"https:\/\/www.nexoinformativo.mx\/wp-content\/uploads\/2024\/07\/nexoi-trasparente-2.png","width":816,"height":339,"caption":"Nexo Informativo Santiago de Quer\u00e9taro"},"image":{"@id":"https:\/\/www.nexoinformativo.mx\/#\/schema\/logo\/image\/"},"sameAs":["https:\/\/www.facebook.com\/people\/Nexo-Informativo\/61564066885511\/"]},{"@type":"Person","@id":"https:\/\/www.nexoinformativo.mx\/#\/schema\/person\/7749d380ba08c8ca00d7bc76fd907b7d","name":"Nexo Informativo","image":{"@type":"ImageObject","inLanguage":"es","@id":"https:\/\/www.nexoinformativo.mx\/#\/schema\/person\/image\/","url":"https:\/\/secure.gravatar.com\/avatar\/dde2928154642a13d95f87ddf1ea9718fe2b46760a005c53e41ff5ad610704e6?s=96&d=mm&r=g","contentUrl":"https:\/\/secure.gravatar.com\/avatar\/dde2928154642a13d95f87ddf1ea9718fe2b46760a005c53e41ff5ad610704e6?s=96&d=mm&r=g","caption":"Nexo Informativo"},"url":"https:\/\/www.nexoinformativo.mx\/index.php\/author\/edicion\/"}]}},"_links":{"self":[{"href":"https:\/\/www.nexoinformativo.mx\/index.php\/wp-json\/wp\/v2\/posts\/15933","targetHints":{"allow":["GET"]}}],"collection":[{"href":"https:\/\/www.nexoinformativo.mx\/index.php\/wp-json\/wp\/v2\/posts"}],"about":[{"href":"https:\/\/www.nexoinformativo.mx\/index.php\/wp-json\/wp\/v2\/types\/post"}],"author":[{"embeddable":true,"href":"https:\/\/www.nexoinformativo.mx\/index.php\/wp-json\/wp\/v2\/users\/3"}],"replies":[{"embeddable":true,"href":"https:\/\/www.nexoinformativo.mx\/index.php\/wp-json\/wp\/v2\/comments?post=15933"}],"version-history":[{"count":5,"href":"https:\/\/www.nexoinformativo.mx\/index.php\/wp-json\/wp\/v2\/posts\/15933\/revisions"}],"predecessor-version":[{"id":15938,"href":"https:\/\/www.nexoinformativo.mx\/index.php\/wp-json\/wp\/v2\/posts\/15933\/revisions\/15938"}],"wp:featuredmedia":[{"embeddable":true,"href":"https:\/\/www.nexoinformativo.mx\/index.php\/wp-json\/wp\/v2\/media\/15935"}],"wp:attachment":[{"href":"https:\/\/www.nexoinformativo.mx\/index.php\/wp-json\/wp\/v2\/media?parent=15933"}],"wp:term":[{"taxonomy":"category","embeddable":true,"href":"https:\/\/www.nexoinformativo.mx\/index.php\/wp-json\/wp\/v2\/categories?post=15933"},{"taxonomy":"post_tag","embeddable":true,"href":"https:\/\/www.nexoinformativo.mx\/index.php\/wp-json\/wp\/v2\/tags?post=15933"}],"curies":[{"name":"wp","href":"https:\/\/api.w.org\/{rel}","templated":true}]}}