{"id":15940,"date":"2025-06-17T12:00:15","date_gmt":"2025-06-17T18:00:15","guid":{"rendered":"https:\/\/www.nexoinformativo.mx\/?p=15940"},"modified":"2025-06-17T13:24:06","modified_gmt":"2025-06-17T19:24:06","slug":"alerta-en-queretaro-lluvias-por-tormenta-tropical-erick-ponen-en-marcha-protocolos","status":"publish","type":"post","link":"https:\/\/www.nexoinformativo.mx\/index.php\/2025\/06\/17\/alerta-en-queretaro-lluvias-por-tormenta-tropical-erick-ponen-en-marcha-protocolos\/","title":{"rendered":"\u00a1Alerta en Quer\u00e9taro! Lluvias por tormenta tropical Erick ponen en marcha protocolos"},"content":{"rendered":"<p style=\"text-align: justify;\" data-sourcepos=\"5:1-5:343\">El estado de Quer\u00e9taro se declara en alerta m\u00e1xima debido a las intensas lluvias que se esperan en las pr\u00f3ximas horas, a causa de la tormenta tropical Erick. Carlos Alcaraz, secretario de Gobierno, confirm\u00f3 la activaci\u00f3n de protocolos de prevenci\u00f3n y monitoreo en toda la entidad para salvaguardar a la poblaci\u00f3n.<\/p>\n<p>&nbsp;<\/p>\n<p style=\"text-align: justify;\" data-sourcepos=\"7:1-7:312\">Las autoridades han identificado 25 puntos de riesgo en el municipio de Quer\u00e9taro y cerca de 100 zonas cr\u00edticas a nivel estatal que podr\u00edan ser las m\u00e1s afectadas por las precipitaciones. &#8220;<\/p>\n<p>&nbsp;<\/p>\n<p style=\"text-align: justify;\" data-sourcepos=\"7:1-7:312\">Tenemos 100 puntos cr\u00edticos que tenemos que estar considerando y monitoreando de manera permanente&#8221;, se\u00f1al\u00f3 Alcaraz.<\/p>\n<p>&nbsp;<\/p>\n<p style=\"text-align: justify;\" data-sourcepos=\"9:1-9:197\">El secretario destac\u00f3 la coordinaci\u00f3n activa con los 18 municipios del estado para asegurar una respuesta r\u00e1pida y oportuna ante cualquier incidente, especialmente en las zonas m\u00e1s vulnerables.<\/p>\n<p>&nbsp;<\/p>\n<p style=\"text-align: justify;\" data-sourcepos=\"11:1-11:437\">Las autoridades hacen un llamado urgente a la ciudadan\u00eda para que se mantenga atenta a los comunicados oficiales y siga todas las recomendaciones emitidas por Protecci\u00f3n Civil.<\/p>\n<p>&nbsp;<\/p>\n<p style=\"text-align: justify;\" data-sourcepos=\"11:1-11:437\">&#8220;Para nosotros la temporada de lluvias es una constante situaci\u00f3n de alerta, no podemos menospreciar ninguna probabilidad y, sobre todo, si necesitamos estar atentos, es un ejercicio permanente\u201d, explic\u00f3 Alcaraz, subrayando la importancia de la prevenci\u00f3n.<\/p>\n<p>&nbsp;<\/p>\n<p style=\"text-align: center;\" data-sourcepos=\"11:1-11:437\"><em><strong>\u00a1Informaci\u00f3n que transforma!<\/strong><\/em><\/p>\n","protected":false},"excerpt":{"rendered":"<p>El estado de Quer\u00e9taro se declara en alerta m\u00e1xima debido a las intensas lluvias que se esperan en las pr\u00f3ximas horas, a causa de la tormenta tropical Erick. Carlos Alcaraz, secretario de Gobierno, confirm\u00f3 la activaci\u00f3n de protocolos de prevenci\u00f3n y monitoreo en toda la entidad para salvaguardar a la poblaci\u00f3n.<\/p>\n","protected":false},"author":3,"featured_media":15941,"comment_status":"open","ping_status":"open","sticky":false,"template":"","format":"standard","meta":{"footnotes":""},"categories":[42,58],"tags":[4788,4563,154,4789],"class_list":["post-15940","post","type-post","status-publish","format-standard","has-post-thumbnail","hentry","category-estado","category-ultima-hora","tag-alertaqueretaro","tag-lluviasqro","tag-proteccioncivil","tag-tormentaerick"],"yoast_head":"<!-- This site is optimized with the Yoast SEO plugin v25.0 - https:\/\/yoast.com\/wordpress\/plugins\/seo\/ -->\n<title>\u00a1Alerta en Quer\u00e9taro! Lluvias por tormenta tropical Erick ponen en marcha protocolos | Nexo Informativo Santiago de Quer\u00e9taro<\/title>\n<meta name=\"description\" content=\"\u00a1Alerta en Quer\u00e9taro! Lluvias por tormenta tropical Erick ponen en marcha protocolos\" \/>\n<meta name=\"robots\" content=\"index, follow, max-snippet:-1, max-image-preview:large, max-video-preview:-1\" \/>\n<link rel=\"canonical\" href=\"https:\/\/www.nexoinformativo.mx\/index.php\/2025\/06\/17\/alerta-en-queretaro-lluvias-por-tormenta-tropical-erick-ponen-en-marcha-protocolos\/\" \/>\n<meta property=\"og:locale\" content=\"es_MX\" \/>\n<meta property=\"og:type\" content=\"article\" \/>\n<meta property=\"og:title\" content=\"\u00a1Alerta en Quer\u00e9taro! Lluvias por tormenta tropical Erick ponen en marcha protocolos | Nexo Informativo Santiago de Quer\u00e9taro\" \/>\n<meta property=\"og:description\" content=\"\u00a1Alerta en Quer\u00e9taro! Lluvias por tormenta tropical Erick ponen en marcha protocolos\" \/>\n<meta property=\"og:url\" content=\"https:\/\/www.nexoinformativo.mx\/index.php\/2025\/06\/17\/alerta-en-queretaro-lluvias-por-tormenta-tropical-erick-ponen-en-marcha-protocolos\/\" \/>\n<meta property=\"og:site_name\" content=\"Nexo Informativo Santiago de Quer\u00e9taro\" \/>\n<meta property=\"article:publisher\" content=\"https:\/\/www.facebook.com\/people\/Nexo-Informativo\/61564066885511\/\" \/>\n<meta property=\"article:published_time\" content=\"2025-06-17T18:00:15+00:00\" \/>\n<meta property=\"article:modified_time\" content=\"2025-06-17T19:24:06+00:00\" \/>\n<meta property=\"og:image\" content=\"https:\/\/www.nexoinformativo.mx\/wp-content\/uploads\/2025\/06\/PHOTO-2025-06-17-12-29-58-e1750188182352.jpg\" \/>\n\t<meta property=\"og:image:width\" content=\"800\" \/>\n\t<meta property=\"og:image:height\" content=\"600\" \/>\n\t<meta property=\"og:image:type\" content=\"image\/jpeg\" \/>\n<meta name=\"author\" content=\"Nexo Informativo\" \/>\n<meta name=\"twitter:card\" content=\"summary_large_image\" \/>\n<meta name=\"twitter:label1\" content=\"Escrito por\" \/>\n\t<meta name=\"twitter:data1\" content=\"Nexo Informativo\" \/>\n\t<meta name=\"twitter:label2\" content=\"Tiempo de lectura\" \/>\n\t<meta name=\"twitter:data2\" content=\"2 minutos\" \/>\n<script type=\"application\/ld+json\" class=\"yoast-schema-graph\">{\"@context\":\"https:\/\/schema.org\",\"@graph\":[{\"@type\":\"Article\",\"@id\":\"https:\/\/www.nexoinformativo.mx\/index.php\/2025\/06\/17\/alerta-en-queretaro-lluvias-por-tormenta-tropical-erick-ponen-en-marcha-protocolos\/#article\",\"isPartOf\":{\"@id\":\"https:\/\/www.nexoinformativo.mx\/index.php\/2025\/06\/17\/alerta-en-queretaro-lluvias-por-tormenta-tropical-erick-ponen-en-marcha-protocolos\/\"},\"author\":{\"name\":\"Nexo Informativo\",\"@id\":\"https:\/\/www.nexoinformativo.mx\/#\/schema\/person\/7749d380ba08c8ca00d7bc76fd907b7d\"},\"headline\":\"\u00a1Alerta en Quer\u00e9taro! Lluvias por tormenta tropical Erick ponen en marcha protocolos\",\"datePublished\":\"2025-06-17T18:00:15+00:00\",\"dateModified\":\"2025-06-17T19:24:06+00:00\",\"mainEntityOfPage\":{\"@id\":\"https:\/\/www.nexoinformativo.mx\/index.php\/2025\/06\/17\/alerta-en-queretaro-lluvias-por-tormenta-tropical-erick-ponen-en-marcha-protocolos\/\"},\"wordCount\":227,\"commentCount\":0,\"publisher\":{\"@id\":\"https:\/\/www.nexoinformativo.mx\/#organization\"},\"image\":{\"@id\":\"https:\/\/www.nexoinformativo.mx\/index.php\/2025\/06\/17\/alerta-en-queretaro-lluvias-por-tormenta-tropical-erick-ponen-en-marcha-protocolos\/#primaryimage\"},\"thumbnailUrl\":\"https:\/\/www.nexoinformativo.mx\/wp-content\/uploads\/2025\/06\/PHOTO-2025-06-17-12-29-58-e1750188182352.jpg\",\"keywords\":[\"AlertaQuer\u00e9taro\",\"LluviasQro\",\"proteccioncivil\",\"TormentaErick\"],\"articleSection\":[\"Estado\",\"\u00daltima Hora\"],\"inLanguage\":\"es\",\"potentialAction\":[{\"@type\":\"CommentAction\",\"name\":\"Comment\",\"target\":[\"https:\/\/www.nexoinformativo.mx\/index.php\/2025\/06\/17\/alerta-en-queretaro-lluvias-por-tormenta-tropical-erick-ponen-en-marcha-protocolos\/#respond\"]}]},{\"@type\":\"WebPage\",\"@id\":\"https:\/\/www.nexoinformativo.mx\/index.php\/2025\/06\/17\/alerta-en-queretaro-lluvias-por-tormenta-tropical-erick-ponen-en-marcha-protocolos\/\",\"url\":\"https:\/\/www.nexoinformativo.mx\/index.php\/2025\/06\/17\/alerta-en-queretaro-lluvias-por-tormenta-tropical-erick-ponen-en-marcha-protocolos\/\",\"name\":\"\u00a1Alerta en Quer\u00e9taro! Lluvias por tormenta tropical Erick ponen en marcha protocolos | Nexo Informativo Santiago de Quer\u00e9taro\",\"isPartOf\":{\"@id\":\"https:\/\/www.nexoinformativo.mx\/#website\"},\"primaryImageOfPage\":{\"@id\":\"https:\/\/www.nexoinformativo.mx\/index.php\/2025\/06\/17\/alerta-en-queretaro-lluvias-por-tormenta-tropical-erick-ponen-en-marcha-protocolos\/#primaryimage\"},\"image\":{\"@id\":\"https:\/\/www.nexoinformativo.mx\/index.php\/2025\/06\/17\/alerta-en-queretaro-lluvias-por-tormenta-tropical-erick-ponen-en-marcha-protocolos\/#primaryimage\"},\"thumbnailUrl\":\"https:\/\/www.nexoinformativo.mx\/wp-content\/uploads\/2025\/06\/PHOTO-2025-06-17-12-29-58-e1750188182352.jpg\",\"datePublished\":\"2025-06-17T18:00:15+00:00\",\"dateModified\":\"2025-06-17T19:24:06+00:00\",\"description\":\"\u00a1Alerta en Quer\u00e9taro! Lluvias por tormenta tropical Erick ponen en marcha protocolos\",\"breadcrumb\":{\"@id\":\"https:\/\/www.nexoinformativo.mx\/index.php\/2025\/06\/17\/alerta-en-queretaro-lluvias-por-tormenta-tropical-erick-ponen-en-marcha-protocolos\/#breadcrumb\"},\"inLanguage\":\"es\",\"potentialAction\":[{\"@type\":\"ReadAction\",\"target\":[\"https:\/\/www.nexoinformativo.mx\/index.php\/2025\/06\/17\/alerta-en-queretaro-lluvias-por-tormenta-tropical-erick-ponen-en-marcha-protocolos\/\"]}]},{\"@type\":\"ImageObject\",\"inLanguage\":\"es\",\"@id\":\"https:\/\/www.nexoinformativo.mx\/index.php\/2025\/06\/17\/alerta-en-queretaro-lluvias-por-tormenta-tropical-erick-ponen-en-marcha-protocolos\/#primaryimage\",\"url\":\"https:\/\/www.nexoinformativo.mx\/wp-content\/uploads\/2025\/06\/PHOTO-2025-06-17-12-29-58-e1750188182352.jpg\",\"contentUrl\":\"https:\/\/www.nexoinformativo.mx\/wp-content\/uploads\/2025\/06\/PHOTO-2025-06-17-12-29-58-e1750188182352.jpg\",\"width\":800,\"height\":600},{\"@type\":\"BreadcrumbList\",\"@id\":\"https:\/\/www.nexoinformativo.mx\/index.php\/2025\/06\/17\/alerta-en-queretaro-lluvias-por-tormenta-tropical-erick-ponen-en-marcha-protocolos\/#breadcrumb\",\"itemListElement\":[{\"@type\":\"ListItem\",\"position\":1,\"name\":\"Inicio\",\"item\":\"https:\/\/www.nexoinformativo.mx\/\"},{\"@type\":\"ListItem\",\"position\":2,\"name\":\"\u00a1Alerta en Quer\u00e9taro! Lluvias por tormenta tropical Erick ponen en marcha protocolos\"}]},{\"@type\":\"WebSite\",\"@id\":\"https:\/\/www.nexoinformativo.mx\/#website\",\"url\":\"https:\/\/www.nexoinformativo.mx\/\",\"name\":\"Nexo Informativo Santiago de Quer\u00e9taro\",\"description\":\"Explora NexoInformativo y convi\u00e9rtete en parte de una comunidad que valora el conocimiento y la verdad. Tu nexoinformativo es tu puente hacia una comprensi\u00f3n m\u00e1s profunda del mundo que te rodea.\",\"publisher\":{\"@id\":\"https:\/\/www.nexoinformativo.mx\/#organization\"},\"potentialAction\":[{\"@type\":\"SearchAction\",\"target\":{\"@type\":\"EntryPoint\",\"urlTemplate\":\"https:\/\/www.nexoinformativo.mx\/?s={search_term_string}\"},\"query-input\":{\"@type\":\"PropertyValueSpecification\",\"valueRequired\":true,\"valueName\":\"search_term_string\"}}],\"inLanguage\":\"es\"},{\"@type\":\"Organization\",\"@id\":\"https:\/\/www.nexoinformativo.mx\/#organization\",\"name\":\"Nexo Informativo Santiago de Quer\u00e9taro\",\"url\":\"https:\/\/www.nexoinformativo.mx\/\",\"logo\":{\"@type\":\"ImageObject\",\"inLanguage\":\"es\",\"@id\":\"https:\/\/www.nexoinformativo.mx\/#\/schema\/logo\/image\/\",\"url\":\"https:\/\/www.nexoinformativo.mx\/wp-content\/uploads\/2024\/07\/nexoi-trasparente-2.png\",\"contentUrl\":\"https:\/\/www.nexoinformativo.mx\/wp-content\/uploads\/2024\/07\/nexoi-trasparente-2.png\",\"width\":816,\"height\":339,\"caption\":\"Nexo Informativo Santiago de Quer\u00e9taro\"},\"image\":{\"@id\":\"https:\/\/www.nexoinformativo.mx\/#\/schema\/logo\/image\/\"},\"sameAs\":[\"https:\/\/www.facebook.com\/people\/Nexo-Informativo\/61564066885511\/\"]},{\"@type\":\"Person\",\"@id\":\"https:\/\/www.nexoinformativo.mx\/#\/schema\/person\/7749d380ba08c8ca00d7bc76fd907b7d\",\"name\":\"Nexo Informativo\",\"image\":{\"@type\":\"ImageObject\",\"inLanguage\":\"es\",\"@id\":\"https:\/\/www.nexoinformativo.mx\/#\/schema\/person\/image\/\",\"url\":\"https:\/\/secure.gravatar.com\/avatar\/dde2928154642a13d95f87ddf1ea9718fe2b46760a005c53e41ff5ad610704e6?s=96&d=mm&r=g\",\"contentUrl\":\"https:\/\/secure.gravatar.com\/avatar\/dde2928154642a13d95f87ddf1ea9718fe2b46760a005c53e41ff5ad610704e6?s=96&d=mm&r=g\",\"caption\":\"Nexo Informativo\"},\"url\":\"https:\/\/www.nexoinformativo.mx\/index.php\/author\/edicion\/\"}]}<\/script>\n<!-- \/ Yoast SEO plugin. -->","yoast_head_json":{"title":"\u00a1Alerta en Quer\u00e9taro! Lluvias por tormenta tropical Erick ponen en marcha protocolos | Nexo Informativo Santiago de Quer\u00e9taro","description":"\u00a1Alerta en Quer\u00e9taro! Lluvias por tormenta tropical Erick ponen en marcha protocolos","robots":{"index":"index","follow":"follow","max-snippet":"max-snippet:-1","max-image-preview":"max-image-preview:large","max-video-preview":"max-video-preview:-1"},"canonical":"https:\/\/www.nexoinformativo.mx\/index.php\/2025\/06\/17\/alerta-en-queretaro-lluvias-por-tormenta-tropical-erick-ponen-en-marcha-protocolos\/","og_locale":"es_MX","og_type":"article","og_title":"\u00a1Alerta en Quer\u00e9taro! Lluvias por tormenta tropical Erick ponen en marcha protocolos | Nexo Informativo Santiago de Quer\u00e9taro","og_description":"\u00a1Alerta en Quer\u00e9taro! Lluvias por tormenta tropical Erick ponen en marcha protocolos","og_url":"https:\/\/www.nexoinformativo.mx\/index.php\/2025\/06\/17\/alerta-en-queretaro-lluvias-por-tormenta-tropical-erick-ponen-en-marcha-protocolos\/","og_site_name":"Nexo Informativo Santiago de Quer\u00e9taro","article_publisher":"https:\/\/www.facebook.com\/people\/Nexo-Informativo\/61564066885511\/","article_published_time":"2025-06-17T18:00:15+00:00","article_modified_time":"2025-06-17T19:24:06+00:00","og_image":[{"width":800,"height":600,"url":"https:\/\/www.nexoinformativo.mx\/wp-content\/uploads\/2025\/06\/PHOTO-2025-06-17-12-29-58-e1750188182352.jpg","type":"image\/jpeg"}],"author":"Nexo Informativo","twitter_card":"summary_large_image","twitter_misc":{"Escrito por":"Nexo Informativo","Tiempo de lectura":"2 minutos"},"schema":{"@context":"https:\/\/schema.org","@graph":[{"@type":"Article","@id":"https:\/\/www.nexoinformativo.mx\/index.php\/2025\/06\/17\/alerta-en-queretaro-lluvias-por-tormenta-tropical-erick-ponen-en-marcha-protocolos\/#article","isPartOf":{"@id":"https:\/\/www.nexoinformativo.mx\/index.php\/2025\/06\/17\/alerta-en-queretaro-lluvias-por-tormenta-tropical-erick-ponen-en-marcha-protocolos\/"},"author":{"name":"Nexo Informativo","@id":"https:\/\/www.nexoinformativo.mx\/#\/schema\/person\/7749d380ba08c8ca00d7bc76fd907b7d"},"headline":"\u00a1Alerta en Quer\u00e9taro! Lluvias por tormenta tropical Erick ponen en marcha protocolos","datePublished":"2025-06-17T18:00:15+00:00","dateModified":"2025-06-17T19:24:06+00:00","mainEntityOfPage":{"@id":"https:\/\/www.nexoinformativo.mx\/index.php\/2025\/06\/17\/alerta-en-queretaro-lluvias-por-tormenta-tropical-erick-ponen-en-marcha-protocolos\/"},"wordCount":227,"commentCount":0,"publisher":{"@id":"https:\/\/www.nexoinformativo.mx\/#organization"},"image":{"@id":"https:\/\/www.nexoinformativo.mx\/index.php\/2025\/06\/17\/alerta-en-queretaro-lluvias-por-tormenta-tropical-erick-ponen-en-marcha-protocolos\/#primaryimage"},"thumbnailUrl":"https:\/\/www.nexoinformativo.mx\/wp-content\/uploads\/2025\/06\/PHOTO-2025-06-17-12-29-58-e1750188182352.jpg","keywords":["AlertaQuer\u00e9taro","LluviasQro","proteccioncivil","TormentaErick"],"articleSection":["Estado","\u00daltima Hora"],"inLanguage":"es","potentialAction":[{"@type":"CommentAction","name":"Comment","target":["https:\/\/www.nexoinformativo.mx\/index.php\/2025\/06\/17\/alerta-en-queretaro-lluvias-por-tormenta-tropical-erick-ponen-en-marcha-protocolos\/#respond"]}]},{"@type":"WebPage","@id":"https:\/\/www.nexoinformativo.mx\/index.php\/2025\/06\/17\/alerta-en-queretaro-lluvias-por-tormenta-tropical-erick-ponen-en-marcha-protocolos\/","url":"https:\/\/www.nexoinformativo.mx\/index.php\/2025\/06\/17\/alerta-en-queretaro-lluvias-por-tormenta-tropical-erick-ponen-en-marcha-protocolos\/","name":"\u00a1Alerta en Quer\u00e9taro! Lluvias por tormenta tropical Erick ponen en marcha protocolos | Nexo Informativo Santiago de Quer\u00e9taro","isPartOf":{"@id":"https:\/\/www.nexoinformativo.mx\/#website"},"primaryImageOfPage":{"@id":"https:\/\/www.nexoinformativo.mx\/index.php\/2025\/06\/17\/alerta-en-queretaro-lluvias-por-tormenta-tropical-erick-ponen-en-marcha-protocolos\/#primaryimage"},"image":{"@id":"https:\/\/www.nexoinformativo.mx\/index.php\/2025\/06\/17\/alerta-en-queretaro-lluvias-por-tormenta-tropical-erick-ponen-en-marcha-protocolos\/#primaryimage"},"thumbnailUrl":"https:\/\/www.nexoinformativo.mx\/wp-content\/uploads\/2025\/06\/PHOTO-2025-06-17-12-29-58-e1750188182352.jpg","datePublished":"2025-06-17T18:00:15+00:00","dateModified":"2025-06-17T19:24:06+00:00","description":"\u00a1Alerta en Quer\u00e9taro! Lluvias por tormenta tropical Erick ponen en marcha protocolos","breadcrumb":{"@id":"https:\/\/www.nexoinformativo.mx\/index.php\/2025\/06\/17\/alerta-en-queretaro-lluvias-por-tormenta-tropical-erick-ponen-en-marcha-protocolos\/#breadcrumb"},"inLanguage":"es","potentialAction":[{"@type":"ReadAction","target":["https:\/\/www.nexoinformativo.mx\/index.php\/2025\/06\/17\/alerta-en-queretaro-lluvias-por-tormenta-tropical-erick-ponen-en-marcha-protocolos\/"]}]},{"@type":"ImageObject","inLanguage":"es","@id":"https:\/\/www.nexoinformativo.mx\/index.php\/2025\/06\/17\/alerta-en-queretaro-lluvias-por-tormenta-tropical-erick-ponen-en-marcha-protocolos\/#primaryimage","url":"https:\/\/www.nexoinformativo.mx\/wp-content\/uploads\/2025\/06\/PHOTO-2025-06-17-12-29-58-e1750188182352.jpg","contentUrl":"https:\/\/www.nexoinformativo.mx\/wp-content\/uploads\/2025\/06\/PHOTO-2025-06-17-12-29-58-e1750188182352.jpg","width":800,"height":600},{"@type":"BreadcrumbList","@id":"https:\/\/www.nexoinformativo.mx\/index.php\/2025\/06\/17\/alerta-en-queretaro-lluvias-por-tormenta-tropical-erick-ponen-en-marcha-protocolos\/#breadcrumb","itemListElement":[{"@type":"ListItem","position":1,"name":"Inicio","item":"https:\/\/www.nexoinformativo.mx\/"},{"@type":"ListItem","position":2,"name":"\u00a1Alerta en Quer\u00e9taro! Lluvias por tormenta tropical Erick ponen en marcha protocolos"}]},{"@type":"WebSite","@id":"https:\/\/www.nexoinformativo.mx\/#website","url":"https:\/\/www.nexoinformativo.mx\/","name":"Nexo Informativo Santiago de Quer\u00e9taro","description":"Explora NexoInformativo y convi\u00e9rtete en parte de una comunidad que valora el conocimiento y la verdad. Tu nexoinformativo es tu puente hacia una comprensi\u00f3n m\u00e1s profunda del mundo que te rodea.","publisher":{"@id":"https:\/\/www.nexoinformativo.mx\/#organization"},"potentialAction":[{"@type":"SearchAction","target":{"@type":"EntryPoint","urlTemplate":"https:\/\/www.nexoinformativo.mx\/?s={search_term_string}"},"query-input":{"@type":"PropertyValueSpecification","valueRequired":true,"valueName":"search_term_string"}}],"inLanguage":"es"},{"@type":"Organization","@id":"https:\/\/www.nexoinformativo.mx\/#organization","name":"Nexo Informativo Santiago de Quer\u00e9taro","url":"https:\/\/www.nexoinformativo.mx\/","logo":{"@type":"ImageObject","inLanguage":"es","@id":"https:\/\/www.nexoinformativo.mx\/#\/schema\/logo\/image\/","url":"https:\/\/www.nexoinformativo.mx\/wp-content\/uploads\/2024\/07\/nexoi-trasparente-2.png","contentUrl":"https:\/\/www.nexoinformativo.mx\/wp-content\/uploads\/2024\/07\/nexoi-trasparente-2.png","width":816,"height":339,"caption":"Nexo Informativo Santiago de Quer\u00e9taro"},"image":{"@id":"https:\/\/www.nexoinformativo.mx\/#\/schema\/logo\/image\/"},"sameAs":["https:\/\/www.facebook.com\/people\/Nexo-Informativo\/61564066885511\/"]},{"@type":"Person","@id":"https:\/\/www.nexoinformativo.mx\/#\/schema\/person\/7749d380ba08c8ca00d7bc76fd907b7d","name":"Nexo Informativo","image":{"@type":"ImageObject","inLanguage":"es","@id":"https:\/\/www.nexoinformativo.mx\/#\/schema\/person\/image\/","url":"https:\/\/secure.gravatar.com\/avatar\/dde2928154642a13d95f87ddf1ea9718fe2b46760a005c53e41ff5ad610704e6?s=96&d=mm&r=g","contentUrl":"https:\/\/secure.gravatar.com\/avatar\/dde2928154642a13d95f87ddf1ea9718fe2b46760a005c53e41ff5ad610704e6?s=96&d=mm&r=g","caption":"Nexo Informativo"},"url":"https:\/\/www.nexoinformativo.mx\/index.php\/author\/edicion\/"}]}},"_links":{"self":[{"href":"https:\/\/www.nexoinformativo.mx\/index.php\/wp-json\/wp\/v2\/posts\/15940","targetHints":{"allow":["GET"]}}],"collection":[{"href":"https:\/\/www.nexoinformativo.mx\/index.php\/wp-json\/wp\/v2\/posts"}],"about":[{"href":"https:\/\/www.nexoinformativo.mx\/index.php\/wp-json\/wp\/v2\/types\/post"}],"author":[{"embeddable":true,"href":"https:\/\/www.nexoinformativo.mx\/index.php\/wp-json\/wp\/v2\/users\/3"}],"replies":[{"embeddable":true,"href":"https:\/\/www.nexoinformativo.mx\/index.php\/wp-json\/wp\/v2\/comments?post=15940"}],"version-history":[{"count":4,"href":"https:\/\/www.nexoinformativo.mx\/index.php\/wp-json\/wp\/v2\/posts\/15940\/revisions"}],"predecessor-version":[{"id":15945,"href":"https:\/\/www.nexoinformativo.mx\/index.php\/wp-json\/wp\/v2\/posts\/15940\/revisions\/15945"}],"wp:featuredmedia":[{"embeddable":true,"href":"https:\/\/www.nexoinformativo.mx\/index.php\/wp-json\/wp\/v2\/media\/15941"}],"wp:attachment":[{"href":"https:\/\/www.nexoinformativo.mx\/index.php\/wp-json\/wp\/v2\/media?parent=15940"}],"wp:term":[{"taxonomy":"category","embeddable":true,"href":"https:\/\/www.nexoinformativo.mx\/index.php\/wp-json\/wp\/v2\/categories?post=15940"},{"taxonomy":"post_tag","embeddable":true,"href":"https:\/\/www.nexoinformativo.mx\/index.php\/wp-json\/wp\/v2\/tags?post=15940"}],"curies":[{"name":"wp","href":"https:\/\/api.w.org\/{rel}","templated":true}]}}