{"id":15957,"date":"2025-06-17T16:00:04","date_gmt":"2025-06-17T22:00:04","guid":{"rendered":"https:\/\/www.nexoinformativo.mx\/?p=15957"},"modified":"2025-06-17T17:19:52","modified_gmt":"2025-06-17T23:19:52","slug":"sheinbaum-y-modi-conversan-en-g7-mexico-e-india-impulsan-inversion-en-ciencia-y-tecnologia","status":"publish","type":"post","link":"https:\/\/www.nexoinformativo.mx\/index.php\/2025\/06\/17\/sheinbaum-y-modi-conversan-en-g7-mexico-e-india-impulsan-inversion-en-ciencia-y-tecnologia\/","title":{"rendered":"Sheinbaum y Modi conversan en G7 M\u00e9xico e India impulsan inversi\u00f3n en ciencia y tecnolog\u00eda"},"content":{"rendered":"<p style=\"text-align: justify;\" data-sourcepos=\"5:1-5:422\">En el marco de la <strong>51\u00aa Cumbre de L\u00edderes del G7<\/strong>, la Presidenta de M\u00e9xico, Claudia Sheinbaum, se reuni\u00f3 con el primer ministro de India, Narendra Modi.<\/p>\n<\/p>\n<p>&nbsp;<\/p>\n<p style=\"text-align: justify;\" data-sourcepos=\"5:1-5:422\">Durante este importante encuentro, ambos l\u00edderes conversaron sobre c\u00f3mo fortalecer la relaci\u00f3n entre sus naciones, poniendo un \u00e9nfasis especial en inversiones para el desarrollo cient\u00edfico y tecnol\u00f3gico.<\/p>\n<\/p>\n<p>&nbsp;<\/p>\n<p style=\"text-align: justify;\" data-sourcepos=\"7:1-7:264\">\u201cEn la Cumbre del G7, nos reunimos con el primer ministro de India, @narendramodi; fortalecemos la relaci\u00f3n con M\u00e9xico a partir de inversiones destinadas al desarrollo cient\u00edfico y tecnol\u00f3gico\u201d, comparti\u00f3 la Presidenta Sheinbaum en sus redes sociales.<\/p>\n<\/p>\n<p>&nbsp;<\/p>\n<p style=\"text-align: justify;\" data-sourcepos=\"9:1-9:463\">Por su parte, el primer ministro Modi felicit\u00f3 a Sheinbaum por su hist\u00f3rica victoria electoral del 2 de junio de 2024, que la convirti\u00f3 en la primera mujer Presidenta de M\u00e9xico en dos siglos.<\/p>\n<\/p>\n<p>&nbsp;<\/p>\n<p style=\"text-align: justify;\" data-sourcepos=\"9:1-9:463\">En sus propias redes sociales, Modi destac\u00f3 que ambos coincidieron en la necesidad de reforzar los lazos entre India y M\u00e9xico, no solo en ciencia y tecnolog\u00eda, sino tambi\u00e9n en sectores clave como la agricultura, semiconductores, minerales cr\u00edticos y la salud.<\/p>\n<\/p>\n<p>&nbsp;<\/p>\n<p style=\"text-align: justify;\" data-sourcepos=\"11:1-11:542\">\u201cTuve una muy buena reuni\u00f3n con la Presidenta de M\u00e9xico, Claudia Sheinbaum. La felicit\u00e9 personalmente por su hist\u00f3rica victoria electoral, convirti\u00e9ndose en la primera mujer Presidente de M\u00e9xico en dos siglos.<\/p>\n<\/p>\n<p>&nbsp;<\/p>\n<p style=\"text-align: justify;\" data-sourcepos=\"11:1-11:542\">Ambos vemos un inmenso potencial para que los lazos entre la India y M\u00e9xico se fortalezcan a\u00fan m\u00e1s en el futuro, especialmente en sectores como la agricultura, semiconductores, minerales cr\u00edticos, la salud, entre otros. Tambi\u00e9n conversamos sobre las formas de reforzar los lazos entre nuestros pueblos. @Claudiashein\u201d, public\u00f3 Modi.<\/p>\n<\/p>\n<p>&nbsp;<\/p>\n<p style=\"text-align: justify;\" data-sourcepos=\"13:1-13:227\">M\u00e9xico participa en esta cumbre del G7 como pa\u00eds invitado, un grupo compuesto por las naciones industrializadas de Canad\u00e1, Francia, Alemania, Italia, Jap\u00f3n, Reino Unido y Estados Unidos, adem\u00e1s de la Uni\u00f3n Europea.<\/p>\n<\/p>\n<p>&nbsp;<\/p>\n<p style=\"text-align: center;\" data-sourcepos=\"13:1-13:227\"><em><strong>\u00a1Informaci\u00f3n que transforma!<\/strong><\/em><\/p>\n","protected":false},"excerpt":{"rendered":"<p>En el marco de la 51\u00aa Cumbre de L\u00edderes del G7, la Presidenta de M\u00e9xico, Claudia Sheinbaum, se reuni\u00f3 con el primer ministro de India, Narendra Modi.<\/p>\n","protected":false},"author":3,"featured_media":15958,"comment_status":"open","ping_status":"open","sticky":false,"template":"","format":"standard","meta":{"footnotes":""},"categories":[5,88,58],"tags":[1795,4794,343,4795],"class_list":["post-15957","post","type-post","status-publish","format-standard","has-post-thumbnail","hentry","category-economia","category-nacional","category-ultima-hora","tag-cienciaytecnologia","tag-g7mexico","tag-inversionextranjera","tag-mexicoindia"],"yoast_head":"<!-- This site is optimized with the Yoast SEO plugin v25.0 - https:\/\/yoast.com\/wordpress\/plugins\/seo\/ -->\n<title>Sheinbaum y Modi conversan en G7 M\u00e9xico e India impulsan inversi\u00f3n en ciencia y tecnolog\u00eda | Nexo Informativo Santiago de Quer\u00e9taro<\/title>\n<meta name=\"description\" content=\"Sheinbaum y Modi conversan en G7 M\u00e9xico e India impulsan inversi\u00f3n en ciencia y tecnolog\u00eda\" \/>\n<meta name=\"robots\" content=\"index, follow, max-snippet:-1, max-image-preview:large, max-video-preview:-1\" \/>\n<link rel=\"canonical\" href=\"https:\/\/www.nexoinformativo.mx\/index.php\/2025\/06\/17\/sheinbaum-y-modi-conversan-en-g7-mexico-e-india-impulsan-inversion-en-ciencia-y-tecnologia\/\" \/>\n<meta property=\"og:locale\" content=\"es_MX\" \/>\n<meta property=\"og:type\" content=\"article\" \/>\n<meta property=\"og:title\" content=\"Sheinbaum y Modi conversan en G7 M\u00e9xico e India impulsan inversi\u00f3n en ciencia y tecnolog\u00eda | Nexo Informativo Santiago de Quer\u00e9taro\" \/>\n<meta property=\"og:description\" content=\"Sheinbaum y Modi conversan en G7 M\u00e9xico e India impulsan inversi\u00f3n en ciencia y tecnolog\u00eda\" \/>\n<meta property=\"og:url\" content=\"https:\/\/www.nexoinformativo.mx\/index.php\/2025\/06\/17\/sheinbaum-y-modi-conversan-en-g7-mexico-e-india-impulsan-inversion-en-ciencia-y-tecnologia\/\" \/>\n<meta property=\"og:site_name\" content=\"Nexo Informativo Santiago de Quer\u00e9taro\" \/>\n<meta property=\"article:publisher\" content=\"https:\/\/www.facebook.com\/people\/Nexo-Informativo\/61564066885511\/\" \/>\n<meta property=\"article:published_time\" content=\"2025-06-17T22:00:04+00:00\" \/>\n<meta property=\"article:modified_time\" content=\"2025-06-17T23:19:52+00:00\" \/>\n<meta property=\"og:image\" content=\"https:\/\/www.nexoinformativo.mx\/wp-content\/uploads\/2025\/06\/IMG_4071.jpg\" \/>\n\t<meta property=\"og:image:width\" content=\"650\" \/>\n\t<meta property=\"og:image:height\" content=\"380\" \/>\n\t<meta property=\"og:image:type\" content=\"image\/jpeg\" \/>\n<meta name=\"author\" content=\"Nexo Informativo\" \/>\n<meta name=\"twitter:card\" content=\"summary_large_image\" \/>\n<meta name=\"twitter:label1\" content=\"Escrito por\" \/>\n\t<meta name=\"twitter:data1\" content=\"Nexo Informativo\" \/>\n\t<meta name=\"twitter:label2\" content=\"Tiempo de lectura\" \/>\n\t<meta name=\"twitter:data2\" content=\"2 minutos\" \/>\n<script type=\"application\/ld+json\" class=\"yoast-schema-graph\">{\"@context\":\"https:\/\/schema.org\",\"@graph\":[{\"@type\":\"Article\",\"@id\":\"https:\/\/www.nexoinformativo.mx\/index.php\/2025\/06\/17\/sheinbaum-y-modi-conversan-en-g7-mexico-e-india-impulsan-inversion-en-ciencia-y-tecnologia\/#article\",\"isPartOf\":{\"@id\":\"https:\/\/www.nexoinformativo.mx\/index.php\/2025\/06\/17\/sheinbaum-y-modi-conversan-en-g7-mexico-e-india-impulsan-inversion-en-ciencia-y-tecnologia\/\"},\"author\":{\"name\":\"Nexo Informativo\",\"@id\":\"https:\/\/www.nexoinformativo.mx\/#\/schema\/person\/7749d380ba08c8ca00d7bc76fd907b7d\"},\"headline\":\"Sheinbaum y Modi conversan en G7 M\u00e9xico e India impulsan inversi\u00f3n en ciencia y tecnolog\u00eda\",\"datePublished\":\"2025-06-17T22:00:04+00:00\",\"dateModified\":\"2025-06-17T23:19:52+00:00\",\"mainEntityOfPage\":{\"@id\":\"https:\/\/www.nexoinformativo.mx\/index.php\/2025\/06\/17\/sheinbaum-y-modi-conversan-en-g7-mexico-e-india-impulsan-inversion-en-ciencia-y-tecnologia\/\"},\"wordCount\":338,\"commentCount\":0,\"publisher\":{\"@id\":\"https:\/\/www.nexoinformativo.mx\/#organization\"},\"image\":{\"@id\":\"https:\/\/www.nexoinformativo.mx\/index.php\/2025\/06\/17\/sheinbaum-y-modi-conversan-en-g7-mexico-e-india-impulsan-inversion-en-ciencia-y-tecnologia\/#primaryimage\"},\"thumbnailUrl\":\"https:\/\/www.nexoinformativo.mx\/wp-content\/uploads\/2025\/06\/IMG_4071.jpg\",\"keywords\":[\"CienciaYTecnolog\u00eda\",\"G7M\u00e9xico\",\"Inversi\u00f3nExtranjera\",\"M\u00e9xicoIndia\"],\"articleSection\":[\"Econom\u00eda\",\"Nacional\",\"\u00daltima Hora\"],\"inLanguage\":\"es\",\"potentialAction\":[{\"@type\":\"CommentAction\",\"name\":\"Comment\",\"target\":[\"https:\/\/www.nexoinformativo.mx\/index.php\/2025\/06\/17\/sheinbaum-y-modi-conversan-en-g7-mexico-e-india-impulsan-inversion-en-ciencia-y-tecnologia\/#respond\"]}]},{\"@type\":\"WebPage\",\"@id\":\"https:\/\/www.nexoinformativo.mx\/index.php\/2025\/06\/17\/sheinbaum-y-modi-conversan-en-g7-mexico-e-india-impulsan-inversion-en-ciencia-y-tecnologia\/\",\"url\":\"https:\/\/www.nexoinformativo.mx\/index.php\/2025\/06\/17\/sheinbaum-y-modi-conversan-en-g7-mexico-e-india-impulsan-inversion-en-ciencia-y-tecnologia\/\",\"name\":\"Sheinbaum y Modi conversan en G7 M\u00e9xico e India impulsan inversi\u00f3n en ciencia y tecnolog\u00eda | Nexo Informativo Santiago de Quer\u00e9taro\",\"isPartOf\":{\"@id\":\"https:\/\/www.nexoinformativo.mx\/#website\"},\"primaryImageOfPage\":{\"@id\":\"https:\/\/www.nexoinformativo.mx\/index.php\/2025\/06\/17\/sheinbaum-y-modi-conversan-en-g7-mexico-e-india-impulsan-inversion-en-ciencia-y-tecnologia\/#primaryimage\"},\"image\":{\"@id\":\"https:\/\/www.nexoinformativo.mx\/index.php\/2025\/06\/17\/sheinbaum-y-modi-conversan-en-g7-mexico-e-india-impulsan-inversion-en-ciencia-y-tecnologia\/#primaryimage\"},\"thumbnailUrl\":\"https:\/\/www.nexoinformativo.mx\/wp-content\/uploads\/2025\/06\/IMG_4071.jpg\",\"datePublished\":\"2025-06-17T22:00:04+00:00\",\"dateModified\":\"2025-06-17T23:19:52+00:00\",\"description\":\"Sheinbaum y Modi conversan en G7 M\u00e9xico e India impulsan inversi\u00f3n en ciencia y tecnolog\u00eda\",\"breadcrumb\":{\"@id\":\"https:\/\/www.nexoinformativo.mx\/index.php\/2025\/06\/17\/sheinbaum-y-modi-conversan-en-g7-mexico-e-india-impulsan-inversion-en-ciencia-y-tecnologia\/#breadcrumb\"},\"inLanguage\":\"es\",\"potentialAction\":[{\"@type\":\"ReadAction\",\"target\":[\"https:\/\/www.nexoinformativo.mx\/index.php\/2025\/06\/17\/sheinbaum-y-modi-conversan-en-g7-mexico-e-india-impulsan-inversion-en-ciencia-y-tecnologia\/\"]}]},{\"@type\":\"ImageObject\",\"inLanguage\":\"es\",\"@id\":\"https:\/\/www.nexoinformativo.mx\/index.php\/2025\/06\/17\/sheinbaum-y-modi-conversan-en-g7-mexico-e-india-impulsan-inversion-en-ciencia-y-tecnologia\/#primaryimage\",\"url\":\"https:\/\/www.nexoinformativo.mx\/wp-content\/uploads\/2025\/06\/IMG_4071.jpg\",\"contentUrl\":\"https:\/\/www.nexoinformativo.mx\/wp-content\/uploads\/2025\/06\/IMG_4071.jpg\",\"width\":650,\"height\":380},{\"@type\":\"BreadcrumbList\",\"@id\":\"https:\/\/www.nexoinformativo.mx\/index.php\/2025\/06\/17\/sheinbaum-y-modi-conversan-en-g7-mexico-e-india-impulsan-inversion-en-ciencia-y-tecnologia\/#breadcrumb\",\"itemListElement\":[{\"@type\":\"ListItem\",\"position\":1,\"name\":\"Inicio\",\"item\":\"https:\/\/www.nexoinformativo.mx\/\"},{\"@type\":\"ListItem\",\"position\":2,\"name\":\"Sheinbaum y Modi conversan en G7 M\u00e9xico e India impulsan inversi\u00f3n en ciencia y tecnolog\u00eda\"}]},{\"@type\":\"WebSite\",\"@id\":\"https:\/\/www.nexoinformativo.mx\/#website\",\"url\":\"https:\/\/www.nexoinformativo.mx\/\",\"name\":\"Nexo Informativo Santiago de Quer\u00e9taro\",\"description\":\"Explora NexoInformativo y convi\u00e9rtete en parte de una comunidad que valora el conocimiento y la verdad. Tu nexoinformativo es tu puente hacia una comprensi\u00f3n m\u00e1s profunda del mundo que te rodea.\",\"publisher\":{\"@id\":\"https:\/\/www.nexoinformativo.mx\/#organization\"},\"potentialAction\":[{\"@type\":\"SearchAction\",\"target\":{\"@type\":\"EntryPoint\",\"urlTemplate\":\"https:\/\/www.nexoinformativo.mx\/?s={search_term_string}\"},\"query-input\":{\"@type\":\"PropertyValueSpecification\",\"valueRequired\":true,\"valueName\":\"search_term_string\"}}],\"inLanguage\":\"es\"},{\"@type\":\"Organization\",\"@id\":\"https:\/\/www.nexoinformativo.mx\/#organization\",\"name\":\"Nexo Informativo Santiago de Quer\u00e9taro\",\"url\":\"https:\/\/www.nexoinformativo.mx\/\",\"logo\":{\"@type\":\"ImageObject\",\"inLanguage\":\"es\",\"@id\":\"https:\/\/www.nexoinformativo.mx\/#\/schema\/logo\/image\/\",\"url\":\"https:\/\/www.nexoinformativo.mx\/wp-content\/uploads\/2024\/07\/nexoi-trasparente-2.png\",\"contentUrl\":\"https:\/\/www.nexoinformativo.mx\/wp-content\/uploads\/2024\/07\/nexoi-trasparente-2.png\",\"width\":816,\"height\":339,\"caption\":\"Nexo Informativo Santiago de Quer\u00e9taro\"},\"image\":{\"@id\":\"https:\/\/www.nexoinformativo.mx\/#\/schema\/logo\/image\/\"},\"sameAs\":[\"https:\/\/www.facebook.com\/people\/Nexo-Informativo\/61564066885511\/\"]},{\"@type\":\"Person\",\"@id\":\"https:\/\/www.nexoinformativo.mx\/#\/schema\/person\/7749d380ba08c8ca00d7bc76fd907b7d\",\"name\":\"Nexo Informativo\",\"image\":{\"@type\":\"ImageObject\",\"inLanguage\":\"es\",\"@id\":\"https:\/\/www.nexoinformativo.mx\/#\/schema\/person\/image\/\",\"url\":\"https:\/\/secure.gravatar.com\/avatar\/dde2928154642a13d95f87ddf1ea9718fe2b46760a005c53e41ff5ad610704e6?s=96&d=mm&r=g\",\"contentUrl\":\"https:\/\/secure.gravatar.com\/avatar\/dde2928154642a13d95f87ddf1ea9718fe2b46760a005c53e41ff5ad610704e6?s=96&d=mm&r=g\",\"caption\":\"Nexo Informativo\"},\"url\":\"https:\/\/www.nexoinformativo.mx\/index.php\/author\/edicion\/\"}]}<\/script>\n<!-- \/ Yoast SEO plugin. -->","yoast_head_json":{"title":"Sheinbaum y Modi conversan en G7 M\u00e9xico e India impulsan inversi\u00f3n en ciencia y tecnolog\u00eda | Nexo Informativo Santiago de Quer\u00e9taro","description":"Sheinbaum y Modi conversan en G7 M\u00e9xico e India impulsan inversi\u00f3n en ciencia y tecnolog\u00eda","robots":{"index":"index","follow":"follow","max-snippet":"max-snippet:-1","max-image-preview":"max-image-preview:large","max-video-preview":"max-video-preview:-1"},"canonical":"https:\/\/www.nexoinformativo.mx\/index.php\/2025\/06\/17\/sheinbaum-y-modi-conversan-en-g7-mexico-e-india-impulsan-inversion-en-ciencia-y-tecnologia\/","og_locale":"es_MX","og_type":"article","og_title":"Sheinbaum y Modi conversan en G7 M\u00e9xico e India impulsan inversi\u00f3n en ciencia y tecnolog\u00eda | Nexo Informativo Santiago de Quer\u00e9taro","og_description":"Sheinbaum y Modi conversan en G7 M\u00e9xico e India impulsan inversi\u00f3n en ciencia y tecnolog\u00eda","og_url":"https:\/\/www.nexoinformativo.mx\/index.php\/2025\/06\/17\/sheinbaum-y-modi-conversan-en-g7-mexico-e-india-impulsan-inversion-en-ciencia-y-tecnologia\/","og_site_name":"Nexo Informativo Santiago de Quer\u00e9taro","article_publisher":"https:\/\/www.facebook.com\/people\/Nexo-Informativo\/61564066885511\/","article_published_time":"2025-06-17T22:00:04+00:00","article_modified_time":"2025-06-17T23:19:52+00:00","og_image":[{"width":650,"height":380,"url":"https:\/\/www.nexoinformativo.mx\/wp-content\/uploads\/2025\/06\/IMG_4071.jpg","type":"image\/jpeg"}],"author":"Nexo Informativo","twitter_card":"summary_large_image","twitter_misc":{"Escrito por":"Nexo Informativo","Tiempo de lectura":"2 minutos"},"schema":{"@context":"https:\/\/schema.org","@graph":[{"@type":"Article","@id":"https:\/\/www.nexoinformativo.mx\/index.php\/2025\/06\/17\/sheinbaum-y-modi-conversan-en-g7-mexico-e-india-impulsan-inversion-en-ciencia-y-tecnologia\/#article","isPartOf":{"@id":"https:\/\/www.nexoinformativo.mx\/index.php\/2025\/06\/17\/sheinbaum-y-modi-conversan-en-g7-mexico-e-india-impulsan-inversion-en-ciencia-y-tecnologia\/"},"author":{"name":"Nexo Informativo","@id":"https:\/\/www.nexoinformativo.mx\/#\/schema\/person\/7749d380ba08c8ca00d7bc76fd907b7d"},"headline":"Sheinbaum y Modi conversan en G7 M\u00e9xico e India impulsan inversi\u00f3n en ciencia y tecnolog\u00eda","datePublished":"2025-06-17T22:00:04+00:00","dateModified":"2025-06-17T23:19:52+00:00","mainEntityOfPage":{"@id":"https:\/\/www.nexoinformativo.mx\/index.php\/2025\/06\/17\/sheinbaum-y-modi-conversan-en-g7-mexico-e-india-impulsan-inversion-en-ciencia-y-tecnologia\/"},"wordCount":338,"commentCount":0,"publisher":{"@id":"https:\/\/www.nexoinformativo.mx\/#organization"},"image":{"@id":"https:\/\/www.nexoinformativo.mx\/index.php\/2025\/06\/17\/sheinbaum-y-modi-conversan-en-g7-mexico-e-india-impulsan-inversion-en-ciencia-y-tecnologia\/#primaryimage"},"thumbnailUrl":"https:\/\/www.nexoinformativo.mx\/wp-content\/uploads\/2025\/06\/IMG_4071.jpg","keywords":["CienciaYTecnolog\u00eda","G7M\u00e9xico","Inversi\u00f3nExtranjera","M\u00e9xicoIndia"],"articleSection":["Econom\u00eda","Nacional","\u00daltima Hora"],"inLanguage":"es","potentialAction":[{"@type":"CommentAction","name":"Comment","target":["https:\/\/www.nexoinformativo.mx\/index.php\/2025\/06\/17\/sheinbaum-y-modi-conversan-en-g7-mexico-e-india-impulsan-inversion-en-ciencia-y-tecnologia\/#respond"]}]},{"@type":"WebPage","@id":"https:\/\/www.nexoinformativo.mx\/index.php\/2025\/06\/17\/sheinbaum-y-modi-conversan-en-g7-mexico-e-india-impulsan-inversion-en-ciencia-y-tecnologia\/","url":"https:\/\/www.nexoinformativo.mx\/index.php\/2025\/06\/17\/sheinbaum-y-modi-conversan-en-g7-mexico-e-india-impulsan-inversion-en-ciencia-y-tecnologia\/","name":"Sheinbaum y Modi conversan en G7 M\u00e9xico e India impulsan inversi\u00f3n en ciencia y tecnolog\u00eda | Nexo Informativo Santiago de Quer\u00e9taro","isPartOf":{"@id":"https:\/\/www.nexoinformativo.mx\/#website"},"primaryImageOfPage":{"@id":"https:\/\/www.nexoinformativo.mx\/index.php\/2025\/06\/17\/sheinbaum-y-modi-conversan-en-g7-mexico-e-india-impulsan-inversion-en-ciencia-y-tecnologia\/#primaryimage"},"image":{"@id":"https:\/\/www.nexoinformativo.mx\/index.php\/2025\/06\/17\/sheinbaum-y-modi-conversan-en-g7-mexico-e-india-impulsan-inversion-en-ciencia-y-tecnologia\/#primaryimage"},"thumbnailUrl":"https:\/\/www.nexoinformativo.mx\/wp-content\/uploads\/2025\/06\/IMG_4071.jpg","datePublished":"2025-06-17T22:00:04+00:00","dateModified":"2025-06-17T23:19:52+00:00","description":"Sheinbaum y Modi conversan en G7 M\u00e9xico e India impulsan inversi\u00f3n en ciencia y tecnolog\u00eda","breadcrumb":{"@id":"https:\/\/www.nexoinformativo.mx\/index.php\/2025\/06\/17\/sheinbaum-y-modi-conversan-en-g7-mexico-e-india-impulsan-inversion-en-ciencia-y-tecnologia\/#breadcrumb"},"inLanguage":"es","potentialAction":[{"@type":"ReadAction","target":["https:\/\/www.nexoinformativo.mx\/index.php\/2025\/06\/17\/sheinbaum-y-modi-conversan-en-g7-mexico-e-india-impulsan-inversion-en-ciencia-y-tecnologia\/"]}]},{"@type":"ImageObject","inLanguage":"es","@id":"https:\/\/www.nexoinformativo.mx\/index.php\/2025\/06\/17\/sheinbaum-y-modi-conversan-en-g7-mexico-e-india-impulsan-inversion-en-ciencia-y-tecnologia\/#primaryimage","url":"https:\/\/www.nexoinformativo.mx\/wp-content\/uploads\/2025\/06\/IMG_4071.jpg","contentUrl":"https:\/\/www.nexoinformativo.mx\/wp-content\/uploads\/2025\/06\/IMG_4071.jpg","width":650,"height":380},{"@type":"BreadcrumbList","@id":"https:\/\/www.nexoinformativo.mx\/index.php\/2025\/06\/17\/sheinbaum-y-modi-conversan-en-g7-mexico-e-india-impulsan-inversion-en-ciencia-y-tecnologia\/#breadcrumb","itemListElement":[{"@type":"ListItem","position":1,"name":"Inicio","item":"https:\/\/www.nexoinformativo.mx\/"},{"@type":"ListItem","position":2,"name":"Sheinbaum y Modi conversan en G7 M\u00e9xico e India impulsan inversi\u00f3n en ciencia y tecnolog\u00eda"}]},{"@type":"WebSite","@id":"https:\/\/www.nexoinformativo.mx\/#website","url":"https:\/\/www.nexoinformativo.mx\/","name":"Nexo Informativo Santiago de Quer\u00e9taro","description":"Explora NexoInformativo y convi\u00e9rtete en parte de una comunidad que valora el conocimiento y la verdad. Tu nexoinformativo es tu puente hacia una comprensi\u00f3n m\u00e1s profunda del mundo que te rodea.","publisher":{"@id":"https:\/\/www.nexoinformativo.mx\/#organization"},"potentialAction":[{"@type":"SearchAction","target":{"@type":"EntryPoint","urlTemplate":"https:\/\/www.nexoinformativo.mx\/?s={search_term_string}"},"query-input":{"@type":"PropertyValueSpecification","valueRequired":true,"valueName":"search_term_string"}}],"inLanguage":"es"},{"@type":"Organization","@id":"https:\/\/www.nexoinformativo.mx\/#organization","name":"Nexo Informativo Santiago de Quer\u00e9taro","url":"https:\/\/www.nexoinformativo.mx\/","logo":{"@type":"ImageObject","inLanguage":"es","@id":"https:\/\/www.nexoinformativo.mx\/#\/schema\/logo\/image\/","url":"https:\/\/www.nexoinformativo.mx\/wp-content\/uploads\/2024\/07\/nexoi-trasparente-2.png","contentUrl":"https:\/\/www.nexoinformativo.mx\/wp-content\/uploads\/2024\/07\/nexoi-trasparente-2.png","width":816,"height":339,"caption":"Nexo Informativo Santiago de Quer\u00e9taro"},"image":{"@id":"https:\/\/www.nexoinformativo.mx\/#\/schema\/logo\/image\/"},"sameAs":["https:\/\/www.facebook.com\/people\/Nexo-Informativo\/61564066885511\/"]},{"@type":"Person","@id":"https:\/\/www.nexoinformativo.mx\/#\/schema\/person\/7749d380ba08c8ca00d7bc76fd907b7d","name":"Nexo Informativo","image":{"@type":"ImageObject","inLanguage":"es","@id":"https:\/\/www.nexoinformativo.mx\/#\/schema\/person\/image\/","url":"https:\/\/secure.gravatar.com\/avatar\/dde2928154642a13d95f87ddf1ea9718fe2b46760a005c53e41ff5ad610704e6?s=96&d=mm&r=g","contentUrl":"https:\/\/secure.gravatar.com\/avatar\/dde2928154642a13d95f87ddf1ea9718fe2b46760a005c53e41ff5ad610704e6?s=96&d=mm&r=g","caption":"Nexo Informativo"},"url":"https:\/\/www.nexoinformativo.mx\/index.php\/author\/edicion\/"}]}},"_links":{"self":[{"href":"https:\/\/www.nexoinformativo.mx\/index.php\/wp-json\/wp\/v2\/posts\/15957","targetHints":{"allow":["GET"]}}],"collection":[{"href":"https:\/\/www.nexoinformativo.mx\/index.php\/wp-json\/wp\/v2\/posts"}],"about":[{"href":"https:\/\/www.nexoinformativo.mx\/index.php\/wp-json\/wp\/v2\/types\/post"}],"author":[{"embeddable":true,"href":"https:\/\/www.nexoinformativo.mx\/index.php\/wp-json\/wp\/v2\/users\/3"}],"replies":[{"embeddable":true,"href":"https:\/\/www.nexoinformativo.mx\/index.php\/wp-json\/wp\/v2\/comments?post=15957"}],"version-history":[{"count":3,"href":"https:\/\/www.nexoinformativo.mx\/index.php\/wp-json\/wp\/v2\/posts\/15957\/revisions"}],"predecessor-version":[{"id":15961,"href":"https:\/\/www.nexoinformativo.mx\/index.php\/wp-json\/wp\/v2\/posts\/15957\/revisions\/15961"}],"wp:featuredmedia":[{"embeddable":true,"href":"https:\/\/www.nexoinformativo.mx\/index.php\/wp-json\/wp\/v2\/media\/15958"}],"wp:attachment":[{"href":"https:\/\/www.nexoinformativo.mx\/index.php\/wp-json\/wp\/v2\/media?parent=15957"}],"wp:term":[{"taxonomy":"category","embeddable":true,"href":"https:\/\/www.nexoinformativo.mx\/index.php\/wp-json\/wp\/v2\/categories?post=15957"},{"taxonomy":"post_tag","embeddable":true,"href":"https:\/\/www.nexoinformativo.mx\/index.php\/wp-json\/wp\/v2\/tags?post=15957"}],"curies":[{"name":"wp","href":"https:\/\/api.w.org\/{rel}","templated":true}]}}