{"id":15969,"date":"2025-06-17T17:30:32","date_gmt":"2025-06-17T23:30:32","guid":{"rendered":"https:\/\/www.nexoinformativo.mx\/?p=15969"},"modified":"2025-06-17T17:46:27","modified_gmt":"2025-06-17T23:46:27","slug":"historico-acuerdo-en-queretaro-alcaldes-firmaron-por-el-futuro-hidrico-del-estado","status":"publish","type":"post","link":"https:\/\/www.nexoinformativo.mx\/index.php\/2025\/06\/17\/historico-acuerdo-en-queretaro-alcaldes-firmaron-por-el-futuro-hidrico-del-estado\/","title":{"rendered":"Hist\u00f3rico acuerdo en Quer\u00e9taro alcaldes firmaron por el futuro h\u00eddrico del Estado"},"content":{"rendered":"<p style=\"text-align: justify;\" data-sourcepos=\"5:1-5:330\">12 presidentes municipales de Quer\u00e9taro, de diversas regiones y partidos pol\u00edticos, firmaron el manifiesto \u201cUnidos por el Agua\u201d. Con este importante acuerdo, expresan su total respaldo al proyecto h\u00eddrico m\u00e1s grande del estado: <strong>\u201cBat\u00e1n, Agua para Todos\u201d<\/strong>, impulsado por el gobernador Mauricio Kuri.<\/p>\n<\/p>\n<p>&nbsp;<\/p>\n<p style=\"text-align: justify;\" data-sourcepos=\"7:1-7:511\">La firma se llev\u00f3 a cabo en Corregidora, donde el alcalde Chepe Guerrero fue el anfitri\u00f3n. Entre los firmantes estuvieron Felipe Fernando Mac\u00edas (Quer\u00e9taro), Fernando S\u00e1nchez Gil (Arroyo Seco), Jaime Iv\u00e1n Morales (Huimilpan), Rub\u00e9n Hern\u00e1ndez Robles (Jalpan de Serra).<\/p>\n<\/p>\n<p>&nbsp;<\/p>\n<p style=\"text-align: justify;\" data-sourcepos=\"7:1-7:511\">Yunuen Araceli Ben\u00edtez (Landa de Matamoros), Carlos Manuel Ledesma (San Joaqu\u00edn) y Alejo S\u00e1nchez de Santiago (Tolim\u00e1n). Tambi\u00e9n asistieron representantes de los alcaldes de El Marqu\u00e9s, San Juan del R\u00edo, Col\u00f3n, Pe\u00f1amiller y Pinal de Amoles.<\/p>\n<\/p>\n<p>&nbsp;<\/p>\n<p style=\"text-align: justify;\" data-sourcepos=\"9:1-9:446\">Chepe Guerrero destac\u00f3 que el sistema \u201cBat\u00e1n, Agua para Todos\u201d es m\u00e1s que una obra; es un acto de previsi\u00f3n, justicia para futuras generaciones y amor por Quer\u00e9taro.<\/p>\n<\/p>\n<p>&nbsp;<\/p>\n<p style=\"text-align: justify;\" data-sourcepos=\"9:1-9:446\">Agradeci\u00f3 a sus colegas por dejar a un lado las diferencias y priorizar la unidad en beneficio de las familias queretanas. \u201cHoy no nos une una ideolog\u00eda ni una preferencia partidista. Nos une algo mucho m\u00e1s grande: el compromiso con Quer\u00e9taro y con su gente\u201d, afirm\u00f3 Guerrero.<\/p>\n<\/p>\n<p>&nbsp;<\/p>\n<p style=\"text-align: justify;\" data-sourcepos=\"11:1-11:421\">Los alcaldes coincidieron en que, con su apoyo a \u201cBat\u00e1n, Agua para Todos\u201d, se busca lograr la cobertura total de agua potable, reducir la contaminaci\u00f3n h\u00eddrica, generar conciencia sobre el cuidado del agua y fortalecer el desarrollo econ\u00f3mico del estado.<\/p>\n<\/p>\n<p>&nbsp;<\/p>\n<p style=\"text-align: justify;\" data-sourcepos=\"11:1-11:421\">Todo esto se lograr\u00e1 mediante un modelo sostenible, tecnol\u00f3gico y equitativo que permitir\u00e1 la captaci\u00f3n, tratamiento y distribuci\u00f3n del l\u00edquido vital.<\/p>\n<\/p>\n<p>&nbsp;<\/p>\n<p style=\"text-align: center;\" data-sourcepos=\"11:1-11:421\"><em><strong>\u00a1Informaci\u00f3n que transforma!<\/strong><\/em><\/p>\n","protected":false},"excerpt":{"rendered":"<p>12 presidentes municipales de Quer\u00e9taro, de diversas regiones y partidos pol\u00edticos, firmaron el manifiesto \u201cUnidos por el Agua\u201d. Con este importante acuerdo, expresan su total respaldo al proyecto h\u00eddrico m\u00e1s grande del estado: \u201cBat\u00e1n, Agua para Todos\u201d, impulsado por el gobernador Mauricio Kuri.<\/p>\n","protected":false},"author":3,"featured_media":15970,"comment_status":"open","ping_status":"open","sticky":false,"template":"","format":"standard","meta":{"footnotes":""},"categories":[42,58],"tags":[1366,736,4799,1755],"class_list":["post-15969","post","type-post","status-publish","format-standard","has-post-thumbnail","hentry","category-estado","category-ultima-hora","tag-aguaparatodos","tag-cuidadodelagua","tag-proyectohidrico","tag-queretarounido"],"yoast_head":"<!-- This site is optimized with the Yoast SEO plugin v25.0 - https:\/\/yoast.com\/wordpress\/plugins\/seo\/ -->\n<title>Hist\u00f3rico acuerdo en Quer\u00e9taro alcaldes firmaron por el futuro h\u00eddrico del Estado | Nexo Informativo Santiago de Quer\u00e9taro<\/title>\n<meta name=\"description\" content=\"Hist\u00f3rico acuerdo en Quer\u00e9taro alcaldes firmaron por el futuro h\u00eddrico del Estado\" \/>\n<meta name=\"robots\" content=\"index, follow, max-snippet:-1, max-image-preview:large, max-video-preview:-1\" \/>\n<link rel=\"canonical\" href=\"https:\/\/www.nexoinformativo.mx\/index.php\/2025\/06\/17\/historico-acuerdo-en-queretaro-alcaldes-firmaron-por-el-futuro-hidrico-del-estado\/\" \/>\n<meta property=\"og:locale\" content=\"es_MX\" \/>\n<meta property=\"og:type\" content=\"article\" \/>\n<meta property=\"og:title\" content=\"Hist\u00f3rico acuerdo en Quer\u00e9taro alcaldes firmaron por el futuro h\u00eddrico del Estado | Nexo Informativo Santiago de Quer\u00e9taro\" \/>\n<meta property=\"og:description\" content=\"Hist\u00f3rico acuerdo en Quer\u00e9taro alcaldes firmaron por el futuro h\u00eddrico del Estado\" \/>\n<meta property=\"og:url\" content=\"https:\/\/www.nexoinformativo.mx\/index.php\/2025\/06\/17\/historico-acuerdo-en-queretaro-alcaldes-firmaron-por-el-futuro-hidrico-del-estado\/\" \/>\n<meta property=\"og:site_name\" content=\"Nexo Informativo Santiago de Quer\u00e9taro\" \/>\n<meta property=\"article:publisher\" content=\"https:\/\/www.facebook.com\/people\/Nexo-Informativo\/61564066885511\/\" \/>\n<meta property=\"article:published_time\" content=\"2025-06-17T23:30:32+00:00\" \/>\n<meta property=\"article:modified_time\" content=\"2025-06-17T23:46:27+00:00\" \/>\n<meta property=\"og:image\" content=\"https:\/\/www.nexoinformativo.mx\/wp-content\/uploads\/2025\/06\/PHOTO-2025-06-17-17-11-15-e1750203942885.jpg\" \/>\n\t<meta property=\"og:image:width\" content=\"800\" \/>\n\t<meta property=\"og:image:height\" content=\"533\" \/>\n\t<meta property=\"og:image:type\" content=\"image\/jpeg\" \/>\n<meta name=\"author\" content=\"Nexo Informativo\" \/>\n<meta name=\"twitter:card\" content=\"summary_large_image\" \/>\n<meta name=\"twitter:label1\" content=\"Escrito por\" \/>\n\t<meta name=\"twitter:data1\" content=\"Nexo Informativo\" \/>\n\t<meta name=\"twitter:label2\" content=\"Tiempo de lectura\" \/>\n\t<meta name=\"twitter:data2\" content=\"2 minutos\" \/>\n<script type=\"application\/ld+json\" class=\"yoast-schema-graph\">{\"@context\":\"https:\/\/schema.org\",\"@graph\":[{\"@type\":\"Article\",\"@id\":\"https:\/\/www.nexoinformativo.mx\/index.php\/2025\/06\/17\/historico-acuerdo-en-queretaro-alcaldes-firmaron-por-el-futuro-hidrico-del-estado\/#article\",\"isPartOf\":{\"@id\":\"https:\/\/www.nexoinformativo.mx\/index.php\/2025\/06\/17\/historico-acuerdo-en-queretaro-alcaldes-firmaron-por-el-futuro-hidrico-del-estado\/\"},\"author\":{\"name\":\"Nexo Informativo\",\"@id\":\"https:\/\/www.nexoinformativo.mx\/#\/schema\/person\/7749d380ba08c8ca00d7bc76fd907b7d\"},\"headline\":\"Hist\u00f3rico acuerdo en Quer\u00e9taro alcaldes firmaron por el futuro h\u00eddrico del Estado\",\"datePublished\":\"2025-06-17T23:30:32+00:00\",\"dateModified\":\"2025-06-17T23:46:27+00:00\",\"mainEntityOfPage\":{\"@id\":\"https:\/\/www.nexoinformativo.mx\/index.php\/2025\/06\/17\/historico-acuerdo-en-queretaro-alcaldes-firmaron-por-el-futuro-hidrico-del-estado\/\"},\"wordCount\":315,\"commentCount\":0,\"publisher\":{\"@id\":\"https:\/\/www.nexoinformativo.mx\/#organization\"},\"image\":{\"@id\":\"https:\/\/www.nexoinformativo.mx\/index.php\/2025\/06\/17\/historico-acuerdo-en-queretaro-alcaldes-firmaron-por-el-futuro-hidrico-del-estado\/#primaryimage\"},\"thumbnailUrl\":\"https:\/\/www.nexoinformativo.mx\/wp-content\/uploads\/2025\/06\/PHOTO-2025-06-17-17-11-15-e1750203942885.jpg\",\"keywords\":[\"AguaParaTodos\",\"CuidadoDelAgua\",\"ProyectoH\u00eddrico\",\"Quer\u00e9taroUnido\"],\"articleSection\":[\"Estado\",\"\u00daltima Hora\"],\"inLanguage\":\"es\",\"potentialAction\":[{\"@type\":\"CommentAction\",\"name\":\"Comment\",\"target\":[\"https:\/\/www.nexoinformativo.mx\/index.php\/2025\/06\/17\/historico-acuerdo-en-queretaro-alcaldes-firmaron-por-el-futuro-hidrico-del-estado\/#respond\"]}]},{\"@type\":\"WebPage\",\"@id\":\"https:\/\/www.nexoinformativo.mx\/index.php\/2025\/06\/17\/historico-acuerdo-en-queretaro-alcaldes-firmaron-por-el-futuro-hidrico-del-estado\/\",\"url\":\"https:\/\/www.nexoinformativo.mx\/index.php\/2025\/06\/17\/historico-acuerdo-en-queretaro-alcaldes-firmaron-por-el-futuro-hidrico-del-estado\/\",\"name\":\"Hist\u00f3rico acuerdo en Quer\u00e9taro alcaldes firmaron por el futuro h\u00eddrico del Estado | Nexo Informativo Santiago de Quer\u00e9taro\",\"isPartOf\":{\"@id\":\"https:\/\/www.nexoinformativo.mx\/#website\"},\"primaryImageOfPage\":{\"@id\":\"https:\/\/www.nexoinformativo.mx\/index.php\/2025\/06\/17\/historico-acuerdo-en-queretaro-alcaldes-firmaron-por-el-futuro-hidrico-del-estado\/#primaryimage\"},\"image\":{\"@id\":\"https:\/\/www.nexoinformativo.mx\/index.php\/2025\/06\/17\/historico-acuerdo-en-queretaro-alcaldes-firmaron-por-el-futuro-hidrico-del-estado\/#primaryimage\"},\"thumbnailUrl\":\"https:\/\/www.nexoinformativo.mx\/wp-content\/uploads\/2025\/06\/PHOTO-2025-06-17-17-11-15-e1750203942885.jpg\",\"datePublished\":\"2025-06-17T23:30:32+00:00\",\"dateModified\":\"2025-06-17T23:46:27+00:00\",\"description\":\"Hist\u00f3rico acuerdo en Quer\u00e9taro alcaldes firmaron por el futuro h\u00eddrico del Estado\",\"breadcrumb\":{\"@id\":\"https:\/\/www.nexoinformativo.mx\/index.php\/2025\/06\/17\/historico-acuerdo-en-queretaro-alcaldes-firmaron-por-el-futuro-hidrico-del-estado\/#breadcrumb\"},\"inLanguage\":\"es\",\"potentialAction\":[{\"@type\":\"ReadAction\",\"target\":[\"https:\/\/www.nexoinformativo.mx\/index.php\/2025\/06\/17\/historico-acuerdo-en-queretaro-alcaldes-firmaron-por-el-futuro-hidrico-del-estado\/\"]}]},{\"@type\":\"ImageObject\",\"inLanguage\":\"es\",\"@id\":\"https:\/\/www.nexoinformativo.mx\/index.php\/2025\/06\/17\/historico-acuerdo-en-queretaro-alcaldes-firmaron-por-el-futuro-hidrico-del-estado\/#primaryimage\",\"url\":\"https:\/\/www.nexoinformativo.mx\/wp-content\/uploads\/2025\/06\/PHOTO-2025-06-17-17-11-15-e1750203942885.jpg\",\"contentUrl\":\"https:\/\/www.nexoinformativo.mx\/wp-content\/uploads\/2025\/06\/PHOTO-2025-06-17-17-11-15-e1750203942885.jpg\",\"width\":800,\"height\":533},{\"@type\":\"BreadcrumbList\",\"@id\":\"https:\/\/www.nexoinformativo.mx\/index.php\/2025\/06\/17\/historico-acuerdo-en-queretaro-alcaldes-firmaron-por-el-futuro-hidrico-del-estado\/#breadcrumb\",\"itemListElement\":[{\"@type\":\"ListItem\",\"position\":1,\"name\":\"Inicio\",\"item\":\"https:\/\/www.nexoinformativo.mx\/\"},{\"@type\":\"ListItem\",\"position\":2,\"name\":\"Hist\u00f3rico acuerdo en Quer\u00e9taro alcaldes firmaron por el futuro h\u00eddrico del Estado\"}]},{\"@type\":\"WebSite\",\"@id\":\"https:\/\/www.nexoinformativo.mx\/#website\",\"url\":\"https:\/\/www.nexoinformativo.mx\/\",\"name\":\"Nexo Informativo Santiago de Quer\u00e9taro\",\"description\":\"Explora NexoInformativo y convi\u00e9rtete en parte de una comunidad que valora el conocimiento y la verdad. Tu nexoinformativo es tu puente hacia una comprensi\u00f3n m\u00e1s profunda del mundo que te rodea.\",\"publisher\":{\"@id\":\"https:\/\/www.nexoinformativo.mx\/#organization\"},\"potentialAction\":[{\"@type\":\"SearchAction\",\"target\":{\"@type\":\"EntryPoint\",\"urlTemplate\":\"https:\/\/www.nexoinformativo.mx\/?s={search_term_string}\"},\"query-input\":{\"@type\":\"PropertyValueSpecification\",\"valueRequired\":true,\"valueName\":\"search_term_string\"}}],\"inLanguage\":\"es\"},{\"@type\":\"Organization\",\"@id\":\"https:\/\/www.nexoinformativo.mx\/#organization\",\"name\":\"Nexo Informativo Santiago de Quer\u00e9taro\",\"url\":\"https:\/\/www.nexoinformativo.mx\/\",\"logo\":{\"@type\":\"ImageObject\",\"inLanguage\":\"es\",\"@id\":\"https:\/\/www.nexoinformativo.mx\/#\/schema\/logo\/image\/\",\"url\":\"https:\/\/www.nexoinformativo.mx\/wp-content\/uploads\/2024\/07\/nexoi-trasparente-2.png\",\"contentUrl\":\"https:\/\/www.nexoinformativo.mx\/wp-content\/uploads\/2024\/07\/nexoi-trasparente-2.png\",\"width\":816,\"height\":339,\"caption\":\"Nexo Informativo Santiago de Quer\u00e9taro\"},\"image\":{\"@id\":\"https:\/\/www.nexoinformativo.mx\/#\/schema\/logo\/image\/\"},\"sameAs\":[\"https:\/\/www.facebook.com\/people\/Nexo-Informativo\/61564066885511\/\"]},{\"@type\":\"Person\",\"@id\":\"https:\/\/www.nexoinformativo.mx\/#\/schema\/person\/7749d380ba08c8ca00d7bc76fd907b7d\",\"name\":\"Nexo Informativo\",\"image\":{\"@type\":\"ImageObject\",\"inLanguage\":\"es\",\"@id\":\"https:\/\/www.nexoinformativo.mx\/#\/schema\/person\/image\/\",\"url\":\"https:\/\/secure.gravatar.com\/avatar\/dde2928154642a13d95f87ddf1ea9718fe2b46760a005c53e41ff5ad610704e6?s=96&d=mm&r=g\",\"contentUrl\":\"https:\/\/secure.gravatar.com\/avatar\/dde2928154642a13d95f87ddf1ea9718fe2b46760a005c53e41ff5ad610704e6?s=96&d=mm&r=g\",\"caption\":\"Nexo Informativo\"},\"url\":\"https:\/\/www.nexoinformativo.mx\/index.php\/author\/edicion\/\"}]}<\/script>\n<!-- \/ Yoast SEO plugin. -->","yoast_head_json":{"title":"Hist\u00f3rico acuerdo en Quer\u00e9taro alcaldes firmaron por el futuro h\u00eddrico del Estado | Nexo Informativo Santiago de Quer\u00e9taro","description":"Hist\u00f3rico acuerdo en Quer\u00e9taro alcaldes firmaron por el futuro h\u00eddrico del Estado","robots":{"index":"index","follow":"follow","max-snippet":"max-snippet:-1","max-image-preview":"max-image-preview:large","max-video-preview":"max-video-preview:-1"},"canonical":"https:\/\/www.nexoinformativo.mx\/index.php\/2025\/06\/17\/historico-acuerdo-en-queretaro-alcaldes-firmaron-por-el-futuro-hidrico-del-estado\/","og_locale":"es_MX","og_type":"article","og_title":"Hist\u00f3rico acuerdo en Quer\u00e9taro alcaldes firmaron por el futuro h\u00eddrico del Estado | Nexo Informativo Santiago de Quer\u00e9taro","og_description":"Hist\u00f3rico acuerdo en Quer\u00e9taro alcaldes firmaron por el futuro h\u00eddrico del Estado","og_url":"https:\/\/www.nexoinformativo.mx\/index.php\/2025\/06\/17\/historico-acuerdo-en-queretaro-alcaldes-firmaron-por-el-futuro-hidrico-del-estado\/","og_site_name":"Nexo Informativo Santiago de Quer\u00e9taro","article_publisher":"https:\/\/www.facebook.com\/people\/Nexo-Informativo\/61564066885511\/","article_published_time":"2025-06-17T23:30:32+00:00","article_modified_time":"2025-06-17T23:46:27+00:00","og_image":[{"width":800,"height":533,"url":"https:\/\/www.nexoinformativo.mx\/wp-content\/uploads\/2025\/06\/PHOTO-2025-06-17-17-11-15-e1750203942885.jpg","type":"image\/jpeg"}],"author":"Nexo Informativo","twitter_card":"summary_large_image","twitter_misc":{"Escrito por":"Nexo Informativo","Tiempo de lectura":"2 minutos"},"schema":{"@context":"https:\/\/schema.org","@graph":[{"@type":"Article","@id":"https:\/\/www.nexoinformativo.mx\/index.php\/2025\/06\/17\/historico-acuerdo-en-queretaro-alcaldes-firmaron-por-el-futuro-hidrico-del-estado\/#article","isPartOf":{"@id":"https:\/\/www.nexoinformativo.mx\/index.php\/2025\/06\/17\/historico-acuerdo-en-queretaro-alcaldes-firmaron-por-el-futuro-hidrico-del-estado\/"},"author":{"name":"Nexo Informativo","@id":"https:\/\/www.nexoinformativo.mx\/#\/schema\/person\/7749d380ba08c8ca00d7bc76fd907b7d"},"headline":"Hist\u00f3rico acuerdo en Quer\u00e9taro alcaldes firmaron por el futuro h\u00eddrico del Estado","datePublished":"2025-06-17T23:30:32+00:00","dateModified":"2025-06-17T23:46:27+00:00","mainEntityOfPage":{"@id":"https:\/\/www.nexoinformativo.mx\/index.php\/2025\/06\/17\/historico-acuerdo-en-queretaro-alcaldes-firmaron-por-el-futuro-hidrico-del-estado\/"},"wordCount":315,"commentCount":0,"publisher":{"@id":"https:\/\/www.nexoinformativo.mx\/#organization"},"image":{"@id":"https:\/\/www.nexoinformativo.mx\/index.php\/2025\/06\/17\/historico-acuerdo-en-queretaro-alcaldes-firmaron-por-el-futuro-hidrico-del-estado\/#primaryimage"},"thumbnailUrl":"https:\/\/www.nexoinformativo.mx\/wp-content\/uploads\/2025\/06\/PHOTO-2025-06-17-17-11-15-e1750203942885.jpg","keywords":["AguaParaTodos","CuidadoDelAgua","ProyectoH\u00eddrico","Quer\u00e9taroUnido"],"articleSection":["Estado","\u00daltima Hora"],"inLanguage":"es","potentialAction":[{"@type":"CommentAction","name":"Comment","target":["https:\/\/www.nexoinformativo.mx\/index.php\/2025\/06\/17\/historico-acuerdo-en-queretaro-alcaldes-firmaron-por-el-futuro-hidrico-del-estado\/#respond"]}]},{"@type":"WebPage","@id":"https:\/\/www.nexoinformativo.mx\/index.php\/2025\/06\/17\/historico-acuerdo-en-queretaro-alcaldes-firmaron-por-el-futuro-hidrico-del-estado\/","url":"https:\/\/www.nexoinformativo.mx\/index.php\/2025\/06\/17\/historico-acuerdo-en-queretaro-alcaldes-firmaron-por-el-futuro-hidrico-del-estado\/","name":"Hist\u00f3rico acuerdo en Quer\u00e9taro alcaldes firmaron por el futuro h\u00eddrico del Estado | Nexo Informativo Santiago de Quer\u00e9taro","isPartOf":{"@id":"https:\/\/www.nexoinformativo.mx\/#website"},"primaryImageOfPage":{"@id":"https:\/\/www.nexoinformativo.mx\/index.php\/2025\/06\/17\/historico-acuerdo-en-queretaro-alcaldes-firmaron-por-el-futuro-hidrico-del-estado\/#primaryimage"},"image":{"@id":"https:\/\/www.nexoinformativo.mx\/index.php\/2025\/06\/17\/historico-acuerdo-en-queretaro-alcaldes-firmaron-por-el-futuro-hidrico-del-estado\/#primaryimage"},"thumbnailUrl":"https:\/\/www.nexoinformativo.mx\/wp-content\/uploads\/2025\/06\/PHOTO-2025-06-17-17-11-15-e1750203942885.jpg","datePublished":"2025-06-17T23:30:32+00:00","dateModified":"2025-06-17T23:46:27+00:00","description":"Hist\u00f3rico acuerdo en Quer\u00e9taro alcaldes firmaron por el futuro h\u00eddrico del Estado","breadcrumb":{"@id":"https:\/\/www.nexoinformativo.mx\/index.php\/2025\/06\/17\/historico-acuerdo-en-queretaro-alcaldes-firmaron-por-el-futuro-hidrico-del-estado\/#breadcrumb"},"inLanguage":"es","potentialAction":[{"@type":"ReadAction","target":["https:\/\/www.nexoinformativo.mx\/index.php\/2025\/06\/17\/historico-acuerdo-en-queretaro-alcaldes-firmaron-por-el-futuro-hidrico-del-estado\/"]}]},{"@type":"ImageObject","inLanguage":"es","@id":"https:\/\/www.nexoinformativo.mx\/index.php\/2025\/06\/17\/historico-acuerdo-en-queretaro-alcaldes-firmaron-por-el-futuro-hidrico-del-estado\/#primaryimage","url":"https:\/\/www.nexoinformativo.mx\/wp-content\/uploads\/2025\/06\/PHOTO-2025-06-17-17-11-15-e1750203942885.jpg","contentUrl":"https:\/\/www.nexoinformativo.mx\/wp-content\/uploads\/2025\/06\/PHOTO-2025-06-17-17-11-15-e1750203942885.jpg","width":800,"height":533},{"@type":"BreadcrumbList","@id":"https:\/\/www.nexoinformativo.mx\/index.php\/2025\/06\/17\/historico-acuerdo-en-queretaro-alcaldes-firmaron-por-el-futuro-hidrico-del-estado\/#breadcrumb","itemListElement":[{"@type":"ListItem","position":1,"name":"Inicio","item":"https:\/\/www.nexoinformativo.mx\/"},{"@type":"ListItem","position":2,"name":"Hist\u00f3rico acuerdo en Quer\u00e9taro alcaldes firmaron por el futuro h\u00eddrico del Estado"}]},{"@type":"WebSite","@id":"https:\/\/www.nexoinformativo.mx\/#website","url":"https:\/\/www.nexoinformativo.mx\/","name":"Nexo Informativo Santiago de Quer\u00e9taro","description":"Explora NexoInformativo y convi\u00e9rtete en parte de una comunidad que valora el conocimiento y la verdad. Tu nexoinformativo es tu puente hacia una comprensi\u00f3n m\u00e1s profunda del mundo que te rodea.","publisher":{"@id":"https:\/\/www.nexoinformativo.mx\/#organization"},"potentialAction":[{"@type":"SearchAction","target":{"@type":"EntryPoint","urlTemplate":"https:\/\/www.nexoinformativo.mx\/?s={search_term_string}"},"query-input":{"@type":"PropertyValueSpecification","valueRequired":true,"valueName":"search_term_string"}}],"inLanguage":"es"},{"@type":"Organization","@id":"https:\/\/www.nexoinformativo.mx\/#organization","name":"Nexo Informativo Santiago de Quer\u00e9taro","url":"https:\/\/www.nexoinformativo.mx\/","logo":{"@type":"ImageObject","inLanguage":"es","@id":"https:\/\/www.nexoinformativo.mx\/#\/schema\/logo\/image\/","url":"https:\/\/www.nexoinformativo.mx\/wp-content\/uploads\/2024\/07\/nexoi-trasparente-2.png","contentUrl":"https:\/\/www.nexoinformativo.mx\/wp-content\/uploads\/2024\/07\/nexoi-trasparente-2.png","width":816,"height":339,"caption":"Nexo Informativo Santiago de Quer\u00e9taro"},"image":{"@id":"https:\/\/www.nexoinformativo.mx\/#\/schema\/logo\/image\/"},"sameAs":["https:\/\/www.facebook.com\/people\/Nexo-Informativo\/61564066885511\/"]},{"@type":"Person","@id":"https:\/\/www.nexoinformativo.mx\/#\/schema\/person\/7749d380ba08c8ca00d7bc76fd907b7d","name":"Nexo Informativo","image":{"@type":"ImageObject","inLanguage":"es","@id":"https:\/\/www.nexoinformativo.mx\/#\/schema\/person\/image\/","url":"https:\/\/secure.gravatar.com\/avatar\/dde2928154642a13d95f87ddf1ea9718fe2b46760a005c53e41ff5ad610704e6?s=96&d=mm&r=g","contentUrl":"https:\/\/secure.gravatar.com\/avatar\/dde2928154642a13d95f87ddf1ea9718fe2b46760a005c53e41ff5ad610704e6?s=96&d=mm&r=g","caption":"Nexo Informativo"},"url":"https:\/\/www.nexoinformativo.mx\/index.php\/author\/edicion\/"}]}},"_links":{"self":[{"href":"https:\/\/www.nexoinformativo.mx\/index.php\/wp-json\/wp\/v2\/posts\/15969","targetHints":{"allow":["GET"]}}],"collection":[{"href":"https:\/\/www.nexoinformativo.mx\/index.php\/wp-json\/wp\/v2\/posts"}],"about":[{"href":"https:\/\/www.nexoinformativo.mx\/index.php\/wp-json\/wp\/v2\/types\/post"}],"author":[{"embeddable":true,"href":"https:\/\/www.nexoinformativo.mx\/index.php\/wp-json\/wp\/v2\/users\/3"}],"replies":[{"embeddable":true,"href":"https:\/\/www.nexoinformativo.mx\/index.php\/wp-json\/wp\/v2\/comments?post=15969"}],"version-history":[{"count":3,"href":"https:\/\/www.nexoinformativo.mx\/index.php\/wp-json\/wp\/v2\/posts\/15969\/revisions"}],"predecessor-version":[{"id":15973,"href":"https:\/\/www.nexoinformativo.mx\/index.php\/wp-json\/wp\/v2\/posts\/15969\/revisions\/15973"}],"wp:featuredmedia":[{"embeddable":true,"href":"https:\/\/www.nexoinformativo.mx\/index.php\/wp-json\/wp\/v2\/media\/15970"}],"wp:attachment":[{"href":"https:\/\/www.nexoinformativo.mx\/index.php\/wp-json\/wp\/v2\/media?parent=15969"}],"wp:term":[{"taxonomy":"category","embeddable":true,"href":"https:\/\/www.nexoinformativo.mx\/index.php\/wp-json\/wp\/v2\/categories?post=15969"},{"taxonomy":"post_tag","embeddable":true,"href":"https:\/\/www.nexoinformativo.mx\/index.php\/wp-json\/wp\/v2\/tags?post=15969"}],"curies":[{"name":"wp","href":"https:\/\/api.w.org\/{rel}","templated":true}]}}