{"id":15981,"date":"2025-06-18T12:00:47","date_gmt":"2025-06-18T18:00:47","guid":{"rendered":"https:\/\/www.nexoinformativo.mx\/?p=15981"},"modified":"2025-06-18T20:04:10","modified_gmt":"2025-06-19T02:04:10","slug":"queretaro-por-una-infancia-sana-cooperativas-escolares-adoptan-nuevos-menus-saludables","status":"publish","type":"post","link":"https:\/\/www.nexoinformativo.mx\/index.php\/2025\/06\/18\/queretaro-por-una-infancia-sana-cooperativas-escolares-adoptan-nuevos-menus-saludables\/","title":{"rendered":"Quer\u00e9taro por una infancia sana cooperativas escolares adoptan nuevos men\u00fas saludables"},"content":{"rendered":"<p style=\"text-align: justify;\" data-sourcepos=\"5:1-5:426\">Las cooperativas escolares de Quer\u00e9taro est\u00e1n transformando su oferta de alimentos para promover una alimentaci\u00f3n m\u00e1s sana entre los estudiantes.<\/p>\n<p>&nbsp;<\/p>\n<p style=\"text-align: justify;\" data-sourcepos=\"5:1-5:426\">Irene Quintana, Coordinadora General de la Unidad de Servicios para la Educaci\u00f3n B\u00e1sica en el Estado de Quer\u00e9taro (USEBEQ), inform\u00f3 que el retiro de productos no saludables avanza positivamente, con gran apoyo de las cooperativas y padres de familia.<\/p>\n<p>&nbsp;<\/p>\n<p style=\"text-align: justify;\" data-sourcepos=\"7:1-7:385\">Esta iniciativa forma parte de una estrategia integral para fomentar estilos de vida saludables en ni\u00f1as, ni\u00f1os y adolescentes, alineada con lo que aprenden en las aulas.<\/p>\n<\/p>\n<p>&nbsp;<\/p>\n<p style=\"text-align: justify;\" data-sourcepos=\"7:1-7:385\">\u201cDesde hace tiempo promovemos h\u00e1bitos saludables como parte de la formaci\u00f3n escolar. Ahora, con los nuevos lineamientos, fortalecemos el trabajo con quienes operan las cooperativas escolares\u201d, explic\u00f3 Quintana.<\/p>\n<p>&nbsp;<\/p>\n<p style=\"text-align: justify;\" data-sourcepos=\"11:1-11:274\">La funcionaria destac\u00f3 que ya se notan los cambios, incluso en fechas especiales. Como ejemplo, mencion\u00f3 que durante el D\u00eda del Ni\u00f1o se observaron opciones como sopas fr\u00edas, bisteces guisados y paletas de pl\u00e1tano con chocolate. \u201cSe est\u00e1n haciendo esfuerzos reales\u201d, coment\u00f3.<\/p>\n<p>&nbsp;<\/p>\n<p style=\"text-align: justify;\" data-sourcepos=\"13:1-13:247\">Quintana asegur\u00f3 que las modificaciones en los men\u00fas son graduales y que se acompa\u00f1a constantemente a quienes manejan las cooperativas. \u201c<\/p>\n<p>&nbsp;<\/p>\n<p style=\"text-align: justify;\" data-sourcepos=\"17:1-17:243\">La USEBEQ comprende que algunas cooperativas a\u00fan ten\u00edan productos antiguos. \u201cUnas cinco o diez cooperativas nos pidieron terminar su stock, y lo comprendimos. Se dialog\u00f3 con respeto, pues para muchos es su fuente de ingresos\u201d, indic\u00f3 Quintana.<\/p>\n<p>&nbsp;<\/p>\n<p style=\"text-align: justify;\" data-sourcepos=\"19:1-19:386\">Finalmente, resalt\u00f3 el compromiso social de las personas que atienden estos espacios, quienes incluso ofrecen alimentos a estudiantes que no llevan comida.<\/p>\n<p>&nbsp;<\/p>\n<p style=\"text-align: justify;\" data-sourcepos=\"19:1-19:386\">\u201cEllos tambi\u00e9n son parte de la comunidad escolar y los estamos invitando a sumarse con cordialidad a este esfuerzo\u201d, concluy\u00f3, buscando que las cooperativas sean aliadas en esta transformaci\u00f3n hacia una comunidad escolar m\u00e1s sana.<\/p>\n<p>&nbsp;<\/p>\n<p style=\"text-align: center;\" data-sourcepos=\"19:1-19:386\"><em><strong>\u00a1Informaci\u00f3n que transforma!<\/strong><\/em><\/p>\n","protected":false},"excerpt":{"rendered":"<p>Las cooperativas escolares de Quer\u00e9taro est\u00e1n transformando su oferta de alimentos para promover una alimentaci\u00f3n m\u00e1s sana entre los estudiantes.<\/p>\n","protected":false},"author":3,"featured_media":15982,"comment_status":"open","ping_status":"open","sticky":false,"template":"","format":"standard","meta":{"footnotes":""},"categories":[42,58],"tags":[4801,2536,4800,254],"class_list":["post-15981","post","type-post","status-publish","format-standard","has-post-thumbnail","hentry","category-estado","category-ultima-hora","tag-alimentacioninfantil","tag-escuelassaludables","tag-queretarosano","tag-usebeq"],"yoast_head":"<!-- This site is optimized with the Yoast SEO plugin v25.0 - https:\/\/yoast.com\/wordpress\/plugins\/seo\/ -->\n<title>Quer\u00e9taro por una infancia sana cooperativas escolares adoptan nuevos men\u00fas saludables | Nexo Informativo Santiago de Quer\u00e9taro<\/title>\n<meta name=\"description\" content=\"Quer\u00e9taro por una infancia sana cooperativas escolares adoptan nuevos men\u00fas saludables\" \/>\n<meta name=\"robots\" content=\"index, follow, max-snippet:-1, max-image-preview:large, max-video-preview:-1\" \/>\n<link rel=\"canonical\" href=\"https:\/\/www.nexoinformativo.mx\/index.php\/2025\/06\/18\/queretaro-por-una-infancia-sana-cooperativas-escolares-adoptan-nuevos-menus-saludables\/\" \/>\n<meta property=\"og:locale\" content=\"es_MX\" \/>\n<meta property=\"og:type\" content=\"article\" \/>\n<meta property=\"og:title\" content=\"Quer\u00e9taro por una infancia sana cooperativas escolares adoptan nuevos men\u00fas saludables | Nexo Informativo Santiago de Quer\u00e9taro\" \/>\n<meta property=\"og:description\" content=\"Quer\u00e9taro por una infancia sana cooperativas escolares adoptan nuevos men\u00fas saludables\" \/>\n<meta property=\"og:url\" content=\"https:\/\/www.nexoinformativo.mx\/index.php\/2025\/06\/18\/queretaro-por-una-infancia-sana-cooperativas-escolares-adoptan-nuevos-menus-saludables\/\" \/>\n<meta property=\"og:site_name\" content=\"Nexo Informativo Santiago de Quer\u00e9taro\" \/>\n<meta property=\"article:publisher\" content=\"https:\/\/www.facebook.com\/people\/Nexo-Informativo\/61564066885511\/\" \/>\n<meta property=\"article:published_time\" content=\"2025-06-18T18:00:47+00:00\" \/>\n<meta property=\"article:modified_time\" content=\"2025-06-19T02:04:10+00:00\" \/>\n<meta property=\"og:image\" content=\"https:\/\/www.nexoinformativo.mx\/wp-content\/uploads\/2025\/06\/PHOTO-2025-06-18-13-27-30-scaled-e1750298567756.jpg\" \/>\n\t<meta property=\"og:image:width\" content=\"800\" \/>\n\t<meta property=\"og:image:height\" content=\"600\" \/>\n\t<meta property=\"og:image:type\" content=\"image\/jpeg\" \/>\n<meta name=\"author\" content=\"Nexo Informativo\" \/>\n<meta name=\"twitter:card\" content=\"summary_large_image\" \/>\n<meta name=\"twitter:label1\" content=\"Escrito por\" \/>\n\t<meta name=\"twitter:data1\" content=\"Nexo Informativo\" \/>\n\t<meta name=\"twitter:label2\" content=\"Tiempo de lectura\" \/>\n\t<meta name=\"twitter:data2\" content=\"2 minutos\" \/>\n<script type=\"application\/ld+json\" class=\"yoast-schema-graph\">{\"@context\":\"https:\/\/schema.org\",\"@graph\":[{\"@type\":\"Article\",\"@id\":\"https:\/\/www.nexoinformativo.mx\/index.php\/2025\/06\/18\/queretaro-por-una-infancia-sana-cooperativas-escolares-adoptan-nuevos-menus-saludables\/#article\",\"isPartOf\":{\"@id\":\"https:\/\/www.nexoinformativo.mx\/index.php\/2025\/06\/18\/queretaro-por-una-infancia-sana-cooperativas-escolares-adoptan-nuevos-menus-saludables\/\"},\"author\":{\"name\":\"Nexo Informativo\",\"@id\":\"https:\/\/www.nexoinformativo.mx\/#\/schema\/person\/7749d380ba08c8ca00d7bc76fd907b7d\"},\"headline\":\"Quer\u00e9taro por una infancia sana cooperativas escolares adoptan nuevos men\u00fas saludables\",\"datePublished\":\"2025-06-18T18:00:47+00:00\",\"dateModified\":\"2025-06-19T02:04:10+00:00\",\"mainEntityOfPage\":{\"@id\":\"https:\/\/www.nexoinformativo.mx\/index.php\/2025\/06\/18\/queretaro-por-una-infancia-sana-cooperativas-escolares-adoptan-nuevos-menus-saludables\/\"},\"wordCount\":319,\"commentCount\":0,\"publisher\":{\"@id\":\"https:\/\/www.nexoinformativo.mx\/#organization\"},\"image\":{\"@id\":\"https:\/\/www.nexoinformativo.mx\/index.php\/2025\/06\/18\/queretaro-por-una-infancia-sana-cooperativas-escolares-adoptan-nuevos-menus-saludables\/#primaryimage\"},\"thumbnailUrl\":\"https:\/\/www.nexoinformativo.mx\/wp-content\/uploads\/2025\/06\/PHOTO-2025-06-18-13-27-30-scaled-e1750298567756.jpg\",\"keywords\":[\"Alimentaci\u00f3nInfantil\",\"EscuelasSaludables\",\"Quer\u00e9taroSano\",\"USEBEQ\"],\"articleSection\":[\"Estado\",\"\u00daltima Hora\"],\"inLanguage\":\"es\",\"potentialAction\":[{\"@type\":\"CommentAction\",\"name\":\"Comment\",\"target\":[\"https:\/\/www.nexoinformativo.mx\/index.php\/2025\/06\/18\/queretaro-por-una-infancia-sana-cooperativas-escolares-adoptan-nuevos-menus-saludables\/#respond\"]}]},{\"@type\":\"WebPage\",\"@id\":\"https:\/\/www.nexoinformativo.mx\/index.php\/2025\/06\/18\/queretaro-por-una-infancia-sana-cooperativas-escolares-adoptan-nuevos-menus-saludables\/\",\"url\":\"https:\/\/www.nexoinformativo.mx\/index.php\/2025\/06\/18\/queretaro-por-una-infancia-sana-cooperativas-escolares-adoptan-nuevos-menus-saludables\/\",\"name\":\"Quer\u00e9taro por una infancia sana cooperativas escolares adoptan nuevos men\u00fas saludables | Nexo Informativo Santiago de Quer\u00e9taro\",\"isPartOf\":{\"@id\":\"https:\/\/www.nexoinformativo.mx\/#website\"},\"primaryImageOfPage\":{\"@id\":\"https:\/\/www.nexoinformativo.mx\/index.php\/2025\/06\/18\/queretaro-por-una-infancia-sana-cooperativas-escolares-adoptan-nuevos-menus-saludables\/#primaryimage\"},\"image\":{\"@id\":\"https:\/\/www.nexoinformativo.mx\/index.php\/2025\/06\/18\/queretaro-por-una-infancia-sana-cooperativas-escolares-adoptan-nuevos-menus-saludables\/#primaryimage\"},\"thumbnailUrl\":\"https:\/\/www.nexoinformativo.mx\/wp-content\/uploads\/2025\/06\/PHOTO-2025-06-18-13-27-30-scaled-e1750298567756.jpg\",\"datePublished\":\"2025-06-18T18:00:47+00:00\",\"dateModified\":\"2025-06-19T02:04:10+00:00\",\"description\":\"Quer\u00e9taro por una infancia sana cooperativas escolares adoptan nuevos men\u00fas saludables\",\"breadcrumb\":{\"@id\":\"https:\/\/www.nexoinformativo.mx\/index.php\/2025\/06\/18\/queretaro-por-una-infancia-sana-cooperativas-escolares-adoptan-nuevos-menus-saludables\/#breadcrumb\"},\"inLanguage\":\"es\",\"potentialAction\":[{\"@type\":\"ReadAction\",\"target\":[\"https:\/\/www.nexoinformativo.mx\/index.php\/2025\/06\/18\/queretaro-por-una-infancia-sana-cooperativas-escolares-adoptan-nuevos-menus-saludables\/\"]}]},{\"@type\":\"ImageObject\",\"inLanguage\":\"es\",\"@id\":\"https:\/\/www.nexoinformativo.mx\/index.php\/2025\/06\/18\/queretaro-por-una-infancia-sana-cooperativas-escolares-adoptan-nuevos-menus-saludables\/#primaryimage\",\"url\":\"https:\/\/www.nexoinformativo.mx\/wp-content\/uploads\/2025\/06\/PHOTO-2025-06-18-13-27-30-scaled-e1750298567756.jpg\",\"contentUrl\":\"https:\/\/www.nexoinformativo.mx\/wp-content\/uploads\/2025\/06\/PHOTO-2025-06-18-13-27-30-scaled-e1750298567756.jpg\",\"width\":800,\"height\":600},{\"@type\":\"BreadcrumbList\",\"@id\":\"https:\/\/www.nexoinformativo.mx\/index.php\/2025\/06\/18\/queretaro-por-una-infancia-sana-cooperativas-escolares-adoptan-nuevos-menus-saludables\/#breadcrumb\",\"itemListElement\":[{\"@type\":\"ListItem\",\"position\":1,\"name\":\"Inicio\",\"item\":\"https:\/\/www.nexoinformativo.mx\/\"},{\"@type\":\"ListItem\",\"position\":2,\"name\":\"Quer\u00e9taro por una infancia sana cooperativas escolares adoptan nuevos men\u00fas saludables\"}]},{\"@type\":\"WebSite\",\"@id\":\"https:\/\/www.nexoinformativo.mx\/#website\",\"url\":\"https:\/\/www.nexoinformativo.mx\/\",\"name\":\"Nexo Informativo Santiago de Quer\u00e9taro\",\"description\":\"Explora NexoInformativo y convi\u00e9rtete en parte de una comunidad que valora el conocimiento y la verdad. Tu nexoinformativo es tu puente hacia una comprensi\u00f3n m\u00e1s profunda del mundo que te rodea.\",\"publisher\":{\"@id\":\"https:\/\/www.nexoinformativo.mx\/#organization\"},\"potentialAction\":[{\"@type\":\"SearchAction\",\"target\":{\"@type\":\"EntryPoint\",\"urlTemplate\":\"https:\/\/www.nexoinformativo.mx\/?s={search_term_string}\"},\"query-input\":{\"@type\":\"PropertyValueSpecification\",\"valueRequired\":true,\"valueName\":\"search_term_string\"}}],\"inLanguage\":\"es\"},{\"@type\":\"Organization\",\"@id\":\"https:\/\/www.nexoinformativo.mx\/#organization\",\"name\":\"Nexo Informativo Santiago de Quer\u00e9taro\",\"url\":\"https:\/\/www.nexoinformativo.mx\/\",\"logo\":{\"@type\":\"ImageObject\",\"inLanguage\":\"es\",\"@id\":\"https:\/\/www.nexoinformativo.mx\/#\/schema\/logo\/image\/\",\"url\":\"https:\/\/www.nexoinformativo.mx\/wp-content\/uploads\/2024\/07\/nexoi-trasparente-2.png\",\"contentUrl\":\"https:\/\/www.nexoinformativo.mx\/wp-content\/uploads\/2024\/07\/nexoi-trasparente-2.png\",\"width\":816,\"height\":339,\"caption\":\"Nexo Informativo Santiago de Quer\u00e9taro\"},\"image\":{\"@id\":\"https:\/\/www.nexoinformativo.mx\/#\/schema\/logo\/image\/\"},\"sameAs\":[\"https:\/\/www.facebook.com\/people\/Nexo-Informativo\/61564066885511\/\"]},{\"@type\":\"Person\",\"@id\":\"https:\/\/www.nexoinformativo.mx\/#\/schema\/person\/7749d380ba08c8ca00d7bc76fd907b7d\",\"name\":\"Nexo Informativo\",\"image\":{\"@type\":\"ImageObject\",\"inLanguage\":\"es\",\"@id\":\"https:\/\/www.nexoinformativo.mx\/#\/schema\/person\/image\/\",\"url\":\"https:\/\/secure.gravatar.com\/avatar\/dde2928154642a13d95f87ddf1ea9718fe2b46760a005c53e41ff5ad610704e6?s=96&d=mm&r=g\",\"contentUrl\":\"https:\/\/secure.gravatar.com\/avatar\/dde2928154642a13d95f87ddf1ea9718fe2b46760a005c53e41ff5ad610704e6?s=96&d=mm&r=g\",\"caption\":\"Nexo Informativo\"},\"url\":\"https:\/\/www.nexoinformativo.mx\/index.php\/author\/edicion\/\"}]}<\/script>\n<!-- \/ Yoast SEO plugin. -->","yoast_head_json":{"title":"Quer\u00e9taro por una infancia sana cooperativas escolares adoptan nuevos men\u00fas saludables | Nexo Informativo Santiago de Quer\u00e9taro","description":"Quer\u00e9taro por una infancia sana cooperativas escolares adoptan nuevos men\u00fas saludables","robots":{"index":"index","follow":"follow","max-snippet":"max-snippet:-1","max-image-preview":"max-image-preview:large","max-video-preview":"max-video-preview:-1"},"canonical":"https:\/\/www.nexoinformativo.mx\/index.php\/2025\/06\/18\/queretaro-por-una-infancia-sana-cooperativas-escolares-adoptan-nuevos-menus-saludables\/","og_locale":"es_MX","og_type":"article","og_title":"Quer\u00e9taro por una infancia sana cooperativas escolares adoptan nuevos men\u00fas saludables | Nexo Informativo Santiago de Quer\u00e9taro","og_description":"Quer\u00e9taro por una infancia sana cooperativas escolares adoptan nuevos men\u00fas saludables","og_url":"https:\/\/www.nexoinformativo.mx\/index.php\/2025\/06\/18\/queretaro-por-una-infancia-sana-cooperativas-escolares-adoptan-nuevos-menus-saludables\/","og_site_name":"Nexo Informativo Santiago de Quer\u00e9taro","article_publisher":"https:\/\/www.facebook.com\/people\/Nexo-Informativo\/61564066885511\/","article_published_time":"2025-06-18T18:00:47+00:00","article_modified_time":"2025-06-19T02:04:10+00:00","og_image":[{"width":800,"height":600,"url":"https:\/\/www.nexoinformativo.mx\/wp-content\/uploads\/2025\/06\/PHOTO-2025-06-18-13-27-30-scaled-e1750298567756.jpg","type":"image\/jpeg"}],"author":"Nexo Informativo","twitter_card":"summary_large_image","twitter_misc":{"Escrito por":"Nexo Informativo","Tiempo de lectura":"2 minutos"},"schema":{"@context":"https:\/\/schema.org","@graph":[{"@type":"Article","@id":"https:\/\/www.nexoinformativo.mx\/index.php\/2025\/06\/18\/queretaro-por-una-infancia-sana-cooperativas-escolares-adoptan-nuevos-menus-saludables\/#article","isPartOf":{"@id":"https:\/\/www.nexoinformativo.mx\/index.php\/2025\/06\/18\/queretaro-por-una-infancia-sana-cooperativas-escolares-adoptan-nuevos-menus-saludables\/"},"author":{"name":"Nexo Informativo","@id":"https:\/\/www.nexoinformativo.mx\/#\/schema\/person\/7749d380ba08c8ca00d7bc76fd907b7d"},"headline":"Quer\u00e9taro por una infancia sana cooperativas escolares adoptan nuevos men\u00fas saludables","datePublished":"2025-06-18T18:00:47+00:00","dateModified":"2025-06-19T02:04:10+00:00","mainEntityOfPage":{"@id":"https:\/\/www.nexoinformativo.mx\/index.php\/2025\/06\/18\/queretaro-por-una-infancia-sana-cooperativas-escolares-adoptan-nuevos-menus-saludables\/"},"wordCount":319,"commentCount":0,"publisher":{"@id":"https:\/\/www.nexoinformativo.mx\/#organization"},"image":{"@id":"https:\/\/www.nexoinformativo.mx\/index.php\/2025\/06\/18\/queretaro-por-una-infancia-sana-cooperativas-escolares-adoptan-nuevos-menus-saludables\/#primaryimage"},"thumbnailUrl":"https:\/\/www.nexoinformativo.mx\/wp-content\/uploads\/2025\/06\/PHOTO-2025-06-18-13-27-30-scaled-e1750298567756.jpg","keywords":["Alimentaci\u00f3nInfantil","EscuelasSaludables","Quer\u00e9taroSano","USEBEQ"],"articleSection":["Estado","\u00daltima Hora"],"inLanguage":"es","potentialAction":[{"@type":"CommentAction","name":"Comment","target":["https:\/\/www.nexoinformativo.mx\/index.php\/2025\/06\/18\/queretaro-por-una-infancia-sana-cooperativas-escolares-adoptan-nuevos-menus-saludables\/#respond"]}]},{"@type":"WebPage","@id":"https:\/\/www.nexoinformativo.mx\/index.php\/2025\/06\/18\/queretaro-por-una-infancia-sana-cooperativas-escolares-adoptan-nuevos-menus-saludables\/","url":"https:\/\/www.nexoinformativo.mx\/index.php\/2025\/06\/18\/queretaro-por-una-infancia-sana-cooperativas-escolares-adoptan-nuevos-menus-saludables\/","name":"Quer\u00e9taro por una infancia sana cooperativas escolares adoptan nuevos men\u00fas saludables | Nexo Informativo Santiago de Quer\u00e9taro","isPartOf":{"@id":"https:\/\/www.nexoinformativo.mx\/#website"},"primaryImageOfPage":{"@id":"https:\/\/www.nexoinformativo.mx\/index.php\/2025\/06\/18\/queretaro-por-una-infancia-sana-cooperativas-escolares-adoptan-nuevos-menus-saludables\/#primaryimage"},"image":{"@id":"https:\/\/www.nexoinformativo.mx\/index.php\/2025\/06\/18\/queretaro-por-una-infancia-sana-cooperativas-escolares-adoptan-nuevos-menus-saludables\/#primaryimage"},"thumbnailUrl":"https:\/\/www.nexoinformativo.mx\/wp-content\/uploads\/2025\/06\/PHOTO-2025-06-18-13-27-30-scaled-e1750298567756.jpg","datePublished":"2025-06-18T18:00:47+00:00","dateModified":"2025-06-19T02:04:10+00:00","description":"Quer\u00e9taro por una infancia sana cooperativas escolares adoptan nuevos men\u00fas saludables","breadcrumb":{"@id":"https:\/\/www.nexoinformativo.mx\/index.php\/2025\/06\/18\/queretaro-por-una-infancia-sana-cooperativas-escolares-adoptan-nuevos-menus-saludables\/#breadcrumb"},"inLanguage":"es","potentialAction":[{"@type":"ReadAction","target":["https:\/\/www.nexoinformativo.mx\/index.php\/2025\/06\/18\/queretaro-por-una-infancia-sana-cooperativas-escolares-adoptan-nuevos-menus-saludables\/"]}]},{"@type":"ImageObject","inLanguage":"es","@id":"https:\/\/www.nexoinformativo.mx\/index.php\/2025\/06\/18\/queretaro-por-una-infancia-sana-cooperativas-escolares-adoptan-nuevos-menus-saludables\/#primaryimage","url":"https:\/\/www.nexoinformativo.mx\/wp-content\/uploads\/2025\/06\/PHOTO-2025-06-18-13-27-30-scaled-e1750298567756.jpg","contentUrl":"https:\/\/www.nexoinformativo.mx\/wp-content\/uploads\/2025\/06\/PHOTO-2025-06-18-13-27-30-scaled-e1750298567756.jpg","width":800,"height":600},{"@type":"BreadcrumbList","@id":"https:\/\/www.nexoinformativo.mx\/index.php\/2025\/06\/18\/queretaro-por-una-infancia-sana-cooperativas-escolares-adoptan-nuevos-menus-saludables\/#breadcrumb","itemListElement":[{"@type":"ListItem","position":1,"name":"Inicio","item":"https:\/\/www.nexoinformativo.mx\/"},{"@type":"ListItem","position":2,"name":"Quer\u00e9taro por una infancia sana cooperativas escolares adoptan nuevos men\u00fas saludables"}]},{"@type":"WebSite","@id":"https:\/\/www.nexoinformativo.mx\/#website","url":"https:\/\/www.nexoinformativo.mx\/","name":"Nexo Informativo Santiago de Quer\u00e9taro","description":"Explora NexoInformativo y convi\u00e9rtete en parte de una comunidad que valora el conocimiento y la verdad. Tu nexoinformativo es tu puente hacia una comprensi\u00f3n m\u00e1s profunda del mundo que te rodea.","publisher":{"@id":"https:\/\/www.nexoinformativo.mx\/#organization"},"potentialAction":[{"@type":"SearchAction","target":{"@type":"EntryPoint","urlTemplate":"https:\/\/www.nexoinformativo.mx\/?s={search_term_string}"},"query-input":{"@type":"PropertyValueSpecification","valueRequired":true,"valueName":"search_term_string"}}],"inLanguage":"es"},{"@type":"Organization","@id":"https:\/\/www.nexoinformativo.mx\/#organization","name":"Nexo Informativo Santiago de Quer\u00e9taro","url":"https:\/\/www.nexoinformativo.mx\/","logo":{"@type":"ImageObject","inLanguage":"es","@id":"https:\/\/www.nexoinformativo.mx\/#\/schema\/logo\/image\/","url":"https:\/\/www.nexoinformativo.mx\/wp-content\/uploads\/2024\/07\/nexoi-trasparente-2.png","contentUrl":"https:\/\/www.nexoinformativo.mx\/wp-content\/uploads\/2024\/07\/nexoi-trasparente-2.png","width":816,"height":339,"caption":"Nexo Informativo Santiago de Quer\u00e9taro"},"image":{"@id":"https:\/\/www.nexoinformativo.mx\/#\/schema\/logo\/image\/"},"sameAs":["https:\/\/www.facebook.com\/people\/Nexo-Informativo\/61564066885511\/"]},{"@type":"Person","@id":"https:\/\/www.nexoinformativo.mx\/#\/schema\/person\/7749d380ba08c8ca00d7bc76fd907b7d","name":"Nexo Informativo","image":{"@type":"ImageObject","inLanguage":"es","@id":"https:\/\/www.nexoinformativo.mx\/#\/schema\/person\/image\/","url":"https:\/\/secure.gravatar.com\/avatar\/dde2928154642a13d95f87ddf1ea9718fe2b46760a005c53e41ff5ad610704e6?s=96&d=mm&r=g","contentUrl":"https:\/\/secure.gravatar.com\/avatar\/dde2928154642a13d95f87ddf1ea9718fe2b46760a005c53e41ff5ad610704e6?s=96&d=mm&r=g","caption":"Nexo Informativo"},"url":"https:\/\/www.nexoinformativo.mx\/index.php\/author\/edicion\/"}]}},"_links":{"self":[{"href":"https:\/\/www.nexoinformativo.mx\/index.php\/wp-json\/wp\/v2\/posts\/15981","targetHints":{"allow":["GET"]}}],"collection":[{"href":"https:\/\/www.nexoinformativo.mx\/index.php\/wp-json\/wp\/v2\/posts"}],"about":[{"href":"https:\/\/www.nexoinformativo.mx\/index.php\/wp-json\/wp\/v2\/types\/post"}],"author":[{"embeddable":true,"href":"https:\/\/www.nexoinformativo.mx\/index.php\/wp-json\/wp\/v2\/users\/3"}],"replies":[{"embeddable":true,"href":"https:\/\/www.nexoinformativo.mx\/index.php\/wp-json\/wp\/v2\/comments?post=15981"}],"version-history":[{"count":5,"href":"https:\/\/www.nexoinformativo.mx\/index.php\/wp-json\/wp\/v2\/posts\/15981\/revisions"}],"predecessor-version":[{"id":15986,"href":"https:\/\/www.nexoinformativo.mx\/index.php\/wp-json\/wp\/v2\/posts\/15981\/revisions\/15986"}],"wp:featuredmedia":[{"embeddable":true,"href":"https:\/\/www.nexoinformativo.mx\/index.php\/wp-json\/wp\/v2\/media\/15982"}],"wp:attachment":[{"href":"https:\/\/www.nexoinformativo.mx\/index.php\/wp-json\/wp\/v2\/media?parent=15981"}],"wp:term":[{"taxonomy":"category","embeddable":true,"href":"https:\/\/www.nexoinformativo.mx\/index.php\/wp-json\/wp\/v2\/categories?post=15981"},{"taxonomy":"post_tag","embeddable":true,"href":"https:\/\/www.nexoinformativo.mx\/index.php\/wp-json\/wp\/v2\/tags?post=15981"}],"curies":[{"name":"wp","href":"https:\/\/api.w.org\/{rel}","templated":true}]}}