{"id":15988,"date":"2025-06-18T13:00:21","date_gmt":"2025-06-18T19:00:21","guid":{"rendered":"https:\/\/www.nexoinformativo.mx\/?p=15988"},"modified":"2025-06-18T20:11:57","modified_gmt":"2025-06-19T02:11:57","slug":"campo-queretano-florece-sequia-queda-atras-con-la-llegada-de-las-abundantes-lluvias","status":"publish","type":"post","link":"https:\/\/www.nexoinformativo.mx\/index.php\/2025\/06\/18\/campo-queretano-florece-sequia-queda-atras-con-la-llegada-de-las-abundantes-lluvias\/","title":{"rendered":"Campo queretano florece sequ\u00eda queda atr\u00e1s con la llegada de las abundantes lluvias"},"content":{"rendered":"<p style=\"text-align: justify;\" data-sourcepos=\"5:1-5:363\">La llegada anticipada y generalizada de las lluvias en todo el estado ha puesto al campo queretano en condiciones \u00f3ptimas para arrancar el ciclo agr\u00edcola primavera-verano, especialmente en los terrenos de temporal. As\u00ed lo anunci\u00f3 Rosendo Anaya, Secretario de Desarrollo Agropecuario.<\/p>\n<p>&nbsp;<\/p>\n<p style=\"text-align: justify;\" data-sourcepos=\"7:1-7:278\">\u201cEstas lluvias que ya tienen varias semanas nos llegan en muy buen momento. Para los productores temporaleros, que dependen directamente del agua de lluvia, es una gran noticia. Pr\u00e1cticamente ya arrancaron la siembra del ciclo\u201d, afirm\u00f3 el funcionario, entusiasmado.<\/p>\n<p>&nbsp;<\/p>\n<p style=\"text-align: justify;\" data-sourcepos=\"11:1-11:318\">Se estima que este a\u00f1o, m\u00e1s de 100 mil hect\u00e1reas de temporal comenzar\u00e1n a ser sembradas, principalmente con ma\u00edz, el cultivo m\u00e1s com\u00fan en la regi\u00f3n.<\/p>\n<p>&nbsp;<\/p>\n<p style=\"text-align: justify;\" data-sourcepos=\"11:1-11:318\">Adem\u00e1s, las 60 mil hect\u00e1reas que operan bajo riego tambi\u00e9n se ver\u00e1n beneficiadas, ya que las lluvias les permitir\u00e1n reducir el uso de agua de pozos y presas.<\/p>\n<p>&nbsp;<\/p>\n<p style=\"text-align: justify;\" data-sourcepos=\"13:1-13:343\">El secretario Anaya destac\u00f3 que estas condiciones favorables permitir\u00e1n superar la superficie sembrada de a\u00f1os anteriores. Esto es una gran recuperaci\u00f3n, considerando que la sequ\u00eda redujo la actividad agr\u00edcola hasta en un 40% entre 2022 y 2024.<\/p>\n<p>&nbsp;<\/p>\n<p style=\"text-align: justify;\" data-sourcepos=\"17:1-17:245\">En cuanto a la disponibilidad de agua, Rosendo Anaya inform\u00f3 que las 26 presas monitoreadas en el estado registran un promedio del 40% de su capacidad, con al menos seis de ellas pr\u00e1cticamente llenas, incluyendo La del Carmen y la de Jalpan.<\/p>\n<p>&nbsp;<\/p>\n<p style=\"text-align: justify;\" data-sourcepos=\"23:1-23:350\">Respecto a posibles afectaciones por lluvias intensas, el secretario mencion\u00f3 que el estado cuenta con un fondo de contingencias de 60 millones de pesos.<\/p>\n<p>&nbsp;<\/p>\n<p style=\"text-align: justify;\" data-sourcepos=\"23:1-23:350\">Este fondo, previamente autorizado por el gobernador, est\u00e1 distribuido entre dependencias como la Comisi\u00f3n Estatal de Aguas, Protecci\u00f3n Civil y la propia Secretar\u00eda de Desarrollo Agropecuario.<\/p>\n<p>&nbsp;<\/p>\n<p style=\"text-align: justify;\" data-sourcepos=\"25:1-25:337\">\u201cEste fondo contempla tanto atenci\u00f3n por sequ\u00edas como afectaciones por exceso de agua. Aunque generalmente las lluvias benefician al campo, estamos preparados en caso de que surjan contingencias\u201d, puntualiz\u00f3. Anaya agreg\u00f3 que parte de estos recursos ya se utilizaron para mitigar los efectos de la sequ\u00eda y combatir incendios forestales.<\/p>\n<p>&nbsp;<\/p>\n<p style=\"text-align: center;\" data-sourcepos=\"25:1-25:337\"><em><strong>\u00a1Informaci\u00f3n que transforma!<\/strong><\/em><\/p>\n","protected":false},"excerpt":{"rendered":"<p>La llegada anticipada y generalizada de las lluvias en todo el estado ha puesto al campo queretano en condiciones \u00f3ptimas para arrancar el ciclo agr\u00edcola primavera-verano, especialmente en los terrenos de temporal. As\u00ed lo anunci\u00f3 Rosendo Anaya, Secretario de Desarrollo Agropecuario.<\/p>\n","protected":false},"author":3,"featured_media":15989,"comment_status":"open","ping_status":"open","sticky":false,"template":"","format":"standard","meta":{"footnotes":""},"categories":[65,58],"tags":[4803,820,4802,4804],"class_list":["post-15988","post","type-post","status-publish","format-standard","has-post-thumbnail","hentry","category-municipios","category-ultima-hora","tag-agriculturaqro","tag-campoqueretano","tag-lluviasbeneficiosas","tag-siembra2024"],"yoast_head":"<!-- This site is optimized with the Yoast SEO plugin v25.0 - https:\/\/yoast.com\/wordpress\/plugins\/seo\/ -->\n<title>Campo queretano florece sequ\u00eda queda atr\u00e1s con la llegada de las abundantes lluvias | Nexo Informativo Santiago de Quer\u00e9taro<\/title>\n<meta name=\"description\" content=\"Campo Queretano florece sequ\u00eda queda atr\u00e1s con la llegada de las abundantes lluvias\" \/>\n<meta name=\"robots\" content=\"index, follow, max-snippet:-1, max-image-preview:large, max-video-preview:-1\" \/>\n<link rel=\"canonical\" href=\"https:\/\/www.nexoinformativo.mx\/index.php\/2025\/06\/18\/campo-queretano-florece-sequia-queda-atras-con-la-llegada-de-las-abundantes-lluvias\/\" \/>\n<meta property=\"og:locale\" content=\"es_MX\" \/>\n<meta property=\"og:type\" content=\"article\" \/>\n<meta property=\"og:title\" content=\"Campo queretano florece sequ\u00eda queda atr\u00e1s con la llegada de las abundantes lluvias | Nexo Informativo Santiago de Quer\u00e9taro\" \/>\n<meta property=\"og:description\" content=\"Campo Queretano florece sequ\u00eda queda atr\u00e1s con la llegada de las abundantes lluvias\" \/>\n<meta property=\"og:url\" content=\"https:\/\/www.nexoinformativo.mx\/index.php\/2025\/06\/18\/campo-queretano-florece-sequia-queda-atras-con-la-llegada-de-las-abundantes-lluvias\/\" \/>\n<meta property=\"og:site_name\" content=\"Nexo Informativo Santiago de Quer\u00e9taro\" \/>\n<meta property=\"article:publisher\" content=\"https:\/\/www.facebook.com\/people\/Nexo-Informativo\/61564066885511\/\" \/>\n<meta property=\"article:published_time\" content=\"2025-06-18T19:00:21+00:00\" \/>\n<meta property=\"article:modified_time\" content=\"2025-06-19T02:11:57+00:00\" \/>\n<meta property=\"og:image\" content=\"https:\/\/www.nexoinformativo.mx\/wp-content\/uploads\/2025\/06\/6c66fc8a-7837-4379-8020-506c0d3508a2-scaled-e1750298940117.jpg\" \/>\n\t<meta property=\"og:image:width\" content=\"800\" \/>\n\t<meta property=\"og:image:height\" content=\"600\" \/>\n\t<meta property=\"og:image:type\" content=\"image\/jpeg\" \/>\n<meta name=\"author\" content=\"Nexo Informativo\" \/>\n<meta name=\"twitter:card\" content=\"summary_large_image\" \/>\n<meta name=\"twitter:label1\" content=\"Escrito por\" \/>\n\t<meta name=\"twitter:data1\" content=\"Nexo Informativo\" \/>\n\t<meta name=\"twitter:label2\" content=\"Tiempo de lectura\" \/>\n\t<meta name=\"twitter:data2\" content=\"2 minutos\" \/>\n<script type=\"application\/ld+json\" class=\"yoast-schema-graph\">{\"@context\":\"https:\/\/schema.org\",\"@graph\":[{\"@type\":\"Article\",\"@id\":\"https:\/\/www.nexoinformativo.mx\/index.php\/2025\/06\/18\/campo-queretano-florece-sequia-queda-atras-con-la-llegada-de-las-abundantes-lluvias\/#article\",\"isPartOf\":{\"@id\":\"https:\/\/www.nexoinformativo.mx\/index.php\/2025\/06\/18\/campo-queretano-florece-sequia-queda-atras-con-la-llegada-de-las-abundantes-lluvias\/\"},\"author\":{\"name\":\"Nexo Informativo\",\"@id\":\"https:\/\/www.nexoinformativo.mx\/#\/schema\/person\/7749d380ba08c8ca00d7bc76fd907b7d\"},\"headline\":\"Campo queretano florece sequ\u00eda queda atr\u00e1s con la llegada de las abundantes lluvias\",\"datePublished\":\"2025-06-18T19:00:21+00:00\",\"dateModified\":\"2025-06-19T02:11:57+00:00\",\"mainEntityOfPage\":{\"@id\":\"https:\/\/www.nexoinformativo.mx\/index.php\/2025\/06\/18\/campo-queretano-florece-sequia-queda-atras-con-la-llegada-de-las-abundantes-lluvias\/\"},\"wordCount\":360,\"commentCount\":0,\"publisher\":{\"@id\":\"https:\/\/www.nexoinformativo.mx\/#organization\"},\"image\":{\"@id\":\"https:\/\/www.nexoinformativo.mx\/index.php\/2025\/06\/18\/campo-queretano-florece-sequia-queda-atras-con-la-llegada-de-las-abundantes-lluvias\/#primaryimage\"},\"thumbnailUrl\":\"https:\/\/www.nexoinformativo.mx\/wp-content\/uploads\/2025\/06\/6c66fc8a-7837-4379-8020-506c0d3508a2-scaled-e1750298940117.jpg\",\"keywords\":[\"AgriculturaQRO\",\"CampoQueretano\",\"LluviasBeneficiosas\",\"Siembra2024\"],\"articleSection\":[\"Municipios\",\"\u00daltima Hora\"],\"inLanguage\":\"es\",\"potentialAction\":[{\"@type\":\"CommentAction\",\"name\":\"Comment\",\"target\":[\"https:\/\/www.nexoinformativo.mx\/index.php\/2025\/06\/18\/campo-queretano-florece-sequia-queda-atras-con-la-llegada-de-las-abundantes-lluvias\/#respond\"]}]},{\"@type\":\"WebPage\",\"@id\":\"https:\/\/www.nexoinformativo.mx\/index.php\/2025\/06\/18\/campo-queretano-florece-sequia-queda-atras-con-la-llegada-de-las-abundantes-lluvias\/\",\"url\":\"https:\/\/www.nexoinformativo.mx\/index.php\/2025\/06\/18\/campo-queretano-florece-sequia-queda-atras-con-la-llegada-de-las-abundantes-lluvias\/\",\"name\":\"Campo queretano florece sequ\u00eda queda atr\u00e1s con la llegada de las abundantes lluvias | Nexo Informativo Santiago de Quer\u00e9taro\",\"isPartOf\":{\"@id\":\"https:\/\/www.nexoinformativo.mx\/#website\"},\"primaryImageOfPage\":{\"@id\":\"https:\/\/www.nexoinformativo.mx\/index.php\/2025\/06\/18\/campo-queretano-florece-sequia-queda-atras-con-la-llegada-de-las-abundantes-lluvias\/#primaryimage\"},\"image\":{\"@id\":\"https:\/\/www.nexoinformativo.mx\/index.php\/2025\/06\/18\/campo-queretano-florece-sequia-queda-atras-con-la-llegada-de-las-abundantes-lluvias\/#primaryimage\"},\"thumbnailUrl\":\"https:\/\/www.nexoinformativo.mx\/wp-content\/uploads\/2025\/06\/6c66fc8a-7837-4379-8020-506c0d3508a2-scaled-e1750298940117.jpg\",\"datePublished\":\"2025-06-18T19:00:21+00:00\",\"dateModified\":\"2025-06-19T02:11:57+00:00\",\"description\":\"Campo Queretano florece sequ\u00eda queda atr\u00e1s con la llegada de las abundantes lluvias\",\"breadcrumb\":{\"@id\":\"https:\/\/www.nexoinformativo.mx\/index.php\/2025\/06\/18\/campo-queretano-florece-sequia-queda-atras-con-la-llegada-de-las-abundantes-lluvias\/#breadcrumb\"},\"inLanguage\":\"es\",\"potentialAction\":[{\"@type\":\"ReadAction\",\"target\":[\"https:\/\/www.nexoinformativo.mx\/index.php\/2025\/06\/18\/campo-queretano-florece-sequia-queda-atras-con-la-llegada-de-las-abundantes-lluvias\/\"]}]},{\"@type\":\"ImageObject\",\"inLanguage\":\"es\",\"@id\":\"https:\/\/www.nexoinformativo.mx\/index.php\/2025\/06\/18\/campo-queretano-florece-sequia-queda-atras-con-la-llegada-de-las-abundantes-lluvias\/#primaryimage\",\"url\":\"https:\/\/www.nexoinformativo.mx\/wp-content\/uploads\/2025\/06\/6c66fc8a-7837-4379-8020-506c0d3508a2-scaled-e1750298940117.jpg\",\"contentUrl\":\"https:\/\/www.nexoinformativo.mx\/wp-content\/uploads\/2025\/06\/6c66fc8a-7837-4379-8020-506c0d3508a2-scaled-e1750298940117.jpg\",\"width\":800,\"height\":600},{\"@type\":\"BreadcrumbList\",\"@id\":\"https:\/\/www.nexoinformativo.mx\/index.php\/2025\/06\/18\/campo-queretano-florece-sequia-queda-atras-con-la-llegada-de-las-abundantes-lluvias\/#breadcrumb\",\"itemListElement\":[{\"@type\":\"ListItem\",\"position\":1,\"name\":\"Inicio\",\"item\":\"https:\/\/www.nexoinformativo.mx\/\"},{\"@type\":\"ListItem\",\"position\":2,\"name\":\"Campo queretano florece sequ\u00eda queda atr\u00e1s con la llegada de las abundantes lluvias\"}]},{\"@type\":\"WebSite\",\"@id\":\"https:\/\/www.nexoinformativo.mx\/#website\",\"url\":\"https:\/\/www.nexoinformativo.mx\/\",\"name\":\"Nexo Informativo Santiago de Quer\u00e9taro\",\"description\":\"Explora NexoInformativo y convi\u00e9rtete en parte de una comunidad que valora el conocimiento y la verdad. Tu nexoinformativo es tu puente hacia una comprensi\u00f3n m\u00e1s profunda del mundo que te rodea.\",\"publisher\":{\"@id\":\"https:\/\/www.nexoinformativo.mx\/#organization\"},\"potentialAction\":[{\"@type\":\"SearchAction\",\"target\":{\"@type\":\"EntryPoint\",\"urlTemplate\":\"https:\/\/www.nexoinformativo.mx\/?s={search_term_string}\"},\"query-input\":{\"@type\":\"PropertyValueSpecification\",\"valueRequired\":true,\"valueName\":\"search_term_string\"}}],\"inLanguage\":\"es\"},{\"@type\":\"Organization\",\"@id\":\"https:\/\/www.nexoinformativo.mx\/#organization\",\"name\":\"Nexo Informativo Santiago de Quer\u00e9taro\",\"url\":\"https:\/\/www.nexoinformativo.mx\/\",\"logo\":{\"@type\":\"ImageObject\",\"inLanguage\":\"es\",\"@id\":\"https:\/\/www.nexoinformativo.mx\/#\/schema\/logo\/image\/\",\"url\":\"https:\/\/www.nexoinformativo.mx\/wp-content\/uploads\/2024\/07\/nexoi-trasparente-2.png\",\"contentUrl\":\"https:\/\/www.nexoinformativo.mx\/wp-content\/uploads\/2024\/07\/nexoi-trasparente-2.png\",\"width\":816,\"height\":339,\"caption\":\"Nexo Informativo Santiago de Quer\u00e9taro\"},\"image\":{\"@id\":\"https:\/\/www.nexoinformativo.mx\/#\/schema\/logo\/image\/\"},\"sameAs\":[\"https:\/\/www.facebook.com\/people\/Nexo-Informativo\/61564066885511\/\"]},{\"@type\":\"Person\",\"@id\":\"https:\/\/www.nexoinformativo.mx\/#\/schema\/person\/7749d380ba08c8ca00d7bc76fd907b7d\",\"name\":\"Nexo Informativo\",\"image\":{\"@type\":\"ImageObject\",\"inLanguage\":\"es\",\"@id\":\"https:\/\/www.nexoinformativo.mx\/#\/schema\/person\/image\/\",\"url\":\"https:\/\/secure.gravatar.com\/avatar\/dde2928154642a13d95f87ddf1ea9718fe2b46760a005c53e41ff5ad610704e6?s=96&d=mm&r=g\",\"contentUrl\":\"https:\/\/secure.gravatar.com\/avatar\/dde2928154642a13d95f87ddf1ea9718fe2b46760a005c53e41ff5ad610704e6?s=96&d=mm&r=g\",\"caption\":\"Nexo Informativo\"},\"url\":\"https:\/\/www.nexoinformativo.mx\/index.php\/author\/edicion\/\"}]}<\/script>\n<!-- \/ Yoast SEO plugin. -->","yoast_head_json":{"title":"Campo queretano florece sequ\u00eda queda atr\u00e1s con la llegada de las abundantes lluvias | Nexo Informativo Santiago de Quer\u00e9taro","description":"Campo Queretano florece sequ\u00eda queda atr\u00e1s con la llegada de las abundantes lluvias","robots":{"index":"index","follow":"follow","max-snippet":"max-snippet:-1","max-image-preview":"max-image-preview:large","max-video-preview":"max-video-preview:-1"},"canonical":"https:\/\/www.nexoinformativo.mx\/index.php\/2025\/06\/18\/campo-queretano-florece-sequia-queda-atras-con-la-llegada-de-las-abundantes-lluvias\/","og_locale":"es_MX","og_type":"article","og_title":"Campo queretano florece sequ\u00eda queda atr\u00e1s con la llegada de las abundantes lluvias | Nexo Informativo Santiago de Quer\u00e9taro","og_description":"Campo Queretano florece sequ\u00eda queda atr\u00e1s con la llegada de las abundantes lluvias","og_url":"https:\/\/www.nexoinformativo.mx\/index.php\/2025\/06\/18\/campo-queretano-florece-sequia-queda-atras-con-la-llegada-de-las-abundantes-lluvias\/","og_site_name":"Nexo Informativo Santiago de Quer\u00e9taro","article_publisher":"https:\/\/www.facebook.com\/people\/Nexo-Informativo\/61564066885511\/","article_published_time":"2025-06-18T19:00:21+00:00","article_modified_time":"2025-06-19T02:11:57+00:00","og_image":[{"width":800,"height":600,"url":"https:\/\/www.nexoinformativo.mx\/wp-content\/uploads\/2025\/06\/6c66fc8a-7837-4379-8020-506c0d3508a2-scaled-e1750298940117.jpg","type":"image\/jpeg"}],"author":"Nexo Informativo","twitter_card":"summary_large_image","twitter_misc":{"Escrito por":"Nexo Informativo","Tiempo de lectura":"2 minutos"},"schema":{"@context":"https:\/\/schema.org","@graph":[{"@type":"Article","@id":"https:\/\/www.nexoinformativo.mx\/index.php\/2025\/06\/18\/campo-queretano-florece-sequia-queda-atras-con-la-llegada-de-las-abundantes-lluvias\/#article","isPartOf":{"@id":"https:\/\/www.nexoinformativo.mx\/index.php\/2025\/06\/18\/campo-queretano-florece-sequia-queda-atras-con-la-llegada-de-las-abundantes-lluvias\/"},"author":{"name":"Nexo Informativo","@id":"https:\/\/www.nexoinformativo.mx\/#\/schema\/person\/7749d380ba08c8ca00d7bc76fd907b7d"},"headline":"Campo queretano florece sequ\u00eda queda atr\u00e1s con la llegada de las abundantes lluvias","datePublished":"2025-06-18T19:00:21+00:00","dateModified":"2025-06-19T02:11:57+00:00","mainEntityOfPage":{"@id":"https:\/\/www.nexoinformativo.mx\/index.php\/2025\/06\/18\/campo-queretano-florece-sequia-queda-atras-con-la-llegada-de-las-abundantes-lluvias\/"},"wordCount":360,"commentCount":0,"publisher":{"@id":"https:\/\/www.nexoinformativo.mx\/#organization"},"image":{"@id":"https:\/\/www.nexoinformativo.mx\/index.php\/2025\/06\/18\/campo-queretano-florece-sequia-queda-atras-con-la-llegada-de-las-abundantes-lluvias\/#primaryimage"},"thumbnailUrl":"https:\/\/www.nexoinformativo.mx\/wp-content\/uploads\/2025\/06\/6c66fc8a-7837-4379-8020-506c0d3508a2-scaled-e1750298940117.jpg","keywords":["AgriculturaQRO","CampoQueretano","LluviasBeneficiosas","Siembra2024"],"articleSection":["Municipios","\u00daltima Hora"],"inLanguage":"es","potentialAction":[{"@type":"CommentAction","name":"Comment","target":["https:\/\/www.nexoinformativo.mx\/index.php\/2025\/06\/18\/campo-queretano-florece-sequia-queda-atras-con-la-llegada-de-las-abundantes-lluvias\/#respond"]}]},{"@type":"WebPage","@id":"https:\/\/www.nexoinformativo.mx\/index.php\/2025\/06\/18\/campo-queretano-florece-sequia-queda-atras-con-la-llegada-de-las-abundantes-lluvias\/","url":"https:\/\/www.nexoinformativo.mx\/index.php\/2025\/06\/18\/campo-queretano-florece-sequia-queda-atras-con-la-llegada-de-las-abundantes-lluvias\/","name":"Campo queretano florece sequ\u00eda queda atr\u00e1s con la llegada de las abundantes lluvias | Nexo Informativo Santiago de Quer\u00e9taro","isPartOf":{"@id":"https:\/\/www.nexoinformativo.mx\/#website"},"primaryImageOfPage":{"@id":"https:\/\/www.nexoinformativo.mx\/index.php\/2025\/06\/18\/campo-queretano-florece-sequia-queda-atras-con-la-llegada-de-las-abundantes-lluvias\/#primaryimage"},"image":{"@id":"https:\/\/www.nexoinformativo.mx\/index.php\/2025\/06\/18\/campo-queretano-florece-sequia-queda-atras-con-la-llegada-de-las-abundantes-lluvias\/#primaryimage"},"thumbnailUrl":"https:\/\/www.nexoinformativo.mx\/wp-content\/uploads\/2025\/06\/6c66fc8a-7837-4379-8020-506c0d3508a2-scaled-e1750298940117.jpg","datePublished":"2025-06-18T19:00:21+00:00","dateModified":"2025-06-19T02:11:57+00:00","description":"Campo Queretano florece sequ\u00eda queda atr\u00e1s con la llegada de las abundantes lluvias","breadcrumb":{"@id":"https:\/\/www.nexoinformativo.mx\/index.php\/2025\/06\/18\/campo-queretano-florece-sequia-queda-atras-con-la-llegada-de-las-abundantes-lluvias\/#breadcrumb"},"inLanguage":"es","potentialAction":[{"@type":"ReadAction","target":["https:\/\/www.nexoinformativo.mx\/index.php\/2025\/06\/18\/campo-queretano-florece-sequia-queda-atras-con-la-llegada-de-las-abundantes-lluvias\/"]}]},{"@type":"ImageObject","inLanguage":"es","@id":"https:\/\/www.nexoinformativo.mx\/index.php\/2025\/06\/18\/campo-queretano-florece-sequia-queda-atras-con-la-llegada-de-las-abundantes-lluvias\/#primaryimage","url":"https:\/\/www.nexoinformativo.mx\/wp-content\/uploads\/2025\/06\/6c66fc8a-7837-4379-8020-506c0d3508a2-scaled-e1750298940117.jpg","contentUrl":"https:\/\/www.nexoinformativo.mx\/wp-content\/uploads\/2025\/06\/6c66fc8a-7837-4379-8020-506c0d3508a2-scaled-e1750298940117.jpg","width":800,"height":600},{"@type":"BreadcrumbList","@id":"https:\/\/www.nexoinformativo.mx\/index.php\/2025\/06\/18\/campo-queretano-florece-sequia-queda-atras-con-la-llegada-de-las-abundantes-lluvias\/#breadcrumb","itemListElement":[{"@type":"ListItem","position":1,"name":"Inicio","item":"https:\/\/www.nexoinformativo.mx\/"},{"@type":"ListItem","position":2,"name":"Campo queretano florece sequ\u00eda queda atr\u00e1s con la llegada de las abundantes lluvias"}]},{"@type":"WebSite","@id":"https:\/\/www.nexoinformativo.mx\/#website","url":"https:\/\/www.nexoinformativo.mx\/","name":"Nexo Informativo Santiago de Quer\u00e9taro","description":"Explora NexoInformativo y convi\u00e9rtete en parte de una comunidad que valora el conocimiento y la verdad. Tu nexoinformativo es tu puente hacia una comprensi\u00f3n m\u00e1s profunda del mundo que te rodea.","publisher":{"@id":"https:\/\/www.nexoinformativo.mx\/#organization"},"potentialAction":[{"@type":"SearchAction","target":{"@type":"EntryPoint","urlTemplate":"https:\/\/www.nexoinformativo.mx\/?s={search_term_string}"},"query-input":{"@type":"PropertyValueSpecification","valueRequired":true,"valueName":"search_term_string"}}],"inLanguage":"es"},{"@type":"Organization","@id":"https:\/\/www.nexoinformativo.mx\/#organization","name":"Nexo Informativo Santiago de Quer\u00e9taro","url":"https:\/\/www.nexoinformativo.mx\/","logo":{"@type":"ImageObject","inLanguage":"es","@id":"https:\/\/www.nexoinformativo.mx\/#\/schema\/logo\/image\/","url":"https:\/\/www.nexoinformativo.mx\/wp-content\/uploads\/2024\/07\/nexoi-trasparente-2.png","contentUrl":"https:\/\/www.nexoinformativo.mx\/wp-content\/uploads\/2024\/07\/nexoi-trasparente-2.png","width":816,"height":339,"caption":"Nexo Informativo Santiago de Quer\u00e9taro"},"image":{"@id":"https:\/\/www.nexoinformativo.mx\/#\/schema\/logo\/image\/"},"sameAs":["https:\/\/www.facebook.com\/people\/Nexo-Informativo\/61564066885511\/"]},{"@type":"Person","@id":"https:\/\/www.nexoinformativo.mx\/#\/schema\/person\/7749d380ba08c8ca00d7bc76fd907b7d","name":"Nexo Informativo","image":{"@type":"ImageObject","inLanguage":"es","@id":"https:\/\/www.nexoinformativo.mx\/#\/schema\/person\/image\/","url":"https:\/\/secure.gravatar.com\/avatar\/dde2928154642a13d95f87ddf1ea9718fe2b46760a005c53e41ff5ad610704e6?s=96&d=mm&r=g","contentUrl":"https:\/\/secure.gravatar.com\/avatar\/dde2928154642a13d95f87ddf1ea9718fe2b46760a005c53e41ff5ad610704e6?s=96&d=mm&r=g","caption":"Nexo Informativo"},"url":"https:\/\/www.nexoinformativo.mx\/index.php\/author\/edicion\/"}]}},"_links":{"self":[{"href":"https:\/\/www.nexoinformativo.mx\/index.php\/wp-json\/wp\/v2\/posts\/15988","targetHints":{"allow":["GET"]}}],"collection":[{"href":"https:\/\/www.nexoinformativo.mx\/index.php\/wp-json\/wp\/v2\/posts"}],"about":[{"href":"https:\/\/www.nexoinformativo.mx\/index.php\/wp-json\/wp\/v2\/types\/post"}],"author":[{"embeddable":true,"href":"https:\/\/www.nexoinformativo.mx\/index.php\/wp-json\/wp\/v2\/users\/3"}],"replies":[{"embeddable":true,"href":"https:\/\/www.nexoinformativo.mx\/index.php\/wp-json\/wp\/v2\/comments?post=15988"}],"version-history":[{"count":4,"href":"https:\/\/www.nexoinformativo.mx\/index.php\/wp-json\/wp\/v2\/posts\/15988\/revisions"}],"predecessor-version":[{"id":15992,"href":"https:\/\/www.nexoinformativo.mx\/index.php\/wp-json\/wp\/v2\/posts\/15988\/revisions\/15992"}],"wp:featuredmedia":[{"embeddable":true,"href":"https:\/\/www.nexoinformativo.mx\/index.php\/wp-json\/wp\/v2\/media\/15989"}],"wp:attachment":[{"href":"https:\/\/www.nexoinformativo.mx\/index.php\/wp-json\/wp\/v2\/media?parent=15988"}],"wp:term":[{"taxonomy":"category","embeddable":true,"href":"https:\/\/www.nexoinformativo.mx\/index.php\/wp-json\/wp\/v2\/categories?post=15988"},{"taxonomy":"post_tag","embeddable":true,"href":"https:\/\/www.nexoinformativo.mx\/index.php\/wp-json\/wp\/v2\/tags?post=15988"}],"curies":[{"name":"wp","href":"https:\/\/api.w.org\/{rel}","templated":true}]}}