{"id":15994,"date":"2025-06-18T14:00:00","date_gmt":"2025-06-18T20:00:00","guid":{"rendered":"https:\/\/www.nexoinformativo.mx\/?p=15994"},"modified":"2025-06-18T20:18:50","modified_gmt":"2025-06-19T02:18:50","slug":"refuerzan-vigilancia-sanitaria-por-aumento-de-dengue-con-las-lluvias-en-el-estado","status":"publish","type":"post","link":"https:\/\/www.nexoinformativo.mx\/index.php\/2025\/06\/18\/refuerzan-vigilancia-sanitaria-por-aumento-de-dengue-con-las-lluvias-en-el-estado\/","title":{"rendered":"Refuerzan vigilancia sanitaria por aumento de dengue con las lluvias en el estado"},"content":{"rendered":"<p style=\"text-align: justify;\" data-sourcepos=\"5:1-5:466\">La Secretar\u00eda de Salud del estado ha puesto en marcha un reforzamiento de la vigilancia sanitaria ante un ligero incremento en los casos de dengue, coincidiendo con el inicio de la temporada de lluvias.<\/p>\n<p>&nbsp;<\/p>\n<p style=\"text-align: justify;\" data-sourcepos=\"5:1-5:466\">Martina P\u00e9rez Rend\u00f3n, titular de la dependencia, inform\u00f3 que en las \u00faltimas dos semanas se pas\u00f3 de 22 a 26 casos confirmados, y se espera un posible aumento durante agosto y septiembre, meses clave para el repunte de esta enfermedad.<\/p>\n<p>&nbsp;<\/p>\n<p style=\"text-align: justify;\" data-sourcepos=\"7:1-7:283\">&#8220;Ya estamos en la \u00e9poca en que se esperan m\u00e1s casos. Sin embargo, hasta ahora el comportamiento ha sido pausado, lo cual es buena se\u00f1al. Esperamos que las acciones preventivas y la participaci\u00f3n comunitaria en la eliminaci\u00f3n de criaderos sigan dando resultados&#8221;, se\u00f1al\u00f3 P\u00e9rez Rend\u00f3n.<\/p>\n<p>&nbsp;<\/p>\n<p style=\"text-align: justify;\" data-sourcepos=\"11:1-11:167\">Para contener la propagaci\u00f3n, brigadas de control de vectores y personal de vigilancia epidemiol\u00f3gica ya est\u00e1n trabajando en las zonas de riesgo. Su labor incluye:<\/p>\n<p>&nbsp;<\/p>\n<p>*Promoci\u00f3n sanitaria y educaci\u00f3n sobre c\u00f3mo eliminar los criaderos de mosquitos.<\/p>\n<p>*Revisi\u00f3n de cisternas y tinacos que pudieran estar contaminados por las lluvias.<\/p>\n<p>*Monitoreo constante de enfermedades respiratorias, dermatol\u00f3gicas y gastrointestinales, que son comunes en esta temporada.<\/p>\n<p>&nbsp;<\/p>\n<p style=\"text-align: justify;\" data-sourcepos=\"17:1-17:444\">Aunque se han identificado algunas viviendas con encharcamientos y acumulaci\u00f3n de basura, la funcionaria aclar\u00f3 que hasta el momento no se han reportado casos de afectaciones directas a la salud relacionadas con estas condiciones.<\/p>\n<p>&nbsp;<\/p>\n<p style=\"text-align: justify;\" data-sourcepos=\"17:1-17:444\">Las autoridades hacen un llamado a la poblaci\u00f3n para colaborar activamente en la limpieza de sus hogares y patios, eliminando cualquier recipiente que pueda acumular agua y convertirse en un criadero de mosquitos.<\/p>\n<p>&nbsp;<\/p>\n<p style=\"text-align: center;\" data-sourcepos=\"17:1-17:444\"><em><strong>\u00a1Informaci\u00f3n que transforma!<\/strong><\/em><\/p>\n","protected":false},"excerpt":{"rendered":"<p>La Secretar\u00eda de Salud del estado ha puesto en marcha un reforzamiento de la vigilancia sanitaria ante un ligero incremento en los casos de dengue, coincidiendo con el inicio de la temporada de lluvias.<\/p>\n","protected":false},"author":3,"featured_media":15995,"comment_status":"open","ping_status":"open","sticky":false,"template":"","format":"standard","meta":{"footnotes":""},"categories":[42,58],"tags":[4805,4806,948,1054],"class_list":["post-15994","post","type-post","status-publish","format-standard","has-post-thumbnail","hentry","category-estado","category-ultima-hora","tag-dengueqro","tag-lluviasysalud","tag-prevenciondengue","tag-saludqueretaro"],"yoast_head":"<!-- This site is optimized with the Yoast SEO plugin v25.0 - https:\/\/yoast.com\/wordpress\/plugins\/seo\/ -->\n<title>Refuerzan vigilancia sanitaria por aumento de dengue con las lluvias en el estado | Nexo Informativo Santiago de Quer\u00e9taro<\/title>\n<meta name=\"description\" content=\"Refuerzan vigilancia sanitaria por aumento de dengue con las lluvias en el estado\" \/>\n<meta name=\"robots\" content=\"index, follow, max-snippet:-1, max-image-preview:large, max-video-preview:-1\" \/>\n<link rel=\"canonical\" href=\"https:\/\/www.nexoinformativo.mx\/index.php\/2025\/06\/18\/refuerzan-vigilancia-sanitaria-por-aumento-de-dengue-con-las-lluvias-en-el-estado\/\" \/>\n<meta property=\"og:locale\" content=\"es_MX\" \/>\n<meta property=\"og:type\" content=\"article\" \/>\n<meta property=\"og:title\" content=\"Refuerzan vigilancia sanitaria por aumento de dengue con las lluvias en el estado | Nexo Informativo Santiago de Quer\u00e9taro\" \/>\n<meta property=\"og:description\" content=\"Refuerzan vigilancia sanitaria por aumento de dengue con las lluvias en el estado\" \/>\n<meta property=\"og:url\" content=\"https:\/\/www.nexoinformativo.mx\/index.php\/2025\/06\/18\/refuerzan-vigilancia-sanitaria-por-aumento-de-dengue-con-las-lluvias-en-el-estado\/\" \/>\n<meta property=\"og:site_name\" content=\"Nexo Informativo Santiago de Quer\u00e9taro\" \/>\n<meta property=\"article:publisher\" content=\"https:\/\/www.facebook.com\/people\/Nexo-Informativo\/61564066885511\/\" \/>\n<meta property=\"article:published_time\" content=\"2025-06-18T20:00:00+00:00\" \/>\n<meta property=\"article:modified_time\" content=\"2025-06-19T02:18:50+00:00\" \/>\n<meta property=\"og:image\" content=\"https:\/\/www.nexoinformativo.mx\/wp-content\/uploads\/2025\/06\/PHOTO-2025-06-18-13-27-31-e1750299449235.jpg\" \/>\n\t<meta property=\"og:image:width\" content=\"800\" \/>\n\t<meta property=\"og:image:height\" content=\"533\" \/>\n\t<meta property=\"og:image:type\" content=\"image\/jpeg\" \/>\n<meta name=\"author\" content=\"Nexo Informativo\" \/>\n<meta name=\"twitter:card\" content=\"summary_large_image\" \/>\n<meta name=\"twitter:label1\" content=\"Escrito por\" \/>\n\t<meta name=\"twitter:data1\" content=\"Nexo Informativo\" \/>\n\t<meta name=\"twitter:label2\" content=\"Tiempo de lectura\" \/>\n\t<meta name=\"twitter:data2\" content=\"2 minutos\" \/>\n<script type=\"application\/ld+json\" class=\"yoast-schema-graph\">{\"@context\":\"https:\/\/schema.org\",\"@graph\":[{\"@type\":\"Article\",\"@id\":\"https:\/\/www.nexoinformativo.mx\/index.php\/2025\/06\/18\/refuerzan-vigilancia-sanitaria-por-aumento-de-dengue-con-las-lluvias-en-el-estado\/#article\",\"isPartOf\":{\"@id\":\"https:\/\/www.nexoinformativo.mx\/index.php\/2025\/06\/18\/refuerzan-vigilancia-sanitaria-por-aumento-de-dengue-con-las-lluvias-en-el-estado\/\"},\"author\":{\"name\":\"Nexo Informativo\",\"@id\":\"https:\/\/www.nexoinformativo.mx\/#\/schema\/person\/7749d380ba08c8ca00d7bc76fd907b7d\"},\"headline\":\"Refuerzan vigilancia sanitaria por aumento de dengue con las lluvias en el estado\",\"datePublished\":\"2025-06-18T20:00:00+00:00\",\"dateModified\":\"2025-06-19T02:18:50+00:00\",\"mainEntityOfPage\":{\"@id\":\"https:\/\/www.nexoinformativo.mx\/index.php\/2025\/06\/18\/refuerzan-vigilancia-sanitaria-por-aumento-de-dengue-con-las-lluvias-en-el-estado\/\"},\"wordCount\":290,\"commentCount\":0,\"publisher\":{\"@id\":\"https:\/\/www.nexoinformativo.mx\/#organization\"},\"image\":{\"@id\":\"https:\/\/www.nexoinformativo.mx\/index.php\/2025\/06\/18\/refuerzan-vigilancia-sanitaria-por-aumento-de-dengue-con-las-lluvias-en-el-estado\/#primaryimage\"},\"thumbnailUrl\":\"https:\/\/www.nexoinformativo.mx\/wp-content\/uploads\/2025\/06\/PHOTO-2025-06-18-13-27-31-e1750299449235.jpg\",\"keywords\":[\"DengueQRO\",\"LluviasYSalud\",\"Prevenci\u00f3nDengue\",\"SaludQuer\u00e9taro\"],\"articleSection\":[\"Estado\",\"\u00daltima Hora\"],\"inLanguage\":\"es\",\"potentialAction\":[{\"@type\":\"CommentAction\",\"name\":\"Comment\",\"target\":[\"https:\/\/www.nexoinformativo.mx\/index.php\/2025\/06\/18\/refuerzan-vigilancia-sanitaria-por-aumento-de-dengue-con-las-lluvias-en-el-estado\/#respond\"]}]},{\"@type\":\"WebPage\",\"@id\":\"https:\/\/www.nexoinformativo.mx\/index.php\/2025\/06\/18\/refuerzan-vigilancia-sanitaria-por-aumento-de-dengue-con-las-lluvias-en-el-estado\/\",\"url\":\"https:\/\/www.nexoinformativo.mx\/index.php\/2025\/06\/18\/refuerzan-vigilancia-sanitaria-por-aumento-de-dengue-con-las-lluvias-en-el-estado\/\",\"name\":\"Refuerzan vigilancia sanitaria por aumento de dengue con las lluvias en el estado | Nexo Informativo Santiago de Quer\u00e9taro\",\"isPartOf\":{\"@id\":\"https:\/\/www.nexoinformativo.mx\/#website\"},\"primaryImageOfPage\":{\"@id\":\"https:\/\/www.nexoinformativo.mx\/index.php\/2025\/06\/18\/refuerzan-vigilancia-sanitaria-por-aumento-de-dengue-con-las-lluvias-en-el-estado\/#primaryimage\"},\"image\":{\"@id\":\"https:\/\/www.nexoinformativo.mx\/index.php\/2025\/06\/18\/refuerzan-vigilancia-sanitaria-por-aumento-de-dengue-con-las-lluvias-en-el-estado\/#primaryimage\"},\"thumbnailUrl\":\"https:\/\/www.nexoinformativo.mx\/wp-content\/uploads\/2025\/06\/PHOTO-2025-06-18-13-27-31-e1750299449235.jpg\",\"datePublished\":\"2025-06-18T20:00:00+00:00\",\"dateModified\":\"2025-06-19T02:18:50+00:00\",\"description\":\"Refuerzan vigilancia sanitaria por aumento de dengue con las lluvias en el estado\",\"breadcrumb\":{\"@id\":\"https:\/\/www.nexoinformativo.mx\/index.php\/2025\/06\/18\/refuerzan-vigilancia-sanitaria-por-aumento-de-dengue-con-las-lluvias-en-el-estado\/#breadcrumb\"},\"inLanguage\":\"es\",\"potentialAction\":[{\"@type\":\"ReadAction\",\"target\":[\"https:\/\/www.nexoinformativo.mx\/index.php\/2025\/06\/18\/refuerzan-vigilancia-sanitaria-por-aumento-de-dengue-con-las-lluvias-en-el-estado\/\"]}]},{\"@type\":\"ImageObject\",\"inLanguage\":\"es\",\"@id\":\"https:\/\/www.nexoinformativo.mx\/index.php\/2025\/06\/18\/refuerzan-vigilancia-sanitaria-por-aumento-de-dengue-con-las-lluvias-en-el-estado\/#primaryimage\",\"url\":\"https:\/\/www.nexoinformativo.mx\/wp-content\/uploads\/2025\/06\/PHOTO-2025-06-18-13-27-31-e1750299449235.jpg\",\"contentUrl\":\"https:\/\/www.nexoinformativo.mx\/wp-content\/uploads\/2025\/06\/PHOTO-2025-06-18-13-27-31-e1750299449235.jpg\",\"width\":800,\"height\":533},{\"@type\":\"BreadcrumbList\",\"@id\":\"https:\/\/www.nexoinformativo.mx\/index.php\/2025\/06\/18\/refuerzan-vigilancia-sanitaria-por-aumento-de-dengue-con-las-lluvias-en-el-estado\/#breadcrumb\",\"itemListElement\":[{\"@type\":\"ListItem\",\"position\":1,\"name\":\"Inicio\",\"item\":\"https:\/\/www.nexoinformativo.mx\/\"},{\"@type\":\"ListItem\",\"position\":2,\"name\":\"Refuerzan vigilancia sanitaria por aumento de dengue con las lluvias en el estado\"}]},{\"@type\":\"WebSite\",\"@id\":\"https:\/\/www.nexoinformativo.mx\/#website\",\"url\":\"https:\/\/www.nexoinformativo.mx\/\",\"name\":\"Nexo Informativo Santiago de Quer\u00e9taro\",\"description\":\"Explora NexoInformativo y convi\u00e9rtete en parte de una comunidad que valora el conocimiento y la verdad. Tu nexoinformativo es tu puente hacia una comprensi\u00f3n m\u00e1s profunda del mundo que te rodea.\",\"publisher\":{\"@id\":\"https:\/\/www.nexoinformativo.mx\/#organization\"},\"potentialAction\":[{\"@type\":\"SearchAction\",\"target\":{\"@type\":\"EntryPoint\",\"urlTemplate\":\"https:\/\/www.nexoinformativo.mx\/?s={search_term_string}\"},\"query-input\":{\"@type\":\"PropertyValueSpecification\",\"valueRequired\":true,\"valueName\":\"search_term_string\"}}],\"inLanguage\":\"es\"},{\"@type\":\"Organization\",\"@id\":\"https:\/\/www.nexoinformativo.mx\/#organization\",\"name\":\"Nexo Informativo Santiago de Quer\u00e9taro\",\"url\":\"https:\/\/www.nexoinformativo.mx\/\",\"logo\":{\"@type\":\"ImageObject\",\"inLanguage\":\"es\",\"@id\":\"https:\/\/www.nexoinformativo.mx\/#\/schema\/logo\/image\/\",\"url\":\"https:\/\/www.nexoinformativo.mx\/wp-content\/uploads\/2024\/07\/nexoi-trasparente-2.png\",\"contentUrl\":\"https:\/\/www.nexoinformativo.mx\/wp-content\/uploads\/2024\/07\/nexoi-trasparente-2.png\",\"width\":816,\"height\":339,\"caption\":\"Nexo Informativo Santiago de Quer\u00e9taro\"},\"image\":{\"@id\":\"https:\/\/www.nexoinformativo.mx\/#\/schema\/logo\/image\/\"},\"sameAs\":[\"https:\/\/www.facebook.com\/people\/Nexo-Informativo\/61564066885511\/\"]},{\"@type\":\"Person\",\"@id\":\"https:\/\/www.nexoinformativo.mx\/#\/schema\/person\/7749d380ba08c8ca00d7bc76fd907b7d\",\"name\":\"Nexo Informativo\",\"image\":{\"@type\":\"ImageObject\",\"inLanguage\":\"es\",\"@id\":\"https:\/\/www.nexoinformativo.mx\/#\/schema\/person\/image\/\",\"url\":\"https:\/\/secure.gravatar.com\/avatar\/dde2928154642a13d95f87ddf1ea9718fe2b46760a005c53e41ff5ad610704e6?s=96&d=mm&r=g\",\"contentUrl\":\"https:\/\/secure.gravatar.com\/avatar\/dde2928154642a13d95f87ddf1ea9718fe2b46760a005c53e41ff5ad610704e6?s=96&d=mm&r=g\",\"caption\":\"Nexo Informativo\"},\"url\":\"https:\/\/www.nexoinformativo.mx\/index.php\/author\/edicion\/\"}]}<\/script>\n<!-- \/ Yoast SEO plugin. -->","yoast_head_json":{"title":"Refuerzan vigilancia sanitaria por aumento de dengue con las lluvias en el estado | Nexo Informativo Santiago de Quer\u00e9taro","description":"Refuerzan vigilancia sanitaria por aumento de dengue con las lluvias en el estado","robots":{"index":"index","follow":"follow","max-snippet":"max-snippet:-1","max-image-preview":"max-image-preview:large","max-video-preview":"max-video-preview:-1"},"canonical":"https:\/\/www.nexoinformativo.mx\/index.php\/2025\/06\/18\/refuerzan-vigilancia-sanitaria-por-aumento-de-dengue-con-las-lluvias-en-el-estado\/","og_locale":"es_MX","og_type":"article","og_title":"Refuerzan vigilancia sanitaria por aumento de dengue con las lluvias en el estado | Nexo Informativo Santiago de Quer\u00e9taro","og_description":"Refuerzan vigilancia sanitaria por aumento de dengue con las lluvias en el estado","og_url":"https:\/\/www.nexoinformativo.mx\/index.php\/2025\/06\/18\/refuerzan-vigilancia-sanitaria-por-aumento-de-dengue-con-las-lluvias-en-el-estado\/","og_site_name":"Nexo Informativo Santiago de Quer\u00e9taro","article_publisher":"https:\/\/www.facebook.com\/people\/Nexo-Informativo\/61564066885511\/","article_published_time":"2025-06-18T20:00:00+00:00","article_modified_time":"2025-06-19T02:18:50+00:00","og_image":[{"width":800,"height":533,"url":"https:\/\/www.nexoinformativo.mx\/wp-content\/uploads\/2025\/06\/PHOTO-2025-06-18-13-27-31-e1750299449235.jpg","type":"image\/jpeg"}],"author":"Nexo Informativo","twitter_card":"summary_large_image","twitter_misc":{"Escrito por":"Nexo Informativo","Tiempo de lectura":"2 minutos"},"schema":{"@context":"https:\/\/schema.org","@graph":[{"@type":"Article","@id":"https:\/\/www.nexoinformativo.mx\/index.php\/2025\/06\/18\/refuerzan-vigilancia-sanitaria-por-aumento-de-dengue-con-las-lluvias-en-el-estado\/#article","isPartOf":{"@id":"https:\/\/www.nexoinformativo.mx\/index.php\/2025\/06\/18\/refuerzan-vigilancia-sanitaria-por-aumento-de-dengue-con-las-lluvias-en-el-estado\/"},"author":{"name":"Nexo Informativo","@id":"https:\/\/www.nexoinformativo.mx\/#\/schema\/person\/7749d380ba08c8ca00d7bc76fd907b7d"},"headline":"Refuerzan vigilancia sanitaria por aumento de dengue con las lluvias en el estado","datePublished":"2025-06-18T20:00:00+00:00","dateModified":"2025-06-19T02:18:50+00:00","mainEntityOfPage":{"@id":"https:\/\/www.nexoinformativo.mx\/index.php\/2025\/06\/18\/refuerzan-vigilancia-sanitaria-por-aumento-de-dengue-con-las-lluvias-en-el-estado\/"},"wordCount":290,"commentCount":0,"publisher":{"@id":"https:\/\/www.nexoinformativo.mx\/#organization"},"image":{"@id":"https:\/\/www.nexoinformativo.mx\/index.php\/2025\/06\/18\/refuerzan-vigilancia-sanitaria-por-aumento-de-dengue-con-las-lluvias-en-el-estado\/#primaryimage"},"thumbnailUrl":"https:\/\/www.nexoinformativo.mx\/wp-content\/uploads\/2025\/06\/PHOTO-2025-06-18-13-27-31-e1750299449235.jpg","keywords":["DengueQRO","LluviasYSalud","Prevenci\u00f3nDengue","SaludQuer\u00e9taro"],"articleSection":["Estado","\u00daltima Hora"],"inLanguage":"es","potentialAction":[{"@type":"CommentAction","name":"Comment","target":["https:\/\/www.nexoinformativo.mx\/index.php\/2025\/06\/18\/refuerzan-vigilancia-sanitaria-por-aumento-de-dengue-con-las-lluvias-en-el-estado\/#respond"]}]},{"@type":"WebPage","@id":"https:\/\/www.nexoinformativo.mx\/index.php\/2025\/06\/18\/refuerzan-vigilancia-sanitaria-por-aumento-de-dengue-con-las-lluvias-en-el-estado\/","url":"https:\/\/www.nexoinformativo.mx\/index.php\/2025\/06\/18\/refuerzan-vigilancia-sanitaria-por-aumento-de-dengue-con-las-lluvias-en-el-estado\/","name":"Refuerzan vigilancia sanitaria por aumento de dengue con las lluvias en el estado | Nexo Informativo Santiago de Quer\u00e9taro","isPartOf":{"@id":"https:\/\/www.nexoinformativo.mx\/#website"},"primaryImageOfPage":{"@id":"https:\/\/www.nexoinformativo.mx\/index.php\/2025\/06\/18\/refuerzan-vigilancia-sanitaria-por-aumento-de-dengue-con-las-lluvias-en-el-estado\/#primaryimage"},"image":{"@id":"https:\/\/www.nexoinformativo.mx\/index.php\/2025\/06\/18\/refuerzan-vigilancia-sanitaria-por-aumento-de-dengue-con-las-lluvias-en-el-estado\/#primaryimage"},"thumbnailUrl":"https:\/\/www.nexoinformativo.mx\/wp-content\/uploads\/2025\/06\/PHOTO-2025-06-18-13-27-31-e1750299449235.jpg","datePublished":"2025-06-18T20:00:00+00:00","dateModified":"2025-06-19T02:18:50+00:00","description":"Refuerzan vigilancia sanitaria por aumento de dengue con las lluvias en el estado","breadcrumb":{"@id":"https:\/\/www.nexoinformativo.mx\/index.php\/2025\/06\/18\/refuerzan-vigilancia-sanitaria-por-aumento-de-dengue-con-las-lluvias-en-el-estado\/#breadcrumb"},"inLanguage":"es","potentialAction":[{"@type":"ReadAction","target":["https:\/\/www.nexoinformativo.mx\/index.php\/2025\/06\/18\/refuerzan-vigilancia-sanitaria-por-aumento-de-dengue-con-las-lluvias-en-el-estado\/"]}]},{"@type":"ImageObject","inLanguage":"es","@id":"https:\/\/www.nexoinformativo.mx\/index.php\/2025\/06\/18\/refuerzan-vigilancia-sanitaria-por-aumento-de-dengue-con-las-lluvias-en-el-estado\/#primaryimage","url":"https:\/\/www.nexoinformativo.mx\/wp-content\/uploads\/2025\/06\/PHOTO-2025-06-18-13-27-31-e1750299449235.jpg","contentUrl":"https:\/\/www.nexoinformativo.mx\/wp-content\/uploads\/2025\/06\/PHOTO-2025-06-18-13-27-31-e1750299449235.jpg","width":800,"height":533},{"@type":"BreadcrumbList","@id":"https:\/\/www.nexoinformativo.mx\/index.php\/2025\/06\/18\/refuerzan-vigilancia-sanitaria-por-aumento-de-dengue-con-las-lluvias-en-el-estado\/#breadcrumb","itemListElement":[{"@type":"ListItem","position":1,"name":"Inicio","item":"https:\/\/www.nexoinformativo.mx\/"},{"@type":"ListItem","position":2,"name":"Refuerzan vigilancia sanitaria por aumento de dengue con las lluvias en el estado"}]},{"@type":"WebSite","@id":"https:\/\/www.nexoinformativo.mx\/#website","url":"https:\/\/www.nexoinformativo.mx\/","name":"Nexo Informativo Santiago de Quer\u00e9taro","description":"Explora NexoInformativo y convi\u00e9rtete en parte de una comunidad que valora el conocimiento y la verdad. Tu nexoinformativo es tu puente hacia una comprensi\u00f3n m\u00e1s profunda del mundo que te rodea.","publisher":{"@id":"https:\/\/www.nexoinformativo.mx\/#organization"},"potentialAction":[{"@type":"SearchAction","target":{"@type":"EntryPoint","urlTemplate":"https:\/\/www.nexoinformativo.mx\/?s={search_term_string}"},"query-input":{"@type":"PropertyValueSpecification","valueRequired":true,"valueName":"search_term_string"}}],"inLanguage":"es"},{"@type":"Organization","@id":"https:\/\/www.nexoinformativo.mx\/#organization","name":"Nexo Informativo Santiago de Quer\u00e9taro","url":"https:\/\/www.nexoinformativo.mx\/","logo":{"@type":"ImageObject","inLanguage":"es","@id":"https:\/\/www.nexoinformativo.mx\/#\/schema\/logo\/image\/","url":"https:\/\/www.nexoinformativo.mx\/wp-content\/uploads\/2024\/07\/nexoi-trasparente-2.png","contentUrl":"https:\/\/www.nexoinformativo.mx\/wp-content\/uploads\/2024\/07\/nexoi-trasparente-2.png","width":816,"height":339,"caption":"Nexo Informativo Santiago de Quer\u00e9taro"},"image":{"@id":"https:\/\/www.nexoinformativo.mx\/#\/schema\/logo\/image\/"},"sameAs":["https:\/\/www.facebook.com\/people\/Nexo-Informativo\/61564066885511\/"]},{"@type":"Person","@id":"https:\/\/www.nexoinformativo.mx\/#\/schema\/person\/7749d380ba08c8ca00d7bc76fd907b7d","name":"Nexo Informativo","image":{"@type":"ImageObject","inLanguage":"es","@id":"https:\/\/www.nexoinformativo.mx\/#\/schema\/person\/image\/","url":"https:\/\/secure.gravatar.com\/avatar\/dde2928154642a13d95f87ddf1ea9718fe2b46760a005c53e41ff5ad610704e6?s=96&d=mm&r=g","contentUrl":"https:\/\/secure.gravatar.com\/avatar\/dde2928154642a13d95f87ddf1ea9718fe2b46760a005c53e41ff5ad610704e6?s=96&d=mm&r=g","caption":"Nexo Informativo"},"url":"https:\/\/www.nexoinformativo.mx\/index.php\/author\/edicion\/"}]}},"_links":{"self":[{"href":"https:\/\/www.nexoinformativo.mx\/index.php\/wp-json\/wp\/v2\/posts\/15994","targetHints":{"allow":["GET"]}}],"collection":[{"href":"https:\/\/www.nexoinformativo.mx\/index.php\/wp-json\/wp\/v2\/posts"}],"about":[{"href":"https:\/\/www.nexoinformativo.mx\/index.php\/wp-json\/wp\/v2\/types\/post"}],"author":[{"embeddable":true,"href":"https:\/\/www.nexoinformativo.mx\/index.php\/wp-json\/wp\/v2\/users\/3"}],"replies":[{"embeddable":true,"href":"https:\/\/www.nexoinformativo.mx\/index.php\/wp-json\/wp\/v2\/comments?post=15994"}],"version-history":[{"count":5,"href":"https:\/\/www.nexoinformativo.mx\/index.php\/wp-json\/wp\/v2\/posts\/15994\/revisions"}],"predecessor-version":[{"id":16000,"href":"https:\/\/www.nexoinformativo.mx\/index.php\/wp-json\/wp\/v2\/posts\/15994\/revisions\/16000"}],"wp:featuredmedia":[{"embeddable":true,"href":"https:\/\/www.nexoinformativo.mx\/index.php\/wp-json\/wp\/v2\/media\/15995"}],"wp:attachment":[{"href":"https:\/\/www.nexoinformativo.mx\/index.php\/wp-json\/wp\/v2\/media?parent=15994"}],"wp:term":[{"taxonomy":"category","embeddable":true,"href":"https:\/\/www.nexoinformativo.mx\/index.php\/wp-json\/wp\/v2\/categories?post=15994"},{"taxonomy":"post_tag","embeddable":true,"href":"https:\/\/www.nexoinformativo.mx\/index.php\/wp-json\/wp\/v2\/tags?post=15994"}],"curies":[{"name":"wp","href":"https:\/\/api.w.org\/{rel}","templated":true}]}}