{"id":16002,"date":"2025-06-18T15:00:18","date_gmt":"2025-06-18T21:00:18","guid":{"rendered":"https:\/\/www.nexoinformativo.mx\/?p=16002"},"modified":"2025-06-18T20:36:47","modified_gmt":"2025-06-19T02:36:47","slug":"queretaro-en-alerta-por-lluvias-proteccion-civil-refuerza-monitoreo-y-respaldo","status":"publish","type":"post","link":"https:\/\/www.nexoinformativo.mx\/index.php\/2025\/06\/18\/queretaro-en-alerta-por-lluvias-proteccion-civil-refuerza-monitoreo-y-respaldo\/","title":{"rendered":"Quer\u00e9taro en alerta por lluvias Protecci\u00f3n Civil refuerza monitoreo y respaldo"},"content":{"rendered":"<p style=\"text-align: justify;\" data-sourcepos=\"5:1-5:358\">La Coordinaci\u00f3n Estatal de Protecci\u00f3n Civil inform\u00f3 que el estado se prepara para lluvias fuertes este fin de semana, especialmente en la Sierra Gorda. Javier Amaya, titular de la dependencia, detall\u00f3 que la zona metropolitana tendr\u00e1 lluvias ligeras a moderadas este jueves y viernes, pero la intensidad aumentar\u00e1 en todo el estado.<\/p>\n<\/p>\n<p>&nbsp;<\/p>\n<p style=\"text-align: justify;\" data-sourcepos=\"7:1-7:284\">Ante esta situaci\u00f3n, las coordinaciones municipales de protecci\u00f3n civil ya est\u00e1n supervisando las zonas m\u00e1s vulnerables, poniendo especial atenci\u00f3n a caminos y carreteras con historial de deslaves, como el tramo de Pinal de Amoles a Jalpan de Serra, en la comunidad de Ahuacatl\u00e1n.<\/p>\n<\/p>\n<p>&nbsp;<\/p>\n<p style=\"text-align: justify;\" data-sourcepos=\"11:1-11:227\">Amaya asegur\u00f3 que las presas, como La del Carmen y El Zapote, est\u00e1n vertiendo agua, pero se mantienen bajo vigilancia constante con sensores y c\u00e1maras. &#8220;Las condiciones actuales no representan riesgo de desbordamiento&#8221;, afirm\u00f3.<\/p>\n<\/p>\n<p>&nbsp;<\/p>\n<p style=\"text-align: justify;\" data-sourcepos=\"13:1-13:165\">Para cualquier emergencia, Quer\u00e9taro cuenta con 73 albergues listos, con capacidad para casi 10 mil personas, distribuidos estrat\u00e9gicamente en los 18 municipios.<\/p>\n<\/p>\n<p>&nbsp;<\/p>\n<p style=\"text-align: justify;\" data-sourcepos=\"15:1-15:426\">Aunque no hay comunidades incomunicadas tras las lluvias recientes, s\u00ed se han registrado afectaciones puntuales, sobre todo en los municipios de El Marqu\u00e9s, Quer\u00e9taro y Tolim\u00e1n. Amaya explic\u00f3 que los drenes pluviales en la zona metropolitana funcionan bien, pero algunos se obstruyeron por la acumulaci\u00f3n de basura.<\/p>\n<\/p>\n<p>&nbsp;<\/p>\n<p style=\"text-align: justify;\" data-sourcepos=\"19:1-19:362\">En El Marqu\u00e9s, el colapso de un bordo afect\u00f3 a m\u00e1s de 70 viviendas en tres colonias, pero ya se realiz\u00f3 la limpieza y el agua fue desalojada. En la zona de Loarca, en la capital, se identificaron da\u00f1os en patios y construcciones no estructurales. Aunque la situaci\u00f3n de algunas casas a\u00fan se valora, se reportan al menos dos viviendas con problemas estructurales.<\/p>\n<\/p>\n<p>&nbsp;<\/p>\n<p style=\"text-align: justify;\" data-sourcepos=\"21:1-21:306\">Finalmente, Amaya confirm\u00f3 que el Atlas de Riesgo del estado est\u00e1 actualizado y se trabaja en proyectos de drenaje de mayor capacidad en \u00e1reas como Menchaca y Pe\u00f1uelas para evitar afectaciones futuras. &#8220;En Pe\u00f1uelas se proyecta construir un conducto oculto para contener la bajada r\u00e1pida de agua&#8221;, concluy\u00f3.<\/p>\n<\/p>\n<p>&nbsp;<\/p>\n<p style=\"text-align: center;\" data-sourcepos=\"21:1-21:306\"><em><strong>\u00a1Informaci\u00f3n que transforma!<\/strong><\/em><\/p>\n","protected":false},"excerpt":{"rendered":"<p>La Coordinaci\u00f3n Estatal de Protecci\u00f3n Civil inform\u00f3 que el estado se prepara para lluvias fuertes este fin de semana, especialmente en la Sierra Gorda. Javier Amaya, titular de la dependencia, detall\u00f3 que la zona metropolitana tendr\u00e1 lluvias ligeras a moderadas este jueves y viernes, pero la intensidad aumentar\u00e1 en todo el estado.<\/p>\n","protected":false},"author":3,"featured_media":16003,"comment_status":"open","ping_status":"open","sticky":false,"template":"","format":"standard","meta":{"footnotes":""},"categories":[42,58],"tags":[4788,4563,154,450],"class_list":["post-16002","post","type-post","status-publish","format-standard","has-post-thumbnail","hentry","category-estado","category-ultima-hora","tag-alertaqueretaro","tag-lluviasqro","tag-proteccioncivil","tag-temporadadelluvias"],"yoast_head":"<!-- This site is optimized with the Yoast SEO plugin v25.0 - https:\/\/yoast.com\/wordpress\/plugins\/seo\/ -->\n<title>Quer\u00e9taro en alerta por lluvias Protecci\u00f3n Civil refuerza monitoreo y respaldo | Nexo Informativo Santiago de Quer\u00e9taro<\/title>\n<meta name=\"description\" content=\"Quer\u00e9taro en alerta por lluvias Protecci\u00f3n Civil refuerza monitoreo y respaldo\" \/>\n<meta name=\"robots\" content=\"index, follow, max-snippet:-1, max-image-preview:large, max-video-preview:-1\" \/>\n<link rel=\"canonical\" href=\"https:\/\/www.nexoinformativo.mx\/index.php\/2025\/06\/18\/queretaro-en-alerta-por-lluvias-proteccion-civil-refuerza-monitoreo-y-respaldo\/\" \/>\n<meta property=\"og:locale\" content=\"es_MX\" \/>\n<meta property=\"og:type\" content=\"article\" \/>\n<meta property=\"og:title\" content=\"Quer\u00e9taro en alerta por lluvias Protecci\u00f3n Civil refuerza monitoreo y respaldo | Nexo Informativo Santiago de Quer\u00e9taro\" \/>\n<meta property=\"og:description\" content=\"Quer\u00e9taro en alerta por lluvias Protecci\u00f3n Civil refuerza monitoreo y respaldo\" \/>\n<meta property=\"og:url\" content=\"https:\/\/www.nexoinformativo.mx\/index.php\/2025\/06\/18\/queretaro-en-alerta-por-lluvias-proteccion-civil-refuerza-monitoreo-y-respaldo\/\" \/>\n<meta property=\"og:site_name\" content=\"Nexo Informativo Santiago de Quer\u00e9taro\" \/>\n<meta property=\"article:publisher\" content=\"https:\/\/www.facebook.com\/people\/Nexo-Informativo\/61564066885511\/\" \/>\n<meta property=\"article:published_time\" content=\"2025-06-18T21:00:18+00:00\" \/>\n<meta property=\"article:modified_time\" content=\"2025-06-19T02:36:47+00:00\" \/>\n<meta property=\"og:image\" content=\"https:\/\/www.nexoinformativo.mx\/wp-content\/uploads\/2025\/06\/PHOTO-2025-06-18-13-27-31-1-scaled-e1750300554799.jpg\" \/>\n\t<meta property=\"og:image:width\" content=\"800\" \/>\n\t<meta property=\"og:image:height\" content=\"600\" \/>\n\t<meta property=\"og:image:type\" content=\"image\/jpeg\" \/>\n<meta name=\"author\" content=\"Nexo Informativo\" \/>\n<meta name=\"twitter:card\" content=\"summary_large_image\" \/>\n<meta name=\"twitter:label1\" content=\"Escrito por\" \/>\n\t<meta name=\"twitter:data1\" content=\"Nexo Informativo\" \/>\n\t<meta name=\"twitter:label2\" content=\"Tiempo de lectura\" \/>\n\t<meta name=\"twitter:data2\" content=\"2 minutos\" \/>\n<script type=\"application\/ld+json\" class=\"yoast-schema-graph\">{\"@context\":\"https:\/\/schema.org\",\"@graph\":[{\"@type\":\"Article\",\"@id\":\"https:\/\/www.nexoinformativo.mx\/index.php\/2025\/06\/18\/queretaro-en-alerta-por-lluvias-proteccion-civil-refuerza-monitoreo-y-respaldo\/#article\",\"isPartOf\":{\"@id\":\"https:\/\/www.nexoinformativo.mx\/index.php\/2025\/06\/18\/queretaro-en-alerta-por-lluvias-proteccion-civil-refuerza-monitoreo-y-respaldo\/\"},\"author\":{\"name\":\"Nexo Informativo\",\"@id\":\"https:\/\/www.nexoinformativo.mx\/#\/schema\/person\/7749d380ba08c8ca00d7bc76fd907b7d\"},\"headline\":\"Quer\u00e9taro en alerta por lluvias Protecci\u00f3n Civil refuerza monitoreo y respaldo\",\"datePublished\":\"2025-06-18T21:00:18+00:00\",\"dateModified\":\"2025-06-19T02:36:47+00:00\",\"mainEntityOfPage\":{\"@id\":\"https:\/\/www.nexoinformativo.mx\/index.php\/2025\/06\/18\/queretaro-en-alerta-por-lluvias-proteccion-civil-refuerza-monitoreo-y-respaldo\/\"},\"wordCount\":353,\"commentCount\":0,\"publisher\":{\"@id\":\"https:\/\/www.nexoinformativo.mx\/#organization\"},\"image\":{\"@id\":\"https:\/\/www.nexoinformativo.mx\/index.php\/2025\/06\/18\/queretaro-en-alerta-por-lluvias-proteccion-civil-refuerza-monitoreo-y-respaldo\/#primaryimage\"},\"thumbnailUrl\":\"https:\/\/www.nexoinformativo.mx\/wp-content\/uploads\/2025\/06\/PHOTO-2025-06-18-13-27-31-1-scaled-e1750300554799.jpg\",\"keywords\":[\"AlertaQuer\u00e9taro\",\"LluviasQro\",\"proteccioncivil\",\"TemporadaDeLluvias\"],\"articleSection\":[\"Estado\",\"\u00daltima Hora\"],\"inLanguage\":\"es\",\"potentialAction\":[{\"@type\":\"CommentAction\",\"name\":\"Comment\",\"target\":[\"https:\/\/www.nexoinformativo.mx\/index.php\/2025\/06\/18\/queretaro-en-alerta-por-lluvias-proteccion-civil-refuerza-monitoreo-y-respaldo\/#respond\"]}]},{\"@type\":\"WebPage\",\"@id\":\"https:\/\/www.nexoinformativo.mx\/index.php\/2025\/06\/18\/queretaro-en-alerta-por-lluvias-proteccion-civil-refuerza-monitoreo-y-respaldo\/\",\"url\":\"https:\/\/www.nexoinformativo.mx\/index.php\/2025\/06\/18\/queretaro-en-alerta-por-lluvias-proteccion-civil-refuerza-monitoreo-y-respaldo\/\",\"name\":\"Quer\u00e9taro en alerta por lluvias Protecci\u00f3n Civil refuerza monitoreo y respaldo | Nexo Informativo Santiago de Quer\u00e9taro\",\"isPartOf\":{\"@id\":\"https:\/\/www.nexoinformativo.mx\/#website\"},\"primaryImageOfPage\":{\"@id\":\"https:\/\/www.nexoinformativo.mx\/index.php\/2025\/06\/18\/queretaro-en-alerta-por-lluvias-proteccion-civil-refuerza-monitoreo-y-respaldo\/#primaryimage\"},\"image\":{\"@id\":\"https:\/\/www.nexoinformativo.mx\/index.php\/2025\/06\/18\/queretaro-en-alerta-por-lluvias-proteccion-civil-refuerza-monitoreo-y-respaldo\/#primaryimage\"},\"thumbnailUrl\":\"https:\/\/www.nexoinformativo.mx\/wp-content\/uploads\/2025\/06\/PHOTO-2025-06-18-13-27-31-1-scaled-e1750300554799.jpg\",\"datePublished\":\"2025-06-18T21:00:18+00:00\",\"dateModified\":\"2025-06-19T02:36:47+00:00\",\"description\":\"Quer\u00e9taro en alerta por lluvias Protecci\u00f3n Civil refuerza monitoreo y respaldo\",\"breadcrumb\":{\"@id\":\"https:\/\/www.nexoinformativo.mx\/index.php\/2025\/06\/18\/queretaro-en-alerta-por-lluvias-proteccion-civil-refuerza-monitoreo-y-respaldo\/#breadcrumb\"},\"inLanguage\":\"es\",\"potentialAction\":[{\"@type\":\"ReadAction\",\"target\":[\"https:\/\/www.nexoinformativo.mx\/index.php\/2025\/06\/18\/queretaro-en-alerta-por-lluvias-proteccion-civil-refuerza-monitoreo-y-respaldo\/\"]}]},{\"@type\":\"ImageObject\",\"inLanguage\":\"es\",\"@id\":\"https:\/\/www.nexoinformativo.mx\/index.php\/2025\/06\/18\/queretaro-en-alerta-por-lluvias-proteccion-civil-refuerza-monitoreo-y-respaldo\/#primaryimage\",\"url\":\"https:\/\/www.nexoinformativo.mx\/wp-content\/uploads\/2025\/06\/PHOTO-2025-06-18-13-27-31-1-scaled-e1750300554799.jpg\",\"contentUrl\":\"https:\/\/www.nexoinformativo.mx\/wp-content\/uploads\/2025\/06\/PHOTO-2025-06-18-13-27-31-1-scaled-e1750300554799.jpg\",\"width\":800,\"height\":600},{\"@type\":\"BreadcrumbList\",\"@id\":\"https:\/\/www.nexoinformativo.mx\/index.php\/2025\/06\/18\/queretaro-en-alerta-por-lluvias-proteccion-civil-refuerza-monitoreo-y-respaldo\/#breadcrumb\",\"itemListElement\":[{\"@type\":\"ListItem\",\"position\":1,\"name\":\"Inicio\",\"item\":\"https:\/\/www.nexoinformativo.mx\/\"},{\"@type\":\"ListItem\",\"position\":2,\"name\":\"Quer\u00e9taro en alerta por lluvias Protecci\u00f3n Civil refuerza monitoreo y respaldo\"}]},{\"@type\":\"WebSite\",\"@id\":\"https:\/\/www.nexoinformativo.mx\/#website\",\"url\":\"https:\/\/www.nexoinformativo.mx\/\",\"name\":\"Nexo Informativo Santiago de Quer\u00e9taro\",\"description\":\"Explora NexoInformativo y convi\u00e9rtete en parte de una comunidad que valora el conocimiento y la verdad. Tu nexoinformativo es tu puente hacia una comprensi\u00f3n m\u00e1s profunda del mundo que te rodea.\",\"publisher\":{\"@id\":\"https:\/\/www.nexoinformativo.mx\/#organization\"},\"potentialAction\":[{\"@type\":\"SearchAction\",\"target\":{\"@type\":\"EntryPoint\",\"urlTemplate\":\"https:\/\/www.nexoinformativo.mx\/?s={search_term_string}\"},\"query-input\":{\"@type\":\"PropertyValueSpecification\",\"valueRequired\":true,\"valueName\":\"search_term_string\"}}],\"inLanguage\":\"es\"},{\"@type\":\"Organization\",\"@id\":\"https:\/\/www.nexoinformativo.mx\/#organization\",\"name\":\"Nexo Informativo Santiago de Quer\u00e9taro\",\"url\":\"https:\/\/www.nexoinformativo.mx\/\",\"logo\":{\"@type\":\"ImageObject\",\"inLanguage\":\"es\",\"@id\":\"https:\/\/www.nexoinformativo.mx\/#\/schema\/logo\/image\/\",\"url\":\"https:\/\/www.nexoinformativo.mx\/wp-content\/uploads\/2024\/07\/nexoi-trasparente-2.png\",\"contentUrl\":\"https:\/\/www.nexoinformativo.mx\/wp-content\/uploads\/2024\/07\/nexoi-trasparente-2.png\",\"width\":816,\"height\":339,\"caption\":\"Nexo Informativo Santiago de Quer\u00e9taro\"},\"image\":{\"@id\":\"https:\/\/www.nexoinformativo.mx\/#\/schema\/logo\/image\/\"},\"sameAs\":[\"https:\/\/www.facebook.com\/people\/Nexo-Informativo\/61564066885511\/\"]},{\"@type\":\"Person\",\"@id\":\"https:\/\/www.nexoinformativo.mx\/#\/schema\/person\/7749d380ba08c8ca00d7bc76fd907b7d\",\"name\":\"Nexo Informativo\",\"image\":{\"@type\":\"ImageObject\",\"inLanguage\":\"es\",\"@id\":\"https:\/\/www.nexoinformativo.mx\/#\/schema\/person\/image\/\",\"url\":\"https:\/\/secure.gravatar.com\/avatar\/dde2928154642a13d95f87ddf1ea9718fe2b46760a005c53e41ff5ad610704e6?s=96&d=mm&r=g\",\"contentUrl\":\"https:\/\/secure.gravatar.com\/avatar\/dde2928154642a13d95f87ddf1ea9718fe2b46760a005c53e41ff5ad610704e6?s=96&d=mm&r=g\",\"caption\":\"Nexo Informativo\"},\"url\":\"https:\/\/www.nexoinformativo.mx\/index.php\/author\/edicion\/\"}]}<\/script>\n<!-- \/ Yoast SEO plugin. -->","yoast_head_json":{"title":"Quer\u00e9taro en alerta por lluvias Protecci\u00f3n Civil refuerza monitoreo y respaldo | Nexo Informativo Santiago de Quer\u00e9taro","description":"Quer\u00e9taro en alerta por lluvias Protecci\u00f3n Civil refuerza monitoreo y respaldo","robots":{"index":"index","follow":"follow","max-snippet":"max-snippet:-1","max-image-preview":"max-image-preview:large","max-video-preview":"max-video-preview:-1"},"canonical":"https:\/\/www.nexoinformativo.mx\/index.php\/2025\/06\/18\/queretaro-en-alerta-por-lluvias-proteccion-civil-refuerza-monitoreo-y-respaldo\/","og_locale":"es_MX","og_type":"article","og_title":"Quer\u00e9taro en alerta por lluvias Protecci\u00f3n Civil refuerza monitoreo y respaldo | Nexo Informativo Santiago de Quer\u00e9taro","og_description":"Quer\u00e9taro en alerta por lluvias Protecci\u00f3n Civil refuerza monitoreo y respaldo","og_url":"https:\/\/www.nexoinformativo.mx\/index.php\/2025\/06\/18\/queretaro-en-alerta-por-lluvias-proteccion-civil-refuerza-monitoreo-y-respaldo\/","og_site_name":"Nexo Informativo Santiago de Quer\u00e9taro","article_publisher":"https:\/\/www.facebook.com\/people\/Nexo-Informativo\/61564066885511\/","article_published_time":"2025-06-18T21:00:18+00:00","article_modified_time":"2025-06-19T02:36:47+00:00","og_image":[{"width":800,"height":600,"url":"https:\/\/www.nexoinformativo.mx\/wp-content\/uploads\/2025\/06\/PHOTO-2025-06-18-13-27-31-1-scaled-e1750300554799.jpg","type":"image\/jpeg"}],"author":"Nexo Informativo","twitter_card":"summary_large_image","twitter_misc":{"Escrito por":"Nexo Informativo","Tiempo de lectura":"2 minutos"},"schema":{"@context":"https:\/\/schema.org","@graph":[{"@type":"Article","@id":"https:\/\/www.nexoinformativo.mx\/index.php\/2025\/06\/18\/queretaro-en-alerta-por-lluvias-proteccion-civil-refuerza-monitoreo-y-respaldo\/#article","isPartOf":{"@id":"https:\/\/www.nexoinformativo.mx\/index.php\/2025\/06\/18\/queretaro-en-alerta-por-lluvias-proteccion-civil-refuerza-monitoreo-y-respaldo\/"},"author":{"name":"Nexo Informativo","@id":"https:\/\/www.nexoinformativo.mx\/#\/schema\/person\/7749d380ba08c8ca00d7bc76fd907b7d"},"headline":"Quer\u00e9taro en alerta por lluvias Protecci\u00f3n Civil refuerza monitoreo y respaldo","datePublished":"2025-06-18T21:00:18+00:00","dateModified":"2025-06-19T02:36:47+00:00","mainEntityOfPage":{"@id":"https:\/\/www.nexoinformativo.mx\/index.php\/2025\/06\/18\/queretaro-en-alerta-por-lluvias-proteccion-civil-refuerza-monitoreo-y-respaldo\/"},"wordCount":353,"commentCount":0,"publisher":{"@id":"https:\/\/www.nexoinformativo.mx\/#organization"},"image":{"@id":"https:\/\/www.nexoinformativo.mx\/index.php\/2025\/06\/18\/queretaro-en-alerta-por-lluvias-proteccion-civil-refuerza-monitoreo-y-respaldo\/#primaryimage"},"thumbnailUrl":"https:\/\/www.nexoinformativo.mx\/wp-content\/uploads\/2025\/06\/PHOTO-2025-06-18-13-27-31-1-scaled-e1750300554799.jpg","keywords":["AlertaQuer\u00e9taro","LluviasQro","proteccioncivil","TemporadaDeLluvias"],"articleSection":["Estado","\u00daltima Hora"],"inLanguage":"es","potentialAction":[{"@type":"CommentAction","name":"Comment","target":["https:\/\/www.nexoinformativo.mx\/index.php\/2025\/06\/18\/queretaro-en-alerta-por-lluvias-proteccion-civil-refuerza-monitoreo-y-respaldo\/#respond"]}]},{"@type":"WebPage","@id":"https:\/\/www.nexoinformativo.mx\/index.php\/2025\/06\/18\/queretaro-en-alerta-por-lluvias-proteccion-civil-refuerza-monitoreo-y-respaldo\/","url":"https:\/\/www.nexoinformativo.mx\/index.php\/2025\/06\/18\/queretaro-en-alerta-por-lluvias-proteccion-civil-refuerza-monitoreo-y-respaldo\/","name":"Quer\u00e9taro en alerta por lluvias Protecci\u00f3n Civil refuerza monitoreo y respaldo | Nexo Informativo Santiago de Quer\u00e9taro","isPartOf":{"@id":"https:\/\/www.nexoinformativo.mx\/#website"},"primaryImageOfPage":{"@id":"https:\/\/www.nexoinformativo.mx\/index.php\/2025\/06\/18\/queretaro-en-alerta-por-lluvias-proteccion-civil-refuerza-monitoreo-y-respaldo\/#primaryimage"},"image":{"@id":"https:\/\/www.nexoinformativo.mx\/index.php\/2025\/06\/18\/queretaro-en-alerta-por-lluvias-proteccion-civil-refuerza-monitoreo-y-respaldo\/#primaryimage"},"thumbnailUrl":"https:\/\/www.nexoinformativo.mx\/wp-content\/uploads\/2025\/06\/PHOTO-2025-06-18-13-27-31-1-scaled-e1750300554799.jpg","datePublished":"2025-06-18T21:00:18+00:00","dateModified":"2025-06-19T02:36:47+00:00","description":"Quer\u00e9taro en alerta por lluvias Protecci\u00f3n Civil refuerza monitoreo y respaldo","breadcrumb":{"@id":"https:\/\/www.nexoinformativo.mx\/index.php\/2025\/06\/18\/queretaro-en-alerta-por-lluvias-proteccion-civil-refuerza-monitoreo-y-respaldo\/#breadcrumb"},"inLanguage":"es","potentialAction":[{"@type":"ReadAction","target":["https:\/\/www.nexoinformativo.mx\/index.php\/2025\/06\/18\/queretaro-en-alerta-por-lluvias-proteccion-civil-refuerza-monitoreo-y-respaldo\/"]}]},{"@type":"ImageObject","inLanguage":"es","@id":"https:\/\/www.nexoinformativo.mx\/index.php\/2025\/06\/18\/queretaro-en-alerta-por-lluvias-proteccion-civil-refuerza-monitoreo-y-respaldo\/#primaryimage","url":"https:\/\/www.nexoinformativo.mx\/wp-content\/uploads\/2025\/06\/PHOTO-2025-06-18-13-27-31-1-scaled-e1750300554799.jpg","contentUrl":"https:\/\/www.nexoinformativo.mx\/wp-content\/uploads\/2025\/06\/PHOTO-2025-06-18-13-27-31-1-scaled-e1750300554799.jpg","width":800,"height":600},{"@type":"BreadcrumbList","@id":"https:\/\/www.nexoinformativo.mx\/index.php\/2025\/06\/18\/queretaro-en-alerta-por-lluvias-proteccion-civil-refuerza-monitoreo-y-respaldo\/#breadcrumb","itemListElement":[{"@type":"ListItem","position":1,"name":"Inicio","item":"https:\/\/www.nexoinformativo.mx\/"},{"@type":"ListItem","position":2,"name":"Quer\u00e9taro en alerta por lluvias Protecci\u00f3n Civil refuerza monitoreo y respaldo"}]},{"@type":"WebSite","@id":"https:\/\/www.nexoinformativo.mx\/#website","url":"https:\/\/www.nexoinformativo.mx\/","name":"Nexo Informativo Santiago de Quer\u00e9taro","description":"Explora NexoInformativo y convi\u00e9rtete en parte de una comunidad que valora el conocimiento y la verdad. Tu nexoinformativo es tu puente hacia una comprensi\u00f3n m\u00e1s profunda del mundo que te rodea.","publisher":{"@id":"https:\/\/www.nexoinformativo.mx\/#organization"},"potentialAction":[{"@type":"SearchAction","target":{"@type":"EntryPoint","urlTemplate":"https:\/\/www.nexoinformativo.mx\/?s={search_term_string}"},"query-input":{"@type":"PropertyValueSpecification","valueRequired":true,"valueName":"search_term_string"}}],"inLanguage":"es"},{"@type":"Organization","@id":"https:\/\/www.nexoinformativo.mx\/#organization","name":"Nexo Informativo Santiago de Quer\u00e9taro","url":"https:\/\/www.nexoinformativo.mx\/","logo":{"@type":"ImageObject","inLanguage":"es","@id":"https:\/\/www.nexoinformativo.mx\/#\/schema\/logo\/image\/","url":"https:\/\/www.nexoinformativo.mx\/wp-content\/uploads\/2024\/07\/nexoi-trasparente-2.png","contentUrl":"https:\/\/www.nexoinformativo.mx\/wp-content\/uploads\/2024\/07\/nexoi-trasparente-2.png","width":816,"height":339,"caption":"Nexo Informativo Santiago de Quer\u00e9taro"},"image":{"@id":"https:\/\/www.nexoinformativo.mx\/#\/schema\/logo\/image\/"},"sameAs":["https:\/\/www.facebook.com\/people\/Nexo-Informativo\/61564066885511\/"]},{"@type":"Person","@id":"https:\/\/www.nexoinformativo.mx\/#\/schema\/person\/7749d380ba08c8ca00d7bc76fd907b7d","name":"Nexo Informativo","image":{"@type":"ImageObject","inLanguage":"es","@id":"https:\/\/www.nexoinformativo.mx\/#\/schema\/person\/image\/","url":"https:\/\/secure.gravatar.com\/avatar\/dde2928154642a13d95f87ddf1ea9718fe2b46760a005c53e41ff5ad610704e6?s=96&d=mm&r=g","contentUrl":"https:\/\/secure.gravatar.com\/avatar\/dde2928154642a13d95f87ddf1ea9718fe2b46760a005c53e41ff5ad610704e6?s=96&d=mm&r=g","caption":"Nexo Informativo"},"url":"https:\/\/www.nexoinformativo.mx\/index.php\/author\/edicion\/"}]}},"_links":{"self":[{"href":"https:\/\/www.nexoinformativo.mx\/index.php\/wp-json\/wp\/v2\/posts\/16002","targetHints":{"allow":["GET"]}}],"collection":[{"href":"https:\/\/www.nexoinformativo.mx\/index.php\/wp-json\/wp\/v2\/posts"}],"about":[{"href":"https:\/\/www.nexoinformativo.mx\/index.php\/wp-json\/wp\/v2\/types\/post"}],"author":[{"embeddable":true,"href":"https:\/\/www.nexoinformativo.mx\/index.php\/wp-json\/wp\/v2\/users\/3"}],"replies":[{"embeddable":true,"href":"https:\/\/www.nexoinformativo.mx\/index.php\/wp-json\/wp\/v2\/comments?post=16002"}],"version-history":[{"count":3,"href":"https:\/\/www.nexoinformativo.mx\/index.php\/wp-json\/wp\/v2\/posts\/16002\/revisions"}],"predecessor-version":[{"id":16006,"href":"https:\/\/www.nexoinformativo.mx\/index.php\/wp-json\/wp\/v2\/posts\/16002\/revisions\/16006"}],"wp:featuredmedia":[{"embeddable":true,"href":"https:\/\/www.nexoinformativo.mx\/index.php\/wp-json\/wp\/v2\/media\/16003"}],"wp:attachment":[{"href":"https:\/\/www.nexoinformativo.mx\/index.php\/wp-json\/wp\/v2\/media?parent=16002"}],"wp:term":[{"taxonomy":"category","embeddable":true,"href":"https:\/\/www.nexoinformativo.mx\/index.php\/wp-json\/wp\/v2\/categories?post=16002"},{"taxonomy":"post_tag","embeddable":true,"href":"https:\/\/www.nexoinformativo.mx\/index.php\/wp-json\/wp\/v2\/tags?post=16002"}],"curies":[{"name":"wp","href":"https:\/\/api.w.org\/{rel}","templated":true}]}}