{"id":16007,"date":"2025-06-18T16:00:04","date_gmt":"2025-06-18T22:00:04","guid":{"rendered":"https:\/\/www.nexoinformativo.mx\/?p=16007"},"modified":"2025-06-18T20:41:05","modified_gmt":"2025-06-19T02:41:05","slug":"felifer-macias-fortalece-a-bomberos-de-queretaro-con-nuevo-consejo-y-equipo","status":"publish","type":"post","link":"https:\/\/www.nexoinformativo.mx\/index.php\/2025\/06\/18\/felifer-macias-fortalece-a-bomberos-de-queretaro-con-nuevo-consejo-y-equipo\/","title":{"rendered":"Felifer Mac\u00edas fortalece a bomberos de Quer\u00e9taro con nuevo consejo y equipo"},"content":{"rendered":"<p style=\"text-align: justify;\" data-sourcepos=\"5:1-5:303\">El presidente municipal de Quer\u00e9taro, Felifer Mac\u00edas, encabez\u00f3 la toma de protesta del Consejo de Administraci\u00f3n de Bomberos para el periodo 2025-2027.<\/p>\n<p>&nbsp;<\/p>\n<p style=\"text-align: justify;\" data-sourcepos=\"5:1-5:303\">Con este acto, se reafirma la solidez de una instituci\u00f3n vital para la prevenci\u00f3n y seguridad de las familias queretanas.<\/p>\n<p>&nbsp;<\/p>\n<p style=\"text-align: justify;\" data-sourcepos=\"7:1-7:220\">Felifer Mac\u00edas reconoci\u00f3 el gran trabajo y la entrega de los bomberos, quienes arriesgan su vida por el bienestar de los ciudadanos, ya sea combatiendo incendios en zonas urbanas o apoyando ante afectaciones por lluvias.<\/p>\n<p>&nbsp;<\/p>\n<p style=\"text-align: justify;\" data-sourcepos=\"9:1-9:301\">Un momento destacado fue la entrega de las llaves de dos veh\u00edculos donados por el Cuerpo de Bomberos de Bakersfield, California, a los Bomberos de Quer\u00e9taro. Esta donaci\u00f3n fortalece directamente su capacidad de respuesta y mejora la operatividad para construir &#8220;el mejor Quer\u00e9taro de la historia&#8221;.<\/p>\n<p>&nbsp;<\/p>\n<p style=\"text-align: justify;\" data-sourcepos=\"11:1-11:405\">El nuevo Consejo de Administraci\u00f3n de Bomberos ser\u00e1 liderado por Sergio Arturo Pesquera, consejero presidente entrante de Prevenci\u00f3n y Protecci\u00f3n S.C. Bomberos de Quer\u00e9taro.<\/p>\n<p>&nbsp;<\/p>\n<p style=\"text-align: justify;\" data-sourcepos=\"11:1-11:405\">Al finalizar su intervenci\u00f3n, Pesquera Perusqu\u00eda entreg\u00f3 al alcalde una carta para refrendar el hermanamiento entre Quer\u00e9taro y Bakersfield, California, con motivo del vig\u00e9simo aniversario de esta importante relaci\u00f3n.<\/p>\n<p>&nbsp;<\/p>\n<p style=\"text-align: justify;\" data-sourcepos=\"13:1-13:602\">El alcalde Felifer Mac\u00edas enfatiz\u00f3 el apoyo continuo a esta noble labor: \u201cComo lo comentaba hace unos minutos, estamos todav\u00eda lejos, como autoridades, del sacrificio y compromiso que siempre han tenido los bomberos con nosotros. Sabemos que hay muchos temas pendientes y tenemos que avanzar y haciendo equipo, iniciativa privada y autoridades, tenemos que mandar un mensaje muy claro a nuestros bomberos de que estamos con ellos\u201d.<\/p>\n<p>&nbsp;<\/p>\n<p style=\"text-align: center;\" data-sourcepos=\"13:1-13:602\"><em><strong>\u00a1Informaci\u00f3n que transforma!<\/strong><\/em><\/p>\n","protected":false},"excerpt":{"rendered":"<p>El presidente municipal de Quer\u00e9taro, Felifer Mac\u00edas, encabez\u00f3 la toma de protesta del Consejo de Administraci\u00f3n de Bomberos para el periodo 2025-2027.<\/p>\n","protected":false},"author":3,"featured_media":16008,"comment_status":"open","ping_status":"open","sticky":false,"template":"","format":"standard","meta":{"footnotes":""},"categories":[65,58],"tags":[4807,1000,4808,242],"class_list":["post-16007","post","type-post","status-publish","format-standard","has-post-thumbnail","hentry","category-municipios","category-ultima-hora","tag-bomberosqueretaro","tag-felifermacias","tag-heroeslocales","tag-queretaroseguro"],"yoast_head":"<!-- This site is optimized with the Yoast SEO plugin v25.0 - https:\/\/yoast.com\/wordpress\/plugins\/seo\/ -->\n<title>Felifer Mac\u00edas fortalece a bomberos de Quer\u00e9taro con nuevo consejo y equipo | Nexo Informativo Santiago de Quer\u00e9taro<\/title>\n<meta name=\"robots\" content=\"index, follow, max-snippet:-1, max-image-preview:large, max-video-preview:-1\" \/>\n<link rel=\"canonical\" href=\"https:\/\/www.nexoinformativo.mx\/index.php\/2025\/06\/18\/felifer-macias-fortalece-a-bomberos-de-queretaro-con-nuevo-consejo-y-equipo\/\" \/>\n<meta property=\"og:locale\" content=\"es_MX\" \/>\n<meta property=\"og:type\" content=\"article\" \/>\n<meta property=\"og:title\" content=\"Felifer Mac\u00edas fortalece a bomberos de Quer\u00e9taro con nuevo consejo y equipo | Nexo Informativo Santiago de Quer\u00e9taro\" \/>\n<meta property=\"og:description\" content=\"El presidente municipal de Quer\u00e9taro, Felifer Mac\u00edas, encabez\u00f3 la toma de protesta del Consejo de Administraci\u00f3n de Bomberos para el periodo 2025-2027.\" \/>\n<meta property=\"og:url\" content=\"https:\/\/www.nexoinformativo.mx\/index.php\/2025\/06\/18\/felifer-macias-fortalece-a-bomberos-de-queretaro-con-nuevo-consejo-y-equipo\/\" \/>\n<meta property=\"og:site_name\" content=\"Nexo Informativo Santiago de Quer\u00e9taro\" \/>\n<meta property=\"article:publisher\" content=\"https:\/\/www.facebook.com\/people\/Nexo-Informativo\/61564066885511\/\" \/>\n<meta property=\"article:published_time\" content=\"2025-06-18T22:00:04+00:00\" \/>\n<meta property=\"article:modified_time\" content=\"2025-06-19T02:41:05+00:00\" \/>\n<meta property=\"og:image\" content=\"https:\/\/www.nexoinformativo.mx\/wp-content\/uploads\/2025\/06\/PHOTO-2025-06-18-13-27-53-e1750300813640.jpg\" \/>\n\t<meta property=\"og:image:width\" content=\"800\" \/>\n\t<meta property=\"og:image:height\" content=\"533\" \/>\n\t<meta property=\"og:image:type\" content=\"image\/jpeg\" \/>\n<meta name=\"author\" content=\"Nexo Informativo\" \/>\n<meta name=\"twitter:card\" content=\"summary_large_image\" \/>\n<meta name=\"twitter:label1\" content=\"Escrito por\" \/>\n\t<meta name=\"twitter:data1\" content=\"Nexo Informativo\" \/>\n\t<meta name=\"twitter:label2\" content=\"Tiempo de lectura\" \/>\n\t<meta name=\"twitter:data2\" content=\"2 minutos\" \/>\n<script type=\"application\/ld+json\" class=\"yoast-schema-graph\">{\"@context\":\"https:\/\/schema.org\",\"@graph\":[{\"@type\":\"Article\",\"@id\":\"https:\/\/www.nexoinformativo.mx\/index.php\/2025\/06\/18\/felifer-macias-fortalece-a-bomberos-de-queretaro-con-nuevo-consejo-y-equipo\/#article\",\"isPartOf\":{\"@id\":\"https:\/\/www.nexoinformativo.mx\/index.php\/2025\/06\/18\/felifer-macias-fortalece-a-bomberos-de-queretaro-con-nuevo-consejo-y-equipo\/\"},\"author\":{\"name\":\"Nexo Informativo\",\"@id\":\"https:\/\/www.nexoinformativo.mx\/#\/schema\/person\/7749d380ba08c8ca00d7bc76fd907b7d\"},\"headline\":\"Felifer Mac\u00edas fortalece a bomberos de Quer\u00e9taro con nuevo consejo y equipo\",\"datePublished\":\"2025-06-18T22:00:04+00:00\",\"dateModified\":\"2025-06-19T02:41:05+00:00\",\"mainEntityOfPage\":{\"@id\":\"https:\/\/www.nexoinformativo.mx\/index.php\/2025\/06\/18\/felifer-macias-fortalece-a-bomberos-de-queretaro-con-nuevo-consejo-y-equipo\/\"},\"wordCount\":290,\"commentCount\":0,\"publisher\":{\"@id\":\"https:\/\/www.nexoinformativo.mx\/#organization\"},\"image\":{\"@id\":\"https:\/\/www.nexoinformativo.mx\/index.php\/2025\/06\/18\/felifer-macias-fortalece-a-bomberos-de-queretaro-con-nuevo-consejo-y-equipo\/#primaryimage\"},\"thumbnailUrl\":\"https:\/\/www.nexoinformativo.mx\/wp-content\/uploads\/2025\/06\/PHOTO-2025-06-18-13-27-53-e1750300813640.jpg\",\"keywords\":[\"BomberosQuer\u00e9taro\",\"FeliferMac\u00edas\",\"H\u00e9roesLocales\",\"QueretaroSeguro\"],\"articleSection\":[\"Municipios\",\"\u00daltima Hora\"],\"inLanguage\":\"es\",\"potentialAction\":[{\"@type\":\"CommentAction\",\"name\":\"Comment\",\"target\":[\"https:\/\/www.nexoinformativo.mx\/index.php\/2025\/06\/18\/felifer-macias-fortalece-a-bomberos-de-queretaro-con-nuevo-consejo-y-equipo\/#respond\"]}]},{\"@type\":\"WebPage\",\"@id\":\"https:\/\/www.nexoinformativo.mx\/index.php\/2025\/06\/18\/felifer-macias-fortalece-a-bomberos-de-queretaro-con-nuevo-consejo-y-equipo\/\",\"url\":\"https:\/\/www.nexoinformativo.mx\/index.php\/2025\/06\/18\/felifer-macias-fortalece-a-bomberos-de-queretaro-con-nuevo-consejo-y-equipo\/\",\"name\":\"Felifer Mac\u00edas fortalece a bomberos de Quer\u00e9taro con nuevo consejo y equipo | Nexo Informativo Santiago de Quer\u00e9taro\",\"isPartOf\":{\"@id\":\"https:\/\/www.nexoinformativo.mx\/#website\"},\"primaryImageOfPage\":{\"@id\":\"https:\/\/www.nexoinformativo.mx\/index.php\/2025\/06\/18\/felifer-macias-fortalece-a-bomberos-de-queretaro-con-nuevo-consejo-y-equipo\/#primaryimage\"},\"image\":{\"@id\":\"https:\/\/www.nexoinformativo.mx\/index.php\/2025\/06\/18\/felifer-macias-fortalece-a-bomberos-de-queretaro-con-nuevo-consejo-y-equipo\/#primaryimage\"},\"thumbnailUrl\":\"https:\/\/www.nexoinformativo.mx\/wp-content\/uploads\/2025\/06\/PHOTO-2025-06-18-13-27-53-e1750300813640.jpg\",\"datePublished\":\"2025-06-18T22:00:04+00:00\",\"dateModified\":\"2025-06-19T02:41:05+00:00\",\"breadcrumb\":{\"@id\":\"https:\/\/www.nexoinformativo.mx\/index.php\/2025\/06\/18\/felifer-macias-fortalece-a-bomberos-de-queretaro-con-nuevo-consejo-y-equipo\/#breadcrumb\"},\"inLanguage\":\"es\",\"potentialAction\":[{\"@type\":\"ReadAction\",\"target\":[\"https:\/\/www.nexoinformativo.mx\/index.php\/2025\/06\/18\/felifer-macias-fortalece-a-bomberos-de-queretaro-con-nuevo-consejo-y-equipo\/\"]}]},{\"@type\":\"ImageObject\",\"inLanguage\":\"es\",\"@id\":\"https:\/\/www.nexoinformativo.mx\/index.php\/2025\/06\/18\/felifer-macias-fortalece-a-bomberos-de-queretaro-con-nuevo-consejo-y-equipo\/#primaryimage\",\"url\":\"https:\/\/www.nexoinformativo.mx\/wp-content\/uploads\/2025\/06\/PHOTO-2025-06-18-13-27-53-e1750300813640.jpg\",\"contentUrl\":\"https:\/\/www.nexoinformativo.mx\/wp-content\/uploads\/2025\/06\/PHOTO-2025-06-18-13-27-53-e1750300813640.jpg\",\"width\":800,\"height\":533},{\"@type\":\"BreadcrumbList\",\"@id\":\"https:\/\/www.nexoinformativo.mx\/index.php\/2025\/06\/18\/felifer-macias-fortalece-a-bomberos-de-queretaro-con-nuevo-consejo-y-equipo\/#breadcrumb\",\"itemListElement\":[{\"@type\":\"ListItem\",\"position\":1,\"name\":\"Inicio\",\"item\":\"https:\/\/www.nexoinformativo.mx\/\"},{\"@type\":\"ListItem\",\"position\":2,\"name\":\"Felifer Mac\u00edas fortalece a bomberos de Quer\u00e9taro con nuevo consejo y equipo\"}]},{\"@type\":\"WebSite\",\"@id\":\"https:\/\/www.nexoinformativo.mx\/#website\",\"url\":\"https:\/\/www.nexoinformativo.mx\/\",\"name\":\"Nexo Informativo Santiago de Quer\u00e9taro\",\"description\":\"Explora NexoInformativo y convi\u00e9rtete en parte de una comunidad que valora el conocimiento y la verdad. Tu nexoinformativo es tu puente hacia una comprensi\u00f3n m\u00e1s profunda del mundo que te rodea.\",\"publisher\":{\"@id\":\"https:\/\/www.nexoinformativo.mx\/#organization\"},\"potentialAction\":[{\"@type\":\"SearchAction\",\"target\":{\"@type\":\"EntryPoint\",\"urlTemplate\":\"https:\/\/www.nexoinformativo.mx\/?s={search_term_string}\"},\"query-input\":{\"@type\":\"PropertyValueSpecification\",\"valueRequired\":true,\"valueName\":\"search_term_string\"}}],\"inLanguage\":\"es\"},{\"@type\":\"Organization\",\"@id\":\"https:\/\/www.nexoinformativo.mx\/#organization\",\"name\":\"Nexo Informativo Santiago de Quer\u00e9taro\",\"url\":\"https:\/\/www.nexoinformativo.mx\/\",\"logo\":{\"@type\":\"ImageObject\",\"inLanguage\":\"es\",\"@id\":\"https:\/\/www.nexoinformativo.mx\/#\/schema\/logo\/image\/\",\"url\":\"https:\/\/www.nexoinformativo.mx\/wp-content\/uploads\/2024\/07\/nexoi-trasparente-2.png\",\"contentUrl\":\"https:\/\/www.nexoinformativo.mx\/wp-content\/uploads\/2024\/07\/nexoi-trasparente-2.png\",\"width\":816,\"height\":339,\"caption\":\"Nexo Informativo Santiago de Quer\u00e9taro\"},\"image\":{\"@id\":\"https:\/\/www.nexoinformativo.mx\/#\/schema\/logo\/image\/\"},\"sameAs\":[\"https:\/\/www.facebook.com\/people\/Nexo-Informativo\/61564066885511\/\"]},{\"@type\":\"Person\",\"@id\":\"https:\/\/www.nexoinformativo.mx\/#\/schema\/person\/7749d380ba08c8ca00d7bc76fd907b7d\",\"name\":\"Nexo Informativo\",\"image\":{\"@type\":\"ImageObject\",\"inLanguage\":\"es\",\"@id\":\"https:\/\/www.nexoinformativo.mx\/#\/schema\/person\/image\/\",\"url\":\"https:\/\/secure.gravatar.com\/avatar\/dde2928154642a13d95f87ddf1ea9718fe2b46760a005c53e41ff5ad610704e6?s=96&d=mm&r=g\",\"contentUrl\":\"https:\/\/secure.gravatar.com\/avatar\/dde2928154642a13d95f87ddf1ea9718fe2b46760a005c53e41ff5ad610704e6?s=96&d=mm&r=g\",\"caption\":\"Nexo Informativo\"},\"url\":\"https:\/\/www.nexoinformativo.mx\/index.php\/author\/edicion\/\"}]}<\/script>\n<!-- \/ Yoast SEO plugin. -->","yoast_head_json":{"title":"Felifer Mac\u00edas fortalece a bomberos de Quer\u00e9taro con nuevo consejo y equipo | Nexo Informativo Santiago de Quer\u00e9taro","robots":{"index":"index","follow":"follow","max-snippet":"max-snippet:-1","max-image-preview":"max-image-preview:large","max-video-preview":"max-video-preview:-1"},"canonical":"https:\/\/www.nexoinformativo.mx\/index.php\/2025\/06\/18\/felifer-macias-fortalece-a-bomberos-de-queretaro-con-nuevo-consejo-y-equipo\/","og_locale":"es_MX","og_type":"article","og_title":"Felifer Mac\u00edas fortalece a bomberos de Quer\u00e9taro con nuevo consejo y equipo | Nexo Informativo Santiago de Quer\u00e9taro","og_description":"El presidente municipal de Quer\u00e9taro, Felifer Mac\u00edas, encabez\u00f3 la toma de protesta del Consejo de Administraci\u00f3n de Bomberos para el periodo 2025-2027.","og_url":"https:\/\/www.nexoinformativo.mx\/index.php\/2025\/06\/18\/felifer-macias-fortalece-a-bomberos-de-queretaro-con-nuevo-consejo-y-equipo\/","og_site_name":"Nexo Informativo Santiago de Quer\u00e9taro","article_publisher":"https:\/\/www.facebook.com\/people\/Nexo-Informativo\/61564066885511\/","article_published_time":"2025-06-18T22:00:04+00:00","article_modified_time":"2025-06-19T02:41:05+00:00","og_image":[{"width":800,"height":533,"url":"https:\/\/www.nexoinformativo.mx\/wp-content\/uploads\/2025\/06\/PHOTO-2025-06-18-13-27-53-e1750300813640.jpg","type":"image\/jpeg"}],"author":"Nexo Informativo","twitter_card":"summary_large_image","twitter_misc":{"Escrito por":"Nexo Informativo","Tiempo de lectura":"2 minutos"},"schema":{"@context":"https:\/\/schema.org","@graph":[{"@type":"Article","@id":"https:\/\/www.nexoinformativo.mx\/index.php\/2025\/06\/18\/felifer-macias-fortalece-a-bomberos-de-queretaro-con-nuevo-consejo-y-equipo\/#article","isPartOf":{"@id":"https:\/\/www.nexoinformativo.mx\/index.php\/2025\/06\/18\/felifer-macias-fortalece-a-bomberos-de-queretaro-con-nuevo-consejo-y-equipo\/"},"author":{"name":"Nexo Informativo","@id":"https:\/\/www.nexoinformativo.mx\/#\/schema\/person\/7749d380ba08c8ca00d7bc76fd907b7d"},"headline":"Felifer Mac\u00edas fortalece a bomberos de Quer\u00e9taro con nuevo consejo y equipo","datePublished":"2025-06-18T22:00:04+00:00","dateModified":"2025-06-19T02:41:05+00:00","mainEntityOfPage":{"@id":"https:\/\/www.nexoinformativo.mx\/index.php\/2025\/06\/18\/felifer-macias-fortalece-a-bomberos-de-queretaro-con-nuevo-consejo-y-equipo\/"},"wordCount":290,"commentCount":0,"publisher":{"@id":"https:\/\/www.nexoinformativo.mx\/#organization"},"image":{"@id":"https:\/\/www.nexoinformativo.mx\/index.php\/2025\/06\/18\/felifer-macias-fortalece-a-bomberos-de-queretaro-con-nuevo-consejo-y-equipo\/#primaryimage"},"thumbnailUrl":"https:\/\/www.nexoinformativo.mx\/wp-content\/uploads\/2025\/06\/PHOTO-2025-06-18-13-27-53-e1750300813640.jpg","keywords":["BomberosQuer\u00e9taro","FeliferMac\u00edas","H\u00e9roesLocales","QueretaroSeguro"],"articleSection":["Municipios","\u00daltima Hora"],"inLanguage":"es","potentialAction":[{"@type":"CommentAction","name":"Comment","target":["https:\/\/www.nexoinformativo.mx\/index.php\/2025\/06\/18\/felifer-macias-fortalece-a-bomberos-de-queretaro-con-nuevo-consejo-y-equipo\/#respond"]}]},{"@type":"WebPage","@id":"https:\/\/www.nexoinformativo.mx\/index.php\/2025\/06\/18\/felifer-macias-fortalece-a-bomberos-de-queretaro-con-nuevo-consejo-y-equipo\/","url":"https:\/\/www.nexoinformativo.mx\/index.php\/2025\/06\/18\/felifer-macias-fortalece-a-bomberos-de-queretaro-con-nuevo-consejo-y-equipo\/","name":"Felifer Mac\u00edas fortalece a bomberos de Quer\u00e9taro con nuevo consejo y equipo | Nexo Informativo Santiago de Quer\u00e9taro","isPartOf":{"@id":"https:\/\/www.nexoinformativo.mx\/#website"},"primaryImageOfPage":{"@id":"https:\/\/www.nexoinformativo.mx\/index.php\/2025\/06\/18\/felifer-macias-fortalece-a-bomberos-de-queretaro-con-nuevo-consejo-y-equipo\/#primaryimage"},"image":{"@id":"https:\/\/www.nexoinformativo.mx\/index.php\/2025\/06\/18\/felifer-macias-fortalece-a-bomberos-de-queretaro-con-nuevo-consejo-y-equipo\/#primaryimage"},"thumbnailUrl":"https:\/\/www.nexoinformativo.mx\/wp-content\/uploads\/2025\/06\/PHOTO-2025-06-18-13-27-53-e1750300813640.jpg","datePublished":"2025-06-18T22:00:04+00:00","dateModified":"2025-06-19T02:41:05+00:00","breadcrumb":{"@id":"https:\/\/www.nexoinformativo.mx\/index.php\/2025\/06\/18\/felifer-macias-fortalece-a-bomberos-de-queretaro-con-nuevo-consejo-y-equipo\/#breadcrumb"},"inLanguage":"es","potentialAction":[{"@type":"ReadAction","target":["https:\/\/www.nexoinformativo.mx\/index.php\/2025\/06\/18\/felifer-macias-fortalece-a-bomberos-de-queretaro-con-nuevo-consejo-y-equipo\/"]}]},{"@type":"ImageObject","inLanguage":"es","@id":"https:\/\/www.nexoinformativo.mx\/index.php\/2025\/06\/18\/felifer-macias-fortalece-a-bomberos-de-queretaro-con-nuevo-consejo-y-equipo\/#primaryimage","url":"https:\/\/www.nexoinformativo.mx\/wp-content\/uploads\/2025\/06\/PHOTO-2025-06-18-13-27-53-e1750300813640.jpg","contentUrl":"https:\/\/www.nexoinformativo.mx\/wp-content\/uploads\/2025\/06\/PHOTO-2025-06-18-13-27-53-e1750300813640.jpg","width":800,"height":533},{"@type":"BreadcrumbList","@id":"https:\/\/www.nexoinformativo.mx\/index.php\/2025\/06\/18\/felifer-macias-fortalece-a-bomberos-de-queretaro-con-nuevo-consejo-y-equipo\/#breadcrumb","itemListElement":[{"@type":"ListItem","position":1,"name":"Inicio","item":"https:\/\/www.nexoinformativo.mx\/"},{"@type":"ListItem","position":2,"name":"Felifer Mac\u00edas fortalece a bomberos de Quer\u00e9taro con nuevo consejo y equipo"}]},{"@type":"WebSite","@id":"https:\/\/www.nexoinformativo.mx\/#website","url":"https:\/\/www.nexoinformativo.mx\/","name":"Nexo Informativo Santiago de Quer\u00e9taro","description":"Explora NexoInformativo y convi\u00e9rtete en parte de una comunidad que valora el conocimiento y la verdad. Tu nexoinformativo es tu puente hacia una comprensi\u00f3n m\u00e1s profunda del mundo que te rodea.","publisher":{"@id":"https:\/\/www.nexoinformativo.mx\/#organization"},"potentialAction":[{"@type":"SearchAction","target":{"@type":"EntryPoint","urlTemplate":"https:\/\/www.nexoinformativo.mx\/?s={search_term_string}"},"query-input":{"@type":"PropertyValueSpecification","valueRequired":true,"valueName":"search_term_string"}}],"inLanguage":"es"},{"@type":"Organization","@id":"https:\/\/www.nexoinformativo.mx\/#organization","name":"Nexo Informativo Santiago de Quer\u00e9taro","url":"https:\/\/www.nexoinformativo.mx\/","logo":{"@type":"ImageObject","inLanguage":"es","@id":"https:\/\/www.nexoinformativo.mx\/#\/schema\/logo\/image\/","url":"https:\/\/www.nexoinformativo.mx\/wp-content\/uploads\/2024\/07\/nexoi-trasparente-2.png","contentUrl":"https:\/\/www.nexoinformativo.mx\/wp-content\/uploads\/2024\/07\/nexoi-trasparente-2.png","width":816,"height":339,"caption":"Nexo Informativo Santiago de Quer\u00e9taro"},"image":{"@id":"https:\/\/www.nexoinformativo.mx\/#\/schema\/logo\/image\/"},"sameAs":["https:\/\/www.facebook.com\/people\/Nexo-Informativo\/61564066885511\/"]},{"@type":"Person","@id":"https:\/\/www.nexoinformativo.mx\/#\/schema\/person\/7749d380ba08c8ca00d7bc76fd907b7d","name":"Nexo Informativo","image":{"@type":"ImageObject","inLanguage":"es","@id":"https:\/\/www.nexoinformativo.mx\/#\/schema\/person\/image\/","url":"https:\/\/secure.gravatar.com\/avatar\/dde2928154642a13d95f87ddf1ea9718fe2b46760a005c53e41ff5ad610704e6?s=96&d=mm&r=g","contentUrl":"https:\/\/secure.gravatar.com\/avatar\/dde2928154642a13d95f87ddf1ea9718fe2b46760a005c53e41ff5ad610704e6?s=96&d=mm&r=g","caption":"Nexo Informativo"},"url":"https:\/\/www.nexoinformativo.mx\/index.php\/author\/edicion\/"}]}},"_links":{"self":[{"href":"https:\/\/www.nexoinformativo.mx\/index.php\/wp-json\/wp\/v2\/posts\/16007","targetHints":{"allow":["GET"]}}],"collection":[{"href":"https:\/\/www.nexoinformativo.mx\/index.php\/wp-json\/wp\/v2\/posts"}],"about":[{"href":"https:\/\/www.nexoinformativo.mx\/index.php\/wp-json\/wp\/v2\/types\/post"}],"author":[{"embeddable":true,"href":"https:\/\/www.nexoinformativo.mx\/index.php\/wp-json\/wp\/v2\/users\/3"}],"replies":[{"embeddable":true,"href":"https:\/\/www.nexoinformativo.mx\/index.php\/wp-json\/wp\/v2\/comments?post=16007"}],"version-history":[{"count":4,"href":"https:\/\/www.nexoinformativo.mx\/index.php\/wp-json\/wp\/v2\/posts\/16007\/revisions"}],"predecessor-version":[{"id":16012,"href":"https:\/\/www.nexoinformativo.mx\/index.php\/wp-json\/wp\/v2\/posts\/16007\/revisions\/16012"}],"wp:featuredmedia":[{"embeddable":true,"href":"https:\/\/www.nexoinformativo.mx\/index.php\/wp-json\/wp\/v2\/media\/16008"}],"wp:attachment":[{"href":"https:\/\/www.nexoinformativo.mx\/index.php\/wp-json\/wp\/v2\/media?parent=16007"}],"wp:term":[{"taxonomy":"category","embeddable":true,"href":"https:\/\/www.nexoinformativo.mx\/index.php\/wp-json\/wp\/v2\/categories?post=16007"},{"taxonomy":"post_tag","embeddable":true,"href":"https:\/\/www.nexoinformativo.mx\/index.php\/wp-json\/wp\/v2\/tags?post=16007"}],"curies":[{"name":"wp","href":"https:\/\/api.w.org\/{rel}","templated":true}]}}