{"id":16021,"date":"2025-06-19T08:00:38","date_gmt":"2025-06-19T14:00:38","guid":{"rendered":"https:\/\/www.nexoinformativo.mx\/?p=16021"},"modified":"2025-06-19T13:32:01","modified_gmt":"2025-06-19T19:32:01","slug":"mexico-apuesta-por-la-mineria-del-futuro-nace-comite-educativo-para-impulsar-innovacion-y-patentes","status":"publish","type":"post","link":"https:\/\/www.nexoinformativo.mx\/index.php\/2025\/06\/19\/mexico-apuesta-por-la-mineria-del-futuro-nace-comite-educativo-para-impulsar-innovacion-y-patentes\/","title":{"rendered":"M\u00e9xico apuesta por la miner\u00eda del futuro nace Comit\u00e9 Educativo para impulsar innovaci\u00f3n y patentes"},"content":{"rendered":"<p style=\"text-align: justify;\" data-sourcepos=\"5:1-5:455\">M\u00e9xico est\u00e1 dando un paso gigante hacia la innovaci\u00f3n en miner\u00eda con la instalaci\u00f3n del Primer Comit\u00e9 Educativo de Miner\u00eda M\u00e9xico 2025 por parte de la Secretar\u00eda de Econom\u00eda.<\/p>\n<p>&nbsp;<\/p>\n<p style=\"text-align: justify;\" data-sourcepos=\"5:1-5:455\">Este comit\u00e9, que re\u00fane a m\u00e1s de 26 instituciones acad\u00e9micas, universidades, empresas mineras, asociaciones y autoridades, tiene un objetivo claro: impulsar el conocimiento, las buenas pr\u00e1cticas y la generaci\u00f3n de patentes mexicanas en el sector.<\/p>\n<p>&nbsp;<\/p>\n<p style=\"text-align: justify;\" data-sourcepos=\"7:1-7:560\">Marcelo Ebrard, secretario de Econom\u00eda, destac\u00f3 que esta alianza estrat\u00e9gica aumentar\u00e1 la capacidad t\u00e9cnica y de transformaci\u00f3n del pa\u00eds, buscando la autosuficiencia minera.<\/p>\n<p>&nbsp;<\/p>\n<p style=\"text-align: justify;\" data-sourcepos=\"11:1-11:360\">El Plan M\u00e9xico, detall\u00f3 Ebrard, busca aumentar la producci\u00f3n minera, proteger la autosuficiencia energ\u00e9tica y alimentaria, y fortalecer la base econ\u00f3mica del pa\u00eds.<\/p>\n<p>&nbsp;<\/p>\n<p style=\"text-align: justify;\" data-sourcepos=\"11:1-11:360\">El compromiso de la presidenta Claudia Sheinbaum es fomentar una miner\u00eda del siglo XXI: sustentable, socialmente responsable y respetuosa del medio ambiente, incluyendo el manejo del agua.<\/p>\n<p>&nbsp;<\/p>\n<p style=\"text-align: justify;\" data-sourcepos=\"13:1-13:308\">Fernando Aboitiz Saro, de la Coordinaci\u00f3n de Actividades Extractivas, se\u00f1al\u00f3 que desarrollar conocimiento es fundamental para el liderazgo global. Con este Comit\u00e9, se busca que la miner\u00eda no sea solo una industria extractiva, sino un ejemplo de c\u00f3mo la educaci\u00f3n y la innovaci\u00f3n pueden transformar un sector.<\/p>\n<p>&nbsp;<\/p>\n<p style=\"text-align: justify;\" data-sourcepos=\"24:1-24:324\">Pedro Rivero, presidente de CAMIMEX, resalt\u00f3 que la industria minera ofrece empleos formales con salarios 34% superiores al promedio nacional. Rub\u00e9n del Pozo, presidente de la AIMMGM, celebr\u00f3 que esta iniciativa brindar\u00e1 mejores oportunidades a miles de j\u00f3venes egresados de carreras relacionadas con la miner\u00eda.<\/p>\n<p>&nbsp;<\/p>\n<p style=\"text-align: justify;\" data-sourcepos=\"26:1-26:213\">Doris Vega P\u00e9rez, presidenta de WIM M\u00e9xico, enfatiz\u00f3 el notable crecimiento de la participaci\u00f3n femenina en el sector, que hoy representa el 18% de los empleos directos, incluyendo puestos directivos y operativos.<\/p>\n<p>&nbsp;<\/p>\n<p style=\"text-align: justify;\" data-sourcepos=\"30:1-30:159\">Al evento asistieron importantes l\u00edderes acad\u00e9micos, empresariales y gubernamentales, reafirmando el compromiso conjunto con el futuro de la miner\u00eda en M\u00e9xico.<\/p>\n<p>&nbsp;<\/p>\n<p style=\"text-align: center;\" data-sourcepos=\"30:1-30:159\"><em><strong>\u00a1Informaci\u00f3n que transforma!<\/strong><\/em><\/p>\n","protected":false},"excerpt":{"rendered":"<p>M\u00e9xico est\u00e1 dando un paso gigante hacia la innovaci\u00f3n en miner\u00eda con la instalaci\u00f3n del Primer Comit\u00e9 Educativo de Miner\u00eda M\u00e9xico 2025 por parte de la Secretar\u00eda de Econom\u00eda.<\/p>\n","protected":false},"author":3,"featured_media":16022,"comment_status":"open","ping_status":"open","sticky":false,"template":"","format":"standard","meta":{"footnotes":""},"categories":[5,88,58],"tags":[1455,4812,4813,4811],"class_list":["post-16021","post","type-post","status-publish","format-standard","has-post-thumbnail","hentry","category-economia","category-nacional","category-ultima-hora","tag-economiamx","tag-innovacionmineria","tag-mineriadelfuturo","tag-mineriamexico"],"yoast_head":"<!-- This site is optimized with the Yoast SEO plugin v25.0 - https:\/\/yoast.com\/wordpress\/plugins\/seo\/ -->\n<title>M\u00e9xico apuesta por la miner\u00eda del futuro nace Comit\u00e9 Educativo para impulsar innovaci\u00f3n y patentes | Nexo Informativo Santiago de Quer\u00e9taro<\/title>\n<meta name=\"description\" content=\"M\u00e9xico apuesta por la miner\u00eda del futuro nace Comit\u00e9 Educativo para impulsar innovaci\u00f3n y patentes\" \/>\n<meta name=\"robots\" content=\"index, follow, max-snippet:-1, max-image-preview:large, max-video-preview:-1\" \/>\n<link rel=\"canonical\" href=\"https:\/\/www.nexoinformativo.mx\/index.php\/2025\/06\/19\/mexico-apuesta-por-la-mineria-del-futuro-nace-comite-educativo-para-impulsar-innovacion-y-patentes\/\" \/>\n<meta property=\"og:locale\" content=\"es_MX\" \/>\n<meta property=\"og:type\" content=\"article\" \/>\n<meta property=\"og:title\" content=\"M\u00e9xico apuesta por la miner\u00eda del futuro nace Comit\u00e9 Educativo para impulsar innovaci\u00f3n y patentes | Nexo Informativo Santiago de Quer\u00e9taro\" \/>\n<meta property=\"og:description\" content=\"M\u00e9xico apuesta por la miner\u00eda del futuro nace Comit\u00e9 Educativo para impulsar innovaci\u00f3n y patentes\" \/>\n<meta property=\"og:url\" content=\"https:\/\/www.nexoinformativo.mx\/index.php\/2025\/06\/19\/mexico-apuesta-por-la-mineria-del-futuro-nace-comite-educativo-para-impulsar-innovacion-y-patentes\/\" \/>\n<meta property=\"og:site_name\" content=\"Nexo Informativo Santiago de Quer\u00e9taro\" \/>\n<meta property=\"article:publisher\" content=\"https:\/\/www.facebook.com\/people\/Nexo-Informativo\/61564066885511\/\" \/>\n<meta property=\"article:published_time\" content=\"2025-06-19T14:00:38+00:00\" \/>\n<meta property=\"article:modified_time\" content=\"2025-06-19T19:32:01+00:00\" \/>\n<meta property=\"og:image\" content=\"https:\/\/www.nexoinformativo.mx\/wp-content\/uploads\/2025\/06\/IMG_4138-scaled-e1750361408764.jpg\" \/>\n\t<meta property=\"og:image:width\" content=\"800\" \/>\n\t<meta property=\"og:image:height\" content=\"533\" \/>\n\t<meta property=\"og:image:type\" content=\"image\/jpeg\" \/>\n<meta name=\"author\" content=\"Nexo Informativo\" \/>\n<meta name=\"twitter:card\" content=\"summary_large_image\" \/>\n<meta name=\"twitter:label1\" content=\"Escrito por\" \/>\n\t<meta name=\"twitter:data1\" content=\"Nexo Informativo\" \/>\n\t<meta name=\"twitter:label2\" content=\"Tiempo de lectura\" \/>\n\t<meta name=\"twitter:data2\" content=\"2 minutos\" \/>\n<script type=\"application\/ld+json\" class=\"yoast-schema-graph\">{\"@context\":\"https:\/\/schema.org\",\"@graph\":[{\"@type\":\"Article\",\"@id\":\"https:\/\/www.nexoinformativo.mx\/index.php\/2025\/06\/19\/mexico-apuesta-por-la-mineria-del-futuro-nace-comite-educativo-para-impulsar-innovacion-y-patentes\/#article\",\"isPartOf\":{\"@id\":\"https:\/\/www.nexoinformativo.mx\/index.php\/2025\/06\/19\/mexico-apuesta-por-la-mineria-del-futuro-nace-comite-educativo-para-impulsar-innovacion-y-patentes\/\"},\"author\":{\"name\":\"Nexo Informativo\",\"@id\":\"https:\/\/www.nexoinformativo.mx\/#\/schema\/person\/7749d380ba08c8ca00d7bc76fd907b7d\"},\"headline\":\"M\u00e9xico apuesta por la miner\u00eda del futuro nace Comit\u00e9 Educativo para impulsar innovaci\u00f3n y patentes\",\"datePublished\":\"2025-06-19T14:00:38+00:00\",\"dateModified\":\"2025-06-19T19:32:01+00:00\",\"mainEntityOfPage\":{\"@id\":\"https:\/\/www.nexoinformativo.mx\/index.php\/2025\/06\/19\/mexico-apuesta-por-la-mineria-del-futuro-nace-comite-educativo-para-impulsar-innovacion-y-patentes\/\"},\"wordCount\":349,\"commentCount\":0,\"publisher\":{\"@id\":\"https:\/\/www.nexoinformativo.mx\/#organization\"},\"image\":{\"@id\":\"https:\/\/www.nexoinformativo.mx\/index.php\/2025\/06\/19\/mexico-apuesta-por-la-mineria-del-futuro-nace-comite-educativo-para-impulsar-innovacion-y-patentes\/#primaryimage\"},\"thumbnailUrl\":\"https:\/\/www.nexoinformativo.mx\/wp-content\/uploads\/2025\/06\/IMG_4138-scaled-e1750361408764.jpg\",\"keywords\":[\"Econom\u00edaMX\",\"Innovaci\u00f3nMiner\u00eda\",\"Miner\u00edaDelFuturo\",\"Miner\u00edaM\u00e9xico\"],\"articleSection\":[\"Econom\u00eda\",\"Nacional\",\"\u00daltima Hora\"],\"inLanguage\":\"es\",\"potentialAction\":[{\"@type\":\"CommentAction\",\"name\":\"Comment\",\"target\":[\"https:\/\/www.nexoinformativo.mx\/index.php\/2025\/06\/19\/mexico-apuesta-por-la-mineria-del-futuro-nace-comite-educativo-para-impulsar-innovacion-y-patentes\/#respond\"]}]},{\"@type\":\"WebPage\",\"@id\":\"https:\/\/www.nexoinformativo.mx\/index.php\/2025\/06\/19\/mexico-apuesta-por-la-mineria-del-futuro-nace-comite-educativo-para-impulsar-innovacion-y-patentes\/\",\"url\":\"https:\/\/www.nexoinformativo.mx\/index.php\/2025\/06\/19\/mexico-apuesta-por-la-mineria-del-futuro-nace-comite-educativo-para-impulsar-innovacion-y-patentes\/\",\"name\":\"M\u00e9xico apuesta por la miner\u00eda del futuro nace Comit\u00e9 Educativo para impulsar innovaci\u00f3n y patentes | Nexo Informativo Santiago de Quer\u00e9taro\",\"isPartOf\":{\"@id\":\"https:\/\/www.nexoinformativo.mx\/#website\"},\"primaryImageOfPage\":{\"@id\":\"https:\/\/www.nexoinformativo.mx\/index.php\/2025\/06\/19\/mexico-apuesta-por-la-mineria-del-futuro-nace-comite-educativo-para-impulsar-innovacion-y-patentes\/#primaryimage\"},\"image\":{\"@id\":\"https:\/\/www.nexoinformativo.mx\/index.php\/2025\/06\/19\/mexico-apuesta-por-la-mineria-del-futuro-nace-comite-educativo-para-impulsar-innovacion-y-patentes\/#primaryimage\"},\"thumbnailUrl\":\"https:\/\/www.nexoinformativo.mx\/wp-content\/uploads\/2025\/06\/IMG_4138-scaled-e1750361408764.jpg\",\"datePublished\":\"2025-06-19T14:00:38+00:00\",\"dateModified\":\"2025-06-19T19:32:01+00:00\",\"description\":\"M\u00e9xico apuesta por la miner\u00eda del futuro nace Comit\u00e9 Educativo para impulsar innovaci\u00f3n y patentes\",\"breadcrumb\":{\"@id\":\"https:\/\/www.nexoinformativo.mx\/index.php\/2025\/06\/19\/mexico-apuesta-por-la-mineria-del-futuro-nace-comite-educativo-para-impulsar-innovacion-y-patentes\/#breadcrumb\"},\"inLanguage\":\"es\",\"potentialAction\":[{\"@type\":\"ReadAction\",\"target\":[\"https:\/\/www.nexoinformativo.mx\/index.php\/2025\/06\/19\/mexico-apuesta-por-la-mineria-del-futuro-nace-comite-educativo-para-impulsar-innovacion-y-patentes\/\"]}]},{\"@type\":\"ImageObject\",\"inLanguage\":\"es\",\"@id\":\"https:\/\/www.nexoinformativo.mx\/index.php\/2025\/06\/19\/mexico-apuesta-por-la-mineria-del-futuro-nace-comite-educativo-para-impulsar-innovacion-y-patentes\/#primaryimage\",\"url\":\"https:\/\/www.nexoinformativo.mx\/wp-content\/uploads\/2025\/06\/IMG_4138-scaled-e1750361408764.jpg\",\"contentUrl\":\"https:\/\/www.nexoinformativo.mx\/wp-content\/uploads\/2025\/06\/IMG_4138-scaled-e1750361408764.jpg\",\"width\":800,\"height\":533},{\"@type\":\"BreadcrumbList\",\"@id\":\"https:\/\/www.nexoinformativo.mx\/index.php\/2025\/06\/19\/mexico-apuesta-por-la-mineria-del-futuro-nace-comite-educativo-para-impulsar-innovacion-y-patentes\/#breadcrumb\",\"itemListElement\":[{\"@type\":\"ListItem\",\"position\":1,\"name\":\"Inicio\",\"item\":\"https:\/\/www.nexoinformativo.mx\/\"},{\"@type\":\"ListItem\",\"position\":2,\"name\":\"M\u00e9xico apuesta por la miner\u00eda del futuro nace Comit\u00e9 Educativo para impulsar innovaci\u00f3n y patentes\"}]},{\"@type\":\"WebSite\",\"@id\":\"https:\/\/www.nexoinformativo.mx\/#website\",\"url\":\"https:\/\/www.nexoinformativo.mx\/\",\"name\":\"Nexo Informativo Santiago de Quer\u00e9taro\",\"description\":\"Explora NexoInformativo y convi\u00e9rtete en parte de una comunidad que valora el conocimiento y la verdad. Tu nexoinformativo es tu puente hacia una comprensi\u00f3n m\u00e1s profunda del mundo que te rodea.\",\"publisher\":{\"@id\":\"https:\/\/www.nexoinformativo.mx\/#organization\"},\"potentialAction\":[{\"@type\":\"SearchAction\",\"target\":{\"@type\":\"EntryPoint\",\"urlTemplate\":\"https:\/\/www.nexoinformativo.mx\/?s={search_term_string}\"},\"query-input\":{\"@type\":\"PropertyValueSpecification\",\"valueRequired\":true,\"valueName\":\"search_term_string\"}}],\"inLanguage\":\"es\"},{\"@type\":\"Organization\",\"@id\":\"https:\/\/www.nexoinformativo.mx\/#organization\",\"name\":\"Nexo Informativo Santiago de Quer\u00e9taro\",\"url\":\"https:\/\/www.nexoinformativo.mx\/\",\"logo\":{\"@type\":\"ImageObject\",\"inLanguage\":\"es\",\"@id\":\"https:\/\/www.nexoinformativo.mx\/#\/schema\/logo\/image\/\",\"url\":\"https:\/\/www.nexoinformativo.mx\/wp-content\/uploads\/2024\/07\/nexoi-trasparente-2.png\",\"contentUrl\":\"https:\/\/www.nexoinformativo.mx\/wp-content\/uploads\/2024\/07\/nexoi-trasparente-2.png\",\"width\":816,\"height\":339,\"caption\":\"Nexo Informativo Santiago de Quer\u00e9taro\"},\"image\":{\"@id\":\"https:\/\/www.nexoinformativo.mx\/#\/schema\/logo\/image\/\"},\"sameAs\":[\"https:\/\/www.facebook.com\/people\/Nexo-Informativo\/61564066885511\/\"]},{\"@type\":\"Person\",\"@id\":\"https:\/\/www.nexoinformativo.mx\/#\/schema\/person\/7749d380ba08c8ca00d7bc76fd907b7d\",\"name\":\"Nexo Informativo\",\"image\":{\"@type\":\"ImageObject\",\"inLanguage\":\"es\",\"@id\":\"https:\/\/www.nexoinformativo.mx\/#\/schema\/person\/image\/\",\"url\":\"https:\/\/secure.gravatar.com\/avatar\/dde2928154642a13d95f87ddf1ea9718fe2b46760a005c53e41ff5ad610704e6?s=96&d=mm&r=g\",\"contentUrl\":\"https:\/\/secure.gravatar.com\/avatar\/dde2928154642a13d95f87ddf1ea9718fe2b46760a005c53e41ff5ad610704e6?s=96&d=mm&r=g\",\"caption\":\"Nexo Informativo\"},\"url\":\"https:\/\/www.nexoinformativo.mx\/index.php\/author\/edicion\/\"}]}<\/script>\n<!-- \/ Yoast SEO plugin. -->","yoast_head_json":{"title":"M\u00e9xico apuesta por la miner\u00eda del futuro nace Comit\u00e9 Educativo para impulsar innovaci\u00f3n y patentes | Nexo Informativo Santiago de Quer\u00e9taro","description":"M\u00e9xico apuesta por la miner\u00eda del futuro nace Comit\u00e9 Educativo para impulsar innovaci\u00f3n y patentes","robots":{"index":"index","follow":"follow","max-snippet":"max-snippet:-1","max-image-preview":"max-image-preview:large","max-video-preview":"max-video-preview:-1"},"canonical":"https:\/\/www.nexoinformativo.mx\/index.php\/2025\/06\/19\/mexico-apuesta-por-la-mineria-del-futuro-nace-comite-educativo-para-impulsar-innovacion-y-patentes\/","og_locale":"es_MX","og_type":"article","og_title":"M\u00e9xico apuesta por la miner\u00eda del futuro nace Comit\u00e9 Educativo para impulsar innovaci\u00f3n y patentes | Nexo Informativo Santiago de Quer\u00e9taro","og_description":"M\u00e9xico apuesta por la miner\u00eda del futuro nace Comit\u00e9 Educativo para impulsar innovaci\u00f3n y patentes","og_url":"https:\/\/www.nexoinformativo.mx\/index.php\/2025\/06\/19\/mexico-apuesta-por-la-mineria-del-futuro-nace-comite-educativo-para-impulsar-innovacion-y-patentes\/","og_site_name":"Nexo Informativo Santiago de Quer\u00e9taro","article_publisher":"https:\/\/www.facebook.com\/people\/Nexo-Informativo\/61564066885511\/","article_published_time":"2025-06-19T14:00:38+00:00","article_modified_time":"2025-06-19T19:32:01+00:00","og_image":[{"width":800,"height":533,"url":"https:\/\/www.nexoinformativo.mx\/wp-content\/uploads\/2025\/06\/IMG_4138-scaled-e1750361408764.jpg","type":"image\/jpeg"}],"author":"Nexo Informativo","twitter_card":"summary_large_image","twitter_misc":{"Escrito por":"Nexo Informativo","Tiempo de lectura":"2 minutos"},"schema":{"@context":"https:\/\/schema.org","@graph":[{"@type":"Article","@id":"https:\/\/www.nexoinformativo.mx\/index.php\/2025\/06\/19\/mexico-apuesta-por-la-mineria-del-futuro-nace-comite-educativo-para-impulsar-innovacion-y-patentes\/#article","isPartOf":{"@id":"https:\/\/www.nexoinformativo.mx\/index.php\/2025\/06\/19\/mexico-apuesta-por-la-mineria-del-futuro-nace-comite-educativo-para-impulsar-innovacion-y-patentes\/"},"author":{"name":"Nexo Informativo","@id":"https:\/\/www.nexoinformativo.mx\/#\/schema\/person\/7749d380ba08c8ca00d7bc76fd907b7d"},"headline":"M\u00e9xico apuesta por la miner\u00eda del futuro nace Comit\u00e9 Educativo para impulsar innovaci\u00f3n y patentes","datePublished":"2025-06-19T14:00:38+00:00","dateModified":"2025-06-19T19:32:01+00:00","mainEntityOfPage":{"@id":"https:\/\/www.nexoinformativo.mx\/index.php\/2025\/06\/19\/mexico-apuesta-por-la-mineria-del-futuro-nace-comite-educativo-para-impulsar-innovacion-y-patentes\/"},"wordCount":349,"commentCount":0,"publisher":{"@id":"https:\/\/www.nexoinformativo.mx\/#organization"},"image":{"@id":"https:\/\/www.nexoinformativo.mx\/index.php\/2025\/06\/19\/mexico-apuesta-por-la-mineria-del-futuro-nace-comite-educativo-para-impulsar-innovacion-y-patentes\/#primaryimage"},"thumbnailUrl":"https:\/\/www.nexoinformativo.mx\/wp-content\/uploads\/2025\/06\/IMG_4138-scaled-e1750361408764.jpg","keywords":["Econom\u00edaMX","Innovaci\u00f3nMiner\u00eda","Miner\u00edaDelFuturo","Miner\u00edaM\u00e9xico"],"articleSection":["Econom\u00eda","Nacional","\u00daltima Hora"],"inLanguage":"es","potentialAction":[{"@type":"CommentAction","name":"Comment","target":["https:\/\/www.nexoinformativo.mx\/index.php\/2025\/06\/19\/mexico-apuesta-por-la-mineria-del-futuro-nace-comite-educativo-para-impulsar-innovacion-y-patentes\/#respond"]}]},{"@type":"WebPage","@id":"https:\/\/www.nexoinformativo.mx\/index.php\/2025\/06\/19\/mexico-apuesta-por-la-mineria-del-futuro-nace-comite-educativo-para-impulsar-innovacion-y-patentes\/","url":"https:\/\/www.nexoinformativo.mx\/index.php\/2025\/06\/19\/mexico-apuesta-por-la-mineria-del-futuro-nace-comite-educativo-para-impulsar-innovacion-y-patentes\/","name":"M\u00e9xico apuesta por la miner\u00eda del futuro nace Comit\u00e9 Educativo para impulsar innovaci\u00f3n y patentes | Nexo Informativo Santiago de Quer\u00e9taro","isPartOf":{"@id":"https:\/\/www.nexoinformativo.mx\/#website"},"primaryImageOfPage":{"@id":"https:\/\/www.nexoinformativo.mx\/index.php\/2025\/06\/19\/mexico-apuesta-por-la-mineria-del-futuro-nace-comite-educativo-para-impulsar-innovacion-y-patentes\/#primaryimage"},"image":{"@id":"https:\/\/www.nexoinformativo.mx\/index.php\/2025\/06\/19\/mexico-apuesta-por-la-mineria-del-futuro-nace-comite-educativo-para-impulsar-innovacion-y-patentes\/#primaryimage"},"thumbnailUrl":"https:\/\/www.nexoinformativo.mx\/wp-content\/uploads\/2025\/06\/IMG_4138-scaled-e1750361408764.jpg","datePublished":"2025-06-19T14:00:38+00:00","dateModified":"2025-06-19T19:32:01+00:00","description":"M\u00e9xico apuesta por la miner\u00eda del futuro nace Comit\u00e9 Educativo para impulsar innovaci\u00f3n y patentes","breadcrumb":{"@id":"https:\/\/www.nexoinformativo.mx\/index.php\/2025\/06\/19\/mexico-apuesta-por-la-mineria-del-futuro-nace-comite-educativo-para-impulsar-innovacion-y-patentes\/#breadcrumb"},"inLanguage":"es","potentialAction":[{"@type":"ReadAction","target":["https:\/\/www.nexoinformativo.mx\/index.php\/2025\/06\/19\/mexico-apuesta-por-la-mineria-del-futuro-nace-comite-educativo-para-impulsar-innovacion-y-patentes\/"]}]},{"@type":"ImageObject","inLanguage":"es","@id":"https:\/\/www.nexoinformativo.mx\/index.php\/2025\/06\/19\/mexico-apuesta-por-la-mineria-del-futuro-nace-comite-educativo-para-impulsar-innovacion-y-patentes\/#primaryimage","url":"https:\/\/www.nexoinformativo.mx\/wp-content\/uploads\/2025\/06\/IMG_4138-scaled-e1750361408764.jpg","contentUrl":"https:\/\/www.nexoinformativo.mx\/wp-content\/uploads\/2025\/06\/IMG_4138-scaled-e1750361408764.jpg","width":800,"height":533},{"@type":"BreadcrumbList","@id":"https:\/\/www.nexoinformativo.mx\/index.php\/2025\/06\/19\/mexico-apuesta-por-la-mineria-del-futuro-nace-comite-educativo-para-impulsar-innovacion-y-patentes\/#breadcrumb","itemListElement":[{"@type":"ListItem","position":1,"name":"Inicio","item":"https:\/\/www.nexoinformativo.mx\/"},{"@type":"ListItem","position":2,"name":"M\u00e9xico apuesta por la miner\u00eda del futuro nace Comit\u00e9 Educativo para impulsar innovaci\u00f3n y patentes"}]},{"@type":"WebSite","@id":"https:\/\/www.nexoinformativo.mx\/#website","url":"https:\/\/www.nexoinformativo.mx\/","name":"Nexo Informativo Santiago de Quer\u00e9taro","description":"Explora NexoInformativo y convi\u00e9rtete en parte de una comunidad que valora el conocimiento y la verdad. Tu nexoinformativo es tu puente hacia una comprensi\u00f3n m\u00e1s profunda del mundo que te rodea.","publisher":{"@id":"https:\/\/www.nexoinformativo.mx\/#organization"},"potentialAction":[{"@type":"SearchAction","target":{"@type":"EntryPoint","urlTemplate":"https:\/\/www.nexoinformativo.mx\/?s={search_term_string}"},"query-input":{"@type":"PropertyValueSpecification","valueRequired":true,"valueName":"search_term_string"}}],"inLanguage":"es"},{"@type":"Organization","@id":"https:\/\/www.nexoinformativo.mx\/#organization","name":"Nexo Informativo Santiago de Quer\u00e9taro","url":"https:\/\/www.nexoinformativo.mx\/","logo":{"@type":"ImageObject","inLanguage":"es","@id":"https:\/\/www.nexoinformativo.mx\/#\/schema\/logo\/image\/","url":"https:\/\/www.nexoinformativo.mx\/wp-content\/uploads\/2024\/07\/nexoi-trasparente-2.png","contentUrl":"https:\/\/www.nexoinformativo.mx\/wp-content\/uploads\/2024\/07\/nexoi-trasparente-2.png","width":816,"height":339,"caption":"Nexo Informativo Santiago de Quer\u00e9taro"},"image":{"@id":"https:\/\/www.nexoinformativo.mx\/#\/schema\/logo\/image\/"},"sameAs":["https:\/\/www.facebook.com\/people\/Nexo-Informativo\/61564066885511\/"]},{"@type":"Person","@id":"https:\/\/www.nexoinformativo.mx\/#\/schema\/person\/7749d380ba08c8ca00d7bc76fd907b7d","name":"Nexo Informativo","image":{"@type":"ImageObject","inLanguage":"es","@id":"https:\/\/www.nexoinformativo.mx\/#\/schema\/person\/image\/","url":"https:\/\/secure.gravatar.com\/avatar\/dde2928154642a13d95f87ddf1ea9718fe2b46760a005c53e41ff5ad610704e6?s=96&d=mm&r=g","contentUrl":"https:\/\/secure.gravatar.com\/avatar\/dde2928154642a13d95f87ddf1ea9718fe2b46760a005c53e41ff5ad610704e6?s=96&d=mm&r=g","caption":"Nexo Informativo"},"url":"https:\/\/www.nexoinformativo.mx\/index.php\/author\/edicion\/"}]}},"_links":{"self":[{"href":"https:\/\/www.nexoinformativo.mx\/index.php\/wp-json\/wp\/v2\/posts\/16021","targetHints":{"allow":["GET"]}}],"collection":[{"href":"https:\/\/www.nexoinformativo.mx\/index.php\/wp-json\/wp\/v2\/posts"}],"about":[{"href":"https:\/\/www.nexoinformativo.mx\/index.php\/wp-json\/wp\/v2\/types\/post"}],"author":[{"embeddable":true,"href":"https:\/\/www.nexoinformativo.mx\/index.php\/wp-json\/wp\/v2\/users\/3"}],"replies":[{"embeddable":true,"href":"https:\/\/www.nexoinformativo.mx\/index.php\/wp-json\/wp\/v2\/comments?post=16021"}],"version-history":[{"count":2,"href":"https:\/\/www.nexoinformativo.mx\/index.php\/wp-json\/wp\/v2\/posts\/16021\/revisions"}],"predecessor-version":[{"id":16024,"href":"https:\/\/www.nexoinformativo.mx\/index.php\/wp-json\/wp\/v2\/posts\/16021\/revisions\/16024"}],"wp:featuredmedia":[{"embeddable":true,"href":"https:\/\/www.nexoinformativo.mx\/index.php\/wp-json\/wp\/v2\/media\/16022"}],"wp:attachment":[{"href":"https:\/\/www.nexoinformativo.mx\/index.php\/wp-json\/wp\/v2\/media?parent=16021"}],"wp:term":[{"taxonomy":"category","embeddable":true,"href":"https:\/\/www.nexoinformativo.mx\/index.php\/wp-json\/wp\/v2\/categories?post=16021"},{"taxonomy":"post_tag","embeddable":true,"href":"https:\/\/www.nexoinformativo.mx\/index.php\/wp-json\/wp\/v2\/tags?post=16021"}],"curies":[{"name":"wp","href":"https:\/\/api.w.org\/{rel}","templated":true}]}}