{"id":1603,"date":"2024-09-05T08:00:27","date_gmt":"2024-09-05T14:00:27","guid":{"rendered":"https:\/\/www.nexoinformativo.mx\/?p=1603"},"modified":"2024-09-05T11:15:51","modified_gmt":"2024-09-05T17:15:51","slug":"rescatan-a-17-perros-en-san-juan-del-rio-por-maltrato-animal","status":"publish","type":"post","link":"https:\/\/www.nexoinformativo.mx\/index.php\/2024\/09\/05\/rescatan-a-17-perros-en-san-juan-del-rio-por-maltrato-animal\/","title":{"rendered":"Rescatan a 17 perros en San Juan del R\u00edo por maltrato animal"},"content":{"rendered":"<p style=\"text-align: justify;\">En un acto de protecci\u00f3n animal, personal de la Direcci\u00f3n de Cuidado, Protecci\u00f3n y Control Animal de San Juan del R\u00edo rescat\u00f3 a 17 perros que viv\u00edan en condiciones deplorables en una vivienda en la comunidad de Cazadero. Los caninos pertenec\u00edan a una persona que se presentaba como rescatista de animales, pero que no contaba con los recursos ni las condiciones necesarias para llevar a cabo esta actividad.<\/p>\n<p>&nbsp;<\/p>\n<p style=\"text-align: justify;\">El rescate se llev\u00f3 a cabo despu\u00e9s de que se reportaran m\u00faltiples infracciones al reglamento de protecci\u00f3n animal, que incluyeron <strong>maltrato, hacinamiento, desnutrici\u00f3n, deshidrataci\u00f3n, parasitosis y falta de vacunas<\/strong>. Las condiciones en las que se encontraban los animales eran altamente antihigi\u00e9nicas, lo que gener\u00f3 preocupaci\u00f3n entre las autoridades y la comunidad.<\/p>\n<p>&nbsp;<\/p>\n<p style=\"text-align: justify;\">Seg\u00fan las autoridades, aunque la intenci\u00f3n de la persona era aparentemente buena, la falta de capacidad t\u00e9cnica, econ\u00f3mica, f\u00edsica y de salud deriv\u00f3 en un ambiente inadecuado para los perros. Este tipo de situaciones, aunque sean con buenas intenciones, pueden derivar en graves problemas de bienestar animal, como lo demostraron las condiciones en que fueron encontrados los caninos.<\/p>\n<p>&nbsp;<\/p>\n<p style=\"text-align: justify;\">Las autoridades hicieron un <strong>llamado a la comunidad<\/strong> para denunciar a cualquier persona que, sin contar con los medios adecuados, se dedique al rescate de animales. La protecci\u00f3n y el bienestar animal requieren de un compromiso real y de las condiciones necesarias para garantizar una vida digna a las especies rescatadas. Se exhorta a los ciudadanos a ser conscientes de las responsabilidades que implica el rescate y cuidado de animales, y a informar sobre situaciones similares para evitar que m\u00e1s animales sufran.<\/p>\n<p>&nbsp;<\/p>\n<p style=\"text-align: justify;\">La Direcci\u00f3n de Cuidado, Protecci\u00f3n y Control Animal continuar\u00e1 trabajando para salvaguardar el bienestar de los animales en San Juan del R\u00edo y atender cualquier reporte de maltrato animal en la regi\u00f3n.<\/p>\n","protected":false},"excerpt":{"rendered":"<p>En un acto de protecci\u00f3n animal, personal de la Direcci\u00f3n de Cuidado, Protecci\u00f3n y Control Animal de San Juan del R\u00edo rescat\u00f3 a 17 perros que viv\u00edan en condiciones deplorables en una vivienda en la comunidad de Cazadero. Los caninos pertenec\u00edan a una persona que se presentaba como rescatista de animales, pero que no contaba con los recursos ni las condiciones necesarias para llevar a cabo esta actividad.<\/p>\n","protected":false},"author":3,"featured_media":1605,"comment_status":"open","ping_status":"open","sticky":false,"template":"","format":"standard","meta":{"footnotes":""},"categories":[65],"tags":[525,284,401,382],"class_list":["post-1603","post","type-post","status-publish","format-standard","has-post-thumbnail","hentry","category-municipios","tag-cuidadoanimal","tag-noalmaltratoanimal","tag-proteccionanimal","tag-sanjuandelrio"],"yoast_head":"<!-- This site is optimized with the Yoast SEO plugin v25.0 - https:\/\/yoast.com\/wordpress\/plugins\/seo\/ -->\n<title>Rescatan a 17 perros en San Juan del R\u00edo por maltrato animal | Nexo Informativo Santiago de Quer\u00e9taro<\/title>\n<meta name=\"description\" content=\"Rescatan a 17 perros en San Juan del R\u00edo por maltrato animal\" \/>\n<meta name=\"robots\" content=\"index, follow, max-snippet:-1, max-image-preview:large, max-video-preview:-1\" \/>\n<link rel=\"canonical\" href=\"https:\/\/www.nexoinformativo.mx\/index.php\/2024\/09\/05\/rescatan-a-17-perros-en-san-juan-del-rio-por-maltrato-animal\/\" \/>\n<meta property=\"og:locale\" content=\"es_MX\" \/>\n<meta property=\"og:type\" content=\"article\" \/>\n<meta property=\"og:title\" content=\"Rescatan a 17 perros en San Juan del R\u00edo por maltrato animal | Nexo Informativo Santiago de Quer\u00e9taro\" \/>\n<meta property=\"og:description\" content=\"Rescatan a 17 perros en San Juan del R\u00edo por maltrato animal\" \/>\n<meta property=\"og:url\" content=\"https:\/\/www.nexoinformativo.mx\/index.php\/2024\/09\/05\/rescatan-a-17-perros-en-san-juan-del-rio-por-maltrato-animal\/\" \/>\n<meta property=\"og:site_name\" content=\"Nexo Informativo Santiago de Quer\u00e9taro\" \/>\n<meta property=\"article:publisher\" content=\"https:\/\/www.facebook.com\/people\/Nexo-Informativo\/61564066885511\/\" \/>\n<meta property=\"article:published_time\" content=\"2024-09-05T14:00:27+00:00\" \/>\n<meta property=\"article:modified_time\" content=\"2024-09-05T17:15:51+00:00\" \/>\n<meta property=\"og:image\" content=\"https:\/\/www.nexoinformativo.mx\/wp-content\/uploads\/2024\/09\/PHOTO-2024-09-05-09-33-15-e1725556376852.jpg\" \/>\n\t<meta property=\"og:image:width\" content=\"800\" \/>\n\t<meta property=\"og:image:height\" content=\"1423\" \/>\n\t<meta property=\"og:image:type\" content=\"image\/jpeg\" \/>\n<meta name=\"author\" content=\"Nexo Informativo\" \/>\n<meta name=\"twitter:card\" content=\"summary_large_image\" \/>\n<meta name=\"twitter:label1\" content=\"Escrito por\" \/>\n\t<meta name=\"twitter:data1\" content=\"Nexo Informativo\" \/>\n\t<meta name=\"twitter:label2\" content=\"Tiempo de lectura\" \/>\n\t<meta name=\"twitter:data2\" content=\"2 minutos\" \/>\n<script type=\"application\/ld+json\" class=\"yoast-schema-graph\">{\"@context\":\"https:\/\/schema.org\",\"@graph\":[{\"@type\":\"Article\",\"@id\":\"https:\/\/www.nexoinformativo.mx\/index.php\/2024\/09\/05\/rescatan-a-17-perros-en-san-juan-del-rio-por-maltrato-animal\/#article\",\"isPartOf\":{\"@id\":\"https:\/\/www.nexoinformativo.mx\/index.php\/2024\/09\/05\/rescatan-a-17-perros-en-san-juan-del-rio-por-maltrato-animal\/\"},\"author\":{\"name\":\"Nexo Informativo\",\"@id\":\"https:\/\/www.nexoinformativo.mx\/#\/schema\/person\/7749d380ba08c8ca00d7bc76fd907b7d\"},\"headline\":\"Rescatan a 17 perros en San Juan del R\u00edo por maltrato animal\",\"datePublished\":\"2024-09-05T14:00:27+00:00\",\"dateModified\":\"2024-09-05T17:15:51+00:00\",\"mainEntityOfPage\":{\"@id\":\"https:\/\/www.nexoinformativo.mx\/index.php\/2024\/09\/05\/rescatan-a-17-perros-en-san-juan-del-rio-por-maltrato-animal\/\"},\"wordCount\":330,\"commentCount\":0,\"publisher\":{\"@id\":\"https:\/\/www.nexoinformativo.mx\/#organization\"},\"image\":{\"@id\":\"https:\/\/www.nexoinformativo.mx\/index.php\/2024\/09\/05\/rescatan-a-17-perros-en-san-juan-del-rio-por-maltrato-animal\/#primaryimage\"},\"thumbnailUrl\":\"https:\/\/www.nexoinformativo.mx\/wp-content\/uploads\/2024\/09\/PHOTO-2024-09-05-09-33-15-e1725556376852.jpg\",\"keywords\":[\"CuidadoAnimal\",\"NOalMaltratoAnimal\",\"Protecci\u00f3nAnimal\",\"SanJuanDelR\u00edo\"],\"articleSection\":[\"Municipios\"],\"inLanguage\":\"es\",\"potentialAction\":[{\"@type\":\"CommentAction\",\"name\":\"Comment\",\"target\":[\"https:\/\/www.nexoinformativo.mx\/index.php\/2024\/09\/05\/rescatan-a-17-perros-en-san-juan-del-rio-por-maltrato-animal\/#respond\"]}]},{\"@type\":\"WebPage\",\"@id\":\"https:\/\/www.nexoinformativo.mx\/index.php\/2024\/09\/05\/rescatan-a-17-perros-en-san-juan-del-rio-por-maltrato-animal\/\",\"url\":\"https:\/\/www.nexoinformativo.mx\/index.php\/2024\/09\/05\/rescatan-a-17-perros-en-san-juan-del-rio-por-maltrato-animal\/\",\"name\":\"Rescatan a 17 perros en San Juan del R\u00edo por maltrato animal | Nexo Informativo Santiago de Quer\u00e9taro\",\"isPartOf\":{\"@id\":\"https:\/\/www.nexoinformativo.mx\/#website\"},\"primaryImageOfPage\":{\"@id\":\"https:\/\/www.nexoinformativo.mx\/index.php\/2024\/09\/05\/rescatan-a-17-perros-en-san-juan-del-rio-por-maltrato-animal\/#primaryimage\"},\"image\":{\"@id\":\"https:\/\/www.nexoinformativo.mx\/index.php\/2024\/09\/05\/rescatan-a-17-perros-en-san-juan-del-rio-por-maltrato-animal\/#primaryimage\"},\"thumbnailUrl\":\"https:\/\/www.nexoinformativo.mx\/wp-content\/uploads\/2024\/09\/PHOTO-2024-09-05-09-33-15-e1725556376852.jpg\",\"datePublished\":\"2024-09-05T14:00:27+00:00\",\"dateModified\":\"2024-09-05T17:15:51+00:00\",\"description\":\"Rescatan a 17 perros en San Juan del R\u00edo por maltrato animal\",\"breadcrumb\":{\"@id\":\"https:\/\/www.nexoinformativo.mx\/index.php\/2024\/09\/05\/rescatan-a-17-perros-en-san-juan-del-rio-por-maltrato-animal\/#breadcrumb\"},\"inLanguage\":\"es\",\"potentialAction\":[{\"@type\":\"ReadAction\",\"target\":[\"https:\/\/www.nexoinformativo.mx\/index.php\/2024\/09\/05\/rescatan-a-17-perros-en-san-juan-del-rio-por-maltrato-animal\/\"]}]},{\"@type\":\"ImageObject\",\"inLanguage\":\"es\",\"@id\":\"https:\/\/www.nexoinformativo.mx\/index.php\/2024\/09\/05\/rescatan-a-17-perros-en-san-juan-del-rio-por-maltrato-animal\/#primaryimage\",\"url\":\"https:\/\/www.nexoinformativo.mx\/wp-content\/uploads\/2024\/09\/PHOTO-2024-09-05-09-33-15-e1725556376852.jpg\",\"contentUrl\":\"https:\/\/www.nexoinformativo.mx\/wp-content\/uploads\/2024\/09\/PHOTO-2024-09-05-09-33-15-e1725556376852.jpg\",\"width\":800,\"height\":1423},{\"@type\":\"BreadcrumbList\",\"@id\":\"https:\/\/www.nexoinformativo.mx\/index.php\/2024\/09\/05\/rescatan-a-17-perros-en-san-juan-del-rio-por-maltrato-animal\/#breadcrumb\",\"itemListElement\":[{\"@type\":\"ListItem\",\"position\":1,\"name\":\"Inicio\",\"item\":\"https:\/\/www.nexoinformativo.mx\/\"},{\"@type\":\"ListItem\",\"position\":2,\"name\":\"Rescatan a 17 perros en San Juan del R\u00edo por maltrato animal\"}]},{\"@type\":\"WebSite\",\"@id\":\"https:\/\/www.nexoinformativo.mx\/#website\",\"url\":\"https:\/\/www.nexoinformativo.mx\/\",\"name\":\"Nexo Informativo Santiago de Quer\u00e9taro\",\"description\":\"Explora NexoInformativo y convi\u00e9rtete en parte de una comunidad que valora el conocimiento y la verdad. Tu nexoinformativo es tu puente hacia una comprensi\u00f3n m\u00e1s profunda del mundo que te rodea.\",\"publisher\":{\"@id\":\"https:\/\/www.nexoinformativo.mx\/#organization\"},\"potentialAction\":[{\"@type\":\"SearchAction\",\"target\":{\"@type\":\"EntryPoint\",\"urlTemplate\":\"https:\/\/www.nexoinformativo.mx\/?s={search_term_string}\"},\"query-input\":{\"@type\":\"PropertyValueSpecification\",\"valueRequired\":true,\"valueName\":\"search_term_string\"}}],\"inLanguage\":\"es\"},{\"@type\":\"Organization\",\"@id\":\"https:\/\/www.nexoinformativo.mx\/#organization\",\"name\":\"Nexo Informativo Santiago de Quer\u00e9taro\",\"url\":\"https:\/\/www.nexoinformativo.mx\/\",\"logo\":{\"@type\":\"ImageObject\",\"inLanguage\":\"es\",\"@id\":\"https:\/\/www.nexoinformativo.mx\/#\/schema\/logo\/image\/\",\"url\":\"https:\/\/www.nexoinformativo.mx\/wp-content\/uploads\/2024\/07\/nexoi-trasparente-2.png\",\"contentUrl\":\"https:\/\/www.nexoinformativo.mx\/wp-content\/uploads\/2024\/07\/nexoi-trasparente-2.png\",\"width\":816,\"height\":339,\"caption\":\"Nexo Informativo Santiago de Quer\u00e9taro\"},\"image\":{\"@id\":\"https:\/\/www.nexoinformativo.mx\/#\/schema\/logo\/image\/\"},\"sameAs\":[\"https:\/\/www.facebook.com\/people\/Nexo-Informativo\/61564066885511\/\"]},{\"@type\":\"Person\",\"@id\":\"https:\/\/www.nexoinformativo.mx\/#\/schema\/person\/7749d380ba08c8ca00d7bc76fd907b7d\",\"name\":\"Nexo Informativo\",\"image\":{\"@type\":\"ImageObject\",\"inLanguage\":\"es\",\"@id\":\"https:\/\/www.nexoinformativo.mx\/#\/schema\/person\/image\/\",\"url\":\"https:\/\/secure.gravatar.com\/avatar\/dde2928154642a13d95f87ddf1ea9718fe2b46760a005c53e41ff5ad610704e6?s=96&d=mm&r=g\",\"contentUrl\":\"https:\/\/secure.gravatar.com\/avatar\/dde2928154642a13d95f87ddf1ea9718fe2b46760a005c53e41ff5ad610704e6?s=96&d=mm&r=g\",\"caption\":\"Nexo Informativo\"},\"url\":\"https:\/\/www.nexoinformativo.mx\/index.php\/author\/edicion\/\"}]}<\/script>\n<!-- \/ Yoast SEO plugin. -->","yoast_head_json":{"title":"Rescatan a 17 perros en San Juan del R\u00edo por maltrato animal | Nexo Informativo Santiago de Quer\u00e9taro","description":"Rescatan a 17 perros en San Juan del R\u00edo por maltrato animal","robots":{"index":"index","follow":"follow","max-snippet":"max-snippet:-1","max-image-preview":"max-image-preview:large","max-video-preview":"max-video-preview:-1"},"canonical":"https:\/\/www.nexoinformativo.mx\/index.php\/2024\/09\/05\/rescatan-a-17-perros-en-san-juan-del-rio-por-maltrato-animal\/","og_locale":"es_MX","og_type":"article","og_title":"Rescatan a 17 perros en San Juan del R\u00edo por maltrato animal | Nexo Informativo Santiago de Quer\u00e9taro","og_description":"Rescatan a 17 perros en San Juan del R\u00edo por maltrato animal","og_url":"https:\/\/www.nexoinformativo.mx\/index.php\/2024\/09\/05\/rescatan-a-17-perros-en-san-juan-del-rio-por-maltrato-animal\/","og_site_name":"Nexo Informativo Santiago de Quer\u00e9taro","article_publisher":"https:\/\/www.facebook.com\/people\/Nexo-Informativo\/61564066885511\/","article_published_time":"2024-09-05T14:00:27+00:00","article_modified_time":"2024-09-05T17:15:51+00:00","og_image":[{"width":800,"height":1423,"url":"https:\/\/www.nexoinformativo.mx\/wp-content\/uploads\/2024\/09\/PHOTO-2024-09-05-09-33-15-e1725556376852.jpg","type":"image\/jpeg"}],"author":"Nexo Informativo","twitter_card":"summary_large_image","twitter_misc":{"Escrito por":"Nexo Informativo","Tiempo de lectura":"2 minutos"},"schema":{"@context":"https:\/\/schema.org","@graph":[{"@type":"Article","@id":"https:\/\/www.nexoinformativo.mx\/index.php\/2024\/09\/05\/rescatan-a-17-perros-en-san-juan-del-rio-por-maltrato-animal\/#article","isPartOf":{"@id":"https:\/\/www.nexoinformativo.mx\/index.php\/2024\/09\/05\/rescatan-a-17-perros-en-san-juan-del-rio-por-maltrato-animal\/"},"author":{"name":"Nexo Informativo","@id":"https:\/\/www.nexoinformativo.mx\/#\/schema\/person\/7749d380ba08c8ca00d7bc76fd907b7d"},"headline":"Rescatan a 17 perros en San Juan del R\u00edo por maltrato animal","datePublished":"2024-09-05T14:00:27+00:00","dateModified":"2024-09-05T17:15:51+00:00","mainEntityOfPage":{"@id":"https:\/\/www.nexoinformativo.mx\/index.php\/2024\/09\/05\/rescatan-a-17-perros-en-san-juan-del-rio-por-maltrato-animal\/"},"wordCount":330,"commentCount":0,"publisher":{"@id":"https:\/\/www.nexoinformativo.mx\/#organization"},"image":{"@id":"https:\/\/www.nexoinformativo.mx\/index.php\/2024\/09\/05\/rescatan-a-17-perros-en-san-juan-del-rio-por-maltrato-animal\/#primaryimage"},"thumbnailUrl":"https:\/\/www.nexoinformativo.mx\/wp-content\/uploads\/2024\/09\/PHOTO-2024-09-05-09-33-15-e1725556376852.jpg","keywords":["CuidadoAnimal","NOalMaltratoAnimal","Protecci\u00f3nAnimal","SanJuanDelR\u00edo"],"articleSection":["Municipios"],"inLanguage":"es","potentialAction":[{"@type":"CommentAction","name":"Comment","target":["https:\/\/www.nexoinformativo.mx\/index.php\/2024\/09\/05\/rescatan-a-17-perros-en-san-juan-del-rio-por-maltrato-animal\/#respond"]}]},{"@type":"WebPage","@id":"https:\/\/www.nexoinformativo.mx\/index.php\/2024\/09\/05\/rescatan-a-17-perros-en-san-juan-del-rio-por-maltrato-animal\/","url":"https:\/\/www.nexoinformativo.mx\/index.php\/2024\/09\/05\/rescatan-a-17-perros-en-san-juan-del-rio-por-maltrato-animal\/","name":"Rescatan a 17 perros en San Juan del R\u00edo por maltrato animal | Nexo Informativo Santiago de Quer\u00e9taro","isPartOf":{"@id":"https:\/\/www.nexoinformativo.mx\/#website"},"primaryImageOfPage":{"@id":"https:\/\/www.nexoinformativo.mx\/index.php\/2024\/09\/05\/rescatan-a-17-perros-en-san-juan-del-rio-por-maltrato-animal\/#primaryimage"},"image":{"@id":"https:\/\/www.nexoinformativo.mx\/index.php\/2024\/09\/05\/rescatan-a-17-perros-en-san-juan-del-rio-por-maltrato-animal\/#primaryimage"},"thumbnailUrl":"https:\/\/www.nexoinformativo.mx\/wp-content\/uploads\/2024\/09\/PHOTO-2024-09-05-09-33-15-e1725556376852.jpg","datePublished":"2024-09-05T14:00:27+00:00","dateModified":"2024-09-05T17:15:51+00:00","description":"Rescatan a 17 perros en San Juan del R\u00edo por maltrato animal","breadcrumb":{"@id":"https:\/\/www.nexoinformativo.mx\/index.php\/2024\/09\/05\/rescatan-a-17-perros-en-san-juan-del-rio-por-maltrato-animal\/#breadcrumb"},"inLanguage":"es","potentialAction":[{"@type":"ReadAction","target":["https:\/\/www.nexoinformativo.mx\/index.php\/2024\/09\/05\/rescatan-a-17-perros-en-san-juan-del-rio-por-maltrato-animal\/"]}]},{"@type":"ImageObject","inLanguage":"es","@id":"https:\/\/www.nexoinformativo.mx\/index.php\/2024\/09\/05\/rescatan-a-17-perros-en-san-juan-del-rio-por-maltrato-animal\/#primaryimage","url":"https:\/\/www.nexoinformativo.mx\/wp-content\/uploads\/2024\/09\/PHOTO-2024-09-05-09-33-15-e1725556376852.jpg","contentUrl":"https:\/\/www.nexoinformativo.mx\/wp-content\/uploads\/2024\/09\/PHOTO-2024-09-05-09-33-15-e1725556376852.jpg","width":800,"height":1423},{"@type":"BreadcrumbList","@id":"https:\/\/www.nexoinformativo.mx\/index.php\/2024\/09\/05\/rescatan-a-17-perros-en-san-juan-del-rio-por-maltrato-animal\/#breadcrumb","itemListElement":[{"@type":"ListItem","position":1,"name":"Inicio","item":"https:\/\/www.nexoinformativo.mx\/"},{"@type":"ListItem","position":2,"name":"Rescatan a 17 perros en San Juan del R\u00edo por maltrato animal"}]},{"@type":"WebSite","@id":"https:\/\/www.nexoinformativo.mx\/#website","url":"https:\/\/www.nexoinformativo.mx\/","name":"Nexo Informativo Santiago de Quer\u00e9taro","description":"Explora NexoInformativo y convi\u00e9rtete en parte de una comunidad que valora el conocimiento y la verdad. Tu nexoinformativo es tu puente hacia una comprensi\u00f3n m\u00e1s profunda del mundo que te rodea.","publisher":{"@id":"https:\/\/www.nexoinformativo.mx\/#organization"},"potentialAction":[{"@type":"SearchAction","target":{"@type":"EntryPoint","urlTemplate":"https:\/\/www.nexoinformativo.mx\/?s={search_term_string}"},"query-input":{"@type":"PropertyValueSpecification","valueRequired":true,"valueName":"search_term_string"}}],"inLanguage":"es"},{"@type":"Organization","@id":"https:\/\/www.nexoinformativo.mx\/#organization","name":"Nexo Informativo Santiago de Quer\u00e9taro","url":"https:\/\/www.nexoinformativo.mx\/","logo":{"@type":"ImageObject","inLanguage":"es","@id":"https:\/\/www.nexoinformativo.mx\/#\/schema\/logo\/image\/","url":"https:\/\/www.nexoinformativo.mx\/wp-content\/uploads\/2024\/07\/nexoi-trasparente-2.png","contentUrl":"https:\/\/www.nexoinformativo.mx\/wp-content\/uploads\/2024\/07\/nexoi-trasparente-2.png","width":816,"height":339,"caption":"Nexo Informativo Santiago de Quer\u00e9taro"},"image":{"@id":"https:\/\/www.nexoinformativo.mx\/#\/schema\/logo\/image\/"},"sameAs":["https:\/\/www.facebook.com\/people\/Nexo-Informativo\/61564066885511\/"]},{"@type":"Person","@id":"https:\/\/www.nexoinformativo.mx\/#\/schema\/person\/7749d380ba08c8ca00d7bc76fd907b7d","name":"Nexo Informativo","image":{"@type":"ImageObject","inLanguage":"es","@id":"https:\/\/www.nexoinformativo.mx\/#\/schema\/person\/image\/","url":"https:\/\/secure.gravatar.com\/avatar\/dde2928154642a13d95f87ddf1ea9718fe2b46760a005c53e41ff5ad610704e6?s=96&d=mm&r=g","contentUrl":"https:\/\/secure.gravatar.com\/avatar\/dde2928154642a13d95f87ddf1ea9718fe2b46760a005c53e41ff5ad610704e6?s=96&d=mm&r=g","caption":"Nexo Informativo"},"url":"https:\/\/www.nexoinformativo.mx\/index.php\/author\/edicion\/"}]}},"_links":{"self":[{"href":"https:\/\/www.nexoinformativo.mx\/index.php\/wp-json\/wp\/v2\/posts\/1603","targetHints":{"allow":["GET"]}}],"collection":[{"href":"https:\/\/www.nexoinformativo.mx\/index.php\/wp-json\/wp\/v2\/posts"}],"about":[{"href":"https:\/\/www.nexoinformativo.mx\/index.php\/wp-json\/wp\/v2\/types\/post"}],"author":[{"embeddable":true,"href":"https:\/\/www.nexoinformativo.mx\/index.php\/wp-json\/wp\/v2\/users\/3"}],"replies":[{"embeddable":true,"href":"https:\/\/www.nexoinformativo.mx\/index.php\/wp-json\/wp\/v2\/comments?post=1603"}],"version-history":[{"count":2,"href":"https:\/\/www.nexoinformativo.mx\/index.php\/wp-json\/wp\/v2\/posts\/1603\/revisions"}],"predecessor-version":[{"id":1607,"href":"https:\/\/www.nexoinformativo.mx\/index.php\/wp-json\/wp\/v2\/posts\/1603\/revisions\/1607"}],"wp:featuredmedia":[{"embeddable":true,"href":"https:\/\/www.nexoinformativo.mx\/index.php\/wp-json\/wp\/v2\/media\/1605"}],"wp:attachment":[{"href":"https:\/\/www.nexoinformativo.mx\/index.php\/wp-json\/wp\/v2\/media?parent=1603"}],"wp:term":[{"taxonomy":"category","embeddable":true,"href":"https:\/\/www.nexoinformativo.mx\/index.php\/wp-json\/wp\/v2\/categories?post=1603"},{"taxonomy":"post_tag","embeddable":true,"href":"https:\/\/www.nexoinformativo.mx\/index.php\/wp-json\/wp\/v2\/tags?post=1603"}],"curies":[{"name":"wp","href":"https:\/\/api.w.org\/{rel}","templated":true}]}}