{"id":16043,"date":"2025-06-19T12:00:02","date_gmt":"2025-06-19T18:00:02","guid":{"rendered":"https:\/\/www.nexoinformativo.mx\/?p=16043"},"modified":"2025-06-19T13:59:11","modified_gmt":"2025-06-19T19:59:11","slug":"impacto-fatal-en-vias-ferreas-policia-de-queretaro-pierde-la-vida-y-otro-lucha-por-su-vida","status":"publish","type":"post","link":"https:\/\/www.nexoinformativo.mx\/index.php\/2025\/06\/19\/impacto-fatal-en-vias-ferreas-policia-de-queretaro-pierde-la-vida-y-otro-lucha-por-su-vida\/","title":{"rendered":"Impacto fatal en v\u00edas f\u00e9rreas polic\u00eda de Quer\u00e9taro pierde la vida y otro lucha por su vida"},"content":{"rendered":"<p style=\"text-align: justify;\" data-sourcepos=\"5:1-5:276\">Lamentable tragedia sacude a la Secretar\u00eda de Seguridad P\u00fablica Municipal de Quer\u00e9taro (SSPMQ). Una oficial perdi\u00f3 la vida y otro se encuentra gravemente lesionado tras ser arrollados por el tren en las v\u00edas f\u00e9rreas cercanas al barrio El Cerrito.<\/p>\n<\/p>\n<p>&nbsp;<\/p>\n<p style=\"text-align: justify;\" data-sourcepos=\"7:1-7:234\">De manera extraoficial, se ha informado que los oficiales estaban realizando labores de disuasi\u00f3n cuando, aparentemente, fueron empujados a las v\u00edas por un sujeto desconocido, lo que provoc\u00f3 que la pesada locomotora los impactara.<\/p>\n<\/p>\n<p>&nbsp;<\/p>\n<p style=\"text-align: justify;\" data-sourcepos=\"9:1-9:367\">Tras el reporte al n\u00famero de emergencias 9-1-1, param\u00e9dicos de Protecci\u00f3n Civil, Bomberos y del Centro Regulador de Urgencias M\u00e9dicas (CRUM) acudieron de inmediato. Atendieron al oficial masculino, quien presentaba la amputaci\u00f3n de extremidades y fue trasladado al hospital en estado grave. Lamentablemente, confirmaron que la oficial ya no presentaba signos vitales.<\/p>\n<\/p>\n<p>&nbsp;<\/p>\n<p style=\"text-align: justify;\" data-sourcepos=\"11:1-11:273\">La zona fue asegurada y se dio aviso al personal de la Fiscal\u00eda General del Estado (FGE), quienes llevaron a cabo las diligencias correspondientes. Posteriormente, m\u00e9dicos forenses realizaron el levantamiento del cuerpo para trasladarlo al Servicio M\u00e9dico Forense (Semefo).<\/p>\n<\/p>\n<p>&nbsp;<\/p>\n<p style=\"text-align: justify;\" data-sourcepos=\"13:1-13:231\">Hasta el momento, se desconoce si alguna persona ha sido detenida o si se tiene identificado al presunto o presuntos responsables de este tr\u00e1gico suceso. Las autoridades contin\u00faan con las investigaciones para esclarecer los hechos.<\/p>\n<\/p>\n<p>&nbsp;<\/p>\n<p style=\"text-align: center;\" data-sourcepos=\"13:1-13:231\"><em><strong>\u00a1Informaci\u00f3n que transforma!<\/strong><\/em><\/p>\n","protected":false},"excerpt":{"rendered":"<p>Lamentable tragedia sacude a la Secretar\u00eda de Seguridad P\u00fablica Municipal de Quer\u00e9taro (SSPMQ). Una oficial perdi\u00f3 la vida y otro se encuentra gravemente lesionado tras ser arrollados por el tren en las v\u00edas f\u00e9rreas cercanas al barrio El Cerrito.<\/p>\n","protected":false},"author":3,"featured_media":16037,"comment_status":"open","ping_status":"open","sticky":false,"template":"","format":"standard","meta":{"footnotes":""},"categories":[137,58],"tags":[480,260,722,4824],"class_list":["post-16043","post","type-post","status-publish","format-standard","has-post-thumbnail","hentry","category-sucesos","category-ultima-hora","tag-justicia","tag-policias","tag-sspmq","tag-tragediaqueretaro"],"yoast_head":"<!-- This site is optimized with the Yoast SEO plugin v25.0 - https:\/\/yoast.com\/wordpress\/plugins\/seo\/ -->\n<title>Impacto fatal en v\u00edas f\u00e9rreas polic\u00eda de Quer\u00e9taro pierde la vida y otro lucha por su vida | Nexo Informativo Santiago de Quer\u00e9taro<\/title>\n<meta name=\"description\" content=\"Impacto fatal en v\u00edas f\u00e9rreas polic\u00eda de Quer\u00e9taro pierde la vida y otro lucha por su vida\" \/>\n<meta name=\"robots\" content=\"index, follow, max-snippet:-1, max-image-preview:large, max-video-preview:-1\" \/>\n<link rel=\"canonical\" href=\"https:\/\/www.nexoinformativo.mx\/index.php\/2025\/06\/19\/impacto-fatal-en-vias-ferreas-policia-de-queretaro-pierde-la-vida-y-otro-lucha-por-su-vida\/\" \/>\n<meta property=\"og:locale\" content=\"es_MX\" \/>\n<meta property=\"og:type\" content=\"article\" \/>\n<meta property=\"og:title\" content=\"Impacto fatal en v\u00edas f\u00e9rreas polic\u00eda de Quer\u00e9taro pierde la vida y otro lucha por su vida | Nexo Informativo Santiago de Quer\u00e9taro\" \/>\n<meta property=\"og:description\" content=\"Impacto fatal en v\u00edas f\u00e9rreas polic\u00eda de Quer\u00e9taro pierde la vida y otro lucha por su vida\" \/>\n<meta property=\"og:url\" content=\"https:\/\/www.nexoinformativo.mx\/index.php\/2025\/06\/19\/impacto-fatal-en-vias-ferreas-policia-de-queretaro-pierde-la-vida-y-otro-lucha-por-su-vida\/\" \/>\n<meta property=\"og:site_name\" content=\"Nexo Informativo Santiago de Quer\u00e9taro\" \/>\n<meta property=\"article:publisher\" content=\"https:\/\/www.facebook.com\/people\/Nexo-Informativo\/61564066885511\/\" \/>\n<meta property=\"article:published_time\" content=\"2025-06-19T18:00:02+00:00\" \/>\n<meta property=\"article:modified_time\" content=\"2025-06-19T19:59:11+00:00\" \/>\n<meta property=\"og:image\" content=\"https:\/\/www.nexoinformativo.mx\/wp-content\/uploads\/2025\/06\/PHOTO-2025-06-19-09-18-53-scaled-e1750363121851.jpg\" \/>\n\t<meta property=\"og:image:width\" content=\"800\" \/>\n\t<meta property=\"og:image:height\" content=\"603\" \/>\n\t<meta property=\"og:image:type\" content=\"image\/jpeg\" \/>\n<meta name=\"author\" content=\"Nexo Informativo\" \/>\n<meta name=\"twitter:card\" content=\"summary_large_image\" \/>\n<meta name=\"twitter:label1\" content=\"Escrito por\" \/>\n\t<meta name=\"twitter:data1\" content=\"Nexo Informativo\" \/>\n\t<meta name=\"twitter:label2\" content=\"Tiempo de lectura\" \/>\n\t<meta name=\"twitter:data2\" content=\"2 minutos\" \/>\n<script type=\"application\/ld+json\" class=\"yoast-schema-graph\">{\"@context\":\"https:\/\/schema.org\",\"@graph\":[{\"@type\":\"Article\",\"@id\":\"https:\/\/www.nexoinformativo.mx\/index.php\/2025\/06\/19\/impacto-fatal-en-vias-ferreas-policia-de-queretaro-pierde-la-vida-y-otro-lucha-por-su-vida\/#article\",\"isPartOf\":{\"@id\":\"https:\/\/www.nexoinformativo.mx\/index.php\/2025\/06\/19\/impacto-fatal-en-vias-ferreas-policia-de-queretaro-pierde-la-vida-y-otro-lucha-por-su-vida\/\"},\"author\":{\"name\":\"Nexo Informativo\",\"@id\":\"https:\/\/www.nexoinformativo.mx\/#\/schema\/person\/7749d380ba08c8ca00d7bc76fd907b7d\"},\"headline\":\"Impacto fatal en v\u00edas f\u00e9rreas polic\u00eda de Quer\u00e9taro pierde la vida y otro lucha por su vida\",\"datePublished\":\"2025-06-19T18:00:02+00:00\",\"dateModified\":\"2025-06-19T19:59:11+00:00\",\"mainEntityOfPage\":{\"@id\":\"https:\/\/www.nexoinformativo.mx\/index.php\/2025\/06\/19\/impacto-fatal-en-vias-ferreas-policia-de-queretaro-pierde-la-vida-y-otro-lucha-por-su-vida\/\"},\"wordCount\":247,\"commentCount\":0,\"publisher\":{\"@id\":\"https:\/\/www.nexoinformativo.mx\/#organization\"},\"image\":{\"@id\":\"https:\/\/www.nexoinformativo.mx\/index.php\/2025\/06\/19\/impacto-fatal-en-vias-ferreas-policia-de-queretaro-pierde-la-vida-y-otro-lucha-por-su-vida\/#primaryimage\"},\"thumbnailUrl\":\"https:\/\/www.nexoinformativo.mx\/wp-content\/uploads\/2025\/06\/PHOTO-2025-06-19-09-18-53-scaled-e1750363121851.jpg\",\"keywords\":[\"Justicia\",\"policias\",\"SSPMQ\",\"TragediaQuer\u00e9taro\"],\"articleSection\":[\"Sucesos\",\"\u00daltima Hora\"],\"inLanguage\":\"es\",\"potentialAction\":[{\"@type\":\"CommentAction\",\"name\":\"Comment\",\"target\":[\"https:\/\/www.nexoinformativo.mx\/index.php\/2025\/06\/19\/impacto-fatal-en-vias-ferreas-policia-de-queretaro-pierde-la-vida-y-otro-lucha-por-su-vida\/#respond\"]}]},{\"@type\":\"WebPage\",\"@id\":\"https:\/\/www.nexoinformativo.mx\/index.php\/2025\/06\/19\/impacto-fatal-en-vias-ferreas-policia-de-queretaro-pierde-la-vida-y-otro-lucha-por-su-vida\/\",\"url\":\"https:\/\/www.nexoinformativo.mx\/index.php\/2025\/06\/19\/impacto-fatal-en-vias-ferreas-policia-de-queretaro-pierde-la-vida-y-otro-lucha-por-su-vida\/\",\"name\":\"Impacto fatal en v\u00edas f\u00e9rreas polic\u00eda de Quer\u00e9taro pierde la vida y otro lucha por su vida | Nexo Informativo Santiago de Quer\u00e9taro\",\"isPartOf\":{\"@id\":\"https:\/\/www.nexoinformativo.mx\/#website\"},\"primaryImageOfPage\":{\"@id\":\"https:\/\/www.nexoinformativo.mx\/index.php\/2025\/06\/19\/impacto-fatal-en-vias-ferreas-policia-de-queretaro-pierde-la-vida-y-otro-lucha-por-su-vida\/#primaryimage\"},\"image\":{\"@id\":\"https:\/\/www.nexoinformativo.mx\/index.php\/2025\/06\/19\/impacto-fatal-en-vias-ferreas-policia-de-queretaro-pierde-la-vida-y-otro-lucha-por-su-vida\/#primaryimage\"},\"thumbnailUrl\":\"https:\/\/www.nexoinformativo.mx\/wp-content\/uploads\/2025\/06\/PHOTO-2025-06-19-09-18-53-scaled-e1750363121851.jpg\",\"datePublished\":\"2025-06-19T18:00:02+00:00\",\"dateModified\":\"2025-06-19T19:59:11+00:00\",\"description\":\"Impacto fatal en v\u00edas f\u00e9rreas polic\u00eda de Quer\u00e9taro pierde la vida y otro lucha por su vida\",\"breadcrumb\":{\"@id\":\"https:\/\/www.nexoinformativo.mx\/index.php\/2025\/06\/19\/impacto-fatal-en-vias-ferreas-policia-de-queretaro-pierde-la-vida-y-otro-lucha-por-su-vida\/#breadcrumb\"},\"inLanguage\":\"es\",\"potentialAction\":[{\"@type\":\"ReadAction\",\"target\":[\"https:\/\/www.nexoinformativo.mx\/index.php\/2025\/06\/19\/impacto-fatal-en-vias-ferreas-policia-de-queretaro-pierde-la-vida-y-otro-lucha-por-su-vida\/\"]}]},{\"@type\":\"ImageObject\",\"inLanguage\":\"es\",\"@id\":\"https:\/\/www.nexoinformativo.mx\/index.php\/2025\/06\/19\/impacto-fatal-en-vias-ferreas-policia-de-queretaro-pierde-la-vida-y-otro-lucha-por-su-vida\/#primaryimage\",\"url\":\"https:\/\/www.nexoinformativo.mx\/wp-content\/uploads\/2025\/06\/PHOTO-2025-06-19-09-18-53-scaled-e1750363121851.jpg\",\"contentUrl\":\"https:\/\/www.nexoinformativo.mx\/wp-content\/uploads\/2025\/06\/PHOTO-2025-06-19-09-18-53-scaled-e1750363121851.jpg\",\"width\":800,\"height\":603},{\"@type\":\"BreadcrumbList\",\"@id\":\"https:\/\/www.nexoinformativo.mx\/index.php\/2025\/06\/19\/impacto-fatal-en-vias-ferreas-policia-de-queretaro-pierde-la-vida-y-otro-lucha-por-su-vida\/#breadcrumb\",\"itemListElement\":[{\"@type\":\"ListItem\",\"position\":1,\"name\":\"Inicio\",\"item\":\"https:\/\/www.nexoinformativo.mx\/\"},{\"@type\":\"ListItem\",\"position\":2,\"name\":\"Impacto fatal en v\u00edas f\u00e9rreas polic\u00eda de Quer\u00e9taro pierde la vida y otro lucha por su vida\"}]},{\"@type\":\"WebSite\",\"@id\":\"https:\/\/www.nexoinformativo.mx\/#website\",\"url\":\"https:\/\/www.nexoinformativo.mx\/\",\"name\":\"Nexo Informativo Santiago de Quer\u00e9taro\",\"description\":\"Explora NexoInformativo y convi\u00e9rtete en parte de una comunidad que valora el conocimiento y la verdad. Tu nexoinformativo es tu puente hacia una comprensi\u00f3n m\u00e1s profunda del mundo que te rodea.\",\"publisher\":{\"@id\":\"https:\/\/www.nexoinformativo.mx\/#organization\"},\"potentialAction\":[{\"@type\":\"SearchAction\",\"target\":{\"@type\":\"EntryPoint\",\"urlTemplate\":\"https:\/\/www.nexoinformativo.mx\/?s={search_term_string}\"},\"query-input\":{\"@type\":\"PropertyValueSpecification\",\"valueRequired\":true,\"valueName\":\"search_term_string\"}}],\"inLanguage\":\"es\"},{\"@type\":\"Organization\",\"@id\":\"https:\/\/www.nexoinformativo.mx\/#organization\",\"name\":\"Nexo Informativo Santiago de Quer\u00e9taro\",\"url\":\"https:\/\/www.nexoinformativo.mx\/\",\"logo\":{\"@type\":\"ImageObject\",\"inLanguage\":\"es\",\"@id\":\"https:\/\/www.nexoinformativo.mx\/#\/schema\/logo\/image\/\",\"url\":\"https:\/\/www.nexoinformativo.mx\/wp-content\/uploads\/2024\/07\/nexoi-trasparente-2.png\",\"contentUrl\":\"https:\/\/www.nexoinformativo.mx\/wp-content\/uploads\/2024\/07\/nexoi-trasparente-2.png\",\"width\":816,\"height\":339,\"caption\":\"Nexo Informativo Santiago de Quer\u00e9taro\"},\"image\":{\"@id\":\"https:\/\/www.nexoinformativo.mx\/#\/schema\/logo\/image\/\"},\"sameAs\":[\"https:\/\/www.facebook.com\/people\/Nexo-Informativo\/61564066885511\/\"]},{\"@type\":\"Person\",\"@id\":\"https:\/\/www.nexoinformativo.mx\/#\/schema\/person\/7749d380ba08c8ca00d7bc76fd907b7d\",\"name\":\"Nexo Informativo\",\"image\":{\"@type\":\"ImageObject\",\"inLanguage\":\"es\",\"@id\":\"https:\/\/www.nexoinformativo.mx\/#\/schema\/person\/image\/\",\"url\":\"https:\/\/secure.gravatar.com\/avatar\/dde2928154642a13d95f87ddf1ea9718fe2b46760a005c53e41ff5ad610704e6?s=96&d=mm&r=g\",\"contentUrl\":\"https:\/\/secure.gravatar.com\/avatar\/dde2928154642a13d95f87ddf1ea9718fe2b46760a005c53e41ff5ad610704e6?s=96&d=mm&r=g\",\"caption\":\"Nexo Informativo\"},\"url\":\"https:\/\/www.nexoinformativo.mx\/index.php\/author\/edicion\/\"}]}<\/script>\n<!-- \/ Yoast SEO plugin. -->","yoast_head_json":{"title":"Impacto fatal en v\u00edas f\u00e9rreas polic\u00eda de Quer\u00e9taro pierde la vida y otro lucha por su vida | Nexo Informativo Santiago de Quer\u00e9taro","description":"Impacto fatal en v\u00edas f\u00e9rreas polic\u00eda de Quer\u00e9taro pierde la vida y otro lucha por su vida","robots":{"index":"index","follow":"follow","max-snippet":"max-snippet:-1","max-image-preview":"max-image-preview:large","max-video-preview":"max-video-preview:-1"},"canonical":"https:\/\/www.nexoinformativo.mx\/index.php\/2025\/06\/19\/impacto-fatal-en-vias-ferreas-policia-de-queretaro-pierde-la-vida-y-otro-lucha-por-su-vida\/","og_locale":"es_MX","og_type":"article","og_title":"Impacto fatal en v\u00edas f\u00e9rreas polic\u00eda de Quer\u00e9taro pierde la vida y otro lucha por su vida | Nexo Informativo Santiago de Quer\u00e9taro","og_description":"Impacto fatal en v\u00edas f\u00e9rreas polic\u00eda de Quer\u00e9taro pierde la vida y otro lucha por su vida","og_url":"https:\/\/www.nexoinformativo.mx\/index.php\/2025\/06\/19\/impacto-fatal-en-vias-ferreas-policia-de-queretaro-pierde-la-vida-y-otro-lucha-por-su-vida\/","og_site_name":"Nexo Informativo Santiago de Quer\u00e9taro","article_publisher":"https:\/\/www.facebook.com\/people\/Nexo-Informativo\/61564066885511\/","article_published_time":"2025-06-19T18:00:02+00:00","article_modified_time":"2025-06-19T19:59:11+00:00","og_image":[{"width":800,"height":603,"url":"https:\/\/www.nexoinformativo.mx\/wp-content\/uploads\/2025\/06\/PHOTO-2025-06-19-09-18-53-scaled-e1750363121851.jpg","type":"image\/jpeg"}],"author":"Nexo Informativo","twitter_card":"summary_large_image","twitter_misc":{"Escrito por":"Nexo Informativo","Tiempo de lectura":"2 minutos"},"schema":{"@context":"https:\/\/schema.org","@graph":[{"@type":"Article","@id":"https:\/\/www.nexoinformativo.mx\/index.php\/2025\/06\/19\/impacto-fatal-en-vias-ferreas-policia-de-queretaro-pierde-la-vida-y-otro-lucha-por-su-vida\/#article","isPartOf":{"@id":"https:\/\/www.nexoinformativo.mx\/index.php\/2025\/06\/19\/impacto-fatal-en-vias-ferreas-policia-de-queretaro-pierde-la-vida-y-otro-lucha-por-su-vida\/"},"author":{"name":"Nexo Informativo","@id":"https:\/\/www.nexoinformativo.mx\/#\/schema\/person\/7749d380ba08c8ca00d7bc76fd907b7d"},"headline":"Impacto fatal en v\u00edas f\u00e9rreas polic\u00eda de Quer\u00e9taro pierde la vida y otro lucha por su vida","datePublished":"2025-06-19T18:00:02+00:00","dateModified":"2025-06-19T19:59:11+00:00","mainEntityOfPage":{"@id":"https:\/\/www.nexoinformativo.mx\/index.php\/2025\/06\/19\/impacto-fatal-en-vias-ferreas-policia-de-queretaro-pierde-la-vida-y-otro-lucha-por-su-vida\/"},"wordCount":247,"commentCount":0,"publisher":{"@id":"https:\/\/www.nexoinformativo.mx\/#organization"},"image":{"@id":"https:\/\/www.nexoinformativo.mx\/index.php\/2025\/06\/19\/impacto-fatal-en-vias-ferreas-policia-de-queretaro-pierde-la-vida-y-otro-lucha-por-su-vida\/#primaryimage"},"thumbnailUrl":"https:\/\/www.nexoinformativo.mx\/wp-content\/uploads\/2025\/06\/PHOTO-2025-06-19-09-18-53-scaled-e1750363121851.jpg","keywords":["Justicia","policias","SSPMQ","TragediaQuer\u00e9taro"],"articleSection":["Sucesos","\u00daltima Hora"],"inLanguage":"es","potentialAction":[{"@type":"CommentAction","name":"Comment","target":["https:\/\/www.nexoinformativo.mx\/index.php\/2025\/06\/19\/impacto-fatal-en-vias-ferreas-policia-de-queretaro-pierde-la-vida-y-otro-lucha-por-su-vida\/#respond"]}]},{"@type":"WebPage","@id":"https:\/\/www.nexoinformativo.mx\/index.php\/2025\/06\/19\/impacto-fatal-en-vias-ferreas-policia-de-queretaro-pierde-la-vida-y-otro-lucha-por-su-vida\/","url":"https:\/\/www.nexoinformativo.mx\/index.php\/2025\/06\/19\/impacto-fatal-en-vias-ferreas-policia-de-queretaro-pierde-la-vida-y-otro-lucha-por-su-vida\/","name":"Impacto fatal en v\u00edas f\u00e9rreas polic\u00eda de Quer\u00e9taro pierde la vida y otro lucha por su vida | Nexo Informativo Santiago de Quer\u00e9taro","isPartOf":{"@id":"https:\/\/www.nexoinformativo.mx\/#website"},"primaryImageOfPage":{"@id":"https:\/\/www.nexoinformativo.mx\/index.php\/2025\/06\/19\/impacto-fatal-en-vias-ferreas-policia-de-queretaro-pierde-la-vida-y-otro-lucha-por-su-vida\/#primaryimage"},"image":{"@id":"https:\/\/www.nexoinformativo.mx\/index.php\/2025\/06\/19\/impacto-fatal-en-vias-ferreas-policia-de-queretaro-pierde-la-vida-y-otro-lucha-por-su-vida\/#primaryimage"},"thumbnailUrl":"https:\/\/www.nexoinformativo.mx\/wp-content\/uploads\/2025\/06\/PHOTO-2025-06-19-09-18-53-scaled-e1750363121851.jpg","datePublished":"2025-06-19T18:00:02+00:00","dateModified":"2025-06-19T19:59:11+00:00","description":"Impacto fatal en v\u00edas f\u00e9rreas polic\u00eda de Quer\u00e9taro pierde la vida y otro lucha por su vida","breadcrumb":{"@id":"https:\/\/www.nexoinformativo.mx\/index.php\/2025\/06\/19\/impacto-fatal-en-vias-ferreas-policia-de-queretaro-pierde-la-vida-y-otro-lucha-por-su-vida\/#breadcrumb"},"inLanguage":"es","potentialAction":[{"@type":"ReadAction","target":["https:\/\/www.nexoinformativo.mx\/index.php\/2025\/06\/19\/impacto-fatal-en-vias-ferreas-policia-de-queretaro-pierde-la-vida-y-otro-lucha-por-su-vida\/"]}]},{"@type":"ImageObject","inLanguage":"es","@id":"https:\/\/www.nexoinformativo.mx\/index.php\/2025\/06\/19\/impacto-fatal-en-vias-ferreas-policia-de-queretaro-pierde-la-vida-y-otro-lucha-por-su-vida\/#primaryimage","url":"https:\/\/www.nexoinformativo.mx\/wp-content\/uploads\/2025\/06\/PHOTO-2025-06-19-09-18-53-scaled-e1750363121851.jpg","contentUrl":"https:\/\/www.nexoinformativo.mx\/wp-content\/uploads\/2025\/06\/PHOTO-2025-06-19-09-18-53-scaled-e1750363121851.jpg","width":800,"height":603},{"@type":"BreadcrumbList","@id":"https:\/\/www.nexoinformativo.mx\/index.php\/2025\/06\/19\/impacto-fatal-en-vias-ferreas-policia-de-queretaro-pierde-la-vida-y-otro-lucha-por-su-vida\/#breadcrumb","itemListElement":[{"@type":"ListItem","position":1,"name":"Inicio","item":"https:\/\/www.nexoinformativo.mx\/"},{"@type":"ListItem","position":2,"name":"Impacto fatal en v\u00edas f\u00e9rreas polic\u00eda de Quer\u00e9taro pierde la vida y otro lucha por su vida"}]},{"@type":"WebSite","@id":"https:\/\/www.nexoinformativo.mx\/#website","url":"https:\/\/www.nexoinformativo.mx\/","name":"Nexo Informativo Santiago de Quer\u00e9taro","description":"Explora NexoInformativo y convi\u00e9rtete en parte de una comunidad que valora el conocimiento y la verdad. Tu nexoinformativo es tu puente hacia una comprensi\u00f3n m\u00e1s profunda del mundo que te rodea.","publisher":{"@id":"https:\/\/www.nexoinformativo.mx\/#organization"},"potentialAction":[{"@type":"SearchAction","target":{"@type":"EntryPoint","urlTemplate":"https:\/\/www.nexoinformativo.mx\/?s={search_term_string}"},"query-input":{"@type":"PropertyValueSpecification","valueRequired":true,"valueName":"search_term_string"}}],"inLanguage":"es"},{"@type":"Organization","@id":"https:\/\/www.nexoinformativo.mx\/#organization","name":"Nexo Informativo Santiago de Quer\u00e9taro","url":"https:\/\/www.nexoinformativo.mx\/","logo":{"@type":"ImageObject","inLanguage":"es","@id":"https:\/\/www.nexoinformativo.mx\/#\/schema\/logo\/image\/","url":"https:\/\/www.nexoinformativo.mx\/wp-content\/uploads\/2024\/07\/nexoi-trasparente-2.png","contentUrl":"https:\/\/www.nexoinformativo.mx\/wp-content\/uploads\/2024\/07\/nexoi-trasparente-2.png","width":816,"height":339,"caption":"Nexo Informativo Santiago de Quer\u00e9taro"},"image":{"@id":"https:\/\/www.nexoinformativo.mx\/#\/schema\/logo\/image\/"},"sameAs":["https:\/\/www.facebook.com\/people\/Nexo-Informativo\/61564066885511\/"]},{"@type":"Person","@id":"https:\/\/www.nexoinformativo.mx\/#\/schema\/person\/7749d380ba08c8ca00d7bc76fd907b7d","name":"Nexo Informativo","image":{"@type":"ImageObject","inLanguage":"es","@id":"https:\/\/www.nexoinformativo.mx\/#\/schema\/person\/image\/","url":"https:\/\/secure.gravatar.com\/avatar\/dde2928154642a13d95f87ddf1ea9718fe2b46760a005c53e41ff5ad610704e6?s=96&d=mm&r=g","contentUrl":"https:\/\/secure.gravatar.com\/avatar\/dde2928154642a13d95f87ddf1ea9718fe2b46760a005c53e41ff5ad610704e6?s=96&d=mm&r=g","caption":"Nexo Informativo"},"url":"https:\/\/www.nexoinformativo.mx\/index.php\/author\/edicion\/"}]}},"_links":{"self":[{"href":"https:\/\/www.nexoinformativo.mx\/index.php\/wp-json\/wp\/v2\/posts\/16043","targetHints":{"allow":["GET"]}}],"collection":[{"href":"https:\/\/www.nexoinformativo.mx\/index.php\/wp-json\/wp\/v2\/posts"}],"about":[{"href":"https:\/\/www.nexoinformativo.mx\/index.php\/wp-json\/wp\/v2\/types\/post"}],"author":[{"embeddable":true,"href":"https:\/\/www.nexoinformativo.mx\/index.php\/wp-json\/wp\/v2\/users\/3"}],"replies":[{"embeddable":true,"href":"https:\/\/www.nexoinformativo.mx\/index.php\/wp-json\/wp\/v2\/comments?post=16043"}],"version-history":[{"count":3,"href":"https:\/\/www.nexoinformativo.mx\/index.php\/wp-json\/wp\/v2\/posts\/16043\/revisions"}],"predecessor-version":[{"id":16046,"href":"https:\/\/www.nexoinformativo.mx\/index.php\/wp-json\/wp\/v2\/posts\/16043\/revisions\/16046"}],"wp:featuredmedia":[{"embeddable":true,"href":"https:\/\/www.nexoinformativo.mx\/index.php\/wp-json\/wp\/v2\/media\/16037"}],"wp:attachment":[{"href":"https:\/\/www.nexoinformativo.mx\/index.php\/wp-json\/wp\/v2\/media?parent=16043"}],"wp:term":[{"taxonomy":"category","embeddable":true,"href":"https:\/\/www.nexoinformativo.mx\/index.php\/wp-json\/wp\/v2\/categories?post=16043"},{"taxonomy":"post_tag","embeddable":true,"href":"https:\/\/www.nexoinformativo.mx\/index.php\/wp-json\/wp\/v2\/tags?post=16043"}],"curies":[{"name":"wp","href":"https:\/\/api.w.org\/{rel}","templated":true}]}}