{"id":16053,"date":"2025-06-19T14:00:07","date_gmt":"2025-06-19T20:00:07","guid":{"rendered":"https:\/\/www.nexoinformativo.mx\/?p=16053"},"modified":"2025-06-19T14:11:12","modified_gmt":"2025-06-19T20:11:12","slug":"no-hay-suspension-de-clases-en-queretaro-la-usebeq-se-mantiene-vigilante-ante-lluvias-por-erick","status":"publish","type":"post","link":"https:\/\/www.nexoinformativo.mx\/index.php\/2025\/06\/19\/no-hay-suspension-de-clases-en-queretaro-la-usebeq-se-mantiene-vigilante-ante-lluvias-por-erick\/","title":{"rendered":"No hay suspensi\u00f3n de clases en Quer\u00e9taro la USEBEQ se mantiene vigilante ante lluvias por \u201cErick\u201d"},"content":{"rendered":"<p style=\"text-align: justify;\" data-sourcepos=\"5:1-5:373\">A pesar del pron\u00f3stico de lluvias intensas derivadas del hurac\u00e1n &#8220;Erick&#8221;, las clases contin\u00faan con normalidad en Quer\u00e9taro.<\/p>\n<p>&nbsp;<\/p>\n<p style=\"text-align: justify;\" data-sourcepos=\"5:1-5:373\">Irene Quintanar Mej\u00eda, coordinadora general de la Unidad de Servicios para la Educaci\u00f3n B\u00e1sica en el Estado de Quer\u00e9taro (USEBEQ), asegur\u00f3 que, por el momento, no se contempla la suspensi\u00f3n de actividades escolares.<\/p>\n<p>&nbsp;<\/p>\n<p style=\"text-align: justify;\" data-sourcepos=\"7:1-7:390\">Quintanar Mej\u00eda explic\u00f3 que existe una coordinaci\u00f3n permanente con la Unidad Estatal de Protecci\u00f3n Civil para monitorear cualquier situaci\u00f3n de riesgo que pudiera afectar a la comunidad escolar. &#8220;Nada que ponga en riesgo la integridad de nuestra ni\u00f1ez y adolescencia.<\/p>\n<p>&nbsp;<\/p>\n<p style=\"text-align: justify;\" data-sourcepos=\"7:1-7:390\">Los directores y supervisores escolares est\u00e1n en comunicaci\u00f3n constante para reportar cualquier contingencia&#8221;, indic\u00f3.<\/p>\n<p>&nbsp;<\/p>\n<p style=\"text-align: justify;\" data-sourcepos=\"9:1-9:337\">La funcionaria hizo un llamado a madres, padres y tutores para que se mantengan atentos a los comunicados oficialesemitidos por la autoridad educativa.<\/p>\n<\/p>\n<p>&nbsp;<\/p>\n<p style=\"text-align: justify;\" data-sourcepos=\"9:1-9:337\">Asimismo, record\u00f3 que los directivos escolares tienen la facultad de suspender clases en caso de que consideren necesario por motivos de seguridad en sus respectivas instituciones.<\/p>\n<p>&nbsp;<\/p>\n<p style=\"text-align: justify;\" data-sourcepos=\"11:1-11:241\">&#8220;Cualquier situaci\u00f3n que ocurra en los municipios ser\u00e1 evaluada para determinar si existe riesgo. Si no lo hay, las clases continuar\u00e1n con normalidad&#8221;, recalc\u00f3 Quintanar Mej\u00eda, enfatizando que la prioridad es la seguridad de los estudiantes.<\/p>\n<p>&nbsp;<\/p>\n<p style=\"text-align: center;\" data-sourcepos=\"11:1-11:241\"><em><strong>\u00a1Informaci\u00f3n que transforma!<\/strong><\/em><\/p>\n","protected":false},"excerpt":{"rendered":"<p>A pesar del pron\u00f3stico de lluvias intensas derivadas del hurac\u00e1n &#8220;Erick&#8221;, las clases contin\u00faan con normalidad en Quer\u00e9taro.<\/p>\n","protected":false},"author":3,"featured_media":16054,"comment_status":"open","ping_status":"open","sticky":false,"template":"","format":"standard","meta":{"footnotes":""},"categories":[42,58],"tags":[4827,4828,3535,254],"class_list":["post-16053","post","type-post","status-publish","format-standard","has-post-thumbnail","hentry","category-estado","category-ultima-hora","tag-clasesqro","tag-huracanerick","tag-queretaroeducacion","tag-usebeq"],"yoast_head":"<!-- This site is optimized with the Yoast SEO plugin v25.0 - https:\/\/yoast.com\/wordpress\/plugins\/seo\/ -->\n<title>No hay suspensi\u00f3n de clases en Quer\u00e9taro la USEBEQ se mantiene vigilante ante lluvias por \u201cErick\u201d | Nexo Informativo Santiago de Quer\u00e9taro<\/title>\n<meta name=\"description\" content=\"No hay suspensi\u00f3n de clases en Quer\u00e9taro la USEBEQ se mantiene vigilante ante lluvias por \u201cErick\u201d\" \/>\n<meta name=\"robots\" content=\"index, follow, max-snippet:-1, max-image-preview:large, max-video-preview:-1\" \/>\n<link rel=\"canonical\" href=\"https:\/\/www.nexoinformativo.mx\/index.php\/2025\/06\/19\/no-hay-suspension-de-clases-en-queretaro-la-usebeq-se-mantiene-vigilante-ante-lluvias-por-erick\/\" \/>\n<meta property=\"og:locale\" content=\"es_MX\" \/>\n<meta property=\"og:type\" content=\"article\" \/>\n<meta property=\"og:title\" content=\"No hay suspensi\u00f3n de clases en Quer\u00e9taro la USEBEQ se mantiene vigilante ante lluvias por \u201cErick\u201d | Nexo Informativo Santiago de Quer\u00e9taro\" \/>\n<meta property=\"og:description\" content=\"No hay suspensi\u00f3n de clases en Quer\u00e9taro la USEBEQ se mantiene vigilante ante lluvias por \u201cErick\u201d\" \/>\n<meta property=\"og:url\" content=\"https:\/\/www.nexoinformativo.mx\/index.php\/2025\/06\/19\/no-hay-suspension-de-clases-en-queretaro-la-usebeq-se-mantiene-vigilante-ante-lluvias-por-erick\/\" \/>\n<meta property=\"og:site_name\" content=\"Nexo Informativo Santiago de Quer\u00e9taro\" \/>\n<meta property=\"article:publisher\" content=\"https:\/\/www.facebook.com\/people\/Nexo-Informativo\/61564066885511\/\" \/>\n<meta property=\"article:published_time\" content=\"2025-06-19T20:00:07+00:00\" \/>\n<meta property=\"article:modified_time\" content=\"2025-06-19T20:11:12+00:00\" \/>\n<meta property=\"og:image\" content=\"https:\/\/www.nexoinformativo.mx\/wp-content\/uploads\/2025\/06\/PHOTO-2025-06-19-12-39-34-e1750363795448.jpg\" \/>\n\t<meta property=\"og:image:width\" content=\"800\" \/>\n\t<meta property=\"og:image:height\" content=\"600\" \/>\n\t<meta property=\"og:image:type\" content=\"image\/jpeg\" \/>\n<meta name=\"author\" content=\"Nexo Informativo\" \/>\n<meta name=\"twitter:card\" content=\"summary_large_image\" \/>\n<meta name=\"twitter:label1\" content=\"Escrito por\" \/>\n\t<meta name=\"twitter:data1\" content=\"Nexo Informativo\" \/>\n\t<meta name=\"twitter:label2\" content=\"Tiempo de lectura\" \/>\n\t<meta name=\"twitter:data2\" content=\"2 minutos\" \/>\n<script type=\"application\/ld+json\" class=\"yoast-schema-graph\">{\"@context\":\"https:\/\/schema.org\",\"@graph\":[{\"@type\":\"Article\",\"@id\":\"https:\/\/www.nexoinformativo.mx\/index.php\/2025\/06\/19\/no-hay-suspension-de-clases-en-queretaro-la-usebeq-se-mantiene-vigilante-ante-lluvias-por-erick\/#article\",\"isPartOf\":{\"@id\":\"https:\/\/www.nexoinformativo.mx\/index.php\/2025\/06\/19\/no-hay-suspension-de-clases-en-queretaro-la-usebeq-se-mantiene-vigilante-ante-lluvias-por-erick\/\"},\"author\":{\"name\":\"Nexo Informativo\",\"@id\":\"https:\/\/www.nexoinformativo.mx\/#\/schema\/person\/7749d380ba08c8ca00d7bc76fd907b7d\"},\"headline\":\"No hay suspensi\u00f3n de clases en Quer\u00e9taro la USEBEQ se mantiene vigilante ante lluvias por \u201cErick\u201d\",\"datePublished\":\"2025-06-19T20:00:07+00:00\",\"dateModified\":\"2025-06-19T20:11:12+00:00\",\"mainEntityOfPage\":{\"@id\":\"https:\/\/www.nexoinformativo.mx\/index.php\/2025\/06\/19\/no-hay-suspension-de-clases-en-queretaro-la-usebeq-se-mantiene-vigilante-ante-lluvias-por-erick\/\"},\"wordCount\":238,\"commentCount\":0,\"publisher\":{\"@id\":\"https:\/\/www.nexoinformativo.mx\/#organization\"},\"image\":{\"@id\":\"https:\/\/www.nexoinformativo.mx\/index.php\/2025\/06\/19\/no-hay-suspension-de-clases-en-queretaro-la-usebeq-se-mantiene-vigilante-ante-lluvias-por-erick\/#primaryimage\"},\"thumbnailUrl\":\"https:\/\/www.nexoinformativo.mx\/wp-content\/uploads\/2025\/06\/PHOTO-2025-06-19-12-39-34-e1750363795448.jpg\",\"keywords\":[\"ClasesQRO\",\"Hurac\u00e1nErick\",\"Quer\u00e9taroEducaci\u00f3n\",\"USEBEQ\"],\"articleSection\":[\"Estado\",\"\u00daltima Hora\"],\"inLanguage\":\"es\",\"potentialAction\":[{\"@type\":\"CommentAction\",\"name\":\"Comment\",\"target\":[\"https:\/\/www.nexoinformativo.mx\/index.php\/2025\/06\/19\/no-hay-suspension-de-clases-en-queretaro-la-usebeq-se-mantiene-vigilante-ante-lluvias-por-erick\/#respond\"]}]},{\"@type\":\"WebPage\",\"@id\":\"https:\/\/www.nexoinformativo.mx\/index.php\/2025\/06\/19\/no-hay-suspension-de-clases-en-queretaro-la-usebeq-se-mantiene-vigilante-ante-lluvias-por-erick\/\",\"url\":\"https:\/\/www.nexoinformativo.mx\/index.php\/2025\/06\/19\/no-hay-suspension-de-clases-en-queretaro-la-usebeq-se-mantiene-vigilante-ante-lluvias-por-erick\/\",\"name\":\"No hay suspensi\u00f3n de clases en Quer\u00e9taro la USEBEQ se mantiene vigilante ante lluvias por \u201cErick\u201d | Nexo Informativo Santiago de Quer\u00e9taro\",\"isPartOf\":{\"@id\":\"https:\/\/www.nexoinformativo.mx\/#website\"},\"primaryImageOfPage\":{\"@id\":\"https:\/\/www.nexoinformativo.mx\/index.php\/2025\/06\/19\/no-hay-suspension-de-clases-en-queretaro-la-usebeq-se-mantiene-vigilante-ante-lluvias-por-erick\/#primaryimage\"},\"image\":{\"@id\":\"https:\/\/www.nexoinformativo.mx\/index.php\/2025\/06\/19\/no-hay-suspension-de-clases-en-queretaro-la-usebeq-se-mantiene-vigilante-ante-lluvias-por-erick\/#primaryimage\"},\"thumbnailUrl\":\"https:\/\/www.nexoinformativo.mx\/wp-content\/uploads\/2025\/06\/PHOTO-2025-06-19-12-39-34-e1750363795448.jpg\",\"datePublished\":\"2025-06-19T20:00:07+00:00\",\"dateModified\":\"2025-06-19T20:11:12+00:00\",\"description\":\"No hay suspensi\u00f3n de clases en Quer\u00e9taro la USEBEQ se mantiene vigilante ante lluvias por \u201cErick\u201d\",\"breadcrumb\":{\"@id\":\"https:\/\/www.nexoinformativo.mx\/index.php\/2025\/06\/19\/no-hay-suspension-de-clases-en-queretaro-la-usebeq-se-mantiene-vigilante-ante-lluvias-por-erick\/#breadcrumb\"},\"inLanguage\":\"es\",\"potentialAction\":[{\"@type\":\"ReadAction\",\"target\":[\"https:\/\/www.nexoinformativo.mx\/index.php\/2025\/06\/19\/no-hay-suspension-de-clases-en-queretaro-la-usebeq-se-mantiene-vigilante-ante-lluvias-por-erick\/\"]}]},{\"@type\":\"ImageObject\",\"inLanguage\":\"es\",\"@id\":\"https:\/\/www.nexoinformativo.mx\/index.php\/2025\/06\/19\/no-hay-suspension-de-clases-en-queretaro-la-usebeq-se-mantiene-vigilante-ante-lluvias-por-erick\/#primaryimage\",\"url\":\"https:\/\/www.nexoinformativo.mx\/wp-content\/uploads\/2025\/06\/PHOTO-2025-06-19-12-39-34-e1750363795448.jpg\",\"contentUrl\":\"https:\/\/www.nexoinformativo.mx\/wp-content\/uploads\/2025\/06\/PHOTO-2025-06-19-12-39-34-e1750363795448.jpg\",\"width\":800,\"height\":600},{\"@type\":\"BreadcrumbList\",\"@id\":\"https:\/\/www.nexoinformativo.mx\/index.php\/2025\/06\/19\/no-hay-suspension-de-clases-en-queretaro-la-usebeq-se-mantiene-vigilante-ante-lluvias-por-erick\/#breadcrumb\",\"itemListElement\":[{\"@type\":\"ListItem\",\"position\":1,\"name\":\"Inicio\",\"item\":\"https:\/\/www.nexoinformativo.mx\/\"},{\"@type\":\"ListItem\",\"position\":2,\"name\":\"No hay suspensi\u00f3n de clases en Quer\u00e9taro la USEBEQ se mantiene vigilante ante lluvias por \u201cErick\u201d\"}]},{\"@type\":\"WebSite\",\"@id\":\"https:\/\/www.nexoinformativo.mx\/#website\",\"url\":\"https:\/\/www.nexoinformativo.mx\/\",\"name\":\"Nexo Informativo Santiago de Quer\u00e9taro\",\"description\":\"Explora NexoInformativo y convi\u00e9rtete en parte de una comunidad que valora el conocimiento y la verdad. Tu nexoinformativo es tu puente hacia una comprensi\u00f3n m\u00e1s profunda del mundo que te rodea.\",\"publisher\":{\"@id\":\"https:\/\/www.nexoinformativo.mx\/#organization\"},\"potentialAction\":[{\"@type\":\"SearchAction\",\"target\":{\"@type\":\"EntryPoint\",\"urlTemplate\":\"https:\/\/www.nexoinformativo.mx\/?s={search_term_string}\"},\"query-input\":{\"@type\":\"PropertyValueSpecification\",\"valueRequired\":true,\"valueName\":\"search_term_string\"}}],\"inLanguage\":\"es\"},{\"@type\":\"Organization\",\"@id\":\"https:\/\/www.nexoinformativo.mx\/#organization\",\"name\":\"Nexo Informativo Santiago de Quer\u00e9taro\",\"url\":\"https:\/\/www.nexoinformativo.mx\/\",\"logo\":{\"@type\":\"ImageObject\",\"inLanguage\":\"es\",\"@id\":\"https:\/\/www.nexoinformativo.mx\/#\/schema\/logo\/image\/\",\"url\":\"https:\/\/www.nexoinformativo.mx\/wp-content\/uploads\/2024\/07\/nexoi-trasparente-2.png\",\"contentUrl\":\"https:\/\/www.nexoinformativo.mx\/wp-content\/uploads\/2024\/07\/nexoi-trasparente-2.png\",\"width\":816,\"height\":339,\"caption\":\"Nexo Informativo Santiago de Quer\u00e9taro\"},\"image\":{\"@id\":\"https:\/\/www.nexoinformativo.mx\/#\/schema\/logo\/image\/\"},\"sameAs\":[\"https:\/\/www.facebook.com\/people\/Nexo-Informativo\/61564066885511\/\"]},{\"@type\":\"Person\",\"@id\":\"https:\/\/www.nexoinformativo.mx\/#\/schema\/person\/7749d380ba08c8ca00d7bc76fd907b7d\",\"name\":\"Nexo Informativo\",\"image\":{\"@type\":\"ImageObject\",\"inLanguage\":\"es\",\"@id\":\"https:\/\/www.nexoinformativo.mx\/#\/schema\/person\/image\/\",\"url\":\"https:\/\/secure.gravatar.com\/avatar\/dde2928154642a13d95f87ddf1ea9718fe2b46760a005c53e41ff5ad610704e6?s=96&d=mm&r=g\",\"contentUrl\":\"https:\/\/secure.gravatar.com\/avatar\/dde2928154642a13d95f87ddf1ea9718fe2b46760a005c53e41ff5ad610704e6?s=96&d=mm&r=g\",\"caption\":\"Nexo Informativo\"},\"url\":\"https:\/\/www.nexoinformativo.mx\/index.php\/author\/edicion\/\"}]}<\/script>\n<!-- \/ Yoast SEO plugin. -->","yoast_head_json":{"title":"No hay suspensi\u00f3n de clases en Quer\u00e9taro la USEBEQ se mantiene vigilante ante lluvias por \u201cErick\u201d | Nexo Informativo Santiago de Quer\u00e9taro","description":"No hay suspensi\u00f3n de clases en Quer\u00e9taro la USEBEQ se mantiene vigilante ante lluvias por \u201cErick\u201d","robots":{"index":"index","follow":"follow","max-snippet":"max-snippet:-1","max-image-preview":"max-image-preview:large","max-video-preview":"max-video-preview:-1"},"canonical":"https:\/\/www.nexoinformativo.mx\/index.php\/2025\/06\/19\/no-hay-suspension-de-clases-en-queretaro-la-usebeq-se-mantiene-vigilante-ante-lluvias-por-erick\/","og_locale":"es_MX","og_type":"article","og_title":"No hay suspensi\u00f3n de clases en Quer\u00e9taro la USEBEQ se mantiene vigilante ante lluvias por \u201cErick\u201d | Nexo Informativo Santiago de Quer\u00e9taro","og_description":"No hay suspensi\u00f3n de clases en Quer\u00e9taro la USEBEQ se mantiene vigilante ante lluvias por \u201cErick\u201d","og_url":"https:\/\/www.nexoinformativo.mx\/index.php\/2025\/06\/19\/no-hay-suspension-de-clases-en-queretaro-la-usebeq-se-mantiene-vigilante-ante-lluvias-por-erick\/","og_site_name":"Nexo Informativo Santiago de Quer\u00e9taro","article_publisher":"https:\/\/www.facebook.com\/people\/Nexo-Informativo\/61564066885511\/","article_published_time":"2025-06-19T20:00:07+00:00","article_modified_time":"2025-06-19T20:11:12+00:00","og_image":[{"width":800,"height":600,"url":"https:\/\/www.nexoinformativo.mx\/wp-content\/uploads\/2025\/06\/PHOTO-2025-06-19-12-39-34-e1750363795448.jpg","type":"image\/jpeg"}],"author":"Nexo Informativo","twitter_card":"summary_large_image","twitter_misc":{"Escrito por":"Nexo Informativo","Tiempo de lectura":"2 minutos"},"schema":{"@context":"https:\/\/schema.org","@graph":[{"@type":"Article","@id":"https:\/\/www.nexoinformativo.mx\/index.php\/2025\/06\/19\/no-hay-suspension-de-clases-en-queretaro-la-usebeq-se-mantiene-vigilante-ante-lluvias-por-erick\/#article","isPartOf":{"@id":"https:\/\/www.nexoinformativo.mx\/index.php\/2025\/06\/19\/no-hay-suspension-de-clases-en-queretaro-la-usebeq-se-mantiene-vigilante-ante-lluvias-por-erick\/"},"author":{"name":"Nexo Informativo","@id":"https:\/\/www.nexoinformativo.mx\/#\/schema\/person\/7749d380ba08c8ca00d7bc76fd907b7d"},"headline":"No hay suspensi\u00f3n de clases en Quer\u00e9taro la USEBEQ se mantiene vigilante ante lluvias por \u201cErick\u201d","datePublished":"2025-06-19T20:00:07+00:00","dateModified":"2025-06-19T20:11:12+00:00","mainEntityOfPage":{"@id":"https:\/\/www.nexoinformativo.mx\/index.php\/2025\/06\/19\/no-hay-suspension-de-clases-en-queretaro-la-usebeq-se-mantiene-vigilante-ante-lluvias-por-erick\/"},"wordCount":238,"commentCount":0,"publisher":{"@id":"https:\/\/www.nexoinformativo.mx\/#organization"},"image":{"@id":"https:\/\/www.nexoinformativo.mx\/index.php\/2025\/06\/19\/no-hay-suspension-de-clases-en-queretaro-la-usebeq-se-mantiene-vigilante-ante-lluvias-por-erick\/#primaryimage"},"thumbnailUrl":"https:\/\/www.nexoinformativo.mx\/wp-content\/uploads\/2025\/06\/PHOTO-2025-06-19-12-39-34-e1750363795448.jpg","keywords":["ClasesQRO","Hurac\u00e1nErick","Quer\u00e9taroEducaci\u00f3n","USEBEQ"],"articleSection":["Estado","\u00daltima Hora"],"inLanguage":"es","potentialAction":[{"@type":"CommentAction","name":"Comment","target":["https:\/\/www.nexoinformativo.mx\/index.php\/2025\/06\/19\/no-hay-suspension-de-clases-en-queretaro-la-usebeq-se-mantiene-vigilante-ante-lluvias-por-erick\/#respond"]}]},{"@type":"WebPage","@id":"https:\/\/www.nexoinformativo.mx\/index.php\/2025\/06\/19\/no-hay-suspension-de-clases-en-queretaro-la-usebeq-se-mantiene-vigilante-ante-lluvias-por-erick\/","url":"https:\/\/www.nexoinformativo.mx\/index.php\/2025\/06\/19\/no-hay-suspension-de-clases-en-queretaro-la-usebeq-se-mantiene-vigilante-ante-lluvias-por-erick\/","name":"No hay suspensi\u00f3n de clases en Quer\u00e9taro la USEBEQ se mantiene vigilante ante lluvias por \u201cErick\u201d | Nexo Informativo Santiago de Quer\u00e9taro","isPartOf":{"@id":"https:\/\/www.nexoinformativo.mx\/#website"},"primaryImageOfPage":{"@id":"https:\/\/www.nexoinformativo.mx\/index.php\/2025\/06\/19\/no-hay-suspension-de-clases-en-queretaro-la-usebeq-se-mantiene-vigilante-ante-lluvias-por-erick\/#primaryimage"},"image":{"@id":"https:\/\/www.nexoinformativo.mx\/index.php\/2025\/06\/19\/no-hay-suspension-de-clases-en-queretaro-la-usebeq-se-mantiene-vigilante-ante-lluvias-por-erick\/#primaryimage"},"thumbnailUrl":"https:\/\/www.nexoinformativo.mx\/wp-content\/uploads\/2025\/06\/PHOTO-2025-06-19-12-39-34-e1750363795448.jpg","datePublished":"2025-06-19T20:00:07+00:00","dateModified":"2025-06-19T20:11:12+00:00","description":"No hay suspensi\u00f3n de clases en Quer\u00e9taro la USEBEQ se mantiene vigilante ante lluvias por \u201cErick\u201d","breadcrumb":{"@id":"https:\/\/www.nexoinformativo.mx\/index.php\/2025\/06\/19\/no-hay-suspension-de-clases-en-queretaro-la-usebeq-se-mantiene-vigilante-ante-lluvias-por-erick\/#breadcrumb"},"inLanguage":"es","potentialAction":[{"@type":"ReadAction","target":["https:\/\/www.nexoinformativo.mx\/index.php\/2025\/06\/19\/no-hay-suspension-de-clases-en-queretaro-la-usebeq-se-mantiene-vigilante-ante-lluvias-por-erick\/"]}]},{"@type":"ImageObject","inLanguage":"es","@id":"https:\/\/www.nexoinformativo.mx\/index.php\/2025\/06\/19\/no-hay-suspension-de-clases-en-queretaro-la-usebeq-se-mantiene-vigilante-ante-lluvias-por-erick\/#primaryimage","url":"https:\/\/www.nexoinformativo.mx\/wp-content\/uploads\/2025\/06\/PHOTO-2025-06-19-12-39-34-e1750363795448.jpg","contentUrl":"https:\/\/www.nexoinformativo.mx\/wp-content\/uploads\/2025\/06\/PHOTO-2025-06-19-12-39-34-e1750363795448.jpg","width":800,"height":600},{"@type":"BreadcrumbList","@id":"https:\/\/www.nexoinformativo.mx\/index.php\/2025\/06\/19\/no-hay-suspension-de-clases-en-queretaro-la-usebeq-se-mantiene-vigilante-ante-lluvias-por-erick\/#breadcrumb","itemListElement":[{"@type":"ListItem","position":1,"name":"Inicio","item":"https:\/\/www.nexoinformativo.mx\/"},{"@type":"ListItem","position":2,"name":"No hay suspensi\u00f3n de clases en Quer\u00e9taro la USEBEQ se mantiene vigilante ante lluvias por \u201cErick\u201d"}]},{"@type":"WebSite","@id":"https:\/\/www.nexoinformativo.mx\/#website","url":"https:\/\/www.nexoinformativo.mx\/","name":"Nexo Informativo Santiago de Quer\u00e9taro","description":"Explora NexoInformativo y convi\u00e9rtete en parte de una comunidad que valora el conocimiento y la verdad. Tu nexoinformativo es tu puente hacia una comprensi\u00f3n m\u00e1s profunda del mundo que te rodea.","publisher":{"@id":"https:\/\/www.nexoinformativo.mx\/#organization"},"potentialAction":[{"@type":"SearchAction","target":{"@type":"EntryPoint","urlTemplate":"https:\/\/www.nexoinformativo.mx\/?s={search_term_string}"},"query-input":{"@type":"PropertyValueSpecification","valueRequired":true,"valueName":"search_term_string"}}],"inLanguage":"es"},{"@type":"Organization","@id":"https:\/\/www.nexoinformativo.mx\/#organization","name":"Nexo Informativo Santiago de Quer\u00e9taro","url":"https:\/\/www.nexoinformativo.mx\/","logo":{"@type":"ImageObject","inLanguage":"es","@id":"https:\/\/www.nexoinformativo.mx\/#\/schema\/logo\/image\/","url":"https:\/\/www.nexoinformativo.mx\/wp-content\/uploads\/2024\/07\/nexoi-trasparente-2.png","contentUrl":"https:\/\/www.nexoinformativo.mx\/wp-content\/uploads\/2024\/07\/nexoi-trasparente-2.png","width":816,"height":339,"caption":"Nexo Informativo Santiago de Quer\u00e9taro"},"image":{"@id":"https:\/\/www.nexoinformativo.mx\/#\/schema\/logo\/image\/"},"sameAs":["https:\/\/www.facebook.com\/people\/Nexo-Informativo\/61564066885511\/"]},{"@type":"Person","@id":"https:\/\/www.nexoinformativo.mx\/#\/schema\/person\/7749d380ba08c8ca00d7bc76fd907b7d","name":"Nexo Informativo","image":{"@type":"ImageObject","inLanguage":"es","@id":"https:\/\/www.nexoinformativo.mx\/#\/schema\/person\/image\/","url":"https:\/\/secure.gravatar.com\/avatar\/dde2928154642a13d95f87ddf1ea9718fe2b46760a005c53e41ff5ad610704e6?s=96&d=mm&r=g","contentUrl":"https:\/\/secure.gravatar.com\/avatar\/dde2928154642a13d95f87ddf1ea9718fe2b46760a005c53e41ff5ad610704e6?s=96&d=mm&r=g","caption":"Nexo Informativo"},"url":"https:\/\/www.nexoinformativo.mx\/index.php\/author\/edicion\/"}]}},"_links":{"self":[{"href":"https:\/\/www.nexoinformativo.mx\/index.php\/wp-json\/wp\/v2\/posts\/16053","targetHints":{"allow":["GET"]}}],"collection":[{"href":"https:\/\/www.nexoinformativo.mx\/index.php\/wp-json\/wp\/v2\/posts"}],"about":[{"href":"https:\/\/www.nexoinformativo.mx\/index.php\/wp-json\/wp\/v2\/types\/post"}],"author":[{"embeddable":true,"href":"https:\/\/www.nexoinformativo.mx\/index.php\/wp-json\/wp\/v2\/users\/3"}],"replies":[{"embeddable":true,"href":"https:\/\/www.nexoinformativo.mx\/index.php\/wp-json\/wp\/v2\/comments?post=16053"}],"version-history":[{"count":5,"href":"https:\/\/www.nexoinformativo.mx\/index.php\/wp-json\/wp\/v2\/posts\/16053\/revisions"}],"predecessor-version":[{"id":16059,"href":"https:\/\/www.nexoinformativo.mx\/index.php\/wp-json\/wp\/v2\/posts\/16053\/revisions\/16059"}],"wp:featuredmedia":[{"embeddable":true,"href":"https:\/\/www.nexoinformativo.mx\/index.php\/wp-json\/wp\/v2\/media\/16054"}],"wp:attachment":[{"href":"https:\/\/www.nexoinformativo.mx\/index.php\/wp-json\/wp\/v2\/media?parent=16053"}],"wp:term":[{"taxonomy":"category","embeddable":true,"href":"https:\/\/www.nexoinformativo.mx\/index.php\/wp-json\/wp\/v2\/categories?post=16053"},{"taxonomy":"post_tag","embeddable":true,"href":"https:\/\/www.nexoinformativo.mx\/index.php\/wp-json\/wp\/v2\/tags?post=16053"}],"curies":[{"name":"wp","href":"https:\/\/api.w.org\/{rel}","templated":true}]}}