{"id":16060,"date":"2025-06-20T09:00:21","date_gmt":"2025-06-20T15:00:21","guid":{"rendered":"https:\/\/www.nexoinformativo.mx\/?p=16060"},"modified":"2025-06-20T16:07:53","modified_gmt":"2025-06-20T22:07:53","slug":"puebla-es-sede-nacional-inauguran-juegos-deportivos-escolares-2025-con-21-mil-estudiantes","status":"publish","type":"post","link":"https:\/\/www.nexoinformativo.mx\/index.php\/2025\/06\/20\/puebla-es-sede-nacional-inauguran-juegos-deportivos-escolares-2025-con-21-mil-estudiantes\/","title":{"rendered":"Puebla es sede Nacional inauguran juegos deportivos escolares 2025 con 21 mil estudiantes"},"content":{"rendered":"<p style=\"text-align: justify;\" data-sourcepos=\"5:1-5:432\">El Gimnasio \u201cMiguel Hidalgo\u201d de Puebla se visti\u00f3 de gala para la inauguraci\u00f3n de los Juegos Deportivos Nacionales Escolares 2025.<\/p>\n<p>&nbsp;<\/p>\n<p style=\"text-align: justify;\" data-sourcepos=\"5:1-5:432\">El secretario de Educaci\u00f3n P\u00fablica, Mario Delgado, junto al gobernador de Puebla, Alejandro Armenta, y el titular de la CONADE, Rommel Pacheco, dieron la bienvenida a 21 mil estudiantes de primaria, secundaria y bachillerato de todo el pa\u00eds.<\/p>\n<p>&nbsp;<\/p>\n<p style=\"text-align: justify;\" data-sourcepos=\"7:1-7:385\">Estos juegos son parte de las importantes estrategias nacionales &#8220;Vive saludable, vive feliz&#8221; y &#8220;Por la Paz y contra las Adicciones&#8221;, impulsadas por la Presidenta Claudia Sheinbaum. La mandataria ha determinado que las escuelas deben ser espacios de educaci\u00f3n integral, donde se cultive tanto la mente como el cuerpo, promoviendo una vida saludable y la pr\u00e1ctica del deporte.<\/p>\n<p>&nbsp;<\/p>\n<p style=\"text-align: justify;\" data-sourcepos=\"9:1-9:416\">Con la presencia del legendario campe\u00f3n mundial de boxeo, Julio C\u00e9sar Ch\u00e1vez, Mario Delgado anim\u00f3 a los j\u00f3venes atletas a perseguir sus sue\u00f1os con entusiasmo y disciplina.<\/p>\n<p>&nbsp;<\/p>\n<p style=\"text-align: justify;\" data-sourcepos=\"9:1-9:416\">&#8220;Que disfruten mucho estos juegos, que no solo se lleven medallas, que se lleven muchos amigos, muchas amigas, muchas emociones y grandes recuerdos que les duren toda la vida&#8221;, expres\u00f3 Delgado Carrillo en un auditorio lleno de energ\u00eda.<\/p>\n<p>&nbsp;<\/p>\n<p style=\"text-align: justify;\" data-sourcepos=\"17:1-17:193\">Desde la nueva CONADE, se impulsa el deporte social como una prioridad nacional, trabajando para que m\u00e1s j\u00f3venes se activen, fortalezcan su salud y mejoren sus comunidades a trav\u00e9s del deporte.<\/p>\n<p>&nbsp;<\/p>\n<p style=\"text-align: justify;\" data-sourcepos=\"19:1-19:280\">Las competencias de Educaci\u00f3n B\u00e1sica ver\u00e1n a estudiantes de primaria participar en 10 disciplinas del 24 al 29 de junio, mientras que los de secundaria competir\u00e1n del 29 de junio al 4 de julio. Para Educaci\u00f3n Media Superior, las actividades se llevan a cabo del 17 al 21 de junio.<\/p>\n<p>&nbsp;<\/p>\n<p style=\"text-align: center;\" data-sourcepos=\"19:1-19:280\"><em><strong>\u00a1Informaci\u00f3n que transforma!<\/strong><\/em><\/p>\n","protected":false},"excerpt":{"rendered":"<p>Puebla es sede Nacional inauguran juegos deportivos escolares 2025 con 21 mil estudiantes<\/p>\n","protected":false},"author":3,"featured_media":16061,"comment_status":"open","ping_status":"open","sticky":false,"template":"","format":"standard","meta":{"footnotes":""},"categories":[88,58],"tags":[4830,4829,4831,3733],"class_list":["post-16060","post","type-post","status-publish","format-standard","has-post-thumbnail","hentry","category-nacional","category-ultima-hora","tag-deporteeducativo","tag-juegosescolares2025","tag-puebladeporte","tag-vivesaludable"],"yoast_head":"<!-- This site is optimized with the Yoast SEO plugin v25.0 - https:\/\/yoast.com\/wordpress\/plugins\/seo\/ -->\n<title>Puebla es sede Nacional inauguran juegos deportivos escolares 2025 con 21 mil estudiantes | Nexo Informativo Santiago de Quer\u00e9taro<\/title>\n<meta name=\"robots\" content=\"index, follow, max-snippet:-1, max-image-preview:large, max-video-preview:-1\" \/>\n<link rel=\"canonical\" href=\"https:\/\/www.nexoinformativo.mx\/index.php\/2025\/06\/20\/puebla-es-sede-nacional-inauguran-juegos-deportivos-escolares-2025-con-21-mil-estudiantes\/\" \/>\n<meta property=\"og:locale\" content=\"es_MX\" \/>\n<meta property=\"og:type\" content=\"article\" \/>\n<meta property=\"og:title\" content=\"Puebla es sede Nacional inauguran juegos deportivos escolares 2025 con 21 mil estudiantes | Nexo Informativo Santiago de Quer\u00e9taro\" \/>\n<meta property=\"og:description\" content=\"Puebla es sede Nacional inauguran juegos deportivos escolares 2025 con 21 mil estudiantes\" \/>\n<meta property=\"og:url\" content=\"https:\/\/www.nexoinformativo.mx\/index.php\/2025\/06\/20\/puebla-es-sede-nacional-inauguran-juegos-deportivos-escolares-2025-con-21-mil-estudiantes\/\" \/>\n<meta property=\"og:site_name\" content=\"Nexo Informativo Santiago de Quer\u00e9taro\" \/>\n<meta property=\"article:publisher\" content=\"https:\/\/www.facebook.com\/people\/Nexo-Informativo\/61564066885511\/\" \/>\n<meta property=\"article:published_time\" content=\"2025-06-20T15:00:21+00:00\" \/>\n<meta property=\"article:modified_time\" content=\"2025-06-20T22:07:53+00:00\" \/>\n<meta property=\"og:image\" content=\"https:\/\/www.nexoinformativo.mx\/wp-content\/uploads\/2025\/06\/IMG_4208.jpg\" \/>\n\t<meta property=\"og:image:width\" content=\"650\" \/>\n\t<meta property=\"og:image:height\" content=\"380\" \/>\n\t<meta property=\"og:image:type\" content=\"image\/jpeg\" \/>\n<meta name=\"author\" content=\"Nexo Informativo\" \/>\n<meta name=\"twitter:card\" content=\"summary_large_image\" \/>\n<meta name=\"twitter:label1\" content=\"Escrito por\" \/>\n\t<meta name=\"twitter:data1\" content=\"Nexo Informativo\" \/>\n\t<meta name=\"twitter:label2\" content=\"Tiempo de lectura\" \/>\n\t<meta name=\"twitter:data2\" content=\"2 minutos\" \/>\n<script type=\"application\/ld+json\" class=\"yoast-schema-graph\">{\"@context\":\"https:\/\/schema.org\",\"@graph\":[{\"@type\":\"Article\",\"@id\":\"https:\/\/www.nexoinformativo.mx\/index.php\/2025\/06\/20\/puebla-es-sede-nacional-inauguran-juegos-deportivos-escolares-2025-con-21-mil-estudiantes\/#article\",\"isPartOf\":{\"@id\":\"https:\/\/www.nexoinformativo.mx\/index.php\/2025\/06\/20\/puebla-es-sede-nacional-inauguran-juegos-deportivos-escolares-2025-con-21-mil-estudiantes\/\"},\"author\":{\"name\":\"Nexo Informativo\",\"@id\":\"https:\/\/www.nexoinformativo.mx\/#\/schema\/person\/7749d380ba08c8ca00d7bc76fd907b7d\"},\"headline\":\"Puebla es sede Nacional inauguran juegos deportivos escolares 2025 con 21 mil estudiantes\",\"datePublished\":\"2025-06-20T15:00:21+00:00\",\"dateModified\":\"2025-06-20T22:07:53+00:00\",\"mainEntityOfPage\":{\"@id\":\"https:\/\/www.nexoinformativo.mx\/index.php\/2025\/06\/20\/puebla-es-sede-nacional-inauguran-juegos-deportivos-escolares-2025-con-21-mil-estudiantes\/\"},\"wordCount\":295,\"commentCount\":0,\"publisher\":{\"@id\":\"https:\/\/www.nexoinformativo.mx\/#organization\"},\"image\":{\"@id\":\"https:\/\/www.nexoinformativo.mx\/index.php\/2025\/06\/20\/puebla-es-sede-nacional-inauguran-juegos-deportivos-escolares-2025-con-21-mil-estudiantes\/#primaryimage\"},\"thumbnailUrl\":\"https:\/\/www.nexoinformativo.mx\/wp-content\/uploads\/2025\/06\/IMG_4208.jpg\",\"keywords\":[\"DeporteEducativo\",\"JuegosEscolares2025\",\"PueblaDeporte\",\"ViveSaludable\"],\"articleSection\":[\"Nacional\",\"\u00daltima Hora\"],\"inLanguage\":\"es\",\"potentialAction\":[{\"@type\":\"CommentAction\",\"name\":\"Comment\",\"target\":[\"https:\/\/www.nexoinformativo.mx\/index.php\/2025\/06\/20\/puebla-es-sede-nacional-inauguran-juegos-deportivos-escolares-2025-con-21-mil-estudiantes\/#respond\"]}]},{\"@type\":\"WebPage\",\"@id\":\"https:\/\/www.nexoinformativo.mx\/index.php\/2025\/06\/20\/puebla-es-sede-nacional-inauguran-juegos-deportivos-escolares-2025-con-21-mil-estudiantes\/\",\"url\":\"https:\/\/www.nexoinformativo.mx\/index.php\/2025\/06\/20\/puebla-es-sede-nacional-inauguran-juegos-deportivos-escolares-2025-con-21-mil-estudiantes\/\",\"name\":\"Puebla es sede Nacional inauguran juegos deportivos escolares 2025 con 21 mil estudiantes | Nexo Informativo Santiago de Quer\u00e9taro\",\"isPartOf\":{\"@id\":\"https:\/\/www.nexoinformativo.mx\/#website\"},\"primaryImageOfPage\":{\"@id\":\"https:\/\/www.nexoinformativo.mx\/index.php\/2025\/06\/20\/puebla-es-sede-nacional-inauguran-juegos-deportivos-escolares-2025-con-21-mil-estudiantes\/#primaryimage\"},\"image\":{\"@id\":\"https:\/\/www.nexoinformativo.mx\/index.php\/2025\/06\/20\/puebla-es-sede-nacional-inauguran-juegos-deportivos-escolares-2025-con-21-mil-estudiantes\/#primaryimage\"},\"thumbnailUrl\":\"https:\/\/www.nexoinformativo.mx\/wp-content\/uploads\/2025\/06\/IMG_4208.jpg\",\"datePublished\":\"2025-06-20T15:00:21+00:00\",\"dateModified\":\"2025-06-20T22:07:53+00:00\",\"breadcrumb\":{\"@id\":\"https:\/\/www.nexoinformativo.mx\/index.php\/2025\/06\/20\/puebla-es-sede-nacional-inauguran-juegos-deportivos-escolares-2025-con-21-mil-estudiantes\/#breadcrumb\"},\"inLanguage\":\"es\",\"potentialAction\":[{\"@type\":\"ReadAction\",\"target\":[\"https:\/\/www.nexoinformativo.mx\/index.php\/2025\/06\/20\/puebla-es-sede-nacional-inauguran-juegos-deportivos-escolares-2025-con-21-mil-estudiantes\/\"]}]},{\"@type\":\"ImageObject\",\"inLanguage\":\"es\",\"@id\":\"https:\/\/www.nexoinformativo.mx\/index.php\/2025\/06\/20\/puebla-es-sede-nacional-inauguran-juegos-deportivos-escolares-2025-con-21-mil-estudiantes\/#primaryimage\",\"url\":\"https:\/\/www.nexoinformativo.mx\/wp-content\/uploads\/2025\/06\/IMG_4208.jpg\",\"contentUrl\":\"https:\/\/www.nexoinformativo.mx\/wp-content\/uploads\/2025\/06\/IMG_4208.jpg\",\"width\":650,\"height\":380},{\"@type\":\"BreadcrumbList\",\"@id\":\"https:\/\/www.nexoinformativo.mx\/index.php\/2025\/06\/20\/puebla-es-sede-nacional-inauguran-juegos-deportivos-escolares-2025-con-21-mil-estudiantes\/#breadcrumb\",\"itemListElement\":[{\"@type\":\"ListItem\",\"position\":1,\"name\":\"Inicio\",\"item\":\"https:\/\/www.nexoinformativo.mx\/\"},{\"@type\":\"ListItem\",\"position\":2,\"name\":\"Puebla es sede Nacional inauguran juegos deportivos escolares 2025 con 21 mil estudiantes\"}]},{\"@type\":\"WebSite\",\"@id\":\"https:\/\/www.nexoinformativo.mx\/#website\",\"url\":\"https:\/\/www.nexoinformativo.mx\/\",\"name\":\"Nexo Informativo Santiago de Quer\u00e9taro\",\"description\":\"Explora NexoInformativo y convi\u00e9rtete en parte de una comunidad que valora el conocimiento y la verdad. Tu nexoinformativo es tu puente hacia una comprensi\u00f3n m\u00e1s profunda del mundo que te rodea.\",\"publisher\":{\"@id\":\"https:\/\/www.nexoinformativo.mx\/#organization\"},\"potentialAction\":[{\"@type\":\"SearchAction\",\"target\":{\"@type\":\"EntryPoint\",\"urlTemplate\":\"https:\/\/www.nexoinformativo.mx\/?s={search_term_string}\"},\"query-input\":{\"@type\":\"PropertyValueSpecification\",\"valueRequired\":true,\"valueName\":\"search_term_string\"}}],\"inLanguage\":\"es\"},{\"@type\":\"Organization\",\"@id\":\"https:\/\/www.nexoinformativo.mx\/#organization\",\"name\":\"Nexo Informativo Santiago de Quer\u00e9taro\",\"url\":\"https:\/\/www.nexoinformativo.mx\/\",\"logo\":{\"@type\":\"ImageObject\",\"inLanguage\":\"es\",\"@id\":\"https:\/\/www.nexoinformativo.mx\/#\/schema\/logo\/image\/\",\"url\":\"https:\/\/www.nexoinformativo.mx\/wp-content\/uploads\/2024\/07\/nexoi-trasparente-2.png\",\"contentUrl\":\"https:\/\/www.nexoinformativo.mx\/wp-content\/uploads\/2024\/07\/nexoi-trasparente-2.png\",\"width\":816,\"height\":339,\"caption\":\"Nexo Informativo Santiago de Quer\u00e9taro\"},\"image\":{\"@id\":\"https:\/\/www.nexoinformativo.mx\/#\/schema\/logo\/image\/\"},\"sameAs\":[\"https:\/\/www.facebook.com\/people\/Nexo-Informativo\/61564066885511\/\"]},{\"@type\":\"Person\",\"@id\":\"https:\/\/www.nexoinformativo.mx\/#\/schema\/person\/7749d380ba08c8ca00d7bc76fd907b7d\",\"name\":\"Nexo Informativo\",\"image\":{\"@type\":\"ImageObject\",\"inLanguage\":\"es\",\"@id\":\"https:\/\/www.nexoinformativo.mx\/#\/schema\/person\/image\/\",\"url\":\"https:\/\/secure.gravatar.com\/avatar\/dde2928154642a13d95f87ddf1ea9718fe2b46760a005c53e41ff5ad610704e6?s=96&d=mm&r=g\",\"contentUrl\":\"https:\/\/secure.gravatar.com\/avatar\/dde2928154642a13d95f87ddf1ea9718fe2b46760a005c53e41ff5ad610704e6?s=96&d=mm&r=g\",\"caption\":\"Nexo Informativo\"},\"url\":\"https:\/\/www.nexoinformativo.mx\/index.php\/author\/edicion\/\"}]}<\/script>\n<!-- \/ Yoast SEO plugin. -->","yoast_head_json":{"title":"Puebla es sede Nacional inauguran juegos deportivos escolares 2025 con 21 mil estudiantes | Nexo Informativo Santiago de Quer\u00e9taro","robots":{"index":"index","follow":"follow","max-snippet":"max-snippet:-1","max-image-preview":"max-image-preview:large","max-video-preview":"max-video-preview:-1"},"canonical":"https:\/\/www.nexoinformativo.mx\/index.php\/2025\/06\/20\/puebla-es-sede-nacional-inauguran-juegos-deportivos-escolares-2025-con-21-mil-estudiantes\/","og_locale":"es_MX","og_type":"article","og_title":"Puebla es sede Nacional inauguran juegos deportivos escolares 2025 con 21 mil estudiantes | Nexo Informativo Santiago de Quer\u00e9taro","og_description":"Puebla es sede Nacional inauguran juegos deportivos escolares 2025 con 21 mil estudiantes","og_url":"https:\/\/www.nexoinformativo.mx\/index.php\/2025\/06\/20\/puebla-es-sede-nacional-inauguran-juegos-deportivos-escolares-2025-con-21-mil-estudiantes\/","og_site_name":"Nexo Informativo Santiago de Quer\u00e9taro","article_publisher":"https:\/\/www.facebook.com\/people\/Nexo-Informativo\/61564066885511\/","article_published_time":"2025-06-20T15:00:21+00:00","article_modified_time":"2025-06-20T22:07:53+00:00","og_image":[{"width":650,"height":380,"url":"https:\/\/www.nexoinformativo.mx\/wp-content\/uploads\/2025\/06\/IMG_4208.jpg","type":"image\/jpeg"}],"author":"Nexo Informativo","twitter_card":"summary_large_image","twitter_misc":{"Escrito por":"Nexo Informativo","Tiempo de lectura":"2 minutos"},"schema":{"@context":"https:\/\/schema.org","@graph":[{"@type":"Article","@id":"https:\/\/www.nexoinformativo.mx\/index.php\/2025\/06\/20\/puebla-es-sede-nacional-inauguran-juegos-deportivos-escolares-2025-con-21-mil-estudiantes\/#article","isPartOf":{"@id":"https:\/\/www.nexoinformativo.mx\/index.php\/2025\/06\/20\/puebla-es-sede-nacional-inauguran-juegos-deportivos-escolares-2025-con-21-mil-estudiantes\/"},"author":{"name":"Nexo Informativo","@id":"https:\/\/www.nexoinformativo.mx\/#\/schema\/person\/7749d380ba08c8ca00d7bc76fd907b7d"},"headline":"Puebla es sede Nacional inauguran juegos deportivos escolares 2025 con 21 mil estudiantes","datePublished":"2025-06-20T15:00:21+00:00","dateModified":"2025-06-20T22:07:53+00:00","mainEntityOfPage":{"@id":"https:\/\/www.nexoinformativo.mx\/index.php\/2025\/06\/20\/puebla-es-sede-nacional-inauguran-juegos-deportivos-escolares-2025-con-21-mil-estudiantes\/"},"wordCount":295,"commentCount":0,"publisher":{"@id":"https:\/\/www.nexoinformativo.mx\/#organization"},"image":{"@id":"https:\/\/www.nexoinformativo.mx\/index.php\/2025\/06\/20\/puebla-es-sede-nacional-inauguran-juegos-deportivos-escolares-2025-con-21-mil-estudiantes\/#primaryimage"},"thumbnailUrl":"https:\/\/www.nexoinformativo.mx\/wp-content\/uploads\/2025\/06\/IMG_4208.jpg","keywords":["DeporteEducativo","JuegosEscolares2025","PueblaDeporte","ViveSaludable"],"articleSection":["Nacional","\u00daltima Hora"],"inLanguage":"es","potentialAction":[{"@type":"CommentAction","name":"Comment","target":["https:\/\/www.nexoinformativo.mx\/index.php\/2025\/06\/20\/puebla-es-sede-nacional-inauguran-juegos-deportivos-escolares-2025-con-21-mil-estudiantes\/#respond"]}]},{"@type":"WebPage","@id":"https:\/\/www.nexoinformativo.mx\/index.php\/2025\/06\/20\/puebla-es-sede-nacional-inauguran-juegos-deportivos-escolares-2025-con-21-mil-estudiantes\/","url":"https:\/\/www.nexoinformativo.mx\/index.php\/2025\/06\/20\/puebla-es-sede-nacional-inauguran-juegos-deportivos-escolares-2025-con-21-mil-estudiantes\/","name":"Puebla es sede Nacional inauguran juegos deportivos escolares 2025 con 21 mil estudiantes | Nexo Informativo Santiago de Quer\u00e9taro","isPartOf":{"@id":"https:\/\/www.nexoinformativo.mx\/#website"},"primaryImageOfPage":{"@id":"https:\/\/www.nexoinformativo.mx\/index.php\/2025\/06\/20\/puebla-es-sede-nacional-inauguran-juegos-deportivos-escolares-2025-con-21-mil-estudiantes\/#primaryimage"},"image":{"@id":"https:\/\/www.nexoinformativo.mx\/index.php\/2025\/06\/20\/puebla-es-sede-nacional-inauguran-juegos-deportivos-escolares-2025-con-21-mil-estudiantes\/#primaryimage"},"thumbnailUrl":"https:\/\/www.nexoinformativo.mx\/wp-content\/uploads\/2025\/06\/IMG_4208.jpg","datePublished":"2025-06-20T15:00:21+00:00","dateModified":"2025-06-20T22:07:53+00:00","breadcrumb":{"@id":"https:\/\/www.nexoinformativo.mx\/index.php\/2025\/06\/20\/puebla-es-sede-nacional-inauguran-juegos-deportivos-escolares-2025-con-21-mil-estudiantes\/#breadcrumb"},"inLanguage":"es","potentialAction":[{"@type":"ReadAction","target":["https:\/\/www.nexoinformativo.mx\/index.php\/2025\/06\/20\/puebla-es-sede-nacional-inauguran-juegos-deportivos-escolares-2025-con-21-mil-estudiantes\/"]}]},{"@type":"ImageObject","inLanguage":"es","@id":"https:\/\/www.nexoinformativo.mx\/index.php\/2025\/06\/20\/puebla-es-sede-nacional-inauguran-juegos-deportivos-escolares-2025-con-21-mil-estudiantes\/#primaryimage","url":"https:\/\/www.nexoinformativo.mx\/wp-content\/uploads\/2025\/06\/IMG_4208.jpg","contentUrl":"https:\/\/www.nexoinformativo.mx\/wp-content\/uploads\/2025\/06\/IMG_4208.jpg","width":650,"height":380},{"@type":"BreadcrumbList","@id":"https:\/\/www.nexoinformativo.mx\/index.php\/2025\/06\/20\/puebla-es-sede-nacional-inauguran-juegos-deportivos-escolares-2025-con-21-mil-estudiantes\/#breadcrumb","itemListElement":[{"@type":"ListItem","position":1,"name":"Inicio","item":"https:\/\/www.nexoinformativo.mx\/"},{"@type":"ListItem","position":2,"name":"Puebla es sede Nacional inauguran juegos deportivos escolares 2025 con 21 mil estudiantes"}]},{"@type":"WebSite","@id":"https:\/\/www.nexoinformativo.mx\/#website","url":"https:\/\/www.nexoinformativo.mx\/","name":"Nexo Informativo Santiago de Quer\u00e9taro","description":"Explora NexoInformativo y convi\u00e9rtete en parte de una comunidad que valora el conocimiento y la verdad. Tu nexoinformativo es tu puente hacia una comprensi\u00f3n m\u00e1s profunda del mundo que te rodea.","publisher":{"@id":"https:\/\/www.nexoinformativo.mx\/#organization"},"potentialAction":[{"@type":"SearchAction","target":{"@type":"EntryPoint","urlTemplate":"https:\/\/www.nexoinformativo.mx\/?s={search_term_string}"},"query-input":{"@type":"PropertyValueSpecification","valueRequired":true,"valueName":"search_term_string"}}],"inLanguage":"es"},{"@type":"Organization","@id":"https:\/\/www.nexoinformativo.mx\/#organization","name":"Nexo Informativo Santiago de Quer\u00e9taro","url":"https:\/\/www.nexoinformativo.mx\/","logo":{"@type":"ImageObject","inLanguage":"es","@id":"https:\/\/www.nexoinformativo.mx\/#\/schema\/logo\/image\/","url":"https:\/\/www.nexoinformativo.mx\/wp-content\/uploads\/2024\/07\/nexoi-trasparente-2.png","contentUrl":"https:\/\/www.nexoinformativo.mx\/wp-content\/uploads\/2024\/07\/nexoi-trasparente-2.png","width":816,"height":339,"caption":"Nexo Informativo Santiago de Quer\u00e9taro"},"image":{"@id":"https:\/\/www.nexoinformativo.mx\/#\/schema\/logo\/image\/"},"sameAs":["https:\/\/www.facebook.com\/people\/Nexo-Informativo\/61564066885511\/"]},{"@type":"Person","@id":"https:\/\/www.nexoinformativo.mx\/#\/schema\/person\/7749d380ba08c8ca00d7bc76fd907b7d","name":"Nexo Informativo","image":{"@type":"ImageObject","inLanguage":"es","@id":"https:\/\/www.nexoinformativo.mx\/#\/schema\/person\/image\/","url":"https:\/\/secure.gravatar.com\/avatar\/dde2928154642a13d95f87ddf1ea9718fe2b46760a005c53e41ff5ad610704e6?s=96&d=mm&r=g","contentUrl":"https:\/\/secure.gravatar.com\/avatar\/dde2928154642a13d95f87ddf1ea9718fe2b46760a005c53e41ff5ad610704e6?s=96&d=mm&r=g","caption":"Nexo Informativo"},"url":"https:\/\/www.nexoinformativo.mx\/index.php\/author\/edicion\/"}]}},"_links":{"self":[{"href":"https:\/\/www.nexoinformativo.mx\/index.php\/wp-json\/wp\/v2\/posts\/16060","targetHints":{"allow":["GET"]}}],"collection":[{"href":"https:\/\/www.nexoinformativo.mx\/index.php\/wp-json\/wp\/v2\/posts"}],"about":[{"href":"https:\/\/www.nexoinformativo.mx\/index.php\/wp-json\/wp\/v2\/types\/post"}],"author":[{"embeddable":true,"href":"https:\/\/www.nexoinformativo.mx\/index.php\/wp-json\/wp\/v2\/users\/3"}],"replies":[{"embeddable":true,"href":"https:\/\/www.nexoinformativo.mx\/index.php\/wp-json\/wp\/v2\/comments?post=16060"}],"version-history":[{"count":3,"href":"https:\/\/www.nexoinformativo.mx\/index.php\/wp-json\/wp\/v2\/posts\/16060\/revisions"}],"predecessor-version":[{"id":16064,"href":"https:\/\/www.nexoinformativo.mx\/index.php\/wp-json\/wp\/v2\/posts\/16060\/revisions\/16064"}],"wp:featuredmedia":[{"embeddable":true,"href":"https:\/\/www.nexoinformativo.mx\/index.php\/wp-json\/wp\/v2\/media\/16061"}],"wp:attachment":[{"href":"https:\/\/www.nexoinformativo.mx\/index.php\/wp-json\/wp\/v2\/media?parent=16060"}],"wp:term":[{"taxonomy":"category","embeddable":true,"href":"https:\/\/www.nexoinformativo.mx\/index.php\/wp-json\/wp\/v2\/categories?post=16060"},{"taxonomy":"post_tag","embeddable":true,"href":"https:\/\/www.nexoinformativo.mx\/index.php\/wp-json\/wp\/v2\/tags?post=16060"}],"curies":[{"name":"wp","href":"https:\/\/api.w.org\/{rel}","templated":true}]}}