{"id":16065,"date":"2025-06-20T10:00:02","date_gmt":"2025-06-20T16:00:02","guid":{"rendered":"https:\/\/www.nexoinformativo.mx\/?p=16065"},"modified":"2025-06-20T16:14:20","modified_gmt":"2025-06-20T22:14:20","slug":"queretaro-impulsa-movilidad-programa-de-transporte-gratuito-nocturno-y-comunitario-amplia-oportunidades","status":"publish","type":"post","link":"https:\/\/www.nexoinformativo.mx\/index.php\/2025\/06\/20\/queretaro-impulsa-movilidad-programa-de-transporte-gratuito-nocturno-y-comunitario-amplia-oportunidades\/","title":{"rendered":"Quer\u00e9taro impulsa movilidad programa de transporte gratuito nocturno y comunitario ampl\u00eda oportunidades"},"content":{"rendered":"<p style=\"text-align: justify;\" data-sourcepos=\"5:1-5:455\">El programa de Transporte Nocturno del Municipio de Quer\u00e9taro ha cerrado una primera etapa con \u00e9xito, recibiendo 500 solicitudes de inscripci\u00f3n a trav\u00e9s de la plataforma Bus Municipal.<\/p>\n<p>&nbsp;<\/p>\n<p style=\"text-align: justify;\" data-sourcepos=\"5:1-5:455\">Este servicio, que opera en un horario de 7:00 de la noche a 12:00 de la ma\u00f1ana, es exclusivo para usuarios con tarjeta de prepago y est\u00e1 dirigido a estudiantes de educaci\u00f3n superior y media superior, as\u00ed como a la poblaci\u00f3n en general.<\/p>\n<p>&nbsp;<\/p>\n<p style=\"text-align: justify;\" data-sourcepos=\"7:1-7:504\">La Secretar\u00eda de Movilidad (Semov) inform\u00f3 que la convocatoria original estuvo abierta del 5 al 31 de mayo, seguida de un proceso de validaci\u00f3n del 1 al 13 de junio. Ante el inter\u00e9s, el m\u00f3dulo de Transporte Nocturno en la plataforma busmunicipal.municipiodequeretaro.gob.mx fue reactivado para nuevas inscripciones, ofreciendo transbordos gratuitos en las rutas Qrobus.<\/p>\n<p>&nbsp;<\/p>\n<p style=\"text-align: justify;\" data-sourcepos=\"17:1-17:219\">Hasta el momento, la plataforma Bus Municipal ya suma 5 mil cuentas creadas y 300 solicitudes para el programa de Transporte Comunitario, que ha registrado m\u00e1s de 263 mil ascensos en tres meses de operaci\u00f3n.<\/p>\n<p>&nbsp;<\/p>\n<p style=\"text-align: justify;\" data-sourcepos=\"19:1-19:329\">El Sistema Municipal de Transporte Comunitario Gratuito opera de lunes a viernes, de 6:00 de la ma\u00f1ana a 8:00 de la noche, con 8 rutas que dan servicio a 19 comunidades y la delegaci\u00f3n de Santa Rosa J\u00e1uregui, conectando puntos clave como la Universidad Polit\u00e9cnica de Santa Rosa J\u00e1uregui (UPSRJ) y el Parque Industrial Quer\u00e9taro.<\/p>\n<p>&nbsp;<\/p>\n<p style=\"text-align: justify;\" data-sourcepos=\"23:1-23:498\">La inscripci\u00f3n puede hacerse desde cualquier dispositivo con internet. Los interesados deben tener una tarjeta de prepago Preferente o General vinculada a su CURP en la aplicaci\u00f3n Qrob\u00fas, ser habitantes del Municipio de Quer\u00e9taro y presentar su CURP con c\u00f3digo QR, comprobante de domicilio (no mayor a dos meses) e identificaci\u00f3n oficial vigente.<\/p>\n<p>&nbsp;<\/p>\n<p style=\"text-align: justify;\" data-sourcepos=\"25:1-25:271\">Para el registro, es necesario crear una cuenta en la plataforma Bus Municipal, acceder al perfil y postularse en el m\u00f3dulo de Transporte Comunitario. Desde una misma cuenta se pueden registrar varios miembros de la familia. Para dudas, la ciudadan\u00eda puede llamar al 070.<\/p>\n<p>&nbsp;<\/p>\n<p style=\"text-align: center;\" data-sourcepos=\"25:1-25:271\"><em><strong>\u00a1Informaci\u00f3n que transforma!<\/strong><\/em><\/p>\n","protected":false},"excerpt":{"rendered":"<p>El programa de Transporte Nocturno del Municipio de Quer\u00e9taro ha cerrado una primera etapa con \u00e9xito, recibiendo 500 solicitudes de inscripci\u00f3n a trav\u00e9s de la plataforma Bus Municipal.<\/p>\n","protected":false},"author":3,"featured_media":16066,"comment_status":"open","ping_status":"open","sticky":false,"template":"","format":"standard","meta":{"footnotes":""},"categories":[42,58],"tags":[4832,3556,133,2194],"class_list":["post-16065","post","type-post","status-publish","format-standard","has-post-thumbnail","hentry","category-estado","category-ultima-hora","tag-busmunicipal","tag-movilidadqro","tag-queretaro","tag-transportegratuito"],"yoast_head":"<!-- This site is optimized with the Yoast SEO plugin v25.0 - https:\/\/yoast.com\/wordpress\/plugins\/seo\/ -->\n<title>Quer\u00e9taro impulsa movilidad programa de transporte gratuito nocturno y comunitario ampl\u00eda oportunidades | Nexo Informativo Santiago de Quer\u00e9taro<\/title>\n<meta name=\"description\" content=\"Quer\u00e9taro impulsa movilidad programa de transporte gratuito nocturno y comunitario ampl\u00eda oportunidades\" \/>\n<meta name=\"robots\" content=\"index, follow, max-snippet:-1, max-image-preview:large, max-video-preview:-1\" \/>\n<link rel=\"canonical\" href=\"https:\/\/www.nexoinformativo.mx\/index.php\/2025\/06\/20\/queretaro-impulsa-movilidad-programa-de-transporte-gratuito-nocturno-y-comunitario-amplia-oportunidades\/\" \/>\n<meta property=\"og:locale\" content=\"es_MX\" \/>\n<meta property=\"og:type\" content=\"article\" \/>\n<meta property=\"og:title\" content=\"Quer\u00e9taro impulsa movilidad programa de transporte gratuito nocturno y comunitario ampl\u00eda oportunidades | Nexo Informativo Santiago de Quer\u00e9taro\" \/>\n<meta property=\"og:description\" content=\"Quer\u00e9taro impulsa movilidad programa de transporte gratuito nocturno y comunitario ampl\u00eda oportunidades\" \/>\n<meta property=\"og:url\" content=\"https:\/\/www.nexoinformativo.mx\/index.php\/2025\/06\/20\/queretaro-impulsa-movilidad-programa-de-transporte-gratuito-nocturno-y-comunitario-amplia-oportunidades\/\" \/>\n<meta property=\"og:site_name\" content=\"Nexo Informativo Santiago de Quer\u00e9taro\" \/>\n<meta property=\"article:publisher\" content=\"https:\/\/www.facebook.com\/people\/Nexo-Informativo\/61564066885511\/\" \/>\n<meta property=\"article:published_time\" content=\"2025-06-20T16:00:02+00:00\" \/>\n<meta property=\"article:modified_time\" content=\"2025-06-20T22:14:20+00:00\" \/>\n<meta property=\"og:image\" content=\"https:\/\/www.nexoinformativo.mx\/wp-content\/uploads\/2025\/06\/00729308-eb88-4aa4-aecf-9c1923b9e64c-e1750457433664.jpg\" \/>\n\t<meta property=\"og:image:width\" content=\"800\" \/>\n\t<meta property=\"og:image:height\" content=\"377\" \/>\n\t<meta property=\"og:image:type\" content=\"image\/jpeg\" \/>\n<meta name=\"author\" content=\"Nexo Informativo\" \/>\n<meta name=\"twitter:card\" content=\"summary_large_image\" \/>\n<meta name=\"twitter:label1\" content=\"Escrito por\" \/>\n\t<meta name=\"twitter:data1\" content=\"Nexo Informativo\" \/>\n\t<meta name=\"twitter:label2\" content=\"Tiempo de lectura\" \/>\n\t<meta name=\"twitter:data2\" content=\"2 minutos\" \/>\n<script type=\"application\/ld+json\" class=\"yoast-schema-graph\">{\"@context\":\"https:\/\/schema.org\",\"@graph\":[{\"@type\":\"Article\",\"@id\":\"https:\/\/www.nexoinformativo.mx\/index.php\/2025\/06\/20\/queretaro-impulsa-movilidad-programa-de-transporte-gratuito-nocturno-y-comunitario-amplia-oportunidades\/#article\",\"isPartOf\":{\"@id\":\"https:\/\/www.nexoinformativo.mx\/index.php\/2025\/06\/20\/queretaro-impulsa-movilidad-programa-de-transporte-gratuito-nocturno-y-comunitario-amplia-oportunidades\/\"},\"author\":{\"name\":\"Nexo Informativo\",\"@id\":\"https:\/\/www.nexoinformativo.mx\/#\/schema\/person\/7749d380ba08c8ca00d7bc76fd907b7d\"},\"headline\":\"Quer\u00e9taro impulsa movilidad programa de transporte gratuito nocturno y comunitario ampl\u00eda oportunidades\",\"datePublished\":\"2025-06-20T16:00:02+00:00\",\"dateModified\":\"2025-06-20T22:14:20+00:00\",\"mainEntityOfPage\":{\"@id\":\"https:\/\/www.nexoinformativo.mx\/index.php\/2025\/06\/20\/queretaro-impulsa-movilidad-programa-de-transporte-gratuito-nocturno-y-comunitario-amplia-oportunidades\/\"},\"wordCount\":351,\"commentCount\":0,\"publisher\":{\"@id\":\"https:\/\/www.nexoinformativo.mx\/#organization\"},\"image\":{\"@id\":\"https:\/\/www.nexoinformativo.mx\/index.php\/2025\/06\/20\/queretaro-impulsa-movilidad-programa-de-transporte-gratuito-nocturno-y-comunitario-amplia-oportunidades\/#primaryimage\"},\"thumbnailUrl\":\"https:\/\/www.nexoinformativo.mx\/wp-content\/uploads\/2025\/06\/00729308-eb88-4aa4-aecf-9c1923b9e64c-e1750457433664.jpg\",\"keywords\":[\"BusMunicipal\",\"MovilidadQro\",\"Quer\u00e9taro\",\"TransporteGratuito\"],\"articleSection\":[\"Estado\",\"\u00daltima Hora\"],\"inLanguage\":\"es\",\"potentialAction\":[{\"@type\":\"CommentAction\",\"name\":\"Comment\",\"target\":[\"https:\/\/www.nexoinformativo.mx\/index.php\/2025\/06\/20\/queretaro-impulsa-movilidad-programa-de-transporte-gratuito-nocturno-y-comunitario-amplia-oportunidades\/#respond\"]}]},{\"@type\":\"WebPage\",\"@id\":\"https:\/\/www.nexoinformativo.mx\/index.php\/2025\/06\/20\/queretaro-impulsa-movilidad-programa-de-transporte-gratuito-nocturno-y-comunitario-amplia-oportunidades\/\",\"url\":\"https:\/\/www.nexoinformativo.mx\/index.php\/2025\/06\/20\/queretaro-impulsa-movilidad-programa-de-transporte-gratuito-nocturno-y-comunitario-amplia-oportunidades\/\",\"name\":\"Quer\u00e9taro impulsa movilidad programa de transporte gratuito nocturno y comunitario ampl\u00eda oportunidades | Nexo Informativo Santiago de Quer\u00e9taro\",\"isPartOf\":{\"@id\":\"https:\/\/www.nexoinformativo.mx\/#website\"},\"primaryImageOfPage\":{\"@id\":\"https:\/\/www.nexoinformativo.mx\/index.php\/2025\/06\/20\/queretaro-impulsa-movilidad-programa-de-transporte-gratuito-nocturno-y-comunitario-amplia-oportunidades\/#primaryimage\"},\"image\":{\"@id\":\"https:\/\/www.nexoinformativo.mx\/index.php\/2025\/06\/20\/queretaro-impulsa-movilidad-programa-de-transporte-gratuito-nocturno-y-comunitario-amplia-oportunidades\/#primaryimage\"},\"thumbnailUrl\":\"https:\/\/www.nexoinformativo.mx\/wp-content\/uploads\/2025\/06\/00729308-eb88-4aa4-aecf-9c1923b9e64c-e1750457433664.jpg\",\"datePublished\":\"2025-06-20T16:00:02+00:00\",\"dateModified\":\"2025-06-20T22:14:20+00:00\",\"description\":\"Quer\u00e9taro impulsa movilidad programa de transporte gratuito nocturno y comunitario ampl\u00eda oportunidades\",\"breadcrumb\":{\"@id\":\"https:\/\/www.nexoinformativo.mx\/index.php\/2025\/06\/20\/queretaro-impulsa-movilidad-programa-de-transporte-gratuito-nocturno-y-comunitario-amplia-oportunidades\/#breadcrumb\"},\"inLanguage\":\"es\",\"potentialAction\":[{\"@type\":\"ReadAction\",\"target\":[\"https:\/\/www.nexoinformativo.mx\/index.php\/2025\/06\/20\/queretaro-impulsa-movilidad-programa-de-transporte-gratuito-nocturno-y-comunitario-amplia-oportunidades\/\"]}]},{\"@type\":\"ImageObject\",\"inLanguage\":\"es\",\"@id\":\"https:\/\/www.nexoinformativo.mx\/index.php\/2025\/06\/20\/queretaro-impulsa-movilidad-programa-de-transporte-gratuito-nocturno-y-comunitario-amplia-oportunidades\/#primaryimage\",\"url\":\"https:\/\/www.nexoinformativo.mx\/wp-content\/uploads\/2025\/06\/00729308-eb88-4aa4-aecf-9c1923b9e64c-e1750457433664.jpg\",\"contentUrl\":\"https:\/\/www.nexoinformativo.mx\/wp-content\/uploads\/2025\/06\/00729308-eb88-4aa4-aecf-9c1923b9e64c-e1750457433664.jpg\",\"width\":800,\"height\":377},{\"@type\":\"BreadcrumbList\",\"@id\":\"https:\/\/www.nexoinformativo.mx\/index.php\/2025\/06\/20\/queretaro-impulsa-movilidad-programa-de-transporte-gratuito-nocturno-y-comunitario-amplia-oportunidades\/#breadcrumb\",\"itemListElement\":[{\"@type\":\"ListItem\",\"position\":1,\"name\":\"Inicio\",\"item\":\"https:\/\/www.nexoinformativo.mx\/\"},{\"@type\":\"ListItem\",\"position\":2,\"name\":\"Quer\u00e9taro impulsa movilidad programa de transporte gratuito nocturno y comunitario ampl\u00eda oportunidades\"}]},{\"@type\":\"WebSite\",\"@id\":\"https:\/\/www.nexoinformativo.mx\/#website\",\"url\":\"https:\/\/www.nexoinformativo.mx\/\",\"name\":\"Nexo Informativo Santiago de Quer\u00e9taro\",\"description\":\"Explora NexoInformativo y convi\u00e9rtete en parte de una comunidad que valora el conocimiento y la verdad. Tu nexoinformativo es tu puente hacia una comprensi\u00f3n m\u00e1s profunda del mundo que te rodea.\",\"publisher\":{\"@id\":\"https:\/\/www.nexoinformativo.mx\/#organization\"},\"potentialAction\":[{\"@type\":\"SearchAction\",\"target\":{\"@type\":\"EntryPoint\",\"urlTemplate\":\"https:\/\/www.nexoinformativo.mx\/?s={search_term_string}\"},\"query-input\":{\"@type\":\"PropertyValueSpecification\",\"valueRequired\":true,\"valueName\":\"search_term_string\"}}],\"inLanguage\":\"es\"},{\"@type\":\"Organization\",\"@id\":\"https:\/\/www.nexoinformativo.mx\/#organization\",\"name\":\"Nexo Informativo Santiago de Quer\u00e9taro\",\"url\":\"https:\/\/www.nexoinformativo.mx\/\",\"logo\":{\"@type\":\"ImageObject\",\"inLanguage\":\"es\",\"@id\":\"https:\/\/www.nexoinformativo.mx\/#\/schema\/logo\/image\/\",\"url\":\"https:\/\/www.nexoinformativo.mx\/wp-content\/uploads\/2024\/07\/nexoi-trasparente-2.png\",\"contentUrl\":\"https:\/\/www.nexoinformativo.mx\/wp-content\/uploads\/2024\/07\/nexoi-trasparente-2.png\",\"width\":816,\"height\":339,\"caption\":\"Nexo Informativo Santiago de Quer\u00e9taro\"},\"image\":{\"@id\":\"https:\/\/www.nexoinformativo.mx\/#\/schema\/logo\/image\/\"},\"sameAs\":[\"https:\/\/www.facebook.com\/people\/Nexo-Informativo\/61564066885511\/\"]},{\"@type\":\"Person\",\"@id\":\"https:\/\/www.nexoinformativo.mx\/#\/schema\/person\/7749d380ba08c8ca00d7bc76fd907b7d\",\"name\":\"Nexo Informativo\",\"image\":{\"@type\":\"ImageObject\",\"inLanguage\":\"es\",\"@id\":\"https:\/\/www.nexoinformativo.mx\/#\/schema\/person\/image\/\",\"url\":\"https:\/\/secure.gravatar.com\/avatar\/dde2928154642a13d95f87ddf1ea9718fe2b46760a005c53e41ff5ad610704e6?s=96&d=mm&r=g\",\"contentUrl\":\"https:\/\/secure.gravatar.com\/avatar\/dde2928154642a13d95f87ddf1ea9718fe2b46760a005c53e41ff5ad610704e6?s=96&d=mm&r=g\",\"caption\":\"Nexo Informativo\"},\"url\":\"https:\/\/www.nexoinformativo.mx\/index.php\/author\/edicion\/\"}]}<\/script>\n<!-- \/ Yoast SEO plugin. -->","yoast_head_json":{"title":"Quer\u00e9taro impulsa movilidad programa de transporte gratuito nocturno y comunitario ampl\u00eda oportunidades | Nexo Informativo Santiago de Quer\u00e9taro","description":"Quer\u00e9taro impulsa movilidad programa de transporte gratuito nocturno y comunitario ampl\u00eda oportunidades","robots":{"index":"index","follow":"follow","max-snippet":"max-snippet:-1","max-image-preview":"max-image-preview:large","max-video-preview":"max-video-preview:-1"},"canonical":"https:\/\/www.nexoinformativo.mx\/index.php\/2025\/06\/20\/queretaro-impulsa-movilidad-programa-de-transporte-gratuito-nocturno-y-comunitario-amplia-oportunidades\/","og_locale":"es_MX","og_type":"article","og_title":"Quer\u00e9taro impulsa movilidad programa de transporte gratuito nocturno y comunitario ampl\u00eda oportunidades | Nexo Informativo Santiago de Quer\u00e9taro","og_description":"Quer\u00e9taro impulsa movilidad programa de transporte gratuito nocturno y comunitario ampl\u00eda oportunidades","og_url":"https:\/\/www.nexoinformativo.mx\/index.php\/2025\/06\/20\/queretaro-impulsa-movilidad-programa-de-transporte-gratuito-nocturno-y-comunitario-amplia-oportunidades\/","og_site_name":"Nexo Informativo Santiago de Quer\u00e9taro","article_publisher":"https:\/\/www.facebook.com\/people\/Nexo-Informativo\/61564066885511\/","article_published_time":"2025-06-20T16:00:02+00:00","article_modified_time":"2025-06-20T22:14:20+00:00","og_image":[{"width":800,"height":377,"url":"https:\/\/www.nexoinformativo.mx\/wp-content\/uploads\/2025\/06\/00729308-eb88-4aa4-aecf-9c1923b9e64c-e1750457433664.jpg","type":"image\/jpeg"}],"author":"Nexo Informativo","twitter_card":"summary_large_image","twitter_misc":{"Escrito por":"Nexo Informativo","Tiempo de lectura":"2 minutos"},"schema":{"@context":"https:\/\/schema.org","@graph":[{"@type":"Article","@id":"https:\/\/www.nexoinformativo.mx\/index.php\/2025\/06\/20\/queretaro-impulsa-movilidad-programa-de-transporte-gratuito-nocturno-y-comunitario-amplia-oportunidades\/#article","isPartOf":{"@id":"https:\/\/www.nexoinformativo.mx\/index.php\/2025\/06\/20\/queretaro-impulsa-movilidad-programa-de-transporte-gratuito-nocturno-y-comunitario-amplia-oportunidades\/"},"author":{"name":"Nexo Informativo","@id":"https:\/\/www.nexoinformativo.mx\/#\/schema\/person\/7749d380ba08c8ca00d7bc76fd907b7d"},"headline":"Quer\u00e9taro impulsa movilidad programa de transporte gratuito nocturno y comunitario ampl\u00eda oportunidades","datePublished":"2025-06-20T16:00:02+00:00","dateModified":"2025-06-20T22:14:20+00:00","mainEntityOfPage":{"@id":"https:\/\/www.nexoinformativo.mx\/index.php\/2025\/06\/20\/queretaro-impulsa-movilidad-programa-de-transporte-gratuito-nocturno-y-comunitario-amplia-oportunidades\/"},"wordCount":351,"commentCount":0,"publisher":{"@id":"https:\/\/www.nexoinformativo.mx\/#organization"},"image":{"@id":"https:\/\/www.nexoinformativo.mx\/index.php\/2025\/06\/20\/queretaro-impulsa-movilidad-programa-de-transporte-gratuito-nocturno-y-comunitario-amplia-oportunidades\/#primaryimage"},"thumbnailUrl":"https:\/\/www.nexoinformativo.mx\/wp-content\/uploads\/2025\/06\/00729308-eb88-4aa4-aecf-9c1923b9e64c-e1750457433664.jpg","keywords":["BusMunicipal","MovilidadQro","Quer\u00e9taro","TransporteGratuito"],"articleSection":["Estado","\u00daltima Hora"],"inLanguage":"es","potentialAction":[{"@type":"CommentAction","name":"Comment","target":["https:\/\/www.nexoinformativo.mx\/index.php\/2025\/06\/20\/queretaro-impulsa-movilidad-programa-de-transporte-gratuito-nocturno-y-comunitario-amplia-oportunidades\/#respond"]}]},{"@type":"WebPage","@id":"https:\/\/www.nexoinformativo.mx\/index.php\/2025\/06\/20\/queretaro-impulsa-movilidad-programa-de-transporte-gratuito-nocturno-y-comunitario-amplia-oportunidades\/","url":"https:\/\/www.nexoinformativo.mx\/index.php\/2025\/06\/20\/queretaro-impulsa-movilidad-programa-de-transporte-gratuito-nocturno-y-comunitario-amplia-oportunidades\/","name":"Quer\u00e9taro impulsa movilidad programa de transporte gratuito nocturno y comunitario ampl\u00eda oportunidades | Nexo Informativo Santiago de Quer\u00e9taro","isPartOf":{"@id":"https:\/\/www.nexoinformativo.mx\/#website"},"primaryImageOfPage":{"@id":"https:\/\/www.nexoinformativo.mx\/index.php\/2025\/06\/20\/queretaro-impulsa-movilidad-programa-de-transporte-gratuito-nocturno-y-comunitario-amplia-oportunidades\/#primaryimage"},"image":{"@id":"https:\/\/www.nexoinformativo.mx\/index.php\/2025\/06\/20\/queretaro-impulsa-movilidad-programa-de-transporte-gratuito-nocturno-y-comunitario-amplia-oportunidades\/#primaryimage"},"thumbnailUrl":"https:\/\/www.nexoinformativo.mx\/wp-content\/uploads\/2025\/06\/00729308-eb88-4aa4-aecf-9c1923b9e64c-e1750457433664.jpg","datePublished":"2025-06-20T16:00:02+00:00","dateModified":"2025-06-20T22:14:20+00:00","description":"Quer\u00e9taro impulsa movilidad programa de transporte gratuito nocturno y comunitario ampl\u00eda oportunidades","breadcrumb":{"@id":"https:\/\/www.nexoinformativo.mx\/index.php\/2025\/06\/20\/queretaro-impulsa-movilidad-programa-de-transporte-gratuito-nocturno-y-comunitario-amplia-oportunidades\/#breadcrumb"},"inLanguage":"es","potentialAction":[{"@type":"ReadAction","target":["https:\/\/www.nexoinformativo.mx\/index.php\/2025\/06\/20\/queretaro-impulsa-movilidad-programa-de-transporte-gratuito-nocturno-y-comunitario-amplia-oportunidades\/"]}]},{"@type":"ImageObject","inLanguage":"es","@id":"https:\/\/www.nexoinformativo.mx\/index.php\/2025\/06\/20\/queretaro-impulsa-movilidad-programa-de-transporte-gratuito-nocturno-y-comunitario-amplia-oportunidades\/#primaryimage","url":"https:\/\/www.nexoinformativo.mx\/wp-content\/uploads\/2025\/06\/00729308-eb88-4aa4-aecf-9c1923b9e64c-e1750457433664.jpg","contentUrl":"https:\/\/www.nexoinformativo.mx\/wp-content\/uploads\/2025\/06\/00729308-eb88-4aa4-aecf-9c1923b9e64c-e1750457433664.jpg","width":800,"height":377},{"@type":"BreadcrumbList","@id":"https:\/\/www.nexoinformativo.mx\/index.php\/2025\/06\/20\/queretaro-impulsa-movilidad-programa-de-transporte-gratuito-nocturno-y-comunitario-amplia-oportunidades\/#breadcrumb","itemListElement":[{"@type":"ListItem","position":1,"name":"Inicio","item":"https:\/\/www.nexoinformativo.mx\/"},{"@type":"ListItem","position":2,"name":"Quer\u00e9taro impulsa movilidad programa de transporte gratuito nocturno y comunitario ampl\u00eda oportunidades"}]},{"@type":"WebSite","@id":"https:\/\/www.nexoinformativo.mx\/#website","url":"https:\/\/www.nexoinformativo.mx\/","name":"Nexo Informativo Santiago de Quer\u00e9taro","description":"Explora NexoInformativo y convi\u00e9rtete en parte de una comunidad que valora el conocimiento y la verdad. Tu nexoinformativo es tu puente hacia una comprensi\u00f3n m\u00e1s profunda del mundo que te rodea.","publisher":{"@id":"https:\/\/www.nexoinformativo.mx\/#organization"},"potentialAction":[{"@type":"SearchAction","target":{"@type":"EntryPoint","urlTemplate":"https:\/\/www.nexoinformativo.mx\/?s={search_term_string}"},"query-input":{"@type":"PropertyValueSpecification","valueRequired":true,"valueName":"search_term_string"}}],"inLanguage":"es"},{"@type":"Organization","@id":"https:\/\/www.nexoinformativo.mx\/#organization","name":"Nexo Informativo Santiago de Quer\u00e9taro","url":"https:\/\/www.nexoinformativo.mx\/","logo":{"@type":"ImageObject","inLanguage":"es","@id":"https:\/\/www.nexoinformativo.mx\/#\/schema\/logo\/image\/","url":"https:\/\/www.nexoinformativo.mx\/wp-content\/uploads\/2024\/07\/nexoi-trasparente-2.png","contentUrl":"https:\/\/www.nexoinformativo.mx\/wp-content\/uploads\/2024\/07\/nexoi-trasparente-2.png","width":816,"height":339,"caption":"Nexo Informativo Santiago de Quer\u00e9taro"},"image":{"@id":"https:\/\/www.nexoinformativo.mx\/#\/schema\/logo\/image\/"},"sameAs":["https:\/\/www.facebook.com\/people\/Nexo-Informativo\/61564066885511\/"]},{"@type":"Person","@id":"https:\/\/www.nexoinformativo.mx\/#\/schema\/person\/7749d380ba08c8ca00d7bc76fd907b7d","name":"Nexo Informativo","image":{"@type":"ImageObject","inLanguage":"es","@id":"https:\/\/www.nexoinformativo.mx\/#\/schema\/person\/image\/","url":"https:\/\/secure.gravatar.com\/avatar\/dde2928154642a13d95f87ddf1ea9718fe2b46760a005c53e41ff5ad610704e6?s=96&d=mm&r=g","contentUrl":"https:\/\/secure.gravatar.com\/avatar\/dde2928154642a13d95f87ddf1ea9718fe2b46760a005c53e41ff5ad610704e6?s=96&d=mm&r=g","caption":"Nexo Informativo"},"url":"https:\/\/www.nexoinformativo.mx\/index.php\/author\/edicion\/"}]}},"_links":{"self":[{"href":"https:\/\/www.nexoinformativo.mx\/index.php\/wp-json\/wp\/v2\/posts\/16065","targetHints":{"allow":["GET"]}}],"collection":[{"href":"https:\/\/www.nexoinformativo.mx\/index.php\/wp-json\/wp\/v2\/posts"}],"about":[{"href":"https:\/\/www.nexoinformativo.mx\/index.php\/wp-json\/wp\/v2\/types\/post"}],"author":[{"embeddable":true,"href":"https:\/\/www.nexoinformativo.mx\/index.php\/wp-json\/wp\/v2\/users\/3"}],"replies":[{"embeddable":true,"href":"https:\/\/www.nexoinformativo.mx\/index.php\/wp-json\/wp\/v2\/comments?post=16065"}],"version-history":[{"count":3,"href":"https:\/\/www.nexoinformativo.mx\/index.php\/wp-json\/wp\/v2\/posts\/16065\/revisions"}],"predecessor-version":[{"id":16069,"href":"https:\/\/www.nexoinformativo.mx\/index.php\/wp-json\/wp\/v2\/posts\/16065\/revisions\/16069"}],"wp:featuredmedia":[{"embeddable":true,"href":"https:\/\/www.nexoinformativo.mx\/index.php\/wp-json\/wp\/v2\/media\/16066"}],"wp:attachment":[{"href":"https:\/\/www.nexoinformativo.mx\/index.php\/wp-json\/wp\/v2\/media?parent=16065"}],"wp:term":[{"taxonomy":"category","embeddable":true,"href":"https:\/\/www.nexoinformativo.mx\/index.php\/wp-json\/wp\/v2\/categories?post=16065"},{"taxonomy":"post_tag","embeddable":true,"href":"https:\/\/www.nexoinformativo.mx\/index.php\/wp-json\/wp\/v2\/tags?post=16065"}],"curies":[{"name":"wp","href":"https:\/\/api.w.org\/{rel}","templated":true}]}}