{"id":16071,"date":"2025-06-20T11:00:25","date_gmt":"2025-06-20T17:00:25","guid":{"rendered":"https:\/\/www.nexoinformativo.mx\/?p=16071"},"modified":"2025-06-20T16:20:47","modified_gmt":"2025-06-20T22:20:47","slug":"queretaro-por-la-alfabetizacion-gobernador-kuri-y-el-inea-unen-fuerzas-para-educar-a-adultos","status":"publish","type":"post","link":"https:\/\/www.nexoinformativo.mx\/index.php\/2025\/06\/20\/queretaro-por-la-alfabetizacion-gobernador-kuri-y-el-inea-unen-fuerzas-para-educar-a-adultos\/","title":{"rendered":"Quer\u00e9taro por la alfabetizaci\u00f3n gobernador Kuri y el INEA unen fuerzas para educar a adultos"},"content":{"rendered":"<p style=\"text-align: justify;\" data-sourcepos=\"5:1-5:503\">En un paso significativo para el derecho a la educaci\u00f3n, el gobernador Mauricio Kuri firm\u00f3 un convenio de colaboraci\u00f3n entre el Instituto Nacional para la Educaci\u00f3n de los Adultos (INEA) y el Poder Ejecutivo del Estado de Quer\u00e9taro.<\/p>\n<\/p>\n<p>&nbsp;<\/p>\n<p style=\"text-align: justify;\" data-sourcepos=\"5:1-5:503\">Durante el evento, el gobernador enfatiz\u00f3 que en Quer\u00e9taro &#8220;la educaci\u00f3n no tiene fecha de caducidad&#8221;, destacando que mantener las oportunidades de aprendizaje para adultos es una de las pol\u00edticas prioritarias de su administraci\u00f3n.<\/p>\n<\/p>\n<p>&nbsp;<\/p>\n<p style=\"text-align: justify;\" data-sourcepos=\"7:1-7:414\">Estos esfuerzos ya han dado frutos, logrando reducir el rezago educativo en m\u00e1s del tres por ciento. Gracias a ello, Quer\u00e9taro se posiciona como el sexto lugar nacional con el menor porcentaje de poblaci\u00f3n en rezago.<\/p>\n<\/p>\n<p>&nbsp;<\/p>\n<p style=\"text-align: justify;\" data-sourcepos=\"9:1-9:374\">Frente a un equipo de casi 500 asesores comunitarios y m\u00e1s de 100 estudiantes voluntarios que integran el Movimiento Nacional de Alfabetizaci\u00f3n (MONAE), Kuri afirm\u00f3 que estas acciones buscan disminuir el n\u00famero de personas que no saben leer ni escribir, acompa\u00f1ar a los ciudadanos que buscan superarse y, en definitiva, impulsar a Quer\u00e9taro sin dejar a nadie atr\u00e1s.<\/p>\n<\/p>\n<p>&nbsp;<\/p>\n<p style=\"text-align: justify;\" data-sourcepos=\"17:1-17:290\">Espec\u00edficamente en Quer\u00e9taro, el director del INEA detall\u00f3 que 95 mil personas no concluyeron la primaria y 262 mil no terminaron la secundaria. &#8220;Yo s\u00e9 que con la firma de este convenio lo vamos a lograr, para que el pr\u00f3ximo a\u00f1o nos aboquemos a la educaci\u00f3n primaria y secundaria&#8221;, expres\u00f3.<\/p>\n<\/p>\n<p>&nbsp;<\/p>\n<p style=\"text-align: justify;\" data-sourcepos=\"19:1-19:351\">Martha Elena Soto Obreg\u00f3n, secretaria de Educaci\u00f3n de Quer\u00e9taro, resalt\u00f3 que la firma de este convenio formaliza un trabajo conjunto entre el Gobierno del Estado y el Federal, especialmente con el INEA.<\/p>\n<\/p>\n<p>&nbsp;<\/p>\n<p style=\"text-align: justify;\" data-sourcepos=\"21:1-21:336\">El objetivo del acuerdo es que Quer\u00e9taro alcance los \u00edndices de la UNESCO para obtener la &#8220;bandera blanca&#8221;, que se otorga a las entidades con menos del cuatro por ciento de personas analfabetas.<\/p>\n<\/p>\n<p>&nbsp;<\/p>\n<p style=\"text-align: justify;\" data-sourcepos=\"21:1-21:336\">Quer\u00e9taro se encuentra por encima del tres por ciento, lo que refleja el esfuerzo por asegurar que nadie se quede atr\u00e1s en materia educativa.<\/p>\n<\/p>\n<p>&nbsp;<\/p>\n<p style=\"text-align: center;\" data-sourcepos=\"21:1-21:336\"><em><strong>\u00a1Informaci\u00f3n que transforma!<\/strong><\/em><\/p>\n","protected":false},"excerpt":{"rendered":"<p>En un paso significativo para el derecho a la educaci\u00f3n, el gobernador Mauricio Kuri firm\u00f3 un convenio de colaboraci\u00f3n entre el Instituto Nacional para la Educaci\u00f3n de los Adultos (INEA) y el Poder Ejecutivo del Estado de Quer\u00e9taro.<\/p>\n","protected":false},"author":3,"featured_media":16072,"comment_status":"open","ping_status":"open","sticky":false,"template":"","format":"standard","meta":{"footnotes":""},"categories":[42,58],"tags":[4833,4834,2957,453],"class_list":["post-16071","post","type-post","status-publish","format-standard","has-post-thumbnail","hentry","category-estado","category-ultima-hora","tag-alfabetizacionqro","tag-educacionadultos","tag-inea","tag-queretaroinclusivo"],"yoast_head":"<!-- This site is optimized with the Yoast SEO plugin v25.0 - https:\/\/yoast.com\/wordpress\/plugins\/seo\/ -->\n<title>Quer\u00e9taro por la alfabetizaci\u00f3n gobernador Kuri y el INEA unen fuerzas para educar a adultos | Nexo Informativo Santiago de Quer\u00e9taro<\/title>\n<meta name=\"description\" content=\"Quer\u00e9taro por la alfabetizaci\u00f3n gobernador Kuri y el INEA unen fuerzas para educar a adultos\" \/>\n<meta name=\"robots\" content=\"index, follow, max-snippet:-1, max-image-preview:large, max-video-preview:-1\" \/>\n<link rel=\"canonical\" href=\"https:\/\/www.nexoinformativo.mx\/index.php\/2025\/06\/20\/queretaro-por-la-alfabetizacion-gobernador-kuri-y-el-inea-unen-fuerzas-para-educar-a-adultos\/\" \/>\n<meta property=\"og:locale\" content=\"es_MX\" \/>\n<meta property=\"og:type\" content=\"article\" \/>\n<meta property=\"og:title\" content=\"Quer\u00e9taro por la alfabetizaci\u00f3n gobernador Kuri y el INEA unen fuerzas para educar a adultos | Nexo Informativo Santiago de Quer\u00e9taro\" \/>\n<meta property=\"og:description\" content=\"Quer\u00e9taro por la alfabetizaci\u00f3n gobernador Kuri y el INEA unen fuerzas para educar a adultos\" \/>\n<meta property=\"og:url\" content=\"https:\/\/www.nexoinformativo.mx\/index.php\/2025\/06\/20\/queretaro-por-la-alfabetizacion-gobernador-kuri-y-el-inea-unen-fuerzas-para-educar-a-adultos\/\" \/>\n<meta property=\"og:site_name\" content=\"Nexo Informativo Santiago de Quer\u00e9taro\" \/>\n<meta property=\"article:publisher\" content=\"https:\/\/www.facebook.com\/people\/Nexo-Informativo\/61564066885511\/\" \/>\n<meta property=\"article:published_time\" content=\"2025-06-20T17:00:25+00:00\" \/>\n<meta property=\"article:modified_time\" content=\"2025-06-20T22:20:47+00:00\" \/>\n<meta property=\"og:image\" content=\"https:\/\/www.nexoinformativo.mx\/wp-content\/uploads\/2025\/06\/PHOTO-2025-06-20-14-33-00-e1750457949778.jpg\" \/>\n\t<meta property=\"og:image:width\" content=\"800\" \/>\n\t<meta property=\"og:image:height\" content=\"534\" \/>\n\t<meta property=\"og:image:type\" content=\"image\/jpeg\" \/>\n<meta name=\"author\" content=\"Nexo Informativo\" \/>\n<meta name=\"twitter:card\" content=\"summary_large_image\" \/>\n<meta name=\"twitter:label1\" content=\"Escrito por\" \/>\n\t<meta name=\"twitter:data1\" content=\"Nexo Informativo\" \/>\n\t<meta name=\"twitter:label2\" content=\"Tiempo de lectura\" \/>\n\t<meta name=\"twitter:data2\" content=\"2 minutos\" \/>\n<script type=\"application\/ld+json\" class=\"yoast-schema-graph\">{\"@context\":\"https:\/\/schema.org\",\"@graph\":[{\"@type\":\"Article\",\"@id\":\"https:\/\/www.nexoinformativo.mx\/index.php\/2025\/06\/20\/queretaro-por-la-alfabetizacion-gobernador-kuri-y-el-inea-unen-fuerzas-para-educar-a-adultos\/#article\",\"isPartOf\":{\"@id\":\"https:\/\/www.nexoinformativo.mx\/index.php\/2025\/06\/20\/queretaro-por-la-alfabetizacion-gobernador-kuri-y-el-inea-unen-fuerzas-para-educar-a-adultos\/\"},\"author\":{\"name\":\"Nexo Informativo\",\"@id\":\"https:\/\/www.nexoinformativo.mx\/#\/schema\/person\/7749d380ba08c8ca00d7bc76fd907b7d\"},\"headline\":\"Quer\u00e9taro por la alfabetizaci\u00f3n gobernador Kuri y el INEA unen fuerzas para educar a adultos\",\"datePublished\":\"2025-06-20T17:00:25+00:00\",\"dateModified\":\"2025-06-20T22:20:47+00:00\",\"mainEntityOfPage\":{\"@id\":\"https:\/\/www.nexoinformativo.mx\/index.php\/2025\/06\/20\/queretaro-por-la-alfabetizacion-gobernador-kuri-y-el-inea-unen-fuerzas-para-educar-a-adultos\/\"},\"wordCount\":358,\"commentCount\":0,\"publisher\":{\"@id\":\"https:\/\/www.nexoinformativo.mx\/#organization\"},\"image\":{\"@id\":\"https:\/\/www.nexoinformativo.mx\/index.php\/2025\/06\/20\/queretaro-por-la-alfabetizacion-gobernador-kuri-y-el-inea-unen-fuerzas-para-educar-a-adultos\/#primaryimage\"},\"thumbnailUrl\":\"https:\/\/www.nexoinformativo.mx\/wp-content\/uploads\/2025\/06\/PHOTO-2025-06-20-14-33-00-e1750457949778.jpg\",\"keywords\":[\"Alfabetizaci\u00f3nQRO\",\"Educaci\u00f3nAdultos\",\"INEA\",\"Quer\u00e9taroInclusivo\"],\"articleSection\":[\"Estado\",\"\u00daltima Hora\"],\"inLanguage\":\"es\",\"potentialAction\":[{\"@type\":\"CommentAction\",\"name\":\"Comment\",\"target\":[\"https:\/\/www.nexoinformativo.mx\/index.php\/2025\/06\/20\/queretaro-por-la-alfabetizacion-gobernador-kuri-y-el-inea-unen-fuerzas-para-educar-a-adultos\/#respond\"]}]},{\"@type\":\"WebPage\",\"@id\":\"https:\/\/www.nexoinformativo.mx\/index.php\/2025\/06\/20\/queretaro-por-la-alfabetizacion-gobernador-kuri-y-el-inea-unen-fuerzas-para-educar-a-adultos\/\",\"url\":\"https:\/\/www.nexoinformativo.mx\/index.php\/2025\/06\/20\/queretaro-por-la-alfabetizacion-gobernador-kuri-y-el-inea-unen-fuerzas-para-educar-a-adultos\/\",\"name\":\"Quer\u00e9taro por la alfabetizaci\u00f3n gobernador Kuri y el INEA unen fuerzas para educar a adultos | Nexo Informativo Santiago de Quer\u00e9taro\",\"isPartOf\":{\"@id\":\"https:\/\/www.nexoinformativo.mx\/#website\"},\"primaryImageOfPage\":{\"@id\":\"https:\/\/www.nexoinformativo.mx\/index.php\/2025\/06\/20\/queretaro-por-la-alfabetizacion-gobernador-kuri-y-el-inea-unen-fuerzas-para-educar-a-adultos\/#primaryimage\"},\"image\":{\"@id\":\"https:\/\/www.nexoinformativo.mx\/index.php\/2025\/06\/20\/queretaro-por-la-alfabetizacion-gobernador-kuri-y-el-inea-unen-fuerzas-para-educar-a-adultos\/#primaryimage\"},\"thumbnailUrl\":\"https:\/\/www.nexoinformativo.mx\/wp-content\/uploads\/2025\/06\/PHOTO-2025-06-20-14-33-00-e1750457949778.jpg\",\"datePublished\":\"2025-06-20T17:00:25+00:00\",\"dateModified\":\"2025-06-20T22:20:47+00:00\",\"description\":\"Quer\u00e9taro por la alfabetizaci\u00f3n gobernador Kuri y el INEA unen fuerzas para educar a adultos\",\"breadcrumb\":{\"@id\":\"https:\/\/www.nexoinformativo.mx\/index.php\/2025\/06\/20\/queretaro-por-la-alfabetizacion-gobernador-kuri-y-el-inea-unen-fuerzas-para-educar-a-adultos\/#breadcrumb\"},\"inLanguage\":\"es\",\"potentialAction\":[{\"@type\":\"ReadAction\",\"target\":[\"https:\/\/www.nexoinformativo.mx\/index.php\/2025\/06\/20\/queretaro-por-la-alfabetizacion-gobernador-kuri-y-el-inea-unen-fuerzas-para-educar-a-adultos\/\"]}]},{\"@type\":\"ImageObject\",\"inLanguage\":\"es\",\"@id\":\"https:\/\/www.nexoinformativo.mx\/index.php\/2025\/06\/20\/queretaro-por-la-alfabetizacion-gobernador-kuri-y-el-inea-unen-fuerzas-para-educar-a-adultos\/#primaryimage\",\"url\":\"https:\/\/www.nexoinformativo.mx\/wp-content\/uploads\/2025\/06\/PHOTO-2025-06-20-14-33-00-e1750457949778.jpg\",\"contentUrl\":\"https:\/\/www.nexoinformativo.mx\/wp-content\/uploads\/2025\/06\/PHOTO-2025-06-20-14-33-00-e1750457949778.jpg\",\"width\":800,\"height\":534},{\"@type\":\"BreadcrumbList\",\"@id\":\"https:\/\/www.nexoinformativo.mx\/index.php\/2025\/06\/20\/queretaro-por-la-alfabetizacion-gobernador-kuri-y-el-inea-unen-fuerzas-para-educar-a-adultos\/#breadcrumb\",\"itemListElement\":[{\"@type\":\"ListItem\",\"position\":1,\"name\":\"Inicio\",\"item\":\"https:\/\/www.nexoinformativo.mx\/\"},{\"@type\":\"ListItem\",\"position\":2,\"name\":\"Quer\u00e9taro por la alfabetizaci\u00f3n gobernador Kuri y el INEA unen fuerzas para educar a adultos\"}]},{\"@type\":\"WebSite\",\"@id\":\"https:\/\/www.nexoinformativo.mx\/#website\",\"url\":\"https:\/\/www.nexoinformativo.mx\/\",\"name\":\"Nexo Informativo Santiago de Quer\u00e9taro\",\"description\":\"Explora NexoInformativo y convi\u00e9rtete en parte de una comunidad que valora el conocimiento y la verdad. Tu nexoinformativo es tu puente hacia una comprensi\u00f3n m\u00e1s profunda del mundo que te rodea.\",\"publisher\":{\"@id\":\"https:\/\/www.nexoinformativo.mx\/#organization\"},\"potentialAction\":[{\"@type\":\"SearchAction\",\"target\":{\"@type\":\"EntryPoint\",\"urlTemplate\":\"https:\/\/www.nexoinformativo.mx\/?s={search_term_string}\"},\"query-input\":{\"@type\":\"PropertyValueSpecification\",\"valueRequired\":true,\"valueName\":\"search_term_string\"}}],\"inLanguage\":\"es\"},{\"@type\":\"Organization\",\"@id\":\"https:\/\/www.nexoinformativo.mx\/#organization\",\"name\":\"Nexo Informativo Santiago de Quer\u00e9taro\",\"url\":\"https:\/\/www.nexoinformativo.mx\/\",\"logo\":{\"@type\":\"ImageObject\",\"inLanguage\":\"es\",\"@id\":\"https:\/\/www.nexoinformativo.mx\/#\/schema\/logo\/image\/\",\"url\":\"https:\/\/www.nexoinformativo.mx\/wp-content\/uploads\/2024\/07\/nexoi-trasparente-2.png\",\"contentUrl\":\"https:\/\/www.nexoinformativo.mx\/wp-content\/uploads\/2024\/07\/nexoi-trasparente-2.png\",\"width\":816,\"height\":339,\"caption\":\"Nexo Informativo Santiago de Quer\u00e9taro\"},\"image\":{\"@id\":\"https:\/\/www.nexoinformativo.mx\/#\/schema\/logo\/image\/\"},\"sameAs\":[\"https:\/\/www.facebook.com\/people\/Nexo-Informativo\/61564066885511\/\"]},{\"@type\":\"Person\",\"@id\":\"https:\/\/www.nexoinformativo.mx\/#\/schema\/person\/7749d380ba08c8ca00d7bc76fd907b7d\",\"name\":\"Nexo Informativo\",\"image\":{\"@type\":\"ImageObject\",\"inLanguage\":\"es\",\"@id\":\"https:\/\/www.nexoinformativo.mx\/#\/schema\/person\/image\/\",\"url\":\"https:\/\/secure.gravatar.com\/avatar\/dde2928154642a13d95f87ddf1ea9718fe2b46760a005c53e41ff5ad610704e6?s=96&d=mm&r=g\",\"contentUrl\":\"https:\/\/secure.gravatar.com\/avatar\/dde2928154642a13d95f87ddf1ea9718fe2b46760a005c53e41ff5ad610704e6?s=96&d=mm&r=g\",\"caption\":\"Nexo Informativo\"},\"url\":\"https:\/\/www.nexoinformativo.mx\/index.php\/author\/edicion\/\"}]}<\/script>\n<!-- \/ Yoast SEO plugin. -->","yoast_head_json":{"title":"Quer\u00e9taro por la alfabetizaci\u00f3n gobernador Kuri y el INEA unen fuerzas para educar a adultos | Nexo Informativo Santiago de Quer\u00e9taro","description":"Quer\u00e9taro por la alfabetizaci\u00f3n gobernador Kuri y el INEA unen fuerzas para educar a adultos","robots":{"index":"index","follow":"follow","max-snippet":"max-snippet:-1","max-image-preview":"max-image-preview:large","max-video-preview":"max-video-preview:-1"},"canonical":"https:\/\/www.nexoinformativo.mx\/index.php\/2025\/06\/20\/queretaro-por-la-alfabetizacion-gobernador-kuri-y-el-inea-unen-fuerzas-para-educar-a-adultos\/","og_locale":"es_MX","og_type":"article","og_title":"Quer\u00e9taro por la alfabetizaci\u00f3n gobernador Kuri y el INEA unen fuerzas para educar a adultos | Nexo Informativo Santiago de Quer\u00e9taro","og_description":"Quer\u00e9taro por la alfabetizaci\u00f3n gobernador Kuri y el INEA unen fuerzas para educar a adultos","og_url":"https:\/\/www.nexoinformativo.mx\/index.php\/2025\/06\/20\/queretaro-por-la-alfabetizacion-gobernador-kuri-y-el-inea-unen-fuerzas-para-educar-a-adultos\/","og_site_name":"Nexo Informativo Santiago de Quer\u00e9taro","article_publisher":"https:\/\/www.facebook.com\/people\/Nexo-Informativo\/61564066885511\/","article_published_time":"2025-06-20T17:00:25+00:00","article_modified_time":"2025-06-20T22:20:47+00:00","og_image":[{"width":800,"height":534,"url":"https:\/\/www.nexoinformativo.mx\/wp-content\/uploads\/2025\/06\/PHOTO-2025-06-20-14-33-00-e1750457949778.jpg","type":"image\/jpeg"}],"author":"Nexo Informativo","twitter_card":"summary_large_image","twitter_misc":{"Escrito por":"Nexo Informativo","Tiempo de lectura":"2 minutos"},"schema":{"@context":"https:\/\/schema.org","@graph":[{"@type":"Article","@id":"https:\/\/www.nexoinformativo.mx\/index.php\/2025\/06\/20\/queretaro-por-la-alfabetizacion-gobernador-kuri-y-el-inea-unen-fuerzas-para-educar-a-adultos\/#article","isPartOf":{"@id":"https:\/\/www.nexoinformativo.mx\/index.php\/2025\/06\/20\/queretaro-por-la-alfabetizacion-gobernador-kuri-y-el-inea-unen-fuerzas-para-educar-a-adultos\/"},"author":{"name":"Nexo Informativo","@id":"https:\/\/www.nexoinformativo.mx\/#\/schema\/person\/7749d380ba08c8ca00d7bc76fd907b7d"},"headline":"Quer\u00e9taro por la alfabetizaci\u00f3n gobernador Kuri y el INEA unen fuerzas para educar a adultos","datePublished":"2025-06-20T17:00:25+00:00","dateModified":"2025-06-20T22:20:47+00:00","mainEntityOfPage":{"@id":"https:\/\/www.nexoinformativo.mx\/index.php\/2025\/06\/20\/queretaro-por-la-alfabetizacion-gobernador-kuri-y-el-inea-unen-fuerzas-para-educar-a-adultos\/"},"wordCount":358,"commentCount":0,"publisher":{"@id":"https:\/\/www.nexoinformativo.mx\/#organization"},"image":{"@id":"https:\/\/www.nexoinformativo.mx\/index.php\/2025\/06\/20\/queretaro-por-la-alfabetizacion-gobernador-kuri-y-el-inea-unen-fuerzas-para-educar-a-adultos\/#primaryimage"},"thumbnailUrl":"https:\/\/www.nexoinformativo.mx\/wp-content\/uploads\/2025\/06\/PHOTO-2025-06-20-14-33-00-e1750457949778.jpg","keywords":["Alfabetizaci\u00f3nQRO","Educaci\u00f3nAdultos","INEA","Quer\u00e9taroInclusivo"],"articleSection":["Estado","\u00daltima Hora"],"inLanguage":"es","potentialAction":[{"@type":"CommentAction","name":"Comment","target":["https:\/\/www.nexoinformativo.mx\/index.php\/2025\/06\/20\/queretaro-por-la-alfabetizacion-gobernador-kuri-y-el-inea-unen-fuerzas-para-educar-a-adultos\/#respond"]}]},{"@type":"WebPage","@id":"https:\/\/www.nexoinformativo.mx\/index.php\/2025\/06\/20\/queretaro-por-la-alfabetizacion-gobernador-kuri-y-el-inea-unen-fuerzas-para-educar-a-adultos\/","url":"https:\/\/www.nexoinformativo.mx\/index.php\/2025\/06\/20\/queretaro-por-la-alfabetizacion-gobernador-kuri-y-el-inea-unen-fuerzas-para-educar-a-adultos\/","name":"Quer\u00e9taro por la alfabetizaci\u00f3n gobernador Kuri y el INEA unen fuerzas para educar a adultos | Nexo Informativo Santiago de Quer\u00e9taro","isPartOf":{"@id":"https:\/\/www.nexoinformativo.mx\/#website"},"primaryImageOfPage":{"@id":"https:\/\/www.nexoinformativo.mx\/index.php\/2025\/06\/20\/queretaro-por-la-alfabetizacion-gobernador-kuri-y-el-inea-unen-fuerzas-para-educar-a-adultos\/#primaryimage"},"image":{"@id":"https:\/\/www.nexoinformativo.mx\/index.php\/2025\/06\/20\/queretaro-por-la-alfabetizacion-gobernador-kuri-y-el-inea-unen-fuerzas-para-educar-a-adultos\/#primaryimage"},"thumbnailUrl":"https:\/\/www.nexoinformativo.mx\/wp-content\/uploads\/2025\/06\/PHOTO-2025-06-20-14-33-00-e1750457949778.jpg","datePublished":"2025-06-20T17:00:25+00:00","dateModified":"2025-06-20T22:20:47+00:00","description":"Quer\u00e9taro por la alfabetizaci\u00f3n gobernador Kuri y el INEA unen fuerzas para educar a adultos","breadcrumb":{"@id":"https:\/\/www.nexoinformativo.mx\/index.php\/2025\/06\/20\/queretaro-por-la-alfabetizacion-gobernador-kuri-y-el-inea-unen-fuerzas-para-educar-a-adultos\/#breadcrumb"},"inLanguage":"es","potentialAction":[{"@type":"ReadAction","target":["https:\/\/www.nexoinformativo.mx\/index.php\/2025\/06\/20\/queretaro-por-la-alfabetizacion-gobernador-kuri-y-el-inea-unen-fuerzas-para-educar-a-adultos\/"]}]},{"@type":"ImageObject","inLanguage":"es","@id":"https:\/\/www.nexoinformativo.mx\/index.php\/2025\/06\/20\/queretaro-por-la-alfabetizacion-gobernador-kuri-y-el-inea-unen-fuerzas-para-educar-a-adultos\/#primaryimage","url":"https:\/\/www.nexoinformativo.mx\/wp-content\/uploads\/2025\/06\/PHOTO-2025-06-20-14-33-00-e1750457949778.jpg","contentUrl":"https:\/\/www.nexoinformativo.mx\/wp-content\/uploads\/2025\/06\/PHOTO-2025-06-20-14-33-00-e1750457949778.jpg","width":800,"height":534},{"@type":"BreadcrumbList","@id":"https:\/\/www.nexoinformativo.mx\/index.php\/2025\/06\/20\/queretaro-por-la-alfabetizacion-gobernador-kuri-y-el-inea-unen-fuerzas-para-educar-a-adultos\/#breadcrumb","itemListElement":[{"@type":"ListItem","position":1,"name":"Inicio","item":"https:\/\/www.nexoinformativo.mx\/"},{"@type":"ListItem","position":2,"name":"Quer\u00e9taro por la alfabetizaci\u00f3n gobernador Kuri y el INEA unen fuerzas para educar a adultos"}]},{"@type":"WebSite","@id":"https:\/\/www.nexoinformativo.mx\/#website","url":"https:\/\/www.nexoinformativo.mx\/","name":"Nexo Informativo Santiago de Quer\u00e9taro","description":"Explora NexoInformativo y convi\u00e9rtete en parte de una comunidad que valora el conocimiento y la verdad. Tu nexoinformativo es tu puente hacia una comprensi\u00f3n m\u00e1s profunda del mundo que te rodea.","publisher":{"@id":"https:\/\/www.nexoinformativo.mx\/#organization"},"potentialAction":[{"@type":"SearchAction","target":{"@type":"EntryPoint","urlTemplate":"https:\/\/www.nexoinformativo.mx\/?s={search_term_string}"},"query-input":{"@type":"PropertyValueSpecification","valueRequired":true,"valueName":"search_term_string"}}],"inLanguage":"es"},{"@type":"Organization","@id":"https:\/\/www.nexoinformativo.mx\/#organization","name":"Nexo Informativo Santiago de Quer\u00e9taro","url":"https:\/\/www.nexoinformativo.mx\/","logo":{"@type":"ImageObject","inLanguage":"es","@id":"https:\/\/www.nexoinformativo.mx\/#\/schema\/logo\/image\/","url":"https:\/\/www.nexoinformativo.mx\/wp-content\/uploads\/2024\/07\/nexoi-trasparente-2.png","contentUrl":"https:\/\/www.nexoinformativo.mx\/wp-content\/uploads\/2024\/07\/nexoi-trasparente-2.png","width":816,"height":339,"caption":"Nexo Informativo Santiago de Quer\u00e9taro"},"image":{"@id":"https:\/\/www.nexoinformativo.mx\/#\/schema\/logo\/image\/"},"sameAs":["https:\/\/www.facebook.com\/people\/Nexo-Informativo\/61564066885511\/"]},{"@type":"Person","@id":"https:\/\/www.nexoinformativo.mx\/#\/schema\/person\/7749d380ba08c8ca00d7bc76fd907b7d","name":"Nexo Informativo","image":{"@type":"ImageObject","inLanguage":"es","@id":"https:\/\/www.nexoinformativo.mx\/#\/schema\/person\/image\/","url":"https:\/\/secure.gravatar.com\/avatar\/dde2928154642a13d95f87ddf1ea9718fe2b46760a005c53e41ff5ad610704e6?s=96&d=mm&r=g","contentUrl":"https:\/\/secure.gravatar.com\/avatar\/dde2928154642a13d95f87ddf1ea9718fe2b46760a005c53e41ff5ad610704e6?s=96&d=mm&r=g","caption":"Nexo Informativo"},"url":"https:\/\/www.nexoinformativo.mx\/index.php\/author\/edicion\/"}]}},"_links":{"self":[{"href":"https:\/\/www.nexoinformativo.mx\/index.php\/wp-json\/wp\/v2\/posts\/16071","targetHints":{"allow":["GET"]}}],"collection":[{"href":"https:\/\/www.nexoinformativo.mx\/index.php\/wp-json\/wp\/v2\/posts"}],"about":[{"href":"https:\/\/www.nexoinformativo.mx\/index.php\/wp-json\/wp\/v2\/types\/post"}],"author":[{"embeddable":true,"href":"https:\/\/www.nexoinformativo.mx\/index.php\/wp-json\/wp\/v2\/users\/3"}],"replies":[{"embeddable":true,"href":"https:\/\/www.nexoinformativo.mx\/index.php\/wp-json\/wp\/v2\/comments?post=16071"}],"version-history":[{"count":3,"href":"https:\/\/www.nexoinformativo.mx\/index.php\/wp-json\/wp\/v2\/posts\/16071\/revisions"}],"predecessor-version":[{"id":16075,"href":"https:\/\/www.nexoinformativo.mx\/index.php\/wp-json\/wp\/v2\/posts\/16071\/revisions\/16075"}],"wp:featuredmedia":[{"embeddable":true,"href":"https:\/\/www.nexoinformativo.mx\/index.php\/wp-json\/wp\/v2\/media\/16072"}],"wp:attachment":[{"href":"https:\/\/www.nexoinformativo.mx\/index.php\/wp-json\/wp\/v2\/media?parent=16071"}],"wp:term":[{"taxonomy":"category","embeddable":true,"href":"https:\/\/www.nexoinformativo.mx\/index.php\/wp-json\/wp\/v2\/categories?post=16071"},{"taxonomy":"post_tag","embeddable":true,"href":"https:\/\/www.nexoinformativo.mx\/index.php\/wp-json\/wp\/v2\/tags?post=16071"}],"curies":[{"name":"wp","href":"https:\/\/api.w.org\/{rel}","templated":true}]}}