{"id":1608,"date":"2024-09-05T11:00:41","date_gmt":"2024-09-05T17:00:41","guid":{"rendered":"https:\/\/www.nexoinformativo.mx\/?p=1608"},"modified":"2024-09-05T14:02:49","modified_gmt":"2024-09-05T20:02:49","slug":"se-vitaliza-video-de-asalto-aumentan-los-robos-en-motocicleta-en-queretaro","status":"publish","type":"post","link":"https:\/\/www.nexoinformativo.mx\/index.php\/2024\/09\/05\/se-vitaliza-video-de-asalto-aumentan-los-robos-en-motocicleta-en-queretaro\/","title":{"rendered":"Se vitaliza video de asalto: Aumentan los robos en Motocicleta en Quer\u00e9taro"},"content":{"rendered":"<p style=\"text-align: justify;\">Un video captado por una c\u00e1mara de vigilancia privada en la colonia Colinas del Pedregal, en la capital del estado de Quer\u00e9taro, se ha vuelto viral en redes sociales. El video muestra el momento exacto en que dos presuntos delincuentes a bordo de una motocicleta despojan de sus pertenencias a un joven que caminaba tranquilamente por la zona.<\/p>\n<p>&nbsp;<\/p>\n<p style=\"text-align: justify;\">El incidente ocurri\u00f3 sobre la calle 1, cerca de su cruce con la avenida Pie de la Cuesta. En el video se puede observar c\u00f3mo el joven camina por la acera cuando, de manera repentina, una motocicleta con dos sujetos a bordo se acerca. Uno de ellos desciende, amenaza al transe\u00fante y lo despoja de sus pertenencias antes de huir r\u00e1pidamente del lugar junto con su c\u00f3mplice en direcci\u00f3n desconocida.<\/p>\n<p>&nbsp;<\/p>\n<p style=\"text-align: justify;\">Tras el asalto, la v\u00edctima denunci\u00f3 el hecho ante las autoridades correspondientes. No obstante, hasta el momento no se ha informado si hay personas detenidas o identificadas en relaci\u00f3n con este robo.<\/p>\n","protected":false},"excerpt":{"rendered":"<p>Un video captado por una c\u00e1mara de vigilancia privada en la colonia Colinas del Pedregal, en la capital del estado de Quer\u00e9taro, se ha vuelto viral en redes sociales. El video muestra el momento exacto en que dos presuntos delincuentes a bordo de una motocicleta despojan de sus pertenencias a un joven que caminaba tranquilamente por la zona.<\/p>\n","protected":false},"author":3,"featured_media":1609,"comment_status":"open","ping_status":"open","sticky":false,"template":"","format":"standard","meta":{"footnotes":""},"categories":[137,58],"tags":[527,526,242,528],"class_list":["post-1608","post","type-post","status-publish","format-standard","has-post-thumbnail","hentry","category-sucesos","category-ultima-hora","tag-alertaciudadana","tag-inseguridadqueretaro","tag-queretaroseguro","tag-robosenmotocicleta"],"yoast_head":"<!-- This site is optimized with the Yoast SEO plugin v25.0 - https:\/\/yoast.com\/wordpress\/plugins\/seo\/ -->\n<title>Se vitaliza video de asalto: Aumentan los robos en Motocicleta en Quer\u00e9taro | Nexo Informativo Santiago de Quer\u00e9taro<\/title>\n<meta name=\"description\" content=\"Se vitaliza video de asalto: Aumentan los robos en Motocicleta en Quer\u00e9taro\" \/>\n<meta name=\"robots\" content=\"index, follow, max-snippet:-1, max-image-preview:large, max-video-preview:-1\" \/>\n<link rel=\"canonical\" href=\"https:\/\/www.nexoinformativo.mx\/index.php\/2024\/09\/05\/se-vitaliza-video-de-asalto-aumentan-los-robos-en-motocicleta-en-queretaro\/\" \/>\n<meta property=\"og:locale\" content=\"es_MX\" \/>\n<meta property=\"og:type\" content=\"article\" \/>\n<meta property=\"og:title\" content=\"Se vitaliza video de asalto: Aumentan los robos en Motocicleta en Quer\u00e9taro | Nexo Informativo Santiago de Quer\u00e9taro\" \/>\n<meta property=\"og:description\" content=\"Se vitaliza video de asalto: Aumentan los robos en Motocicleta en Quer\u00e9taro\" \/>\n<meta property=\"og:url\" content=\"https:\/\/www.nexoinformativo.mx\/index.php\/2024\/09\/05\/se-vitaliza-video-de-asalto-aumentan-los-robos-en-motocicleta-en-queretaro\/\" \/>\n<meta property=\"og:site_name\" content=\"Nexo Informativo Santiago de Quer\u00e9taro\" \/>\n<meta property=\"article:publisher\" content=\"https:\/\/www.facebook.com\/people\/Nexo-Informativo\/61564066885511\/\" \/>\n<meta property=\"article:published_time\" content=\"2024-09-05T17:00:41+00:00\" \/>\n<meta property=\"article:modified_time\" content=\"2024-09-05T20:02:49+00:00\" \/>\n<meta property=\"og:image\" content=\"https:\/\/www.nexoinformativo.mx\/wp-content\/uploads\/2024\/09\/IMG_6419-e1725565504217.jpg\" \/>\n\t<meta property=\"og:image:width\" content=\"700\" \/>\n\t<meta property=\"og:image:height\" content=\"463\" \/>\n\t<meta property=\"og:image:type\" content=\"image\/jpeg\" \/>\n<meta name=\"author\" content=\"Nexo Informativo\" \/>\n<meta name=\"twitter:card\" content=\"summary_large_image\" \/>\n<meta name=\"twitter:label1\" content=\"Escrito por\" \/>\n\t<meta name=\"twitter:data1\" content=\"Nexo Informativo\" \/>\n\t<meta name=\"twitter:label2\" content=\"Tiempo de lectura\" \/>\n\t<meta name=\"twitter:data2\" content=\"1 minuto\" \/>\n<script type=\"application\/ld+json\" class=\"yoast-schema-graph\">{\"@context\":\"https:\/\/schema.org\",\"@graph\":[{\"@type\":\"Article\",\"@id\":\"https:\/\/www.nexoinformativo.mx\/index.php\/2024\/09\/05\/se-vitaliza-video-de-asalto-aumentan-los-robos-en-motocicleta-en-queretaro\/#article\",\"isPartOf\":{\"@id\":\"https:\/\/www.nexoinformativo.mx\/index.php\/2024\/09\/05\/se-vitaliza-video-de-asalto-aumentan-los-robos-en-motocicleta-en-queretaro\/\"},\"author\":{\"name\":\"Nexo Informativo\",\"@id\":\"https:\/\/www.nexoinformativo.mx\/#\/schema\/person\/7749d380ba08c8ca00d7bc76fd907b7d\"},\"headline\":\"Se vitaliza video de asalto: Aumentan los robos en Motocicleta en Quer\u00e9taro\",\"datePublished\":\"2024-09-05T17:00:41+00:00\",\"dateModified\":\"2024-09-05T20:02:49+00:00\",\"mainEntityOfPage\":{\"@id\":\"https:\/\/www.nexoinformativo.mx\/index.php\/2024\/09\/05\/se-vitaliza-video-de-asalto-aumentan-los-robos-en-motocicleta-en-queretaro\/\"},\"wordCount\":183,\"commentCount\":0,\"publisher\":{\"@id\":\"https:\/\/www.nexoinformativo.mx\/#organization\"},\"image\":{\"@id\":\"https:\/\/www.nexoinformativo.mx\/index.php\/2024\/09\/05\/se-vitaliza-video-de-asalto-aumentan-los-robos-en-motocicleta-en-queretaro\/#primaryimage\"},\"thumbnailUrl\":\"https:\/\/www.nexoinformativo.mx\/wp-content\/uploads\/2024\/09\/IMG_6419-e1725565504217.jpg\",\"keywords\":[\"AlertaCiudadana\",\"InseguridadQuer\u00e9taro\",\"QueretaroSeguro\",\"RobosEnMotocicleta\"],\"articleSection\":[\"Sucesos\",\"\u00daltima Hora\"],\"inLanguage\":\"es\",\"potentialAction\":[{\"@type\":\"CommentAction\",\"name\":\"Comment\",\"target\":[\"https:\/\/www.nexoinformativo.mx\/index.php\/2024\/09\/05\/se-vitaliza-video-de-asalto-aumentan-los-robos-en-motocicleta-en-queretaro\/#respond\"]}]},{\"@type\":\"WebPage\",\"@id\":\"https:\/\/www.nexoinformativo.mx\/index.php\/2024\/09\/05\/se-vitaliza-video-de-asalto-aumentan-los-robos-en-motocicleta-en-queretaro\/\",\"url\":\"https:\/\/www.nexoinformativo.mx\/index.php\/2024\/09\/05\/se-vitaliza-video-de-asalto-aumentan-los-robos-en-motocicleta-en-queretaro\/\",\"name\":\"Se vitaliza video de asalto: Aumentan los robos en Motocicleta en Quer\u00e9taro | Nexo Informativo Santiago de Quer\u00e9taro\",\"isPartOf\":{\"@id\":\"https:\/\/www.nexoinformativo.mx\/#website\"},\"primaryImageOfPage\":{\"@id\":\"https:\/\/www.nexoinformativo.mx\/index.php\/2024\/09\/05\/se-vitaliza-video-de-asalto-aumentan-los-robos-en-motocicleta-en-queretaro\/#primaryimage\"},\"image\":{\"@id\":\"https:\/\/www.nexoinformativo.mx\/index.php\/2024\/09\/05\/se-vitaliza-video-de-asalto-aumentan-los-robos-en-motocicleta-en-queretaro\/#primaryimage\"},\"thumbnailUrl\":\"https:\/\/www.nexoinformativo.mx\/wp-content\/uploads\/2024\/09\/IMG_6419-e1725565504217.jpg\",\"datePublished\":\"2024-09-05T17:00:41+00:00\",\"dateModified\":\"2024-09-05T20:02:49+00:00\",\"description\":\"Se vitaliza video de asalto: Aumentan los robos en Motocicleta en Quer\u00e9taro\",\"breadcrumb\":{\"@id\":\"https:\/\/www.nexoinformativo.mx\/index.php\/2024\/09\/05\/se-vitaliza-video-de-asalto-aumentan-los-robos-en-motocicleta-en-queretaro\/#breadcrumb\"},\"inLanguage\":\"es\",\"potentialAction\":[{\"@type\":\"ReadAction\",\"target\":[\"https:\/\/www.nexoinformativo.mx\/index.php\/2024\/09\/05\/se-vitaliza-video-de-asalto-aumentan-los-robos-en-motocicleta-en-queretaro\/\"]}]},{\"@type\":\"ImageObject\",\"inLanguage\":\"es\",\"@id\":\"https:\/\/www.nexoinformativo.mx\/index.php\/2024\/09\/05\/se-vitaliza-video-de-asalto-aumentan-los-robos-en-motocicleta-en-queretaro\/#primaryimage\",\"url\":\"https:\/\/www.nexoinformativo.mx\/wp-content\/uploads\/2024\/09\/IMG_6419-e1725565504217.jpg\",\"contentUrl\":\"https:\/\/www.nexoinformativo.mx\/wp-content\/uploads\/2024\/09\/IMG_6419-e1725565504217.jpg\",\"width\":700,\"height\":463,\"caption\":\"Screenshot\"},{\"@type\":\"BreadcrumbList\",\"@id\":\"https:\/\/www.nexoinformativo.mx\/index.php\/2024\/09\/05\/se-vitaliza-video-de-asalto-aumentan-los-robos-en-motocicleta-en-queretaro\/#breadcrumb\",\"itemListElement\":[{\"@type\":\"ListItem\",\"position\":1,\"name\":\"Inicio\",\"item\":\"https:\/\/www.nexoinformativo.mx\/\"},{\"@type\":\"ListItem\",\"position\":2,\"name\":\"Se vitaliza video de asalto: Aumentan los robos en Motocicleta en Quer\u00e9taro\"}]},{\"@type\":\"WebSite\",\"@id\":\"https:\/\/www.nexoinformativo.mx\/#website\",\"url\":\"https:\/\/www.nexoinformativo.mx\/\",\"name\":\"Nexo Informativo Santiago de Quer\u00e9taro\",\"description\":\"Explora NexoInformativo y convi\u00e9rtete en parte de una comunidad que valora el conocimiento y la verdad. Tu nexoinformativo es tu puente hacia una comprensi\u00f3n m\u00e1s profunda del mundo que te rodea.\",\"publisher\":{\"@id\":\"https:\/\/www.nexoinformativo.mx\/#organization\"},\"potentialAction\":[{\"@type\":\"SearchAction\",\"target\":{\"@type\":\"EntryPoint\",\"urlTemplate\":\"https:\/\/www.nexoinformativo.mx\/?s={search_term_string}\"},\"query-input\":{\"@type\":\"PropertyValueSpecification\",\"valueRequired\":true,\"valueName\":\"search_term_string\"}}],\"inLanguage\":\"es\"},{\"@type\":\"Organization\",\"@id\":\"https:\/\/www.nexoinformativo.mx\/#organization\",\"name\":\"Nexo Informativo Santiago de Quer\u00e9taro\",\"url\":\"https:\/\/www.nexoinformativo.mx\/\",\"logo\":{\"@type\":\"ImageObject\",\"inLanguage\":\"es\",\"@id\":\"https:\/\/www.nexoinformativo.mx\/#\/schema\/logo\/image\/\",\"url\":\"https:\/\/www.nexoinformativo.mx\/wp-content\/uploads\/2024\/07\/nexoi-trasparente-2.png\",\"contentUrl\":\"https:\/\/www.nexoinformativo.mx\/wp-content\/uploads\/2024\/07\/nexoi-trasparente-2.png\",\"width\":816,\"height\":339,\"caption\":\"Nexo Informativo Santiago de Quer\u00e9taro\"},\"image\":{\"@id\":\"https:\/\/www.nexoinformativo.mx\/#\/schema\/logo\/image\/\"},\"sameAs\":[\"https:\/\/www.facebook.com\/people\/Nexo-Informativo\/61564066885511\/\"]},{\"@type\":\"Person\",\"@id\":\"https:\/\/www.nexoinformativo.mx\/#\/schema\/person\/7749d380ba08c8ca00d7bc76fd907b7d\",\"name\":\"Nexo Informativo\",\"image\":{\"@type\":\"ImageObject\",\"inLanguage\":\"es\",\"@id\":\"https:\/\/www.nexoinformativo.mx\/#\/schema\/person\/image\/\",\"url\":\"https:\/\/secure.gravatar.com\/avatar\/dde2928154642a13d95f87ddf1ea9718fe2b46760a005c53e41ff5ad610704e6?s=96&d=mm&r=g\",\"contentUrl\":\"https:\/\/secure.gravatar.com\/avatar\/dde2928154642a13d95f87ddf1ea9718fe2b46760a005c53e41ff5ad610704e6?s=96&d=mm&r=g\",\"caption\":\"Nexo Informativo\"},\"url\":\"https:\/\/www.nexoinformativo.mx\/index.php\/author\/edicion\/\"}]}<\/script>\n<!-- \/ Yoast SEO plugin. -->","yoast_head_json":{"title":"Se vitaliza video de asalto: Aumentan los robos en Motocicleta en Quer\u00e9taro | Nexo Informativo Santiago de Quer\u00e9taro","description":"Se vitaliza video de asalto: Aumentan los robos en Motocicleta en Quer\u00e9taro","robots":{"index":"index","follow":"follow","max-snippet":"max-snippet:-1","max-image-preview":"max-image-preview:large","max-video-preview":"max-video-preview:-1"},"canonical":"https:\/\/www.nexoinformativo.mx\/index.php\/2024\/09\/05\/se-vitaliza-video-de-asalto-aumentan-los-robos-en-motocicleta-en-queretaro\/","og_locale":"es_MX","og_type":"article","og_title":"Se vitaliza video de asalto: Aumentan los robos en Motocicleta en Quer\u00e9taro | Nexo Informativo Santiago de Quer\u00e9taro","og_description":"Se vitaliza video de asalto: Aumentan los robos en Motocicleta en Quer\u00e9taro","og_url":"https:\/\/www.nexoinformativo.mx\/index.php\/2024\/09\/05\/se-vitaliza-video-de-asalto-aumentan-los-robos-en-motocicleta-en-queretaro\/","og_site_name":"Nexo Informativo Santiago de Quer\u00e9taro","article_publisher":"https:\/\/www.facebook.com\/people\/Nexo-Informativo\/61564066885511\/","article_published_time":"2024-09-05T17:00:41+00:00","article_modified_time":"2024-09-05T20:02:49+00:00","og_image":[{"width":700,"height":463,"url":"https:\/\/www.nexoinformativo.mx\/wp-content\/uploads\/2024\/09\/IMG_6419-e1725565504217.jpg","type":"image\/jpeg"}],"author":"Nexo Informativo","twitter_card":"summary_large_image","twitter_misc":{"Escrito por":"Nexo Informativo","Tiempo de lectura":"1 minuto"},"schema":{"@context":"https:\/\/schema.org","@graph":[{"@type":"Article","@id":"https:\/\/www.nexoinformativo.mx\/index.php\/2024\/09\/05\/se-vitaliza-video-de-asalto-aumentan-los-robos-en-motocicleta-en-queretaro\/#article","isPartOf":{"@id":"https:\/\/www.nexoinformativo.mx\/index.php\/2024\/09\/05\/se-vitaliza-video-de-asalto-aumentan-los-robos-en-motocicleta-en-queretaro\/"},"author":{"name":"Nexo Informativo","@id":"https:\/\/www.nexoinformativo.mx\/#\/schema\/person\/7749d380ba08c8ca00d7bc76fd907b7d"},"headline":"Se vitaliza video de asalto: Aumentan los robos en Motocicleta en Quer\u00e9taro","datePublished":"2024-09-05T17:00:41+00:00","dateModified":"2024-09-05T20:02:49+00:00","mainEntityOfPage":{"@id":"https:\/\/www.nexoinformativo.mx\/index.php\/2024\/09\/05\/se-vitaliza-video-de-asalto-aumentan-los-robos-en-motocicleta-en-queretaro\/"},"wordCount":183,"commentCount":0,"publisher":{"@id":"https:\/\/www.nexoinformativo.mx\/#organization"},"image":{"@id":"https:\/\/www.nexoinformativo.mx\/index.php\/2024\/09\/05\/se-vitaliza-video-de-asalto-aumentan-los-robos-en-motocicleta-en-queretaro\/#primaryimage"},"thumbnailUrl":"https:\/\/www.nexoinformativo.mx\/wp-content\/uploads\/2024\/09\/IMG_6419-e1725565504217.jpg","keywords":["AlertaCiudadana","InseguridadQuer\u00e9taro","QueretaroSeguro","RobosEnMotocicleta"],"articleSection":["Sucesos","\u00daltima Hora"],"inLanguage":"es","potentialAction":[{"@type":"CommentAction","name":"Comment","target":["https:\/\/www.nexoinformativo.mx\/index.php\/2024\/09\/05\/se-vitaliza-video-de-asalto-aumentan-los-robos-en-motocicleta-en-queretaro\/#respond"]}]},{"@type":"WebPage","@id":"https:\/\/www.nexoinformativo.mx\/index.php\/2024\/09\/05\/se-vitaliza-video-de-asalto-aumentan-los-robos-en-motocicleta-en-queretaro\/","url":"https:\/\/www.nexoinformativo.mx\/index.php\/2024\/09\/05\/se-vitaliza-video-de-asalto-aumentan-los-robos-en-motocicleta-en-queretaro\/","name":"Se vitaliza video de asalto: Aumentan los robos en Motocicleta en Quer\u00e9taro | Nexo Informativo Santiago de Quer\u00e9taro","isPartOf":{"@id":"https:\/\/www.nexoinformativo.mx\/#website"},"primaryImageOfPage":{"@id":"https:\/\/www.nexoinformativo.mx\/index.php\/2024\/09\/05\/se-vitaliza-video-de-asalto-aumentan-los-robos-en-motocicleta-en-queretaro\/#primaryimage"},"image":{"@id":"https:\/\/www.nexoinformativo.mx\/index.php\/2024\/09\/05\/se-vitaliza-video-de-asalto-aumentan-los-robos-en-motocicleta-en-queretaro\/#primaryimage"},"thumbnailUrl":"https:\/\/www.nexoinformativo.mx\/wp-content\/uploads\/2024\/09\/IMG_6419-e1725565504217.jpg","datePublished":"2024-09-05T17:00:41+00:00","dateModified":"2024-09-05T20:02:49+00:00","description":"Se vitaliza video de asalto: Aumentan los robos en Motocicleta en Quer\u00e9taro","breadcrumb":{"@id":"https:\/\/www.nexoinformativo.mx\/index.php\/2024\/09\/05\/se-vitaliza-video-de-asalto-aumentan-los-robos-en-motocicleta-en-queretaro\/#breadcrumb"},"inLanguage":"es","potentialAction":[{"@type":"ReadAction","target":["https:\/\/www.nexoinformativo.mx\/index.php\/2024\/09\/05\/se-vitaliza-video-de-asalto-aumentan-los-robos-en-motocicleta-en-queretaro\/"]}]},{"@type":"ImageObject","inLanguage":"es","@id":"https:\/\/www.nexoinformativo.mx\/index.php\/2024\/09\/05\/se-vitaliza-video-de-asalto-aumentan-los-robos-en-motocicleta-en-queretaro\/#primaryimage","url":"https:\/\/www.nexoinformativo.mx\/wp-content\/uploads\/2024\/09\/IMG_6419-e1725565504217.jpg","contentUrl":"https:\/\/www.nexoinformativo.mx\/wp-content\/uploads\/2024\/09\/IMG_6419-e1725565504217.jpg","width":700,"height":463,"caption":"Screenshot"},{"@type":"BreadcrumbList","@id":"https:\/\/www.nexoinformativo.mx\/index.php\/2024\/09\/05\/se-vitaliza-video-de-asalto-aumentan-los-robos-en-motocicleta-en-queretaro\/#breadcrumb","itemListElement":[{"@type":"ListItem","position":1,"name":"Inicio","item":"https:\/\/www.nexoinformativo.mx\/"},{"@type":"ListItem","position":2,"name":"Se vitaliza video de asalto: Aumentan los robos en Motocicleta en Quer\u00e9taro"}]},{"@type":"WebSite","@id":"https:\/\/www.nexoinformativo.mx\/#website","url":"https:\/\/www.nexoinformativo.mx\/","name":"Nexo Informativo Santiago de Quer\u00e9taro","description":"Explora NexoInformativo y convi\u00e9rtete en parte de una comunidad que valora el conocimiento y la verdad. Tu nexoinformativo es tu puente hacia una comprensi\u00f3n m\u00e1s profunda del mundo que te rodea.","publisher":{"@id":"https:\/\/www.nexoinformativo.mx\/#organization"},"potentialAction":[{"@type":"SearchAction","target":{"@type":"EntryPoint","urlTemplate":"https:\/\/www.nexoinformativo.mx\/?s={search_term_string}"},"query-input":{"@type":"PropertyValueSpecification","valueRequired":true,"valueName":"search_term_string"}}],"inLanguage":"es"},{"@type":"Organization","@id":"https:\/\/www.nexoinformativo.mx\/#organization","name":"Nexo Informativo Santiago de Quer\u00e9taro","url":"https:\/\/www.nexoinformativo.mx\/","logo":{"@type":"ImageObject","inLanguage":"es","@id":"https:\/\/www.nexoinformativo.mx\/#\/schema\/logo\/image\/","url":"https:\/\/www.nexoinformativo.mx\/wp-content\/uploads\/2024\/07\/nexoi-trasparente-2.png","contentUrl":"https:\/\/www.nexoinformativo.mx\/wp-content\/uploads\/2024\/07\/nexoi-trasparente-2.png","width":816,"height":339,"caption":"Nexo Informativo Santiago de Quer\u00e9taro"},"image":{"@id":"https:\/\/www.nexoinformativo.mx\/#\/schema\/logo\/image\/"},"sameAs":["https:\/\/www.facebook.com\/people\/Nexo-Informativo\/61564066885511\/"]},{"@type":"Person","@id":"https:\/\/www.nexoinformativo.mx\/#\/schema\/person\/7749d380ba08c8ca00d7bc76fd907b7d","name":"Nexo Informativo","image":{"@type":"ImageObject","inLanguage":"es","@id":"https:\/\/www.nexoinformativo.mx\/#\/schema\/person\/image\/","url":"https:\/\/secure.gravatar.com\/avatar\/dde2928154642a13d95f87ddf1ea9718fe2b46760a005c53e41ff5ad610704e6?s=96&d=mm&r=g","contentUrl":"https:\/\/secure.gravatar.com\/avatar\/dde2928154642a13d95f87ddf1ea9718fe2b46760a005c53e41ff5ad610704e6?s=96&d=mm&r=g","caption":"Nexo Informativo"},"url":"https:\/\/www.nexoinformativo.mx\/index.php\/author\/edicion\/"}]}},"_links":{"self":[{"href":"https:\/\/www.nexoinformativo.mx\/index.php\/wp-json\/wp\/v2\/posts\/1608","targetHints":{"allow":["GET"]}}],"collection":[{"href":"https:\/\/www.nexoinformativo.mx\/index.php\/wp-json\/wp\/v2\/posts"}],"about":[{"href":"https:\/\/www.nexoinformativo.mx\/index.php\/wp-json\/wp\/v2\/types\/post"}],"author":[{"embeddable":true,"href":"https:\/\/www.nexoinformativo.mx\/index.php\/wp-json\/wp\/v2\/users\/3"}],"replies":[{"embeddable":true,"href":"https:\/\/www.nexoinformativo.mx\/index.php\/wp-json\/wp\/v2\/comments?post=1608"}],"version-history":[{"count":3,"href":"https:\/\/www.nexoinformativo.mx\/index.php\/wp-json\/wp\/v2\/posts\/1608\/revisions"}],"predecessor-version":[{"id":1614,"href":"https:\/\/www.nexoinformativo.mx\/index.php\/wp-json\/wp\/v2\/posts\/1608\/revisions\/1614"}],"wp:featuredmedia":[{"embeddable":true,"href":"https:\/\/www.nexoinformativo.mx\/index.php\/wp-json\/wp\/v2\/media\/1609"}],"wp:attachment":[{"href":"https:\/\/www.nexoinformativo.mx\/index.php\/wp-json\/wp\/v2\/media?parent=1608"}],"wp:term":[{"taxonomy":"category","embeddable":true,"href":"https:\/\/www.nexoinformativo.mx\/index.php\/wp-json\/wp\/v2\/categories?post=1608"},{"taxonomy":"post_tag","embeddable":true,"href":"https:\/\/www.nexoinformativo.mx\/index.php\/wp-json\/wp\/v2\/tags?post=1608"}],"curies":[{"name":"wp","href":"https:\/\/api.w.org\/{rel}","templated":true}]}}