{"id":16099,"date":"2025-06-22T16:00:34","date_gmt":"2025-06-22T22:00:34","guid":{"rendered":"https:\/\/www.nexoinformativo.mx\/?p=16099"},"modified":"2025-06-22T22:26:21","modified_gmt":"2025-06-23T04:26:21","slug":"sedesu-y-ciudadanos-unen-fuerzas-en-reforestacion-por-un-futuro-queretaro-sostenible","status":"publish","type":"post","link":"https:\/\/www.nexoinformativo.mx\/index.php\/2025\/06\/22\/sedesu-y-ciudadanos-unen-fuerzas-en-reforestacion-por-un-futuro-queretaro-sostenible\/","title":{"rendered":"SEDESU y ciudadanos unen fuerzas en reforestaci\u00f3n por un futuro Quer\u00e9taro sostenible"},"content":{"rendered":"<p style=\"text-align: justify;\" data-sourcepos=\"5:1-5:393\">El titular de la Secretar\u00eda de Desarrollo Sustentable (SEDESU), Marco Antonio Del Prete, encabez\u00f3 la campa\u00f1a de reforestaci\u00f3n \u201cTejiendo comunidades sustentables\u201d.<\/p>\n<\/p>\n<p>&nbsp;<\/p>\n<p style=\"text-align: justify;\" data-sourcepos=\"5:1-5:393\">En una jornada de uni\u00f3n, ciudadanos, personal de la SEDESU y miembros del municipio de Quer\u00e9taro plantaron especies nativas en las \u00e1reas comunes del Parque Central del fraccionamiento Vi\u00f1edos.<\/p>\n<\/p>\n<p>&nbsp;<\/p>\n<p style=\"text-align: justify;\" data-sourcepos=\"7:1-7:371\">Del Prete enfatiz\u00f3 que las causas ambientales son, ante todo, causas ciudadanas. Por ello, la SEDESU impulsa activamente este tipo de acciones, reconociendo que la sociedad queretana est\u00e1 profundamente preocupada por el medio ambiente y dispuesta a sumarse a iniciativas que combatan el cambio clim\u00e1tico, un fen\u00f3meno que impacta directamente en nuestro d\u00eda a d\u00eda.<\/p>\n<\/p>\n<p>&nbsp;<\/p>\n<p style=\"text-align: justify;\" data-sourcepos=\"9:1-9:446\">El funcionario estatal explic\u00f3 que la SEDESU trabaja constantemente en mejorar la calidad del aire, fomentar la econom\u00eda circular y asegurar una adecuada disposici\u00f3n de residuos. Sin embargo, subray\u00f3 que la colaboraci\u00f3n ciudadana es indispensable.<\/p>\n<\/p>\n<p>&nbsp;<\/p>\n<p style=\"text-align: justify;\" data-sourcepos=\"11:1-11:410\">Mar\u00eda Guadalupe Espinosa de los Reyes, secretaria de Medio Ambiente del Municipio de Quer\u00e9taro, destac\u00f3 c\u00f3mo el compromiso ciudadano y el amor por la naturaleza se demuestran con acciones concretas para cuidar los espacios verdes.<\/p>\n<\/p>\n<p>&nbsp;<\/p>\n<p style=\"text-align: justify;\" data-sourcepos=\"11:1-11:410\">Gracias a estas alianzas entre gobierno y ciudadan\u00eda, m\u00e1s de tres mil 500 \u00e1rboles han sido plantados en el municipio, aumentando significativamente la cobertura vegetal.<\/p>\n<\/p>\n<p>&nbsp;<\/p>\n<p style=\"text-align: justify;\" data-sourcepos=\"13:1-13:207\">Esta campa\u00f1a de reforestaci\u00f3n es un claro ejemplo de c\u00f3mo la acci\u00f3n conjunta puede generar un impacto positivo y duradero en el medio ambiente de Quer\u00e9taro, construyendo comunidades m\u00e1s verdes y sostenibles.<\/p>\n<\/p>\n<p>&nbsp;<\/p>\n<p style=\"text-align: center;\" data-sourcepos=\"13:1-13:207\"><em><strong>\u00a1Informaci\u00f3n que transforma!<\/strong><\/em><\/p>\n","protected":false},"excerpt":{"rendered":"<p>El titular de la Secretar\u00eda de Desarrollo Sustentable (SEDESU), Marco Antonio Del Prete, encabez\u00f3 la campa\u00f1a de reforestaci\u00f3n \u201cTejiendo comunidades sustentables\u201d.<\/p>\n","protected":false},"author":3,"featured_media":16100,"comment_status":"open","ping_status":"open","sticky":false,"template":"","format":"standard","meta":{"footnotes":""},"categories":[65,58],"tags":[656,665,4840,1876],"class_list":["post-16099","post","type-post","status-publish","format-standard","has-post-thumbnail","hentry","category-municipios","category-ultima-hora","tag-medioambiente","tag-queretarosustentable","tag-reforestacionqro","tag-sedesu"],"yoast_head":"<!-- This site is optimized with the Yoast SEO plugin v25.0 - https:\/\/yoast.com\/wordpress\/plugins\/seo\/ -->\n<title>SEDESU y ciudadanos unen fuerzas en reforestaci\u00f3n por un futuro Quer\u00e9taro sostenible | Nexo Informativo Santiago de Quer\u00e9taro<\/title>\n<meta name=\"description\" content=\"SEDESU y ciudadanos unen fuerzas en reforestaci\u00f3n por un futuro Quer\u00e9taro sostenible\" \/>\n<meta name=\"robots\" content=\"index, follow, max-snippet:-1, max-image-preview:large, max-video-preview:-1\" \/>\n<link rel=\"canonical\" href=\"https:\/\/www.nexoinformativo.mx\/index.php\/2025\/06\/22\/sedesu-y-ciudadanos-unen-fuerzas-en-reforestacion-por-un-futuro-queretaro-sostenible\/\" \/>\n<meta property=\"og:locale\" content=\"es_MX\" \/>\n<meta property=\"og:type\" content=\"article\" \/>\n<meta property=\"og:title\" content=\"SEDESU y ciudadanos unen fuerzas en reforestaci\u00f3n por un futuro Quer\u00e9taro sostenible | Nexo Informativo Santiago de Quer\u00e9taro\" \/>\n<meta property=\"og:description\" content=\"SEDESU y ciudadanos unen fuerzas en reforestaci\u00f3n por un futuro Quer\u00e9taro sostenible\" \/>\n<meta property=\"og:url\" content=\"https:\/\/www.nexoinformativo.mx\/index.php\/2025\/06\/22\/sedesu-y-ciudadanos-unen-fuerzas-en-reforestacion-por-un-futuro-queretaro-sostenible\/\" \/>\n<meta property=\"og:site_name\" content=\"Nexo Informativo Santiago de Quer\u00e9taro\" \/>\n<meta property=\"article:publisher\" content=\"https:\/\/www.facebook.com\/people\/Nexo-Informativo\/61564066885511\/\" \/>\n<meta property=\"article:published_time\" content=\"2025-06-22T22:00:34+00:00\" \/>\n<meta property=\"article:modified_time\" content=\"2025-06-23T04:26:21+00:00\" \/>\n<meta property=\"og:image\" content=\"https:\/\/www.nexoinformativo.mx\/wp-content\/uploads\/2025\/06\/PHOTO-2025-06-22-21-31-34-e1750652724216.jpg\" \/>\n\t<meta property=\"og:image:width\" content=\"800\" \/>\n\t<meta property=\"og:image:height\" content=\"450\" \/>\n\t<meta property=\"og:image:type\" content=\"image\/jpeg\" \/>\n<meta name=\"author\" content=\"Nexo Informativo\" \/>\n<meta name=\"twitter:card\" content=\"summary_large_image\" \/>\n<meta name=\"twitter:label1\" content=\"Escrito por\" \/>\n\t<meta name=\"twitter:data1\" content=\"Nexo Informativo\" \/>\n\t<meta name=\"twitter:label2\" content=\"Tiempo de lectura\" \/>\n\t<meta name=\"twitter:data2\" content=\"2 minutos\" \/>\n<script type=\"application\/ld+json\" class=\"yoast-schema-graph\">{\"@context\":\"https:\/\/schema.org\",\"@graph\":[{\"@type\":\"Article\",\"@id\":\"https:\/\/www.nexoinformativo.mx\/index.php\/2025\/06\/22\/sedesu-y-ciudadanos-unen-fuerzas-en-reforestacion-por-un-futuro-queretaro-sostenible\/#article\",\"isPartOf\":{\"@id\":\"https:\/\/www.nexoinformativo.mx\/index.php\/2025\/06\/22\/sedesu-y-ciudadanos-unen-fuerzas-en-reforestacion-por-un-futuro-queretaro-sostenible\/\"},\"author\":{\"name\":\"Nexo Informativo\",\"@id\":\"https:\/\/www.nexoinformativo.mx\/#\/schema\/person\/7749d380ba08c8ca00d7bc76fd907b7d\"},\"headline\":\"SEDESU y ciudadanos unen fuerzas en reforestaci\u00f3n por un futuro Quer\u00e9taro sostenible\",\"datePublished\":\"2025-06-22T22:00:34+00:00\",\"dateModified\":\"2025-06-23T04:26:21+00:00\",\"mainEntityOfPage\":{\"@id\":\"https:\/\/www.nexoinformativo.mx\/index.php\/2025\/06\/22\/sedesu-y-ciudadanos-unen-fuerzas-en-reforestacion-por-un-futuro-queretaro-sostenible\/\"},\"wordCount\":280,\"commentCount\":0,\"publisher\":{\"@id\":\"https:\/\/www.nexoinformativo.mx\/#organization\"},\"image\":{\"@id\":\"https:\/\/www.nexoinformativo.mx\/index.php\/2025\/06\/22\/sedesu-y-ciudadanos-unen-fuerzas-en-reforestacion-por-un-futuro-queretaro-sostenible\/#primaryimage\"},\"thumbnailUrl\":\"https:\/\/www.nexoinformativo.mx\/wp-content\/uploads\/2025\/06\/PHOTO-2025-06-22-21-31-34-e1750652724216.jpg\",\"keywords\":[\"MedioAmbiente\",\"Quer\u00e9taroSustentable\",\"Reforestaci\u00f3nQRO\",\"SEDESU\"],\"articleSection\":[\"Municipios\",\"\u00daltima Hora\"],\"inLanguage\":\"es\",\"potentialAction\":[{\"@type\":\"CommentAction\",\"name\":\"Comment\",\"target\":[\"https:\/\/www.nexoinformativo.mx\/index.php\/2025\/06\/22\/sedesu-y-ciudadanos-unen-fuerzas-en-reforestacion-por-un-futuro-queretaro-sostenible\/#respond\"]}]},{\"@type\":\"WebPage\",\"@id\":\"https:\/\/www.nexoinformativo.mx\/index.php\/2025\/06\/22\/sedesu-y-ciudadanos-unen-fuerzas-en-reforestacion-por-un-futuro-queretaro-sostenible\/\",\"url\":\"https:\/\/www.nexoinformativo.mx\/index.php\/2025\/06\/22\/sedesu-y-ciudadanos-unen-fuerzas-en-reforestacion-por-un-futuro-queretaro-sostenible\/\",\"name\":\"SEDESU y ciudadanos unen fuerzas en reforestaci\u00f3n por un futuro Quer\u00e9taro sostenible | Nexo Informativo Santiago de Quer\u00e9taro\",\"isPartOf\":{\"@id\":\"https:\/\/www.nexoinformativo.mx\/#website\"},\"primaryImageOfPage\":{\"@id\":\"https:\/\/www.nexoinformativo.mx\/index.php\/2025\/06\/22\/sedesu-y-ciudadanos-unen-fuerzas-en-reforestacion-por-un-futuro-queretaro-sostenible\/#primaryimage\"},\"image\":{\"@id\":\"https:\/\/www.nexoinformativo.mx\/index.php\/2025\/06\/22\/sedesu-y-ciudadanos-unen-fuerzas-en-reforestacion-por-un-futuro-queretaro-sostenible\/#primaryimage\"},\"thumbnailUrl\":\"https:\/\/www.nexoinformativo.mx\/wp-content\/uploads\/2025\/06\/PHOTO-2025-06-22-21-31-34-e1750652724216.jpg\",\"datePublished\":\"2025-06-22T22:00:34+00:00\",\"dateModified\":\"2025-06-23T04:26:21+00:00\",\"description\":\"SEDESU y ciudadanos unen fuerzas en reforestaci\u00f3n por un futuro Quer\u00e9taro sostenible\",\"breadcrumb\":{\"@id\":\"https:\/\/www.nexoinformativo.mx\/index.php\/2025\/06\/22\/sedesu-y-ciudadanos-unen-fuerzas-en-reforestacion-por-un-futuro-queretaro-sostenible\/#breadcrumb\"},\"inLanguage\":\"es\",\"potentialAction\":[{\"@type\":\"ReadAction\",\"target\":[\"https:\/\/www.nexoinformativo.mx\/index.php\/2025\/06\/22\/sedesu-y-ciudadanos-unen-fuerzas-en-reforestacion-por-un-futuro-queretaro-sostenible\/\"]}]},{\"@type\":\"ImageObject\",\"inLanguage\":\"es\",\"@id\":\"https:\/\/www.nexoinformativo.mx\/index.php\/2025\/06\/22\/sedesu-y-ciudadanos-unen-fuerzas-en-reforestacion-por-un-futuro-queretaro-sostenible\/#primaryimage\",\"url\":\"https:\/\/www.nexoinformativo.mx\/wp-content\/uploads\/2025\/06\/PHOTO-2025-06-22-21-31-34-e1750652724216.jpg\",\"contentUrl\":\"https:\/\/www.nexoinformativo.mx\/wp-content\/uploads\/2025\/06\/PHOTO-2025-06-22-21-31-34-e1750652724216.jpg\",\"width\":800,\"height\":450},{\"@type\":\"BreadcrumbList\",\"@id\":\"https:\/\/www.nexoinformativo.mx\/index.php\/2025\/06\/22\/sedesu-y-ciudadanos-unen-fuerzas-en-reforestacion-por-un-futuro-queretaro-sostenible\/#breadcrumb\",\"itemListElement\":[{\"@type\":\"ListItem\",\"position\":1,\"name\":\"Inicio\",\"item\":\"https:\/\/www.nexoinformativo.mx\/\"},{\"@type\":\"ListItem\",\"position\":2,\"name\":\"SEDESU y ciudadanos unen fuerzas en reforestaci\u00f3n por un futuro Quer\u00e9taro sostenible\"}]},{\"@type\":\"WebSite\",\"@id\":\"https:\/\/www.nexoinformativo.mx\/#website\",\"url\":\"https:\/\/www.nexoinformativo.mx\/\",\"name\":\"Nexo Informativo Santiago de Quer\u00e9taro\",\"description\":\"Explora NexoInformativo y convi\u00e9rtete en parte de una comunidad que valora el conocimiento y la verdad. Tu nexoinformativo es tu puente hacia una comprensi\u00f3n m\u00e1s profunda del mundo que te rodea.\",\"publisher\":{\"@id\":\"https:\/\/www.nexoinformativo.mx\/#organization\"},\"potentialAction\":[{\"@type\":\"SearchAction\",\"target\":{\"@type\":\"EntryPoint\",\"urlTemplate\":\"https:\/\/www.nexoinformativo.mx\/?s={search_term_string}\"},\"query-input\":{\"@type\":\"PropertyValueSpecification\",\"valueRequired\":true,\"valueName\":\"search_term_string\"}}],\"inLanguage\":\"es\"},{\"@type\":\"Organization\",\"@id\":\"https:\/\/www.nexoinformativo.mx\/#organization\",\"name\":\"Nexo Informativo Santiago de Quer\u00e9taro\",\"url\":\"https:\/\/www.nexoinformativo.mx\/\",\"logo\":{\"@type\":\"ImageObject\",\"inLanguage\":\"es\",\"@id\":\"https:\/\/www.nexoinformativo.mx\/#\/schema\/logo\/image\/\",\"url\":\"https:\/\/www.nexoinformativo.mx\/wp-content\/uploads\/2024\/07\/nexoi-trasparente-2.png\",\"contentUrl\":\"https:\/\/www.nexoinformativo.mx\/wp-content\/uploads\/2024\/07\/nexoi-trasparente-2.png\",\"width\":816,\"height\":339,\"caption\":\"Nexo Informativo Santiago de Quer\u00e9taro\"},\"image\":{\"@id\":\"https:\/\/www.nexoinformativo.mx\/#\/schema\/logo\/image\/\"},\"sameAs\":[\"https:\/\/www.facebook.com\/people\/Nexo-Informativo\/61564066885511\/\"]},{\"@type\":\"Person\",\"@id\":\"https:\/\/www.nexoinformativo.mx\/#\/schema\/person\/7749d380ba08c8ca00d7bc76fd907b7d\",\"name\":\"Nexo Informativo\",\"image\":{\"@type\":\"ImageObject\",\"inLanguage\":\"es\",\"@id\":\"https:\/\/www.nexoinformativo.mx\/#\/schema\/person\/image\/\",\"url\":\"https:\/\/secure.gravatar.com\/avatar\/dde2928154642a13d95f87ddf1ea9718fe2b46760a005c53e41ff5ad610704e6?s=96&d=mm&r=g\",\"contentUrl\":\"https:\/\/secure.gravatar.com\/avatar\/dde2928154642a13d95f87ddf1ea9718fe2b46760a005c53e41ff5ad610704e6?s=96&d=mm&r=g\",\"caption\":\"Nexo Informativo\"},\"url\":\"https:\/\/www.nexoinformativo.mx\/index.php\/author\/edicion\/\"}]}<\/script>\n<!-- \/ Yoast SEO plugin. -->","yoast_head_json":{"title":"SEDESU y ciudadanos unen fuerzas en reforestaci\u00f3n por un futuro Quer\u00e9taro sostenible | Nexo Informativo Santiago de Quer\u00e9taro","description":"SEDESU y ciudadanos unen fuerzas en reforestaci\u00f3n por un futuro Quer\u00e9taro sostenible","robots":{"index":"index","follow":"follow","max-snippet":"max-snippet:-1","max-image-preview":"max-image-preview:large","max-video-preview":"max-video-preview:-1"},"canonical":"https:\/\/www.nexoinformativo.mx\/index.php\/2025\/06\/22\/sedesu-y-ciudadanos-unen-fuerzas-en-reforestacion-por-un-futuro-queretaro-sostenible\/","og_locale":"es_MX","og_type":"article","og_title":"SEDESU y ciudadanos unen fuerzas en reforestaci\u00f3n por un futuro Quer\u00e9taro sostenible | Nexo Informativo Santiago de Quer\u00e9taro","og_description":"SEDESU y ciudadanos unen fuerzas en reforestaci\u00f3n por un futuro Quer\u00e9taro sostenible","og_url":"https:\/\/www.nexoinformativo.mx\/index.php\/2025\/06\/22\/sedesu-y-ciudadanos-unen-fuerzas-en-reforestacion-por-un-futuro-queretaro-sostenible\/","og_site_name":"Nexo Informativo Santiago de Quer\u00e9taro","article_publisher":"https:\/\/www.facebook.com\/people\/Nexo-Informativo\/61564066885511\/","article_published_time":"2025-06-22T22:00:34+00:00","article_modified_time":"2025-06-23T04:26:21+00:00","og_image":[{"width":800,"height":450,"url":"https:\/\/www.nexoinformativo.mx\/wp-content\/uploads\/2025\/06\/PHOTO-2025-06-22-21-31-34-e1750652724216.jpg","type":"image\/jpeg"}],"author":"Nexo Informativo","twitter_card":"summary_large_image","twitter_misc":{"Escrito por":"Nexo Informativo","Tiempo de lectura":"2 minutos"},"schema":{"@context":"https:\/\/schema.org","@graph":[{"@type":"Article","@id":"https:\/\/www.nexoinformativo.mx\/index.php\/2025\/06\/22\/sedesu-y-ciudadanos-unen-fuerzas-en-reforestacion-por-un-futuro-queretaro-sostenible\/#article","isPartOf":{"@id":"https:\/\/www.nexoinformativo.mx\/index.php\/2025\/06\/22\/sedesu-y-ciudadanos-unen-fuerzas-en-reforestacion-por-un-futuro-queretaro-sostenible\/"},"author":{"name":"Nexo Informativo","@id":"https:\/\/www.nexoinformativo.mx\/#\/schema\/person\/7749d380ba08c8ca00d7bc76fd907b7d"},"headline":"SEDESU y ciudadanos unen fuerzas en reforestaci\u00f3n por un futuro Quer\u00e9taro sostenible","datePublished":"2025-06-22T22:00:34+00:00","dateModified":"2025-06-23T04:26:21+00:00","mainEntityOfPage":{"@id":"https:\/\/www.nexoinformativo.mx\/index.php\/2025\/06\/22\/sedesu-y-ciudadanos-unen-fuerzas-en-reforestacion-por-un-futuro-queretaro-sostenible\/"},"wordCount":280,"commentCount":0,"publisher":{"@id":"https:\/\/www.nexoinformativo.mx\/#organization"},"image":{"@id":"https:\/\/www.nexoinformativo.mx\/index.php\/2025\/06\/22\/sedesu-y-ciudadanos-unen-fuerzas-en-reforestacion-por-un-futuro-queretaro-sostenible\/#primaryimage"},"thumbnailUrl":"https:\/\/www.nexoinformativo.mx\/wp-content\/uploads\/2025\/06\/PHOTO-2025-06-22-21-31-34-e1750652724216.jpg","keywords":["MedioAmbiente","Quer\u00e9taroSustentable","Reforestaci\u00f3nQRO","SEDESU"],"articleSection":["Municipios","\u00daltima Hora"],"inLanguage":"es","potentialAction":[{"@type":"CommentAction","name":"Comment","target":["https:\/\/www.nexoinformativo.mx\/index.php\/2025\/06\/22\/sedesu-y-ciudadanos-unen-fuerzas-en-reforestacion-por-un-futuro-queretaro-sostenible\/#respond"]}]},{"@type":"WebPage","@id":"https:\/\/www.nexoinformativo.mx\/index.php\/2025\/06\/22\/sedesu-y-ciudadanos-unen-fuerzas-en-reforestacion-por-un-futuro-queretaro-sostenible\/","url":"https:\/\/www.nexoinformativo.mx\/index.php\/2025\/06\/22\/sedesu-y-ciudadanos-unen-fuerzas-en-reforestacion-por-un-futuro-queretaro-sostenible\/","name":"SEDESU y ciudadanos unen fuerzas en reforestaci\u00f3n por un futuro Quer\u00e9taro sostenible | Nexo Informativo Santiago de Quer\u00e9taro","isPartOf":{"@id":"https:\/\/www.nexoinformativo.mx\/#website"},"primaryImageOfPage":{"@id":"https:\/\/www.nexoinformativo.mx\/index.php\/2025\/06\/22\/sedesu-y-ciudadanos-unen-fuerzas-en-reforestacion-por-un-futuro-queretaro-sostenible\/#primaryimage"},"image":{"@id":"https:\/\/www.nexoinformativo.mx\/index.php\/2025\/06\/22\/sedesu-y-ciudadanos-unen-fuerzas-en-reforestacion-por-un-futuro-queretaro-sostenible\/#primaryimage"},"thumbnailUrl":"https:\/\/www.nexoinformativo.mx\/wp-content\/uploads\/2025\/06\/PHOTO-2025-06-22-21-31-34-e1750652724216.jpg","datePublished":"2025-06-22T22:00:34+00:00","dateModified":"2025-06-23T04:26:21+00:00","description":"SEDESU y ciudadanos unen fuerzas en reforestaci\u00f3n por un futuro Quer\u00e9taro sostenible","breadcrumb":{"@id":"https:\/\/www.nexoinformativo.mx\/index.php\/2025\/06\/22\/sedesu-y-ciudadanos-unen-fuerzas-en-reforestacion-por-un-futuro-queretaro-sostenible\/#breadcrumb"},"inLanguage":"es","potentialAction":[{"@type":"ReadAction","target":["https:\/\/www.nexoinformativo.mx\/index.php\/2025\/06\/22\/sedesu-y-ciudadanos-unen-fuerzas-en-reforestacion-por-un-futuro-queretaro-sostenible\/"]}]},{"@type":"ImageObject","inLanguage":"es","@id":"https:\/\/www.nexoinformativo.mx\/index.php\/2025\/06\/22\/sedesu-y-ciudadanos-unen-fuerzas-en-reforestacion-por-un-futuro-queretaro-sostenible\/#primaryimage","url":"https:\/\/www.nexoinformativo.mx\/wp-content\/uploads\/2025\/06\/PHOTO-2025-06-22-21-31-34-e1750652724216.jpg","contentUrl":"https:\/\/www.nexoinformativo.mx\/wp-content\/uploads\/2025\/06\/PHOTO-2025-06-22-21-31-34-e1750652724216.jpg","width":800,"height":450},{"@type":"BreadcrumbList","@id":"https:\/\/www.nexoinformativo.mx\/index.php\/2025\/06\/22\/sedesu-y-ciudadanos-unen-fuerzas-en-reforestacion-por-un-futuro-queretaro-sostenible\/#breadcrumb","itemListElement":[{"@type":"ListItem","position":1,"name":"Inicio","item":"https:\/\/www.nexoinformativo.mx\/"},{"@type":"ListItem","position":2,"name":"SEDESU y ciudadanos unen fuerzas en reforestaci\u00f3n por un futuro Quer\u00e9taro sostenible"}]},{"@type":"WebSite","@id":"https:\/\/www.nexoinformativo.mx\/#website","url":"https:\/\/www.nexoinformativo.mx\/","name":"Nexo Informativo Santiago de Quer\u00e9taro","description":"Explora NexoInformativo y convi\u00e9rtete en parte de una comunidad que valora el conocimiento y la verdad. Tu nexoinformativo es tu puente hacia una comprensi\u00f3n m\u00e1s profunda del mundo que te rodea.","publisher":{"@id":"https:\/\/www.nexoinformativo.mx\/#organization"},"potentialAction":[{"@type":"SearchAction","target":{"@type":"EntryPoint","urlTemplate":"https:\/\/www.nexoinformativo.mx\/?s={search_term_string}"},"query-input":{"@type":"PropertyValueSpecification","valueRequired":true,"valueName":"search_term_string"}}],"inLanguage":"es"},{"@type":"Organization","@id":"https:\/\/www.nexoinformativo.mx\/#organization","name":"Nexo Informativo Santiago de Quer\u00e9taro","url":"https:\/\/www.nexoinformativo.mx\/","logo":{"@type":"ImageObject","inLanguage":"es","@id":"https:\/\/www.nexoinformativo.mx\/#\/schema\/logo\/image\/","url":"https:\/\/www.nexoinformativo.mx\/wp-content\/uploads\/2024\/07\/nexoi-trasparente-2.png","contentUrl":"https:\/\/www.nexoinformativo.mx\/wp-content\/uploads\/2024\/07\/nexoi-trasparente-2.png","width":816,"height":339,"caption":"Nexo Informativo Santiago de Quer\u00e9taro"},"image":{"@id":"https:\/\/www.nexoinformativo.mx\/#\/schema\/logo\/image\/"},"sameAs":["https:\/\/www.facebook.com\/people\/Nexo-Informativo\/61564066885511\/"]},{"@type":"Person","@id":"https:\/\/www.nexoinformativo.mx\/#\/schema\/person\/7749d380ba08c8ca00d7bc76fd907b7d","name":"Nexo Informativo","image":{"@type":"ImageObject","inLanguage":"es","@id":"https:\/\/www.nexoinformativo.mx\/#\/schema\/person\/image\/","url":"https:\/\/secure.gravatar.com\/avatar\/dde2928154642a13d95f87ddf1ea9718fe2b46760a005c53e41ff5ad610704e6?s=96&d=mm&r=g","contentUrl":"https:\/\/secure.gravatar.com\/avatar\/dde2928154642a13d95f87ddf1ea9718fe2b46760a005c53e41ff5ad610704e6?s=96&d=mm&r=g","caption":"Nexo Informativo"},"url":"https:\/\/www.nexoinformativo.mx\/index.php\/author\/edicion\/"}]}},"_links":{"self":[{"href":"https:\/\/www.nexoinformativo.mx\/index.php\/wp-json\/wp\/v2\/posts\/16099","targetHints":{"allow":["GET"]}}],"collection":[{"href":"https:\/\/www.nexoinformativo.mx\/index.php\/wp-json\/wp\/v2\/posts"}],"about":[{"href":"https:\/\/www.nexoinformativo.mx\/index.php\/wp-json\/wp\/v2\/types\/post"}],"author":[{"embeddable":true,"href":"https:\/\/www.nexoinformativo.mx\/index.php\/wp-json\/wp\/v2\/users\/3"}],"replies":[{"embeddable":true,"href":"https:\/\/www.nexoinformativo.mx\/index.php\/wp-json\/wp\/v2\/comments?post=16099"}],"version-history":[{"count":3,"href":"https:\/\/www.nexoinformativo.mx\/index.php\/wp-json\/wp\/v2\/posts\/16099\/revisions"}],"predecessor-version":[{"id":16103,"href":"https:\/\/www.nexoinformativo.mx\/index.php\/wp-json\/wp\/v2\/posts\/16099\/revisions\/16103"}],"wp:featuredmedia":[{"embeddable":true,"href":"https:\/\/www.nexoinformativo.mx\/index.php\/wp-json\/wp\/v2\/media\/16100"}],"wp:attachment":[{"href":"https:\/\/www.nexoinformativo.mx\/index.php\/wp-json\/wp\/v2\/media?parent=16099"}],"wp:term":[{"taxonomy":"category","embeddable":true,"href":"https:\/\/www.nexoinformativo.mx\/index.php\/wp-json\/wp\/v2\/categories?post=16099"},{"taxonomy":"post_tag","embeddable":true,"href":"https:\/\/www.nexoinformativo.mx\/index.php\/wp-json\/wp\/v2\/tags?post=16099"}],"curies":[{"name":"wp","href":"https:\/\/api.w.org\/{rel}","templated":true}]}}