{"id":16104,"date":"2025-06-22T17:00:08","date_gmt":"2025-06-22T23:00:08","guid":{"rendered":"https:\/\/www.nexoinformativo.mx\/?p=16104"},"modified":"2025-06-22T22:35:16","modified_gmt":"2025-06-23T04:35:16","slug":"bienestar-infantil-en-queretaro-sedesoq-lleva-apoyo-contigo-y-tu-bebe-a-madres-de-la-sierra","status":"publish","type":"post","link":"https:\/\/www.nexoinformativo.mx\/index.php\/2025\/06\/22\/bienestar-infantil-en-queretaro-sedesoq-lleva-apoyo-contigo-y-tu-bebe-a-madres-de-la-sierra\/","title":{"rendered":"Bienestar infantil en Quer\u00e9taro SEDESOQ lleva apoyo &#8220;Contigo y tu beb\u00e9&#8221; a madres de la Sierra"},"content":{"rendered":"<p style=\"text-align: justify;\" data-sourcepos=\"5:1-5:433\">Con el objetivo de fortalecer el apoyo a las familias desde los primeros d\u00edas de vida de sus hijos, el secretario de Desarrollo Social del Estado (SEDESOQ), Luis Nava, encabez\u00f3 la entrega de canastas del programa &#8220;Contigo y tu beb\u00e9&#8221;.<\/p>\n<p>&nbsp;<\/p>\n<p style=\"text-align: justify;\" data-sourcepos=\"5:1-5:433\">Las entregas se realizaron en los municipios de Ezequiel Montes, Tolim\u00e1n, Pe\u00f1amiller y Pinal de Amoles, abarcando las zonas de la Sierra y el Semidesierto queretano.<\/p>\n<p>&nbsp;<\/p>\n<p style=\"text-align: justify;\" data-sourcepos=\"7:1-7:249\">Durante su visita, Luis Nava entreg\u00f3 canastas alimentarias y productos de higiene materno-infantil a las madres beneficiarias del programa. Este apoyo est\u00e1 dirigido a beb\u00e9s nacidos en 2025 y se extiende durante sus primeros mil d\u00edas de vida.<\/p>\n<p>&nbsp;<\/p>\n<p style=\"text-align: justify;\" data-sourcepos=\"9:1-9:283\">\u201cQueremos apoyar la econom\u00eda de las familias, adem\u00e1s de la nutrici\u00f3n que va a tener tu beb\u00e9 a trav\u00e9s tuyo, a trav\u00e9s de la lactancia materna; lo m\u00e1s importante que se puede tener es la mejor lactancia materna posible, que le des por todo el tiempo que se pueda\u201d, afirm\u00f3 el secretario.<\/p>\n<p>&nbsp;<\/p>\n<p style=\"text-align: justify;\" data-sourcepos=\"11:1-11:375\">El programa &#8220;Contigo y tu beb\u00e9&#8221; contempla entregas mensuales en los 18 municipios del estado, priorizando aquellas comunidades que presentan un mayor rezago social. Las canastas no solo incluyen alimentos nutritivos, sino tambi\u00e9n productos esenciales para la higiene del beb\u00e9 y la madre, formando parte de una estrategia integral para el desarrollo infantil temprano.<\/p>\n<p>&nbsp;<\/p>\n<p style=\"text-align: justify;\" data-sourcepos=\"13:1-13:247\">Con estas acciones, el Gobierno del Estado de Quer\u00e9taro reafirma su compromiso de construir un Quer\u00e9taro m\u00e1s equitativo, donde todas las ni\u00f1as y ni\u00f1os tengan acceso a una vida sana y a las mejores condiciones desde sus primeros d\u00edas de existencia.<\/p>\n<p>&nbsp;<\/p>\n<p style=\"text-align: center;\" data-sourcepos=\"13:1-13:247\"><em><strong>\u00a1Informaci\u00f3n que transforma!<\/strong><\/em><\/p>\n","protected":false},"excerpt":{"rendered":"<p>Con el objetivo de fortalecer el apoyo a las familias desde los primeros d\u00edas de vida de sus hijos, el secretario de Desarrollo Social del Estado (SEDESOQ), Luis Nava, encabez\u00f3 la entrega de canastas del programa &#8220;Contigo y tu beb\u00e9&#8221;.<\/p>\n","protected":false},"author":3,"featured_media":16105,"comment_status":"open","ping_status":"open","sticky":false,"template":"","format":"standard","meta":{"footnotes":""},"categories":[65,58],"tags":[4841,3398,4842,2131],"class_list":["post-16104","post","type-post","status-publish","format-standard","has-post-thumbnail","hentry","category-municipios","category-ultima-hora","tag-contigoytubebe","tag-desarrolloinfantil","tag-queretaroapoya","tag-sedesoq"],"yoast_head":"<!-- This site is optimized with the Yoast SEO plugin v25.0 - https:\/\/yoast.com\/wordpress\/plugins\/seo\/ -->\n<title>Bienestar infantil en Quer\u00e9taro SEDESOQ lleva apoyo &quot;Contigo y tu beb\u00e9&quot; a madres de la Sierra | Nexo Informativo Santiago de Quer\u00e9taro<\/title>\n<meta name=\"description\" content=\"Bienestar infantil en Quer\u00e9taro SEDESOQ lleva apoyo &quot;Contigo y tu beb\u00e9&quot; a madres de la Sierra\" \/>\n<meta name=\"robots\" content=\"index, follow, max-snippet:-1, max-image-preview:large, max-video-preview:-1\" \/>\n<link rel=\"canonical\" href=\"https:\/\/www.nexoinformativo.mx\/index.php\/2025\/06\/22\/bienestar-infantil-en-queretaro-sedesoq-lleva-apoyo-contigo-y-tu-bebe-a-madres-de-la-sierra\/\" \/>\n<meta property=\"og:locale\" content=\"es_MX\" \/>\n<meta property=\"og:type\" content=\"article\" \/>\n<meta property=\"og:title\" content=\"Bienestar infantil en Quer\u00e9taro SEDESOQ lleva apoyo &quot;Contigo y tu beb\u00e9&quot; a madres de la Sierra | Nexo Informativo Santiago de Quer\u00e9taro\" \/>\n<meta property=\"og:description\" content=\"Bienestar infantil en Quer\u00e9taro SEDESOQ lleva apoyo &quot;Contigo y tu beb\u00e9&quot; a madres de la Sierra\" \/>\n<meta property=\"og:url\" content=\"https:\/\/www.nexoinformativo.mx\/index.php\/2025\/06\/22\/bienestar-infantil-en-queretaro-sedesoq-lleva-apoyo-contigo-y-tu-bebe-a-madres-de-la-sierra\/\" \/>\n<meta property=\"og:site_name\" content=\"Nexo Informativo Santiago de Quer\u00e9taro\" \/>\n<meta property=\"article:publisher\" content=\"https:\/\/www.facebook.com\/people\/Nexo-Informativo\/61564066885511\/\" \/>\n<meta property=\"article:published_time\" content=\"2025-06-22T23:00:08+00:00\" \/>\n<meta property=\"article:modified_time\" content=\"2025-06-23T04:35:16+00:00\" \/>\n<meta property=\"og:image\" content=\"https:\/\/www.nexoinformativo.mx\/wp-content\/uploads\/2025\/06\/PHOTO-2025-06-22-21-51-55-e1750653196113.jpg\" \/>\n\t<meta property=\"og:image:width\" content=\"800\" \/>\n\t<meta property=\"og:image:height\" content=\"534\" \/>\n\t<meta property=\"og:image:type\" content=\"image\/jpeg\" \/>\n<meta name=\"author\" content=\"Nexo Informativo\" \/>\n<meta name=\"twitter:card\" content=\"summary_large_image\" \/>\n<meta name=\"twitter:label1\" content=\"Escrito por\" \/>\n\t<meta name=\"twitter:data1\" content=\"Nexo Informativo\" \/>\n\t<meta name=\"twitter:label2\" content=\"Tiempo de lectura\" \/>\n\t<meta name=\"twitter:data2\" content=\"2 minutos\" \/>\n<script type=\"application\/ld+json\" class=\"yoast-schema-graph\">{\"@context\":\"https:\/\/schema.org\",\"@graph\":[{\"@type\":\"Article\",\"@id\":\"https:\/\/www.nexoinformativo.mx\/index.php\/2025\/06\/22\/bienestar-infantil-en-queretaro-sedesoq-lleva-apoyo-contigo-y-tu-bebe-a-madres-de-la-sierra\/#article\",\"isPartOf\":{\"@id\":\"https:\/\/www.nexoinformativo.mx\/index.php\/2025\/06\/22\/bienestar-infantil-en-queretaro-sedesoq-lleva-apoyo-contigo-y-tu-bebe-a-madres-de-la-sierra\/\"},\"author\":{\"name\":\"Nexo Informativo\",\"@id\":\"https:\/\/www.nexoinformativo.mx\/#\/schema\/person\/7749d380ba08c8ca00d7bc76fd907b7d\"},\"headline\":\"Bienestar infantil en Quer\u00e9taro SEDESOQ lleva apoyo &#8220;Contigo y tu beb\u00e9&#8221; a madres de la Sierra\",\"datePublished\":\"2025-06-22T23:00:08+00:00\",\"dateModified\":\"2025-06-23T04:35:16+00:00\",\"mainEntityOfPage\":{\"@id\":\"https:\/\/www.nexoinformativo.mx\/index.php\/2025\/06\/22\/bienestar-infantil-en-queretaro-sedesoq-lleva-apoyo-contigo-y-tu-bebe-a-madres-de-la-sierra\/\"},\"wordCount\":294,\"commentCount\":0,\"publisher\":{\"@id\":\"https:\/\/www.nexoinformativo.mx\/#organization\"},\"image\":{\"@id\":\"https:\/\/www.nexoinformativo.mx\/index.php\/2025\/06\/22\/bienestar-infantil-en-queretaro-sedesoq-lleva-apoyo-contigo-y-tu-bebe-a-madres-de-la-sierra\/#primaryimage\"},\"thumbnailUrl\":\"https:\/\/www.nexoinformativo.mx\/wp-content\/uploads\/2025\/06\/PHOTO-2025-06-22-21-51-55-e1750653196113.jpg\",\"keywords\":[\"ContigoYTuBeb\u00e9\",\"DesarrolloInfantil\",\"Quer\u00e9taroApoya\",\"SEDESOQ\"],\"articleSection\":[\"Municipios\",\"\u00daltima Hora\"],\"inLanguage\":\"es\",\"potentialAction\":[{\"@type\":\"CommentAction\",\"name\":\"Comment\",\"target\":[\"https:\/\/www.nexoinformativo.mx\/index.php\/2025\/06\/22\/bienestar-infantil-en-queretaro-sedesoq-lleva-apoyo-contigo-y-tu-bebe-a-madres-de-la-sierra\/#respond\"]}]},{\"@type\":\"WebPage\",\"@id\":\"https:\/\/www.nexoinformativo.mx\/index.php\/2025\/06\/22\/bienestar-infantil-en-queretaro-sedesoq-lleva-apoyo-contigo-y-tu-bebe-a-madres-de-la-sierra\/\",\"url\":\"https:\/\/www.nexoinformativo.mx\/index.php\/2025\/06\/22\/bienestar-infantil-en-queretaro-sedesoq-lleva-apoyo-contigo-y-tu-bebe-a-madres-de-la-sierra\/\",\"name\":\"Bienestar infantil en Quer\u00e9taro SEDESOQ lleva apoyo \\\"Contigo y tu beb\u00e9\\\" a madres de la Sierra | Nexo Informativo Santiago de Quer\u00e9taro\",\"isPartOf\":{\"@id\":\"https:\/\/www.nexoinformativo.mx\/#website\"},\"primaryImageOfPage\":{\"@id\":\"https:\/\/www.nexoinformativo.mx\/index.php\/2025\/06\/22\/bienestar-infantil-en-queretaro-sedesoq-lleva-apoyo-contigo-y-tu-bebe-a-madres-de-la-sierra\/#primaryimage\"},\"image\":{\"@id\":\"https:\/\/www.nexoinformativo.mx\/index.php\/2025\/06\/22\/bienestar-infantil-en-queretaro-sedesoq-lleva-apoyo-contigo-y-tu-bebe-a-madres-de-la-sierra\/#primaryimage\"},\"thumbnailUrl\":\"https:\/\/www.nexoinformativo.mx\/wp-content\/uploads\/2025\/06\/PHOTO-2025-06-22-21-51-55-e1750653196113.jpg\",\"datePublished\":\"2025-06-22T23:00:08+00:00\",\"dateModified\":\"2025-06-23T04:35:16+00:00\",\"description\":\"Bienestar infantil en Quer\u00e9taro SEDESOQ lleva apoyo \\\"Contigo y tu beb\u00e9\\\" a madres de la Sierra\",\"breadcrumb\":{\"@id\":\"https:\/\/www.nexoinformativo.mx\/index.php\/2025\/06\/22\/bienestar-infantil-en-queretaro-sedesoq-lleva-apoyo-contigo-y-tu-bebe-a-madres-de-la-sierra\/#breadcrumb\"},\"inLanguage\":\"es\",\"potentialAction\":[{\"@type\":\"ReadAction\",\"target\":[\"https:\/\/www.nexoinformativo.mx\/index.php\/2025\/06\/22\/bienestar-infantil-en-queretaro-sedesoq-lleva-apoyo-contigo-y-tu-bebe-a-madres-de-la-sierra\/\"]}]},{\"@type\":\"ImageObject\",\"inLanguage\":\"es\",\"@id\":\"https:\/\/www.nexoinformativo.mx\/index.php\/2025\/06\/22\/bienestar-infantil-en-queretaro-sedesoq-lleva-apoyo-contigo-y-tu-bebe-a-madres-de-la-sierra\/#primaryimage\",\"url\":\"https:\/\/www.nexoinformativo.mx\/wp-content\/uploads\/2025\/06\/PHOTO-2025-06-22-21-51-55-e1750653196113.jpg\",\"contentUrl\":\"https:\/\/www.nexoinformativo.mx\/wp-content\/uploads\/2025\/06\/PHOTO-2025-06-22-21-51-55-e1750653196113.jpg\",\"width\":800,\"height\":534},{\"@type\":\"BreadcrumbList\",\"@id\":\"https:\/\/www.nexoinformativo.mx\/index.php\/2025\/06\/22\/bienestar-infantil-en-queretaro-sedesoq-lleva-apoyo-contigo-y-tu-bebe-a-madres-de-la-sierra\/#breadcrumb\",\"itemListElement\":[{\"@type\":\"ListItem\",\"position\":1,\"name\":\"Inicio\",\"item\":\"https:\/\/www.nexoinformativo.mx\/\"},{\"@type\":\"ListItem\",\"position\":2,\"name\":\"Bienestar infantil en Quer\u00e9taro SEDESOQ lleva apoyo &#8220;Contigo y tu beb\u00e9&#8221; a madres de la Sierra\"}]},{\"@type\":\"WebSite\",\"@id\":\"https:\/\/www.nexoinformativo.mx\/#website\",\"url\":\"https:\/\/www.nexoinformativo.mx\/\",\"name\":\"Nexo Informativo Santiago de Quer\u00e9taro\",\"description\":\"Explora NexoInformativo y convi\u00e9rtete en parte de una comunidad que valora el conocimiento y la verdad. Tu nexoinformativo es tu puente hacia una comprensi\u00f3n m\u00e1s profunda del mundo que te rodea.\",\"publisher\":{\"@id\":\"https:\/\/www.nexoinformativo.mx\/#organization\"},\"potentialAction\":[{\"@type\":\"SearchAction\",\"target\":{\"@type\":\"EntryPoint\",\"urlTemplate\":\"https:\/\/www.nexoinformativo.mx\/?s={search_term_string}\"},\"query-input\":{\"@type\":\"PropertyValueSpecification\",\"valueRequired\":true,\"valueName\":\"search_term_string\"}}],\"inLanguage\":\"es\"},{\"@type\":\"Organization\",\"@id\":\"https:\/\/www.nexoinformativo.mx\/#organization\",\"name\":\"Nexo Informativo Santiago de Quer\u00e9taro\",\"url\":\"https:\/\/www.nexoinformativo.mx\/\",\"logo\":{\"@type\":\"ImageObject\",\"inLanguage\":\"es\",\"@id\":\"https:\/\/www.nexoinformativo.mx\/#\/schema\/logo\/image\/\",\"url\":\"https:\/\/www.nexoinformativo.mx\/wp-content\/uploads\/2024\/07\/nexoi-trasparente-2.png\",\"contentUrl\":\"https:\/\/www.nexoinformativo.mx\/wp-content\/uploads\/2024\/07\/nexoi-trasparente-2.png\",\"width\":816,\"height\":339,\"caption\":\"Nexo Informativo Santiago de Quer\u00e9taro\"},\"image\":{\"@id\":\"https:\/\/www.nexoinformativo.mx\/#\/schema\/logo\/image\/\"},\"sameAs\":[\"https:\/\/www.facebook.com\/people\/Nexo-Informativo\/61564066885511\/\"]},{\"@type\":\"Person\",\"@id\":\"https:\/\/www.nexoinformativo.mx\/#\/schema\/person\/7749d380ba08c8ca00d7bc76fd907b7d\",\"name\":\"Nexo Informativo\",\"image\":{\"@type\":\"ImageObject\",\"inLanguage\":\"es\",\"@id\":\"https:\/\/www.nexoinformativo.mx\/#\/schema\/person\/image\/\",\"url\":\"https:\/\/secure.gravatar.com\/avatar\/dde2928154642a13d95f87ddf1ea9718fe2b46760a005c53e41ff5ad610704e6?s=96&d=mm&r=g\",\"contentUrl\":\"https:\/\/secure.gravatar.com\/avatar\/dde2928154642a13d95f87ddf1ea9718fe2b46760a005c53e41ff5ad610704e6?s=96&d=mm&r=g\",\"caption\":\"Nexo Informativo\"},\"url\":\"https:\/\/www.nexoinformativo.mx\/index.php\/author\/edicion\/\"}]}<\/script>\n<!-- \/ Yoast SEO plugin. -->","yoast_head_json":{"title":"Bienestar infantil en Quer\u00e9taro SEDESOQ lleva apoyo \"Contigo y tu beb\u00e9\" a madres de la Sierra | Nexo Informativo Santiago de Quer\u00e9taro","description":"Bienestar infantil en Quer\u00e9taro SEDESOQ lleva apoyo \"Contigo y tu beb\u00e9\" a madres de la Sierra","robots":{"index":"index","follow":"follow","max-snippet":"max-snippet:-1","max-image-preview":"max-image-preview:large","max-video-preview":"max-video-preview:-1"},"canonical":"https:\/\/www.nexoinformativo.mx\/index.php\/2025\/06\/22\/bienestar-infantil-en-queretaro-sedesoq-lleva-apoyo-contigo-y-tu-bebe-a-madres-de-la-sierra\/","og_locale":"es_MX","og_type":"article","og_title":"Bienestar infantil en Quer\u00e9taro SEDESOQ lleva apoyo \"Contigo y tu beb\u00e9\" a madres de la Sierra | Nexo Informativo Santiago de Quer\u00e9taro","og_description":"Bienestar infantil en Quer\u00e9taro SEDESOQ lleva apoyo \"Contigo y tu beb\u00e9\" a madres de la Sierra","og_url":"https:\/\/www.nexoinformativo.mx\/index.php\/2025\/06\/22\/bienestar-infantil-en-queretaro-sedesoq-lleva-apoyo-contigo-y-tu-bebe-a-madres-de-la-sierra\/","og_site_name":"Nexo Informativo Santiago de Quer\u00e9taro","article_publisher":"https:\/\/www.facebook.com\/people\/Nexo-Informativo\/61564066885511\/","article_published_time":"2025-06-22T23:00:08+00:00","article_modified_time":"2025-06-23T04:35:16+00:00","og_image":[{"width":800,"height":534,"url":"https:\/\/www.nexoinformativo.mx\/wp-content\/uploads\/2025\/06\/PHOTO-2025-06-22-21-51-55-e1750653196113.jpg","type":"image\/jpeg"}],"author":"Nexo Informativo","twitter_card":"summary_large_image","twitter_misc":{"Escrito por":"Nexo Informativo","Tiempo de lectura":"2 minutos"},"schema":{"@context":"https:\/\/schema.org","@graph":[{"@type":"Article","@id":"https:\/\/www.nexoinformativo.mx\/index.php\/2025\/06\/22\/bienestar-infantil-en-queretaro-sedesoq-lleva-apoyo-contigo-y-tu-bebe-a-madres-de-la-sierra\/#article","isPartOf":{"@id":"https:\/\/www.nexoinformativo.mx\/index.php\/2025\/06\/22\/bienestar-infantil-en-queretaro-sedesoq-lleva-apoyo-contigo-y-tu-bebe-a-madres-de-la-sierra\/"},"author":{"name":"Nexo Informativo","@id":"https:\/\/www.nexoinformativo.mx\/#\/schema\/person\/7749d380ba08c8ca00d7bc76fd907b7d"},"headline":"Bienestar infantil en Quer\u00e9taro SEDESOQ lleva apoyo &#8220;Contigo y tu beb\u00e9&#8221; a madres de la Sierra","datePublished":"2025-06-22T23:00:08+00:00","dateModified":"2025-06-23T04:35:16+00:00","mainEntityOfPage":{"@id":"https:\/\/www.nexoinformativo.mx\/index.php\/2025\/06\/22\/bienestar-infantil-en-queretaro-sedesoq-lleva-apoyo-contigo-y-tu-bebe-a-madres-de-la-sierra\/"},"wordCount":294,"commentCount":0,"publisher":{"@id":"https:\/\/www.nexoinformativo.mx\/#organization"},"image":{"@id":"https:\/\/www.nexoinformativo.mx\/index.php\/2025\/06\/22\/bienestar-infantil-en-queretaro-sedesoq-lleva-apoyo-contigo-y-tu-bebe-a-madres-de-la-sierra\/#primaryimage"},"thumbnailUrl":"https:\/\/www.nexoinformativo.mx\/wp-content\/uploads\/2025\/06\/PHOTO-2025-06-22-21-51-55-e1750653196113.jpg","keywords":["ContigoYTuBeb\u00e9","DesarrolloInfantil","Quer\u00e9taroApoya","SEDESOQ"],"articleSection":["Municipios","\u00daltima Hora"],"inLanguage":"es","potentialAction":[{"@type":"CommentAction","name":"Comment","target":["https:\/\/www.nexoinformativo.mx\/index.php\/2025\/06\/22\/bienestar-infantil-en-queretaro-sedesoq-lleva-apoyo-contigo-y-tu-bebe-a-madres-de-la-sierra\/#respond"]}]},{"@type":"WebPage","@id":"https:\/\/www.nexoinformativo.mx\/index.php\/2025\/06\/22\/bienestar-infantil-en-queretaro-sedesoq-lleva-apoyo-contigo-y-tu-bebe-a-madres-de-la-sierra\/","url":"https:\/\/www.nexoinformativo.mx\/index.php\/2025\/06\/22\/bienestar-infantil-en-queretaro-sedesoq-lleva-apoyo-contigo-y-tu-bebe-a-madres-de-la-sierra\/","name":"Bienestar infantil en Quer\u00e9taro SEDESOQ lleva apoyo \"Contigo y tu beb\u00e9\" a madres de la Sierra | Nexo Informativo Santiago de Quer\u00e9taro","isPartOf":{"@id":"https:\/\/www.nexoinformativo.mx\/#website"},"primaryImageOfPage":{"@id":"https:\/\/www.nexoinformativo.mx\/index.php\/2025\/06\/22\/bienestar-infantil-en-queretaro-sedesoq-lleva-apoyo-contigo-y-tu-bebe-a-madres-de-la-sierra\/#primaryimage"},"image":{"@id":"https:\/\/www.nexoinformativo.mx\/index.php\/2025\/06\/22\/bienestar-infantil-en-queretaro-sedesoq-lleva-apoyo-contigo-y-tu-bebe-a-madres-de-la-sierra\/#primaryimage"},"thumbnailUrl":"https:\/\/www.nexoinformativo.mx\/wp-content\/uploads\/2025\/06\/PHOTO-2025-06-22-21-51-55-e1750653196113.jpg","datePublished":"2025-06-22T23:00:08+00:00","dateModified":"2025-06-23T04:35:16+00:00","description":"Bienestar infantil en Quer\u00e9taro SEDESOQ lleva apoyo \"Contigo y tu beb\u00e9\" a madres de la Sierra","breadcrumb":{"@id":"https:\/\/www.nexoinformativo.mx\/index.php\/2025\/06\/22\/bienestar-infantil-en-queretaro-sedesoq-lleva-apoyo-contigo-y-tu-bebe-a-madres-de-la-sierra\/#breadcrumb"},"inLanguage":"es","potentialAction":[{"@type":"ReadAction","target":["https:\/\/www.nexoinformativo.mx\/index.php\/2025\/06\/22\/bienestar-infantil-en-queretaro-sedesoq-lleva-apoyo-contigo-y-tu-bebe-a-madres-de-la-sierra\/"]}]},{"@type":"ImageObject","inLanguage":"es","@id":"https:\/\/www.nexoinformativo.mx\/index.php\/2025\/06\/22\/bienestar-infantil-en-queretaro-sedesoq-lleva-apoyo-contigo-y-tu-bebe-a-madres-de-la-sierra\/#primaryimage","url":"https:\/\/www.nexoinformativo.mx\/wp-content\/uploads\/2025\/06\/PHOTO-2025-06-22-21-51-55-e1750653196113.jpg","contentUrl":"https:\/\/www.nexoinformativo.mx\/wp-content\/uploads\/2025\/06\/PHOTO-2025-06-22-21-51-55-e1750653196113.jpg","width":800,"height":534},{"@type":"BreadcrumbList","@id":"https:\/\/www.nexoinformativo.mx\/index.php\/2025\/06\/22\/bienestar-infantil-en-queretaro-sedesoq-lleva-apoyo-contigo-y-tu-bebe-a-madres-de-la-sierra\/#breadcrumb","itemListElement":[{"@type":"ListItem","position":1,"name":"Inicio","item":"https:\/\/www.nexoinformativo.mx\/"},{"@type":"ListItem","position":2,"name":"Bienestar infantil en Quer\u00e9taro SEDESOQ lleva apoyo &#8220;Contigo y tu beb\u00e9&#8221; a madres de la Sierra"}]},{"@type":"WebSite","@id":"https:\/\/www.nexoinformativo.mx\/#website","url":"https:\/\/www.nexoinformativo.mx\/","name":"Nexo Informativo Santiago de Quer\u00e9taro","description":"Explora NexoInformativo y convi\u00e9rtete en parte de una comunidad que valora el conocimiento y la verdad. Tu nexoinformativo es tu puente hacia una comprensi\u00f3n m\u00e1s profunda del mundo que te rodea.","publisher":{"@id":"https:\/\/www.nexoinformativo.mx\/#organization"},"potentialAction":[{"@type":"SearchAction","target":{"@type":"EntryPoint","urlTemplate":"https:\/\/www.nexoinformativo.mx\/?s={search_term_string}"},"query-input":{"@type":"PropertyValueSpecification","valueRequired":true,"valueName":"search_term_string"}}],"inLanguage":"es"},{"@type":"Organization","@id":"https:\/\/www.nexoinformativo.mx\/#organization","name":"Nexo Informativo Santiago de Quer\u00e9taro","url":"https:\/\/www.nexoinformativo.mx\/","logo":{"@type":"ImageObject","inLanguage":"es","@id":"https:\/\/www.nexoinformativo.mx\/#\/schema\/logo\/image\/","url":"https:\/\/www.nexoinformativo.mx\/wp-content\/uploads\/2024\/07\/nexoi-trasparente-2.png","contentUrl":"https:\/\/www.nexoinformativo.mx\/wp-content\/uploads\/2024\/07\/nexoi-trasparente-2.png","width":816,"height":339,"caption":"Nexo Informativo Santiago de Quer\u00e9taro"},"image":{"@id":"https:\/\/www.nexoinformativo.mx\/#\/schema\/logo\/image\/"},"sameAs":["https:\/\/www.facebook.com\/people\/Nexo-Informativo\/61564066885511\/"]},{"@type":"Person","@id":"https:\/\/www.nexoinformativo.mx\/#\/schema\/person\/7749d380ba08c8ca00d7bc76fd907b7d","name":"Nexo Informativo","image":{"@type":"ImageObject","inLanguage":"es","@id":"https:\/\/www.nexoinformativo.mx\/#\/schema\/person\/image\/","url":"https:\/\/secure.gravatar.com\/avatar\/dde2928154642a13d95f87ddf1ea9718fe2b46760a005c53e41ff5ad610704e6?s=96&d=mm&r=g","contentUrl":"https:\/\/secure.gravatar.com\/avatar\/dde2928154642a13d95f87ddf1ea9718fe2b46760a005c53e41ff5ad610704e6?s=96&d=mm&r=g","caption":"Nexo Informativo"},"url":"https:\/\/www.nexoinformativo.mx\/index.php\/author\/edicion\/"}]}},"_links":{"self":[{"href":"https:\/\/www.nexoinformativo.mx\/index.php\/wp-json\/wp\/v2\/posts\/16104","targetHints":{"allow":["GET"]}}],"collection":[{"href":"https:\/\/www.nexoinformativo.mx\/index.php\/wp-json\/wp\/v2\/posts"}],"about":[{"href":"https:\/\/www.nexoinformativo.mx\/index.php\/wp-json\/wp\/v2\/types\/post"}],"author":[{"embeddable":true,"href":"https:\/\/www.nexoinformativo.mx\/index.php\/wp-json\/wp\/v2\/users\/3"}],"replies":[{"embeddable":true,"href":"https:\/\/www.nexoinformativo.mx\/index.php\/wp-json\/wp\/v2\/comments?post=16104"}],"version-history":[{"count":4,"href":"https:\/\/www.nexoinformativo.mx\/index.php\/wp-json\/wp\/v2\/posts\/16104\/revisions"}],"predecessor-version":[{"id":16109,"href":"https:\/\/www.nexoinformativo.mx\/index.php\/wp-json\/wp\/v2\/posts\/16104\/revisions\/16109"}],"wp:featuredmedia":[{"embeddable":true,"href":"https:\/\/www.nexoinformativo.mx\/index.php\/wp-json\/wp\/v2\/media\/16105"}],"wp:attachment":[{"href":"https:\/\/www.nexoinformativo.mx\/index.php\/wp-json\/wp\/v2\/media?parent=16104"}],"wp:term":[{"taxonomy":"category","embeddable":true,"href":"https:\/\/www.nexoinformativo.mx\/index.php\/wp-json\/wp\/v2\/categories?post=16104"},{"taxonomy":"post_tag","embeddable":true,"href":"https:\/\/www.nexoinformativo.mx\/index.php\/wp-json\/wp\/v2\/tags?post=16104"}],"curies":[{"name":"wp","href":"https:\/\/api.w.org\/{rel}","templated":true}]}}