{"id":16111,"date":"2025-06-24T10:00:00","date_gmt":"2025-06-24T16:00:00","guid":{"rendered":"https:\/\/www.nexoinformativo.mx\/?p=16111"},"modified":"2025-06-24T15:55:14","modified_gmt":"2025-06-24T21:55:14","slug":"zona-militar-en-queretaro-podria-reubicarse-ejercito-analiza-propuesta-del-gobierno-estatal","status":"publish","type":"post","link":"https:\/\/www.nexoinformativo.mx\/index.php\/2025\/06\/24\/zona-militar-en-queretaro-podria-reubicarse-ejercito-analiza-propuesta-del-gobierno-estatal\/","title":{"rendered":"Zona Militar en Quer\u00e9taro podr\u00eda reubicarse; Ej\u00e9rcito analiza propuesta del gobierno estatal"},"content":{"rendered":"\r\n<p style=\"text-align: justify;\">El comandante de la 17\u00aa Zona Militar, Jos\u00e9 Guillermo Lira Hern\u00e1ndez, inform\u00f3 que el Ej\u00e9rcito Mexicano analiza la propuesta del Gobierno del Estado de Quer\u00e9taro para reubicar sus instalaciones, en caso de que el terreno actual sea utilizado para la construcci\u00f3n de una estaci\u00f3n del tren.<br \/><br \/>El gobernador present\u00f3 tres predios como opciones para el traslado, los cuales ya fueron revisados por personal militar. Uno de ellos se encuentra en el municipio de El Marqu\u00e9s, aunque a\u00fan no hay una decisi\u00f3n oficial.<br \/><br \/>\u201cYa los analizamos. Hay algunas propuestas, pero efectivamente se est\u00e1n estudiando todav\u00eda. Es una decisi\u00f3n que corresponde al gobierno federal\u201d, explic\u00f3 Lira Hern\u00e1ndez.<br \/><br \/>El comandante se\u00f1al\u00f3 que el cambio ser\u00eda viable, aunque implicar\u00eda un proceso complejo de ajustes y traslados. Agreg\u00f3 que el nuevo terreno deber\u00e1 tener entre 60 y 70 hect\u00e1reas para garantizar el funcionamiento adecuado de las operaciones militares.<br \/><br \/>Sobre las viviendas militares que existen en el predio actual, dijo que a\u00fan no se ha determinado si tambi\u00e9n ser\u00e1n reubicadas: \u201cEs un aspecto que todav\u00eda no est\u00e1 definido al 100%, pero si llega a ser necesario, se tomar\u00e1n las medidas correspondientes\u201d.<br \/><br \/>La decisi\u00f3n final depender\u00e1 del an\u00e1lisis t\u00e9cnico de los ingenieros militares y de la autorizaci\u00f3n del gobierno federal.<\/p>\r\n\r\n\r\n\r\n\r\n\r\n<p style=\"text-align: justify;\">\u00a0<\/p>\r\n\r\n\r\n\r\n<p class=\"has-text-align-center\" style=\"text-align: center;\">\u00a1Informaci\u00f3n que transforma!<\/p>\r\n","protected":false},"excerpt":{"rendered":"<p>El comandante de la 17\u00aa Zona Militar, Jos\u00e9 Guillermo Lira Hern\u00e1ndez, inform\u00f3 que el Ej\u00e9rcito Mexicano analiza la propuesta del Gobierno del Estado de Quer\u00e9taro para reubicar sus instalaciones, en caso de que el terreno actual sea utilizado para la construcci\u00f3n de una estaci\u00f3n del tren.<\/p>\n","protected":false},"author":3,"featured_media":16110,"comment_status":"open","ping_status":"open","sticky":false,"template":"","format":"standard","meta":{"footnotes":""},"categories":[42,58],"tags":[4843,4845,133,4844],"class_list":["post-16111","post","type-post","status-publish","format-standard","has-post-thumbnail","hentry","category-estado","category-ultima-hora","tag-ejercitomexicano","tag-estaciondeltren","tag-queretaro","tag-zonamilitar"],"yoast_head":"<!-- This site is optimized with the Yoast SEO plugin v25.0 - https:\/\/yoast.com\/wordpress\/plugins\/seo\/ -->\n<title>Zona Militar en Quer\u00e9taro podr\u00eda reubicarse; Ej\u00e9rcito analiza propuesta del gobierno estatal | Nexo Informativo Santiago de Quer\u00e9taro<\/title>\n<meta name=\"robots\" content=\"index, follow, max-snippet:-1, max-image-preview:large, max-video-preview:-1\" \/>\n<link rel=\"canonical\" href=\"https:\/\/www.nexoinformativo.mx\/index.php\/2025\/06\/24\/zona-militar-en-queretaro-podria-reubicarse-ejercito-analiza-propuesta-del-gobierno-estatal\/\" \/>\n<meta property=\"og:locale\" content=\"es_MX\" \/>\n<meta property=\"og:type\" content=\"article\" \/>\n<meta property=\"og:title\" content=\"Zona Militar en Quer\u00e9taro podr\u00eda reubicarse; Ej\u00e9rcito analiza propuesta del gobierno estatal | Nexo Informativo Santiago de Quer\u00e9taro\" \/>\n<meta property=\"og:description\" content=\"El comandante de la 17\u00aa Zona Militar, Jos\u00e9 Guillermo Lira Hern\u00e1ndez, inform\u00f3 que el Ej\u00e9rcito Mexicano analiza la propuesta del Gobierno del Estado de Quer\u00e9taro para reubicar sus instalaciones, en caso de que el terreno actual sea utilizado para la construcci\u00f3n de una estaci\u00f3n del tren.\" \/>\n<meta property=\"og:url\" content=\"https:\/\/www.nexoinformativo.mx\/index.php\/2025\/06\/24\/zona-militar-en-queretaro-podria-reubicarse-ejercito-analiza-propuesta-del-gobierno-estatal\/\" \/>\n<meta property=\"og:site_name\" content=\"Nexo Informativo Santiago de Quer\u00e9taro\" \/>\n<meta property=\"article:publisher\" content=\"https:\/\/www.facebook.com\/people\/Nexo-Informativo\/61564066885511\/\" \/>\n<meta property=\"article:published_time\" content=\"2025-06-24T16:00:00+00:00\" \/>\n<meta property=\"article:modified_time\" content=\"2025-06-24T21:55:14+00:00\" \/>\n<meta property=\"og:image\" content=\"https:\/\/www.nexoinformativo.mx\/wp-content\/uploads\/2025\/06\/IMG-20250624-WA0001-e1750802007283.jpg\" \/>\n\t<meta property=\"og:image:width\" content=\"800\" \/>\n\t<meta property=\"og:image:height\" content=\"600\" \/>\n\t<meta property=\"og:image:type\" content=\"image\/jpeg\" \/>\n<meta name=\"author\" content=\"Nexo Informativo\" \/>\n<meta name=\"twitter:card\" content=\"summary_large_image\" \/>\n<meta name=\"twitter:label1\" content=\"Escrito por\" \/>\n\t<meta name=\"twitter:data1\" content=\"Nexo Informativo\" \/>\n\t<meta name=\"twitter:label2\" content=\"Tiempo de lectura\" \/>\n\t<meta name=\"twitter:data2\" content=\"2 minutos\" \/>\n<script type=\"application\/ld+json\" class=\"yoast-schema-graph\">{\"@context\":\"https:\/\/schema.org\",\"@graph\":[{\"@type\":\"Article\",\"@id\":\"https:\/\/www.nexoinformativo.mx\/index.php\/2025\/06\/24\/zona-militar-en-queretaro-podria-reubicarse-ejercito-analiza-propuesta-del-gobierno-estatal\/#article\",\"isPartOf\":{\"@id\":\"https:\/\/www.nexoinformativo.mx\/index.php\/2025\/06\/24\/zona-militar-en-queretaro-podria-reubicarse-ejercito-analiza-propuesta-del-gobierno-estatal\/\"},\"author\":{\"name\":\"Nexo Informativo\",\"@id\":\"https:\/\/www.nexoinformativo.mx\/#\/schema\/person\/7749d380ba08c8ca00d7bc76fd907b7d\"},\"headline\":\"Zona Militar en Quer\u00e9taro podr\u00eda reubicarse; Ej\u00e9rcito analiza propuesta del gobierno estatal\",\"datePublished\":\"2025-06-24T16:00:00+00:00\",\"dateModified\":\"2025-06-24T21:55:14+00:00\",\"mainEntityOfPage\":{\"@id\":\"https:\/\/www.nexoinformativo.mx\/index.php\/2025\/06\/24\/zona-militar-en-queretaro-podria-reubicarse-ejercito-analiza-propuesta-del-gobierno-estatal\/\"},\"wordCount\":243,\"commentCount\":0,\"publisher\":{\"@id\":\"https:\/\/www.nexoinformativo.mx\/#organization\"},\"image\":{\"@id\":\"https:\/\/www.nexoinformativo.mx\/index.php\/2025\/06\/24\/zona-militar-en-queretaro-podria-reubicarse-ejercito-analiza-propuesta-del-gobierno-estatal\/#primaryimage\"},\"thumbnailUrl\":\"https:\/\/www.nexoinformativo.mx\/wp-content\/uploads\/2025\/06\/IMG-20250624-WA0001-e1750802007283.jpg\",\"keywords\":[\"Ej\u00e9rcitoMexicano\",\"Estaci\u00f3nDelTren\",\"Quer\u00e9taro\",\"ZonaMilitar\"],\"articleSection\":[\"Estado\",\"\u00daltima Hora\"],\"inLanguage\":\"es\",\"potentialAction\":[{\"@type\":\"CommentAction\",\"name\":\"Comment\",\"target\":[\"https:\/\/www.nexoinformativo.mx\/index.php\/2025\/06\/24\/zona-militar-en-queretaro-podria-reubicarse-ejercito-analiza-propuesta-del-gobierno-estatal\/#respond\"]}]},{\"@type\":\"WebPage\",\"@id\":\"https:\/\/www.nexoinformativo.mx\/index.php\/2025\/06\/24\/zona-militar-en-queretaro-podria-reubicarse-ejercito-analiza-propuesta-del-gobierno-estatal\/\",\"url\":\"https:\/\/www.nexoinformativo.mx\/index.php\/2025\/06\/24\/zona-militar-en-queretaro-podria-reubicarse-ejercito-analiza-propuesta-del-gobierno-estatal\/\",\"name\":\"Zona Militar en Quer\u00e9taro podr\u00eda reubicarse; Ej\u00e9rcito analiza propuesta del gobierno estatal | Nexo Informativo Santiago de Quer\u00e9taro\",\"isPartOf\":{\"@id\":\"https:\/\/www.nexoinformativo.mx\/#website\"},\"primaryImageOfPage\":{\"@id\":\"https:\/\/www.nexoinformativo.mx\/index.php\/2025\/06\/24\/zona-militar-en-queretaro-podria-reubicarse-ejercito-analiza-propuesta-del-gobierno-estatal\/#primaryimage\"},\"image\":{\"@id\":\"https:\/\/www.nexoinformativo.mx\/index.php\/2025\/06\/24\/zona-militar-en-queretaro-podria-reubicarse-ejercito-analiza-propuesta-del-gobierno-estatal\/#primaryimage\"},\"thumbnailUrl\":\"https:\/\/www.nexoinformativo.mx\/wp-content\/uploads\/2025\/06\/IMG-20250624-WA0001-e1750802007283.jpg\",\"datePublished\":\"2025-06-24T16:00:00+00:00\",\"dateModified\":\"2025-06-24T21:55:14+00:00\",\"breadcrumb\":{\"@id\":\"https:\/\/www.nexoinformativo.mx\/index.php\/2025\/06\/24\/zona-militar-en-queretaro-podria-reubicarse-ejercito-analiza-propuesta-del-gobierno-estatal\/#breadcrumb\"},\"inLanguage\":\"es\",\"potentialAction\":[{\"@type\":\"ReadAction\",\"target\":[\"https:\/\/www.nexoinformativo.mx\/index.php\/2025\/06\/24\/zona-militar-en-queretaro-podria-reubicarse-ejercito-analiza-propuesta-del-gobierno-estatal\/\"]}]},{\"@type\":\"ImageObject\",\"inLanguage\":\"es\",\"@id\":\"https:\/\/www.nexoinformativo.mx\/index.php\/2025\/06\/24\/zona-militar-en-queretaro-podria-reubicarse-ejercito-analiza-propuesta-del-gobierno-estatal\/#primaryimage\",\"url\":\"https:\/\/www.nexoinformativo.mx\/wp-content\/uploads\/2025\/06\/IMG-20250624-WA0001-e1750802007283.jpg\",\"contentUrl\":\"https:\/\/www.nexoinformativo.mx\/wp-content\/uploads\/2025\/06\/IMG-20250624-WA0001-e1750802007283.jpg\",\"width\":800,\"height\":600},{\"@type\":\"BreadcrumbList\",\"@id\":\"https:\/\/www.nexoinformativo.mx\/index.php\/2025\/06\/24\/zona-militar-en-queretaro-podria-reubicarse-ejercito-analiza-propuesta-del-gobierno-estatal\/#breadcrumb\",\"itemListElement\":[{\"@type\":\"ListItem\",\"position\":1,\"name\":\"Inicio\",\"item\":\"https:\/\/www.nexoinformativo.mx\/\"},{\"@type\":\"ListItem\",\"position\":2,\"name\":\"Zona Militar en Quer\u00e9taro podr\u00eda reubicarse; Ej\u00e9rcito analiza propuesta del gobierno estatal\"}]},{\"@type\":\"WebSite\",\"@id\":\"https:\/\/www.nexoinformativo.mx\/#website\",\"url\":\"https:\/\/www.nexoinformativo.mx\/\",\"name\":\"Nexo Informativo Santiago de Quer\u00e9taro\",\"description\":\"Explora NexoInformativo y convi\u00e9rtete en parte de una comunidad que valora el conocimiento y la verdad. Tu nexoinformativo es tu puente hacia una comprensi\u00f3n m\u00e1s profunda del mundo que te rodea.\",\"publisher\":{\"@id\":\"https:\/\/www.nexoinformativo.mx\/#organization\"},\"potentialAction\":[{\"@type\":\"SearchAction\",\"target\":{\"@type\":\"EntryPoint\",\"urlTemplate\":\"https:\/\/www.nexoinformativo.mx\/?s={search_term_string}\"},\"query-input\":{\"@type\":\"PropertyValueSpecification\",\"valueRequired\":true,\"valueName\":\"search_term_string\"}}],\"inLanguage\":\"es\"},{\"@type\":\"Organization\",\"@id\":\"https:\/\/www.nexoinformativo.mx\/#organization\",\"name\":\"Nexo Informativo Santiago de Quer\u00e9taro\",\"url\":\"https:\/\/www.nexoinformativo.mx\/\",\"logo\":{\"@type\":\"ImageObject\",\"inLanguage\":\"es\",\"@id\":\"https:\/\/www.nexoinformativo.mx\/#\/schema\/logo\/image\/\",\"url\":\"https:\/\/www.nexoinformativo.mx\/wp-content\/uploads\/2024\/07\/nexoi-trasparente-2.png\",\"contentUrl\":\"https:\/\/www.nexoinformativo.mx\/wp-content\/uploads\/2024\/07\/nexoi-trasparente-2.png\",\"width\":816,\"height\":339,\"caption\":\"Nexo Informativo Santiago de Quer\u00e9taro\"},\"image\":{\"@id\":\"https:\/\/www.nexoinformativo.mx\/#\/schema\/logo\/image\/\"},\"sameAs\":[\"https:\/\/www.facebook.com\/people\/Nexo-Informativo\/61564066885511\/\"]},{\"@type\":\"Person\",\"@id\":\"https:\/\/www.nexoinformativo.mx\/#\/schema\/person\/7749d380ba08c8ca00d7bc76fd907b7d\",\"name\":\"Nexo Informativo\",\"image\":{\"@type\":\"ImageObject\",\"inLanguage\":\"es\",\"@id\":\"https:\/\/www.nexoinformativo.mx\/#\/schema\/person\/image\/\",\"url\":\"https:\/\/secure.gravatar.com\/avatar\/dde2928154642a13d95f87ddf1ea9718fe2b46760a005c53e41ff5ad610704e6?s=96&d=mm&r=g\",\"contentUrl\":\"https:\/\/secure.gravatar.com\/avatar\/dde2928154642a13d95f87ddf1ea9718fe2b46760a005c53e41ff5ad610704e6?s=96&d=mm&r=g\",\"caption\":\"Nexo Informativo\"},\"url\":\"https:\/\/www.nexoinformativo.mx\/index.php\/author\/edicion\/\"}]}<\/script>\n<!-- \/ Yoast SEO plugin. -->","yoast_head_json":{"title":"Zona Militar en Quer\u00e9taro podr\u00eda reubicarse; Ej\u00e9rcito analiza propuesta del gobierno estatal | Nexo Informativo Santiago de Quer\u00e9taro","robots":{"index":"index","follow":"follow","max-snippet":"max-snippet:-1","max-image-preview":"max-image-preview:large","max-video-preview":"max-video-preview:-1"},"canonical":"https:\/\/www.nexoinformativo.mx\/index.php\/2025\/06\/24\/zona-militar-en-queretaro-podria-reubicarse-ejercito-analiza-propuesta-del-gobierno-estatal\/","og_locale":"es_MX","og_type":"article","og_title":"Zona Militar en Quer\u00e9taro podr\u00eda reubicarse; Ej\u00e9rcito analiza propuesta del gobierno estatal | Nexo Informativo Santiago de Quer\u00e9taro","og_description":"El comandante de la 17\u00aa Zona Militar, Jos\u00e9 Guillermo Lira Hern\u00e1ndez, inform\u00f3 que el Ej\u00e9rcito Mexicano analiza la propuesta del Gobierno del Estado de Quer\u00e9taro para reubicar sus instalaciones, en caso de que el terreno actual sea utilizado para la construcci\u00f3n de una estaci\u00f3n del tren.","og_url":"https:\/\/www.nexoinformativo.mx\/index.php\/2025\/06\/24\/zona-militar-en-queretaro-podria-reubicarse-ejercito-analiza-propuesta-del-gobierno-estatal\/","og_site_name":"Nexo Informativo Santiago de Quer\u00e9taro","article_publisher":"https:\/\/www.facebook.com\/people\/Nexo-Informativo\/61564066885511\/","article_published_time":"2025-06-24T16:00:00+00:00","article_modified_time":"2025-06-24T21:55:14+00:00","og_image":[{"width":800,"height":600,"url":"https:\/\/www.nexoinformativo.mx\/wp-content\/uploads\/2025\/06\/IMG-20250624-WA0001-e1750802007283.jpg","type":"image\/jpeg"}],"author":"Nexo Informativo","twitter_card":"summary_large_image","twitter_misc":{"Escrito por":"Nexo Informativo","Tiempo de lectura":"2 minutos"},"schema":{"@context":"https:\/\/schema.org","@graph":[{"@type":"Article","@id":"https:\/\/www.nexoinformativo.mx\/index.php\/2025\/06\/24\/zona-militar-en-queretaro-podria-reubicarse-ejercito-analiza-propuesta-del-gobierno-estatal\/#article","isPartOf":{"@id":"https:\/\/www.nexoinformativo.mx\/index.php\/2025\/06\/24\/zona-militar-en-queretaro-podria-reubicarse-ejercito-analiza-propuesta-del-gobierno-estatal\/"},"author":{"name":"Nexo Informativo","@id":"https:\/\/www.nexoinformativo.mx\/#\/schema\/person\/7749d380ba08c8ca00d7bc76fd907b7d"},"headline":"Zona Militar en Quer\u00e9taro podr\u00eda reubicarse; Ej\u00e9rcito analiza propuesta del gobierno estatal","datePublished":"2025-06-24T16:00:00+00:00","dateModified":"2025-06-24T21:55:14+00:00","mainEntityOfPage":{"@id":"https:\/\/www.nexoinformativo.mx\/index.php\/2025\/06\/24\/zona-militar-en-queretaro-podria-reubicarse-ejercito-analiza-propuesta-del-gobierno-estatal\/"},"wordCount":243,"commentCount":0,"publisher":{"@id":"https:\/\/www.nexoinformativo.mx\/#organization"},"image":{"@id":"https:\/\/www.nexoinformativo.mx\/index.php\/2025\/06\/24\/zona-militar-en-queretaro-podria-reubicarse-ejercito-analiza-propuesta-del-gobierno-estatal\/#primaryimage"},"thumbnailUrl":"https:\/\/www.nexoinformativo.mx\/wp-content\/uploads\/2025\/06\/IMG-20250624-WA0001-e1750802007283.jpg","keywords":["Ej\u00e9rcitoMexicano","Estaci\u00f3nDelTren","Quer\u00e9taro","ZonaMilitar"],"articleSection":["Estado","\u00daltima Hora"],"inLanguage":"es","potentialAction":[{"@type":"CommentAction","name":"Comment","target":["https:\/\/www.nexoinformativo.mx\/index.php\/2025\/06\/24\/zona-militar-en-queretaro-podria-reubicarse-ejercito-analiza-propuesta-del-gobierno-estatal\/#respond"]}]},{"@type":"WebPage","@id":"https:\/\/www.nexoinformativo.mx\/index.php\/2025\/06\/24\/zona-militar-en-queretaro-podria-reubicarse-ejercito-analiza-propuesta-del-gobierno-estatal\/","url":"https:\/\/www.nexoinformativo.mx\/index.php\/2025\/06\/24\/zona-militar-en-queretaro-podria-reubicarse-ejercito-analiza-propuesta-del-gobierno-estatal\/","name":"Zona Militar en Quer\u00e9taro podr\u00eda reubicarse; Ej\u00e9rcito analiza propuesta del gobierno estatal | Nexo Informativo Santiago de Quer\u00e9taro","isPartOf":{"@id":"https:\/\/www.nexoinformativo.mx\/#website"},"primaryImageOfPage":{"@id":"https:\/\/www.nexoinformativo.mx\/index.php\/2025\/06\/24\/zona-militar-en-queretaro-podria-reubicarse-ejercito-analiza-propuesta-del-gobierno-estatal\/#primaryimage"},"image":{"@id":"https:\/\/www.nexoinformativo.mx\/index.php\/2025\/06\/24\/zona-militar-en-queretaro-podria-reubicarse-ejercito-analiza-propuesta-del-gobierno-estatal\/#primaryimage"},"thumbnailUrl":"https:\/\/www.nexoinformativo.mx\/wp-content\/uploads\/2025\/06\/IMG-20250624-WA0001-e1750802007283.jpg","datePublished":"2025-06-24T16:00:00+00:00","dateModified":"2025-06-24T21:55:14+00:00","breadcrumb":{"@id":"https:\/\/www.nexoinformativo.mx\/index.php\/2025\/06\/24\/zona-militar-en-queretaro-podria-reubicarse-ejercito-analiza-propuesta-del-gobierno-estatal\/#breadcrumb"},"inLanguage":"es","potentialAction":[{"@type":"ReadAction","target":["https:\/\/www.nexoinformativo.mx\/index.php\/2025\/06\/24\/zona-militar-en-queretaro-podria-reubicarse-ejercito-analiza-propuesta-del-gobierno-estatal\/"]}]},{"@type":"ImageObject","inLanguage":"es","@id":"https:\/\/www.nexoinformativo.mx\/index.php\/2025\/06\/24\/zona-militar-en-queretaro-podria-reubicarse-ejercito-analiza-propuesta-del-gobierno-estatal\/#primaryimage","url":"https:\/\/www.nexoinformativo.mx\/wp-content\/uploads\/2025\/06\/IMG-20250624-WA0001-e1750802007283.jpg","contentUrl":"https:\/\/www.nexoinformativo.mx\/wp-content\/uploads\/2025\/06\/IMG-20250624-WA0001-e1750802007283.jpg","width":800,"height":600},{"@type":"BreadcrumbList","@id":"https:\/\/www.nexoinformativo.mx\/index.php\/2025\/06\/24\/zona-militar-en-queretaro-podria-reubicarse-ejercito-analiza-propuesta-del-gobierno-estatal\/#breadcrumb","itemListElement":[{"@type":"ListItem","position":1,"name":"Inicio","item":"https:\/\/www.nexoinformativo.mx\/"},{"@type":"ListItem","position":2,"name":"Zona Militar en Quer\u00e9taro podr\u00eda reubicarse; Ej\u00e9rcito analiza propuesta del gobierno estatal"}]},{"@type":"WebSite","@id":"https:\/\/www.nexoinformativo.mx\/#website","url":"https:\/\/www.nexoinformativo.mx\/","name":"Nexo Informativo Santiago de Quer\u00e9taro","description":"Explora NexoInformativo y convi\u00e9rtete en parte de una comunidad que valora el conocimiento y la verdad. Tu nexoinformativo es tu puente hacia una comprensi\u00f3n m\u00e1s profunda del mundo que te rodea.","publisher":{"@id":"https:\/\/www.nexoinformativo.mx\/#organization"},"potentialAction":[{"@type":"SearchAction","target":{"@type":"EntryPoint","urlTemplate":"https:\/\/www.nexoinformativo.mx\/?s={search_term_string}"},"query-input":{"@type":"PropertyValueSpecification","valueRequired":true,"valueName":"search_term_string"}}],"inLanguage":"es"},{"@type":"Organization","@id":"https:\/\/www.nexoinformativo.mx\/#organization","name":"Nexo Informativo Santiago de Quer\u00e9taro","url":"https:\/\/www.nexoinformativo.mx\/","logo":{"@type":"ImageObject","inLanguage":"es","@id":"https:\/\/www.nexoinformativo.mx\/#\/schema\/logo\/image\/","url":"https:\/\/www.nexoinformativo.mx\/wp-content\/uploads\/2024\/07\/nexoi-trasparente-2.png","contentUrl":"https:\/\/www.nexoinformativo.mx\/wp-content\/uploads\/2024\/07\/nexoi-trasparente-2.png","width":816,"height":339,"caption":"Nexo Informativo Santiago de Quer\u00e9taro"},"image":{"@id":"https:\/\/www.nexoinformativo.mx\/#\/schema\/logo\/image\/"},"sameAs":["https:\/\/www.facebook.com\/people\/Nexo-Informativo\/61564066885511\/"]},{"@type":"Person","@id":"https:\/\/www.nexoinformativo.mx\/#\/schema\/person\/7749d380ba08c8ca00d7bc76fd907b7d","name":"Nexo Informativo","image":{"@type":"ImageObject","inLanguage":"es","@id":"https:\/\/www.nexoinformativo.mx\/#\/schema\/person\/image\/","url":"https:\/\/secure.gravatar.com\/avatar\/dde2928154642a13d95f87ddf1ea9718fe2b46760a005c53e41ff5ad610704e6?s=96&d=mm&r=g","contentUrl":"https:\/\/secure.gravatar.com\/avatar\/dde2928154642a13d95f87ddf1ea9718fe2b46760a005c53e41ff5ad610704e6?s=96&d=mm&r=g","caption":"Nexo Informativo"},"url":"https:\/\/www.nexoinformativo.mx\/index.php\/author\/edicion\/"}]}},"_links":{"self":[{"href":"https:\/\/www.nexoinformativo.mx\/index.php\/wp-json\/wp\/v2\/posts\/16111","targetHints":{"allow":["GET"]}}],"collection":[{"href":"https:\/\/www.nexoinformativo.mx\/index.php\/wp-json\/wp\/v2\/posts"}],"about":[{"href":"https:\/\/www.nexoinformativo.mx\/index.php\/wp-json\/wp\/v2\/types\/post"}],"author":[{"embeddable":true,"href":"https:\/\/www.nexoinformativo.mx\/index.php\/wp-json\/wp\/v2\/users\/3"}],"replies":[{"embeddable":true,"href":"https:\/\/www.nexoinformativo.mx\/index.php\/wp-json\/wp\/v2\/comments?post=16111"}],"version-history":[{"count":6,"href":"https:\/\/www.nexoinformativo.mx\/index.php\/wp-json\/wp\/v2\/posts\/16111\/revisions"}],"predecessor-version":[{"id":16117,"href":"https:\/\/www.nexoinformativo.mx\/index.php\/wp-json\/wp\/v2\/posts\/16111\/revisions\/16117"}],"wp:featuredmedia":[{"embeddable":true,"href":"https:\/\/www.nexoinformativo.mx\/index.php\/wp-json\/wp\/v2\/media\/16110"}],"wp:attachment":[{"href":"https:\/\/www.nexoinformativo.mx\/index.php\/wp-json\/wp\/v2\/media?parent=16111"}],"wp:term":[{"taxonomy":"category","embeddable":true,"href":"https:\/\/www.nexoinformativo.mx\/index.php\/wp-json\/wp\/v2\/categories?post=16111"},{"taxonomy":"post_tag","embeddable":true,"href":"https:\/\/www.nexoinformativo.mx\/index.php\/wp-json\/wp\/v2\/tags?post=16111"}],"curies":[{"name":"wp","href":"https:\/\/api.w.org\/{rel}","templated":true}]}}