{"id":16118,"date":"2025-06-25T07:00:22","date_gmt":"2025-06-25T13:00:22","guid":{"rendered":"https:\/\/www.nexoinformativo.mx\/?p=16118"},"modified":"2025-06-25T12:30:33","modified_gmt":"2025-06-25T18:30:33","slug":"el-marques-actua-rapido-garantiza-movilidad-y-seguridad-ante-fuertes-lluvias","status":"publish","type":"post","link":"https:\/\/www.nexoinformativo.mx\/index.php\/2025\/06\/25\/el-marques-actua-rapido-garantiza-movilidad-y-seguridad-ante-fuertes-lluvias\/","title":{"rendered":"El Marqu\u00e9s act\u00faa r\u00e1pido garantiza movilidad y seguridad ante fuertes lluvias"},"content":{"rendered":"<p style=\"text-align: justify;\">Ante las intensas lluvias de los \u00faltimos d\u00edas y las afectaciones que han causado, el presidente municipal de El Marqu\u00e9s, Rodrigo Monsalvo, ha instruido a las dependencias municipales a actuar de inmediato para garantizar la seguridad y movilidad de los ciudadanos.<\/p>\n<p>&nbsp;<\/p>\n<p style=\"text-align: justify;\">Una de las acciones m\u00e1s importantes fue el cierre preventivo de un tramo de la carretera estatal 200, entre el fraccionamiento Los H\u00e9roes y Haciendas La Cruz, debido al anegamiento. Esta medida fue coordinada por Protecci\u00f3n Civil y la Secretar\u00eda de Movilidad para evitar riesgos.<\/p>\n<p>&nbsp;<\/p>\n<p style=\"text-align: justify;\">Posteriormente, en el puente que conecta la carretera estatal 200 con la autopista 57D, Protecci\u00f3n Civil utiliz\u00f3 bombas especiales para desviar el exceso de agua, logrando que el flujo pluvial regresara a su cauce natural hacia el r\u00edo. Gracias a esto, se pudo reabrir el paso para veh\u00edculos de gran tama\u00f1o.<\/p>\n<p>&nbsp;<\/p>\n<p style=\"text-align: justify;\">Para facilitar el traslado de personas en zonas afectadas, el Transporte Escolar Municipal Gratuito habilit\u00f3 rutas y unidades especiales, y la Polic\u00eda Estatal de Quer\u00e9taro tambi\u00e9n brind\u00f3 apoyo con sus veh\u00edculos.<\/p>\n<p>&nbsp;<\/p>\n<p style=\"text-align: justify;\">Como ruta alterna, la Secretar\u00eda de Movilidad habilit\u00f3 la brecha conocida como &#8220;El Lagartijero&#8221;, que oper\u00f3 en un solo sentido para agilizar el tr\u00e1nsito y luego restableci\u00f3 el cruce intercalado.<\/p>\n<\/p>\n<p>&nbsp;<\/p>\n<p style=\"text-align: justify;\">En la comunidad de Atongo, se realizaron trabajos de limpieza para abrir un paso alterno que conecta con la carretera estatal 500.<\/p>\n<p>&nbsp;<\/p>\n<p style=\"text-align: justify;\">El gobierno municipal de El Marqu\u00e9s reitera su compromiso de actuar con rapidez y eficacia ante cualquier emergencia clim\u00e1tica, poniendo siempre en primer lugar la seguridad y el tr\u00e1nsito de las familias marquesinas. Las autoridades exhortan a la ciudadan\u00eda a mantenerse informada por medios oficiales y seguir las indicaciones de Protecci\u00f3n Civil.<\/p>\n<p>&nbsp;<\/p>\n<p style=\"text-align: center;\"><em><strong>\u00a1Informaci\u00f3n que transforma!<\/strong><\/em><\/p>\n","protected":false},"excerpt":{"rendered":"<p>Ante las intensas lluvias de los \u00faltimos d\u00edas y las afectaciones que han causado, el presidente municipal de El Marqu\u00e9s, Rodrigo Monsalvo, ha instruido a las dependencias municipales a actuar de inmediato para garantizar la seguridad y movilidad de los ciudadanos.<\/p>\n","protected":false},"author":3,"featured_media":16119,"comment_status":"open","ping_status":"open","sticky":false,"template":"","format":"standard","meta":{"footnotes":""},"categories":[65,58],"tags":[149,4563,154,151],"class_list":["post-16118","post","type-post","status-publish","format-standard","has-post-thumbnail","hentry","category-municipios","category-ultima-hora","tag-elmarques","tag-lluviasqro","tag-proteccioncivil","tag-seguridadvial"],"yoast_head":"<!-- This site is optimized with the Yoast SEO plugin v25.0 - https:\/\/yoast.com\/wordpress\/plugins\/seo\/ -->\n<title>El Marqu\u00e9s act\u00faa r\u00e1pido garantiza movilidad y seguridad ante fuertes lluvias | Nexo Informativo Santiago de Quer\u00e9taro<\/title>\n<meta name=\"description\" content=\"El Marqu\u00e9s act\u00faa r\u00e1pido garantiza movilidad y seguridad ante fuertes lluvias\" \/>\n<meta name=\"robots\" content=\"index, follow, max-snippet:-1, max-image-preview:large, max-video-preview:-1\" \/>\n<link rel=\"canonical\" href=\"https:\/\/www.nexoinformativo.mx\/index.php\/2025\/06\/25\/el-marques-actua-rapido-garantiza-movilidad-y-seguridad-ante-fuertes-lluvias\/\" \/>\n<meta property=\"og:locale\" content=\"es_MX\" \/>\n<meta property=\"og:type\" content=\"article\" \/>\n<meta property=\"og:title\" content=\"El Marqu\u00e9s act\u00faa r\u00e1pido garantiza movilidad y seguridad ante fuertes lluvias | Nexo Informativo Santiago de Quer\u00e9taro\" \/>\n<meta property=\"og:description\" content=\"El Marqu\u00e9s act\u00faa r\u00e1pido garantiza movilidad y seguridad ante fuertes lluvias\" \/>\n<meta property=\"og:url\" content=\"https:\/\/www.nexoinformativo.mx\/index.php\/2025\/06\/25\/el-marques-actua-rapido-garantiza-movilidad-y-seguridad-ante-fuertes-lluvias\/\" \/>\n<meta property=\"og:site_name\" content=\"Nexo Informativo Santiago de Quer\u00e9taro\" \/>\n<meta property=\"article:publisher\" content=\"https:\/\/www.facebook.com\/people\/Nexo-Informativo\/61564066885511\/\" \/>\n<meta property=\"article:published_time\" content=\"2025-06-25T13:00:22+00:00\" \/>\n<meta property=\"article:modified_time\" content=\"2025-06-25T18:30:33+00:00\" \/>\n<meta property=\"og:image\" content=\"https:\/\/www.nexoinformativo.mx\/wp-content\/uploads\/2025\/06\/PHOTO-2025-06-25-11-35-10-scaled-e1750876144425.jpg\" \/>\n\t<meta property=\"og:image:width\" content=\"800\" \/>\n\t<meta property=\"og:image:height\" content=\"547\" \/>\n\t<meta property=\"og:image:type\" content=\"image\/jpeg\" \/>\n<meta name=\"author\" content=\"Nexo Informativo\" \/>\n<meta name=\"twitter:card\" content=\"summary_large_image\" \/>\n<meta name=\"twitter:label1\" content=\"Escrito por\" \/>\n\t<meta name=\"twitter:data1\" content=\"Nexo Informativo\" \/>\n\t<meta name=\"twitter:label2\" content=\"Tiempo de lectura\" \/>\n\t<meta name=\"twitter:data2\" content=\"2 minutos\" \/>\n<script type=\"application\/ld+json\" class=\"yoast-schema-graph\">{\"@context\":\"https:\/\/schema.org\",\"@graph\":[{\"@type\":\"Article\",\"@id\":\"https:\/\/www.nexoinformativo.mx\/index.php\/2025\/06\/25\/el-marques-actua-rapido-garantiza-movilidad-y-seguridad-ante-fuertes-lluvias\/#article\",\"isPartOf\":{\"@id\":\"https:\/\/www.nexoinformativo.mx\/index.php\/2025\/06\/25\/el-marques-actua-rapido-garantiza-movilidad-y-seguridad-ante-fuertes-lluvias\/\"},\"author\":{\"name\":\"Nexo Informativo\",\"@id\":\"https:\/\/www.nexoinformativo.mx\/#\/schema\/person\/7749d380ba08c8ca00d7bc76fd907b7d\"},\"headline\":\"El Marqu\u00e9s act\u00faa r\u00e1pido garantiza movilidad y seguridad ante fuertes lluvias\",\"datePublished\":\"2025-06-25T13:00:22+00:00\",\"dateModified\":\"2025-06-25T18:30:33+00:00\",\"mainEntityOfPage\":{\"@id\":\"https:\/\/www.nexoinformativo.mx\/index.php\/2025\/06\/25\/el-marques-actua-rapido-garantiza-movilidad-y-seguridad-ante-fuertes-lluvias\/\"},\"wordCount\":315,\"commentCount\":0,\"publisher\":{\"@id\":\"https:\/\/www.nexoinformativo.mx\/#organization\"},\"image\":{\"@id\":\"https:\/\/www.nexoinformativo.mx\/index.php\/2025\/06\/25\/el-marques-actua-rapido-garantiza-movilidad-y-seguridad-ante-fuertes-lluvias\/#primaryimage\"},\"thumbnailUrl\":\"https:\/\/www.nexoinformativo.mx\/wp-content\/uploads\/2025\/06\/PHOTO-2025-06-25-11-35-10-scaled-e1750876144425.jpg\",\"keywords\":[\"elmarques\",\"LluviasQro\",\"proteccioncivil\",\"seguridadvial\"],\"articleSection\":[\"Municipios\",\"\u00daltima Hora\"],\"inLanguage\":\"es\",\"potentialAction\":[{\"@type\":\"CommentAction\",\"name\":\"Comment\",\"target\":[\"https:\/\/www.nexoinformativo.mx\/index.php\/2025\/06\/25\/el-marques-actua-rapido-garantiza-movilidad-y-seguridad-ante-fuertes-lluvias\/#respond\"]}]},{\"@type\":\"WebPage\",\"@id\":\"https:\/\/www.nexoinformativo.mx\/index.php\/2025\/06\/25\/el-marques-actua-rapido-garantiza-movilidad-y-seguridad-ante-fuertes-lluvias\/\",\"url\":\"https:\/\/www.nexoinformativo.mx\/index.php\/2025\/06\/25\/el-marques-actua-rapido-garantiza-movilidad-y-seguridad-ante-fuertes-lluvias\/\",\"name\":\"El Marqu\u00e9s act\u00faa r\u00e1pido garantiza movilidad y seguridad ante fuertes lluvias | Nexo Informativo Santiago de Quer\u00e9taro\",\"isPartOf\":{\"@id\":\"https:\/\/www.nexoinformativo.mx\/#website\"},\"primaryImageOfPage\":{\"@id\":\"https:\/\/www.nexoinformativo.mx\/index.php\/2025\/06\/25\/el-marques-actua-rapido-garantiza-movilidad-y-seguridad-ante-fuertes-lluvias\/#primaryimage\"},\"image\":{\"@id\":\"https:\/\/www.nexoinformativo.mx\/index.php\/2025\/06\/25\/el-marques-actua-rapido-garantiza-movilidad-y-seguridad-ante-fuertes-lluvias\/#primaryimage\"},\"thumbnailUrl\":\"https:\/\/www.nexoinformativo.mx\/wp-content\/uploads\/2025\/06\/PHOTO-2025-06-25-11-35-10-scaled-e1750876144425.jpg\",\"datePublished\":\"2025-06-25T13:00:22+00:00\",\"dateModified\":\"2025-06-25T18:30:33+00:00\",\"description\":\"El Marqu\u00e9s act\u00faa r\u00e1pido garantiza movilidad y seguridad ante fuertes lluvias\",\"breadcrumb\":{\"@id\":\"https:\/\/www.nexoinformativo.mx\/index.php\/2025\/06\/25\/el-marques-actua-rapido-garantiza-movilidad-y-seguridad-ante-fuertes-lluvias\/#breadcrumb\"},\"inLanguage\":\"es\",\"potentialAction\":[{\"@type\":\"ReadAction\",\"target\":[\"https:\/\/www.nexoinformativo.mx\/index.php\/2025\/06\/25\/el-marques-actua-rapido-garantiza-movilidad-y-seguridad-ante-fuertes-lluvias\/\"]}]},{\"@type\":\"ImageObject\",\"inLanguage\":\"es\",\"@id\":\"https:\/\/www.nexoinformativo.mx\/index.php\/2025\/06\/25\/el-marques-actua-rapido-garantiza-movilidad-y-seguridad-ante-fuertes-lluvias\/#primaryimage\",\"url\":\"https:\/\/www.nexoinformativo.mx\/wp-content\/uploads\/2025\/06\/PHOTO-2025-06-25-11-35-10-scaled-e1750876144425.jpg\",\"contentUrl\":\"https:\/\/www.nexoinformativo.mx\/wp-content\/uploads\/2025\/06\/PHOTO-2025-06-25-11-35-10-scaled-e1750876144425.jpg\",\"width\":800,\"height\":547},{\"@type\":\"BreadcrumbList\",\"@id\":\"https:\/\/www.nexoinformativo.mx\/index.php\/2025\/06\/25\/el-marques-actua-rapido-garantiza-movilidad-y-seguridad-ante-fuertes-lluvias\/#breadcrumb\",\"itemListElement\":[{\"@type\":\"ListItem\",\"position\":1,\"name\":\"Inicio\",\"item\":\"https:\/\/www.nexoinformativo.mx\/\"},{\"@type\":\"ListItem\",\"position\":2,\"name\":\"El Marqu\u00e9s act\u00faa r\u00e1pido garantiza movilidad y seguridad ante fuertes lluvias\"}]},{\"@type\":\"WebSite\",\"@id\":\"https:\/\/www.nexoinformativo.mx\/#website\",\"url\":\"https:\/\/www.nexoinformativo.mx\/\",\"name\":\"Nexo Informativo Santiago de Quer\u00e9taro\",\"description\":\"Explora NexoInformativo y convi\u00e9rtete en parte de una comunidad que valora el conocimiento y la verdad. Tu nexoinformativo es tu puente hacia una comprensi\u00f3n m\u00e1s profunda del mundo que te rodea.\",\"publisher\":{\"@id\":\"https:\/\/www.nexoinformativo.mx\/#organization\"},\"potentialAction\":[{\"@type\":\"SearchAction\",\"target\":{\"@type\":\"EntryPoint\",\"urlTemplate\":\"https:\/\/www.nexoinformativo.mx\/?s={search_term_string}\"},\"query-input\":{\"@type\":\"PropertyValueSpecification\",\"valueRequired\":true,\"valueName\":\"search_term_string\"}}],\"inLanguage\":\"es\"},{\"@type\":\"Organization\",\"@id\":\"https:\/\/www.nexoinformativo.mx\/#organization\",\"name\":\"Nexo Informativo Santiago de Quer\u00e9taro\",\"url\":\"https:\/\/www.nexoinformativo.mx\/\",\"logo\":{\"@type\":\"ImageObject\",\"inLanguage\":\"es\",\"@id\":\"https:\/\/www.nexoinformativo.mx\/#\/schema\/logo\/image\/\",\"url\":\"https:\/\/www.nexoinformativo.mx\/wp-content\/uploads\/2024\/07\/nexoi-trasparente-2.png\",\"contentUrl\":\"https:\/\/www.nexoinformativo.mx\/wp-content\/uploads\/2024\/07\/nexoi-trasparente-2.png\",\"width\":816,\"height\":339,\"caption\":\"Nexo Informativo Santiago de Quer\u00e9taro\"},\"image\":{\"@id\":\"https:\/\/www.nexoinformativo.mx\/#\/schema\/logo\/image\/\"},\"sameAs\":[\"https:\/\/www.facebook.com\/people\/Nexo-Informativo\/61564066885511\/\"]},{\"@type\":\"Person\",\"@id\":\"https:\/\/www.nexoinformativo.mx\/#\/schema\/person\/7749d380ba08c8ca00d7bc76fd907b7d\",\"name\":\"Nexo Informativo\",\"image\":{\"@type\":\"ImageObject\",\"inLanguage\":\"es\",\"@id\":\"https:\/\/www.nexoinformativo.mx\/#\/schema\/person\/image\/\",\"url\":\"https:\/\/secure.gravatar.com\/avatar\/dde2928154642a13d95f87ddf1ea9718fe2b46760a005c53e41ff5ad610704e6?s=96&d=mm&r=g\",\"contentUrl\":\"https:\/\/secure.gravatar.com\/avatar\/dde2928154642a13d95f87ddf1ea9718fe2b46760a005c53e41ff5ad610704e6?s=96&d=mm&r=g\",\"caption\":\"Nexo Informativo\"},\"url\":\"https:\/\/www.nexoinformativo.mx\/index.php\/author\/edicion\/\"}]}<\/script>\n<!-- \/ Yoast SEO plugin. -->","yoast_head_json":{"title":"El Marqu\u00e9s act\u00faa r\u00e1pido garantiza movilidad y seguridad ante fuertes lluvias | Nexo Informativo Santiago de Quer\u00e9taro","description":"El Marqu\u00e9s act\u00faa r\u00e1pido garantiza movilidad y seguridad ante fuertes lluvias","robots":{"index":"index","follow":"follow","max-snippet":"max-snippet:-1","max-image-preview":"max-image-preview:large","max-video-preview":"max-video-preview:-1"},"canonical":"https:\/\/www.nexoinformativo.mx\/index.php\/2025\/06\/25\/el-marques-actua-rapido-garantiza-movilidad-y-seguridad-ante-fuertes-lluvias\/","og_locale":"es_MX","og_type":"article","og_title":"El Marqu\u00e9s act\u00faa r\u00e1pido garantiza movilidad y seguridad ante fuertes lluvias | Nexo Informativo Santiago de Quer\u00e9taro","og_description":"El Marqu\u00e9s act\u00faa r\u00e1pido garantiza movilidad y seguridad ante fuertes lluvias","og_url":"https:\/\/www.nexoinformativo.mx\/index.php\/2025\/06\/25\/el-marques-actua-rapido-garantiza-movilidad-y-seguridad-ante-fuertes-lluvias\/","og_site_name":"Nexo Informativo Santiago de Quer\u00e9taro","article_publisher":"https:\/\/www.facebook.com\/people\/Nexo-Informativo\/61564066885511\/","article_published_time":"2025-06-25T13:00:22+00:00","article_modified_time":"2025-06-25T18:30:33+00:00","og_image":[{"width":800,"height":547,"url":"https:\/\/www.nexoinformativo.mx\/wp-content\/uploads\/2025\/06\/PHOTO-2025-06-25-11-35-10-scaled-e1750876144425.jpg","type":"image\/jpeg"}],"author":"Nexo Informativo","twitter_card":"summary_large_image","twitter_misc":{"Escrito por":"Nexo Informativo","Tiempo de lectura":"2 minutos"},"schema":{"@context":"https:\/\/schema.org","@graph":[{"@type":"Article","@id":"https:\/\/www.nexoinformativo.mx\/index.php\/2025\/06\/25\/el-marques-actua-rapido-garantiza-movilidad-y-seguridad-ante-fuertes-lluvias\/#article","isPartOf":{"@id":"https:\/\/www.nexoinformativo.mx\/index.php\/2025\/06\/25\/el-marques-actua-rapido-garantiza-movilidad-y-seguridad-ante-fuertes-lluvias\/"},"author":{"name":"Nexo Informativo","@id":"https:\/\/www.nexoinformativo.mx\/#\/schema\/person\/7749d380ba08c8ca00d7bc76fd907b7d"},"headline":"El Marqu\u00e9s act\u00faa r\u00e1pido garantiza movilidad y seguridad ante fuertes lluvias","datePublished":"2025-06-25T13:00:22+00:00","dateModified":"2025-06-25T18:30:33+00:00","mainEntityOfPage":{"@id":"https:\/\/www.nexoinformativo.mx\/index.php\/2025\/06\/25\/el-marques-actua-rapido-garantiza-movilidad-y-seguridad-ante-fuertes-lluvias\/"},"wordCount":315,"commentCount":0,"publisher":{"@id":"https:\/\/www.nexoinformativo.mx\/#organization"},"image":{"@id":"https:\/\/www.nexoinformativo.mx\/index.php\/2025\/06\/25\/el-marques-actua-rapido-garantiza-movilidad-y-seguridad-ante-fuertes-lluvias\/#primaryimage"},"thumbnailUrl":"https:\/\/www.nexoinformativo.mx\/wp-content\/uploads\/2025\/06\/PHOTO-2025-06-25-11-35-10-scaled-e1750876144425.jpg","keywords":["elmarques","LluviasQro","proteccioncivil","seguridadvial"],"articleSection":["Municipios","\u00daltima Hora"],"inLanguage":"es","potentialAction":[{"@type":"CommentAction","name":"Comment","target":["https:\/\/www.nexoinformativo.mx\/index.php\/2025\/06\/25\/el-marques-actua-rapido-garantiza-movilidad-y-seguridad-ante-fuertes-lluvias\/#respond"]}]},{"@type":"WebPage","@id":"https:\/\/www.nexoinformativo.mx\/index.php\/2025\/06\/25\/el-marques-actua-rapido-garantiza-movilidad-y-seguridad-ante-fuertes-lluvias\/","url":"https:\/\/www.nexoinformativo.mx\/index.php\/2025\/06\/25\/el-marques-actua-rapido-garantiza-movilidad-y-seguridad-ante-fuertes-lluvias\/","name":"El Marqu\u00e9s act\u00faa r\u00e1pido garantiza movilidad y seguridad ante fuertes lluvias | Nexo Informativo Santiago de Quer\u00e9taro","isPartOf":{"@id":"https:\/\/www.nexoinformativo.mx\/#website"},"primaryImageOfPage":{"@id":"https:\/\/www.nexoinformativo.mx\/index.php\/2025\/06\/25\/el-marques-actua-rapido-garantiza-movilidad-y-seguridad-ante-fuertes-lluvias\/#primaryimage"},"image":{"@id":"https:\/\/www.nexoinformativo.mx\/index.php\/2025\/06\/25\/el-marques-actua-rapido-garantiza-movilidad-y-seguridad-ante-fuertes-lluvias\/#primaryimage"},"thumbnailUrl":"https:\/\/www.nexoinformativo.mx\/wp-content\/uploads\/2025\/06\/PHOTO-2025-06-25-11-35-10-scaled-e1750876144425.jpg","datePublished":"2025-06-25T13:00:22+00:00","dateModified":"2025-06-25T18:30:33+00:00","description":"El Marqu\u00e9s act\u00faa r\u00e1pido garantiza movilidad y seguridad ante fuertes lluvias","breadcrumb":{"@id":"https:\/\/www.nexoinformativo.mx\/index.php\/2025\/06\/25\/el-marques-actua-rapido-garantiza-movilidad-y-seguridad-ante-fuertes-lluvias\/#breadcrumb"},"inLanguage":"es","potentialAction":[{"@type":"ReadAction","target":["https:\/\/www.nexoinformativo.mx\/index.php\/2025\/06\/25\/el-marques-actua-rapido-garantiza-movilidad-y-seguridad-ante-fuertes-lluvias\/"]}]},{"@type":"ImageObject","inLanguage":"es","@id":"https:\/\/www.nexoinformativo.mx\/index.php\/2025\/06\/25\/el-marques-actua-rapido-garantiza-movilidad-y-seguridad-ante-fuertes-lluvias\/#primaryimage","url":"https:\/\/www.nexoinformativo.mx\/wp-content\/uploads\/2025\/06\/PHOTO-2025-06-25-11-35-10-scaled-e1750876144425.jpg","contentUrl":"https:\/\/www.nexoinformativo.mx\/wp-content\/uploads\/2025\/06\/PHOTO-2025-06-25-11-35-10-scaled-e1750876144425.jpg","width":800,"height":547},{"@type":"BreadcrumbList","@id":"https:\/\/www.nexoinformativo.mx\/index.php\/2025\/06\/25\/el-marques-actua-rapido-garantiza-movilidad-y-seguridad-ante-fuertes-lluvias\/#breadcrumb","itemListElement":[{"@type":"ListItem","position":1,"name":"Inicio","item":"https:\/\/www.nexoinformativo.mx\/"},{"@type":"ListItem","position":2,"name":"El Marqu\u00e9s act\u00faa r\u00e1pido garantiza movilidad y seguridad ante fuertes lluvias"}]},{"@type":"WebSite","@id":"https:\/\/www.nexoinformativo.mx\/#website","url":"https:\/\/www.nexoinformativo.mx\/","name":"Nexo Informativo Santiago de Quer\u00e9taro","description":"Explora NexoInformativo y convi\u00e9rtete en parte de una comunidad que valora el conocimiento y la verdad. Tu nexoinformativo es tu puente hacia una comprensi\u00f3n m\u00e1s profunda del mundo que te rodea.","publisher":{"@id":"https:\/\/www.nexoinformativo.mx\/#organization"},"potentialAction":[{"@type":"SearchAction","target":{"@type":"EntryPoint","urlTemplate":"https:\/\/www.nexoinformativo.mx\/?s={search_term_string}"},"query-input":{"@type":"PropertyValueSpecification","valueRequired":true,"valueName":"search_term_string"}}],"inLanguage":"es"},{"@type":"Organization","@id":"https:\/\/www.nexoinformativo.mx\/#organization","name":"Nexo Informativo Santiago de Quer\u00e9taro","url":"https:\/\/www.nexoinformativo.mx\/","logo":{"@type":"ImageObject","inLanguage":"es","@id":"https:\/\/www.nexoinformativo.mx\/#\/schema\/logo\/image\/","url":"https:\/\/www.nexoinformativo.mx\/wp-content\/uploads\/2024\/07\/nexoi-trasparente-2.png","contentUrl":"https:\/\/www.nexoinformativo.mx\/wp-content\/uploads\/2024\/07\/nexoi-trasparente-2.png","width":816,"height":339,"caption":"Nexo Informativo Santiago de Quer\u00e9taro"},"image":{"@id":"https:\/\/www.nexoinformativo.mx\/#\/schema\/logo\/image\/"},"sameAs":["https:\/\/www.facebook.com\/people\/Nexo-Informativo\/61564066885511\/"]},{"@type":"Person","@id":"https:\/\/www.nexoinformativo.mx\/#\/schema\/person\/7749d380ba08c8ca00d7bc76fd907b7d","name":"Nexo Informativo","image":{"@type":"ImageObject","inLanguage":"es","@id":"https:\/\/www.nexoinformativo.mx\/#\/schema\/person\/image\/","url":"https:\/\/secure.gravatar.com\/avatar\/dde2928154642a13d95f87ddf1ea9718fe2b46760a005c53e41ff5ad610704e6?s=96&d=mm&r=g","contentUrl":"https:\/\/secure.gravatar.com\/avatar\/dde2928154642a13d95f87ddf1ea9718fe2b46760a005c53e41ff5ad610704e6?s=96&d=mm&r=g","caption":"Nexo Informativo"},"url":"https:\/\/www.nexoinformativo.mx\/index.php\/author\/edicion\/"}]}},"_links":{"self":[{"href":"https:\/\/www.nexoinformativo.mx\/index.php\/wp-json\/wp\/v2\/posts\/16118","targetHints":{"allow":["GET"]}}],"collection":[{"href":"https:\/\/www.nexoinformativo.mx\/index.php\/wp-json\/wp\/v2\/posts"}],"about":[{"href":"https:\/\/www.nexoinformativo.mx\/index.php\/wp-json\/wp\/v2\/types\/post"}],"author":[{"embeddable":true,"href":"https:\/\/www.nexoinformativo.mx\/index.php\/wp-json\/wp\/v2\/users\/3"}],"replies":[{"embeddable":true,"href":"https:\/\/www.nexoinformativo.mx\/index.php\/wp-json\/wp\/v2\/comments?post=16118"}],"version-history":[{"count":4,"href":"https:\/\/www.nexoinformativo.mx\/index.php\/wp-json\/wp\/v2\/posts\/16118\/revisions"}],"predecessor-version":[{"id":16122,"href":"https:\/\/www.nexoinformativo.mx\/index.php\/wp-json\/wp\/v2\/posts\/16118\/revisions\/16122"}],"wp:featuredmedia":[{"embeddable":true,"href":"https:\/\/www.nexoinformativo.mx\/index.php\/wp-json\/wp\/v2\/media\/16119"}],"wp:attachment":[{"href":"https:\/\/www.nexoinformativo.mx\/index.php\/wp-json\/wp\/v2\/media?parent=16118"}],"wp:term":[{"taxonomy":"category","embeddable":true,"href":"https:\/\/www.nexoinformativo.mx\/index.php\/wp-json\/wp\/v2\/categories?post=16118"},{"taxonomy":"post_tag","embeddable":true,"href":"https:\/\/www.nexoinformativo.mx\/index.php\/wp-json\/wp\/v2\/tags?post=16118"}],"curies":[{"name":"wp","href":"https:\/\/api.w.org\/{rel}","templated":true}]}}