{"id":16124,"date":"2025-06-25T08:00:44","date_gmt":"2025-06-25T14:00:44","guid":{"rendered":"https:\/\/www.nexoinformativo.mx\/?p=16124"},"modified":"2025-06-25T12:39:31","modified_gmt":"2025-06-25T18:39:31","slug":"queretaro-de-aniversario-descubre-el-completo-programa-cultural-por-494-anos-de-fundacion","status":"publish","type":"post","link":"https:\/\/www.nexoinformativo.mx\/index.php\/2025\/06\/25\/queretaro-de-aniversario-descubre-el-completo-programa-cultural-por-494-anos-de-fundacion\/","title":{"rendered":"Quer\u00e9taro de Aniversario descubre el completo programa cultural por 494 a\u00f1os de fundaci\u00f3n"},"content":{"rendered":"<p style=\"text-align: justify;\">Con motivo de su 494 aniversario de fundaci\u00f3n, y coincidiendo con los 29 a\u00f1os de su declaratoria como Patrimonio Cultural de la Humanidad por la UNESCO, se ha presentado un programa conmemorativo lleno de actividades. Del 21 al 27 de julio, diversos recintos de la ciudad ser\u00e1n sede de eventos culturales, art\u00edsticos, educativos y recreativos para todas las edades.<\/p>\n<p>&nbsp;<\/p>\n<p style=\"text-align: justify;\">Durante una rueda de prensa en Punto M\u00e9xico, Mariana Ortiz, secretaria de Turismo del Municipio de Quer\u00e9taro, resalt\u00f3 la importancia de esta celebraci\u00f3n que busca promover el orgullo queretano y fomentar el turismo cultural.<\/p>\n<p>&nbsp;<\/p>\n<p style=\"text-align: justify;\">La cartelera es muy diversa e incluye desde conciertos estelares y talleres infantiles hasta puestas en escena, conferencias, conversatorios y exposiciones. Estos eventos se llevar\u00e1n a cabo en lugares emblem\u00e1ticos como el Teatro de la Ciudad, la Cineteca Rosal\u00edo Solano, la Alameda Hidalgo, bibliotecas p\u00fablicas y las plazas del Centro Hist\u00f3rico.<\/p>\n<p>&nbsp;<\/p>\n<p style=\"text-align: justify;\">Entre los eventos m\u00e1s esperados est\u00e1n las presentaciones de artistas nacionales como Kabah, Inna y Banda el Mexicano. Tambi\u00e9n habr\u00e1 un Macro Concierto de Bandas Sinf\u00f3nicas Juveniles, un emotivo homenaje al maestro Armando Manzanero y la puesta en escena del mito fundacional de la ciudad.<\/p>\n<p>&nbsp;<\/p>\n<p style=\"text-align: justify;\">Para que locales y visitantes redescubran la belleza de Quer\u00e9taro, se ofrecer\u00e1n recorridos tur\u00edsticos gratuitos en tranv\u00eda y unidades Skyline con modalidad Hop-On Hop-Off. Esto permitir\u00e1 explorar la traza urbana, los monumentos hist\u00f3ricos y la arquitectura virreinal del Centro Hist\u00f3rico.<\/p>\n<p>&nbsp;<\/p>\n<p style=\"text-align: justify;\">Las actividades se complementan con el programa Pasaporte Quer\u00e9taro, visitas guiadas a puntos clave de la capital, y un tianguis cultural y gastron\u00f3mico los d\u00edas 26 y 27 de julio, donde participar\u00e1n m\u00e1s de 30 productores locales.<\/p>\n<p>&nbsp;<\/p>\n<p style=\"text-align: justify;\">El municipio de Quer\u00e9taro extiende una cordial invitaci\u00f3n a todos, ciudadanos y turistas, para que se sumen a estos festejos y vivan la riqueza cultural, art\u00edstica y patrimonial que define a Quer\u00e9taro como uno de los destinos m\u00e1s importantes del pa\u00eds.<\/p>\n<p>&nbsp;<\/p>\n<p style=\"text-align: center;\"><em><strong>\u00a1Informaci\u00f3n que transforma!<\/strong><\/em><\/p>\n","protected":false},"excerpt":{"rendered":"<p>Con motivo de su 494 aniversario de fundaci\u00f3n, y coincidiendo con los 29 a\u00f1os de su declaratoria como Patrimonio Cultural de la Humanidad por la UNESCO, se ha presentado un programa conmemorativo lleno de actividades. Del 21 al 27 de julio, diversos recintos de la ciudad ser\u00e1n sede de eventos culturales, art\u00edsticos, educativos y recreativos para todas las edades.<\/p>\n","protected":false},"author":3,"featured_media":16125,"comment_status":"open","ping_status":"open","sticky":false,"template":"","format":"standard","meta":{"footnotes":""},"categories":[50,42,58],"tags":[4846,4847,4848,4849],"class_list":["post-16124","post","type-post","status-publish","format-standard","has-post-thumbnail","hentry","category-espectaculos","category-estado","category-ultima-hora","tag-aniversarioqueretaro","tag-culturaqro","tag-queretaropatrimonio","tag-turismocultural"],"yoast_head":"<!-- This site is optimized with the Yoast SEO plugin v25.0 - https:\/\/yoast.com\/wordpress\/plugins\/seo\/ -->\n<title>Quer\u00e9taro de Aniversario descubre el completo programa cultural por 494 a\u00f1os de fundaci\u00f3n | Nexo Informativo Santiago de Quer\u00e9taro<\/title>\n<meta name=\"description\" content=\"Quer\u00e9taro de Aniversario descubre el completo programa cultural por 494 a\u00f1os de fundaci\u00f3n\" \/>\n<meta name=\"robots\" content=\"index, follow, max-snippet:-1, max-image-preview:large, max-video-preview:-1\" \/>\n<link rel=\"canonical\" href=\"https:\/\/www.nexoinformativo.mx\/index.php\/2025\/06\/25\/queretaro-de-aniversario-descubre-el-completo-programa-cultural-por-494-anos-de-fundacion\/\" \/>\n<meta property=\"og:locale\" content=\"es_MX\" \/>\n<meta property=\"og:type\" content=\"article\" \/>\n<meta property=\"og:title\" content=\"Quer\u00e9taro de Aniversario descubre el completo programa cultural por 494 a\u00f1os de fundaci\u00f3n | Nexo Informativo Santiago de Quer\u00e9taro\" \/>\n<meta property=\"og:description\" content=\"Quer\u00e9taro de Aniversario descubre el completo programa cultural por 494 a\u00f1os de fundaci\u00f3n\" \/>\n<meta property=\"og:url\" content=\"https:\/\/www.nexoinformativo.mx\/index.php\/2025\/06\/25\/queretaro-de-aniversario-descubre-el-completo-programa-cultural-por-494-anos-de-fundacion\/\" \/>\n<meta property=\"og:site_name\" content=\"Nexo Informativo Santiago de Quer\u00e9taro\" \/>\n<meta property=\"article:publisher\" content=\"https:\/\/www.facebook.com\/people\/Nexo-Informativo\/61564066885511\/\" \/>\n<meta property=\"article:published_time\" content=\"2025-06-25T14:00:44+00:00\" \/>\n<meta property=\"article:modified_time\" content=\"2025-06-25T18:39:31+00:00\" \/>\n<meta property=\"og:image\" content=\"https:\/\/www.nexoinformativo.mx\/wp-content\/uploads\/2025\/06\/f5407e8d-4498-48f6-b69b-65d251340612-e1750876618513.jpg\" \/>\n\t<meta property=\"og:image:width\" content=\"800\" \/>\n\t<meta property=\"og:image:height\" content=\"665\" \/>\n\t<meta property=\"og:image:type\" content=\"image\/jpeg\" \/>\n<meta name=\"author\" content=\"Nexo Informativo\" \/>\n<meta name=\"twitter:card\" content=\"summary_large_image\" \/>\n<meta name=\"twitter:label1\" content=\"Escrito por\" \/>\n\t<meta name=\"twitter:data1\" content=\"Nexo Informativo\" \/>\n\t<meta name=\"twitter:label2\" content=\"Tiempo de lectura\" \/>\n\t<meta name=\"twitter:data2\" content=\"2 minutos\" \/>\n<script type=\"application\/ld+json\" class=\"yoast-schema-graph\">{\"@context\":\"https:\/\/schema.org\",\"@graph\":[{\"@type\":\"Article\",\"@id\":\"https:\/\/www.nexoinformativo.mx\/index.php\/2025\/06\/25\/queretaro-de-aniversario-descubre-el-completo-programa-cultural-por-494-anos-de-fundacion\/#article\",\"isPartOf\":{\"@id\":\"https:\/\/www.nexoinformativo.mx\/index.php\/2025\/06\/25\/queretaro-de-aniversario-descubre-el-completo-programa-cultural-por-494-anos-de-fundacion\/\"},\"author\":{\"name\":\"Nexo Informativo\",\"@id\":\"https:\/\/www.nexoinformativo.mx\/#\/schema\/person\/7749d380ba08c8ca00d7bc76fd907b7d\"},\"headline\":\"Quer\u00e9taro de Aniversario descubre el completo programa cultural por 494 a\u00f1os de fundaci\u00f3n\",\"datePublished\":\"2025-06-25T14:00:44+00:00\",\"dateModified\":\"2025-06-25T18:39:31+00:00\",\"mainEntityOfPage\":{\"@id\":\"https:\/\/www.nexoinformativo.mx\/index.php\/2025\/06\/25\/queretaro-de-aniversario-descubre-el-completo-programa-cultural-por-494-anos-de-fundacion\/\"},\"wordCount\":359,\"commentCount\":0,\"publisher\":{\"@id\":\"https:\/\/www.nexoinformativo.mx\/#organization\"},\"image\":{\"@id\":\"https:\/\/www.nexoinformativo.mx\/index.php\/2025\/06\/25\/queretaro-de-aniversario-descubre-el-completo-programa-cultural-por-494-anos-de-fundacion\/#primaryimage\"},\"thumbnailUrl\":\"https:\/\/www.nexoinformativo.mx\/wp-content\/uploads\/2025\/06\/f5407e8d-4498-48f6-b69b-65d251340612-e1750876618513.jpg\",\"keywords\":[\"AniversarioQuer\u00e9taro\",\"CulturaQRO\",\"Quer\u00e9taroPatrimonio\",\"TurismoCultural\"],\"articleSection\":[\"Espect\u00e1culos\",\"Estado\",\"\u00daltima Hora\"],\"inLanguage\":\"es\",\"potentialAction\":[{\"@type\":\"CommentAction\",\"name\":\"Comment\",\"target\":[\"https:\/\/www.nexoinformativo.mx\/index.php\/2025\/06\/25\/queretaro-de-aniversario-descubre-el-completo-programa-cultural-por-494-anos-de-fundacion\/#respond\"]}]},{\"@type\":\"WebPage\",\"@id\":\"https:\/\/www.nexoinformativo.mx\/index.php\/2025\/06\/25\/queretaro-de-aniversario-descubre-el-completo-programa-cultural-por-494-anos-de-fundacion\/\",\"url\":\"https:\/\/www.nexoinformativo.mx\/index.php\/2025\/06\/25\/queretaro-de-aniversario-descubre-el-completo-programa-cultural-por-494-anos-de-fundacion\/\",\"name\":\"Quer\u00e9taro de Aniversario descubre el completo programa cultural por 494 a\u00f1os de fundaci\u00f3n | Nexo Informativo Santiago de Quer\u00e9taro\",\"isPartOf\":{\"@id\":\"https:\/\/www.nexoinformativo.mx\/#website\"},\"primaryImageOfPage\":{\"@id\":\"https:\/\/www.nexoinformativo.mx\/index.php\/2025\/06\/25\/queretaro-de-aniversario-descubre-el-completo-programa-cultural-por-494-anos-de-fundacion\/#primaryimage\"},\"image\":{\"@id\":\"https:\/\/www.nexoinformativo.mx\/index.php\/2025\/06\/25\/queretaro-de-aniversario-descubre-el-completo-programa-cultural-por-494-anos-de-fundacion\/#primaryimage\"},\"thumbnailUrl\":\"https:\/\/www.nexoinformativo.mx\/wp-content\/uploads\/2025\/06\/f5407e8d-4498-48f6-b69b-65d251340612-e1750876618513.jpg\",\"datePublished\":\"2025-06-25T14:00:44+00:00\",\"dateModified\":\"2025-06-25T18:39:31+00:00\",\"description\":\"Quer\u00e9taro de Aniversario descubre el completo programa cultural por 494 a\u00f1os de fundaci\u00f3n\",\"breadcrumb\":{\"@id\":\"https:\/\/www.nexoinformativo.mx\/index.php\/2025\/06\/25\/queretaro-de-aniversario-descubre-el-completo-programa-cultural-por-494-anos-de-fundacion\/#breadcrumb\"},\"inLanguage\":\"es\",\"potentialAction\":[{\"@type\":\"ReadAction\",\"target\":[\"https:\/\/www.nexoinformativo.mx\/index.php\/2025\/06\/25\/queretaro-de-aniversario-descubre-el-completo-programa-cultural-por-494-anos-de-fundacion\/\"]}]},{\"@type\":\"ImageObject\",\"inLanguage\":\"es\",\"@id\":\"https:\/\/www.nexoinformativo.mx\/index.php\/2025\/06\/25\/queretaro-de-aniversario-descubre-el-completo-programa-cultural-por-494-anos-de-fundacion\/#primaryimage\",\"url\":\"https:\/\/www.nexoinformativo.mx\/wp-content\/uploads\/2025\/06\/f5407e8d-4498-48f6-b69b-65d251340612-e1750876618513.jpg\",\"contentUrl\":\"https:\/\/www.nexoinformativo.mx\/wp-content\/uploads\/2025\/06\/f5407e8d-4498-48f6-b69b-65d251340612-e1750876618513.jpg\",\"width\":800,\"height\":665},{\"@type\":\"BreadcrumbList\",\"@id\":\"https:\/\/www.nexoinformativo.mx\/index.php\/2025\/06\/25\/queretaro-de-aniversario-descubre-el-completo-programa-cultural-por-494-anos-de-fundacion\/#breadcrumb\",\"itemListElement\":[{\"@type\":\"ListItem\",\"position\":1,\"name\":\"Inicio\",\"item\":\"https:\/\/www.nexoinformativo.mx\/\"},{\"@type\":\"ListItem\",\"position\":2,\"name\":\"Quer\u00e9taro de Aniversario descubre el completo programa cultural por 494 a\u00f1os de fundaci\u00f3n\"}]},{\"@type\":\"WebSite\",\"@id\":\"https:\/\/www.nexoinformativo.mx\/#website\",\"url\":\"https:\/\/www.nexoinformativo.mx\/\",\"name\":\"Nexo Informativo Santiago de Quer\u00e9taro\",\"description\":\"Explora NexoInformativo y convi\u00e9rtete en parte de una comunidad que valora el conocimiento y la verdad. Tu nexoinformativo es tu puente hacia una comprensi\u00f3n m\u00e1s profunda del mundo que te rodea.\",\"publisher\":{\"@id\":\"https:\/\/www.nexoinformativo.mx\/#organization\"},\"potentialAction\":[{\"@type\":\"SearchAction\",\"target\":{\"@type\":\"EntryPoint\",\"urlTemplate\":\"https:\/\/www.nexoinformativo.mx\/?s={search_term_string}\"},\"query-input\":{\"@type\":\"PropertyValueSpecification\",\"valueRequired\":true,\"valueName\":\"search_term_string\"}}],\"inLanguage\":\"es\"},{\"@type\":\"Organization\",\"@id\":\"https:\/\/www.nexoinformativo.mx\/#organization\",\"name\":\"Nexo Informativo Santiago de Quer\u00e9taro\",\"url\":\"https:\/\/www.nexoinformativo.mx\/\",\"logo\":{\"@type\":\"ImageObject\",\"inLanguage\":\"es\",\"@id\":\"https:\/\/www.nexoinformativo.mx\/#\/schema\/logo\/image\/\",\"url\":\"https:\/\/www.nexoinformativo.mx\/wp-content\/uploads\/2024\/07\/nexoi-trasparente-2.png\",\"contentUrl\":\"https:\/\/www.nexoinformativo.mx\/wp-content\/uploads\/2024\/07\/nexoi-trasparente-2.png\",\"width\":816,\"height\":339,\"caption\":\"Nexo Informativo Santiago de Quer\u00e9taro\"},\"image\":{\"@id\":\"https:\/\/www.nexoinformativo.mx\/#\/schema\/logo\/image\/\"},\"sameAs\":[\"https:\/\/www.facebook.com\/people\/Nexo-Informativo\/61564066885511\/\"]},{\"@type\":\"Person\",\"@id\":\"https:\/\/www.nexoinformativo.mx\/#\/schema\/person\/7749d380ba08c8ca00d7bc76fd907b7d\",\"name\":\"Nexo Informativo\",\"image\":{\"@type\":\"ImageObject\",\"inLanguage\":\"es\",\"@id\":\"https:\/\/www.nexoinformativo.mx\/#\/schema\/person\/image\/\",\"url\":\"https:\/\/secure.gravatar.com\/avatar\/dde2928154642a13d95f87ddf1ea9718fe2b46760a005c53e41ff5ad610704e6?s=96&d=mm&r=g\",\"contentUrl\":\"https:\/\/secure.gravatar.com\/avatar\/dde2928154642a13d95f87ddf1ea9718fe2b46760a005c53e41ff5ad610704e6?s=96&d=mm&r=g\",\"caption\":\"Nexo Informativo\"},\"url\":\"https:\/\/www.nexoinformativo.mx\/index.php\/author\/edicion\/\"}]}<\/script>\n<!-- \/ Yoast SEO plugin. -->","yoast_head_json":{"title":"Quer\u00e9taro de Aniversario descubre el completo programa cultural por 494 a\u00f1os de fundaci\u00f3n | Nexo Informativo Santiago de Quer\u00e9taro","description":"Quer\u00e9taro de Aniversario descubre el completo programa cultural por 494 a\u00f1os de fundaci\u00f3n","robots":{"index":"index","follow":"follow","max-snippet":"max-snippet:-1","max-image-preview":"max-image-preview:large","max-video-preview":"max-video-preview:-1"},"canonical":"https:\/\/www.nexoinformativo.mx\/index.php\/2025\/06\/25\/queretaro-de-aniversario-descubre-el-completo-programa-cultural-por-494-anos-de-fundacion\/","og_locale":"es_MX","og_type":"article","og_title":"Quer\u00e9taro de Aniversario descubre el completo programa cultural por 494 a\u00f1os de fundaci\u00f3n | Nexo Informativo Santiago de Quer\u00e9taro","og_description":"Quer\u00e9taro de Aniversario descubre el completo programa cultural por 494 a\u00f1os de fundaci\u00f3n","og_url":"https:\/\/www.nexoinformativo.mx\/index.php\/2025\/06\/25\/queretaro-de-aniversario-descubre-el-completo-programa-cultural-por-494-anos-de-fundacion\/","og_site_name":"Nexo Informativo Santiago de Quer\u00e9taro","article_publisher":"https:\/\/www.facebook.com\/people\/Nexo-Informativo\/61564066885511\/","article_published_time":"2025-06-25T14:00:44+00:00","article_modified_time":"2025-06-25T18:39:31+00:00","og_image":[{"width":800,"height":665,"url":"https:\/\/www.nexoinformativo.mx\/wp-content\/uploads\/2025\/06\/f5407e8d-4498-48f6-b69b-65d251340612-e1750876618513.jpg","type":"image\/jpeg"}],"author":"Nexo Informativo","twitter_card":"summary_large_image","twitter_misc":{"Escrito por":"Nexo Informativo","Tiempo de lectura":"2 minutos"},"schema":{"@context":"https:\/\/schema.org","@graph":[{"@type":"Article","@id":"https:\/\/www.nexoinformativo.mx\/index.php\/2025\/06\/25\/queretaro-de-aniversario-descubre-el-completo-programa-cultural-por-494-anos-de-fundacion\/#article","isPartOf":{"@id":"https:\/\/www.nexoinformativo.mx\/index.php\/2025\/06\/25\/queretaro-de-aniversario-descubre-el-completo-programa-cultural-por-494-anos-de-fundacion\/"},"author":{"name":"Nexo Informativo","@id":"https:\/\/www.nexoinformativo.mx\/#\/schema\/person\/7749d380ba08c8ca00d7bc76fd907b7d"},"headline":"Quer\u00e9taro de Aniversario descubre el completo programa cultural por 494 a\u00f1os de fundaci\u00f3n","datePublished":"2025-06-25T14:00:44+00:00","dateModified":"2025-06-25T18:39:31+00:00","mainEntityOfPage":{"@id":"https:\/\/www.nexoinformativo.mx\/index.php\/2025\/06\/25\/queretaro-de-aniversario-descubre-el-completo-programa-cultural-por-494-anos-de-fundacion\/"},"wordCount":359,"commentCount":0,"publisher":{"@id":"https:\/\/www.nexoinformativo.mx\/#organization"},"image":{"@id":"https:\/\/www.nexoinformativo.mx\/index.php\/2025\/06\/25\/queretaro-de-aniversario-descubre-el-completo-programa-cultural-por-494-anos-de-fundacion\/#primaryimage"},"thumbnailUrl":"https:\/\/www.nexoinformativo.mx\/wp-content\/uploads\/2025\/06\/f5407e8d-4498-48f6-b69b-65d251340612-e1750876618513.jpg","keywords":["AniversarioQuer\u00e9taro","CulturaQRO","Quer\u00e9taroPatrimonio","TurismoCultural"],"articleSection":["Espect\u00e1culos","Estado","\u00daltima Hora"],"inLanguage":"es","potentialAction":[{"@type":"CommentAction","name":"Comment","target":["https:\/\/www.nexoinformativo.mx\/index.php\/2025\/06\/25\/queretaro-de-aniversario-descubre-el-completo-programa-cultural-por-494-anos-de-fundacion\/#respond"]}]},{"@type":"WebPage","@id":"https:\/\/www.nexoinformativo.mx\/index.php\/2025\/06\/25\/queretaro-de-aniversario-descubre-el-completo-programa-cultural-por-494-anos-de-fundacion\/","url":"https:\/\/www.nexoinformativo.mx\/index.php\/2025\/06\/25\/queretaro-de-aniversario-descubre-el-completo-programa-cultural-por-494-anos-de-fundacion\/","name":"Quer\u00e9taro de Aniversario descubre el completo programa cultural por 494 a\u00f1os de fundaci\u00f3n | Nexo Informativo Santiago de Quer\u00e9taro","isPartOf":{"@id":"https:\/\/www.nexoinformativo.mx\/#website"},"primaryImageOfPage":{"@id":"https:\/\/www.nexoinformativo.mx\/index.php\/2025\/06\/25\/queretaro-de-aniversario-descubre-el-completo-programa-cultural-por-494-anos-de-fundacion\/#primaryimage"},"image":{"@id":"https:\/\/www.nexoinformativo.mx\/index.php\/2025\/06\/25\/queretaro-de-aniversario-descubre-el-completo-programa-cultural-por-494-anos-de-fundacion\/#primaryimage"},"thumbnailUrl":"https:\/\/www.nexoinformativo.mx\/wp-content\/uploads\/2025\/06\/f5407e8d-4498-48f6-b69b-65d251340612-e1750876618513.jpg","datePublished":"2025-06-25T14:00:44+00:00","dateModified":"2025-06-25T18:39:31+00:00","description":"Quer\u00e9taro de Aniversario descubre el completo programa cultural por 494 a\u00f1os de fundaci\u00f3n","breadcrumb":{"@id":"https:\/\/www.nexoinformativo.mx\/index.php\/2025\/06\/25\/queretaro-de-aniversario-descubre-el-completo-programa-cultural-por-494-anos-de-fundacion\/#breadcrumb"},"inLanguage":"es","potentialAction":[{"@type":"ReadAction","target":["https:\/\/www.nexoinformativo.mx\/index.php\/2025\/06\/25\/queretaro-de-aniversario-descubre-el-completo-programa-cultural-por-494-anos-de-fundacion\/"]}]},{"@type":"ImageObject","inLanguage":"es","@id":"https:\/\/www.nexoinformativo.mx\/index.php\/2025\/06\/25\/queretaro-de-aniversario-descubre-el-completo-programa-cultural-por-494-anos-de-fundacion\/#primaryimage","url":"https:\/\/www.nexoinformativo.mx\/wp-content\/uploads\/2025\/06\/f5407e8d-4498-48f6-b69b-65d251340612-e1750876618513.jpg","contentUrl":"https:\/\/www.nexoinformativo.mx\/wp-content\/uploads\/2025\/06\/f5407e8d-4498-48f6-b69b-65d251340612-e1750876618513.jpg","width":800,"height":665},{"@type":"BreadcrumbList","@id":"https:\/\/www.nexoinformativo.mx\/index.php\/2025\/06\/25\/queretaro-de-aniversario-descubre-el-completo-programa-cultural-por-494-anos-de-fundacion\/#breadcrumb","itemListElement":[{"@type":"ListItem","position":1,"name":"Inicio","item":"https:\/\/www.nexoinformativo.mx\/"},{"@type":"ListItem","position":2,"name":"Quer\u00e9taro de Aniversario descubre el completo programa cultural por 494 a\u00f1os de fundaci\u00f3n"}]},{"@type":"WebSite","@id":"https:\/\/www.nexoinformativo.mx\/#website","url":"https:\/\/www.nexoinformativo.mx\/","name":"Nexo Informativo Santiago de Quer\u00e9taro","description":"Explora NexoInformativo y convi\u00e9rtete en parte de una comunidad que valora el conocimiento y la verdad. Tu nexoinformativo es tu puente hacia una comprensi\u00f3n m\u00e1s profunda del mundo que te rodea.","publisher":{"@id":"https:\/\/www.nexoinformativo.mx\/#organization"},"potentialAction":[{"@type":"SearchAction","target":{"@type":"EntryPoint","urlTemplate":"https:\/\/www.nexoinformativo.mx\/?s={search_term_string}"},"query-input":{"@type":"PropertyValueSpecification","valueRequired":true,"valueName":"search_term_string"}}],"inLanguage":"es"},{"@type":"Organization","@id":"https:\/\/www.nexoinformativo.mx\/#organization","name":"Nexo Informativo Santiago de Quer\u00e9taro","url":"https:\/\/www.nexoinformativo.mx\/","logo":{"@type":"ImageObject","inLanguage":"es","@id":"https:\/\/www.nexoinformativo.mx\/#\/schema\/logo\/image\/","url":"https:\/\/www.nexoinformativo.mx\/wp-content\/uploads\/2024\/07\/nexoi-trasparente-2.png","contentUrl":"https:\/\/www.nexoinformativo.mx\/wp-content\/uploads\/2024\/07\/nexoi-trasparente-2.png","width":816,"height":339,"caption":"Nexo Informativo Santiago de Quer\u00e9taro"},"image":{"@id":"https:\/\/www.nexoinformativo.mx\/#\/schema\/logo\/image\/"},"sameAs":["https:\/\/www.facebook.com\/people\/Nexo-Informativo\/61564066885511\/"]},{"@type":"Person","@id":"https:\/\/www.nexoinformativo.mx\/#\/schema\/person\/7749d380ba08c8ca00d7bc76fd907b7d","name":"Nexo Informativo","image":{"@type":"ImageObject","inLanguage":"es","@id":"https:\/\/www.nexoinformativo.mx\/#\/schema\/person\/image\/","url":"https:\/\/secure.gravatar.com\/avatar\/dde2928154642a13d95f87ddf1ea9718fe2b46760a005c53e41ff5ad610704e6?s=96&d=mm&r=g","contentUrl":"https:\/\/secure.gravatar.com\/avatar\/dde2928154642a13d95f87ddf1ea9718fe2b46760a005c53e41ff5ad610704e6?s=96&d=mm&r=g","caption":"Nexo Informativo"},"url":"https:\/\/www.nexoinformativo.mx\/index.php\/author\/edicion\/"}]}},"_links":{"self":[{"href":"https:\/\/www.nexoinformativo.mx\/index.php\/wp-json\/wp\/v2\/posts\/16124","targetHints":{"allow":["GET"]}}],"collection":[{"href":"https:\/\/www.nexoinformativo.mx\/index.php\/wp-json\/wp\/v2\/posts"}],"about":[{"href":"https:\/\/www.nexoinformativo.mx\/index.php\/wp-json\/wp\/v2\/types\/post"}],"author":[{"embeddable":true,"href":"https:\/\/www.nexoinformativo.mx\/index.php\/wp-json\/wp\/v2\/users\/3"}],"replies":[{"embeddable":true,"href":"https:\/\/www.nexoinformativo.mx\/index.php\/wp-json\/wp\/v2\/comments?post=16124"}],"version-history":[{"count":4,"href":"https:\/\/www.nexoinformativo.mx\/index.php\/wp-json\/wp\/v2\/posts\/16124\/revisions"}],"predecessor-version":[{"id":16128,"href":"https:\/\/www.nexoinformativo.mx\/index.php\/wp-json\/wp\/v2\/posts\/16124\/revisions\/16128"}],"wp:featuredmedia":[{"embeddable":true,"href":"https:\/\/www.nexoinformativo.mx\/index.php\/wp-json\/wp\/v2\/media\/16125"}],"wp:attachment":[{"href":"https:\/\/www.nexoinformativo.mx\/index.php\/wp-json\/wp\/v2\/media?parent=16124"}],"wp:term":[{"taxonomy":"category","embeddable":true,"href":"https:\/\/www.nexoinformativo.mx\/index.php\/wp-json\/wp\/v2\/categories?post=16124"},{"taxonomy":"post_tag","embeddable":true,"href":"https:\/\/www.nexoinformativo.mx\/index.php\/wp-json\/wp\/v2\/tags?post=16124"}],"curies":[{"name":"wp","href":"https:\/\/api.w.org\/{rel}","templated":true}]}}