{"id":16130,"date":"2025-06-25T09:00:42","date_gmt":"2025-06-25T15:00:42","guid":{"rendered":"https:\/\/www.nexoinformativo.mx\/?p=16130"},"modified":"2025-06-25T12:44:30","modified_gmt":"2025-06-25T18:44:30","slug":"mexico-responde-a-la-onu-rechaza-acusaciones-de-desapariciones-forzadas-sistematicas-por-el-estado","status":"publish","type":"post","link":"https:\/\/www.nexoinformativo.mx\/index.php\/2025\/06\/25\/mexico-responde-a-la-onu-rechaza-acusaciones-de-desapariciones-forzadas-sistematicas-por-el-estado\/","title":{"rendered":"M\u00e9xico Responde a la ONU rechaza acusaciones de desapariciones forzadas sistem\u00e1ticas por el estado"},"content":{"rendered":"<p style=\"text-align: justify;\">El Gobierno de M\u00e9xico ha rechazado categ\u00f3ricamente las acusaciones de que en el pa\u00eds existan desapariciones forzadas sistem\u00e1ticas y generalizadas por parte del Estado.<\/p>\n<p>&nbsp;<\/p>\n<p style=\"text-align: justify;\">Esto, luego de que el Comit\u00e9 de la Convenci\u00f3n de Desaparici\u00f3n Forzada de la ONU anunciara la pr\u00f3xima publicaci\u00f3n de una solicitud de informaci\u00f3n a M\u00e9xico, como parte de un proceso iniciado en abril de este a\u00f1o bajo el art\u00edculo 34 de la Convenci\u00f3n.<\/p>\n<p>&nbsp;<\/p>\n<p style=\"text-align: justify;\">En un comunicado conjunto emitido por las secretar\u00edas de Gobernaci\u00f3n y Relaciones Exteriores, M\u00e9xico afirm\u00f3 que los se\u00f1alamientos o insinuaciones en ese sentido carecen de sustento y son inaceptables.<\/p>\n<p>&nbsp;<\/p>\n<p style=\"text-align: justify;\">El Gobierno Mexicano reiter\u00f3 su compromiso con el combate al delito de desaparici\u00f3n de personas.<\/p>\n<\/p>\n<p>&nbsp;<\/p>\n<p>Destac\u00f3 que, en los gobiernos de la Cuarta Transformaci\u00f3n, no se promueve ni se tolera la desaparici\u00f3n forzada. Adem\u00e1s, se asegur\u00f3 que cualquier servidor p\u00fablico que incurra en este delito ser\u00e1 investigado y, en su caso, sancionado conforme a la ley, sin excepci\u00f3n.<\/p>\n<p>&nbsp;<\/p>\n<p style=\"text-align: justify;\">Actualmente, M\u00e9xico est\u00e1 trabajando con colectivos y familiares de personas desaparecidas en el marco de nuevas iniciativas de ley para atender este flagelo de manera integral, incluyendo a las v\u00edctimas indirectas.<\/p>\n<p>&nbsp;<\/p>\n<p style=\"text-align: justify;\">Las instituciones del Estado mexicano confirmaron que continuar\u00e1n cooperando con los mecanismos internacionales de protecci\u00f3n de los derechos humanos y dar\u00e1n una respuesta puntual a esta solicitud de la ONU, en los tiempos requeridos.<\/p>\n<p>&nbsp;<\/p>\n<p style=\"text-align: center;\"><em><strong>\u00a1Informaci\u00f3n que transforma!<\/strong><\/em><\/p>\n","protected":false},"excerpt":{"rendered":"<p>El Gobierno de M\u00e9xico ha rechazado categ\u00f3ricamente las acusaciones de que en el pa\u00eds existan desapariciones forzadas sistem\u00e1ticas y generalizadas por parte del Estado.<\/p>\n","protected":false},"author":3,"featured_media":16131,"comment_status":"open","ping_status":"open","sticky":false,"template":"","format":"standard","meta":{"footnotes":""},"categories":[88,58],"tags":[4851,4850,1610,1675],"class_list":["post-16130","post","type-post","status-publish","format-standard","has-post-thumbnail","hentry","category-nacional","category-ultima-hora","tag-ddhh","tag-desaparicionesmx","tag-mexico","tag-onu"],"yoast_head":"<!-- This site is optimized with the Yoast SEO plugin v25.0 - https:\/\/yoast.com\/wordpress\/plugins\/seo\/ -->\n<title>M\u00e9xico Responde a la ONU rechaza acusaciones de desapariciones forzadas sistem\u00e1ticas por el estado | Nexo Informativo Santiago de Quer\u00e9taro<\/title>\n<meta name=\"description\" content=\"M\u00e9xico Responde a la ONU rechaza acusaciones de desapariciones forzadas sistem\u00e1ticas por el estado\" \/>\n<meta name=\"robots\" content=\"index, follow, max-snippet:-1, max-image-preview:large, max-video-preview:-1\" \/>\n<link rel=\"canonical\" href=\"https:\/\/www.nexoinformativo.mx\/index.php\/2025\/06\/25\/mexico-responde-a-la-onu-rechaza-acusaciones-de-desapariciones-forzadas-sistematicas-por-el-estado\/\" \/>\n<meta property=\"og:locale\" content=\"es_MX\" \/>\n<meta property=\"og:type\" content=\"article\" \/>\n<meta property=\"og:title\" content=\"M\u00e9xico Responde a la ONU rechaza acusaciones de desapariciones forzadas sistem\u00e1ticas por el estado | Nexo Informativo Santiago de Quer\u00e9taro\" \/>\n<meta property=\"og:description\" content=\"M\u00e9xico Responde a la ONU rechaza acusaciones de desapariciones forzadas sistem\u00e1ticas por el estado\" \/>\n<meta property=\"og:url\" content=\"https:\/\/www.nexoinformativo.mx\/index.php\/2025\/06\/25\/mexico-responde-a-la-onu-rechaza-acusaciones-de-desapariciones-forzadas-sistematicas-por-el-estado\/\" \/>\n<meta property=\"og:site_name\" content=\"Nexo Informativo Santiago de Quer\u00e9taro\" \/>\n<meta property=\"article:publisher\" content=\"https:\/\/www.facebook.com\/people\/Nexo-Informativo\/61564066885511\/\" \/>\n<meta property=\"article:published_time\" content=\"2025-06-25T15:00:42+00:00\" \/>\n<meta property=\"article:modified_time\" content=\"2025-06-25T18:44:30+00:00\" \/>\n<meta property=\"og:image\" content=\"https:\/\/www.nexoinformativo.mx\/wp-content\/uploads\/2025\/06\/2747fd82-5dec-4cba-bcbe-1305b445e3f6.jpg\" \/>\n\t<meta property=\"og:image:width\" content=\"678\" \/>\n\t<meta property=\"og:image:height\" content=\"452\" \/>\n\t<meta property=\"og:image:type\" content=\"image\/jpeg\" \/>\n<meta name=\"author\" content=\"Nexo Informativo\" \/>\n<meta name=\"twitter:card\" content=\"summary_large_image\" \/>\n<meta name=\"twitter:label1\" content=\"Escrito por\" \/>\n\t<meta name=\"twitter:data1\" content=\"Nexo Informativo\" \/>\n\t<meta name=\"twitter:label2\" content=\"Tiempo de lectura\" \/>\n\t<meta name=\"twitter:data2\" content=\"2 minutos\" \/>\n<script type=\"application\/ld+json\" class=\"yoast-schema-graph\">{\"@context\":\"https:\/\/schema.org\",\"@graph\":[{\"@type\":\"Article\",\"@id\":\"https:\/\/www.nexoinformativo.mx\/index.php\/2025\/06\/25\/mexico-responde-a-la-onu-rechaza-acusaciones-de-desapariciones-forzadas-sistematicas-por-el-estado\/#article\",\"isPartOf\":{\"@id\":\"https:\/\/www.nexoinformativo.mx\/index.php\/2025\/06\/25\/mexico-responde-a-la-onu-rechaza-acusaciones-de-desapariciones-forzadas-sistematicas-por-el-estado\/\"},\"author\":{\"name\":\"Nexo Informativo\",\"@id\":\"https:\/\/www.nexoinformativo.mx\/#\/schema\/person\/7749d380ba08c8ca00d7bc76fd907b7d\"},\"headline\":\"M\u00e9xico Responde a la ONU rechaza acusaciones de desapariciones forzadas sistem\u00e1ticas por el estado\",\"datePublished\":\"2025-06-25T15:00:42+00:00\",\"dateModified\":\"2025-06-25T18:44:30+00:00\",\"mainEntityOfPage\":{\"@id\":\"https:\/\/www.nexoinformativo.mx\/index.php\/2025\/06\/25\/mexico-responde-a-la-onu-rechaza-acusaciones-de-desapariciones-forzadas-sistematicas-por-el-estado\/\"},\"wordCount\":274,\"commentCount\":0,\"publisher\":{\"@id\":\"https:\/\/www.nexoinformativo.mx\/#organization\"},\"image\":{\"@id\":\"https:\/\/www.nexoinformativo.mx\/index.php\/2025\/06\/25\/mexico-responde-a-la-onu-rechaza-acusaciones-de-desapariciones-forzadas-sistematicas-por-el-estado\/#primaryimage\"},\"thumbnailUrl\":\"https:\/\/www.nexoinformativo.mx\/wp-content\/uploads\/2025\/06\/2747fd82-5dec-4cba-bcbe-1305b445e3f6.jpg\",\"keywords\":[\"DDHH\",\"DesaparicionesMX\",\"M\u00e9xico\",\"ONU\"],\"articleSection\":[\"Nacional\",\"\u00daltima Hora\"],\"inLanguage\":\"es\",\"potentialAction\":[{\"@type\":\"CommentAction\",\"name\":\"Comment\",\"target\":[\"https:\/\/www.nexoinformativo.mx\/index.php\/2025\/06\/25\/mexico-responde-a-la-onu-rechaza-acusaciones-de-desapariciones-forzadas-sistematicas-por-el-estado\/#respond\"]}]},{\"@type\":\"WebPage\",\"@id\":\"https:\/\/www.nexoinformativo.mx\/index.php\/2025\/06\/25\/mexico-responde-a-la-onu-rechaza-acusaciones-de-desapariciones-forzadas-sistematicas-por-el-estado\/\",\"url\":\"https:\/\/www.nexoinformativo.mx\/index.php\/2025\/06\/25\/mexico-responde-a-la-onu-rechaza-acusaciones-de-desapariciones-forzadas-sistematicas-por-el-estado\/\",\"name\":\"M\u00e9xico Responde a la ONU rechaza acusaciones de desapariciones forzadas sistem\u00e1ticas por el estado | Nexo Informativo Santiago de Quer\u00e9taro\",\"isPartOf\":{\"@id\":\"https:\/\/www.nexoinformativo.mx\/#website\"},\"primaryImageOfPage\":{\"@id\":\"https:\/\/www.nexoinformativo.mx\/index.php\/2025\/06\/25\/mexico-responde-a-la-onu-rechaza-acusaciones-de-desapariciones-forzadas-sistematicas-por-el-estado\/#primaryimage\"},\"image\":{\"@id\":\"https:\/\/www.nexoinformativo.mx\/index.php\/2025\/06\/25\/mexico-responde-a-la-onu-rechaza-acusaciones-de-desapariciones-forzadas-sistematicas-por-el-estado\/#primaryimage\"},\"thumbnailUrl\":\"https:\/\/www.nexoinformativo.mx\/wp-content\/uploads\/2025\/06\/2747fd82-5dec-4cba-bcbe-1305b445e3f6.jpg\",\"datePublished\":\"2025-06-25T15:00:42+00:00\",\"dateModified\":\"2025-06-25T18:44:30+00:00\",\"description\":\"M\u00e9xico Responde a la ONU rechaza acusaciones de desapariciones forzadas sistem\u00e1ticas por el estado\",\"breadcrumb\":{\"@id\":\"https:\/\/www.nexoinformativo.mx\/index.php\/2025\/06\/25\/mexico-responde-a-la-onu-rechaza-acusaciones-de-desapariciones-forzadas-sistematicas-por-el-estado\/#breadcrumb\"},\"inLanguage\":\"es\",\"potentialAction\":[{\"@type\":\"ReadAction\",\"target\":[\"https:\/\/www.nexoinformativo.mx\/index.php\/2025\/06\/25\/mexico-responde-a-la-onu-rechaza-acusaciones-de-desapariciones-forzadas-sistematicas-por-el-estado\/\"]}]},{\"@type\":\"ImageObject\",\"inLanguage\":\"es\",\"@id\":\"https:\/\/www.nexoinformativo.mx\/index.php\/2025\/06\/25\/mexico-responde-a-la-onu-rechaza-acusaciones-de-desapariciones-forzadas-sistematicas-por-el-estado\/#primaryimage\",\"url\":\"https:\/\/www.nexoinformativo.mx\/wp-content\/uploads\/2025\/06\/2747fd82-5dec-4cba-bcbe-1305b445e3f6.jpg\",\"contentUrl\":\"https:\/\/www.nexoinformativo.mx\/wp-content\/uploads\/2025\/06\/2747fd82-5dec-4cba-bcbe-1305b445e3f6.jpg\",\"width\":678,\"height\":452},{\"@type\":\"BreadcrumbList\",\"@id\":\"https:\/\/www.nexoinformativo.mx\/index.php\/2025\/06\/25\/mexico-responde-a-la-onu-rechaza-acusaciones-de-desapariciones-forzadas-sistematicas-por-el-estado\/#breadcrumb\",\"itemListElement\":[{\"@type\":\"ListItem\",\"position\":1,\"name\":\"Inicio\",\"item\":\"https:\/\/www.nexoinformativo.mx\/\"},{\"@type\":\"ListItem\",\"position\":2,\"name\":\"M\u00e9xico Responde a la ONU rechaza acusaciones de desapariciones forzadas sistem\u00e1ticas por el estado\"}]},{\"@type\":\"WebSite\",\"@id\":\"https:\/\/www.nexoinformativo.mx\/#website\",\"url\":\"https:\/\/www.nexoinformativo.mx\/\",\"name\":\"Nexo Informativo Santiago de Quer\u00e9taro\",\"description\":\"Explora NexoInformativo y convi\u00e9rtete en parte de una comunidad que valora el conocimiento y la verdad. Tu nexoinformativo es tu puente hacia una comprensi\u00f3n m\u00e1s profunda del mundo que te rodea.\",\"publisher\":{\"@id\":\"https:\/\/www.nexoinformativo.mx\/#organization\"},\"potentialAction\":[{\"@type\":\"SearchAction\",\"target\":{\"@type\":\"EntryPoint\",\"urlTemplate\":\"https:\/\/www.nexoinformativo.mx\/?s={search_term_string}\"},\"query-input\":{\"@type\":\"PropertyValueSpecification\",\"valueRequired\":true,\"valueName\":\"search_term_string\"}}],\"inLanguage\":\"es\"},{\"@type\":\"Organization\",\"@id\":\"https:\/\/www.nexoinformativo.mx\/#organization\",\"name\":\"Nexo Informativo Santiago de Quer\u00e9taro\",\"url\":\"https:\/\/www.nexoinformativo.mx\/\",\"logo\":{\"@type\":\"ImageObject\",\"inLanguage\":\"es\",\"@id\":\"https:\/\/www.nexoinformativo.mx\/#\/schema\/logo\/image\/\",\"url\":\"https:\/\/www.nexoinformativo.mx\/wp-content\/uploads\/2024\/07\/nexoi-trasparente-2.png\",\"contentUrl\":\"https:\/\/www.nexoinformativo.mx\/wp-content\/uploads\/2024\/07\/nexoi-trasparente-2.png\",\"width\":816,\"height\":339,\"caption\":\"Nexo Informativo Santiago de Quer\u00e9taro\"},\"image\":{\"@id\":\"https:\/\/www.nexoinformativo.mx\/#\/schema\/logo\/image\/\"},\"sameAs\":[\"https:\/\/www.facebook.com\/people\/Nexo-Informativo\/61564066885511\/\"]},{\"@type\":\"Person\",\"@id\":\"https:\/\/www.nexoinformativo.mx\/#\/schema\/person\/7749d380ba08c8ca00d7bc76fd907b7d\",\"name\":\"Nexo Informativo\",\"image\":{\"@type\":\"ImageObject\",\"inLanguage\":\"es\",\"@id\":\"https:\/\/www.nexoinformativo.mx\/#\/schema\/person\/image\/\",\"url\":\"https:\/\/secure.gravatar.com\/avatar\/dde2928154642a13d95f87ddf1ea9718fe2b46760a005c53e41ff5ad610704e6?s=96&d=mm&r=g\",\"contentUrl\":\"https:\/\/secure.gravatar.com\/avatar\/dde2928154642a13d95f87ddf1ea9718fe2b46760a005c53e41ff5ad610704e6?s=96&d=mm&r=g\",\"caption\":\"Nexo Informativo\"},\"url\":\"https:\/\/www.nexoinformativo.mx\/index.php\/author\/edicion\/\"}]}<\/script>\n<!-- \/ Yoast SEO plugin. -->","yoast_head_json":{"title":"M\u00e9xico Responde a la ONU rechaza acusaciones de desapariciones forzadas sistem\u00e1ticas por el estado | Nexo Informativo Santiago de Quer\u00e9taro","description":"M\u00e9xico Responde a la ONU rechaza acusaciones de desapariciones forzadas sistem\u00e1ticas por el estado","robots":{"index":"index","follow":"follow","max-snippet":"max-snippet:-1","max-image-preview":"max-image-preview:large","max-video-preview":"max-video-preview:-1"},"canonical":"https:\/\/www.nexoinformativo.mx\/index.php\/2025\/06\/25\/mexico-responde-a-la-onu-rechaza-acusaciones-de-desapariciones-forzadas-sistematicas-por-el-estado\/","og_locale":"es_MX","og_type":"article","og_title":"M\u00e9xico Responde a la ONU rechaza acusaciones de desapariciones forzadas sistem\u00e1ticas por el estado | Nexo Informativo Santiago de Quer\u00e9taro","og_description":"M\u00e9xico Responde a la ONU rechaza acusaciones de desapariciones forzadas sistem\u00e1ticas por el estado","og_url":"https:\/\/www.nexoinformativo.mx\/index.php\/2025\/06\/25\/mexico-responde-a-la-onu-rechaza-acusaciones-de-desapariciones-forzadas-sistematicas-por-el-estado\/","og_site_name":"Nexo Informativo Santiago de Quer\u00e9taro","article_publisher":"https:\/\/www.facebook.com\/people\/Nexo-Informativo\/61564066885511\/","article_published_time":"2025-06-25T15:00:42+00:00","article_modified_time":"2025-06-25T18:44:30+00:00","og_image":[{"width":678,"height":452,"url":"https:\/\/www.nexoinformativo.mx\/wp-content\/uploads\/2025\/06\/2747fd82-5dec-4cba-bcbe-1305b445e3f6.jpg","type":"image\/jpeg"}],"author":"Nexo Informativo","twitter_card":"summary_large_image","twitter_misc":{"Escrito por":"Nexo Informativo","Tiempo de lectura":"2 minutos"},"schema":{"@context":"https:\/\/schema.org","@graph":[{"@type":"Article","@id":"https:\/\/www.nexoinformativo.mx\/index.php\/2025\/06\/25\/mexico-responde-a-la-onu-rechaza-acusaciones-de-desapariciones-forzadas-sistematicas-por-el-estado\/#article","isPartOf":{"@id":"https:\/\/www.nexoinformativo.mx\/index.php\/2025\/06\/25\/mexico-responde-a-la-onu-rechaza-acusaciones-de-desapariciones-forzadas-sistematicas-por-el-estado\/"},"author":{"name":"Nexo Informativo","@id":"https:\/\/www.nexoinformativo.mx\/#\/schema\/person\/7749d380ba08c8ca00d7bc76fd907b7d"},"headline":"M\u00e9xico Responde a la ONU rechaza acusaciones de desapariciones forzadas sistem\u00e1ticas por el estado","datePublished":"2025-06-25T15:00:42+00:00","dateModified":"2025-06-25T18:44:30+00:00","mainEntityOfPage":{"@id":"https:\/\/www.nexoinformativo.mx\/index.php\/2025\/06\/25\/mexico-responde-a-la-onu-rechaza-acusaciones-de-desapariciones-forzadas-sistematicas-por-el-estado\/"},"wordCount":274,"commentCount":0,"publisher":{"@id":"https:\/\/www.nexoinformativo.mx\/#organization"},"image":{"@id":"https:\/\/www.nexoinformativo.mx\/index.php\/2025\/06\/25\/mexico-responde-a-la-onu-rechaza-acusaciones-de-desapariciones-forzadas-sistematicas-por-el-estado\/#primaryimage"},"thumbnailUrl":"https:\/\/www.nexoinformativo.mx\/wp-content\/uploads\/2025\/06\/2747fd82-5dec-4cba-bcbe-1305b445e3f6.jpg","keywords":["DDHH","DesaparicionesMX","M\u00e9xico","ONU"],"articleSection":["Nacional","\u00daltima Hora"],"inLanguage":"es","potentialAction":[{"@type":"CommentAction","name":"Comment","target":["https:\/\/www.nexoinformativo.mx\/index.php\/2025\/06\/25\/mexico-responde-a-la-onu-rechaza-acusaciones-de-desapariciones-forzadas-sistematicas-por-el-estado\/#respond"]}]},{"@type":"WebPage","@id":"https:\/\/www.nexoinformativo.mx\/index.php\/2025\/06\/25\/mexico-responde-a-la-onu-rechaza-acusaciones-de-desapariciones-forzadas-sistematicas-por-el-estado\/","url":"https:\/\/www.nexoinformativo.mx\/index.php\/2025\/06\/25\/mexico-responde-a-la-onu-rechaza-acusaciones-de-desapariciones-forzadas-sistematicas-por-el-estado\/","name":"M\u00e9xico Responde a la ONU rechaza acusaciones de desapariciones forzadas sistem\u00e1ticas por el estado | Nexo Informativo Santiago de Quer\u00e9taro","isPartOf":{"@id":"https:\/\/www.nexoinformativo.mx\/#website"},"primaryImageOfPage":{"@id":"https:\/\/www.nexoinformativo.mx\/index.php\/2025\/06\/25\/mexico-responde-a-la-onu-rechaza-acusaciones-de-desapariciones-forzadas-sistematicas-por-el-estado\/#primaryimage"},"image":{"@id":"https:\/\/www.nexoinformativo.mx\/index.php\/2025\/06\/25\/mexico-responde-a-la-onu-rechaza-acusaciones-de-desapariciones-forzadas-sistematicas-por-el-estado\/#primaryimage"},"thumbnailUrl":"https:\/\/www.nexoinformativo.mx\/wp-content\/uploads\/2025\/06\/2747fd82-5dec-4cba-bcbe-1305b445e3f6.jpg","datePublished":"2025-06-25T15:00:42+00:00","dateModified":"2025-06-25T18:44:30+00:00","description":"M\u00e9xico Responde a la ONU rechaza acusaciones de desapariciones forzadas sistem\u00e1ticas por el estado","breadcrumb":{"@id":"https:\/\/www.nexoinformativo.mx\/index.php\/2025\/06\/25\/mexico-responde-a-la-onu-rechaza-acusaciones-de-desapariciones-forzadas-sistematicas-por-el-estado\/#breadcrumb"},"inLanguage":"es","potentialAction":[{"@type":"ReadAction","target":["https:\/\/www.nexoinformativo.mx\/index.php\/2025\/06\/25\/mexico-responde-a-la-onu-rechaza-acusaciones-de-desapariciones-forzadas-sistematicas-por-el-estado\/"]}]},{"@type":"ImageObject","inLanguage":"es","@id":"https:\/\/www.nexoinformativo.mx\/index.php\/2025\/06\/25\/mexico-responde-a-la-onu-rechaza-acusaciones-de-desapariciones-forzadas-sistematicas-por-el-estado\/#primaryimage","url":"https:\/\/www.nexoinformativo.mx\/wp-content\/uploads\/2025\/06\/2747fd82-5dec-4cba-bcbe-1305b445e3f6.jpg","contentUrl":"https:\/\/www.nexoinformativo.mx\/wp-content\/uploads\/2025\/06\/2747fd82-5dec-4cba-bcbe-1305b445e3f6.jpg","width":678,"height":452},{"@type":"BreadcrumbList","@id":"https:\/\/www.nexoinformativo.mx\/index.php\/2025\/06\/25\/mexico-responde-a-la-onu-rechaza-acusaciones-de-desapariciones-forzadas-sistematicas-por-el-estado\/#breadcrumb","itemListElement":[{"@type":"ListItem","position":1,"name":"Inicio","item":"https:\/\/www.nexoinformativo.mx\/"},{"@type":"ListItem","position":2,"name":"M\u00e9xico Responde a la ONU rechaza acusaciones de desapariciones forzadas sistem\u00e1ticas por el estado"}]},{"@type":"WebSite","@id":"https:\/\/www.nexoinformativo.mx\/#website","url":"https:\/\/www.nexoinformativo.mx\/","name":"Nexo Informativo Santiago de Quer\u00e9taro","description":"Explora NexoInformativo y convi\u00e9rtete en parte de una comunidad que valora el conocimiento y la verdad. Tu nexoinformativo es tu puente hacia una comprensi\u00f3n m\u00e1s profunda del mundo que te rodea.","publisher":{"@id":"https:\/\/www.nexoinformativo.mx\/#organization"},"potentialAction":[{"@type":"SearchAction","target":{"@type":"EntryPoint","urlTemplate":"https:\/\/www.nexoinformativo.mx\/?s={search_term_string}"},"query-input":{"@type":"PropertyValueSpecification","valueRequired":true,"valueName":"search_term_string"}}],"inLanguage":"es"},{"@type":"Organization","@id":"https:\/\/www.nexoinformativo.mx\/#organization","name":"Nexo Informativo Santiago de Quer\u00e9taro","url":"https:\/\/www.nexoinformativo.mx\/","logo":{"@type":"ImageObject","inLanguage":"es","@id":"https:\/\/www.nexoinformativo.mx\/#\/schema\/logo\/image\/","url":"https:\/\/www.nexoinformativo.mx\/wp-content\/uploads\/2024\/07\/nexoi-trasparente-2.png","contentUrl":"https:\/\/www.nexoinformativo.mx\/wp-content\/uploads\/2024\/07\/nexoi-trasparente-2.png","width":816,"height":339,"caption":"Nexo Informativo Santiago de Quer\u00e9taro"},"image":{"@id":"https:\/\/www.nexoinformativo.mx\/#\/schema\/logo\/image\/"},"sameAs":["https:\/\/www.facebook.com\/people\/Nexo-Informativo\/61564066885511\/"]},{"@type":"Person","@id":"https:\/\/www.nexoinformativo.mx\/#\/schema\/person\/7749d380ba08c8ca00d7bc76fd907b7d","name":"Nexo Informativo","image":{"@type":"ImageObject","inLanguage":"es","@id":"https:\/\/www.nexoinformativo.mx\/#\/schema\/person\/image\/","url":"https:\/\/secure.gravatar.com\/avatar\/dde2928154642a13d95f87ddf1ea9718fe2b46760a005c53e41ff5ad610704e6?s=96&d=mm&r=g","contentUrl":"https:\/\/secure.gravatar.com\/avatar\/dde2928154642a13d95f87ddf1ea9718fe2b46760a005c53e41ff5ad610704e6?s=96&d=mm&r=g","caption":"Nexo Informativo"},"url":"https:\/\/www.nexoinformativo.mx\/index.php\/author\/edicion\/"}]}},"_links":{"self":[{"href":"https:\/\/www.nexoinformativo.mx\/index.php\/wp-json\/wp\/v2\/posts\/16130","targetHints":{"allow":["GET"]}}],"collection":[{"href":"https:\/\/www.nexoinformativo.mx\/index.php\/wp-json\/wp\/v2\/posts"}],"about":[{"href":"https:\/\/www.nexoinformativo.mx\/index.php\/wp-json\/wp\/v2\/types\/post"}],"author":[{"embeddable":true,"href":"https:\/\/www.nexoinformativo.mx\/index.php\/wp-json\/wp\/v2\/users\/3"}],"replies":[{"embeddable":true,"href":"https:\/\/www.nexoinformativo.mx\/index.php\/wp-json\/wp\/v2\/comments?post=16130"}],"version-history":[{"count":5,"href":"https:\/\/www.nexoinformativo.mx\/index.php\/wp-json\/wp\/v2\/posts\/16130\/revisions"}],"predecessor-version":[{"id":16134,"href":"https:\/\/www.nexoinformativo.mx\/index.php\/wp-json\/wp\/v2\/posts\/16130\/revisions\/16134"}],"wp:featuredmedia":[{"embeddable":true,"href":"https:\/\/www.nexoinformativo.mx\/index.php\/wp-json\/wp\/v2\/media\/16131"}],"wp:attachment":[{"href":"https:\/\/www.nexoinformativo.mx\/index.php\/wp-json\/wp\/v2\/media?parent=16130"}],"wp:term":[{"taxonomy":"category","embeddable":true,"href":"https:\/\/www.nexoinformativo.mx\/index.php\/wp-json\/wp\/v2\/categories?post=16130"},{"taxonomy":"post_tag","embeddable":true,"href":"https:\/\/www.nexoinformativo.mx\/index.php\/wp-json\/wp\/v2\/tags?post=16130"}],"curies":[{"name":"wp","href":"https:\/\/api.w.org\/{rel}","templated":true}]}}