{"id":16137,"date":"2025-06-25T10:00:48","date_gmt":"2025-06-25T16:00:48","guid":{"rendered":"https:\/\/www.nexoinformativo.mx\/?p=16137"},"modified":"2025-06-25T12:51:30","modified_gmt":"2025-06-25T18:51:30","slug":"cumbre-internacional-mexico-refuerza-su-estrategia-de-prevencion-contra-el-consumo-de-drogas","status":"publish","type":"post","link":"https:\/\/www.nexoinformativo.mx\/index.php\/2025\/06\/25\/cumbre-internacional-mexico-refuerza-su-estrategia-de-prevencion-contra-el-consumo-de-drogas\/","title":{"rendered":"Cumbre Internacional M\u00e9xico refuerza su estrategia de prevenci\u00f3n contra el consumo de drogas"},"content":{"rendered":"<p style=\"text-align: justify;\">M\u00e9xico reafirma su firme compromiso con la prevenci\u00f3n de las adicciones a nivel global. En el marco de la Primera Cumbre Internacional para la Prevenci\u00f3n del Consumo de Fentanilo y otras Drogas Sint\u00e9ticas, el secretario de Salud, David Kershenobich, en representaci\u00f3n de la Presidenta, destac\u00f3 que la prevenci\u00f3n es una prioridad nacional para el Gobierno de M\u00e9xico.<\/p>\n<\/p>\n<p>&nbsp;<\/p>\n<p style=\"text-align: justify;\">Kershenobich subray\u00f3 la urgencia de crear estrategias de prevenci\u00f3n que sean sostenibles, multisectoriales y basadas en evidencia cient\u00edfica. &#8220;Debemos reconocer que la salud mental y el consumo problem\u00e1tico de sustancias no puede abordarse desde una perspectiva punitiva&#8221;, puntualiz\u00f3 el secretario.<\/p>\n<\/p>\n<p>&nbsp;<\/p>\n<p style=\"text-align: justify;\">El titular de Salud record\u00f3 que el Gobierno de M\u00e9xico, bajo el impulso de la Jefa del Ejecutivo Federal, ha puesto en marcha la campa\u00f1a nacional &#8220;Al\u00e9jate de las drogas. El fentanilo te mata&#8221;. Esta iniciativa busca fomentar la conciencia colectiva y la corresponsabilidad social ante la amenaza de las drogas sint\u00e9ticas.<\/p>\n<\/p>\n<p>&nbsp;<\/p>\n<p style=\"text-align: justify;\">Como parte de esta estrategia, se ha fortalecido la L\u00ednea de la Vida (800 911 2000), un servicio gratuito, confidencial y disponible las 24 horas. Esta l\u00ednea ofrece atenci\u00f3n psicol\u00f3gica y acompa\u00f1amiento en situaciones de crisis relacionadas con el consumo de sustancias, brindando apoyo vital a usuarios, familias y comunidades.<\/p>\n<\/p>\n<p>&nbsp;<\/p>\n<p style=\"text-align: justify;\">Adem\u00e1s, hizo un llamado a reforzar la cooperaci\u00f3n internacional basada en evidencia cient\u00edfica, el intercambio de buenas pr\u00e1cticas y el respeto mutuo entre pa\u00edses. Propuso innovadoras medidas como el monitoreo de sustancias en aguas residuales y en servicios de urgencias m\u00e9dicas para modernizar las pol\u00edticas preventivas.<\/p>\n<\/p>\n<p>&nbsp;<\/p>\n<p style=\"text-align: justify;\">Jos\u00e9 Karim Castro Ortiz, CEO de la Organizaci\u00f3n Mundial por las Familias, reconoci\u00f3 el compromiso del Gobierno de M\u00e9xico y de la Presidenta Claudia Sheinbaum por su activa participaci\u00f3n en esta cumbre internacional.<\/p>\n<\/p>\n<p>&nbsp;<\/p>\n<p style=\"text-align: justify;\">Tambi\u00e9n anunci\u00f3 la producci\u00f3n de un largometraje para sensibilizar a la poblaci\u00f3n y reiter\u00f3 su disposici\u00f3n a colaborar con M\u00e9xico en la formaci\u00f3n de una red de prevenci\u00f3n en los estados fronterizos.<\/p>\n<\/p>\n<p>&nbsp;<\/p>\n<p style=\"text-align: justify;\">El evento cont\u00f3 tambi\u00e9n con la participaci\u00f3n del alcalde de Nogales, Sonora, Juan Gim Nogales, reafirmando el enfoque colaborativo para abordar este desaf\u00edo global.<\/p>\n<\/p>\n<p>&nbsp;<\/p>\n<p style=\"text-align: center;\"><em><strong>\u00a1Informaci\u00f3n que transforma!<\/strong><\/em><\/p>\n","protected":false},"excerpt":{"rendered":"<p>M\u00e9xico reafirma su firme compromiso con la prevenci\u00f3n de las adicciones a nivel global. En el marco de la Primera Cumbre Internacional para la Prevenci\u00f3n del Consumo de Fentanilo y otras Drogas Sint\u00e9ticas, el secretario de Salud, David Kershenobich, en representaci\u00f3n de la Presidenta, destac\u00f3 que la prevenci\u00f3n es una prioridad nacional para el Gobierno de M\u00e9xico.<\/p>\n","protected":false},"author":3,"featured_media":16138,"comment_status":"open","ping_status":"open","sticky":false,"template":"","format":"standard","meta":{"footnotes":""},"categories":[88,58],"tags":[3015,4853,4852,884],"class_list":["post-16137","post","type-post","status-publish","format-standard","has-post-thumbnail","hentry","category-nacional","category-ultima-hora","tag-fentanilo","tag-lineadelavida","tag-prevencionadicciones","tag-saludmexico"],"yoast_head":"<!-- This site is optimized with the Yoast SEO plugin v25.0 - https:\/\/yoast.com\/wordpress\/plugins\/seo\/ -->\n<title>Cumbre Internacional M\u00e9xico refuerza su estrategia de prevenci\u00f3n contra el consumo de drogas | Nexo Informativo Santiago de Quer\u00e9taro<\/title>\n<meta name=\"description\" content=\"Cumbre Internacional M\u00e9xico refuerza su estrategia de prevenci\u00f3n contra el consumo de drogas\" \/>\n<meta name=\"robots\" content=\"index, follow, max-snippet:-1, max-image-preview:large, max-video-preview:-1\" \/>\n<link rel=\"canonical\" href=\"https:\/\/www.nexoinformativo.mx\/index.php\/2025\/06\/25\/cumbre-internacional-mexico-refuerza-su-estrategia-de-prevencion-contra-el-consumo-de-drogas\/\" \/>\n<meta property=\"og:locale\" content=\"es_MX\" \/>\n<meta property=\"og:type\" content=\"article\" \/>\n<meta property=\"og:title\" content=\"Cumbre Internacional M\u00e9xico refuerza su estrategia de prevenci\u00f3n contra el consumo de drogas | Nexo Informativo Santiago de Quer\u00e9taro\" \/>\n<meta property=\"og:description\" content=\"Cumbre Internacional M\u00e9xico refuerza su estrategia de prevenci\u00f3n contra el consumo de drogas\" \/>\n<meta property=\"og:url\" content=\"https:\/\/www.nexoinformativo.mx\/index.php\/2025\/06\/25\/cumbre-internacional-mexico-refuerza-su-estrategia-de-prevencion-contra-el-consumo-de-drogas\/\" \/>\n<meta property=\"og:site_name\" content=\"Nexo Informativo Santiago de Quer\u00e9taro\" \/>\n<meta property=\"article:publisher\" content=\"https:\/\/www.facebook.com\/people\/Nexo-Informativo\/61564066885511\/\" \/>\n<meta property=\"article:published_time\" content=\"2025-06-25T16:00:48+00:00\" \/>\n<meta property=\"article:modified_time\" content=\"2025-06-25T18:51:30+00:00\" \/>\n<meta property=\"og:image\" content=\"https:\/\/www.nexoinformativo.mx\/wp-content\/uploads\/2025\/06\/IMG_4499.jpg\" \/>\n\t<meta property=\"og:image:width\" content=\"650\" \/>\n\t<meta property=\"og:image:height\" content=\"380\" \/>\n\t<meta property=\"og:image:type\" content=\"image\/jpeg\" \/>\n<meta name=\"author\" content=\"Nexo Informativo\" \/>\n<meta name=\"twitter:card\" content=\"summary_large_image\" \/>\n<meta name=\"twitter:label1\" content=\"Escrito por\" \/>\n\t<meta name=\"twitter:data1\" content=\"Nexo Informativo\" \/>\n\t<meta name=\"twitter:label2\" content=\"Tiempo de lectura\" \/>\n\t<meta name=\"twitter:data2\" content=\"2 minutos\" \/>\n<script type=\"application\/ld+json\" class=\"yoast-schema-graph\">{\"@context\":\"https:\/\/schema.org\",\"@graph\":[{\"@type\":\"Article\",\"@id\":\"https:\/\/www.nexoinformativo.mx\/index.php\/2025\/06\/25\/cumbre-internacional-mexico-refuerza-su-estrategia-de-prevencion-contra-el-consumo-de-drogas\/#article\",\"isPartOf\":{\"@id\":\"https:\/\/www.nexoinformativo.mx\/index.php\/2025\/06\/25\/cumbre-internacional-mexico-refuerza-su-estrategia-de-prevencion-contra-el-consumo-de-drogas\/\"},\"author\":{\"name\":\"Nexo Informativo\",\"@id\":\"https:\/\/www.nexoinformativo.mx\/#\/schema\/person\/7749d380ba08c8ca00d7bc76fd907b7d\"},\"headline\":\"Cumbre Internacional M\u00e9xico refuerza su estrategia de prevenci\u00f3n contra el consumo de drogas\",\"datePublished\":\"2025-06-25T16:00:48+00:00\",\"dateModified\":\"2025-06-25T18:51:30+00:00\",\"mainEntityOfPage\":{\"@id\":\"https:\/\/www.nexoinformativo.mx\/index.php\/2025\/06\/25\/cumbre-internacional-mexico-refuerza-su-estrategia-de-prevencion-contra-el-consumo-de-drogas\/\"},\"wordCount\":396,\"commentCount\":0,\"publisher\":{\"@id\":\"https:\/\/www.nexoinformativo.mx\/#organization\"},\"image\":{\"@id\":\"https:\/\/www.nexoinformativo.mx\/index.php\/2025\/06\/25\/cumbre-internacional-mexico-refuerza-su-estrategia-de-prevencion-contra-el-consumo-de-drogas\/#primaryimage\"},\"thumbnailUrl\":\"https:\/\/www.nexoinformativo.mx\/wp-content\/uploads\/2025\/06\/IMG_4499.jpg\",\"keywords\":[\"Fentanilo\",\"L\u00edneaDeLaVida\",\"Prevenci\u00f3nAdicciones\",\"SaludM\u00e9xico\"],\"articleSection\":[\"Nacional\",\"\u00daltima Hora\"],\"inLanguage\":\"es\",\"potentialAction\":[{\"@type\":\"CommentAction\",\"name\":\"Comment\",\"target\":[\"https:\/\/www.nexoinformativo.mx\/index.php\/2025\/06\/25\/cumbre-internacional-mexico-refuerza-su-estrategia-de-prevencion-contra-el-consumo-de-drogas\/#respond\"]}]},{\"@type\":\"WebPage\",\"@id\":\"https:\/\/www.nexoinformativo.mx\/index.php\/2025\/06\/25\/cumbre-internacional-mexico-refuerza-su-estrategia-de-prevencion-contra-el-consumo-de-drogas\/\",\"url\":\"https:\/\/www.nexoinformativo.mx\/index.php\/2025\/06\/25\/cumbre-internacional-mexico-refuerza-su-estrategia-de-prevencion-contra-el-consumo-de-drogas\/\",\"name\":\"Cumbre Internacional M\u00e9xico refuerza su estrategia de prevenci\u00f3n contra el consumo de drogas | Nexo Informativo Santiago de Quer\u00e9taro\",\"isPartOf\":{\"@id\":\"https:\/\/www.nexoinformativo.mx\/#website\"},\"primaryImageOfPage\":{\"@id\":\"https:\/\/www.nexoinformativo.mx\/index.php\/2025\/06\/25\/cumbre-internacional-mexico-refuerza-su-estrategia-de-prevencion-contra-el-consumo-de-drogas\/#primaryimage\"},\"image\":{\"@id\":\"https:\/\/www.nexoinformativo.mx\/index.php\/2025\/06\/25\/cumbre-internacional-mexico-refuerza-su-estrategia-de-prevencion-contra-el-consumo-de-drogas\/#primaryimage\"},\"thumbnailUrl\":\"https:\/\/www.nexoinformativo.mx\/wp-content\/uploads\/2025\/06\/IMG_4499.jpg\",\"datePublished\":\"2025-06-25T16:00:48+00:00\",\"dateModified\":\"2025-06-25T18:51:30+00:00\",\"description\":\"Cumbre Internacional M\u00e9xico refuerza su estrategia de prevenci\u00f3n contra el consumo de drogas\",\"breadcrumb\":{\"@id\":\"https:\/\/www.nexoinformativo.mx\/index.php\/2025\/06\/25\/cumbre-internacional-mexico-refuerza-su-estrategia-de-prevencion-contra-el-consumo-de-drogas\/#breadcrumb\"},\"inLanguage\":\"es\",\"potentialAction\":[{\"@type\":\"ReadAction\",\"target\":[\"https:\/\/www.nexoinformativo.mx\/index.php\/2025\/06\/25\/cumbre-internacional-mexico-refuerza-su-estrategia-de-prevencion-contra-el-consumo-de-drogas\/\"]}]},{\"@type\":\"ImageObject\",\"inLanguage\":\"es\",\"@id\":\"https:\/\/www.nexoinformativo.mx\/index.php\/2025\/06\/25\/cumbre-internacional-mexico-refuerza-su-estrategia-de-prevencion-contra-el-consumo-de-drogas\/#primaryimage\",\"url\":\"https:\/\/www.nexoinformativo.mx\/wp-content\/uploads\/2025\/06\/IMG_4499.jpg\",\"contentUrl\":\"https:\/\/www.nexoinformativo.mx\/wp-content\/uploads\/2025\/06\/IMG_4499.jpg\",\"width\":650,\"height\":380},{\"@type\":\"BreadcrumbList\",\"@id\":\"https:\/\/www.nexoinformativo.mx\/index.php\/2025\/06\/25\/cumbre-internacional-mexico-refuerza-su-estrategia-de-prevencion-contra-el-consumo-de-drogas\/#breadcrumb\",\"itemListElement\":[{\"@type\":\"ListItem\",\"position\":1,\"name\":\"Inicio\",\"item\":\"https:\/\/www.nexoinformativo.mx\/\"},{\"@type\":\"ListItem\",\"position\":2,\"name\":\"Cumbre Internacional M\u00e9xico refuerza su estrategia de prevenci\u00f3n contra el consumo de drogas\"}]},{\"@type\":\"WebSite\",\"@id\":\"https:\/\/www.nexoinformativo.mx\/#website\",\"url\":\"https:\/\/www.nexoinformativo.mx\/\",\"name\":\"Nexo Informativo Santiago de Quer\u00e9taro\",\"description\":\"Explora NexoInformativo y convi\u00e9rtete en parte de una comunidad que valora el conocimiento y la verdad. Tu nexoinformativo es tu puente hacia una comprensi\u00f3n m\u00e1s profunda del mundo que te rodea.\",\"publisher\":{\"@id\":\"https:\/\/www.nexoinformativo.mx\/#organization\"},\"potentialAction\":[{\"@type\":\"SearchAction\",\"target\":{\"@type\":\"EntryPoint\",\"urlTemplate\":\"https:\/\/www.nexoinformativo.mx\/?s={search_term_string}\"},\"query-input\":{\"@type\":\"PropertyValueSpecification\",\"valueRequired\":true,\"valueName\":\"search_term_string\"}}],\"inLanguage\":\"es\"},{\"@type\":\"Organization\",\"@id\":\"https:\/\/www.nexoinformativo.mx\/#organization\",\"name\":\"Nexo Informativo Santiago de Quer\u00e9taro\",\"url\":\"https:\/\/www.nexoinformativo.mx\/\",\"logo\":{\"@type\":\"ImageObject\",\"inLanguage\":\"es\",\"@id\":\"https:\/\/www.nexoinformativo.mx\/#\/schema\/logo\/image\/\",\"url\":\"https:\/\/www.nexoinformativo.mx\/wp-content\/uploads\/2024\/07\/nexoi-trasparente-2.png\",\"contentUrl\":\"https:\/\/www.nexoinformativo.mx\/wp-content\/uploads\/2024\/07\/nexoi-trasparente-2.png\",\"width\":816,\"height\":339,\"caption\":\"Nexo Informativo Santiago de Quer\u00e9taro\"},\"image\":{\"@id\":\"https:\/\/www.nexoinformativo.mx\/#\/schema\/logo\/image\/\"},\"sameAs\":[\"https:\/\/www.facebook.com\/people\/Nexo-Informativo\/61564066885511\/\"]},{\"@type\":\"Person\",\"@id\":\"https:\/\/www.nexoinformativo.mx\/#\/schema\/person\/7749d380ba08c8ca00d7bc76fd907b7d\",\"name\":\"Nexo Informativo\",\"image\":{\"@type\":\"ImageObject\",\"inLanguage\":\"es\",\"@id\":\"https:\/\/www.nexoinformativo.mx\/#\/schema\/person\/image\/\",\"url\":\"https:\/\/secure.gravatar.com\/avatar\/dde2928154642a13d95f87ddf1ea9718fe2b46760a005c53e41ff5ad610704e6?s=96&d=mm&r=g\",\"contentUrl\":\"https:\/\/secure.gravatar.com\/avatar\/dde2928154642a13d95f87ddf1ea9718fe2b46760a005c53e41ff5ad610704e6?s=96&d=mm&r=g\",\"caption\":\"Nexo Informativo\"},\"url\":\"https:\/\/www.nexoinformativo.mx\/index.php\/author\/edicion\/\"}]}<\/script>\n<!-- \/ Yoast SEO plugin. -->","yoast_head_json":{"title":"Cumbre Internacional M\u00e9xico refuerza su estrategia de prevenci\u00f3n contra el consumo de drogas | Nexo Informativo Santiago de Quer\u00e9taro","description":"Cumbre Internacional M\u00e9xico refuerza su estrategia de prevenci\u00f3n contra el consumo de drogas","robots":{"index":"index","follow":"follow","max-snippet":"max-snippet:-1","max-image-preview":"max-image-preview:large","max-video-preview":"max-video-preview:-1"},"canonical":"https:\/\/www.nexoinformativo.mx\/index.php\/2025\/06\/25\/cumbre-internacional-mexico-refuerza-su-estrategia-de-prevencion-contra-el-consumo-de-drogas\/","og_locale":"es_MX","og_type":"article","og_title":"Cumbre Internacional M\u00e9xico refuerza su estrategia de prevenci\u00f3n contra el consumo de drogas | Nexo Informativo Santiago de Quer\u00e9taro","og_description":"Cumbre Internacional M\u00e9xico refuerza su estrategia de prevenci\u00f3n contra el consumo de drogas","og_url":"https:\/\/www.nexoinformativo.mx\/index.php\/2025\/06\/25\/cumbre-internacional-mexico-refuerza-su-estrategia-de-prevencion-contra-el-consumo-de-drogas\/","og_site_name":"Nexo Informativo Santiago de Quer\u00e9taro","article_publisher":"https:\/\/www.facebook.com\/people\/Nexo-Informativo\/61564066885511\/","article_published_time":"2025-06-25T16:00:48+00:00","article_modified_time":"2025-06-25T18:51:30+00:00","og_image":[{"width":650,"height":380,"url":"https:\/\/www.nexoinformativo.mx\/wp-content\/uploads\/2025\/06\/IMG_4499.jpg","type":"image\/jpeg"}],"author":"Nexo Informativo","twitter_card":"summary_large_image","twitter_misc":{"Escrito por":"Nexo Informativo","Tiempo de lectura":"2 minutos"},"schema":{"@context":"https:\/\/schema.org","@graph":[{"@type":"Article","@id":"https:\/\/www.nexoinformativo.mx\/index.php\/2025\/06\/25\/cumbre-internacional-mexico-refuerza-su-estrategia-de-prevencion-contra-el-consumo-de-drogas\/#article","isPartOf":{"@id":"https:\/\/www.nexoinformativo.mx\/index.php\/2025\/06\/25\/cumbre-internacional-mexico-refuerza-su-estrategia-de-prevencion-contra-el-consumo-de-drogas\/"},"author":{"name":"Nexo Informativo","@id":"https:\/\/www.nexoinformativo.mx\/#\/schema\/person\/7749d380ba08c8ca00d7bc76fd907b7d"},"headline":"Cumbre Internacional M\u00e9xico refuerza su estrategia de prevenci\u00f3n contra el consumo de drogas","datePublished":"2025-06-25T16:00:48+00:00","dateModified":"2025-06-25T18:51:30+00:00","mainEntityOfPage":{"@id":"https:\/\/www.nexoinformativo.mx\/index.php\/2025\/06\/25\/cumbre-internacional-mexico-refuerza-su-estrategia-de-prevencion-contra-el-consumo-de-drogas\/"},"wordCount":396,"commentCount":0,"publisher":{"@id":"https:\/\/www.nexoinformativo.mx\/#organization"},"image":{"@id":"https:\/\/www.nexoinformativo.mx\/index.php\/2025\/06\/25\/cumbre-internacional-mexico-refuerza-su-estrategia-de-prevencion-contra-el-consumo-de-drogas\/#primaryimage"},"thumbnailUrl":"https:\/\/www.nexoinformativo.mx\/wp-content\/uploads\/2025\/06\/IMG_4499.jpg","keywords":["Fentanilo","L\u00edneaDeLaVida","Prevenci\u00f3nAdicciones","SaludM\u00e9xico"],"articleSection":["Nacional","\u00daltima Hora"],"inLanguage":"es","potentialAction":[{"@type":"CommentAction","name":"Comment","target":["https:\/\/www.nexoinformativo.mx\/index.php\/2025\/06\/25\/cumbre-internacional-mexico-refuerza-su-estrategia-de-prevencion-contra-el-consumo-de-drogas\/#respond"]}]},{"@type":"WebPage","@id":"https:\/\/www.nexoinformativo.mx\/index.php\/2025\/06\/25\/cumbre-internacional-mexico-refuerza-su-estrategia-de-prevencion-contra-el-consumo-de-drogas\/","url":"https:\/\/www.nexoinformativo.mx\/index.php\/2025\/06\/25\/cumbre-internacional-mexico-refuerza-su-estrategia-de-prevencion-contra-el-consumo-de-drogas\/","name":"Cumbre Internacional M\u00e9xico refuerza su estrategia de prevenci\u00f3n contra el consumo de drogas | Nexo Informativo Santiago de Quer\u00e9taro","isPartOf":{"@id":"https:\/\/www.nexoinformativo.mx\/#website"},"primaryImageOfPage":{"@id":"https:\/\/www.nexoinformativo.mx\/index.php\/2025\/06\/25\/cumbre-internacional-mexico-refuerza-su-estrategia-de-prevencion-contra-el-consumo-de-drogas\/#primaryimage"},"image":{"@id":"https:\/\/www.nexoinformativo.mx\/index.php\/2025\/06\/25\/cumbre-internacional-mexico-refuerza-su-estrategia-de-prevencion-contra-el-consumo-de-drogas\/#primaryimage"},"thumbnailUrl":"https:\/\/www.nexoinformativo.mx\/wp-content\/uploads\/2025\/06\/IMG_4499.jpg","datePublished":"2025-06-25T16:00:48+00:00","dateModified":"2025-06-25T18:51:30+00:00","description":"Cumbre Internacional M\u00e9xico refuerza su estrategia de prevenci\u00f3n contra el consumo de drogas","breadcrumb":{"@id":"https:\/\/www.nexoinformativo.mx\/index.php\/2025\/06\/25\/cumbre-internacional-mexico-refuerza-su-estrategia-de-prevencion-contra-el-consumo-de-drogas\/#breadcrumb"},"inLanguage":"es","potentialAction":[{"@type":"ReadAction","target":["https:\/\/www.nexoinformativo.mx\/index.php\/2025\/06\/25\/cumbre-internacional-mexico-refuerza-su-estrategia-de-prevencion-contra-el-consumo-de-drogas\/"]}]},{"@type":"ImageObject","inLanguage":"es","@id":"https:\/\/www.nexoinformativo.mx\/index.php\/2025\/06\/25\/cumbre-internacional-mexico-refuerza-su-estrategia-de-prevencion-contra-el-consumo-de-drogas\/#primaryimage","url":"https:\/\/www.nexoinformativo.mx\/wp-content\/uploads\/2025\/06\/IMG_4499.jpg","contentUrl":"https:\/\/www.nexoinformativo.mx\/wp-content\/uploads\/2025\/06\/IMG_4499.jpg","width":650,"height":380},{"@type":"BreadcrumbList","@id":"https:\/\/www.nexoinformativo.mx\/index.php\/2025\/06\/25\/cumbre-internacional-mexico-refuerza-su-estrategia-de-prevencion-contra-el-consumo-de-drogas\/#breadcrumb","itemListElement":[{"@type":"ListItem","position":1,"name":"Inicio","item":"https:\/\/www.nexoinformativo.mx\/"},{"@type":"ListItem","position":2,"name":"Cumbre Internacional M\u00e9xico refuerza su estrategia de prevenci\u00f3n contra el consumo de drogas"}]},{"@type":"WebSite","@id":"https:\/\/www.nexoinformativo.mx\/#website","url":"https:\/\/www.nexoinformativo.mx\/","name":"Nexo Informativo Santiago de Quer\u00e9taro","description":"Explora NexoInformativo y convi\u00e9rtete en parte de una comunidad que valora el conocimiento y la verdad. Tu nexoinformativo es tu puente hacia una comprensi\u00f3n m\u00e1s profunda del mundo que te rodea.","publisher":{"@id":"https:\/\/www.nexoinformativo.mx\/#organization"},"potentialAction":[{"@type":"SearchAction","target":{"@type":"EntryPoint","urlTemplate":"https:\/\/www.nexoinformativo.mx\/?s={search_term_string}"},"query-input":{"@type":"PropertyValueSpecification","valueRequired":true,"valueName":"search_term_string"}}],"inLanguage":"es"},{"@type":"Organization","@id":"https:\/\/www.nexoinformativo.mx\/#organization","name":"Nexo Informativo Santiago de Quer\u00e9taro","url":"https:\/\/www.nexoinformativo.mx\/","logo":{"@type":"ImageObject","inLanguage":"es","@id":"https:\/\/www.nexoinformativo.mx\/#\/schema\/logo\/image\/","url":"https:\/\/www.nexoinformativo.mx\/wp-content\/uploads\/2024\/07\/nexoi-trasparente-2.png","contentUrl":"https:\/\/www.nexoinformativo.mx\/wp-content\/uploads\/2024\/07\/nexoi-trasparente-2.png","width":816,"height":339,"caption":"Nexo Informativo Santiago de Quer\u00e9taro"},"image":{"@id":"https:\/\/www.nexoinformativo.mx\/#\/schema\/logo\/image\/"},"sameAs":["https:\/\/www.facebook.com\/people\/Nexo-Informativo\/61564066885511\/"]},{"@type":"Person","@id":"https:\/\/www.nexoinformativo.mx\/#\/schema\/person\/7749d380ba08c8ca00d7bc76fd907b7d","name":"Nexo Informativo","image":{"@type":"ImageObject","inLanguage":"es","@id":"https:\/\/www.nexoinformativo.mx\/#\/schema\/person\/image\/","url":"https:\/\/secure.gravatar.com\/avatar\/dde2928154642a13d95f87ddf1ea9718fe2b46760a005c53e41ff5ad610704e6?s=96&d=mm&r=g","contentUrl":"https:\/\/secure.gravatar.com\/avatar\/dde2928154642a13d95f87ddf1ea9718fe2b46760a005c53e41ff5ad610704e6?s=96&d=mm&r=g","caption":"Nexo Informativo"},"url":"https:\/\/www.nexoinformativo.mx\/index.php\/author\/edicion\/"}]}},"_links":{"self":[{"href":"https:\/\/www.nexoinformativo.mx\/index.php\/wp-json\/wp\/v2\/posts\/16137","targetHints":{"allow":["GET"]}}],"collection":[{"href":"https:\/\/www.nexoinformativo.mx\/index.php\/wp-json\/wp\/v2\/posts"}],"about":[{"href":"https:\/\/www.nexoinformativo.mx\/index.php\/wp-json\/wp\/v2\/types\/post"}],"author":[{"embeddable":true,"href":"https:\/\/www.nexoinformativo.mx\/index.php\/wp-json\/wp\/v2\/users\/3"}],"replies":[{"embeddable":true,"href":"https:\/\/www.nexoinformativo.mx\/index.php\/wp-json\/wp\/v2\/comments?post=16137"}],"version-history":[{"count":3,"href":"https:\/\/www.nexoinformativo.mx\/index.php\/wp-json\/wp\/v2\/posts\/16137\/revisions"}],"predecessor-version":[{"id":16141,"href":"https:\/\/www.nexoinformativo.mx\/index.php\/wp-json\/wp\/v2\/posts\/16137\/revisions\/16141"}],"wp:featuredmedia":[{"embeddable":true,"href":"https:\/\/www.nexoinformativo.mx\/index.php\/wp-json\/wp\/v2\/media\/16138"}],"wp:attachment":[{"href":"https:\/\/www.nexoinformativo.mx\/index.php\/wp-json\/wp\/v2\/media?parent=16137"}],"wp:term":[{"taxonomy":"category","embeddable":true,"href":"https:\/\/www.nexoinformativo.mx\/index.php\/wp-json\/wp\/v2\/categories?post=16137"},{"taxonomy":"post_tag","embeddable":true,"href":"https:\/\/www.nexoinformativo.mx\/index.php\/wp-json\/wp\/v2\/tags?post=16137"}],"curies":[{"name":"wp","href":"https:\/\/api.w.org\/{rel}","templated":true}]}}