{"id":16142,"date":"2025-06-25T11:00:26","date_gmt":"2025-06-25T17:00:26","guid":{"rendered":"https:\/\/www.nexoinformativo.mx\/?p=16142"},"modified":"2025-06-25T12:58:15","modified_gmt":"2025-06-25T18:58:15","slug":"mexico-apuesta-por-un-turismo-resiliente-sectur-impulsa-colaboracion-publico-privada-en-cumbre-bbva","status":"publish","type":"post","link":"https:\/\/www.nexoinformativo.mx\/index.php\/2025\/06\/25\/mexico-apuesta-por-un-turismo-resiliente-sectur-impulsa-colaboracion-publico-privada-en-cumbre-bbva\/","title":{"rendered":"M\u00e9xico apuesta por un turismo resiliente Sectur impulsa colaboraci\u00f3n p\u00fablico-privada en Cumbre BBVA"},"content":{"rendered":"<p style=\"text-align: justify;\">El subsecretario de Turismo del Gobierno de M\u00e9xico, Sebasti\u00e1n Ram\u00edrez, particip\u00f3 en la Tercera Cumbre de Sostenibilidad y Desarrollo Econ\u00f3mico de BBVA 2025. En este importante foro, hizo un llamado a la iniciativa privada para que se sume a la visi\u00f3n de un turismo sostenible, regenerativo e incluyente.<\/p>\n<\/p>\n<p>&nbsp;<\/p>\n<p style=\"text-align: justify;\">Ram\u00edrez Mendoza subray\u00f3 la necesidad de fortalecer la colaboraci\u00f3n entre el gobierno y los sectores financiero y privado para impulsar un turismo que sea tanto inclusivo como responsable con el medio ambiente. Destac\u00f3 que la inversi\u00f3n privada en turismo asciende a 30 mil millones de d\u00f3lares, principalmente en el sector inmobiliario, lo que refleja la confianza de los inversionistas en el pa\u00eds.<\/p>\n<\/p>\n<p>&nbsp;<\/p>\n<p style=\"text-align: justify;\">El subsecretario agradeci\u00f3 la invitaci\u00f3n a este espacio de di\u00e1logo, cuyo objetivo es dise\u00f1ar estrategias conjuntas que fomenten el desarrollo econ\u00f3mico de los mexicanos y conviertan el turismo en un generador de &#8220;Prosperidad Compartida&#8221;.<\/p>\n<\/p>\n<p>&nbsp;<\/p>\n<p style=\"text-align: justify;\">Ram\u00edrez Mendoza enfatiz\u00f3 la importancia de seguir trabajando en el ordenamiento de los destinos tur\u00edsticos mexicanos y la diversificaci\u00f3n de la actividad tur\u00edstica. La meta es clara: posicionar a M\u00e9xico como la quinta naci\u00f3n m\u00e1s visitada del mundo, en l\u00ednea con los objetivos planteados por la Presidenta de M\u00e9xico, Sheinbaum, en el Plan M\u00e9xico.<\/p>\n<\/p>\n<p>&nbsp;<\/p>\n<p style=\"text-align: justify;\">En este sentido, reiter\u00f3 que, a trav\u00e9s de pol\u00edticas p\u00fablicas y el trabajo conjunto con el sector privado, es fundamental enfocarse en el cuidado del medio ambiente y en una gesti\u00f3n m\u00e1s sustentable y sostenible.<\/p>\n<\/p>\n<p>&nbsp;<\/p>\n<p style=\"text-align: justify;\">El subsecretario propuso acciones estrat\u00e9gicas clave para fortalecer el turismo en M\u00e9xico, con un enfoque sostenible, regenerativo e incluyente:<\/p>\n<\/p>\n<p>&nbsp;<\/p>\n<p style=\"text-align: justify;\">*Dise\u00f1ar productos financieros que fomenten inversiones en destinos tur\u00edsticos y faciliten una recuperaci\u00f3n r\u00e1pida ante fen\u00f3menos naturales.<\/p>\n<p style=\"text-align: justify;\">*Invertir en la restauraci\u00f3n de ecosistemas costeros vitales, que act\u00faan como barreras naturales contra huracanes y tormentas.<\/p>\n<p style=\"text-align: justify;\">*Expandir y diversificar los segmentos tur\u00edsticos hacia \u00e1reas como la salud, la cultura y los destinos comunitarios.<\/p>\n<p style=\"text-align: justify;\">*Impulsar la restauraci\u00f3n y reutilizaci\u00f3n de infraestructura existente como una alternativa m\u00e1s sostenible a la nueva construcci\u00f3n, aprovechando recursos y reduciendo residuos.<\/p>\n<p style=\"text-align: justify;\">*Fomentar un uso m\u00e1s eficiente de los recursos en la construcci\u00f3n e implementar estrategias de reciclaje.<\/p>\n<\/p>\n<p>&nbsp;<\/p>\n<p style=\"text-align: justify;\">Estas propuestas buscan un futuro tur\u00edstico m\u00e1s robusto y responsable para M\u00e9xico.<\/p>\n<\/p>\n<p>&nbsp;<\/p>\n<p style=\"text-align: center;\"><em><strong>\u00a1Informaci\u00f3n que transforma!<\/strong><\/em><\/p>\n","protected":false},"excerpt":{"rendered":"<p>El subsecretario de Turismo del Gobierno de M\u00e9xico, Sebasti\u00e1n Ram\u00edrez, particip\u00f3 en la Tercera Cumbre de Sostenibilidad y Desarrollo Econ\u00f3mico de BBVA 2025. En este importante foro, hizo un llamado a la iniciativa privada para que se sume a la visi\u00f3n de un turismo sostenible, regenerativo e incluyente.<\/p>\n","protected":false},"author":3,"featured_media":16143,"comment_status":"open","ping_status":"open","sticky":false,"template":"","format":"standard","meta":{"footnotes":""},"categories":[88,58],"tags":[4856,4854,2221,4855],"class_list":["post-16142","post","type-post","status-publish","format-standard","has-post-thumbnail","hentry","category-nacional","category-ultima-hora","tag-bbvasostenibilidad","tag-mexicoturistico","tag-sectur","tag-turismosostenible"],"yoast_head":"<!-- This site is optimized with the Yoast SEO plugin v25.0 - https:\/\/yoast.com\/wordpress\/plugins\/seo\/ -->\n<title>M\u00e9xico apuesta por un turismo resiliente Sectur impulsa colaboraci\u00f3n p\u00fablico-privada en Cumbre BBVA | Nexo Informativo Santiago de Quer\u00e9taro<\/title>\n<meta name=\"description\" content=\"M\u00e9xico apuesta por un turismo resiliente Sectur impulsa colaboraci\u00f3n p\u00fablico-privada en Cumbre BBVA\" \/>\n<meta name=\"robots\" content=\"index, follow, max-snippet:-1, max-image-preview:large, max-video-preview:-1\" \/>\n<link rel=\"canonical\" href=\"https:\/\/www.nexoinformativo.mx\/index.php\/2025\/06\/25\/mexico-apuesta-por-un-turismo-resiliente-sectur-impulsa-colaboracion-publico-privada-en-cumbre-bbva\/\" \/>\n<meta property=\"og:locale\" content=\"es_MX\" \/>\n<meta property=\"og:type\" content=\"article\" \/>\n<meta property=\"og:title\" content=\"M\u00e9xico apuesta por un turismo resiliente Sectur impulsa colaboraci\u00f3n p\u00fablico-privada en Cumbre BBVA | Nexo Informativo Santiago de Quer\u00e9taro\" \/>\n<meta property=\"og:description\" content=\"M\u00e9xico apuesta por un turismo resiliente Sectur impulsa colaboraci\u00f3n p\u00fablico-privada en Cumbre BBVA\" \/>\n<meta property=\"og:url\" content=\"https:\/\/www.nexoinformativo.mx\/index.php\/2025\/06\/25\/mexico-apuesta-por-un-turismo-resiliente-sectur-impulsa-colaboracion-publico-privada-en-cumbre-bbva\/\" \/>\n<meta property=\"og:site_name\" content=\"Nexo Informativo Santiago de Quer\u00e9taro\" \/>\n<meta property=\"article:publisher\" content=\"https:\/\/www.facebook.com\/people\/Nexo-Informativo\/61564066885511\/\" \/>\n<meta property=\"article:published_time\" content=\"2025-06-25T17:00:26+00:00\" \/>\n<meta property=\"article:modified_time\" content=\"2025-06-25T18:58:15+00:00\" \/>\n<meta property=\"og:image\" content=\"https:\/\/www.nexoinformativo.mx\/wp-content\/uploads\/2025\/06\/PHOTO-2025-06-25-12-56-21-e1750877838420.jpg\" \/>\n\t<meta property=\"og:image:width\" content=\"800\" \/>\n\t<meta property=\"og:image:height\" content=\"533\" \/>\n\t<meta property=\"og:image:type\" content=\"image\/jpeg\" \/>\n<meta name=\"author\" content=\"Nexo Informativo\" \/>\n<meta name=\"twitter:card\" content=\"summary_large_image\" \/>\n<meta name=\"twitter:label1\" content=\"Escrito por\" \/>\n\t<meta name=\"twitter:data1\" content=\"Nexo Informativo\" \/>\n\t<meta name=\"twitter:label2\" content=\"Tiempo de lectura\" \/>\n\t<meta name=\"twitter:data2\" content=\"2 minutos\" \/>\n<script type=\"application\/ld+json\" class=\"yoast-schema-graph\">{\"@context\":\"https:\/\/schema.org\",\"@graph\":[{\"@type\":\"Article\",\"@id\":\"https:\/\/www.nexoinformativo.mx\/index.php\/2025\/06\/25\/mexico-apuesta-por-un-turismo-resiliente-sectur-impulsa-colaboracion-publico-privada-en-cumbre-bbva\/#article\",\"isPartOf\":{\"@id\":\"https:\/\/www.nexoinformativo.mx\/index.php\/2025\/06\/25\/mexico-apuesta-por-un-turismo-resiliente-sectur-impulsa-colaboracion-publico-privada-en-cumbre-bbva\/\"},\"author\":{\"name\":\"Nexo Informativo\",\"@id\":\"https:\/\/www.nexoinformativo.mx\/#\/schema\/person\/7749d380ba08c8ca00d7bc76fd907b7d\"},\"headline\":\"M\u00e9xico apuesta por un turismo resiliente Sectur impulsa colaboraci\u00f3n p\u00fablico-privada en Cumbre BBVA\",\"datePublished\":\"2025-06-25T17:00:26+00:00\",\"dateModified\":\"2025-06-25T18:58:15+00:00\",\"mainEntityOfPage\":{\"@id\":\"https:\/\/www.nexoinformativo.mx\/index.php\/2025\/06\/25\/mexico-apuesta-por-un-turismo-resiliente-sectur-impulsa-colaboracion-publico-privada-en-cumbre-bbva\/\"},\"wordCount\":427,\"commentCount\":0,\"publisher\":{\"@id\":\"https:\/\/www.nexoinformativo.mx\/#organization\"},\"image\":{\"@id\":\"https:\/\/www.nexoinformativo.mx\/index.php\/2025\/06\/25\/mexico-apuesta-por-un-turismo-resiliente-sectur-impulsa-colaboracion-publico-privada-en-cumbre-bbva\/#primaryimage\"},\"thumbnailUrl\":\"https:\/\/www.nexoinformativo.mx\/wp-content\/uploads\/2025\/06\/PHOTO-2025-06-25-12-56-21-e1750877838420.jpg\",\"keywords\":[\"BBVASostenibilidad\",\"M\u00e9xicoTur\u00edstico\",\"Sectur\",\"TurismoSostenible\"],\"articleSection\":[\"Nacional\",\"\u00daltima Hora\"],\"inLanguage\":\"es\",\"potentialAction\":[{\"@type\":\"CommentAction\",\"name\":\"Comment\",\"target\":[\"https:\/\/www.nexoinformativo.mx\/index.php\/2025\/06\/25\/mexico-apuesta-por-un-turismo-resiliente-sectur-impulsa-colaboracion-publico-privada-en-cumbre-bbva\/#respond\"]}]},{\"@type\":\"WebPage\",\"@id\":\"https:\/\/www.nexoinformativo.mx\/index.php\/2025\/06\/25\/mexico-apuesta-por-un-turismo-resiliente-sectur-impulsa-colaboracion-publico-privada-en-cumbre-bbva\/\",\"url\":\"https:\/\/www.nexoinformativo.mx\/index.php\/2025\/06\/25\/mexico-apuesta-por-un-turismo-resiliente-sectur-impulsa-colaboracion-publico-privada-en-cumbre-bbva\/\",\"name\":\"M\u00e9xico apuesta por un turismo resiliente Sectur impulsa colaboraci\u00f3n p\u00fablico-privada en Cumbre BBVA | Nexo Informativo Santiago de Quer\u00e9taro\",\"isPartOf\":{\"@id\":\"https:\/\/www.nexoinformativo.mx\/#website\"},\"primaryImageOfPage\":{\"@id\":\"https:\/\/www.nexoinformativo.mx\/index.php\/2025\/06\/25\/mexico-apuesta-por-un-turismo-resiliente-sectur-impulsa-colaboracion-publico-privada-en-cumbre-bbva\/#primaryimage\"},\"image\":{\"@id\":\"https:\/\/www.nexoinformativo.mx\/index.php\/2025\/06\/25\/mexico-apuesta-por-un-turismo-resiliente-sectur-impulsa-colaboracion-publico-privada-en-cumbre-bbva\/#primaryimage\"},\"thumbnailUrl\":\"https:\/\/www.nexoinformativo.mx\/wp-content\/uploads\/2025\/06\/PHOTO-2025-06-25-12-56-21-e1750877838420.jpg\",\"datePublished\":\"2025-06-25T17:00:26+00:00\",\"dateModified\":\"2025-06-25T18:58:15+00:00\",\"description\":\"M\u00e9xico apuesta por un turismo resiliente Sectur impulsa colaboraci\u00f3n p\u00fablico-privada en Cumbre BBVA\",\"breadcrumb\":{\"@id\":\"https:\/\/www.nexoinformativo.mx\/index.php\/2025\/06\/25\/mexico-apuesta-por-un-turismo-resiliente-sectur-impulsa-colaboracion-publico-privada-en-cumbre-bbva\/#breadcrumb\"},\"inLanguage\":\"es\",\"potentialAction\":[{\"@type\":\"ReadAction\",\"target\":[\"https:\/\/www.nexoinformativo.mx\/index.php\/2025\/06\/25\/mexico-apuesta-por-un-turismo-resiliente-sectur-impulsa-colaboracion-publico-privada-en-cumbre-bbva\/\"]}]},{\"@type\":\"ImageObject\",\"inLanguage\":\"es\",\"@id\":\"https:\/\/www.nexoinformativo.mx\/index.php\/2025\/06\/25\/mexico-apuesta-por-un-turismo-resiliente-sectur-impulsa-colaboracion-publico-privada-en-cumbre-bbva\/#primaryimage\",\"url\":\"https:\/\/www.nexoinformativo.mx\/wp-content\/uploads\/2025\/06\/PHOTO-2025-06-25-12-56-21-e1750877838420.jpg\",\"contentUrl\":\"https:\/\/www.nexoinformativo.mx\/wp-content\/uploads\/2025\/06\/PHOTO-2025-06-25-12-56-21-e1750877838420.jpg\",\"width\":800,\"height\":533},{\"@type\":\"BreadcrumbList\",\"@id\":\"https:\/\/www.nexoinformativo.mx\/index.php\/2025\/06\/25\/mexico-apuesta-por-un-turismo-resiliente-sectur-impulsa-colaboracion-publico-privada-en-cumbre-bbva\/#breadcrumb\",\"itemListElement\":[{\"@type\":\"ListItem\",\"position\":1,\"name\":\"Inicio\",\"item\":\"https:\/\/www.nexoinformativo.mx\/\"},{\"@type\":\"ListItem\",\"position\":2,\"name\":\"M\u00e9xico apuesta por un turismo resiliente Sectur impulsa colaboraci\u00f3n p\u00fablico-privada en Cumbre BBVA\"}]},{\"@type\":\"WebSite\",\"@id\":\"https:\/\/www.nexoinformativo.mx\/#website\",\"url\":\"https:\/\/www.nexoinformativo.mx\/\",\"name\":\"Nexo Informativo Santiago de Quer\u00e9taro\",\"description\":\"Explora NexoInformativo y convi\u00e9rtete en parte de una comunidad que valora el conocimiento y la verdad. Tu nexoinformativo es tu puente hacia una comprensi\u00f3n m\u00e1s profunda del mundo que te rodea.\",\"publisher\":{\"@id\":\"https:\/\/www.nexoinformativo.mx\/#organization\"},\"potentialAction\":[{\"@type\":\"SearchAction\",\"target\":{\"@type\":\"EntryPoint\",\"urlTemplate\":\"https:\/\/www.nexoinformativo.mx\/?s={search_term_string}\"},\"query-input\":{\"@type\":\"PropertyValueSpecification\",\"valueRequired\":true,\"valueName\":\"search_term_string\"}}],\"inLanguage\":\"es\"},{\"@type\":\"Organization\",\"@id\":\"https:\/\/www.nexoinformativo.mx\/#organization\",\"name\":\"Nexo Informativo Santiago de Quer\u00e9taro\",\"url\":\"https:\/\/www.nexoinformativo.mx\/\",\"logo\":{\"@type\":\"ImageObject\",\"inLanguage\":\"es\",\"@id\":\"https:\/\/www.nexoinformativo.mx\/#\/schema\/logo\/image\/\",\"url\":\"https:\/\/www.nexoinformativo.mx\/wp-content\/uploads\/2024\/07\/nexoi-trasparente-2.png\",\"contentUrl\":\"https:\/\/www.nexoinformativo.mx\/wp-content\/uploads\/2024\/07\/nexoi-trasparente-2.png\",\"width\":816,\"height\":339,\"caption\":\"Nexo Informativo Santiago de Quer\u00e9taro\"},\"image\":{\"@id\":\"https:\/\/www.nexoinformativo.mx\/#\/schema\/logo\/image\/\"},\"sameAs\":[\"https:\/\/www.facebook.com\/people\/Nexo-Informativo\/61564066885511\/\"]},{\"@type\":\"Person\",\"@id\":\"https:\/\/www.nexoinformativo.mx\/#\/schema\/person\/7749d380ba08c8ca00d7bc76fd907b7d\",\"name\":\"Nexo Informativo\",\"image\":{\"@type\":\"ImageObject\",\"inLanguage\":\"es\",\"@id\":\"https:\/\/www.nexoinformativo.mx\/#\/schema\/person\/image\/\",\"url\":\"https:\/\/secure.gravatar.com\/avatar\/dde2928154642a13d95f87ddf1ea9718fe2b46760a005c53e41ff5ad610704e6?s=96&d=mm&r=g\",\"contentUrl\":\"https:\/\/secure.gravatar.com\/avatar\/dde2928154642a13d95f87ddf1ea9718fe2b46760a005c53e41ff5ad610704e6?s=96&d=mm&r=g\",\"caption\":\"Nexo Informativo\"},\"url\":\"https:\/\/www.nexoinformativo.mx\/index.php\/author\/edicion\/\"}]}<\/script>\n<!-- \/ Yoast SEO plugin. -->","yoast_head_json":{"title":"M\u00e9xico apuesta por un turismo resiliente Sectur impulsa colaboraci\u00f3n p\u00fablico-privada en Cumbre BBVA | Nexo Informativo Santiago de Quer\u00e9taro","description":"M\u00e9xico apuesta por un turismo resiliente Sectur impulsa colaboraci\u00f3n p\u00fablico-privada en Cumbre BBVA","robots":{"index":"index","follow":"follow","max-snippet":"max-snippet:-1","max-image-preview":"max-image-preview:large","max-video-preview":"max-video-preview:-1"},"canonical":"https:\/\/www.nexoinformativo.mx\/index.php\/2025\/06\/25\/mexico-apuesta-por-un-turismo-resiliente-sectur-impulsa-colaboracion-publico-privada-en-cumbre-bbva\/","og_locale":"es_MX","og_type":"article","og_title":"M\u00e9xico apuesta por un turismo resiliente Sectur impulsa colaboraci\u00f3n p\u00fablico-privada en Cumbre BBVA | Nexo Informativo Santiago de Quer\u00e9taro","og_description":"M\u00e9xico apuesta por un turismo resiliente Sectur impulsa colaboraci\u00f3n p\u00fablico-privada en Cumbre BBVA","og_url":"https:\/\/www.nexoinformativo.mx\/index.php\/2025\/06\/25\/mexico-apuesta-por-un-turismo-resiliente-sectur-impulsa-colaboracion-publico-privada-en-cumbre-bbva\/","og_site_name":"Nexo Informativo Santiago de Quer\u00e9taro","article_publisher":"https:\/\/www.facebook.com\/people\/Nexo-Informativo\/61564066885511\/","article_published_time":"2025-06-25T17:00:26+00:00","article_modified_time":"2025-06-25T18:58:15+00:00","og_image":[{"width":800,"height":533,"url":"https:\/\/www.nexoinformativo.mx\/wp-content\/uploads\/2025\/06\/PHOTO-2025-06-25-12-56-21-e1750877838420.jpg","type":"image\/jpeg"}],"author":"Nexo Informativo","twitter_card":"summary_large_image","twitter_misc":{"Escrito por":"Nexo Informativo","Tiempo de lectura":"2 minutos"},"schema":{"@context":"https:\/\/schema.org","@graph":[{"@type":"Article","@id":"https:\/\/www.nexoinformativo.mx\/index.php\/2025\/06\/25\/mexico-apuesta-por-un-turismo-resiliente-sectur-impulsa-colaboracion-publico-privada-en-cumbre-bbva\/#article","isPartOf":{"@id":"https:\/\/www.nexoinformativo.mx\/index.php\/2025\/06\/25\/mexico-apuesta-por-un-turismo-resiliente-sectur-impulsa-colaboracion-publico-privada-en-cumbre-bbva\/"},"author":{"name":"Nexo Informativo","@id":"https:\/\/www.nexoinformativo.mx\/#\/schema\/person\/7749d380ba08c8ca00d7bc76fd907b7d"},"headline":"M\u00e9xico apuesta por un turismo resiliente Sectur impulsa colaboraci\u00f3n p\u00fablico-privada en Cumbre BBVA","datePublished":"2025-06-25T17:00:26+00:00","dateModified":"2025-06-25T18:58:15+00:00","mainEntityOfPage":{"@id":"https:\/\/www.nexoinformativo.mx\/index.php\/2025\/06\/25\/mexico-apuesta-por-un-turismo-resiliente-sectur-impulsa-colaboracion-publico-privada-en-cumbre-bbva\/"},"wordCount":427,"commentCount":0,"publisher":{"@id":"https:\/\/www.nexoinformativo.mx\/#organization"},"image":{"@id":"https:\/\/www.nexoinformativo.mx\/index.php\/2025\/06\/25\/mexico-apuesta-por-un-turismo-resiliente-sectur-impulsa-colaboracion-publico-privada-en-cumbre-bbva\/#primaryimage"},"thumbnailUrl":"https:\/\/www.nexoinformativo.mx\/wp-content\/uploads\/2025\/06\/PHOTO-2025-06-25-12-56-21-e1750877838420.jpg","keywords":["BBVASostenibilidad","M\u00e9xicoTur\u00edstico","Sectur","TurismoSostenible"],"articleSection":["Nacional","\u00daltima Hora"],"inLanguage":"es","potentialAction":[{"@type":"CommentAction","name":"Comment","target":["https:\/\/www.nexoinformativo.mx\/index.php\/2025\/06\/25\/mexico-apuesta-por-un-turismo-resiliente-sectur-impulsa-colaboracion-publico-privada-en-cumbre-bbva\/#respond"]}]},{"@type":"WebPage","@id":"https:\/\/www.nexoinformativo.mx\/index.php\/2025\/06\/25\/mexico-apuesta-por-un-turismo-resiliente-sectur-impulsa-colaboracion-publico-privada-en-cumbre-bbva\/","url":"https:\/\/www.nexoinformativo.mx\/index.php\/2025\/06\/25\/mexico-apuesta-por-un-turismo-resiliente-sectur-impulsa-colaboracion-publico-privada-en-cumbre-bbva\/","name":"M\u00e9xico apuesta por un turismo resiliente Sectur impulsa colaboraci\u00f3n p\u00fablico-privada en Cumbre BBVA | Nexo Informativo Santiago de Quer\u00e9taro","isPartOf":{"@id":"https:\/\/www.nexoinformativo.mx\/#website"},"primaryImageOfPage":{"@id":"https:\/\/www.nexoinformativo.mx\/index.php\/2025\/06\/25\/mexico-apuesta-por-un-turismo-resiliente-sectur-impulsa-colaboracion-publico-privada-en-cumbre-bbva\/#primaryimage"},"image":{"@id":"https:\/\/www.nexoinformativo.mx\/index.php\/2025\/06\/25\/mexico-apuesta-por-un-turismo-resiliente-sectur-impulsa-colaboracion-publico-privada-en-cumbre-bbva\/#primaryimage"},"thumbnailUrl":"https:\/\/www.nexoinformativo.mx\/wp-content\/uploads\/2025\/06\/PHOTO-2025-06-25-12-56-21-e1750877838420.jpg","datePublished":"2025-06-25T17:00:26+00:00","dateModified":"2025-06-25T18:58:15+00:00","description":"M\u00e9xico apuesta por un turismo resiliente Sectur impulsa colaboraci\u00f3n p\u00fablico-privada en Cumbre BBVA","breadcrumb":{"@id":"https:\/\/www.nexoinformativo.mx\/index.php\/2025\/06\/25\/mexico-apuesta-por-un-turismo-resiliente-sectur-impulsa-colaboracion-publico-privada-en-cumbre-bbva\/#breadcrumb"},"inLanguage":"es","potentialAction":[{"@type":"ReadAction","target":["https:\/\/www.nexoinformativo.mx\/index.php\/2025\/06\/25\/mexico-apuesta-por-un-turismo-resiliente-sectur-impulsa-colaboracion-publico-privada-en-cumbre-bbva\/"]}]},{"@type":"ImageObject","inLanguage":"es","@id":"https:\/\/www.nexoinformativo.mx\/index.php\/2025\/06\/25\/mexico-apuesta-por-un-turismo-resiliente-sectur-impulsa-colaboracion-publico-privada-en-cumbre-bbva\/#primaryimage","url":"https:\/\/www.nexoinformativo.mx\/wp-content\/uploads\/2025\/06\/PHOTO-2025-06-25-12-56-21-e1750877838420.jpg","contentUrl":"https:\/\/www.nexoinformativo.mx\/wp-content\/uploads\/2025\/06\/PHOTO-2025-06-25-12-56-21-e1750877838420.jpg","width":800,"height":533},{"@type":"BreadcrumbList","@id":"https:\/\/www.nexoinformativo.mx\/index.php\/2025\/06\/25\/mexico-apuesta-por-un-turismo-resiliente-sectur-impulsa-colaboracion-publico-privada-en-cumbre-bbva\/#breadcrumb","itemListElement":[{"@type":"ListItem","position":1,"name":"Inicio","item":"https:\/\/www.nexoinformativo.mx\/"},{"@type":"ListItem","position":2,"name":"M\u00e9xico apuesta por un turismo resiliente Sectur impulsa colaboraci\u00f3n p\u00fablico-privada en Cumbre BBVA"}]},{"@type":"WebSite","@id":"https:\/\/www.nexoinformativo.mx\/#website","url":"https:\/\/www.nexoinformativo.mx\/","name":"Nexo Informativo Santiago de Quer\u00e9taro","description":"Explora NexoInformativo y convi\u00e9rtete en parte de una comunidad que valora el conocimiento y la verdad. Tu nexoinformativo es tu puente hacia una comprensi\u00f3n m\u00e1s profunda del mundo que te rodea.","publisher":{"@id":"https:\/\/www.nexoinformativo.mx\/#organization"},"potentialAction":[{"@type":"SearchAction","target":{"@type":"EntryPoint","urlTemplate":"https:\/\/www.nexoinformativo.mx\/?s={search_term_string}"},"query-input":{"@type":"PropertyValueSpecification","valueRequired":true,"valueName":"search_term_string"}}],"inLanguage":"es"},{"@type":"Organization","@id":"https:\/\/www.nexoinformativo.mx\/#organization","name":"Nexo Informativo Santiago de Quer\u00e9taro","url":"https:\/\/www.nexoinformativo.mx\/","logo":{"@type":"ImageObject","inLanguage":"es","@id":"https:\/\/www.nexoinformativo.mx\/#\/schema\/logo\/image\/","url":"https:\/\/www.nexoinformativo.mx\/wp-content\/uploads\/2024\/07\/nexoi-trasparente-2.png","contentUrl":"https:\/\/www.nexoinformativo.mx\/wp-content\/uploads\/2024\/07\/nexoi-trasparente-2.png","width":816,"height":339,"caption":"Nexo Informativo Santiago de Quer\u00e9taro"},"image":{"@id":"https:\/\/www.nexoinformativo.mx\/#\/schema\/logo\/image\/"},"sameAs":["https:\/\/www.facebook.com\/people\/Nexo-Informativo\/61564066885511\/"]},{"@type":"Person","@id":"https:\/\/www.nexoinformativo.mx\/#\/schema\/person\/7749d380ba08c8ca00d7bc76fd907b7d","name":"Nexo Informativo","image":{"@type":"ImageObject","inLanguage":"es","@id":"https:\/\/www.nexoinformativo.mx\/#\/schema\/person\/image\/","url":"https:\/\/secure.gravatar.com\/avatar\/dde2928154642a13d95f87ddf1ea9718fe2b46760a005c53e41ff5ad610704e6?s=96&d=mm&r=g","contentUrl":"https:\/\/secure.gravatar.com\/avatar\/dde2928154642a13d95f87ddf1ea9718fe2b46760a005c53e41ff5ad610704e6?s=96&d=mm&r=g","caption":"Nexo Informativo"},"url":"https:\/\/www.nexoinformativo.mx\/index.php\/author\/edicion\/"}]}},"_links":{"self":[{"href":"https:\/\/www.nexoinformativo.mx\/index.php\/wp-json\/wp\/v2\/posts\/16142","targetHints":{"allow":["GET"]}}],"collection":[{"href":"https:\/\/www.nexoinformativo.mx\/index.php\/wp-json\/wp\/v2\/posts"}],"about":[{"href":"https:\/\/www.nexoinformativo.mx\/index.php\/wp-json\/wp\/v2\/types\/post"}],"author":[{"embeddable":true,"href":"https:\/\/www.nexoinformativo.mx\/index.php\/wp-json\/wp\/v2\/users\/3"}],"replies":[{"embeddable":true,"href":"https:\/\/www.nexoinformativo.mx\/index.php\/wp-json\/wp\/v2\/comments?post=16142"}],"version-history":[{"count":3,"href":"https:\/\/www.nexoinformativo.mx\/index.php\/wp-json\/wp\/v2\/posts\/16142\/revisions"}],"predecessor-version":[{"id":16146,"href":"https:\/\/www.nexoinformativo.mx\/index.php\/wp-json\/wp\/v2\/posts\/16142\/revisions\/16146"}],"wp:featuredmedia":[{"embeddable":true,"href":"https:\/\/www.nexoinformativo.mx\/index.php\/wp-json\/wp\/v2\/media\/16143"}],"wp:attachment":[{"href":"https:\/\/www.nexoinformativo.mx\/index.php\/wp-json\/wp\/v2\/media?parent=16142"}],"wp:term":[{"taxonomy":"category","embeddable":true,"href":"https:\/\/www.nexoinformativo.mx\/index.php\/wp-json\/wp\/v2\/categories?post=16142"},{"taxonomy":"post_tag","embeddable":true,"href":"https:\/\/www.nexoinformativo.mx\/index.php\/wp-json\/wp\/v2\/tags?post=16142"}],"curies":[{"name":"wp","href":"https:\/\/api.w.org\/{rel}","templated":true}]}}