{"id":16153,"date":"2025-06-26T07:00:03","date_gmt":"2025-06-26T13:00:03","guid":{"rendered":"https:\/\/www.nexoinformativo.mx\/?p=16153"},"modified":"2025-06-26T13:03:16","modified_gmt":"2025-06-26T19:03:16","slug":"rumbo-a-la-transformacion-gobierno-de-mexico-impulsa-52-mil-empleos-con-obras-carreteras-clave","status":"publish","type":"post","link":"https:\/\/www.nexoinformativo.mx\/index.php\/2025\/06\/26\/rumbo-a-la-transformacion-gobierno-de-mexico-impulsa-52-mil-empleos-con-obras-carreteras-clave\/","title":{"rendered":"Rumbo a la transformaci\u00f3n Gobierno de M\u00e9xico impulsa 52 mil empleos con obras carreteras clave"},"content":{"rendered":"<p style=\"text-align: justify;\">El Gobierno de M\u00e9xico, a trav\u00e9s de la Secretar\u00eda de Infraestructura, Comunicaciones y Transportes (SICT), ha anunciado un impulso significativo a la econom\u00eda y la conectividad del pa\u00eds. Con las primeras obras del Programa Nacional de Infraestructura Carretera, ya se han generado 52 mil 762 empleos directos e indirectos.<\/p>\n<\/p>\n<p>&nbsp;<\/p>\n<p style=\"text-align: justify;\">Durante la conferencia matutina, encabezada por la Presidenta Sheinbaum, el secretario de la SICT, Jes\u00fas Antonio Esteva Medina, detall\u00f3 la magnitud de la inversi\u00f3n. Para 2025, se destinar\u00e1n 53 mil 312 millones de pesos (mdp), mientras que la inversi\u00f3n total proyectada para todo el sexenio (2025-2030) asciende a 372 mil 804 mdp.<\/p>\n<\/p>\n<p>&nbsp;<\/p>\n<p style=\"text-align: justify;\">&#8220;Esta es la inversi\u00f3n total en 2025: 53 mil millones (de pesos), generando (a la fecha) 52 mil empleos entre directos e indirectos, 372 mil millones de pesos la inversi\u00f3n 2025-2030\u201d, subray\u00f3 Esteva Medina.<\/p>\n<\/p>\n<p>&nbsp;<\/p>\n<p style=\"text-align: justify;\">El secretario de la SICT desglos\u00f3 los alcances del programa:<\/p>\n<\/p>\n<p>&nbsp;<br \/>\n*109 kil\u00f3metros (km) de obras de continuidad en proyectos existentes.<\/p>\n<p>*2 mil 220 km de ejes prioritarios para mejorar la conectividad regional.<\/p>\n<p>*Construcci\u00f3n de 21 puentes y distribuidores viales que suman 16 km.<\/p>\n<p>*2 mil 107 km de caminos artesanales, generando empleo local.<\/p>\n<p>&nbsp;<\/p>\n<p style=\"text-align: justify;\">Adem\u00e1s, se inform\u00f3 sobre las acciones emergentes realizadas tras el paso del hurac\u00e1n Erick en Guerrero y Oaxaca. Gracias a la r\u00e1pida intervenci\u00f3n, se retiraron 173 mil 800 metros c\u00fabicos (m3) de material por deslaves, con 547 trabajadores y 223 m\u00e1quinas. En solo 48 horas se restableci\u00f3 el paso en toda la Red Federal Libre de Peaje y de Cuota, y actualmente se revisan 10 puentes afectados.<\/p>\n<\/p>\n<p>&nbsp;<\/p>\n<p style=\"text-align: justify;\">Pr\u00f3ximamente iniciar\u00e1n en Colima (libramiento Arco Sur, Puente La Presa y El Chical), Nayarit (Puente Amado Nervo), Sinaloa (M\u00e9xico-P\u00e9rez Escobosa), Tlaxcala (viaducto Santa Ana) y el acceso al puerto de Veracruz. Para 2026, se proyecta construir m\u00e1s puentes en Colima, Morelos, Sinaloa, Quer\u00e9taro (Avenida de Los Patos), Quintana Roo y Veracruz.<\/p>\n<\/p>\n<p>&nbsp;<\/p>\n<p style=\"text-align: justify;\">El programa Bachet\u00f3n contempla una inversi\u00f3n de 30 mil mdp en 2025 y 219 mil mdp en el sexenio para la conservaci\u00f3n de la red federal. Tambi\u00e9n se modernizan autopistas y se exploran proyectos de inversi\u00f3n mixta para seguir fortaleciendo la infraestructura del pa\u00eds.<\/p>\n<\/p>\n<p>&nbsp;<\/p>\n<p style=\"text-align: center;\"><em><strong>\u00a1Informaci\u00f3n que transforma!<\/strong><\/em><\/p>\n","protected":false},"excerpt":{"rendered":"<p>El Gobierno de M\u00e9xico, a trav\u00e9s de la Secretar\u00eda de Infraestructura, Comunicaciones y Transportes (SICT), ha anunciado un impulso significativo a la econom\u00eda y la conectividad del pa\u00eds. Con las primeras obras del Programa Nacional de Infraestructura Carretera, ya se han generado 52 mil 762 empleos directos e indirectos.<\/p>\n","protected":false},"author":3,"featured_media":16154,"comment_status":"open","ping_status":"open","sticky":false,"template":"","format":"standard","meta":{"footnotes":""},"categories":[88,58],"tags":[2918,1733,1011,1608],"class_list":["post-16153","post","type-post","status-publish","format-standard","has-post-thumbnail","hentry","category-nacional","category-ultima-hora","tag-carreteras","tag-empleo","tag-infraestructuramx","tag-sict"],"yoast_head":"<!-- This site is optimized with the Yoast SEO plugin v25.0 - https:\/\/yoast.com\/wordpress\/plugins\/seo\/ -->\n<title>Rumbo a la transformaci\u00f3n Gobierno de M\u00e9xico impulsa 52 mil empleos con obras carreteras clave | Nexo Informativo Santiago de Quer\u00e9taro<\/title>\n<meta name=\"description\" content=\"Rumbo a la transformaci\u00f3n Gobierno de M\u00e9xico impulsa 52 mil empleos con obras carreteras clave\" \/>\n<meta name=\"robots\" content=\"index, follow, max-snippet:-1, max-image-preview:large, max-video-preview:-1\" \/>\n<link rel=\"canonical\" href=\"https:\/\/www.nexoinformativo.mx\/index.php\/2025\/06\/26\/rumbo-a-la-transformacion-gobierno-de-mexico-impulsa-52-mil-empleos-con-obras-carreteras-clave\/\" \/>\n<meta property=\"og:locale\" content=\"es_MX\" \/>\n<meta property=\"og:type\" content=\"article\" \/>\n<meta property=\"og:title\" content=\"Rumbo a la transformaci\u00f3n Gobierno de M\u00e9xico impulsa 52 mil empleos con obras carreteras clave | Nexo Informativo Santiago de Quer\u00e9taro\" \/>\n<meta property=\"og:description\" content=\"Rumbo a la transformaci\u00f3n Gobierno de M\u00e9xico impulsa 52 mil empleos con obras carreteras clave\" \/>\n<meta property=\"og:url\" content=\"https:\/\/www.nexoinformativo.mx\/index.php\/2025\/06\/26\/rumbo-a-la-transformacion-gobierno-de-mexico-impulsa-52-mil-empleos-con-obras-carreteras-clave\/\" \/>\n<meta property=\"og:site_name\" content=\"Nexo Informativo Santiago de Quer\u00e9taro\" \/>\n<meta property=\"article:publisher\" content=\"https:\/\/www.facebook.com\/people\/Nexo-Informativo\/61564066885511\/\" \/>\n<meta property=\"article:published_time\" content=\"2025-06-26T13:00:03+00:00\" \/>\n<meta property=\"article:modified_time\" content=\"2025-06-26T19:03:16+00:00\" \/>\n<meta property=\"og:image\" content=\"https:\/\/www.nexoinformativo.mx\/wp-content\/uploads\/2025\/06\/IMG_4535.jpg\" \/>\n\t<meta property=\"og:image:width\" content=\"650\" \/>\n\t<meta property=\"og:image:height\" content=\"380\" \/>\n\t<meta property=\"og:image:type\" content=\"image\/jpeg\" \/>\n<meta name=\"author\" content=\"Nexo Informativo\" \/>\n<meta name=\"twitter:card\" content=\"summary_large_image\" \/>\n<meta name=\"twitter:label1\" content=\"Escrito por\" \/>\n\t<meta name=\"twitter:data1\" content=\"Nexo Informativo\" \/>\n\t<meta name=\"twitter:label2\" content=\"Tiempo de lectura\" \/>\n\t<meta name=\"twitter:data2\" content=\"2 minutos\" \/>\n<script type=\"application\/ld+json\" class=\"yoast-schema-graph\">{\"@context\":\"https:\/\/schema.org\",\"@graph\":[{\"@type\":\"Article\",\"@id\":\"https:\/\/www.nexoinformativo.mx\/index.php\/2025\/06\/26\/rumbo-a-la-transformacion-gobierno-de-mexico-impulsa-52-mil-empleos-con-obras-carreteras-clave\/#article\",\"isPartOf\":{\"@id\":\"https:\/\/www.nexoinformativo.mx\/index.php\/2025\/06\/26\/rumbo-a-la-transformacion-gobierno-de-mexico-impulsa-52-mil-empleos-con-obras-carreteras-clave\/\"},\"author\":{\"name\":\"Nexo Informativo\",\"@id\":\"https:\/\/www.nexoinformativo.mx\/#\/schema\/person\/7749d380ba08c8ca00d7bc76fd907b7d\"},\"headline\":\"Rumbo a la transformaci\u00f3n Gobierno de M\u00e9xico impulsa 52 mil empleos con obras carreteras clave\",\"datePublished\":\"2025-06-26T13:00:03+00:00\",\"dateModified\":\"2025-06-26T19:03:16+00:00\",\"mainEntityOfPage\":{\"@id\":\"https:\/\/www.nexoinformativo.mx\/index.php\/2025\/06\/26\/rumbo-a-la-transformacion-gobierno-de-mexico-impulsa-52-mil-empleos-con-obras-carreteras-clave\/\"},\"wordCount\":381,\"commentCount\":0,\"publisher\":{\"@id\":\"https:\/\/www.nexoinformativo.mx\/#organization\"},\"image\":{\"@id\":\"https:\/\/www.nexoinformativo.mx\/index.php\/2025\/06\/26\/rumbo-a-la-transformacion-gobierno-de-mexico-impulsa-52-mil-empleos-con-obras-carreteras-clave\/#primaryimage\"},\"thumbnailUrl\":\"https:\/\/www.nexoinformativo.mx\/wp-content\/uploads\/2025\/06\/IMG_4535.jpg\",\"keywords\":[\"Carreteras\",\"Empleo\",\"InfraestructuraMX\",\"SICT\"],\"articleSection\":[\"Nacional\",\"\u00daltima Hora\"],\"inLanguage\":\"es\",\"potentialAction\":[{\"@type\":\"CommentAction\",\"name\":\"Comment\",\"target\":[\"https:\/\/www.nexoinformativo.mx\/index.php\/2025\/06\/26\/rumbo-a-la-transformacion-gobierno-de-mexico-impulsa-52-mil-empleos-con-obras-carreteras-clave\/#respond\"]}]},{\"@type\":\"WebPage\",\"@id\":\"https:\/\/www.nexoinformativo.mx\/index.php\/2025\/06\/26\/rumbo-a-la-transformacion-gobierno-de-mexico-impulsa-52-mil-empleos-con-obras-carreteras-clave\/\",\"url\":\"https:\/\/www.nexoinformativo.mx\/index.php\/2025\/06\/26\/rumbo-a-la-transformacion-gobierno-de-mexico-impulsa-52-mil-empleos-con-obras-carreteras-clave\/\",\"name\":\"Rumbo a la transformaci\u00f3n Gobierno de M\u00e9xico impulsa 52 mil empleos con obras carreteras clave | Nexo Informativo Santiago de Quer\u00e9taro\",\"isPartOf\":{\"@id\":\"https:\/\/www.nexoinformativo.mx\/#website\"},\"primaryImageOfPage\":{\"@id\":\"https:\/\/www.nexoinformativo.mx\/index.php\/2025\/06\/26\/rumbo-a-la-transformacion-gobierno-de-mexico-impulsa-52-mil-empleos-con-obras-carreteras-clave\/#primaryimage\"},\"image\":{\"@id\":\"https:\/\/www.nexoinformativo.mx\/index.php\/2025\/06\/26\/rumbo-a-la-transformacion-gobierno-de-mexico-impulsa-52-mil-empleos-con-obras-carreteras-clave\/#primaryimage\"},\"thumbnailUrl\":\"https:\/\/www.nexoinformativo.mx\/wp-content\/uploads\/2025\/06\/IMG_4535.jpg\",\"datePublished\":\"2025-06-26T13:00:03+00:00\",\"dateModified\":\"2025-06-26T19:03:16+00:00\",\"description\":\"Rumbo a la transformaci\u00f3n Gobierno de M\u00e9xico impulsa 52 mil empleos con obras carreteras clave\",\"breadcrumb\":{\"@id\":\"https:\/\/www.nexoinformativo.mx\/index.php\/2025\/06\/26\/rumbo-a-la-transformacion-gobierno-de-mexico-impulsa-52-mil-empleos-con-obras-carreteras-clave\/#breadcrumb\"},\"inLanguage\":\"es\",\"potentialAction\":[{\"@type\":\"ReadAction\",\"target\":[\"https:\/\/www.nexoinformativo.mx\/index.php\/2025\/06\/26\/rumbo-a-la-transformacion-gobierno-de-mexico-impulsa-52-mil-empleos-con-obras-carreteras-clave\/\"]}]},{\"@type\":\"ImageObject\",\"inLanguage\":\"es\",\"@id\":\"https:\/\/www.nexoinformativo.mx\/index.php\/2025\/06\/26\/rumbo-a-la-transformacion-gobierno-de-mexico-impulsa-52-mil-empleos-con-obras-carreteras-clave\/#primaryimage\",\"url\":\"https:\/\/www.nexoinformativo.mx\/wp-content\/uploads\/2025\/06\/IMG_4535.jpg\",\"contentUrl\":\"https:\/\/www.nexoinformativo.mx\/wp-content\/uploads\/2025\/06\/IMG_4535.jpg\",\"width\":650,\"height\":380,\"caption\":\"Cuauht\u00e9moc, Ciudad de M\u00e9xico, M\u00e9xico, 25 de junio de 2025. La doctora Claudia Sheinbaum Pardo, presidenta Constitucional de los Estados Unidos Mexicanos en conferencia de prensa matutina, \u201cConferencia del Pueblo\u201d, en el Sal\u00f3n Tesorer\u00eda de Palacio Nacional. La acompa\u00f1an Jes\u00fas Antonio Esteva Medina, secretario de Infraestructura, Comunicaciones y Transportes; Jos\u00e9 Antonio Pe\u00f1a Merino, secretario de la Agencia de Transformaci\u00f3n Digital y Telecomunicaciones y Miguel \u00c1ngel Elorza V\u00e1squez, coordinador de Infodemia. Foto: Presidencia\"},{\"@type\":\"BreadcrumbList\",\"@id\":\"https:\/\/www.nexoinformativo.mx\/index.php\/2025\/06\/26\/rumbo-a-la-transformacion-gobierno-de-mexico-impulsa-52-mil-empleos-con-obras-carreteras-clave\/#breadcrumb\",\"itemListElement\":[{\"@type\":\"ListItem\",\"position\":1,\"name\":\"Inicio\",\"item\":\"https:\/\/www.nexoinformativo.mx\/\"},{\"@type\":\"ListItem\",\"position\":2,\"name\":\"Rumbo a la transformaci\u00f3n Gobierno de M\u00e9xico impulsa 52 mil empleos con obras carreteras clave\"}]},{\"@type\":\"WebSite\",\"@id\":\"https:\/\/www.nexoinformativo.mx\/#website\",\"url\":\"https:\/\/www.nexoinformativo.mx\/\",\"name\":\"Nexo Informativo Santiago de Quer\u00e9taro\",\"description\":\"Explora NexoInformativo y convi\u00e9rtete en parte de una comunidad que valora el conocimiento y la verdad. Tu nexoinformativo es tu puente hacia una comprensi\u00f3n m\u00e1s profunda del mundo que te rodea.\",\"publisher\":{\"@id\":\"https:\/\/www.nexoinformativo.mx\/#organization\"},\"potentialAction\":[{\"@type\":\"SearchAction\",\"target\":{\"@type\":\"EntryPoint\",\"urlTemplate\":\"https:\/\/www.nexoinformativo.mx\/?s={search_term_string}\"},\"query-input\":{\"@type\":\"PropertyValueSpecification\",\"valueRequired\":true,\"valueName\":\"search_term_string\"}}],\"inLanguage\":\"es\"},{\"@type\":\"Organization\",\"@id\":\"https:\/\/www.nexoinformativo.mx\/#organization\",\"name\":\"Nexo Informativo Santiago de Quer\u00e9taro\",\"url\":\"https:\/\/www.nexoinformativo.mx\/\",\"logo\":{\"@type\":\"ImageObject\",\"inLanguage\":\"es\",\"@id\":\"https:\/\/www.nexoinformativo.mx\/#\/schema\/logo\/image\/\",\"url\":\"https:\/\/www.nexoinformativo.mx\/wp-content\/uploads\/2024\/07\/nexoi-trasparente-2.png\",\"contentUrl\":\"https:\/\/www.nexoinformativo.mx\/wp-content\/uploads\/2024\/07\/nexoi-trasparente-2.png\",\"width\":816,\"height\":339,\"caption\":\"Nexo Informativo Santiago de Quer\u00e9taro\"},\"image\":{\"@id\":\"https:\/\/www.nexoinformativo.mx\/#\/schema\/logo\/image\/\"},\"sameAs\":[\"https:\/\/www.facebook.com\/people\/Nexo-Informativo\/61564066885511\/\"]},{\"@type\":\"Person\",\"@id\":\"https:\/\/www.nexoinformativo.mx\/#\/schema\/person\/7749d380ba08c8ca00d7bc76fd907b7d\",\"name\":\"Nexo Informativo\",\"image\":{\"@type\":\"ImageObject\",\"inLanguage\":\"es\",\"@id\":\"https:\/\/www.nexoinformativo.mx\/#\/schema\/person\/image\/\",\"url\":\"https:\/\/secure.gravatar.com\/avatar\/dde2928154642a13d95f87ddf1ea9718fe2b46760a005c53e41ff5ad610704e6?s=96&d=mm&r=g\",\"contentUrl\":\"https:\/\/secure.gravatar.com\/avatar\/dde2928154642a13d95f87ddf1ea9718fe2b46760a005c53e41ff5ad610704e6?s=96&d=mm&r=g\",\"caption\":\"Nexo Informativo\"},\"url\":\"https:\/\/www.nexoinformativo.mx\/index.php\/author\/edicion\/\"}]}<\/script>\n<!-- \/ Yoast SEO plugin. -->","yoast_head_json":{"title":"Rumbo a la transformaci\u00f3n Gobierno de M\u00e9xico impulsa 52 mil empleos con obras carreteras clave | Nexo Informativo Santiago de Quer\u00e9taro","description":"Rumbo a la transformaci\u00f3n Gobierno de M\u00e9xico impulsa 52 mil empleos con obras carreteras clave","robots":{"index":"index","follow":"follow","max-snippet":"max-snippet:-1","max-image-preview":"max-image-preview:large","max-video-preview":"max-video-preview:-1"},"canonical":"https:\/\/www.nexoinformativo.mx\/index.php\/2025\/06\/26\/rumbo-a-la-transformacion-gobierno-de-mexico-impulsa-52-mil-empleos-con-obras-carreteras-clave\/","og_locale":"es_MX","og_type":"article","og_title":"Rumbo a la transformaci\u00f3n Gobierno de M\u00e9xico impulsa 52 mil empleos con obras carreteras clave | Nexo Informativo Santiago de Quer\u00e9taro","og_description":"Rumbo a la transformaci\u00f3n Gobierno de M\u00e9xico impulsa 52 mil empleos con obras carreteras clave","og_url":"https:\/\/www.nexoinformativo.mx\/index.php\/2025\/06\/26\/rumbo-a-la-transformacion-gobierno-de-mexico-impulsa-52-mil-empleos-con-obras-carreteras-clave\/","og_site_name":"Nexo Informativo Santiago de Quer\u00e9taro","article_publisher":"https:\/\/www.facebook.com\/people\/Nexo-Informativo\/61564066885511\/","article_published_time":"2025-06-26T13:00:03+00:00","article_modified_time":"2025-06-26T19:03:16+00:00","og_image":[{"width":650,"height":380,"url":"https:\/\/www.nexoinformativo.mx\/wp-content\/uploads\/2025\/06\/IMG_4535.jpg","type":"image\/jpeg"}],"author":"Nexo Informativo","twitter_card":"summary_large_image","twitter_misc":{"Escrito por":"Nexo Informativo","Tiempo de lectura":"2 minutos"},"schema":{"@context":"https:\/\/schema.org","@graph":[{"@type":"Article","@id":"https:\/\/www.nexoinformativo.mx\/index.php\/2025\/06\/26\/rumbo-a-la-transformacion-gobierno-de-mexico-impulsa-52-mil-empleos-con-obras-carreteras-clave\/#article","isPartOf":{"@id":"https:\/\/www.nexoinformativo.mx\/index.php\/2025\/06\/26\/rumbo-a-la-transformacion-gobierno-de-mexico-impulsa-52-mil-empleos-con-obras-carreteras-clave\/"},"author":{"name":"Nexo Informativo","@id":"https:\/\/www.nexoinformativo.mx\/#\/schema\/person\/7749d380ba08c8ca00d7bc76fd907b7d"},"headline":"Rumbo a la transformaci\u00f3n Gobierno de M\u00e9xico impulsa 52 mil empleos con obras carreteras clave","datePublished":"2025-06-26T13:00:03+00:00","dateModified":"2025-06-26T19:03:16+00:00","mainEntityOfPage":{"@id":"https:\/\/www.nexoinformativo.mx\/index.php\/2025\/06\/26\/rumbo-a-la-transformacion-gobierno-de-mexico-impulsa-52-mil-empleos-con-obras-carreteras-clave\/"},"wordCount":381,"commentCount":0,"publisher":{"@id":"https:\/\/www.nexoinformativo.mx\/#organization"},"image":{"@id":"https:\/\/www.nexoinformativo.mx\/index.php\/2025\/06\/26\/rumbo-a-la-transformacion-gobierno-de-mexico-impulsa-52-mil-empleos-con-obras-carreteras-clave\/#primaryimage"},"thumbnailUrl":"https:\/\/www.nexoinformativo.mx\/wp-content\/uploads\/2025\/06\/IMG_4535.jpg","keywords":["Carreteras","Empleo","InfraestructuraMX","SICT"],"articleSection":["Nacional","\u00daltima Hora"],"inLanguage":"es","potentialAction":[{"@type":"CommentAction","name":"Comment","target":["https:\/\/www.nexoinformativo.mx\/index.php\/2025\/06\/26\/rumbo-a-la-transformacion-gobierno-de-mexico-impulsa-52-mil-empleos-con-obras-carreteras-clave\/#respond"]}]},{"@type":"WebPage","@id":"https:\/\/www.nexoinformativo.mx\/index.php\/2025\/06\/26\/rumbo-a-la-transformacion-gobierno-de-mexico-impulsa-52-mil-empleos-con-obras-carreteras-clave\/","url":"https:\/\/www.nexoinformativo.mx\/index.php\/2025\/06\/26\/rumbo-a-la-transformacion-gobierno-de-mexico-impulsa-52-mil-empleos-con-obras-carreteras-clave\/","name":"Rumbo a la transformaci\u00f3n Gobierno de M\u00e9xico impulsa 52 mil empleos con obras carreteras clave | Nexo Informativo Santiago de Quer\u00e9taro","isPartOf":{"@id":"https:\/\/www.nexoinformativo.mx\/#website"},"primaryImageOfPage":{"@id":"https:\/\/www.nexoinformativo.mx\/index.php\/2025\/06\/26\/rumbo-a-la-transformacion-gobierno-de-mexico-impulsa-52-mil-empleos-con-obras-carreteras-clave\/#primaryimage"},"image":{"@id":"https:\/\/www.nexoinformativo.mx\/index.php\/2025\/06\/26\/rumbo-a-la-transformacion-gobierno-de-mexico-impulsa-52-mil-empleos-con-obras-carreteras-clave\/#primaryimage"},"thumbnailUrl":"https:\/\/www.nexoinformativo.mx\/wp-content\/uploads\/2025\/06\/IMG_4535.jpg","datePublished":"2025-06-26T13:00:03+00:00","dateModified":"2025-06-26T19:03:16+00:00","description":"Rumbo a la transformaci\u00f3n Gobierno de M\u00e9xico impulsa 52 mil empleos con obras carreteras clave","breadcrumb":{"@id":"https:\/\/www.nexoinformativo.mx\/index.php\/2025\/06\/26\/rumbo-a-la-transformacion-gobierno-de-mexico-impulsa-52-mil-empleos-con-obras-carreteras-clave\/#breadcrumb"},"inLanguage":"es","potentialAction":[{"@type":"ReadAction","target":["https:\/\/www.nexoinformativo.mx\/index.php\/2025\/06\/26\/rumbo-a-la-transformacion-gobierno-de-mexico-impulsa-52-mil-empleos-con-obras-carreteras-clave\/"]}]},{"@type":"ImageObject","inLanguage":"es","@id":"https:\/\/www.nexoinformativo.mx\/index.php\/2025\/06\/26\/rumbo-a-la-transformacion-gobierno-de-mexico-impulsa-52-mil-empleos-con-obras-carreteras-clave\/#primaryimage","url":"https:\/\/www.nexoinformativo.mx\/wp-content\/uploads\/2025\/06\/IMG_4535.jpg","contentUrl":"https:\/\/www.nexoinformativo.mx\/wp-content\/uploads\/2025\/06\/IMG_4535.jpg","width":650,"height":380,"caption":"Cuauht\u00e9moc, Ciudad de M\u00e9xico, M\u00e9xico, 25 de junio de 2025. La doctora Claudia Sheinbaum Pardo, presidenta Constitucional de los Estados Unidos Mexicanos en conferencia de prensa matutina, \u201cConferencia del Pueblo\u201d, en el Sal\u00f3n Tesorer\u00eda de Palacio Nacional. La acompa\u00f1an Jes\u00fas Antonio Esteva Medina, secretario de Infraestructura, Comunicaciones y Transportes; Jos\u00e9 Antonio Pe\u00f1a Merino, secretario de la Agencia de Transformaci\u00f3n Digital y Telecomunicaciones y Miguel \u00c1ngel Elorza V\u00e1squez, coordinador de Infodemia. Foto: Presidencia"},{"@type":"BreadcrumbList","@id":"https:\/\/www.nexoinformativo.mx\/index.php\/2025\/06\/26\/rumbo-a-la-transformacion-gobierno-de-mexico-impulsa-52-mil-empleos-con-obras-carreteras-clave\/#breadcrumb","itemListElement":[{"@type":"ListItem","position":1,"name":"Inicio","item":"https:\/\/www.nexoinformativo.mx\/"},{"@type":"ListItem","position":2,"name":"Rumbo a la transformaci\u00f3n Gobierno de M\u00e9xico impulsa 52 mil empleos con obras carreteras clave"}]},{"@type":"WebSite","@id":"https:\/\/www.nexoinformativo.mx\/#website","url":"https:\/\/www.nexoinformativo.mx\/","name":"Nexo Informativo Santiago de Quer\u00e9taro","description":"Explora NexoInformativo y convi\u00e9rtete en parte de una comunidad que valora el conocimiento y la verdad. Tu nexoinformativo es tu puente hacia una comprensi\u00f3n m\u00e1s profunda del mundo que te rodea.","publisher":{"@id":"https:\/\/www.nexoinformativo.mx\/#organization"},"potentialAction":[{"@type":"SearchAction","target":{"@type":"EntryPoint","urlTemplate":"https:\/\/www.nexoinformativo.mx\/?s={search_term_string}"},"query-input":{"@type":"PropertyValueSpecification","valueRequired":true,"valueName":"search_term_string"}}],"inLanguage":"es"},{"@type":"Organization","@id":"https:\/\/www.nexoinformativo.mx\/#organization","name":"Nexo Informativo Santiago de Quer\u00e9taro","url":"https:\/\/www.nexoinformativo.mx\/","logo":{"@type":"ImageObject","inLanguage":"es","@id":"https:\/\/www.nexoinformativo.mx\/#\/schema\/logo\/image\/","url":"https:\/\/www.nexoinformativo.mx\/wp-content\/uploads\/2024\/07\/nexoi-trasparente-2.png","contentUrl":"https:\/\/www.nexoinformativo.mx\/wp-content\/uploads\/2024\/07\/nexoi-trasparente-2.png","width":816,"height":339,"caption":"Nexo Informativo Santiago de Quer\u00e9taro"},"image":{"@id":"https:\/\/www.nexoinformativo.mx\/#\/schema\/logo\/image\/"},"sameAs":["https:\/\/www.facebook.com\/people\/Nexo-Informativo\/61564066885511\/"]},{"@type":"Person","@id":"https:\/\/www.nexoinformativo.mx\/#\/schema\/person\/7749d380ba08c8ca00d7bc76fd907b7d","name":"Nexo Informativo","image":{"@type":"ImageObject","inLanguage":"es","@id":"https:\/\/www.nexoinformativo.mx\/#\/schema\/person\/image\/","url":"https:\/\/secure.gravatar.com\/avatar\/dde2928154642a13d95f87ddf1ea9718fe2b46760a005c53e41ff5ad610704e6?s=96&d=mm&r=g","contentUrl":"https:\/\/secure.gravatar.com\/avatar\/dde2928154642a13d95f87ddf1ea9718fe2b46760a005c53e41ff5ad610704e6?s=96&d=mm&r=g","caption":"Nexo Informativo"},"url":"https:\/\/www.nexoinformativo.mx\/index.php\/author\/edicion\/"}]}},"_links":{"self":[{"href":"https:\/\/www.nexoinformativo.mx\/index.php\/wp-json\/wp\/v2\/posts\/16153","targetHints":{"allow":["GET"]}}],"collection":[{"href":"https:\/\/www.nexoinformativo.mx\/index.php\/wp-json\/wp\/v2\/posts"}],"about":[{"href":"https:\/\/www.nexoinformativo.mx\/index.php\/wp-json\/wp\/v2\/types\/post"}],"author":[{"embeddable":true,"href":"https:\/\/www.nexoinformativo.mx\/index.php\/wp-json\/wp\/v2\/users\/3"}],"replies":[{"embeddable":true,"href":"https:\/\/www.nexoinformativo.mx\/index.php\/wp-json\/wp\/v2\/comments?post=16153"}],"version-history":[{"count":3,"href":"https:\/\/www.nexoinformativo.mx\/index.php\/wp-json\/wp\/v2\/posts\/16153\/revisions"}],"predecessor-version":[{"id":16157,"href":"https:\/\/www.nexoinformativo.mx\/index.php\/wp-json\/wp\/v2\/posts\/16153\/revisions\/16157"}],"wp:featuredmedia":[{"embeddable":true,"href":"https:\/\/www.nexoinformativo.mx\/index.php\/wp-json\/wp\/v2\/media\/16154"}],"wp:attachment":[{"href":"https:\/\/www.nexoinformativo.mx\/index.php\/wp-json\/wp\/v2\/media?parent=16153"}],"wp:term":[{"taxonomy":"category","embeddable":true,"href":"https:\/\/www.nexoinformativo.mx\/index.php\/wp-json\/wp\/v2\/categories?post=16153"},{"taxonomy":"post_tag","embeddable":true,"href":"https:\/\/www.nexoinformativo.mx\/index.php\/wp-json\/wp\/v2\/tags?post=16153"}],"curies":[{"name":"wp","href":"https:\/\/api.w.org\/{rel}","templated":true}]}}